{"id":97003,"date":"2023-10-26T13:19:02","date_gmt":"2023-10-26T16:19:02","guid":{"rendered":"https:\/\/regiaonews.net.br\/2022\/?p=97003"},"modified":"2023-10-26T13:19:02","modified_gmt":"2023-10-26T16:19:02","slug":"north-shopping-barretos-divulga-programacao-artistica-cultural-para-a-chegada-do-papai-noel","status":"publish","type":"post","link":"https:\/\/regiaonews.net.br\/2022\/2023\/10\/26\/north-shopping-barretos-divulga-programacao-artistica-cultural-para-a-chegada-do-papai-noel\/","title":{"rendered":"North Shopping Barretos divulga programa\u00e7\u00e3o art\u00edstica &#038; cultural para a chegada do Papai Noel"},"content":{"rendered":"<h3 style=\"text-align: center;\">Shows, distribui\u00e7\u00e3o de doces, inaugura\u00e7\u00e3o da decora\u00e7\u00e3o e recep\u00e7\u00e3o ao Bom Velhinho marcam o in\u00edcio do Natal em nossa cidade.<\/h3>\n<p>No dia 3 de novembro, sexta-feira, o Papai Noel chega ao North Shopping Barretos em grande estilo, trazendo uma programa\u00e7\u00e3o art\u00edstica &amp; cultural para toda a fam\u00edlia. A &#8216;Comitiva do Noel\u2019 j\u00e1 anuncia a \u00e9poca mais gostosa do ano pelas ruas da cidade, saudando a popula\u00e7\u00e3o barretense, a partir das 17h30.<br \/>\nInternamente, nos corredores do shopping, a partir das 15h, acontece distribui\u00e7\u00e3o de doces e pipoca, apresenta\u00e7\u00e3o da &#8216;Banda Marcial Quebra Nozes&#8217; da &#8216;Brav\u00edssimo Cultura &amp; Eventos&#8217;, personagens natalinos da AF Produ\u00e7\u00f5es interagindo com o p\u00fablico e a inaugura\u00e7\u00e3o oficial da decora\u00e7\u00e3o de Natal 2023 \u201cRecanto do Noel\u201d.<br \/>\nA entrada do Papai Noel no centro de compras ser\u00e1 o ponto alto do dia, prevista para \u00e0s 19h. O bom velhinho ser\u00e1 recepcionado pelas crian\u00e7as que tomar\u00e1 o seu lugar no tradicional trono, que ficar\u00e1 \u00e0 disposi\u00e7\u00e3o das fam\u00edlias para fotos, conversas e os pedidos de Natal, at\u00e9 o pr\u00f3ximo dia 24 de dezembro.<br \/>\n\u201cNosso objetivo neste ano \u00e9 fazer com que a popula\u00e7\u00e3o de Barretos e regi\u00e3o se orgulhe do shopping que tem, com uma decora\u00e7\u00e3o de Natal que remete \u00e0 toda a magia dessa \u00e9poca do ano, al\u00e9m dos shows natalinos exclusivos que preparamos e o encontro das crian\u00e7as com o Papai Noel, para sess\u00e3o de fotos, ganhar doces de amendoim com cacau, os famosos &#8216;Dadinhos&#8217; e os tradicionais pedidos de presentes de final de ano&#8221;, explicou a gerente de marketing, Melina Tamy.<\/p>\n<p>A programa\u00e7\u00e3o art\u00edstica &amp; cultural no dia 03 de novembro ter\u00e1:<\/p>\n<p>o Das 15h \u00e0s 18h<\/p>\n<p>Distribui\u00e7\u00e3o de pipoca e guloseimas<\/p>\n<p>Local: Corredores<\/p>\n<p>o 17h30<\/p>\n<p>Desfile da Comitiva do Noel, com sauda\u00e7\u00e3o \u00e0 popula\u00e7\u00e3o barretense<\/p>\n<p>Local: Ruas e avenidas da cidade<\/p>\n<p>o 18h<\/p>\n<p>Apresenta\u00e7\u00e3o da Banda Marcial Quebra Nozes e personagens natalinos<\/p>\n<p>Local: Corredores<\/p>\n<p>o 18h30<\/p>\n<p>Inaugura\u00e7\u00e3o da decora\u00e7\u00e3o natalina 2023 com o tema: &#8220;Recanto do Noel&#8221;<\/p>\n<p>Local: Pra\u00e7a de eventos<\/p>\n<p>o 19h<\/p>\n<p>Recep\u00e7\u00e3o ao Papai Noel com cortejo natalino at\u00e9 o trono<\/p>\n<p>Local: Entrada pelo Acesso A<\/p>\n<p>o Das 19h \u00e0s 21h<\/p>\n<p>Atendimento \u00e0s crian\u00e7as pelo Papai Noel<\/p>\n<p>Local: Trono montado defronte ao Clube Melissa<\/p>\n<p>o Das 19h30 \u00e0s 20h<\/p>\n<p>Sess\u00e3o de fotos com personagens natalinos<\/p>\n<p>Local: Palco Pra\u00e7a de Alimenta\u00e7\u00e3o<\/p>\n<p>o Das 20h \u00e0s 22h<\/p>\n<p>Apresenta\u00e7\u00e3o musical \u201cChristmas Pocket Show<\/p>\n<p>&#8216;Brav\u00edssimo Cultura &amp; Eventos<\/p>\n<p>Local: Palco Pra\u00e7a de Alimenta\u00e7\u00e3o<\/p>\n<p>Foto:\u00a0Divulga\u00e7\u00e3o<\/p>\n","protected":false},"excerpt":{"rendered":"<p>Shows, distribui\u00e7\u00e3o de doces, inaugura\u00e7\u00e3o da decora\u00e7\u00e3o e recep\u00e7\u00e3o ao<\/p>\n","protected":false},"author":2,"featured_media":97004,"comment_status":"open","ping_status":"open","sticky":false,"template":"","format":"standard","meta":{"footnotes":""},"categories":[14,3],"tags":[],"class_list":["post-97003","post","type-post","status-publish","format-standard","has-post-thumbnail","hentry","category-barretos","category-geral"],"yoast_head":"<!-- This site is optimized with the Yoast SEO plugin v27.4 - https:\/\/yoast.com\/product\/yoast-seo-wordpress\/ -->\n<title>North Shopping Barretos divulga programa\u00e7\u00e3o art\u00edstica &amp; cultural para a chegada do Papai Noel - Regi\u00e3o News<\/title>\n<meta name=\"robots\" content=\"index, follow, max-snippet:-1, max-image-preview:large, max-video-preview:-1\" \/>\n<link rel=\"canonical\" href=\"https:\/\/regiaonews.net.br\/2022\/2023\/10\/26\/north-shopping-barretos-divulga-programacao-artistica-cultural-para-a-chegada-do-papai-noel\/\" \/>\n<meta property=\"og:locale\" content=\"pt_BR\" \/>\n<meta property=\"og:type\" content=\"article\" \/>\n<meta property=\"og:title\" content=\"North Shopping Barretos divulga programa\u00e7\u00e3o art\u00edstica &amp; cultural para a chegada do Papai Noel - Regi\u00e3o News\" \/>\n<meta property=\"og:description\" content=\"Shows, distribui\u00e7\u00e3o de doces, inaugura\u00e7\u00e3o da decora\u00e7\u00e3o e recep\u00e7\u00e3o ao\" \/>\n<meta property=\"og:url\" content=\"https:\/\/regiaonews.net.br\/2022\/2023\/10\/26\/north-shopping-barretos-divulga-programacao-artistica-cultural-para-a-chegada-do-papai-noel\/\" \/>\n<meta property=\"og:site_name\" content=\"Regi\u00e3o News\" \/>\n<meta property=\"article:published_time\" content=\"2023-10-26T16:19:02+00:00\" \/>\n<meta property=\"og:image\" content=\"https:\/\/regiaonews.net.br\/2022\/wp-content\/uploads\/2023\/10\/Imagem-do-WhatsApp-de-2023-10-26-as-10.41.00_ca7a3ce0.jpg\" \/>\n\t<meta property=\"og:image:width\" content=\"1600\" \/>\n\t<meta property=\"og:image:height\" content=\"1600\" \/>\n\t<meta property=\"og:image:type\" content=\"image\/jpeg\" \/>\n<meta name=\"author\" content=\"Roberto\" \/>\n<meta name=\"twitter:card\" content=\"summary_large_image\" \/>\n<meta name=\"twitter:label1\" content=\"Escrito por\" \/>\n\t<meta name=\"twitter:data1\" content=\"Roberto\" \/>\n\t<meta name=\"twitter:label2\" content=\"Est. tempo de leitura\" \/>\n\t<meta name=\"twitter:data2\" content=\"3 minutos\" \/>\n<script type=\"application\/ld+json\" class=\"yoast-schema-graph\">{\"@context\":\"https:\\\/\\\/schema.org\",\"@graph\":[{\"@type\":\"Article\",\"@id\":\"https:\\\/\\\/regiaonews.net.br\\\/2022\\\/2023\\\/10\\\/26\\\/north-shopping-barretos-divulga-programacao-artistica-cultural-para-a-chegada-do-papai-noel\\\/#article\",\"isPartOf\":{\"@id\":\"https:\\\/\\\/regiaonews.net.br\\\/2022\\\/2023\\\/10\\\/26\\\/north-shopping-barretos-divulga-programacao-artistica-cultural-para-a-chegada-do-papai-noel\\\/\"},\"author\":{\"name\":\"Roberto\",\"@id\":\"https:\\\/\\\/regiaonews.net.br\\\/2022\\\/#\\\/schema\\\/person\\\/2d205a608a5aa97ac279d7a5e6d89ad8\"},\"headline\":\"North Shopping Barretos divulga programa\u00e7\u00e3o art\u00edstica &#038; cultural para a chegada do Papai Noel\",\"datePublished\":\"2023-10-26T16:19:02+00:00\",\"mainEntityOfPage\":{\"@id\":\"https:\\\/\\\/regiaonews.net.br\\\/2022\\\/2023\\\/10\\\/26\\\/north-shopping-barretos-divulga-programacao-artistica-cultural-para-a-chegada-do-papai-noel\\\/\"},\"wordCount\":448,\"commentCount\":0,\"publisher\":{\"@id\":\"https:\\\/\\\/regiaonews.net.br\\\/2022\\\/#organization\"},\"image\":{\"@id\":\"https:\\\/\\\/regiaonews.net.br\\\/2022\\\/2023\\\/10\\\/26\\\/north-shopping-barretos-divulga-programacao-artistica-cultural-para-a-chegada-do-papai-noel\\\/#primaryimage\"},\"thumbnailUrl\":\"https:\\\/\\\/regiaonews.net.br\\\/2022\\\/wp-content\\\/uploads\\\/2023\\\/10\\\/Imagem-do-WhatsApp-de-2023-10-26-as-10.41.00_ca7a3ce0.jpg\",\"articleSection\":[\"Barretos\",\"Geral\"],\"inLanguage\":\"pt-BR\",\"potentialAction\":[{\"@type\":\"CommentAction\",\"name\":\"Comment\",\"target\":[\"https:\\\/\\\/regiaonews.net.br\\\/2022\\\/2023\\\/10\\\/26\\\/north-shopping-barretos-divulga-programacao-artistica-cultural-para-a-chegada-do-papai-noel\\\/#respond\"]}]},{\"@type\":\"WebPage\",\"@id\":\"https:\\\/\\\/regiaonews.net.br\\\/2022\\\/2023\\\/10\\\/26\\\/north-shopping-barretos-divulga-programacao-artistica-cultural-para-a-chegada-do-papai-noel\\\/\",\"url\":\"https:\\\/\\\/regiaonews.net.br\\\/2022\\\/2023\\\/10\\\/26\\\/north-shopping-barretos-divulga-programacao-artistica-cultural-para-a-chegada-do-papai-noel\\\/\",\"name\":\"North Shopping Barretos divulga programa\u00e7\u00e3o art\u00edstica & cultural para a chegada do Papai Noel - Regi\u00e3o News\",\"isPartOf\":{\"@id\":\"https:\\\/\\\/regiaonews.net.br\\\/2022\\\/#website\"},\"primaryImageOfPage\":{\"@id\":\"https:\\\/\\\/regiaonews.net.br\\\/2022\\\/2023\\\/10\\\/26\\\/north-shopping-barretos-divulga-programacao-artistica-cultural-para-a-chegada-do-papai-noel\\\/#primaryimage\"},\"image\":{\"@id\":\"https:\\\/\\\/regiaonews.net.br\\\/2022\\\/2023\\\/10\\\/26\\\/north-shopping-barretos-divulga-programacao-artistica-cultural-para-a-chegada-do-papai-noel\\\/#primaryimage\"},\"thumbnailUrl\":\"https:\\\/\\\/regiaonews.net.br\\\/2022\\\/wp-content\\\/uploads\\\/2023\\\/10\\\/Imagem-do-WhatsApp-de-2023-10-26-as-10.41.00_ca7a3ce0.jpg\",\"datePublished\":\"2023-10-26T16:19:02+00:00\",\"breadcrumb\":{\"@id\":\"https:\\\/\\\/regiaonews.net.br\\\/2022\\\/2023\\\/10\\\/26\\\/north-shopping-barretos-divulga-programacao-artistica-cultural-para-a-chegada-do-papai-noel\\\/#breadcrumb\"},\"inLanguage\":\"pt-BR\",\"potentialAction\":[{\"@type\":\"ReadAction\",\"target\":[\"https:\\\/\\\/regiaonews.net.br\\\/2022\\\/2023\\\/10\\\/26\\\/north-shopping-barretos-divulga-programacao-artistica-cultural-para-a-chegada-do-papai-noel\\\/\"]}]},{\"@type\":\"ImageObject\",\"inLanguage\":\"pt-BR\",\"@id\":\"https:\\\/\\\/regiaonews.net.br\\\/2022\\\/2023\\\/10\\\/26\\\/north-shopping-barretos-divulga-programacao-artistica-cultural-para-a-chegada-do-papai-noel\\\/#primaryimage\",\"url\":\"https:\\\/\\\/regiaonews.net.br\\\/2022\\\/wp-content\\\/uploads\\\/2023\\\/10\\\/Imagem-do-WhatsApp-de-2023-10-26-as-10.41.00_ca7a3ce0.jpg\",\"contentUrl\":\"https:\\\/\\\/regiaonews.net.br\\\/2022\\\/wp-content\\\/uploads\\\/2023\\\/10\\\/Imagem-do-WhatsApp-de-2023-10-26-as-10.41.00_ca7a3ce0.jpg\",\"width\":1600,\"height\":1600},{\"@type\":\"BreadcrumbList\",\"@id\":\"https:\\\/\\\/regiaonews.net.br\\\/2022\\\/2023\\\/10\\\/26\\\/north-shopping-barretos-divulga-programacao-artistica-cultural-para-a-chegada-do-papai-noel\\\/#breadcrumb\",\"itemListElement\":[{\"@type\":\"ListItem\",\"position\":1,\"name\":\"In\u00edcio\",\"item\":\"https:\\\/\\\/regiaonews.net.br\\\/2022\\\/\"},{\"@type\":\"ListItem\",\"position\":2,\"name\":\"North Shopping Barretos divulga programa\u00e7\u00e3o art\u00edstica &#038; cultural para a chegada do Papai Noel\"}]},{\"@type\":\"WebSite\",\"@id\":\"https:\\\/\\\/regiaonews.net.br\\\/2022\\\/#website\",\"url\":\"https:\\\/\\\/regiaonews.net.br\\\/2022\\\/\",\"name\":\"Regi\u00e3o News\",\"description\":\"Site de Not\u00edcias de Barretos e regi\u00e3o\",\"publisher\":{\"@id\":\"https:\\\/\\\/regiaonews.net.br\\\/2022\\\/#organization\"},\"potentialAction\":[{\"@type\":\"SearchAction\",\"target\":{\"@type\":\"EntryPoint\",\"urlTemplate\":\"https:\\\/\\\/regiaonews.net.br\\\/2022\\\/?s={search_term_string}\"},\"query-input\":{\"@type\":\"PropertyValueSpecification\",\"valueRequired\":true,\"valueName\":\"search_term_string\"}}],\"inLanguage\":\"pt-BR\"},{\"@type\":\"Organization\",\"@id\":\"https:\\\/\\\/regiaonews.net.br\\\/2022\\\/#organization\",\"name\":\"Regi\u00e3o News\",\"url\":\"https:\\\/\\\/regiaonews.net.br\\\/2022\\\/\",\"logo\":{\"@type\":\"ImageObject\",\"inLanguage\":\"pt-BR\",\"@id\":\"https:\\\/\\\/regiaonews.net.br\\\/2022\\\/#\\\/schema\\\/logo\\\/image\\\/\",\"url\":\"https:\\\/\\\/regiaonews.net.br\\\/2022\\\/wp-content\\\/uploads\\\/2026\\\/03\\\/regiao-13-anos-scaled.jpg\",\"contentUrl\":\"https:\\\/\\\/regiaonews.net.br\\\/2022\\\/wp-content\\\/uploads\\\/2026\\\/03\\\/regiao-13-anos-scaled.jpg\",\"width\":2560,\"height\":635,\"caption\":\"Regi\u00e3o News\"},\"image\":{\"@id\":\"https:\\\/\\\/regiaonews.net.br\\\/2022\\\/#\\\/schema\\\/logo\\\/image\\\/\"}},{\"@type\":\"Person\",\"@id\":\"https:\\\/\\\/regiaonews.net.br\\\/2022\\\/#\\\/schema\\\/person\\\/2d205a608a5aa97ac279d7a5e6d89ad8\",\"name\":\"Roberto\",\"image\":{\"@type\":\"ImageObject\",\"inLanguage\":\"pt-BR\",\"@id\":\"https:\\\/\\\/secure.gravatar.com\\\/avatar\\\/42749d8b712ff9d59ca93dc150494e5b55a44134482993f5baeb97e61b7ecc89?s=96&d=mm&r=g\",\"url\":\"https:\\\/\\\/secure.gravatar.com\\\/avatar\\\/42749d8b712ff9d59ca93dc150494e5b55a44134482993f5baeb97e61b7ecc89?s=96&d=mm&r=g\",\"contentUrl\":\"https:\\\/\\\/secure.gravatar.com\\\/avatar\\\/42749d8b712ff9d59ca93dc150494e5b55a44134482993f5baeb97e61b7ecc89?s=96&d=mm&r=g\",\"caption\":\"Roberto\"},\"url\":\"https:\\\/\\\/regiaonews.net.br\\\/2022\\\/author\\\/roberto\\\/\"}]}<\/script>\n<!-- \/ Yoast SEO plugin. -->","yoast_head_json":{"title":"North Shopping Barretos divulga programa\u00e7\u00e3o art\u00edstica & cultural para a chegada do Papai Noel - Regi\u00e3o News","robots":{"index":"index","follow":"follow","max-snippet":"max-snippet:-1","max-image-preview":"max-image-preview:large","max-video-preview":"max-video-preview:-1"},"canonical":"https:\/\/regiaonews.net.br\/2022\/2023\/10\/26\/north-shopping-barretos-divulga-programacao-artistica-cultural-para-a-chegada-do-papai-noel\/","og_locale":"pt_BR","og_type":"article","og_title":"North Shopping Barretos divulga programa\u00e7\u00e3o art\u00edstica & cultural para a chegada do Papai Noel - Regi\u00e3o News","og_description":"Shows, distribui\u00e7\u00e3o de doces, inaugura\u00e7\u00e3o da decora\u00e7\u00e3o e recep\u00e7\u00e3o ao","og_url":"https:\/\/regiaonews.net.br\/2022\/2023\/10\/26\/north-shopping-barretos-divulga-programacao-artistica-cultural-para-a-chegada-do-papai-noel\/","og_site_name":"Regi\u00e3o News","article_published_time":"2023-10-26T16:19:02+00:00","og_image":[{"width":1600,"height":1600,"url":"https:\/\/regiaonews.net.br\/2022\/wp-content\/uploads\/2023\/10\/Imagem-do-WhatsApp-de-2023-10-26-as-10.41.00_ca7a3ce0.jpg","type":"image\/jpeg"}],"author":"Roberto","twitter_card":"summary_large_image","twitter_misc":{"Escrito por":"Roberto","Est. tempo de leitura":"3 minutos"},"schema":{"@context":"https:\/\/schema.org","@graph":[{"@type":"Article","@id":"https:\/\/regiaonews.net.br\/2022\/2023\/10\/26\/north-shopping-barretos-divulga-programacao-artistica-cultural-para-a-chegada-do-papai-noel\/#article","isPartOf":{"@id":"https:\/\/regiaonews.net.br\/2022\/2023\/10\/26\/north-shopping-barretos-divulga-programacao-artistica-cultural-para-a-chegada-do-papai-noel\/"},"author":{"name":"Roberto","@id":"https:\/\/regiaonews.net.br\/2022\/#\/schema\/person\/2d205a608a5aa97ac279d7a5e6d89ad8"},"headline":"North Shopping Barretos divulga programa\u00e7\u00e3o art\u00edstica &#038; cultural para a chegada do Papai Noel","datePublished":"2023-10-26T16:19:02+00:00","mainEntityOfPage":{"@id":"https:\/\/regiaonews.net.br\/2022\/2023\/10\/26\/north-shopping-barretos-divulga-programacao-artistica-cultural-para-a-chegada-do-papai-noel\/"},"wordCount":448,"commentCount":0,"publisher":{"@id":"https:\/\/regiaonews.net.br\/2022\/#organization"},"image":{"@id":"https:\/\/regiaonews.net.br\/2022\/2023\/10\/26\/north-shopping-barretos-divulga-programacao-artistica-cultural-para-a-chegada-do-papai-noel\/#primaryimage"},"thumbnailUrl":"https:\/\/regiaonews.net.br\/2022\/wp-content\/uploads\/2023\/10\/Imagem-do-WhatsApp-de-2023-10-26-as-10.41.00_ca7a3ce0.jpg","articleSection":["Barretos","Geral"],"inLanguage":"pt-BR","potentialAction":[{"@type":"CommentAction","name":"Comment","target":["https:\/\/regiaonews.net.br\/2022\/2023\/10\/26\/north-shopping-barretos-divulga-programacao-artistica-cultural-para-a-chegada-do-papai-noel\/#respond"]}]},{"@type":"WebPage","@id":"https:\/\/regiaonews.net.br\/2022\/2023\/10\/26\/north-shopping-barretos-divulga-programacao-artistica-cultural-para-a-chegada-do-papai-noel\/","url":"https:\/\/regiaonews.net.br\/2022\/2023\/10\/26\/north-shopping-barretos-divulga-programacao-artistica-cultural-para-a-chegada-do-papai-noel\/","name":"North Shopping Barretos divulga programa\u00e7\u00e3o art\u00edstica & cultural para a chegada do Papai Noel - Regi\u00e3o News","isPartOf":{"@id":"https:\/\/regiaonews.net.br\/2022\/#website"},"primaryImageOfPage":{"@id":"https:\/\/regiaonews.net.br\/2022\/2023\/10\/26\/north-shopping-barretos-divulga-programacao-artistica-cultural-para-a-chegada-do-papai-noel\/#primaryimage"},"image":{"@id":"https:\/\/regiaonews.net.br\/2022\/2023\/10\/26\/north-shopping-barretos-divulga-programacao-artistica-cultural-para-a-chegada-do-papai-noel\/#primaryimage"},"thumbnailUrl":"https:\/\/regiaonews.net.br\/2022\/wp-content\/uploads\/2023\/10\/Imagem-do-WhatsApp-de-2023-10-26-as-10.41.00_ca7a3ce0.jpg","datePublished":"2023-10-26T16:19:02+00:00","breadcrumb":{"@id":"https:\/\/regiaonews.net.br\/2022\/2023\/10\/26\/north-shopping-barretos-divulga-programacao-artistica-cultural-para-a-chegada-do-papai-noel\/#breadcrumb"},"inLanguage":"pt-BR","potentialAction":[{"@type":"ReadAction","target":["https:\/\/regiaonews.net.br\/2022\/2023\/10\/26\/north-shopping-barretos-divulga-programacao-artistica-cultural-para-a-chegada-do-papai-noel\/"]}]},{"@type":"ImageObject","inLanguage":"pt-BR","@id":"https:\/\/regiaonews.net.br\/2022\/2023\/10\/26\/north-shopping-barretos-divulga-programacao-artistica-cultural-para-a-chegada-do-papai-noel\/#primaryimage","url":"https:\/\/regiaonews.net.br\/2022\/wp-content\/uploads\/2023\/10\/Imagem-do-WhatsApp-de-2023-10-26-as-10.41.00_ca7a3ce0.jpg","contentUrl":"https:\/\/regiaonews.net.br\/2022\/wp-content\/uploads\/2023\/10\/Imagem-do-WhatsApp-de-2023-10-26-as-10.41.00_ca7a3ce0.jpg","width":1600,"height":1600},{"@type":"BreadcrumbList","@id":"https:\/\/regiaonews.net.br\/2022\/2023\/10\/26\/north-shopping-barretos-divulga-programacao-artistica-cultural-para-a-chegada-do-papai-noel\/#breadcrumb","itemListElement":[{"@type":"ListItem","position":1,"name":"In\u00edcio","item":"https:\/\/regiaonews.net.br\/2022\/"},{"@type":"ListItem","position":2,"name":"North Shopping Barretos divulga programa\u00e7\u00e3o art\u00edstica &#038; cultural para a chegada do Papai Noel"}]},{"@type":"WebSite","@id":"https:\/\/regiaonews.net.br\/2022\/#website","url":"https:\/\/regiaonews.net.br\/2022\/","name":"Regi\u00e3o News","description":"Site de Not\u00edcias de Barretos e regi\u00e3o","publisher":{"@id":"https:\/\/regiaonews.net.br\/2022\/#organization"},"potentialAction":[{"@type":"SearchAction","target":{"@type":"EntryPoint","urlTemplate":"https:\/\/regiaonews.net.br\/2022\/?s={search_term_string}"},"query-input":{"@type":"PropertyValueSpecification","valueRequired":true,"valueName":"search_term_string"}}],"inLanguage":"pt-BR"},{"@type":"Organization","@id":"https:\/\/regiaonews.net.br\/2022\/#organization","name":"Regi\u00e3o News","url":"https:\/\/regiaonews.net.br\/2022\/","logo":{"@type":"ImageObject","inLanguage":"pt-BR","@id":"https:\/\/regiaonews.net.br\/2022\/#\/schema\/logo\/image\/","url":"https:\/\/regiaonews.net.br\/2022\/wp-content\/uploads\/2026\/03\/regiao-13-anos-scaled.jpg","contentUrl":"https:\/\/regiaonews.net.br\/2022\/wp-content\/uploads\/2026\/03\/regiao-13-anos-scaled.jpg","width":2560,"height":635,"caption":"Regi\u00e3o News"},"image":{"@id":"https:\/\/regiaonews.net.br\/2022\/#\/schema\/logo\/image\/"}},{"@type":"Person","@id":"https:\/\/regiaonews.net.br\/2022\/#\/schema\/person\/2d205a608a5aa97ac279d7a5e6d89ad8","name":"Roberto","image":{"@type":"ImageObject","inLanguage":"pt-BR","@id":"https:\/\/secure.gravatar.com\/avatar\/42749d8b712ff9d59ca93dc150494e5b55a44134482993f5baeb97e61b7ecc89?s=96&d=mm&r=g","url":"https:\/\/secure.gravatar.com\/avatar\/42749d8b712ff9d59ca93dc150494e5b55a44134482993f5baeb97e61b7ecc89?s=96&d=mm&r=g","contentUrl":"https:\/\/secure.gravatar.com\/avatar\/42749d8b712ff9d59ca93dc150494e5b55a44134482993f5baeb97e61b7ecc89?s=96&d=mm&r=g","caption":"Roberto"},"url":"https:\/\/regiaonews.net.br\/2022\/author\/roberto\/"}]}},"publishpress_future_action":{"enabled":false,"date":"2026-05-04 14:37:44","action":"change-status","newStatus":"draft","terms":[],"taxonomy":"category","extraData":[]},"publishpress_future_workflow_manual_trigger":{"enabledWorkflows":[]},"_links":{"self":[{"href":"https:\/\/regiaonews.net.br\/2022\/wp-json\/wp\/v2\/posts\/97003","targetHints":{"allow":["GET"]}}],"collection":[{"href":"https:\/\/regiaonews.net.br\/2022\/wp-json\/wp\/v2\/posts"}],"about":[{"href":"https:\/\/regiaonews.net.br\/2022\/wp-json\/wp\/v2\/types\/post"}],"author":[{"embeddable":true,"href":"https:\/\/regiaonews.net.br\/2022\/wp-json\/wp\/v2\/users\/2"}],"replies":[{"embeddable":true,"href":"https:\/\/regiaonews.net.br\/2022\/wp-json\/wp\/v2\/comments?post=97003"}],"version-history":[{"count":1,"href":"https:\/\/regiaonews.net.br\/2022\/wp-json\/wp\/v2\/posts\/97003\/revisions"}],"predecessor-version":[{"id":97005,"href":"https:\/\/regiaonews.net.br\/2022\/wp-json\/wp\/v2\/posts\/97003\/revisions\/97005"}],"wp:featuredmedia":[{"embeddable":true,"href":"https:\/\/regiaonews.net.br\/2022\/wp-json\/wp\/v2\/media\/97004"}],"wp:attachment":[{"href":"https:\/\/regiaonews.net.br\/2022\/wp-json\/wp\/v2\/media?parent=97003"}],"wp:term":[{"taxonomy":"category","embeddable":true,"href":"https:\/\/regiaonews.net.br\/2022\/wp-json\/wp\/v2\/categories?post=97003"},{"taxonomy":"post_tag","embeddable":true,"href":"https:\/\/regiaonews.net.br\/2022\/wp-json\/wp\/v2\/tags?post=97003"}],"curies":[{"name":"wp","href":"https:\/\/api.w.org\/{rel}","templated":true}]}}