{"id":96960,"date":"2023-10-25T13:35:36","date_gmt":"2023-10-25T16:35:36","guid":{"rendered":"https:\/\/regiaonews.net.br\/2022\/?p=96960"},"modified":"2023-10-25T13:35:36","modified_gmt":"2023-10-25T16:35:36","slug":"zoo-de-guaira-recebe-mais-uma-novidade-para-seu-plantel-a-anta-caju","status":"publish","type":"post","link":"https:\/\/regiaonews.net.br\/2022\/2023\/10\/25\/zoo-de-guaira-recebe-mais-uma-novidade-para-seu-plantel-a-anta-caju\/","title":{"rendered":"Zoo de Gua\u00edra recebe mais uma novidade para seu plantel: a anta \u201cCaju\u201d"},"content":{"rendered":"<p>O Zool\u00f3gico Joaquim Garcia Franco recebeu hoje, ter\u00e7a-feira, dia 24, um novo morador muito especial: a anta \u201cCaju\u201d. Com tr\u00eas anos de idade, Caju nasceu em cativeiro no Zool\u00f3gico de S\u00e3o Jos\u00e9 do Rio Preto e agora se juntou ao Zool\u00f3gico de Gua\u00edra para contribuir com os esfor\u00e7os de preserva\u00e7\u00e3o dessa esp\u00e9cie amea\u00e7ada de extin\u00e7\u00e3o.<br \/>\nA Anta \u00e9 o maior mam\u00edfero terrestre da Am\u00e9rica do Sul. Elas podem chegar a pesar at\u00e9 300kg e possuem h\u00e1bitos solit\u00e1rios e noturnos. S\u00e3o herb\u00edvoras, alimentando-se principalmente de folhas e frutas, por isso s\u00e3o consideradas as &#8220;jardineiras da floresta&#8221;.<br \/>\nInfelizmente, apesar de sua import\u00e2ncia ecol\u00f3gica, as antas enfrentam diversas amea\u00e7as que as colocam em risco de extin\u00e7\u00e3o. A ca\u00e7a, o desmatamento, a fragmenta\u00e7\u00e3o e a altera\u00e7\u00e3o de habitat s\u00e3o os principais desafios enfrentados por esses animais.<br \/>\nA Prefeitura de Gua\u00edra est\u00e1 empenhada em transformar o Zool\u00f3gico local em um Bioparque, um espa\u00e7o que visa a conserva\u00e7\u00e3o da biodiversidade e a educa\u00e7\u00e3o ambiental. Com um investimento de R$ 102 mil, o recinto destinado \u00e0 Anta Caju foi constru\u00eddo e tem como objetivo n\u00e3o apenas oferecer uma \u00e1rea adequada para a sua habita\u00e7\u00e3o, mas tamb\u00e9m promover a reprodu\u00e7\u00e3o da esp\u00e9cie.<br \/>\nAl\u00e9m disso, a inten\u00e7\u00e3o \u00e9 que o recinto abrigue outras antas e capivaras, ampliando o papel do zool\u00f3gico como centro de preserva\u00e7\u00e3o e reprodu\u00e7\u00e3o. O zoo local espera fazer parceria com outros centros de prote\u00e7\u00e3o ambiental maiores para proporcionar \u00e0 prole resultante participar de projetos de reintegra\u00e7\u00e3o \u00e0 natureza.<br \/>\nAl\u00e9m da chegada da anta, o Zool\u00f3gico est\u00e1 construindo um recinto inovador, que ser\u00e1 o maior de imers\u00e3o de aves no estado de S\u00e3o Paulo. Nessa modalidade, as pessoas poder\u00e3o entrar no grande viveiro e ter uma experi\u00eancia mais pr\u00f3xima do ambiente natural das aves, promovendo uma maior conscientiza\u00e7\u00e3o e apre\u00e7o pela fauna e flora que nos cercam.<br \/>\n\u201c\u00c9 fundamental que continuemos apoiando iniciativas como essa, que visam a prote\u00e7\u00e3o da fauna e flora, contribuindo para a manuten\u00e7\u00e3o da biodiversidade e a preserva\u00e7\u00e3o do nosso meio ambiente. Somente assim poderemos garantir um futuro sustent\u00e1vel para as gera\u00e7\u00f5es presentes e futuras\u201d, endossou o Prefeito Jun\u00e3o.<\/p>\n<p>Prefeitura de Gua\u00edra.<\/p>\n","protected":false},"excerpt":{"rendered":"<p>O Zool\u00f3gico Joaquim Garcia Franco recebeu hoje, ter\u00e7a-feira, dia 24,<\/p>\n","protected":false},"author":2,"featured_media":96961,"comment_status":"open","ping_status":"open","sticky":false,"template":"","format":"standard","meta":{"footnotes":""},"categories":[3,8],"tags":[],"class_list":["post-96960","post","type-post","status-publish","format-standard","has-post-thumbnail","hentry","category-geral","category-guaira"],"yoast_head":"<!-- This site is optimized with the Yoast SEO plugin v27.4 - https:\/\/yoast.com\/product\/yoast-seo-wordpress\/ -->\n<title>Zoo de Gua\u00edra recebe mais uma novidade para seu plantel: a anta \u201cCaju\u201d - Regi\u00e3o News<\/title>\n<meta name=\"robots\" content=\"index, follow, max-snippet:-1, max-image-preview:large, max-video-preview:-1\" \/>\n<link rel=\"canonical\" href=\"https:\/\/regiaonews.net.br\/2022\/2023\/10\/25\/zoo-de-guaira-recebe-mais-uma-novidade-para-seu-plantel-a-anta-caju\/\" \/>\n<meta property=\"og:locale\" content=\"pt_BR\" \/>\n<meta property=\"og:type\" content=\"article\" \/>\n<meta property=\"og:title\" content=\"Zoo de Gua\u00edra recebe mais uma novidade para seu plantel: a anta \u201cCaju\u201d - Regi\u00e3o News\" \/>\n<meta property=\"og:description\" content=\"O Zool\u00f3gico Joaquim Garcia Franco recebeu hoje, ter\u00e7a-feira, dia 24,\" \/>\n<meta property=\"og:url\" content=\"https:\/\/regiaonews.net.br\/2022\/2023\/10\/25\/zoo-de-guaira-recebe-mais-uma-novidade-para-seu-plantel-a-anta-caju\/\" \/>\n<meta property=\"og:site_name\" content=\"Regi\u00e3o News\" \/>\n<meta property=\"article:published_time\" content=\"2023-10-25T16:35:36+00:00\" \/>\n<meta property=\"og:image\" content=\"https:\/\/regiaonews.net.br\/2022\/wp-content\/uploads\/2023\/10\/aaaaa.png\" \/>\n\t<meta property=\"og:image:width\" content=\"507\" \/>\n\t<meta property=\"og:image:height\" content=\"421\" \/>\n\t<meta property=\"og:image:type\" content=\"image\/png\" \/>\n<meta name=\"author\" content=\"Roberto\" \/>\n<meta name=\"twitter:card\" content=\"summary_large_image\" \/>\n<meta name=\"twitter:label1\" content=\"Escrito por\" \/>\n\t<meta name=\"twitter:data1\" content=\"Roberto\" \/>\n\t<meta name=\"twitter:label2\" content=\"Est. tempo de leitura\" \/>\n\t<meta name=\"twitter:data2\" content=\"2 minutos\" \/>\n<script type=\"application\/ld+json\" class=\"yoast-schema-graph\">{\"@context\":\"https:\\\/\\\/schema.org\",\"@graph\":[{\"@type\":\"Article\",\"@id\":\"https:\\\/\\\/regiaonews.net.br\\\/2022\\\/2023\\\/10\\\/25\\\/zoo-de-guaira-recebe-mais-uma-novidade-para-seu-plantel-a-anta-caju\\\/#article\",\"isPartOf\":{\"@id\":\"https:\\\/\\\/regiaonews.net.br\\\/2022\\\/2023\\\/10\\\/25\\\/zoo-de-guaira-recebe-mais-uma-novidade-para-seu-plantel-a-anta-caju\\\/\"},\"author\":{\"name\":\"Roberto\",\"@id\":\"https:\\\/\\\/regiaonews.net.br\\\/2022\\\/#\\\/schema\\\/person\\\/2d205a608a5aa97ac279d7a5e6d89ad8\"},\"headline\":\"Zoo de Gua\u00edra recebe mais uma novidade para seu plantel: a anta \u201cCaju\u201d\",\"datePublished\":\"2023-10-25T16:35:36+00:00\",\"mainEntityOfPage\":{\"@id\":\"https:\\\/\\\/regiaonews.net.br\\\/2022\\\/2023\\\/10\\\/25\\\/zoo-de-guaira-recebe-mais-uma-novidade-para-seu-plantel-a-anta-caju\\\/\"},\"wordCount\":417,\"commentCount\":0,\"publisher\":{\"@id\":\"https:\\\/\\\/regiaonews.net.br\\\/2022\\\/#organization\"},\"image\":{\"@id\":\"https:\\\/\\\/regiaonews.net.br\\\/2022\\\/2023\\\/10\\\/25\\\/zoo-de-guaira-recebe-mais-uma-novidade-para-seu-plantel-a-anta-caju\\\/#primaryimage\"},\"thumbnailUrl\":\"https:\\\/\\\/regiaonews.net.br\\\/2022\\\/wp-content\\\/uploads\\\/2023\\\/10\\\/aaaaa.png\",\"articleSection\":[\"Geral\",\"Gua\u00edra\"],\"inLanguage\":\"pt-BR\",\"potentialAction\":[{\"@type\":\"CommentAction\",\"name\":\"Comment\",\"target\":[\"https:\\\/\\\/regiaonews.net.br\\\/2022\\\/2023\\\/10\\\/25\\\/zoo-de-guaira-recebe-mais-uma-novidade-para-seu-plantel-a-anta-caju\\\/#respond\"]}]},{\"@type\":\"WebPage\",\"@id\":\"https:\\\/\\\/regiaonews.net.br\\\/2022\\\/2023\\\/10\\\/25\\\/zoo-de-guaira-recebe-mais-uma-novidade-para-seu-plantel-a-anta-caju\\\/\",\"url\":\"https:\\\/\\\/regiaonews.net.br\\\/2022\\\/2023\\\/10\\\/25\\\/zoo-de-guaira-recebe-mais-uma-novidade-para-seu-plantel-a-anta-caju\\\/\",\"name\":\"Zoo de Gua\u00edra recebe mais uma novidade para seu plantel: a anta \u201cCaju\u201d - Regi\u00e3o News\",\"isPartOf\":{\"@id\":\"https:\\\/\\\/regiaonews.net.br\\\/2022\\\/#website\"},\"primaryImageOfPage\":{\"@id\":\"https:\\\/\\\/regiaonews.net.br\\\/2022\\\/2023\\\/10\\\/25\\\/zoo-de-guaira-recebe-mais-uma-novidade-para-seu-plantel-a-anta-caju\\\/#primaryimage\"},\"image\":{\"@id\":\"https:\\\/\\\/regiaonews.net.br\\\/2022\\\/2023\\\/10\\\/25\\\/zoo-de-guaira-recebe-mais-uma-novidade-para-seu-plantel-a-anta-caju\\\/#primaryimage\"},\"thumbnailUrl\":\"https:\\\/\\\/regiaonews.net.br\\\/2022\\\/wp-content\\\/uploads\\\/2023\\\/10\\\/aaaaa.png\",\"datePublished\":\"2023-10-25T16:35:36+00:00\",\"breadcrumb\":{\"@id\":\"https:\\\/\\\/regiaonews.net.br\\\/2022\\\/2023\\\/10\\\/25\\\/zoo-de-guaira-recebe-mais-uma-novidade-para-seu-plantel-a-anta-caju\\\/#breadcrumb\"},\"inLanguage\":\"pt-BR\",\"potentialAction\":[{\"@type\":\"ReadAction\",\"target\":[\"https:\\\/\\\/regiaonews.net.br\\\/2022\\\/2023\\\/10\\\/25\\\/zoo-de-guaira-recebe-mais-uma-novidade-para-seu-plantel-a-anta-caju\\\/\"]}]},{\"@type\":\"ImageObject\",\"inLanguage\":\"pt-BR\",\"@id\":\"https:\\\/\\\/regiaonews.net.br\\\/2022\\\/2023\\\/10\\\/25\\\/zoo-de-guaira-recebe-mais-uma-novidade-para-seu-plantel-a-anta-caju\\\/#primaryimage\",\"url\":\"https:\\\/\\\/regiaonews.net.br\\\/2022\\\/wp-content\\\/uploads\\\/2023\\\/10\\\/aaaaa.png\",\"contentUrl\":\"https:\\\/\\\/regiaonews.net.br\\\/2022\\\/wp-content\\\/uploads\\\/2023\\\/10\\\/aaaaa.png\",\"width\":507,\"height\":421},{\"@type\":\"BreadcrumbList\",\"@id\":\"https:\\\/\\\/regiaonews.net.br\\\/2022\\\/2023\\\/10\\\/25\\\/zoo-de-guaira-recebe-mais-uma-novidade-para-seu-plantel-a-anta-caju\\\/#breadcrumb\",\"itemListElement\":[{\"@type\":\"ListItem\",\"position\":1,\"name\":\"In\u00edcio\",\"item\":\"https:\\\/\\\/regiaonews.net.br\\\/2022\\\/\"},{\"@type\":\"ListItem\",\"position\":2,\"name\":\"Zoo de Gua\u00edra recebe mais uma novidade para seu plantel: a anta \u201cCaju\u201d\"}]},{\"@type\":\"WebSite\",\"@id\":\"https:\\\/\\\/regiaonews.net.br\\\/2022\\\/#website\",\"url\":\"https:\\\/\\\/regiaonews.net.br\\\/2022\\\/\",\"name\":\"Regi\u00e3o News\",\"description\":\"Site de Not\u00edcias de Barretos e regi\u00e3o\",\"publisher\":{\"@id\":\"https:\\\/\\\/regiaonews.net.br\\\/2022\\\/#organization\"},\"potentialAction\":[{\"@type\":\"SearchAction\",\"target\":{\"@type\":\"EntryPoint\",\"urlTemplate\":\"https:\\\/\\\/regiaonews.net.br\\\/2022\\\/?s={search_term_string}\"},\"query-input\":{\"@type\":\"PropertyValueSpecification\",\"valueRequired\":true,\"valueName\":\"search_term_string\"}}],\"inLanguage\":\"pt-BR\"},{\"@type\":\"Organization\",\"@id\":\"https:\\\/\\\/regiaonews.net.br\\\/2022\\\/#organization\",\"name\":\"Regi\u00e3o News\",\"url\":\"https:\\\/\\\/regiaonews.net.br\\\/2022\\\/\",\"logo\":{\"@type\":\"ImageObject\",\"inLanguage\":\"pt-BR\",\"@id\":\"https:\\\/\\\/regiaonews.net.br\\\/2022\\\/#\\\/schema\\\/logo\\\/image\\\/\",\"url\":\"https:\\\/\\\/regiaonews.net.br\\\/2022\\\/wp-content\\\/uploads\\\/2026\\\/03\\\/regiao-13-anos-scaled.jpg\",\"contentUrl\":\"https:\\\/\\\/regiaonews.net.br\\\/2022\\\/wp-content\\\/uploads\\\/2026\\\/03\\\/regiao-13-anos-scaled.jpg\",\"width\":2560,\"height\":635,\"caption\":\"Regi\u00e3o News\"},\"image\":{\"@id\":\"https:\\\/\\\/regiaonews.net.br\\\/2022\\\/#\\\/schema\\\/logo\\\/image\\\/\"}},{\"@type\":\"Person\",\"@id\":\"https:\\\/\\\/regiaonews.net.br\\\/2022\\\/#\\\/schema\\\/person\\\/2d205a608a5aa97ac279d7a5e6d89ad8\",\"name\":\"Roberto\",\"image\":{\"@type\":\"ImageObject\",\"inLanguage\":\"pt-BR\",\"@id\":\"https:\\\/\\\/secure.gravatar.com\\\/avatar\\\/42749d8b712ff9d59ca93dc150494e5b55a44134482993f5baeb97e61b7ecc89?s=96&d=mm&r=g\",\"url\":\"https:\\\/\\\/secure.gravatar.com\\\/avatar\\\/42749d8b712ff9d59ca93dc150494e5b55a44134482993f5baeb97e61b7ecc89?s=96&d=mm&r=g\",\"contentUrl\":\"https:\\\/\\\/secure.gravatar.com\\\/avatar\\\/42749d8b712ff9d59ca93dc150494e5b55a44134482993f5baeb97e61b7ecc89?s=96&d=mm&r=g\",\"caption\":\"Roberto\"},\"url\":\"https:\\\/\\\/regiaonews.net.br\\\/2022\\\/author\\\/roberto\\\/\"}]}<\/script>\n<!-- \/ Yoast SEO plugin. -->","yoast_head_json":{"title":"Zoo de Gua\u00edra recebe mais uma novidade para seu plantel: a anta \u201cCaju\u201d - Regi\u00e3o News","robots":{"index":"index","follow":"follow","max-snippet":"max-snippet:-1","max-image-preview":"max-image-preview:large","max-video-preview":"max-video-preview:-1"},"canonical":"https:\/\/regiaonews.net.br\/2022\/2023\/10\/25\/zoo-de-guaira-recebe-mais-uma-novidade-para-seu-plantel-a-anta-caju\/","og_locale":"pt_BR","og_type":"article","og_title":"Zoo de Gua\u00edra recebe mais uma novidade para seu plantel: a anta \u201cCaju\u201d - Regi\u00e3o News","og_description":"O Zool\u00f3gico Joaquim Garcia Franco recebeu hoje, ter\u00e7a-feira, dia 24,","og_url":"https:\/\/regiaonews.net.br\/2022\/2023\/10\/25\/zoo-de-guaira-recebe-mais-uma-novidade-para-seu-plantel-a-anta-caju\/","og_site_name":"Regi\u00e3o News","article_published_time":"2023-10-25T16:35:36+00:00","og_image":[{"width":507,"height":421,"url":"https:\/\/regiaonews.net.br\/2022\/wp-content\/uploads\/2023\/10\/aaaaa.png","type":"image\/png"}],"author":"Roberto","twitter_card":"summary_large_image","twitter_misc":{"Escrito por":"Roberto","Est. tempo de leitura":"2 minutos"},"schema":{"@context":"https:\/\/schema.org","@graph":[{"@type":"Article","@id":"https:\/\/regiaonews.net.br\/2022\/2023\/10\/25\/zoo-de-guaira-recebe-mais-uma-novidade-para-seu-plantel-a-anta-caju\/#article","isPartOf":{"@id":"https:\/\/regiaonews.net.br\/2022\/2023\/10\/25\/zoo-de-guaira-recebe-mais-uma-novidade-para-seu-plantel-a-anta-caju\/"},"author":{"name":"Roberto","@id":"https:\/\/regiaonews.net.br\/2022\/#\/schema\/person\/2d205a608a5aa97ac279d7a5e6d89ad8"},"headline":"Zoo de Gua\u00edra recebe mais uma novidade para seu plantel: a anta \u201cCaju\u201d","datePublished":"2023-10-25T16:35:36+00:00","mainEntityOfPage":{"@id":"https:\/\/regiaonews.net.br\/2022\/2023\/10\/25\/zoo-de-guaira-recebe-mais-uma-novidade-para-seu-plantel-a-anta-caju\/"},"wordCount":417,"commentCount":0,"publisher":{"@id":"https:\/\/regiaonews.net.br\/2022\/#organization"},"image":{"@id":"https:\/\/regiaonews.net.br\/2022\/2023\/10\/25\/zoo-de-guaira-recebe-mais-uma-novidade-para-seu-plantel-a-anta-caju\/#primaryimage"},"thumbnailUrl":"https:\/\/regiaonews.net.br\/2022\/wp-content\/uploads\/2023\/10\/aaaaa.png","articleSection":["Geral","Gua\u00edra"],"inLanguage":"pt-BR","potentialAction":[{"@type":"CommentAction","name":"Comment","target":["https:\/\/regiaonews.net.br\/2022\/2023\/10\/25\/zoo-de-guaira-recebe-mais-uma-novidade-para-seu-plantel-a-anta-caju\/#respond"]}]},{"@type":"WebPage","@id":"https:\/\/regiaonews.net.br\/2022\/2023\/10\/25\/zoo-de-guaira-recebe-mais-uma-novidade-para-seu-plantel-a-anta-caju\/","url":"https:\/\/regiaonews.net.br\/2022\/2023\/10\/25\/zoo-de-guaira-recebe-mais-uma-novidade-para-seu-plantel-a-anta-caju\/","name":"Zoo de Gua\u00edra recebe mais uma novidade para seu plantel: a anta \u201cCaju\u201d - Regi\u00e3o News","isPartOf":{"@id":"https:\/\/regiaonews.net.br\/2022\/#website"},"primaryImageOfPage":{"@id":"https:\/\/regiaonews.net.br\/2022\/2023\/10\/25\/zoo-de-guaira-recebe-mais-uma-novidade-para-seu-plantel-a-anta-caju\/#primaryimage"},"image":{"@id":"https:\/\/regiaonews.net.br\/2022\/2023\/10\/25\/zoo-de-guaira-recebe-mais-uma-novidade-para-seu-plantel-a-anta-caju\/#primaryimage"},"thumbnailUrl":"https:\/\/regiaonews.net.br\/2022\/wp-content\/uploads\/2023\/10\/aaaaa.png","datePublished":"2023-10-25T16:35:36+00:00","breadcrumb":{"@id":"https:\/\/regiaonews.net.br\/2022\/2023\/10\/25\/zoo-de-guaira-recebe-mais-uma-novidade-para-seu-plantel-a-anta-caju\/#breadcrumb"},"inLanguage":"pt-BR","potentialAction":[{"@type":"ReadAction","target":["https:\/\/regiaonews.net.br\/2022\/2023\/10\/25\/zoo-de-guaira-recebe-mais-uma-novidade-para-seu-plantel-a-anta-caju\/"]}]},{"@type":"ImageObject","inLanguage":"pt-BR","@id":"https:\/\/regiaonews.net.br\/2022\/2023\/10\/25\/zoo-de-guaira-recebe-mais-uma-novidade-para-seu-plantel-a-anta-caju\/#primaryimage","url":"https:\/\/regiaonews.net.br\/2022\/wp-content\/uploads\/2023\/10\/aaaaa.png","contentUrl":"https:\/\/regiaonews.net.br\/2022\/wp-content\/uploads\/2023\/10\/aaaaa.png","width":507,"height":421},{"@type":"BreadcrumbList","@id":"https:\/\/regiaonews.net.br\/2022\/2023\/10\/25\/zoo-de-guaira-recebe-mais-uma-novidade-para-seu-plantel-a-anta-caju\/#breadcrumb","itemListElement":[{"@type":"ListItem","position":1,"name":"In\u00edcio","item":"https:\/\/regiaonews.net.br\/2022\/"},{"@type":"ListItem","position":2,"name":"Zoo de Gua\u00edra recebe mais uma novidade para seu plantel: a anta \u201cCaju\u201d"}]},{"@type":"WebSite","@id":"https:\/\/regiaonews.net.br\/2022\/#website","url":"https:\/\/regiaonews.net.br\/2022\/","name":"Regi\u00e3o News","description":"Site de Not\u00edcias de Barretos e regi\u00e3o","publisher":{"@id":"https:\/\/regiaonews.net.br\/2022\/#organization"},"potentialAction":[{"@type":"SearchAction","target":{"@type":"EntryPoint","urlTemplate":"https:\/\/regiaonews.net.br\/2022\/?s={search_term_string}"},"query-input":{"@type":"PropertyValueSpecification","valueRequired":true,"valueName":"search_term_string"}}],"inLanguage":"pt-BR"},{"@type":"Organization","@id":"https:\/\/regiaonews.net.br\/2022\/#organization","name":"Regi\u00e3o News","url":"https:\/\/regiaonews.net.br\/2022\/","logo":{"@type":"ImageObject","inLanguage":"pt-BR","@id":"https:\/\/regiaonews.net.br\/2022\/#\/schema\/logo\/image\/","url":"https:\/\/regiaonews.net.br\/2022\/wp-content\/uploads\/2026\/03\/regiao-13-anos-scaled.jpg","contentUrl":"https:\/\/regiaonews.net.br\/2022\/wp-content\/uploads\/2026\/03\/regiao-13-anos-scaled.jpg","width":2560,"height":635,"caption":"Regi\u00e3o News"},"image":{"@id":"https:\/\/regiaonews.net.br\/2022\/#\/schema\/logo\/image\/"}},{"@type":"Person","@id":"https:\/\/regiaonews.net.br\/2022\/#\/schema\/person\/2d205a608a5aa97ac279d7a5e6d89ad8","name":"Roberto","image":{"@type":"ImageObject","inLanguage":"pt-BR","@id":"https:\/\/secure.gravatar.com\/avatar\/42749d8b712ff9d59ca93dc150494e5b55a44134482993f5baeb97e61b7ecc89?s=96&d=mm&r=g","url":"https:\/\/secure.gravatar.com\/avatar\/42749d8b712ff9d59ca93dc150494e5b55a44134482993f5baeb97e61b7ecc89?s=96&d=mm&r=g","contentUrl":"https:\/\/secure.gravatar.com\/avatar\/42749d8b712ff9d59ca93dc150494e5b55a44134482993f5baeb97e61b7ecc89?s=96&d=mm&r=g","caption":"Roberto"},"url":"https:\/\/regiaonews.net.br\/2022\/author\/roberto\/"}]}},"publishpress_future_action":{"enabled":false,"date":"2026-05-04 15:56:13","action":"change-status","newStatus":"draft","terms":[],"taxonomy":"category","extraData":[]},"publishpress_future_workflow_manual_trigger":{"enabledWorkflows":[]},"_links":{"self":[{"href":"https:\/\/regiaonews.net.br\/2022\/wp-json\/wp\/v2\/posts\/96960","targetHints":{"allow":["GET"]}}],"collection":[{"href":"https:\/\/regiaonews.net.br\/2022\/wp-json\/wp\/v2\/posts"}],"about":[{"href":"https:\/\/regiaonews.net.br\/2022\/wp-json\/wp\/v2\/types\/post"}],"author":[{"embeddable":true,"href":"https:\/\/regiaonews.net.br\/2022\/wp-json\/wp\/v2\/users\/2"}],"replies":[{"embeddable":true,"href":"https:\/\/regiaonews.net.br\/2022\/wp-json\/wp\/v2\/comments?post=96960"}],"version-history":[{"count":1,"href":"https:\/\/regiaonews.net.br\/2022\/wp-json\/wp\/v2\/posts\/96960\/revisions"}],"predecessor-version":[{"id":96962,"href":"https:\/\/regiaonews.net.br\/2022\/wp-json\/wp\/v2\/posts\/96960\/revisions\/96962"}],"wp:featuredmedia":[{"embeddable":true,"href":"https:\/\/regiaonews.net.br\/2022\/wp-json\/wp\/v2\/media\/96961"}],"wp:attachment":[{"href":"https:\/\/regiaonews.net.br\/2022\/wp-json\/wp\/v2\/media?parent=96960"}],"wp:term":[{"taxonomy":"category","embeddable":true,"href":"https:\/\/regiaonews.net.br\/2022\/wp-json\/wp\/v2\/categories?post=96960"},{"taxonomy":"post_tag","embeddable":true,"href":"https:\/\/regiaonews.net.br\/2022\/wp-json\/wp\/v2\/tags?post=96960"}],"curies":[{"name":"wp","href":"https:\/\/api.w.org\/{rel}","templated":true}]}}