{"id":96957,"date":"2023-10-25T13:33:13","date_gmt":"2023-10-25T16:33:13","guid":{"rendered":"https:\/\/regiaonews.net.br\/2022\/?p=96957"},"modified":"2023-10-25T13:33:13","modified_gmt":"2023-10-25T16:33:13","slug":"centro-de-pesquisa-vai-usar-inteligencia-artificial-para-auxiliar-na-prevencao-de-crimes","status":"publish","type":"post","link":"https:\/\/regiaonews.net.br\/2022\/2023\/10\/25\/centro-de-pesquisa-vai-usar-inteligencia-artificial-para-auxiliar-na-prevencao-de-crimes\/","title":{"rendered":"Centro de pesquisa vai usar intelig\u00eancia artificial para auxiliar na preven\u00e7\u00e3o de crimes"},"content":{"rendered":"<div>\n<h3 class=\"titulopreto ng-binding\" style=\"text-align: center;\">Parceria da SSP com a FGV e USP prev\u00ea a participa\u00e7\u00e3o de pesquisadores na constru\u00e7\u00e3o de pol\u00edticas de seguran\u00e7a a partir da an\u00e1lise de dados.<\/h3>\n<\/div>\n<div id=\"notCorpo\" class=\"ng-binding\">\n<div>A Secretaria de Seguran\u00e7a P\u00fablica (SSP), a Funda\u00e7\u00e3o Getulio Vargas (FGV) e a Universidade de S\u00e3o Paulo (USP) lan\u00e7aram na segunda-feira (23) um centro de pesquisa que utilizar\u00e1 ferramentas de intelig\u00eancia artificial (IA) para orientar a constru\u00e7\u00e3o de pol\u00edticas de seguran\u00e7a p\u00fablica e auxiliar na preven\u00e7\u00e3o de crimes em S\u00e3o Paulo.<\/div>\n<div><\/div>\n<div>O Centro de Estudos em Analytics e Pol\u00edticas de Seguran\u00e7a (FGV Analytics), que conta com apoio da Funda\u00e7\u00e3o de Amparo \u00e0 Pesquisa do Estado de S\u00e3o Paulo (Fapesp), atuar\u00e1 em cima das principais demandas da sociedade recebidas a partir dos canais oficiais do estado. Com os dados ser\u00e1 poss\u00edvel construir uma agenda de problemas para que o centro auxilie na constru\u00e7\u00e3o de solu\u00e7\u00f5es a partir da an\u00e1lise e tratamento das informa\u00e7\u00f5es.<\/div>\n<div><\/div>\n<div>Esses problemas, al\u00e9m de ter a participa\u00e7\u00e3o de policiais na discuss\u00e3o e tentativa de resolu\u00e7\u00e3o, agora, passam a ter pesquisadores do Centro de Analytics da FGV. A miss\u00e3o \u00e9 criar um arcabou\u00e7o de pesquisa que acelere o uso de dados para estimular o processo decis\u00f3rio no planejamento e na elabora\u00e7\u00e3o de pol\u00edticas p\u00fablicas.<\/div>\n<div><\/div>\n<div>Em 2022, a Pol\u00edcia Militar recebeu 18 milh\u00f5es de chamados espalhados em 106 tipos de problemas diferentes relatados. A maioria, entre eles, perturba\u00e7\u00e3o de sossego, averigua\u00e7\u00e3o de suspeitos e viol\u00eancia dom\u00e9stica, concentrou 62% da demanda atendida pelo \u00f3rg\u00e3o.<\/div>\n<div><\/div>\n<div>\u201cBoa parte desses crimes tem uma interface digital. Eles come\u00e7am, terminam ou possuem um processo interno que entra no mundo digital, seja nas redes sociais ou na comunica\u00e7\u00e3o ponto-a-ponto\u201d, explicou o coordenador Jo\u00e3o Henrique Martins, do Centro Integrado de Comando e Controle (CICC) da SSP e vice-diretor do FGV Analytics. \u201cCom o apoio da metodologia e do processo cient\u00edfico da universidade, a gente procura errar menos e n\u00e3o ser apenas assertivo, mas entregar aquilo que a popula\u00e7\u00e3o precisa no menor tempo e com mais precis\u00e3o\u201d, completou.<\/div>\n<div><\/div>\n<div>Outro aspecto salientado \u00e9 que a universidade ajudar\u00e1 a qualificar a agenda do debate p\u00fablico sobre seguran\u00e7a, que s\u00f3 \u00e9 poss\u00edvel fazer analisando os dados e aplicando a investiga\u00e7\u00e3o cient\u00edfica, testando hip\u00f3teses e pesquisas controladas.<\/div>\n<div><\/div>\n<div>O diretor do FGV Analytics, Jo\u00e3o Luiz Becker, destacou que a criminalidade \u00e9 extensivamente estudada pela academia. \u201cEntretanto, a preven\u00e7\u00e3o e redu\u00e7\u00e3o de crimes s\u00e3o de dif\u00edcil obten\u00e7\u00e3o, pois exigem um profundo entendimento da complexa estrutura e din\u00e2mica dos fatos\u201d. Ainda conforme o pesquisador, \u201cos \u00faltimos desenvolvimentos em ci\u00eancia de dados e aprendizagem de m\u00e1quinas oferecem novas maneiras de prever a incid\u00eancia de crimes e entender os impactos de caracter\u00edsticas da sociedade e dos indiv\u00edduos no comportamento criminoso\u201d, declarou.<\/div>\n<div><\/div>\n<div><b>Cracol\u00e2ndia \u00e9 o primeiro tema de estudo para o FGV Analytics<\/b><\/div>\n<div><\/div>\n<div>A primeira demanda que ser\u00e1 estudada pelos pesquisadores que comp\u00f5em o centro de an\u00e1lises \u00e9 o desenvolvimento de um sistema de monitoramento e de avalia\u00e7\u00e3o da regi\u00e3o das cenas abertas de uso, popularmente conhecida como cracol\u00e2ndia, no centro de S\u00e3o Paulo.<\/div>\n<div><\/div>\n<div>A inten\u00e7\u00e3o do trabalho conjunto \u00e9 entender qual o tamanho real da popula\u00e7\u00e3o de adictos, das pessoas em situa\u00e7\u00e3o de rua, identificar aqueles que se dedicam \u00e0 mendic\u00e2ncia, entre outros. Conforme os integrantes do FGV Analytics \u00e9 necess\u00e1rio diferenciar esses p\u00fablicos e mensurar isso diariamente. \u201cAssim, ser\u00e1 poss\u00edvel saber se as pol\u00edticas colocadas em curso est\u00e3o tendo seu efeito desejado\u201d, indicou Martins.<\/div>\n<div><\/div>\n<div>As informa\u00e7\u00f5es levantadas durante a an\u00e1lise ser\u00e3o devolvidas para as ag\u00eancias que atuam em campo, como as pol\u00edcias, secretarias de sa\u00fade e de assist\u00eancia social, entre outras, para que consigam construir um sistema de informa\u00e7\u00f5es a partir dos dados gerados com o uso de intelig\u00eancia artificial. Para isso, ser\u00e3o utilizadas imagens captadas no local com uso de drones, por exemplo.<\/div>\n<div><\/div>\n<div>O FGV Analytics, que incluir\u00e1 redes de pesquisadores nacionais e internacionais e processos de inova\u00e7\u00e3o aberta, ir\u00e1 acompanhar a incorpora\u00e7\u00e3o de novas ferramentas e tecnologias para avaliar o impacto na atividade policial e maximizar os benef\u00edcios do uso destas tecnologias no dia a dia dos agentes de seguran\u00e7a.<\/div>\n<div><b>\u00a0<\/b><\/div>\n<div><b>Ataques em escolas<\/b><\/div>\n<div><\/div>\n<div>Ainda conforme o coordenador do CICC, o conv\u00eanio entre a SSP e a FGV prev\u00ea o estudo de outros temas de relev\u00e2ncia social. A prote\u00e7\u00e3o digital das escolas tamb\u00e9m est\u00e1 no escopo dos pesquisadores.<\/div>\n<div><\/div>\n<div>A ideia \u00e9 que com o uso de algoritmos, seja poss\u00edvel descobrir agressores ativos antes dos ataques ou no levantamento de informa\u00e7\u00f5es que auxiliar\u00e3o nas investiga\u00e7\u00f5es. Outro ponto a ser abordado \u00e9 a identifica\u00e7\u00e3o dos chamados replicadores, aquelas pessoas que criam uma percep\u00e7\u00e3o de p\u00e2nico com not\u00edcias falsas sobre supostos novos ataques.<\/div>\n<div><\/div>\n<div>\u201c\u00c9 um desafio grande, porque estamos falando do meio digital em seus v\u00e1rios canais. Ent\u00e3o precisamos de um trabalho de avalia\u00e7\u00e3o da comunica\u00e7\u00e3o que d\u00ea ind\u00edcios de que um atirador ativo est\u00e1 prestes a se formar, seja porque propaga esses conte\u00fados, seja porque \u00e9 v\u00edtima de bullying, e identificar elementos de radicaliza\u00e7\u00e3o\u201d, comentou.<\/div>\n<\/div>\n<div class=\"clearfix\"><\/div>\n<div class=\"col-lg-12 col-md-12 col-sm-12 col-xs-12 rightText espacovertical\"><span class=\"ng-binding\">Guilherme Lopes<\/span><\/div>\n","protected":false},"excerpt":{"rendered":"<p>Parceria da SSP com a FGV e USP prev\u00ea a<\/p>\n","protected":false},"author":2,"featured_media":96958,"comment_status":"open","ping_status":"open","sticky":false,"template":"","format":"standard","meta":{"footnotes":""},"categories":[7,23],"tags":[],"class_list":["post-96957","post","type-post","status-publish","format-standard","has-post-thumbnail","hentry","category-estado-de-sao-paulo","category-policia"],"yoast_head":"<!-- This site is optimized with the Yoast SEO plugin v27.4 - https:\/\/yoast.com\/product\/yoast-seo-wordpress\/ -->\n<title>Centro de pesquisa vai usar intelig\u00eancia artificial para auxiliar na preven\u00e7\u00e3o de crimes - Regi\u00e3o News<\/title>\n<meta name=\"robots\" content=\"index, follow, max-snippet:-1, max-image-preview:large, max-video-preview:-1\" \/>\n<link rel=\"canonical\" href=\"https:\/\/regiaonews.net.br\/2022\/2023\/10\/25\/centro-de-pesquisa-vai-usar-inteligencia-artificial-para-auxiliar-na-prevencao-de-crimes\/\" \/>\n<meta property=\"og:locale\" content=\"pt_BR\" \/>\n<meta property=\"og:type\" content=\"article\" \/>\n<meta property=\"og:title\" content=\"Centro de pesquisa vai usar intelig\u00eancia artificial para auxiliar na preven\u00e7\u00e3o de crimes - Regi\u00e3o News\" \/>\n<meta property=\"og:description\" content=\"Parceria da SSP com a FGV e USP prev\u00ea a\" \/>\n<meta property=\"og:url\" content=\"https:\/\/regiaonews.net.br\/2022\/2023\/10\/25\/centro-de-pesquisa-vai-usar-inteligencia-artificial-para-auxiliar-na-prevencao-de-crimes\/\" \/>\n<meta property=\"og:site_name\" content=\"Regi\u00e3o News\" \/>\n<meta property=\"article:published_time\" content=\"2023-10-25T16:33:13+00:00\" \/>\n<meta property=\"og:image\" content=\"https:\/\/regiaonews.net.br\/2022\/wp-content\/uploads\/2023\/10\/00051809.jpeg\" \/>\n\t<meta property=\"og:image:width\" content=\"800\" \/>\n\t<meta property=\"og:image:height\" content=\"533\" \/>\n\t<meta property=\"og:image:type\" content=\"image\/jpeg\" \/>\n<meta name=\"author\" content=\"Roberto\" \/>\n<meta name=\"twitter:card\" content=\"summary_large_image\" \/>\n<meta name=\"twitter:label1\" content=\"Escrito por\" \/>\n\t<meta name=\"twitter:data1\" content=\"Roberto\" \/>\n\t<meta name=\"twitter:label2\" content=\"Est. tempo de leitura\" \/>\n\t<meta name=\"twitter:data2\" content=\"5 minutos\" \/>\n<script type=\"application\/ld+json\" class=\"yoast-schema-graph\">{\"@context\":\"https:\\\/\\\/schema.org\",\"@graph\":[{\"@type\":\"Article\",\"@id\":\"https:\\\/\\\/regiaonews.net.br\\\/2022\\\/2023\\\/10\\\/25\\\/centro-de-pesquisa-vai-usar-inteligencia-artificial-para-auxiliar-na-prevencao-de-crimes\\\/#article\",\"isPartOf\":{\"@id\":\"https:\\\/\\\/regiaonews.net.br\\\/2022\\\/2023\\\/10\\\/25\\\/centro-de-pesquisa-vai-usar-inteligencia-artificial-para-auxiliar-na-prevencao-de-crimes\\\/\"},\"author\":{\"name\":\"Roberto\",\"@id\":\"https:\\\/\\\/regiaonews.net.br\\\/2022\\\/#\\\/schema\\\/person\\\/2d205a608a5aa97ac279d7a5e6d89ad8\"},\"headline\":\"Centro de pesquisa vai usar intelig\u00eancia artificial para auxiliar na preven\u00e7\u00e3o de crimes\",\"datePublished\":\"2023-10-25T16:33:13+00:00\",\"mainEntityOfPage\":{\"@id\":\"https:\\\/\\\/regiaonews.net.br\\\/2022\\\/2023\\\/10\\\/25\\\/centro-de-pesquisa-vai-usar-inteligencia-artificial-para-auxiliar-na-prevencao-de-crimes\\\/\"},\"wordCount\":918,\"commentCount\":0,\"publisher\":{\"@id\":\"https:\\\/\\\/regiaonews.net.br\\\/2022\\\/#organization\"},\"image\":{\"@id\":\"https:\\\/\\\/regiaonews.net.br\\\/2022\\\/2023\\\/10\\\/25\\\/centro-de-pesquisa-vai-usar-inteligencia-artificial-para-auxiliar-na-prevencao-de-crimes\\\/#primaryimage\"},\"thumbnailUrl\":\"https:\\\/\\\/regiaonews.net.br\\\/2022\\\/wp-content\\\/uploads\\\/2023\\\/10\\\/00051809.jpeg\",\"articleSection\":[\"Estado de S\u00e3o Paulo\",\"Policia\"],\"inLanguage\":\"pt-BR\",\"potentialAction\":[{\"@type\":\"CommentAction\",\"name\":\"Comment\",\"target\":[\"https:\\\/\\\/regiaonews.net.br\\\/2022\\\/2023\\\/10\\\/25\\\/centro-de-pesquisa-vai-usar-inteligencia-artificial-para-auxiliar-na-prevencao-de-crimes\\\/#respond\"]}]},{\"@type\":\"WebPage\",\"@id\":\"https:\\\/\\\/regiaonews.net.br\\\/2022\\\/2023\\\/10\\\/25\\\/centro-de-pesquisa-vai-usar-inteligencia-artificial-para-auxiliar-na-prevencao-de-crimes\\\/\",\"url\":\"https:\\\/\\\/regiaonews.net.br\\\/2022\\\/2023\\\/10\\\/25\\\/centro-de-pesquisa-vai-usar-inteligencia-artificial-para-auxiliar-na-prevencao-de-crimes\\\/\",\"name\":\"Centro de pesquisa vai usar intelig\u00eancia artificial para auxiliar na preven\u00e7\u00e3o de crimes - Regi\u00e3o News\",\"isPartOf\":{\"@id\":\"https:\\\/\\\/regiaonews.net.br\\\/2022\\\/#website\"},\"primaryImageOfPage\":{\"@id\":\"https:\\\/\\\/regiaonews.net.br\\\/2022\\\/2023\\\/10\\\/25\\\/centro-de-pesquisa-vai-usar-inteligencia-artificial-para-auxiliar-na-prevencao-de-crimes\\\/#primaryimage\"},\"image\":{\"@id\":\"https:\\\/\\\/regiaonews.net.br\\\/2022\\\/2023\\\/10\\\/25\\\/centro-de-pesquisa-vai-usar-inteligencia-artificial-para-auxiliar-na-prevencao-de-crimes\\\/#primaryimage\"},\"thumbnailUrl\":\"https:\\\/\\\/regiaonews.net.br\\\/2022\\\/wp-content\\\/uploads\\\/2023\\\/10\\\/00051809.jpeg\",\"datePublished\":\"2023-10-25T16:33:13+00:00\",\"breadcrumb\":{\"@id\":\"https:\\\/\\\/regiaonews.net.br\\\/2022\\\/2023\\\/10\\\/25\\\/centro-de-pesquisa-vai-usar-inteligencia-artificial-para-auxiliar-na-prevencao-de-crimes\\\/#breadcrumb\"},\"inLanguage\":\"pt-BR\",\"potentialAction\":[{\"@type\":\"ReadAction\",\"target\":[\"https:\\\/\\\/regiaonews.net.br\\\/2022\\\/2023\\\/10\\\/25\\\/centro-de-pesquisa-vai-usar-inteligencia-artificial-para-auxiliar-na-prevencao-de-crimes\\\/\"]}]},{\"@type\":\"ImageObject\",\"inLanguage\":\"pt-BR\",\"@id\":\"https:\\\/\\\/regiaonews.net.br\\\/2022\\\/2023\\\/10\\\/25\\\/centro-de-pesquisa-vai-usar-inteligencia-artificial-para-auxiliar-na-prevencao-de-crimes\\\/#primaryimage\",\"url\":\"https:\\\/\\\/regiaonews.net.br\\\/2022\\\/wp-content\\\/uploads\\\/2023\\\/10\\\/00051809.jpeg\",\"contentUrl\":\"https:\\\/\\\/regiaonews.net.br\\\/2022\\\/wp-content\\\/uploads\\\/2023\\\/10\\\/00051809.jpeg\",\"width\":800,\"height\":533},{\"@type\":\"BreadcrumbList\",\"@id\":\"https:\\\/\\\/regiaonews.net.br\\\/2022\\\/2023\\\/10\\\/25\\\/centro-de-pesquisa-vai-usar-inteligencia-artificial-para-auxiliar-na-prevencao-de-crimes\\\/#breadcrumb\",\"itemListElement\":[{\"@type\":\"ListItem\",\"position\":1,\"name\":\"In\u00edcio\",\"item\":\"https:\\\/\\\/regiaonews.net.br\\\/2022\\\/\"},{\"@type\":\"ListItem\",\"position\":2,\"name\":\"Centro de pesquisa vai usar intelig\u00eancia artificial para auxiliar na preven\u00e7\u00e3o de crimes\"}]},{\"@type\":\"WebSite\",\"@id\":\"https:\\\/\\\/regiaonews.net.br\\\/2022\\\/#website\",\"url\":\"https:\\\/\\\/regiaonews.net.br\\\/2022\\\/\",\"name\":\"Regi\u00e3o News\",\"description\":\"Site de Not\u00edcias de Barretos e regi\u00e3o\",\"publisher\":{\"@id\":\"https:\\\/\\\/regiaonews.net.br\\\/2022\\\/#organization\"},\"potentialAction\":[{\"@type\":\"SearchAction\",\"target\":{\"@type\":\"EntryPoint\",\"urlTemplate\":\"https:\\\/\\\/regiaonews.net.br\\\/2022\\\/?s={search_term_string}\"},\"query-input\":{\"@type\":\"PropertyValueSpecification\",\"valueRequired\":true,\"valueName\":\"search_term_string\"}}],\"inLanguage\":\"pt-BR\"},{\"@type\":\"Organization\",\"@id\":\"https:\\\/\\\/regiaonews.net.br\\\/2022\\\/#organization\",\"name\":\"Regi\u00e3o News\",\"url\":\"https:\\\/\\\/regiaonews.net.br\\\/2022\\\/\",\"logo\":{\"@type\":\"ImageObject\",\"inLanguage\":\"pt-BR\",\"@id\":\"https:\\\/\\\/regiaonews.net.br\\\/2022\\\/#\\\/schema\\\/logo\\\/image\\\/\",\"url\":\"https:\\\/\\\/regiaonews.net.br\\\/2022\\\/wp-content\\\/uploads\\\/2026\\\/03\\\/regiao-13-anos-scaled.jpg\",\"contentUrl\":\"https:\\\/\\\/regiaonews.net.br\\\/2022\\\/wp-content\\\/uploads\\\/2026\\\/03\\\/regiao-13-anos-scaled.jpg\",\"width\":2560,\"height\":635,\"caption\":\"Regi\u00e3o News\"},\"image\":{\"@id\":\"https:\\\/\\\/regiaonews.net.br\\\/2022\\\/#\\\/schema\\\/logo\\\/image\\\/\"}},{\"@type\":\"Person\",\"@id\":\"https:\\\/\\\/regiaonews.net.br\\\/2022\\\/#\\\/schema\\\/person\\\/2d205a608a5aa97ac279d7a5e6d89ad8\",\"name\":\"Roberto\",\"image\":{\"@type\":\"ImageObject\",\"inLanguage\":\"pt-BR\",\"@id\":\"https:\\\/\\\/secure.gravatar.com\\\/avatar\\\/42749d8b712ff9d59ca93dc150494e5b55a44134482993f5baeb97e61b7ecc89?s=96&d=mm&r=g\",\"url\":\"https:\\\/\\\/secure.gravatar.com\\\/avatar\\\/42749d8b712ff9d59ca93dc150494e5b55a44134482993f5baeb97e61b7ecc89?s=96&d=mm&r=g\",\"contentUrl\":\"https:\\\/\\\/secure.gravatar.com\\\/avatar\\\/42749d8b712ff9d59ca93dc150494e5b55a44134482993f5baeb97e61b7ecc89?s=96&d=mm&r=g\",\"caption\":\"Roberto\"},\"url\":\"https:\\\/\\\/regiaonews.net.br\\\/2022\\\/author\\\/roberto\\\/\"}]}<\/script>\n<!-- \/ Yoast SEO plugin. -->","yoast_head_json":{"title":"Centro de pesquisa vai usar intelig\u00eancia artificial para auxiliar na preven\u00e7\u00e3o de crimes - Regi\u00e3o News","robots":{"index":"index","follow":"follow","max-snippet":"max-snippet:-1","max-image-preview":"max-image-preview:large","max-video-preview":"max-video-preview:-1"},"canonical":"https:\/\/regiaonews.net.br\/2022\/2023\/10\/25\/centro-de-pesquisa-vai-usar-inteligencia-artificial-para-auxiliar-na-prevencao-de-crimes\/","og_locale":"pt_BR","og_type":"article","og_title":"Centro de pesquisa vai usar intelig\u00eancia artificial para auxiliar na preven\u00e7\u00e3o de crimes - Regi\u00e3o News","og_description":"Parceria da SSP com a FGV e USP prev\u00ea a","og_url":"https:\/\/regiaonews.net.br\/2022\/2023\/10\/25\/centro-de-pesquisa-vai-usar-inteligencia-artificial-para-auxiliar-na-prevencao-de-crimes\/","og_site_name":"Regi\u00e3o News","article_published_time":"2023-10-25T16:33:13+00:00","og_image":[{"width":800,"height":533,"url":"https:\/\/regiaonews.net.br\/2022\/wp-content\/uploads\/2023\/10\/00051809.jpeg","type":"image\/jpeg"}],"author":"Roberto","twitter_card":"summary_large_image","twitter_misc":{"Escrito por":"Roberto","Est. tempo de leitura":"5 minutos"},"schema":{"@context":"https:\/\/schema.org","@graph":[{"@type":"Article","@id":"https:\/\/regiaonews.net.br\/2022\/2023\/10\/25\/centro-de-pesquisa-vai-usar-inteligencia-artificial-para-auxiliar-na-prevencao-de-crimes\/#article","isPartOf":{"@id":"https:\/\/regiaonews.net.br\/2022\/2023\/10\/25\/centro-de-pesquisa-vai-usar-inteligencia-artificial-para-auxiliar-na-prevencao-de-crimes\/"},"author":{"name":"Roberto","@id":"https:\/\/regiaonews.net.br\/2022\/#\/schema\/person\/2d205a608a5aa97ac279d7a5e6d89ad8"},"headline":"Centro de pesquisa vai usar intelig\u00eancia artificial para auxiliar na preven\u00e7\u00e3o de crimes","datePublished":"2023-10-25T16:33:13+00:00","mainEntityOfPage":{"@id":"https:\/\/regiaonews.net.br\/2022\/2023\/10\/25\/centro-de-pesquisa-vai-usar-inteligencia-artificial-para-auxiliar-na-prevencao-de-crimes\/"},"wordCount":918,"commentCount":0,"publisher":{"@id":"https:\/\/regiaonews.net.br\/2022\/#organization"},"image":{"@id":"https:\/\/regiaonews.net.br\/2022\/2023\/10\/25\/centro-de-pesquisa-vai-usar-inteligencia-artificial-para-auxiliar-na-prevencao-de-crimes\/#primaryimage"},"thumbnailUrl":"https:\/\/regiaonews.net.br\/2022\/wp-content\/uploads\/2023\/10\/00051809.jpeg","articleSection":["Estado de S\u00e3o Paulo","Policia"],"inLanguage":"pt-BR","potentialAction":[{"@type":"CommentAction","name":"Comment","target":["https:\/\/regiaonews.net.br\/2022\/2023\/10\/25\/centro-de-pesquisa-vai-usar-inteligencia-artificial-para-auxiliar-na-prevencao-de-crimes\/#respond"]}]},{"@type":"WebPage","@id":"https:\/\/regiaonews.net.br\/2022\/2023\/10\/25\/centro-de-pesquisa-vai-usar-inteligencia-artificial-para-auxiliar-na-prevencao-de-crimes\/","url":"https:\/\/regiaonews.net.br\/2022\/2023\/10\/25\/centro-de-pesquisa-vai-usar-inteligencia-artificial-para-auxiliar-na-prevencao-de-crimes\/","name":"Centro de pesquisa vai usar intelig\u00eancia artificial para auxiliar na preven\u00e7\u00e3o de crimes - Regi\u00e3o News","isPartOf":{"@id":"https:\/\/regiaonews.net.br\/2022\/#website"},"primaryImageOfPage":{"@id":"https:\/\/regiaonews.net.br\/2022\/2023\/10\/25\/centro-de-pesquisa-vai-usar-inteligencia-artificial-para-auxiliar-na-prevencao-de-crimes\/#primaryimage"},"image":{"@id":"https:\/\/regiaonews.net.br\/2022\/2023\/10\/25\/centro-de-pesquisa-vai-usar-inteligencia-artificial-para-auxiliar-na-prevencao-de-crimes\/#primaryimage"},"thumbnailUrl":"https:\/\/regiaonews.net.br\/2022\/wp-content\/uploads\/2023\/10\/00051809.jpeg","datePublished":"2023-10-25T16:33:13+00:00","breadcrumb":{"@id":"https:\/\/regiaonews.net.br\/2022\/2023\/10\/25\/centro-de-pesquisa-vai-usar-inteligencia-artificial-para-auxiliar-na-prevencao-de-crimes\/#breadcrumb"},"inLanguage":"pt-BR","potentialAction":[{"@type":"ReadAction","target":["https:\/\/regiaonews.net.br\/2022\/2023\/10\/25\/centro-de-pesquisa-vai-usar-inteligencia-artificial-para-auxiliar-na-prevencao-de-crimes\/"]}]},{"@type":"ImageObject","inLanguage":"pt-BR","@id":"https:\/\/regiaonews.net.br\/2022\/2023\/10\/25\/centro-de-pesquisa-vai-usar-inteligencia-artificial-para-auxiliar-na-prevencao-de-crimes\/#primaryimage","url":"https:\/\/regiaonews.net.br\/2022\/wp-content\/uploads\/2023\/10\/00051809.jpeg","contentUrl":"https:\/\/regiaonews.net.br\/2022\/wp-content\/uploads\/2023\/10\/00051809.jpeg","width":800,"height":533},{"@type":"BreadcrumbList","@id":"https:\/\/regiaonews.net.br\/2022\/2023\/10\/25\/centro-de-pesquisa-vai-usar-inteligencia-artificial-para-auxiliar-na-prevencao-de-crimes\/#breadcrumb","itemListElement":[{"@type":"ListItem","position":1,"name":"In\u00edcio","item":"https:\/\/regiaonews.net.br\/2022\/"},{"@type":"ListItem","position":2,"name":"Centro de pesquisa vai usar intelig\u00eancia artificial para auxiliar na preven\u00e7\u00e3o de crimes"}]},{"@type":"WebSite","@id":"https:\/\/regiaonews.net.br\/2022\/#website","url":"https:\/\/regiaonews.net.br\/2022\/","name":"Regi\u00e3o News","description":"Site de Not\u00edcias de Barretos e regi\u00e3o","publisher":{"@id":"https:\/\/regiaonews.net.br\/2022\/#organization"},"potentialAction":[{"@type":"SearchAction","target":{"@type":"EntryPoint","urlTemplate":"https:\/\/regiaonews.net.br\/2022\/?s={search_term_string}"},"query-input":{"@type":"PropertyValueSpecification","valueRequired":true,"valueName":"search_term_string"}}],"inLanguage":"pt-BR"},{"@type":"Organization","@id":"https:\/\/regiaonews.net.br\/2022\/#organization","name":"Regi\u00e3o News","url":"https:\/\/regiaonews.net.br\/2022\/","logo":{"@type":"ImageObject","inLanguage":"pt-BR","@id":"https:\/\/regiaonews.net.br\/2022\/#\/schema\/logo\/image\/","url":"https:\/\/regiaonews.net.br\/2022\/wp-content\/uploads\/2026\/03\/regiao-13-anos-scaled.jpg","contentUrl":"https:\/\/regiaonews.net.br\/2022\/wp-content\/uploads\/2026\/03\/regiao-13-anos-scaled.jpg","width":2560,"height":635,"caption":"Regi\u00e3o News"},"image":{"@id":"https:\/\/regiaonews.net.br\/2022\/#\/schema\/logo\/image\/"}},{"@type":"Person","@id":"https:\/\/regiaonews.net.br\/2022\/#\/schema\/person\/2d205a608a5aa97ac279d7a5e6d89ad8","name":"Roberto","image":{"@type":"ImageObject","inLanguage":"pt-BR","@id":"https:\/\/secure.gravatar.com\/avatar\/42749d8b712ff9d59ca93dc150494e5b55a44134482993f5baeb97e61b7ecc89?s=96&d=mm&r=g","url":"https:\/\/secure.gravatar.com\/avatar\/42749d8b712ff9d59ca93dc150494e5b55a44134482993f5baeb97e61b7ecc89?s=96&d=mm&r=g","contentUrl":"https:\/\/secure.gravatar.com\/avatar\/42749d8b712ff9d59ca93dc150494e5b55a44134482993f5baeb97e61b7ecc89?s=96&d=mm&r=g","caption":"Roberto"},"url":"https:\/\/regiaonews.net.br\/2022\/author\/roberto\/"}]}},"publishpress_future_action":{"enabled":false,"date":"2026-05-04 13:01:07","action":"change-status","newStatus":"draft","terms":[],"taxonomy":"category","extraData":[]},"publishpress_future_workflow_manual_trigger":{"enabledWorkflows":[]},"_links":{"self":[{"href":"https:\/\/regiaonews.net.br\/2022\/wp-json\/wp\/v2\/posts\/96957","targetHints":{"allow":["GET"]}}],"collection":[{"href":"https:\/\/regiaonews.net.br\/2022\/wp-json\/wp\/v2\/posts"}],"about":[{"href":"https:\/\/regiaonews.net.br\/2022\/wp-json\/wp\/v2\/types\/post"}],"author":[{"embeddable":true,"href":"https:\/\/regiaonews.net.br\/2022\/wp-json\/wp\/v2\/users\/2"}],"replies":[{"embeddable":true,"href":"https:\/\/regiaonews.net.br\/2022\/wp-json\/wp\/v2\/comments?post=96957"}],"version-history":[{"count":1,"href":"https:\/\/regiaonews.net.br\/2022\/wp-json\/wp\/v2\/posts\/96957\/revisions"}],"predecessor-version":[{"id":96959,"href":"https:\/\/regiaonews.net.br\/2022\/wp-json\/wp\/v2\/posts\/96957\/revisions\/96959"}],"wp:featuredmedia":[{"embeddable":true,"href":"https:\/\/regiaonews.net.br\/2022\/wp-json\/wp\/v2\/media\/96958"}],"wp:attachment":[{"href":"https:\/\/regiaonews.net.br\/2022\/wp-json\/wp\/v2\/media?parent=96957"}],"wp:term":[{"taxonomy":"category","embeddable":true,"href":"https:\/\/regiaonews.net.br\/2022\/wp-json\/wp\/v2\/categories?post=96957"},{"taxonomy":"post_tag","embeddable":true,"href":"https:\/\/regiaonews.net.br\/2022\/wp-json\/wp\/v2\/tags?post=96957"}],"curies":[{"name":"wp","href":"https:\/\/api.w.org\/{rel}","templated":true}]}}