{"id":96954,"date":"2023-10-25T13:32:25","date_gmt":"2023-10-25T16:32:25","guid":{"rendered":"https:\/\/regiaonews.net.br\/2022\/?p=96954"},"modified":"2023-10-25T13:32:25","modified_gmt":"2023-10-25T16:32:25","slug":"policia-civil-cumpre-7-mandados-de-prisao-em-operacao-contra-o-roubo-ostentacao","status":"publish","type":"post","link":"https:\/\/regiaonews.net.br\/2022\/2023\/10\/25\/policia-civil-cumpre-7-mandados-de-prisao-em-operacao-contra-o-roubo-ostentacao\/","title":{"rendered":"Pol\u00edcia Civil cumpre 7 mandados de pris\u00e3o em opera\u00e7\u00e3o contra o \u201croubo ostenta\u00e7\u00e3o\u201d"},"content":{"rendered":"<div>\n<h3 class=\"titulopreto ng-binding\" style=\"text-align: center;\">A\u00e7\u00e3o \u00e9 desdobramento das investiga\u00e7\u00f5es contra quadrilha especializada em roubos de motos de luxo.<\/h3>\n<\/div>\n<div id=\"notCorpo\" class=\"ng-binding\">\n<div>Policiais da Central Especializada de Repress\u00e3o a Crimes e Ocorr\u00eancias Diversas (Cerco), da 3\u00aa Seccional, cumpriram 7 mandados de pris\u00e3o e de interna\u00e7\u00e3o de adolescentes infratores envolvidos com o roubo de motos de luxo de alta cilindrada, nesta quarta-feira (25), em S\u00e3o Paulo.<\/div>\n<div><\/div>\n<div>Al\u00e9m dos mandados de pris\u00e3o e interna\u00e7\u00e3o, a Justi\u00e7a paulista tamb\u00e9m autorizou o cumprimento de busca e apreens\u00e3o em 11 endere\u00e7os ligados \u00e0 quadrilha nas regi\u00f5es sul, norte e leste de S\u00e3o Paulo.<\/div>\n<div><\/div>\n<div>O bando, conhecido por ser violento nas abordagens para roubar as motos com mais de 500 cilindradas, de alto valor no mercado, est\u00e1 sendo investigado pela Pol\u00edcia Civil h\u00e1 pelo menos sete meses, a partir das informa\u00e7\u00f5es levantadas pelo Centro Integrado de Comando e Controle (CICC), da Secretaria da Seguran\u00e7a P\u00fablica (SSP).<\/div>\n<div><\/div>\n<div>Nesta fase da opera\u00e7\u00e3o, os policiais identificaram pelo menos duas quadrilhas que atuam na capital paulista e regi\u00e3o metropolitana.<\/div>\n<div><\/div>\n<div>Durante as investiga\u00e7\u00f5es, policiais localizaram celulares de v\u00edtimas em alguns dos endere\u00e7os de integrantes do bando criminoso. Os menores de idade apreendidos nesta fase da opera\u00e7\u00e3o tamb\u00e9m participaram dos crimes, segundo a Pol\u00edcia Civil.<\/div>\n<div><\/div>\n<div>\u201cOs criminosos atuam sempre com viol\u00eancia para roubar as motos, com uso de arma de fogo e amea\u00e7ando as v\u00edtimas. No desdobramento das investiga\u00e7\u00f5es, pudemos identificar que o bando age sempre da mesma maneira\u201d, explicou o delegado do Cerco Oeste, Felipe Nakamura.<\/div>\n<div><\/div>\n<div>3\u00aa fase da Opera\u00e7\u00e3o Drake<\/div>\n<div><\/div>\n<div>Esta \u00e9 a terceira fase da Opera\u00e7\u00e3o Drake, nome em refer\u00eancia a express\u00e3o mandrake, g\u00edria usada pelos suspeitos para\u00a0 \u201cladr\u00f5es de moto\u201d.<\/div>\n<div><\/div>\n<div>Na primeira etapa da investiga\u00e7\u00e3o, os policiais prenderam oito criminosos e apreenderam dois adolescentes suspeitos de integrarem uma das quadrilhas que atuavam nesses crimes. Os envolvidos foram indiciados por roubo e forma\u00e7\u00e3o de quadrilha. Al\u00e9m das pris\u00f5es, os policiais recuperaram 11 motocicletas que haviam sido roubadas e esclareceram 14 roubos.<\/div>\n<div><\/div>\n<div>Na segunda fase da opera\u00e7\u00e3o, realizada em 18 de outubro, os investigadores do Cerco Norte, da 4\u00aa Seccional, cumpriram oito mandados de busca e apreens\u00e3o contra seis alvos identificados em tr\u00eas cidades: S\u00e3o Paulo, Itapecerica da Serra e Embu das Artes. O material apreendido ajudar\u00e1 a identificar outros criminosos que participaram dos roubos.<\/div>\n<div><\/div>\n<div>Encontros no CICC<\/div>\n<div><\/div>\n<div>Os roubos de motos de luxo registrados ao longo do ano foram tema de pelo menos cinco encontros realizados pelas for\u00e7as de seguran\u00e7a do Estado no Centro Integrado de Comando e Controle (CICC), na capital paulista.<\/div>\n<div><\/div>\n<div>O trabalho, desenvolvido em parceria com as v\u00edtimas e com os grupos de motociclistas, subsidiou um relat\u00f3rio que foi encaminhado \u00e0 Pol\u00edcia Civil e deu origem \u00e0s investiga\u00e7\u00f5es para desarticular essas quadrilhas.<\/div>\n<div><\/div>\n<div>Essa a\u00e7\u00e3o desencadeada pela Pol\u00edcia Civil \u00e9 uma demanda dos grupos de motociclistas que pediam um trabalho mais ostensivo na identifica\u00e7\u00e3o dos envolvidos nos crimes.<\/div>\n<\/div>\n<div class=\"clearfix\"><\/div>\n<div class=\"col-lg-12 col-md-12 col-sm-12 col-xs-12 rightText espacovertical\"><span class=\"ng-binding\">Guilherme Lopes<\/span><\/div>\n","protected":false},"excerpt":{"rendered":"<p>A\u00e7\u00e3o \u00e9 desdobramento das investiga\u00e7\u00f5es contra quadrilha especializada em roubos<\/p>\n","protected":false},"author":2,"featured_media":96955,"comment_status":"open","ping_status":"open","sticky":false,"template":"","format":"standard","meta":{"footnotes":""},"categories":[7,23],"tags":[],"class_list":["post-96954","post","type-post","status-publish","format-standard","has-post-thumbnail","hentry","category-estado-de-sao-paulo","category-policia"],"yoast_head":"<!-- This site is optimized with the Yoast SEO plugin v27.4 - https:\/\/yoast.com\/product\/yoast-seo-wordpress\/ -->\n<title>Pol\u00edcia Civil cumpre 7 mandados de pris\u00e3o em opera\u00e7\u00e3o contra o \u201croubo ostenta\u00e7\u00e3o\u201d - Regi\u00e3o News<\/title>\n<meta name=\"robots\" content=\"index, follow, max-snippet:-1, max-image-preview:large, max-video-preview:-1\" \/>\n<link rel=\"canonical\" href=\"https:\/\/regiaonews.net.br\/2022\/2023\/10\/25\/policia-civil-cumpre-7-mandados-de-prisao-em-operacao-contra-o-roubo-ostentacao\/\" \/>\n<meta property=\"og:locale\" content=\"pt_BR\" \/>\n<meta property=\"og:type\" content=\"article\" \/>\n<meta property=\"og:title\" content=\"Pol\u00edcia Civil cumpre 7 mandados de pris\u00e3o em opera\u00e7\u00e3o contra o \u201croubo ostenta\u00e7\u00e3o\u201d - Regi\u00e3o News\" \/>\n<meta property=\"og:description\" content=\"A\u00e7\u00e3o \u00e9 desdobramento das investiga\u00e7\u00f5es contra quadrilha especializada em roubos\" \/>\n<meta property=\"og:url\" content=\"https:\/\/regiaonews.net.br\/2022\/2023\/10\/25\/policia-civil-cumpre-7-mandados-de-prisao-em-operacao-contra-o-roubo-ostentacao\/\" \/>\n<meta property=\"og:site_name\" content=\"Regi\u00e3o News\" \/>\n<meta property=\"article:published_time\" content=\"2023-10-25T16:32:25+00:00\" \/>\n<meta name=\"author\" content=\"Roberto\" \/>\n<meta name=\"twitter:card\" content=\"summary_large_image\" \/>\n<meta name=\"twitter:label1\" content=\"Escrito por\" \/>\n\t<meta name=\"twitter:data1\" content=\"Roberto\" \/>\n\t<meta name=\"twitter:label2\" content=\"Est. tempo de leitura\" \/>\n\t<meta name=\"twitter:data2\" content=\"3 minutos\" \/>\n<script type=\"application\/ld+json\" class=\"yoast-schema-graph\">{\"@context\":\"https:\\\/\\\/schema.org\",\"@graph\":[{\"@type\":\"Article\",\"@id\":\"https:\\\/\\\/regiaonews.net.br\\\/2022\\\/2023\\\/10\\\/25\\\/policia-civil-cumpre-7-mandados-de-prisao-em-operacao-contra-o-roubo-ostentacao\\\/#article\",\"isPartOf\":{\"@id\":\"https:\\\/\\\/regiaonews.net.br\\\/2022\\\/2023\\\/10\\\/25\\\/policia-civil-cumpre-7-mandados-de-prisao-em-operacao-contra-o-roubo-ostentacao\\\/\"},\"author\":{\"name\":\"Roberto\",\"@id\":\"https:\\\/\\\/regiaonews.net.br\\\/2022\\\/#\\\/schema\\\/person\\\/2d205a608a5aa97ac279d7a5e6d89ad8\"},\"headline\":\"Pol\u00edcia Civil cumpre 7 mandados de pris\u00e3o em opera\u00e7\u00e3o contra o \u201croubo ostenta\u00e7\u00e3o\u201d\",\"datePublished\":\"2023-10-25T16:32:25+00:00\",\"mainEntityOfPage\":{\"@id\":\"https:\\\/\\\/regiaonews.net.br\\\/2022\\\/2023\\\/10\\\/25\\\/policia-civil-cumpre-7-mandados-de-prisao-em-operacao-contra-o-roubo-ostentacao\\\/\"},\"wordCount\":521,\"commentCount\":0,\"publisher\":{\"@id\":\"https:\\\/\\\/regiaonews.net.br\\\/2022\\\/#organization\"},\"image\":{\"@id\":\"https:\\\/\\\/regiaonews.net.br\\\/2022\\\/2023\\\/10\\\/25\\\/policia-civil-cumpre-7-mandados-de-prisao-em-operacao-contra-o-roubo-ostentacao\\\/#primaryimage\"},\"thumbnailUrl\":\"https:\\\/\\\/regiaonews.net.br\\\/2022\\\/wp-content\\\/uploads\\\/2023\\\/10\\\/00051806.bmp\",\"articleSection\":[\"Estado de S\u00e3o Paulo\",\"Policia\"],\"inLanguage\":\"pt-BR\",\"potentialAction\":[{\"@type\":\"CommentAction\",\"name\":\"Comment\",\"target\":[\"https:\\\/\\\/regiaonews.net.br\\\/2022\\\/2023\\\/10\\\/25\\\/policia-civil-cumpre-7-mandados-de-prisao-em-operacao-contra-o-roubo-ostentacao\\\/#respond\"]}]},{\"@type\":\"WebPage\",\"@id\":\"https:\\\/\\\/regiaonews.net.br\\\/2022\\\/2023\\\/10\\\/25\\\/policia-civil-cumpre-7-mandados-de-prisao-em-operacao-contra-o-roubo-ostentacao\\\/\",\"url\":\"https:\\\/\\\/regiaonews.net.br\\\/2022\\\/2023\\\/10\\\/25\\\/policia-civil-cumpre-7-mandados-de-prisao-em-operacao-contra-o-roubo-ostentacao\\\/\",\"name\":\"Pol\u00edcia Civil cumpre 7 mandados de pris\u00e3o em opera\u00e7\u00e3o contra o \u201croubo ostenta\u00e7\u00e3o\u201d - Regi\u00e3o News\",\"isPartOf\":{\"@id\":\"https:\\\/\\\/regiaonews.net.br\\\/2022\\\/#website\"},\"primaryImageOfPage\":{\"@id\":\"https:\\\/\\\/regiaonews.net.br\\\/2022\\\/2023\\\/10\\\/25\\\/policia-civil-cumpre-7-mandados-de-prisao-em-operacao-contra-o-roubo-ostentacao\\\/#primaryimage\"},\"image\":{\"@id\":\"https:\\\/\\\/regiaonews.net.br\\\/2022\\\/2023\\\/10\\\/25\\\/policia-civil-cumpre-7-mandados-de-prisao-em-operacao-contra-o-roubo-ostentacao\\\/#primaryimage\"},\"thumbnailUrl\":\"https:\\\/\\\/regiaonews.net.br\\\/2022\\\/wp-content\\\/uploads\\\/2023\\\/10\\\/00051806.bmp\",\"datePublished\":\"2023-10-25T16:32:25+00:00\",\"breadcrumb\":{\"@id\":\"https:\\\/\\\/regiaonews.net.br\\\/2022\\\/2023\\\/10\\\/25\\\/policia-civil-cumpre-7-mandados-de-prisao-em-operacao-contra-o-roubo-ostentacao\\\/#breadcrumb\"},\"inLanguage\":\"pt-BR\",\"potentialAction\":[{\"@type\":\"ReadAction\",\"target\":[\"https:\\\/\\\/regiaonews.net.br\\\/2022\\\/2023\\\/10\\\/25\\\/policia-civil-cumpre-7-mandados-de-prisao-em-operacao-contra-o-roubo-ostentacao\\\/\"]}]},{\"@type\":\"ImageObject\",\"inLanguage\":\"pt-BR\",\"@id\":\"https:\\\/\\\/regiaonews.net.br\\\/2022\\\/2023\\\/10\\\/25\\\/policia-civil-cumpre-7-mandados-de-prisao-em-operacao-contra-o-roubo-ostentacao\\\/#primaryimage\",\"url\":\"https:\\\/\\\/regiaonews.net.br\\\/2022\\\/wp-content\\\/uploads\\\/2023\\\/10\\\/00051806.bmp\",\"contentUrl\":\"https:\\\/\\\/regiaonews.net.br\\\/2022\\\/wp-content\\\/uploads\\\/2023\\\/10\\\/00051806.bmp\",\"width\":380,\"height\":285},{\"@type\":\"BreadcrumbList\",\"@id\":\"https:\\\/\\\/regiaonews.net.br\\\/2022\\\/2023\\\/10\\\/25\\\/policia-civil-cumpre-7-mandados-de-prisao-em-operacao-contra-o-roubo-ostentacao\\\/#breadcrumb\",\"itemListElement\":[{\"@type\":\"ListItem\",\"position\":1,\"name\":\"In\u00edcio\",\"item\":\"https:\\\/\\\/regiaonews.net.br\\\/2022\\\/\"},{\"@type\":\"ListItem\",\"position\":2,\"name\":\"Pol\u00edcia Civil cumpre 7 mandados de pris\u00e3o em opera\u00e7\u00e3o contra o \u201croubo ostenta\u00e7\u00e3o\u201d\"}]},{\"@type\":\"WebSite\",\"@id\":\"https:\\\/\\\/regiaonews.net.br\\\/2022\\\/#website\",\"url\":\"https:\\\/\\\/regiaonews.net.br\\\/2022\\\/\",\"name\":\"Regi\u00e3o News\",\"description\":\"Site de Not\u00edcias de Barretos e regi\u00e3o\",\"publisher\":{\"@id\":\"https:\\\/\\\/regiaonews.net.br\\\/2022\\\/#organization\"},\"potentialAction\":[{\"@type\":\"SearchAction\",\"target\":{\"@type\":\"EntryPoint\",\"urlTemplate\":\"https:\\\/\\\/regiaonews.net.br\\\/2022\\\/?s={search_term_string}\"},\"query-input\":{\"@type\":\"PropertyValueSpecification\",\"valueRequired\":true,\"valueName\":\"search_term_string\"}}],\"inLanguage\":\"pt-BR\"},{\"@type\":\"Organization\",\"@id\":\"https:\\\/\\\/regiaonews.net.br\\\/2022\\\/#organization\",\"name\":\"Regi\u00e3o News\",\"url\":\"https:\\\/\\\/regiaonews.net.br\\\/2022\\\/\",\"logo\":{\"@type\":\"ImageObject\",\"inLanguage\":\"pt-BR\",\"@id\":\"https:\\\/\\\/regiaonews.net.br\\\/2022\\\/#\\\/schema\\\/logo\\\/image\\\/\",\"url\":\"https:\\\/\\\/regiaonews.net.br\\\/2022\\\/wp-content\\\/uploads\\\/2026\\\/03\\\/regiao-13-anos-scaled.jpg\",\"contentUrl\":\"https:\\\/\\\/regiaonews.net.br\\\/2022\\\/wp-content\\\/uploads\\\/2026\\\/03\\\/regiao-13-anos-scaled.jpg\",\"width\":2560,\"height\":635,\"caption\":\"Regi\u00e3o News\"},\"image\":{\"@id\":\"https:\\\/\\\/regiaonews.net.br\\\/2022\\\/#\\\/schema\\\/logo\\\/image\\\/\"}},{\"@type\":\"Person\",\"@id\":\"https:\\\/\\\/regiaonews.net.br\\\/2022\\\/#\\\/schema\\\/person\\\/2d205a608a5aa97ac279d7a5e6d89ad8\",\"name\":\"Roberto\",\"image\":{\"@type\":\"ImageObject\",\"inLanguage\":\"pt-BR\",\"@id\":\"https:\\\/\\\/secure.gravatar.com\\\/avatar\\\/42749d8b712ff9d59ca93dc150494e5b55a44134482993f5baeb97e61b7ecc89?s=96&d=mm&r=g\",\"url\":\"https:\\\/\\\/secure.gravatar.com\\\/avatar\\\/42749d8b712ff9d59ca93dc150494e5b55a44134482993f5baeb97e61b7ecc89?s=96&d=mm&r=g\",\"contentUrl\":\"https:\\\/\\\/secure.gravatar.com\\\/avatar\\\/42749d8b712ff9d59ca93dc150494e5b55a44134482993f5baeb97e61b7ecc89?s=96&d=mm&r=g\",\"caption\":\"Roberto\"},\"url\":\"https:\\\/\\\/regiaonews.net.br\\\/2022\\\/author\\\/roberto\\\/\"}]}<\/script>\n<!-- \/ Yoast SEO plugin. -->","yoast_head_json":{"title":"Pol\u00edcia Civil cumpre 7 mandados de pris\u00e3o em opera\u00e7\u00e3o contra o \u201croubo ostenta\u00e7\u00e3o\u201d - Regi\u00e3o News","robots":{"index":"index","follow":"follow","max-snippet":"max-snippet:-1","max-image-preview":"max-image-preview:large","max-video-preview":"max-video-preview:-1"},"canonical":"https:\/\/regiaonews.net.br\/2022\/2023\/10\/25\/policia-civil-cumpre-7-mandados-de-prisao-em-operacao-contra-o-roubo-ostentacao\/","og_locale":"pt_BR","og_type":"article","og_title":"Pol\u00edcia Civil cumpre 7 mandados de pris\u00e3o em opera\u00e7\u00e3o contra o \u201croubo ostenta\u00e7\u00e3o\u201d - Regi\u00e3o News","og_description":"A\u00e7\u00e3o \u00e9 desdobramento das investiga\u00e7\u00f5es contra quadrilha especializada em roubos","og_url":"https:\/\/regiaonews.net.br\/2022\/2023\/10\/25\/policia-civil-cumpre-7-mandados-de-prisao-em-operacao-contra-o-roubo-ostentacao\/","og_site_name":"Regi\u00e3o News","article_published_time":"2023-10-25T16:32:25+00:00","author":"Roberto","twitter_card":"summary_large_image","twitter_misc":{"Escrito por":"Roberto","Est. tempo de leitura":"3 minutos"},"schema":{"@context":"https:\/\/schema.org","@graph":[{"@type":"Article","@id":"https:\/\/regiaonews.net.br\/2022\/2023\/10\/25\/policia-civil-cumpre-7-mandados-de-prisao-em-operacao-contra-o-roubo-ostentacao\/#article","isPartOf":{"@id":"https:\/\/regiaonews.net.br\/2022\/2023\/10\/25\/policia-civil-cumpre-7-mandados-de-prisao-em-operacao-contra-o-roubo-ostentacao\/"},"author":{"name":"Roberto","@id":"https:\/\/regiaonews.net.br\/2022\/#\/schema\/person\/2d205a608a5aa97ac279d7a5e6d89ad8"},"headline":"Pol\u00edcia Civil cumpre 7 mandados de pris\u00e3o em opera\u00e7\u00e3o contra o \u201croubo ostenta\u00e7\u00e3o\u201d","datePublished":"2023-10-25T16:32:25+00:00","mainEntityOfPage":{"@id":"https:\/\/regiaonews.net.br\/2022\/2023\/10\/25\/policia-civil-cumpre-7-mandados-de-prisao-em-operacao-contra-o-roubo-ostentacao\/"},"wordCount":521,"commentCount":0,"publisher":{"@id":"https:\/\/regiaonews.net.br\/2022\/#organization"},"image":{"@id":"https:\/\/regiaonews.net.br\/2022\/2023\/10\/25\/policia-civil-cumpre-7-mandados-de-prisao-em-operacao-contra-o-roubo-ostentacao\/#primaryimage"},"thumbnailUrl":"https:\/\/regiaonews.net.br\/2022\/wp-content\/uploads\/2023\/10\/00051806.bmp","articleSection":["Estado de S\u00e3o Paulo","Policia"],"inLanguage":"pt-BR","potentialAction":[{"@type":"CommentAction","name":"Comment","target":["https:\/\/regiaonews.net.br\/2022\/2023\/10\/25\/policia-civil-cumpre-7-mandados-de-prisao-em-operacao-contra-o-roubo-ostentacao\/#respond"]}]},{"@type":"WebPage","@id":"https:\/\/regiaonews.net.br\/2022\/2023\/10\/25\/policia-civil-cumpre-7-mandados-de-prisao-em-operacao-contra-o-roubo-ostentacao\/","url":"https:\/\/regiaonews.net.br\/2022\/2023\/10\/25\/policia-civil-cumpre-7-mandados-de-prisao-em-operacao-contra-o-roubo-ostentacao\/","name":"Pol\u00edcia Civil cumpre 7 mandados de pris\u00e3o em opera\u00e7\u00e3o contra o \u201croubo ostenta\u00e7\u00e3o\u201d - Regi\u00e3o News","isPartOf":{"@id":"https:\/\/regiaonews.net.br\/2022\/#website"},"primaryImageOfPage":{"@id":"https:\/\/regiaonews.net.br\/2022\/2023\/10\/25\/policia-civil-cumpre-7-mandados-de-prisao-em-operacao-contra-o-roubo-ostentacao\/#primaryimage"},"image":{"@id":"https:\/\/regiaonews.net.br\/2022\/2023\/10\/25\/policia-civil-cumpre-7-mandados-de-prisao-em-operacao-contra-o-roubo-ostentacao\/#primaryimage"},"thumbnailUrl":"https:\/\/regiaonews.net.br\/2022\/wp-content\/uploads\/2023\/10\/00051806.bmp","datePublished":"2023-10-25T16:32:25+00:00","breadcrumb":{"@id":"https:\/\/regiaonews.net.br\/2022\/2023\/10\/25\/policia-civil-cumpre-7-mandados-de-prisao-em-operacao-contra-o-roubo-ostentacao\/#breadcrumb"},"inLanguage":"pt-BR","potentialAction":[{"@type":"ReadAction","target":["https:\/\/regiaonews.net.br\/2022\/2023\/10\/25\/policia-civil-cumpre-7-mandados-de-prisao-em-operacao-contra-o-roubo-ostentacao\/"]}]},{"@type":"ImageObject","inLanguage":"pt-BR","@id":"https:\/\/regiaonews.net.br\/2022\/2023\/10\/25\/policia-civil-cumpre-7-mandados-de-prisao-em-operacao-contra-o-roubo-ostentacao\/#primaryimage","url":"https:\/\/regiaonews.net.br\/2022\/wp-content\/uploads\/2023\/10\/00051806.bmp","contentUrl":"https:\/\/regiaonews.net.br\/2022\/wp-content\/uploads\/2023\/10\/00051806.bmp","width":380,"height":285},{"@type":"BreadcrumbList","@id":"https:\/\/regiaonews.net.br\/2022\/2023\/10\/25\/policia-civil-cumpre-7-mandados-de-prisao-em-operacao-contra-o-roubo-ostentacao\/#breadcrumb","itemListElement":[{"@type":"ListItem","position":1,"name":"In\u00edcio","item":"https:\/\/regiaonews.net.br\/2022\/"},{"@type":"ListItem","position":2,"name":"Pol\u00edcia Civil cumpre 7 mandados de pris\u00e3o em opera\u00e7\u00e3o contra o \u201croubo ostenta\u00e7\u00e3o\u201d"}]},{"@type":"WebSite","@id":"https:\/\/regiaonews.net.br\/2022\/#website","url":"https:\/\/regiaonews.net.br\/2022\/","name":"Regi\u00e3o News","description":"Site de Not\u00edcias de Barretos e regi\u00e3o","publisher":{"@id":"https:\/\/regiaonews.net.br\/2022\/#organization"},"potentialAction":[{"@type":"SearchAction","target":{"@type":"EntryPoint","urlTemplate":"https:\/\/regiaonews.net.br\/2022\/?s={search_term_string}"},"query-input":{"@type":"PropertyValueSpecification","valueRequired":true,"valueName":"search_term_string"}}],"inLanguage":"pt-BR"},{"@type":"Organization","@id":"https:\/\/regiaonews.net.br\/2022\/#organization","name":"Regi\u00e3o News","url":"https:\/\/regiaonews.net.br\/2022\/","logo":{"@type":"ImageObject","inLanguage":"pt-BR","@id":"https:\/\/regiaonews.net.br\/2022\/#\/schema\/logo\/image\/","url":"https:\/\/regiaonews.net.br\/2022\/wp-content\/uploads\/2026\/03\/regiao-13-anos-scaled.jpg","contentUrl":"https:\/\/regiaonews.net.br\/2022\/wp-content\/uploads\/2026\/03\/regiao-13-anos-scaled.jpg","width":2560,"height":635,"caption":"Regi\u00e3o News"},"image":{"@id":"https:\/\/regiaonews.net.br\/2022\/#\/schema\/logo\/image\/"}},{"@type":"Person","@id":"https:\/\/regiaonews.net.br\/2022\/#\/schema\/person\/2d205a608a5aa97ac279d7a5e6d89ad8","name":"Roberto","image":{"@type":"ImageObject","inLanguage":"pt-BR","@id":"https:\/\/secure.gravatar.com\/avatar\/42749d8b712ff9d59ca93dc150494e5b55a44134482993f5baeb97e61b7ecc89?s=96&d=mm&r=g","url":"https:\/\/secure.gravatar.com\/avatar\/42749d8b712ff9d59ca93dc150494e5b55a44134482993f5baeb97e61b7ecc89?s=96&d=mm&r=g","contentUrl":"https:\/\/secure.gravatar.com\/avatar\/42749d8b712ff9d59ca93dc150494e5b55a44134482993f5baeb97e61b7ecc89?s=96&d=mm&r=g","caption":"Roberto"},"url":"https:\/\/regiaonews.net.br\/2022\/author\/roberto\/"}]}},"publishpress_future_action":{"enabled":false,"date":"2026-05-04 13:01:32","action":"change-status","newStatus":"draft","terms":[],"taxonomy":"category","extraData":[]},"publishpress_future_workflow_manual_trigger":{"enabledWorkflows":[]},"_links":{"self":[{"href":"https:\/\/regiaonews.net.br\/2022\/wp-json\/wp\/v2\/posts\/96954","targetHints":{"allow":["GET"]}}],"collection":[{"href":"https:\/\/regiaonews.net.br\/2022\/wp-json\/wp\/v2\/posts"}],"about":[{"href":"https:\/\/regiaonews.net.br\/2022\/wp-json\/wp\/v2\/types\/post"}],"author":[{"embeddable":true,"href":"https:\/\/regiaonews.net.br\/2022\/wp-json\/wp\/v2\/users\/2"}],"replies":[{"embeddable":true,"href":"https:\/\/regiaonews.net.br\/2022\/wp-json\/wp\/v2\/comments?post=96954"}],"version-history":[{"count":1,"href":"https:\/\/regiaonews.net.br\/2022\/wp-json\/wp\/v2\/posts\/96954\/revisions"}],"predecessor-version":[{"id":96956,"href":"https:\/\/regiaonews.net.br\/2022\/wp-json\/wp\/v2\/posts\/96954\/revisions\/96956"}],"wp:featuredmedia":[{"embeddable":true,"href":"https:\/\/regiaonews.net.br\/2022\/wp-json\/wp\/v2\/media\/96955"}],"wp:attachment":[{"href":"https:\/\/regiaonews.net.br\/2022\/wp-json\/wp\/v2\/media?parent=96954"}],"wp:term":[{"taxonomy":"category","embeddable":true,"href":"https:\/\/regiaonews.net.br\/2022\/wp-json\/wp\/v2\/categories?post=96954"},{"taxonomy":"post_tag","embeddable":true,"href":"https:\/\/regiaonews.net.br\/2022\/wp-json\/wp\/v2\/tags?post=96954"}],"curies":[{"name":"wp","href":"https:\/\/api.w.org\/{rel}","templated":true}]}}