{"id":96912,"date":"2023-10-24T11:55:07","date_gmt":"2023-10-24T14:55:07","guid":{"rendered":"https:\/\/regiaonews.net.br\/2022\/?p=96912"},"modified":"2023-10-24T11:55:07","modified_gmt":"2023-10-24T14:55:07","slug":"privatizacao-da-sabesp-pode-prejudicar-qualidade-dos-servicos-e-vida-dos-moradores-diz-advogado","status":"publish","type":"post","link":"https:\/\/regiaonews.net.br\/2022\/2023\/10\/24\/privatizacao-da-sabesp-pode-prejudicar-qualidade-dos-servicos-e-vida-dos-moradores-diz-advogado\/","title":{"rendered":"Privatiza\u00e7\u00e3o da Sabesp pode prejudicar qualidade dos servi\u00e7os e vida dos moradores, diz advogado"},"content":{"rendered":"<p>A proposta de privatizar a Sabesp, a empresa p\u00fablica que cuida do saneamento b\u00e1sico em S\u00e3o Paulo e demais outras cidades, tem gerado muita pol\u00eamica e discuss\u00e3o. O governo estadual diz que vender as a\u00e7\u00f5es da Sabesp para empresas privadas pode trazer vantagens como tarifas mais baixas, acesso universal \u00e0 \u00e1gua e ao esgoto e cumprimento antecipado das metas do novo marco legal do saneamento.<\/p>\n<p>O governo enviou um projeto de lei para a Assembleia Legislativa de S\u00e3o Paulo (Alesp) em outubro de 2023, pedindo urg\u00eancia na vota\u00e7\u00e3o e na aprova\u00e7\u00e3o. O plano \u00e9 que a privatiza\u00e7\u00e3o aconte\u00e7a at\u00e9 abril de 2024, por meio de uma oferta p\u00fablica de a\u00e7\u00f5es (follow-on), na qual o estado perderia o controle da Sabesp, mas ficaria com uma parte minorit\u00e1ria e uma a\u00e7\u00e3o especial (golden share) que lhe daria direito de veto em algumas decis\u00f5es importantes.<\/p>\n<p>&#8211; \u201cO governo espera arrecadar cerca de R$ 60 bilh\u00f5es com a venda, dos quais pelo menos 30% seriam usados para criar um fundo de apoio ao saneamento em todo o estado. Os defensores da privatiza\u00e7\u00e3o acreditam que as empresas privadas teriam mais recursos e compet\u00eancia para investir na amplia\u00e7\u00e3o e na melhoria dos servi\u00e7os de saneamento, al\u00e9m de serem mais eficientes e competitivas\u201d, explicou o advogado Gianlucca Contiero Murari, especialista neste tipo de assunto.<\/p>\n<p>O governo afirma que a privatiza\u00e7\u00e3o faria com que a Sabesp atingisse as metas do novo marco legal do saneamento quatro anos antes do prazo final, que \u00e9 2033. Essas metas s\u00e3o fornecer \u00e1gua pot\u00e1vel para 99% da popula\u00e7\u00e3o e coleta e tratamento de esgoto para 90%.<\/p>\n<p>Al\u00e9m disso, o governo promete que a privatiza\u00e7\u00e3o diminuiria as tarifas para os consumidores, especialmente para os mais pobres, por meio de um fundo que usaria parte do dinheiro da venda e dos lucros da empresa para pagar parte das contas de \u00e1gua e esgoto.<\/p>\n<p>Mas a privatiza\u00e7\u00e3o da Sabesp pode ser mais prejudicial do que ben\u00e9fica para os paulistas, por v\u00e1rios motivos. Um deles \u00e9 o social, pois existe o perigo de que as empresas privadas deem prefer\u00eancia para as \u00e1reas mais lucrativas e ignorem as regi\u00f5es mais carentes e distantes, onde o custo dos servi\u00e7os \u00e9 maior.<\/p>\n<p>&#8211; \u201cIsso pode aumentar a exclus\u00e3o e a desigualdade no acesso \u00e0 \u00e1gua e ao esgoto, que s\u00e3o direitos fundamentais por analogia. Outro motivo \u00e9 o ambiental, pois o setor precisa de uma vis\u00e3o integrada e de longo prazo, n\u00e3o sujeita \u00e0s varia\u00e7\u00f5es do mercado\u201d, refor\u00e7ou o advogado.<\/p>\n<p>A Sabesp \u00e9 respons\u00e1vel por operar v\u00e1rios sistemas produtores de \u00e1gua que abastecem n\u00e3o s\u00f3 a regi\u00e3o metropolitana de S\u00e3o Paulo, mas tamb\u00e9m outras cidades do interior e do litoral. A privatiza\u00e7\u00e3o pode colocar em risco a qualidade e a seguran\u00e7a desses recursos, especialmente em situa\u00e7\u00f5es de falta ou contamina\u00e7\u00e3o de \u00e1gua.<\/p>\n<p>Por isso, \u00e9 preciso muita aten\u00e7\u00e3o e cuidado por parte do governo estadual para que a privatiza\u00e7\u00e3o da Sabesp n\u00e3o traga mais problemas do que solu\u00e7\u00f5es para os paulistas, tanto no aspecto social, quanto no ambiental e no trabalhista.<\/p>\n<p>&#8211; \u201cA Sabesp \u00e9 uma empresa p\u00fablica que presta um servi\u00e7o essencial para as pessoas e para o meio ambiente, e que tem um papel estrat\u00e9gico para o desenvolvimento do estado, para a qualidade de vida dos brasileiros e para a sa\u00fade p\u00fablica em geral, e por isso deve ser valorizada e utilizada de forma estrat\u00e9gica e ben\u00e9fica para a popula\u00e7\u00e3o\u201d, finalizou\u00a0o\u00a0especialista.<\/p>\n","protected":false},"excerpt":{"rendered":"<p>A proposta de privatizar a Sabesp, a empresa p\u00fablica que<\/p>\n","protected":false},"author":2,"featured_media":96913,"comment_status":"open","ping_status":"open","sticky":false,"template":"","format":"standard","meta":{"footnotes":""},"categories":[24,3],"tags":[],"class_list":["post-96912","post","type-post","status-publish","format-standard","has-post-thumbnail","hentry","category-brasil","category-geral"],"yoast_head":"<!-- This site is optimized with the Yoast SEO plugin v27.4 - https:\/\/yoast.com\/product\/yoast-seo-wordpress\/ -->\n<title>Privatiza\u00e7\u00e3o da Sabesp pode prejudicar qualidade dos servi\u00e7os e vida dos moradores, diz advogado - Regi\u00e3o News<\/title>\n<meta name=\"robots\" content=\"index, follow, max-snippet:-1, max-image-preview:large, max-video-preview:-1\" \/>\n<link rel=\"canonical\" href=\"https:\/\/regiaonews.net.br\/2022\/2023\/10\/24\/privatizacao-da-sabesp-pode-prejudicar-qualidade-dos-servicos-e-vida-dos-moradores-diz-advogado\/\" \/>\n<meta property=\"og:locale\" content=\"pt_BR\" \/>\n<meta property=\"og:type\" content=\"article\" \/>\n<meta property=\"og:title\" content=\"Privatiza\u00e7\u00e3o da Sabesp pode prejudicar qualidade dos servi\u00e7os e vida dos moradores, diz advogado - Regi\u00e3o News\" \/>\n<meta property=\"og:description\" content=\"A proposta de privatizar a Sabesp, a empresa p\u00fablica que\" \/>\n<meta property=\"og:url\" content=\"https:\/\/regiaonews.net.br\/2022\/2023\/10\/24\/privatizacao-da-sabesp-pode-prejudicar-qualidade-dos-servicos-e-vida-dos-moradores-diz-advogado\/\" \/>\n<meta property=\"og:site_name\" content=\"Regi\u00e3o News\" \/>\n<meta property=\"article:published_time\" content=\"2023-10-24T14:55:07+00:00\" \/>\n<meta property=\"og:image\" content=\"https:\/\/regiaonews.net.br\/2022\/wp-content\/uploads\/2023\/10\/Imagem-do-WhatsApp-de-2023-10-24-as-11.30.42_f2cc813b.jpg\" \/>\n\t<meta property=\"og:image:width\" content=\"740\" \/>\n\t<meta property=\"og:image:height\" content=\"493\" \/>\n\t<meta property=\"og:image:type\" content=\"image\/jpeg\" \/>\n<meta name=\"author\" content=\"Roberto\" \/>\n<meta name=\"twitter:card\" content=\"summary_large_image\" \/>\n<meta name=\"twitter:label1\" content=\"Escrito por\" \/>\n\t<meta name=\"twitter:data1\" content=\"Roberto\" \/>\n\t<meta name=\"twitter:label2\" content=\"Est. tempo de leitura\" \/>\n\t<meta name=\"twitter:data2\" content=\"4 minutos\" \/>\n<script type=\"application\/ld+json\" class=\"yoast-schema-graph\">{\"@context\":\"https:\\\/\\\/schema.org\",\"@graph\":[{\"@type\":\"Article\",\"@id\":\"https:\\\/\\\/regiaonews.net.br\\\/2022\\\/2023\\\/10\\\/24\\\/privatizacao-da-sabesp-pode-prejudicar-qualidade-dos-servicos-e-vida-dos-moradores-diz-advogado\\\/#article\",\"isPartOf\":{\"@id\":\"https:\\\/\\\/regiaonews.net.br\\\/2022\\\/2023\\\/10\\\/24\\\/privatizacao-da-sabesp-pode-prejudicar-qualidade-dos-servicos-e-vida-dos-moradores-diz-advogado\\\/\"},\"author\":{\"name\":\"Roberto\",\"@id\":\"https:\\\/\\\/regiaonews.net.br\\\/2022\\\/#\\\/schema\\\/person\\\/2d205a608a5aa97ac279d7a5e6d89ad8\"},\"headline\":\"Privatiza\u00e7\u00e3o da Sabesp pode prejudicar qualidade dos servi\u00e7os e vida dos moradores, diz advogado\",\"datePublished\":\"2023-10-24T14:55:07+00:00\",\"mainEntityOfPage\":{\"@id\":\"https:\\\/\\\/regiaonews.net.br\\\/2022\\\/2023\\\/10\\\/24\\\/privatizacao-da-sabesp-pode-prejudicar-qualidade-dos-servicos-e-vida-dos-moradores-diz-advogado\\\/\"},\"wordCount\":628,\"commentCount\":0,\"publisher\":{\"@id\":\"https:\\\/\\\/regiaonews.net.br\\\/2022\\\/#organization\"},\"image\":{\"@id\":\"https:\\\/\\\/regiaonews.net.br\\\/2022\\\/2023\\\/10\\\/24\\\/privatizacao-da-sabesp-pode-prejudicar-qualidade-dos-servicos-e-vida-dos-moradores-diz-advogado\\\/#primaryimage\"},\"thumbnailUrl\":\"https:\\\/\\\/regiaonews.net.br\\\/2022\\\/wp-content\\\/uploads\\\/2023\\\/10\\\/Imagem-do-WhatsApp-de-2023-10-24-as-11.30.42_f2cc813b.jpg\",\"articleSection\":[\"Brasil\",\"Geral\"],\"inLanguage\":\"pt-BR\",\"potentialAction\":[{\"@type\":\"CommentAction\",\"name\":\"Comment\",\"target\":[\"https:\\\/\\\/regiaonews.net.br\\\/2022\\\/2023\\\/10\\\/24\\\/privatizacao-da-sabesp-pode-prejudicar-qualidade-dos-servicos-e-vida-dos-moradores-diz-advogado\\\/#respond\"]}]},{\"@type\":\"WebPage\",\"@id\":\"https:\\\/\\\/regiaonews.net.br\\\/2022\\\/2023\\\/10\\\/24\\\/privatizacao-da-sabesp-pode-prejudicar-qualidade-dos-servicos-e-vida-dos-moradores-diz-advogado\\\/\",\"url\":\"https:\\\/\\\/regiaonews.net.br\\\/2022\\\/2023\\\/10\\\/24\\\/privatizacao-da-sabesp-pode-prejudicar-qualidade-dos-servicos-e-vida-dos-moradores-diz-advogado\\\/\",\"name\":\"Privatiza\u00e7\u00e3o da Sabesp pode prejudicar qualidade dos servi\u00e7os e vida dos moradores, diz advogado - Regi\u00e3o News\",\"isPartOf\":{\"@id\":\"https:\\\/\\\/regiaonews.net.br\\\/2022\\\/#website\"},\"primaryImageOfPage\":{\"@id\":\"https:\\\/\\\/regiaonews.net.br\\\/2022\\\/2023\\\/10\\\/24\\\/privatizacao-da-sabesp-pode-prejudicar-qualidade-dos-servicos-e-vida-dos-moradores-diz-advogado\\\/#primaryimage\"},\"image\":{\"@id\":\"https:\\\/\\\/regiaonews.net.br\\\/2022\\\/2023\\\/10\\\/24\\\/privatizacao-da-sabesp-pode-prejudicar-qualidade-dos-servicos-e-vida-dos-moradores-diz-advogado\\\/#primaryimage\"},\"thumbnailUrl\":\"https:\\\/\\\/regiaonews.net.br\\\/2022\\\/wp-content\\\/uploads\\\/2023\\\/10\\\/Imagem-do-WhatsApp-de-2023-10-24-as-11.30.42_f2cc813b.jpg\",\"datePublished\":\"2023-10-24T14:55:07+00:00\",\"breadcrumb\":{\"@id\":\"https:\\\/\\\/regiaonews.net.br\\\/2022\\\/2023\\\/10\\\/24\\\/privatizacao-da-sabesp-pode-prejudicar-qualidade-dos-servicos-e-vida-dos-moradores-diz-advogado\\\/#breadcrumb\"},\"inLanguage\":\"pt-BR\",\"potentialAction\":[{\"@type\":\"ReadAction\",\"target\":[\"https:\\\/\\\/regiaonews.net.br\\\/2022\\\/2023\\\/10\\\/24\\\/privatizacao-da-sabesp-pode-prejudicar-qualidade-dos-servicos-e-vida-dos-moradores-diz-advogado\\\/\"]}]},{\"@type\":\"ImageObject\",\"inLanguage\":\"pt-BR\",\"@id\":\"https:\\\/\\\/regiaonews.net.br\\\/2022\\\/2023\\\/10\\\/24\\\/privatizacao-da-sabesp-pode-prejudicar-qualidade-dos-servicos-e-vida-dos-moradores-diz-advogado\\\/#primaryimage\",\"url\":\"https:\\\/\\\/regiaonews.net.br\\\/2022\\\/wp-content\\\/uploads\\\/2023\\\/10\\\/Imagem-do-WhatsApp-de-2023-10-24-as-11.30.42_f2cc813b.jpg\",\"contentUrl\":\"https:\\\/\\\/regiaonews.net.br\\\/2022\\\/wp-content\\\/uploads\\\/2023\\\/10\\\/Imagem-do-WhatsApp-de-2023-10-24-as-11.30.42_f2cc813b.jpg\",\"width\":740,\"height\":493},{\"@type\":\"BreadcrumbList\",\"@id\":\"https:\\\/\\\/regiaonews.net.br\\\/2022\\\/2023\\\/10\\\/24\\\/privatizacao-da-sabesp-pode-prejudicar-qualidade-dos-servicos-e-vida-dos-moradores-diz-advogado\\\/#breadcrumb\",\"itemListElement\":[{\"@type\":\"ListItem\",\"position\":1,\"name\":\"In\u00edcio\",\"item\":\"https:\\\/\\\/regiaonews.net.br\\\/2022\\\/\"},{\"@type\":\"ListItem\",\"position\":2,\"name\":\"Privatiza\u00e7\u00e3o da Sabesp pode prejudicar qualidade dos servi\u00e7os e vida dos moradores, diz advogado\"}]},{\"@type\":\"WebSite\",\"@id\":\"https:\\\/\\\/regiaonews.net.br\\\/2022\\\/#website\",\"url\":\"https:\\\/\\\/regiaonews.net.br\\\/2022\\\/\",\"name\":\"Regi\u00e3o News\",\"description\":\"Site de Not\u00edcias de Barretos e regi\u00e3o\",\"publisher\":{\"@id\":\"https:\\\/\\\/regiaonews.net.br\\\/2022\\\/#organization\"},\"potentialAction\":[{\"@type\":\"SearchAction\",\"target\":{\"@type\":\"EntryPoint\",\"urlTemplate\":\"https:\\\/\\\/regiaonews.net.br\\\/2022\\\/?s={search_term_string}\"},\"query-input\":{\"@type\":\"PropertyValueSpecification\",\"valueRequired\":true,\"valueName\":\"search_term_string\"}}],\"inLanguage\":\"pt-BR\"},{\"@type\":\"Organization\",\"@id\":\"https:\\\/\\\/regiaonews.net.br\\\/2022\\\/#organization\",\"name\":\"Regi\u00e3o News\",\"url\":\"https:\\\/\\\/regiaonews.net.br\\\/2022\\\/\",\"logo\":{\"@type\":\"ImageObject\",\"inLanguage\":\"pt-BR\",\"@id\":\"https:\\\/\\\/regiaonews.net.br\\\/2022\\\/#\\\/schema\\\/logo\\\/image\\\/\",\"url\":\"https:\\\/\\\/regiaonews.net.br\\\/2022\\\/wp-content\\\/uploads\\\/2026\\\/03\\\/regiao-13-anos-scaled.jpg\",\"contentUrl\":\"https:\\\/\\\/regiaonews.net.br\\\/2022\\\/wp-content\\\/uploads\\\/2026\\\/03\\\/regiao-13-anos-scaled.jpg\",\"width\":2560,\"height\":635,\"caption\":\"Regi\u00e3o News\"},\"image\":{\"@id\":\"https:\\\/\\\/regiaonews.net.br\\\/2022\\\/#\\\/schema\\\/logo\\\/image\\\/\"}},{\"@type\":\"Person\",\"@id\":\"https:\\\/\\\/regiaonews.net.br\\\/2022\\\/#\\\/schema\\\/person\\\/2d205a608a5aa97ac279d7a5e6d89ad8\",\"name\":\"Roberto\",\"image\":{\"@type\":\"ImageObject\",\"inLanguage\":\"pt-BR\",\"@id\":\"https:\\\/\\\/secure.gravatar.com\\\/avatar\\\/42749d8b712ff9d59ca93dc150494e5b55a44134482993f5baeb97e61b7ecc89?s=96&d=mm&r=g\",\"url\":\"https:\\\/\\\/secure.gravatar.com\\\/avatar\\\/42749d8b712ff9d59ca93dc150494e5b55a44134482993f5baeb97e61b7ecc89?s=96&d=mm&r=g\",\"contentUrl\":\"https:\\\/\\\/secure.gravatar.com\\\/avatar\\\/42749d8b712ff9d59ca93dc150494e5b55a44134482993f5baeb97e61b7ecc89?s=96&d=mm&r=g\",\"caption\":\"Roberto\"},\"url\":\"https:\\\/\\\/regiaonews.net.br\\\/2022\\\/author\\\/roberto\\\/\"}]}<\/script>\n<!-- \/ Yoast SEO plugin. -->","yoast_head_json":{"title":"Privatiza\u00e7\u00e3o da Sabesp pode prejudicar qualidade dos servi\u00e7os e vida dos moradores, diz advogado - Regi\u00e3o News","robots":{"index":"index","follow":"follow","max-snippet":"max-snippet:-1","max-image-preview":"max-image-preview:large","max-video-preview":"max-video-preview:-1"},"canonical":"https:\/\/regiaonews.net.br\/2022\/2023\/10\/24\/privatizacao-da-sabesp-pode-prejudicar-qualidade-dos-servicos-e-vida-dos-moradores-diz-advogado\/","og_locale":"pt_BR","og_type":"article","og_title":"Privatiza\u00e7\u00e3o da Sabesp pode prejudicar qualidade dos servi\u00e7os e vida dos moradores, diz advogado - Regi\u00e3o News","og_description":"A proposta de privatizar a Sabesp, a empresa p\u00fablica que","og_url":"https:\/\/regiaonews.net.br\/2022\/2023\/10\/24\/privatizacao-da-sabesp-pode-prejudicar-qualidade-dos-servicos-e-vida-dos-moradores-diz-advogado\/","og_site_name":"Regi\u00e3o News","article_published_time":"2023-10-24T14:55:07+00:00","og_image":[{"width":740,"height":493,"url":"https:\/\/regiaonews.net.br\/2022\/wp-content\/uploads\/2023\/10\/Imagem-do-WhatsApp-de-2023-10-24-as-11.30.42_f2cc813b.jpg","type":"image\/jpeg"}],"author":"Roberto","twitter_card":"summary_large_image","twitter_misc":{"Escrito por":"Roberto","Est. tempo de leitura":"4 minutos"},"schema":{"@context":"https:\/\/schema.org","@graph":[{"@type":"Article","@id":"https:\/\/regiaonews.net.br\/2022\/2023\/10\/24\/privatizacao-da-sabesp-pode-prejudicar-qualidade-dos-servicos-e-vida-dos-moradores-diz-advogado\/#article","isPartOf":{"@id":"https:\/\/regiaonews.net.br\/2022\/2023\/10\/24\/privatizacao-da-sabesp-pode-prejudicar-qualidade-dos-servicos-e-vida-dos-moradores-diz-advogado\/"},"author":{"name":"Roberto","@id":"https:\/\/regiaonews.net.br\/2022\/#\/schema\/person\/2d205a608a5aa97ac279d7a5e6d89ad8"},"headline":"Privatiza\u00e7\u00e3o da Sabesp pode prejudicar qualidade dos servi\u00e7os e vida dos moradores, diz advogado","datePublished":"2023-10-24T14:55:07+00:00","mainEntityOfPage":{"@id":"https:\/\/regiaonews.net.br\/2022\/2023\/10\/24\/privatizacao-da-sabesp-pode-prejudicar-qualidade-dos-servicos-e-vida-dos-moradores-diz-advogado\/"},"wordCount":628,"commentCount":0,"publisher":{"@id":"https:\/\/regiaonews.net.br\/2022\/#organization"},"image":{"@id":"https:\/\/regiaonews.net.br\/2022\/2023\/10\/24\/privatizacao-da-sabesp-pode-prejudicar-qualidade-dos-servicos-e-vida-dos-moradores-diz-advogado\/#primaryimage"},"thumbnailUrl":"https:\/\/regiaonews.net.br\/2022\/wp-content\/uploads\/2023\/10\/Imagem-do-WhatsApp-de-2023-10-24-as-11.30.42_f2cc813b.jpg","articleSection":["Brasil","Geral"],"inLanguage":"pt-BR","potentialAction":[{"@type":"CommentAction","name":"Comment","target":["https:\/\/regiaonews.net.br\/2022\/2023\/10\/24\/privatizacao-da-sabesp-pode-prejudicar-qualidade-dos-servicos-e-vida-dos-moradores-diz-advogado\/#respond"]}]},{"@type":"WebPage","@id":"https:\/\/regiaonews.net.br\/2022\/2023\/10\/24\/privatizacao-da-sabesp-pode-prejudicar-qualidade-dos-servicos-e-vida-dos-moradores-diz-advogado\/","url":"https:\/\/regiaonews.net.br\/2022\/2023\/10\/24\/privatizacao-da-sabesp-pode-prejudicar-qualidade-dos-servicos-e-vida-dos-moradores-diz-advogado\/","name":"Privatiza\u00e7\u00e3o da Sabesp pode prejudicar qualidade dos servi\u00e7os e vida dos moradores, diz advogado - Regi\u00e3o News","isPartOf":{"@id":"https:\/\/regiaonews.net.br\/2022\/#website"},"primaryImageOfPage":{"@id":"https:\/\/regiaonews.net.br\/2022\/2023\/10\/24\/privatizacao-da-sabesp-pode-prejudicar-qualidade-dos-servicos-e-vida-dos-moradores-diz-advogado\/#primaryimage"},"image":{"@id":"https:\/\/regiaonews.net.br\/2022\/2023\/10\/24\/privatizacao-da-sabesp-pode-prejudicar-qualidade-dos-servicos-e-vida-dos-moradores-diz-advogado\/#primaryimage"},"thumbnailUrl":"https:\/\/regiaonews.net.br\/2022\/wp-content\/uploads\/2023\/10\/Imagem-do-WhatsApp-de-2023-10-24-as-11.30.42_f2cc813b.jpg","datePublished":"2023-10-24T14:55:07+00:00","breadcrumb":{"@id":"https:\/\/regiaonews.net.br\/2022\/2023\/10\/24\/privatizacao-da-sabesp-pode-prejudicar-qualidade-dos-servicos-e-vida-dos-moradores-diz-advogado\/#breadcrumb"},"inLanguage":"pt-BR","potentialAction":[{"@type":"ReadAction","target":["https:\/\/regiaonews.net.br\/2022\/2023\/10\/24\/privatizacao-da-sabesp-pode-prejudicar-qualidade-dos-servicos-e-vida-dos-moradores-diz-advogado\/"]}]},{"@type":"ImageObject","inLanguage":"pt-BR","@id":"https:\/\/regiaonews.net.br\/2022\/2023\/10\/24\/privatizacao-da-sabesp-pode-prejudicar-qualidade-dos-servicos-e-vida-dos-moradores-diz-advogado\/#primaryimage","url":"https:\/\/regiaonews.net.br\/2022\/wp-content\/uploads\/2023\/10\/Imagem-do-WhatsApp-de-2023-10-24-as-11.30.42_f2cc813b.jpg","contentUrl":"https:\/\/regiaonews.net.br\/2022\/wp-content\/uploads\/2023\/10\/Imagem-do-WhatsApp-de-2023-10-24-as-11.30.42_f2cc813b.jpg","width":740,"height":493},{"@type":"BreadcrumbList","@id":"https:\/\/regiaonews.net.br\/2022\/2023\/10\/24\/privatizacao-da-sabesp-pode-prejudicar-qualidade-dos-servicos-e-vida-dos-moradores-diz-advogado\/#breadcrumb","itemListElement":[{"@type":"ListItem","position":1,"name":"In\u00edcio","item":"https:\/\/regiaonews.net.br\/2022\/"},{"@type":"ListItem","position":2,"name":"Privatiza\u00e7\u00e3o da Sabesp pode prejudicar qualidade dos servi\u00e7os e vida dos moradores, diz advogado"}]},{"@type":"WebSite","@id":"https:\/\/regiaonews.net.br\/2022\/#website","url":"https:\/\/regiaonews.net.br\/2022\/","name":"Regi\u00e3o News","description":"Site de Not\u00edcias de Barretos e regi\u00e3o","publisher":{"@id":"https:\/\/regiaonews.net.br\/2022\/#organization"},"potentialAction":[{"@type":"SearchAction","target":{"@type":"EntryPoint","urlTemplate":"https:\/\/regiaonews.net.br\/2022\/?s={search_term_string}"},"query-input":{"@type":"PropertyValueSpecification","valueRequired":true,"valueName":"search_term_string"}}],"inLanguage":"pt-BR"},{"@type":"Organization","@id":"https:\/\/regiaonews.net.br\/2022\/#organization","name":"Regi\u00e3o News","url":"https:\/\/regiaonews.net.br\/2022\/","logo":{"@type":"ImageObject","inLanguage":"pt-BR","@id":"https:\/\/regiaonews.net.br\/2022\/#\/schema\/logo\/image\/","url":"https:\/\/regiaonews.net.br\/2022\/wp-content\/uploads\/2026\/03\/regiao-13-anos-scaled.jpg","contentUrl":"https:\/\/regiaonews.net.br\/2022\/wp-content\/uploads\/2026\/03\/regiao-13-anos-scaled.jpg","width":2560,"height":635,"caption":"Regi\u00e3o News"},"image":{"@id":"https:\/\/regiaonews.net.br\/2022\/#\/schema\/logo\/image\/"}},{"@type":"Person","@id":"https:\/\/regiaonews.net.br\/2022\/#\/schema\/person\/2d205a608a5aa97ac279d7a5e6d89ad8","name":"Roberto","image":{"@type":"ImageObject","inLanguage":"pt-BR","@id":"https:\/\/secure.gravatar.com\/avatar\/42749d8b712ff9d59ca93dc150494e5b55a44134482993f5baeb97e61b7ecc89?s=96&d=mm&r=g","url":"https:\/\/secure.gravatar.com\/avatar\/42749d8b712ff9d59ca93dc150494e5b55a44134482993f5baeb97e61b7ecc89?s=96&d=mm&r=g","contentUrl":"https:\/\/secure.gravatar.com\/avatar\/42749d8b712ff9d59ca93dc150494e5b55a44134482993f5baeb97e61b7ecc89?s=96&d=mm&r=g","caption":"Roberto"},"url":"https:\/\/regiaonews.net.br\/2022\/author\/roberto\/"}]}},"publishpress_future_action":{"enabled":false,"date":"2026-05-04 14:37:37","action":"change-status","newStatus":"draft","terms":[],"taxonomy":"category","extraData":[]},"publishpress_future_workflow_manual_trigger":{"enabledWorkflows":[]},"_links":{"self":[{"href":"https:\/\/regiaonews.net.br\/2022\/wp-json\/wp\/v2\/posts\/96912","targetHints":{"allow":["GET"]}}],"collection":[{"href":"https:\/\/regiaonews.net.br\/2022\/wp-json\/wp\/v2\/posts"}],"about":[{"href":"https:\/\/regiaonews.net.br\/2022\/wp-json\/wp\/v2\/types\/post"}],"author":[{"embeddable":true,"href":"https:\/\/regiaonews.net.br\/2022\/wp-json\/wp\/v2\/users\/2"}],"replies":[{"embeddable":true,"href":"https:\/\/regiaonews.net.br\/2022\/wp-json\/wp\/v2\/comments?post=96912"}],"version-history":[{"count":1,"href":"https:\/\/regiaonews.net.br\/2022\/wp-json\/wp\/v2\/posts\/96912\/revisions"}],"predecessor-version":[{"id":96914,"href":"https:\/\/regiaonews.net.br\/2022\/wp-json\/wp\/v2\/posts\/96912\/revisions\/96914"}],"wp:featuredmedia":[{"embeddable":true,"href":"https:\/\/regiaonews.net.br\/2022\/wp-json\/wp\/v2\/media\/96913"}],"wp:attachment":[{"href":"https:\/\/regiaonews.net.br\/2022\/wp-json\/wp\/v2\/media?parent=96912"}],"wp:term":[{"taxonomy":"category","embeddable":true,"href":"https:\/\/regiaonews.net.br\/2022\/wp-json\/wp\/v2\/categories?post=96912"},{"taxonomy":"post_tag","embeddable":true,"href":"https:\/\/regiaonews.net.br\/2022\/wp-json\/wp\/v2\/tags?post=96912"}],"curies":[{"name":"wp","href":"https:\/\/api.w.org\/{rel}","templated":true}]}}