{"id":96812,"date":"2023-10-21T22:25:55","date_gmt":"2023-10-22T01:25:55","guid":{"rendered":"https:\/\/regiaonews.net.br\/2022\/?p=96812"},"modified":"2023-10-22T08:04:40","modified_gmt":"2023-10-22T11:04:40","slug":"julgamento-guilherme-longo-e-condenado-a-40-anos-e-mae-absolvida","status":"publish","type":"post","link":"https:\/\/regiaonews.net.br\/2022\/2023\/10\/21\/julgamento-guilherme-longo-e-condenado-a-40-anos-e-mae-absolvida\/","title":{"rendered":"Julgamento: Guilherme Longo \u00e9 condenado a 40 anos e m\u00e3e absolvida"},"content":{"rendered":"<p>Guilherme Longo e Nat\u00e1lia Ponte (Foto: Arquivo A Cidade\/\u00c9rico Andrade<\/p>\n<p>Fonte &#8211; G1 e a Cidade On<\/p>\n<p>&nbsp;<\/p>\n<p>Terminou na noite deste s\u00e1bado (21), o J\u00fari Popular do Caso Joaquim, o mais longo da hist\u00f3ria de Ribeir\u00e3o Preto.<\/p>\n<p>Ap\u00f3s seis dias de J\u00fari Popular do caso Joaquim, os sete jurados reunidos no F\u00f3rum de Ribeir\u00e3o Preto decidiram condenar Guilherme Longo <strong>a 40 anos de pris\u00e3o pela<\/strong>\u00a0<a class=\"\" href=\"https:\/\/g1.globo.com\/sp\/ribeirao-preto-franca\/noticia\/2013\/11\/mae-e-padrasto-do-menino-joaquim-sao-presos-em-ribeirao-preto-sp.html\">morte do enteado Joaquim Ponte Marques, de 3 anos<\/a>. e absolver Nat\u00e1lia Ponte, na noite deste s\u00e1bado (21). O menino Joaquim Ponte Marques tinha apenas 3 anos, quando foi morto no dia 5 de novembro de 2013.<\/p>\n<div id=\"chunk-cr2da\">\n<div class=\"mc-column content-text active-extra-styles \" data-block-type=\"unstyled\" data-block-weight=\"30\" data-block-id=\"10\">\n<p class=\" content-text__container \" data-track-category=\"Link no Texto\" data-track-links=\"\">A princ\u00edpio, Longo\u00a0<span class=\"highlight highlighted\">foi condenado a pris\u00e3o em regime fechado por todos os crimes da den\u00fancia: homic\u00eddio qualificado por\u00a0<\/span><strong><span class=\"highlight highlighted\">motivo f\u00fatil, recurso que impossibilitou defesa da v\u00edtima e meio cruel.<\/span><\/strong><\/p>\n<\/div>\n<\/div>\n<div id=\"chunk-9o4gk\">\n<div class=\"mc-column content-text active-extra-styles \" data-block-type=\"unstyled\" data-block-weight=\"29\" data-block-id=\"11\">\n<p class=\" content-text__container \" data-track-category=\"Link no Texto\" data-track-links=\"\">Ele j\u00e1 estava\u00a0<a class=\"\" href=\"https:\/\/g1.globo.com\/sp\/vale-do-paraiba-regiao\/noticia\/padrasto-acusado-de-matar-menino-joaquim-chega-na-penitenciaria-de-tremembe-apos-extradicao-da-espanha.ghtml\">preso desde 2018<\/a>, quando foi capturado pela Pol\u00edcia Internacional (Interpol) na Espanha e\u00a0<a class=\"\" href=\"https:\/\/g1.globo.com\/sp\/ribeirao-preto-franca\/caso-joaquim\/noticia\/acusado-de-matar-menino-joaquim-e-preso-na-espanha-diz-promotor.ghtml\">extraditado para o Brasil ap\u00f3s uma reportagem investigativa do Fant\u00e1stico, da TV Globo.<\/a><\/p>\n<\/div>\n<\/div>\n<div id=\"chunk-bassr\">\n<div class=\"mc-column content-text active-extra-styles \" data-block-type=\"unstyled\" data-block-weight=\"36\" data-block-id=\"12\">\n<p class=\" content-text__container \" data-track-category=\"Link no Texto\" data-track-links=\"\">Nat\u00e1lia respondia em liberdade pelo homic\u00eddio desde 2014, mas por ter sido<a class=\"\" href=\"https:\/\/g1.globo.com\/sp\/ribeirao-preto-franca\/noticia\/2013\/11\/mae-diz-policia-que-foi-ameacada-de-morte-por-padrasto-de-joaquim.html\">\u00a0omissa ao n\u00e3o impedir o conv\u00edvio do filho com o ex-companheiro<\/a>, mesmo sabendo que ele era usu\u00e1rio de drogas e tinha comportamento violento.<\/p>\n<\/div>\n<\/div>\n<div id=\"chunk-b0349\">\n<div class=\"mc-column content-text active-extra-styles \" data-block-type=\"unstyled\" data-block-weight=\"7\" data-block-id=\"13\">\n<p class=\" content-text__container \" data-track-category=\"Link no Texto\" data-track-links=\"\">Ela\u00a0<span class=\"highlight highlighted\">foi absolvida de todas as acusa\u00e7\u00f5es<\/span><\/p>\n<\/div>\n<\/div>\n","protected":false},"excerpt":{"rendered":"<p>Guilherme Longo e Nat\u00e1lia Ponte (Foto: Arquivo A Cidade\/\u00c9rico Andrade<\/p>\n","protected":false},"author":2,"featured_media":96813,"comment_status":"open","ping_status":"open","sticky":false,"template":"","format":"standard","meta":{"footnotes":""},"categories":[25,32],"tags":[],"class_list":["post-96812","post","type-post","status-publish","format-standard","has-post-thumbnail","hentry","category-cidades","category-ribeirao-preto"],"yoast_head":"<!-- This site is optimized with the Yoast SEO plugin v27.4 - https:\/\/yoast.com\/product\/yoast-seo-wordpress\/ -->\n<title>Julgamento: Guilherme Longo \u00e9 condenado e m\u00e3e absolvida<\/title>\n<meta name=\"description\" content=\"Ap\u00f3s seis dias de J\u00fari Popular do caso Joaquim, os sete jurados reunidos no F\u00f3rum de Ribeir\u00e3o Preto decidiram condenar\" \/>\n<meta name=\"robots\" content=\"index, follow, max-snippet:-1, max-image-preview:large, max-video-preview:-1\" \/>\n<link rel=\"canonical\" href=\"https:\/\/regiaonews.net.br\/2022\/2023\/10\/21\/julgamento-guilherme-longo-e-condenado-a-40-anos-e-mae-absolvida\/\" \/>\n<meta property=\"og:locale\" content=\"pt_BR\" \/>\n<meta property=\"og:type\" content=\"article\" \/>\n<meta property=\"og:title\" content=\"Julgamento: Guilherme Longo \u00e9 condenado e m\u00e3e absolvida\" \/>\n<meta property=\"og:description\" content=\"Ap\u00f3s seis dias de J\u00fari Popular do caso Joaquim, os sete jurados reunidos no F\u00f3rum de Ribeir\u00e3o Preto decidiram condenar\" \/>\n<meta property=\"og:url\" content=\"https:\/\/regiaonews.net.br\/2022\/2023\/10\/21\/julgamento-guilherme-longo-e-condenado-a-40-anos-e-mae-absolvida\/\" \/>\n<meta property=\"og:site_name\" content=\"Regi\u00e3o News\" \/>\n<meta property=\"article:published_time\" content=\"2023-10-22T01:25:55+00:00\" \/>\n<meta property=\"article:modified_time\" content=\"2023-10-22T11:04:40+00:00\" \/>\n<meta property=\"og:image\" content=\"https:\/\/regiaonews.net.br\/2022\/wp-content\/uploads\/2023\/10\/guilherme-longo-natalia-ponte-1068x601-1.jpeg\" \/>\n\t<meta property=\"og:image:width\" content=\"1068\" \/>\n\t<meta property=\"og:image:height\" content=\"601\" \/>\n\t<meta property=\"og:image:type\" content=\"image\/jpeg\" \/>\n<meta name=\"author\" content=\"Roberto\" \/>\n<meta name=\"twitter:card\" content=\"summary_large_image\" \/>\n<meta name=\"twitter:label1\" content=\"Escrito por\" \/>\n\t<meta name=\"twitter:data1\" content=\"Roberto\" \/>\n\t<meta name=\"twitter:label2\" content=\"Est. tempo de leitura\" \/>\n\t<meta name=\"twitter:data2\" content=\"2 minutos\" \/>\n<script type=\"application\/ld+json\" class=\"yoast-schema-graph\">{\"@context\":\"https:\\\/\\\/schema.org\",\"@graph\":[{\"@type\":\"Article\",\"@id\":\"https:\\\/\\\/regiaonews.net.br\\\/2022\\\/2023\\\/10\\\/21\\\/julgamento-guilherme-longo-e-condenado-a-40-anos-e-mae-absolvida\\\/#article\",\"isPartOf\":{\"@id\":\"https:\\\/\\\/regiaonews.net.br\\\/2022\\\/2023\\\/10\\\/21\\\/julgamento-guilherme-longo-e-condenado-a-40-anos-e-mae-absolvida\\\/\"},\"author\":{\"name\":\"Roberto\",\"@id\":\"https:\\\/\\\/regiaonews.net.br\\\/2022\\\/#\\\/schema\\\/person\\\/2d205a608a5aa97ac279d7a5e6d89ad8\"},\"headline\":\"Julgamento: Guilherme Longo \u00e9 condenado a 40 anos e m\u00e3e absolvida\",\"datePublished\":\"2023-10-22T01:25:55+00:00\",\"dateModified\":\"2023-10-22T11:04:40+00:00\",\"mainEntityOfPage\":{\"@id\":\"https:\\\/\\\/regiaonews.net.br\\\/2022\\\/2023\\\/10\\\/21\\\/julgamento-guilherme-longo-e-condenado-a-40-anos-e-mae-absolvida\\\/\"},\"wordCount\":233,\"commentCount\":0,\"publisher\":{\"@id\":\"https:\\\/\\\/regiaonews.net.br\\\/2022\\\/#organization\"},\"image\":{\"@id\":\"https:\\\/\\\/regiaonews.net.br\\\/2022\\\/2023\\\/10\\\/21\\\/julgamento-guilherme-longo-e-condenado-a-40-anos-e-mae-absolvida\\\/#primaryimage\"},\"thumbnailUrl\":\"https:\\\/\\\/regiaonews.net.br\\\/2022\\\/wp-content\\\/uploads\\\/2023\\\/10\\\/guilherme-longo-natalia-ponte-1068x601-1.jpeg\",\"articleSection\":[\"Cidades\",\"Ribeir\u00e3o Preto\"],\"inLanguage\":\"pt-BR\",\"potentialAction\":[{\"@type\":\"CommentAction\",\"name\":\"Comment\",\"target\":[\"https:\\\/\\\/regiaonews.net.br\\\/2022\\\/2023\\\/10\\\/21\\\/julgamento-guilherme-longo-e-condenado-a-40-anos-e-mae-absolvida\\\/#respond\"]}]},{\"@type\":\"WebPage\",\"@id\":\"https:\\\/\\\/regiaonews.net.br\\\/2022\\\/2023\\\/10\\\/21\\\/julgamento-guilherme-longo-e-condenado-a-40-anos-e-mae-absolvida\\\/\",\"url\":\"https:\\\/\\\/regiaonews.net.br\\\/2022\\\/2023\\\/10\\\/21\\\/julgamento-guilherme-longo-e-condenado-a-40-anos-e-mae-absolvida\\\/\",\"name\":\"Julgamento: Guilherme Longo \u00e9 condenado e m\u00e3e absolvida\",\"isPartOf\":{\"@id\":\"https:\\\/\\\/regiaonews.net.br\\\/2022\\\/#website\"},\"primaryImageOfPage\":{\"@id\":\"https:\\\/\\\/regiaonews.net.br\\\/2022\\\/2023\\\/10\\\/21\\\/julgamento-guilherme-longo-e-condenado-a-40-anos-e-mae-absolvida\\\/#primaryimage\"},\"image\":{\"@id\":\"https:\\\/\\\/regiaonews.net.br\\\/2022\\\/2023\\\/10\\\/21\\\/julgamento-guilherme-longo-e-condenado-a-40-anos-e-mae-absolvida\\\/#primaryimage\"},\"thumbnailUrl\":\"https:\\\/\\\/regiaonews.net.br\\\/2022\\\/wp-content\\\/uploads\\\/2023\\\/10\\\/guilherme-longo-natalia-ponte-1068x601-1.jpeg\",\"datePublished\":\"2023-10-22T01:25:55+00:00\",\"dateModified\":\"2023-10-22T11:04:40+00:00\",\"description\":\"Ap\u00f3s seis dias de J\u00fari Popular do caso Joaquim, os sete jurados reunidos no F\u00f3rum de Ribeir\u00e3o Preto decidiram condenar\",\"breadcrumb\":{\"@id\":\"https:\\\/\\\/regiaonews.net.br\\\/2022\\\/2023\\\/10\\\/21\\\/julgamento-guilherme-longo-e-condenado-a-40-anos-e-mae-absolvida\\\/#breadcrumb\"},\"inLanguage\":\"pt-BR\",\"potentialAction\":[{\"@type\":\"ReadAction\",\"target\":[\"https:\\\/\\\/regiaonews.net.br\\\/2022\\\/2023\\\/10\\\/21\\\/julgamento-guilherme-longo-e-condenado-a-40-anos-e-mae-absolvida\\\/\"]}]},{\"@type\":\"ImageObject\",\"inLanguage\":\"pt-BR\",\"@id\":\"https:\\\/\\\/regiaonews.net.br\\\/2022\\\/2023\\\/10\\\/21\\\/julgamento-guilherme-longo-e-condenado-a-40-anos-e-mae-absolvida\\\/#primaryimage\",\"url\":\"https:\\\/\\\/regiaonews.net.br\\\/2022\\\/wp-content\\\/uploads\\\/2023\\\/10\\\/guilherme-longo-natalia-ponte-1068x601-1.jpeg\",\"contentUrl\":\"https:\\\/\\\/regiaonews.net.br\\\/2022\\\/wp-content\\\/uploads\\\/2023\\\/10\\\/guilherme-longo-natalia-ponte-1068x601-1.jpeg\",\"width\":1068,\"height\":601},{\"@type\":\"BreadcrumbList\",\"@id\":\"https:\\\/\\\/regiaonews.net.br\\\/2022\\\/2023\\\/10\\\/21\\\/julgamento-guilherme-longo-e-condenado-a-40-anos-e-mae-absolvida\\\/#breadcrumb\",\"itemListElement\":[{\"@type\":\"ListItem\",\"position\":1,\"name\":\"In\u00edcio\",\"item\":\"https:\\\/\\\/regiaonews.net.br\\\/2022\\\/\"},{\"@type\":\"ListItem\",\"position\":2,\"name\":\"Julgamento: Guilherme Longo \u00e9 condenado a 40 anos e m\u00e3e absolvida\"}]},{\"@type\":\"WebSite\",\"@id\":\"https:\\\/\\\/regiaonews.net.br\\\/2022\\\/#website\",\"url\":\"https:\\\/\\\/regiaonews.net.br\\\/2022\\\/\",\"name\":\"Regi\u00e3o News\",\"description\":\"Site de Not\u00edcias de Barretos e regi\u00e3o\",\"publisher\":{\"@id\":\"https:\\\/\\\/regiaonews.net.br\\\/2022\\\/#organization\"},\"potentialAction\":[{\"@type\":\"SearchAction\",\"target\":{\"@type\":\"EntryPoint\",\"urlTemplate\":\"https:\\\/\\\/regiaonews.net.br\\\/2022\\\/?s={search_term_string}\"},\"query-input\":{\"@type\":\"PropertyValueSpecification\",\"valueRequired\":true,\"valueName\":\"search_term_string\"}}],\"inLanguage\":\"pt-BR\"},{\"@type\":\"Organization\",\"@id\":\"https:\\\/\\\/regiaonews.net.br\\\/2022\\\/#organization\",\"name\":\"Regi\u00e3o News\",\"url\":\"https:\\\/\\\/regiaonews.net.br\\\/2022\\\/\",\"logo\":{\"@type\":\"ImageObject\",\"inLanguage\":\"pt-BR\",\"@id\":\"https:\\\/\\\/regiaonews.net.br\\\/2022\\\/#\\\/schema\\\/logo\\\/image\\\/\",\"url\":\"https:\\\/\\\/regiaonews.net.br\\\/2022\\\/wp-content\\\/uploads\\\/2026\\\/03\\\/regiao-13-anos-scaled.jpg\",\"contentUrl\":\"https:\\\/\\\/regiaonews.net.br\\\/2022\\\/wp-content\\\/uploads\\\/2026\\\/03\\\/regiao-13-anos-scaled.jpg\",\"width\":2560,\"height\":635,\"caption\":\"Regi\u00e3o News\"},\"image\":{\"@id\":\"https:\\\/\\\/regiaonews.net.br\\\/2022\\\/#\\\/schema\\\/logo\\\/image\\\/\"}},{\"@type\":\"Person\",\"@id\":\"https:\\\/\\\/regiaonews.net.br\\\/2022\\\/#\\\/schema\\\/person\\\/2d205a608a5aa97ac279d7a5e6d89ad8\",\"name\":\"Roberto\",\"image\":{\"@type\":\"ImageObject\",\"inLanguage\":\"pt-BR\",\"@id\":\"https:\\\/\\\/secure.gravatar.com\\\/avatar\\\/42749d8b712ff9d59ca93dc150494e5b55a44134482993f5baeb97e61b7ecc89?s=96&d=mm&r=g\",\"url\":\"https:\\\/\\\/secure.gravatar.com\\\/avatar\\\/42749d8b712ff9d59ca93dc150494e5b55a44134482993f5baeb97e61b7ecc89?s=96&d=mm&r=g\",\"contentUrl\":\"https:\\\/\\\/secure.gravatar.com\\\/avatar\\\/42749d8b712ff9d59ca93dc150494e5b55a44134482993f5baeb97e61b7ecc89?s=96&d=mm&r=g\",\"caption\":\"Roberto\"},\"url\":\"https:\\\/\\\/regiaonews.net.br\\\/2022\\\/author\\\/roberto\\\/\"}]}<\/script>\n<!-- \/ Yoast SEO plugin. -->","yoast_head_json":{"title":"Julgamento: Guilherme Longo \u00e9 condenado e m\u00e3e absolvida","description":"Ap\u00f3s seis dias de J\u00fari Popular do caso Joaquim, os sete jurados reunidos no F\u00f3rum de Ribeir\u00e3o Preto decidiram condenar","robots":{"index":"index","follow":"follow","max-snippet":"max-snippet:-1","max-image-preview":"max-image-preview:large","max-video-preview":"max-video-preview:-1"},"canonical":"https:\/\/regiaonews.net.br\/2022\/2023\/10\/21\/julgamento-guilherme-longo-e-condenado-a-40-anos-e-mae-absolvida\/","og_locale":"pt_BR","og_type":"article","og_title":"Julgamento: Guilherme Longo \u00e9 condenado e m\u00e3e absolvida","og_description":"Ap\u00f3s seis dias de J\u00fari Popular do caso Joaquim, os sete jurados reunidos no F\u00f3rum de Ribeir\u00e3o Preto decidiram condenar","og_url":"https:\/\/regiaonews.net.br\/2022\/2023\/10\/21\/julgamento-guilherme-longo-e-condenado-a-40-anos-e-mae-absolvida\/","og_site_name":"Regi\u00e3o News","article_published_time":"2023-10-22T01:25:55+00:00","article_modified_time":"2023-10-22T11:04:40+00:00","og_image":[{"width":1068,"height":601,"url":"https:\/\/regiaonews.net.br\/2022\/wp-content\/uploads\/2023\/10\/guilherme-longo-natalia-ponte-1068x601-1.jpeg","type":"image\/jpeg"}],"author":"Roberto","twitter_card":"summary_large_image","twitter_misc":{"Escrito por":"Roberto","Est. tempo de leitura":"2 minutos"},"schema":{"@context":"https:\/\/schema.org","@graph":[{"@type":"Article","@id":"https:\/\/regiaonews.net.br\/2022\/2023\/10\/21\/julgamento-guilherme-longo-e-condenado-a-40-anos-e-mae-absolvida\/#article","isPartOf":{"@id":"https:\/\/regiaonews.net.br\/2022\/2023\/10\/21\/julgamento-guilherme-longo-e-condenado-a-40-anos-e-mae-absolvida\/"},"author":{"name":"Roberto","@id":"https:\/\/regiaonews.net.br\/2022\/#\/schema\/person\/2d205a608a5aa97ac279d7a5e6d89ad8"},"headline":"Julgamento: Guilherme Longo \u00e9 condenado a 40 anos e m\u00e3e absolvida","datePublished":"2023-10-22T01:25:55+00:00","dateModified":"2023-10-22T11:04:40+00:00","mainEntityOfPage":{"@id":"https:\/\/regiaonews.net.br\/2022\/2023\/10\/21\/julgamento-guilherme-longo-e-condenado-a-40-anos-e-mae-absolvida\/"},"wordCount":233,"commentCount":0,"publisher":{"@id":"https:\/\/regiaonews.net.br\/2022\/#organization"},"image":{"@id":"https:\/\/regiaonews.net.br\/2022\/2023\/10\/21\/julgamento-guilherme-longo-e-condenado-a-40-anos-e-mae-absolvida\/#primaryimage"},"thumbnailUrl":"https:\/\/regiaonews.net.br\/2022\/wp-content\/uploads\/2023\/10\/guilherme-longo-natalia-ponte-1068x601-1.jpeg","articleSection":["Cidades","Ribeir\u00e3o Preto"],"inLanguage":"pt-BR","potentialAction":[{"@type":"CommentAction","name":"Comment","target":["https:\/\/regiaonews.net.br\/2022\/2023\/10\/21\/julgamento-guilherme-longo-e-condenado-a-40-anos-e-mae-absolvida\/#respond"]}]},{"@type":"WebPage","@id":"https:\/\/regiaonews.net.br\/2022\/2023\/10\/21\/julgamento-guilherme-longo-e-condenado-a-40-anos-e-mae-absolvida\/","url":"https:\/\/regiaonews.net.br\/2022\/2023\/10\/21\/julgamento-guilherme-longo-e-condenado-a-40-anos-e-mae-absolvida\/","name":"Julgamento: Guilherme Longo \u00e9 condenado e m\u00e3e absolvida","isPartOf":{"@id":"https:\/\/regiaonews.net.br\/2022\/#website"},"primaryImageOfPage":{"@id":"https:\/\/regiaonews.net.br\/2022\/2023\/10\/21\/julgamento-guilherme-longo-e-condenado-a-40-anos-e-mae-absolvida\/#primaryimage"},"image":{"@id":"https:\/\/regiaonews.net.br\/2022\/2023\/10\/21\/julgamento-guilherme-longo-e-condenado-a-40-anos-e-mae-absolvida\/#primaryimage"},"thumbnailUrl":"https:\/\/regiaonews.net.br\/2022\/wp-content\/uploads\/2023\/10\/guilherme-longo-natalia-ponte-1068x601-1.jpeg","datePublished":"2023-10-22T01:25:55+00:00","dateModified":"2023-10-22T11:04:40+00:00","description":"Ap\u00f3s seis dias de J\u00fari Popular do caso Joaquim, os sete jurados reunidos no F\u00f3rum de Ribeir\u00e3o Preto decidiram condenar","breadcrumb":{"@id":"https:\/\/regiaonews.net.br\/2022\/2023\/10\/21\/julgamento-guilherme-longo-e-condenado-a-40-anos-e-mae-absolvida\/#breadcrumb"},"inLanguage":"pt-BR","potentialAction":[{"@type":"ReadAction","target":["https:\/\/regiaonews.net.br\/2022\/2023\/10\/21\/julgamento-guilherme-longo-e-condenado-a-40-anos-e-mae-absolvida\/"]}]},{"@type":"ImageObject","inLanguage":"pt-BR","@id":"https:\/\/regiaonews.net.br\/2022\/2023\/10\/21\/julgamento-guilherme-longo-e-condenado-a-40-anos-e-mae-absolvida\/#primaryimage","url":"https:\/\/regiaonews.net.br\/2022\/wp-content\/uploads\/2023\/10\/guilherme-longo-natalia-ponte-1068x601-1.jpeg","contentUrl":"https:\/\/regiaonews.net.br\/2022\/wp-content\/uploads\/2023\/10\/guilherme-longo-natalia-ponte-1068x601-1.jpeg","width":1068,"height":601},{"@type":"BreadcrumbList","@id":"https:\/\/regiaonews.net.br\/2022\/2023\/10\/21\/julgamento-guilherme-longo-e-condenado-a-40-anos-e-mae-absolvida\/#breadcrumb","itemListElement":[{"@type":"ListItem","position":1,"name":"In\u00edcio","item":"https:\/\/regiaonews.net.br\/2022\/"},{"@type":"ListItem","position":2,"name":"Julgamento: Guilherme Longo \u00e9 condenado a 40 anos e m\u00e3e absolvida"}]},{"@type":"WebSite","@id":"https:\/\/regiaonews.net.br\/2022\/#website","url":"https:\/\/regiaonews.net.br\/2022\/","name":"Regi\u00e3o News","description":"Site de Not\u00edcias de Barretos e regi\u00e3o","publisher":{"@id":"https:\/\/regiaonews.net.br\/2022\/#organization"},"potentialAction":[{"@type":"SearchAction","target":{"@type":"EntryPoint","urlTemplate":"https:\/\/regiaonews.net.br\/2022\/?s={search_term_string}"},"query-input":{"@type":"PropertyValueSpecification","valueRequired":true,"valueName":"search_term_string"}}],"inLanguage":"pt-BR"},{"@type":"Organization","@id":"https:\/\/regiaonews.net.br\/2022\/#organization","name":"Regi\u00e3o News","url":"https:\/\/regiaonews.net.br\/2022\/","logo":{"@type":"ImageObject","inLanguage":"pt-BR","@id":"https:\/\/regiaonews.net.br\/2022\/#\/schema\/logo\/image\/","url":"https:\/\/regiaonews.net.br\/2022\/wp-content\/uploads\/2026\/03\/regiao-13-anos-scaled.jpg","contentUrl":"https:\/\/regiaonews.net.br\/2022\/wp-content\/uploads\/2026\/03\/regiao-13-anos-scaled.jpg","width":2560,"height":635,"caption":"Regi\u00e3o News"},"image":{"@id":"https:\/\/regiaonews.net.br\/2022\/#\/schema\/logo\/image\/"}},{"@type":"Person","@id":"https:\/\/regiaonews.net.br\/2022\/#\/schema\/person\/2d205a608a5aa97ac279d7a5e6d89ad8","name":"Roberto","image":{"@type":"ImageObject","inLanguage":"pt-BR","@id":"https:\/\/secure.gravatar.com\/avatar\/42749d8b712ff9d59ca93dc150494e5b55a44134482993f5baeb97e61b7ecc89?s=96&d=mm&r=g","url":"https:\/\/secure.gravatar.com\/avatar\/42749d8b712ff9d59ca93dc150494e5b55a44134482993f5baeb97e61b7ecc89?s=96&d=mm&r=g","contentUrl":"https:\/\/secure.gravatar.com\/avatar\/42749d8b712ff9d59ca93dc150494e5b55a44134482993f5baeb97e61b7ecc89?s=96&d=mm&r=g","caption":"Roberto"},"url":"https:\/\/regiaonews.net.br\/2022\/author\/roberto\/"}]}},"publishpress_future_action":{"enabled":false,"date":"2026-05-03 09:22:03","action":"change-status","newStatus":"draft","terms":[],"taxonomy":"category","extraData":[]},"publishpress_future_workflow_manual_trigger":{"enabledWorkflows":[]},"_links":{"self":[{"href":"https:\/\/regiaonews.net.br\/2022\/wp-json\/wp\/v2\/posts\/96812","targetHints":{"allow":["GET"]}}],"collection":[{"href":"https:\/\/regiaonews.net.br\/2022\/wp-json\/wp\/v2\/posts"}],"about":[{"href":"https:\/\/regiaonews.net.br\/2022\/wp-json\/wp\/v2\/types\/post"}],"author":[{"embeddable":true,"href":"https:\/\/regiaonews.net.br\/2022\/wp-json\/wp\/v2\/users\/2"}],"replies":[{"embeddable":true,"href":"https:\/\/regiaonews.net.br\/2022\/wp-json\/wp\/v2\/comments?post=96812"}],"version-history":[{"count":5,"href":"https:\/\/regiaonews.net.br\/2022\/wp-json\/wp\/v2\/posts\/96812\/revisions"}],"predecessor-version":[{"id":96818,"href":"https:\/\/regiaonews.net.br\/2022\/wp-json\/wp\/v2\/posts\/96812\/revisions\/96818"}],"wp:featuredmedia":[{"embeddable":true,"href":"https:\/\/regiaonews.net.br\/2022\/wp-json\/wp\/v2\/media\/96813"}],"wp:attachment":[{"href":"https:\/\/regiaonews.net.br\/2022\/wp-json\/wp\/v2\/media?parent=96812"}],"wp:term":[{"taxonomy":"category","embeddable":true,"href":"https:\/\/regiaonews.net.br\/2022\/wp-json\/wp\/v2\/categories?post=96812"},{"taxonomy":"post_tag","embeddable":true,"href":"https:\/\/regiaonews.net.br\/2022\/wp-json\/wp\/v2\/tags?post=96812"}],"curies":[{"name":"wp","href":"https:\/\/api.w.org\/{rel}","templated":true}]}}