{"id":96805,"date":"2023-10-21T17:58:48","date_gmt":"2023-10-21T20:58:48","guid":{"rendered":"https:\/\/regiaonews.net.br\/2022\/?p=96805"},"modified":"2023-10-21T17:58:48","modified_gmt":"2023-10-21T20:58:48","slug":"policia-civil-encontra-nove-metralhadoras-furtadas-de-arsenal-do-exercito","status":"publish","type":"post","link":"https:\/\/regiaonews.net.br\/2022\/2023\/10\/21\/policia-civil-encontra-nove-metralhadoras-furtadas-de-arsenal-do-exercito\/","title":{"rendered":"Pol\u00edcia Civil encontra nove metralhadoras furtadas de arsenal do Ex\u00e9rcito"},"content":{"rendered":"<div>\n<h1 class=\"chapeu2 ng-binding\"><\/h1>\n<h2 class=\"titulopreto ng-binding\">Os agentes conseguiram encontrar as armas ap\u00f3s investiga\u00e7\u00f5es sobre o crime organizado<\/h2>\n<p><center><\/p>\n<h2 class=\"titulopreto ng-binding\"><\/h2>\n<p><\/center><\/div>\n<div id=\"notCorpo\" class=\"ng-binding\">\n<div>A Pol\u00edcia Civil recuperou no final da noite desta sexta-feira (20) nove metralhadoras que foram furtadas do arsenal do quartel do Ex\u00e9rcito, em Barueri. As apreens\u00f5es aconteceram em S\u00e3o Roque, no interior de S\u00e3o Paulo<\/div>\n<div><\/div>\n<div>Depois do furto, os policiais do estado de S\u00e3o Paulo come\u00e7aram diversas opera\u00e7\u00f5es para localizar as armas, em especial nas seccionais pr\u00f3ximas ao quartel.<\/div>\n<div><\/div>\n<div>\u201cN\u00f3s prestamos apoio ao Ex\u00e9rcito para localizar esse armamento para impedir que ele caia na m\u00e3o de criminosos\u201d, destacou o secret\u00e1rio da Seguran\u00e7a P\u00fablica, Guilherme Derrite.<\/div>\n<div><\/div>\n<div>Os policiais mapearam as atividades de suspeitos de integrar organiza\u00e7\u00f5es criminosas e identificaram o local onde estava sendo feito o transporte de armamentos de fogo de grosso calibre. As investiga\u00e7\u00f5es apontaram que as armas seriam repassadas a outros criminosos.<\/div>\n<div><\/div>\n<div>Quando chegaram at\u00e9 o endere\u00e7o, na Estrada Municipal Emil Scaff, os agentes foram recebidos a tiros por dois homens, mas os disparos atingiram apenas a viatura. A dupla conseguiu fugir por uma regi\u00e3o de mata pr\u00f3xima.<\/div>\n<div><\/div>\n<div>Ap\u00f3s as buscas, os pol\u00edcias conseguiram localizar nove das 21 metralhadoras furtadas do Ex\u00e9rcito. Cinco delas s\u00e3o de calibre .50, e as outras quatro, 7.62.<\/div>\n<div><\/div>\n<div>\u201cO calibre 7.62 tem o poder, por exemplo, de perfurar um carro blindado, j\u00e1 o .50, de uso exclusivo das fo\u00e7as armadas, \u00e9 antia\u00e9reo, por isso, foi extremamente positiva a a\u00e7\u00e3o da pol\u00edcia para recuperar as metralhadoras porque o preju\u00edzo poderia ser catastr\u00f3fico n\u00e3o s\u00f3 para os policiais, mas para a pr\u00f3pria sociedade\u201d, explicou ainda o secret\u00e1rio.<\/div>\n<div><\/div>\n<div><\/div>\n<div>A a\u00e7\u00e3o tamb\u00e9m contou com o apoio do 5\u00ba Batalh\u00e3o de A\u00e7\u00f5es Especiais (BAEP), da Pol\u00edcia Militar, e do Centro de Opera\u00e7\u00f5es Especiais (COE), da Pol\u00edcia Civil.<\/div>\n<div><\/div>\n<div>Uma equipe do ex\u00e9rcito foi at\u00e9 a delegacia e identificou o arsenal. Agora, o trabalho da Policia Civil continua para localizar as armas restantes.<\/div>\n<\/div>\n<div class=\"clearfix\"><\/div>\n<div class=\"clearfix\"><\/div>\n","protected":false},"excerpt":{"rendered":"<p>Os agentes conseguiram encontrar as armas ap\u00f3s investiga\u00e7\u00f5es sobre o<\/p>\n","protected":false},"author":2,"featured_media":96806,"comment_status":"open","ping_status":"open","sticky":false,"template":"","format":"standard","meta":{"footnotes":""},"categories":[29],"tags":[],"class_list":["post-96805","post","type-post","status-publish","format-standard","has-post-thumbnail","hentry","category-sao-paulo"],"yoast_head":"<!-- This site is optimized with the Yoast SEO plugin v27.4 - https:\/\/yoast.com\/product\/yoast-seo-wordpress\/ -->\n<title>Pol\u00edcia Civil encontra nove metralhadoras furtadas de arsenal do Ex\u00e9rcito - Regi\u00e3o News<\/title>\n<meta name=\"robots\" content=\"index, follow, max-snippet:-1, max-image-preview:large, max-video-preview:-1\" \/>\n<link rel=\"canonical\" href=\"https:\/\/regiaonews.net.br\/2022\/2023\/10\/21\/policia-civil-encontra-nove-metralhadoras-furtadas-de-arsenal-do-exercito\/\" \/>\n<meta property=\"og:locale\" content=\"pt_BR\" \/>\n<meta property=\"og:type\" content=\"article\" \/>\n<meta property=\"og:title\" content=\"Pol\u00edcia Civil encontra nove metralhadoras furtadas de arsenal do Ex\u00e9rcito - Regi\u00e3o News\" \/>\n<meta property=\"og:description\" content=\"Os agentes conseguiram encontrar as armas ap\u00f3s investiga\u00e7\u00f5es sobre o\" \/>\n<meta property=\"og:url\" content=\"https:\/\/regiaonews.net.br\/2022\/2023\/10\/21\/policia-civil-encontra-nove-metralhadoras-furtadas-de-arsenal-do-exercito\/\" \/>\n<meta property=\"og:site_name\" content=\"Regi\u00e3o News\" \/>\n<meta property=\"article:published_time\" content=\"2023-10-21T20:58:48+00:00\" \/>\n<meta property=\"og:image\" content=\"https:\/\/regiaonews.net.br\/2022\/wp-content\/uploads\/2023\/10\/00051783.jpeg\" \/>\n\t<meta property=\"og:image:width\" content=\"960\" \/>\n\t<meta property=\"og:image:height\" content=\"1280\" \/>\n\t<meta property=\"og:image:type\" content=\"image\/jpeg\" \/>\n<meta name=\"author\" content=\"Roberto\" \/>\n<meta name=\"twitter:card\" content=\"summary_large_image\" \/>\n<meta name=\"twitter:label1\" content=\"Escrito por\" \/>\n\t<meta name=\"twitter:data1\" content=\"Roberto\" \/>\n\t<meta name=\"twitter:label2\" content=\"Est. tempo de leitura\" \/>\n\t<meta name=\"twitter:data2\" content=\"2 minutos\" \/>\n<script type=\"application\/ld+json\" class=\"yoast-schema-graph\">{\"@context\":\"https:\\\/\\\/schema.org\",\"@graph\":[{\"@type\":\"Article\",\"@id\":\"https:\\\/\\\/regiaonews.net.br\\\/2022\\\/2023\\\/10\\\/21\\\/policia-civil-encontra-nove-metralhadoras-furtadas-de-arsenal-do-exercito\\\/#article\",\"isPartOf\":{\"@id\":\"https:\\\/\\\/regiaonews.net.br\\\/2022\\\/2023\\\/10\\\/21\\\/policia-civil-encontra-nove-metralhadoras-furtadas-de-arsenal-do-exercito\\\/\"},\"author\":{\"name\":\"Roberto\",\"@id\":\"https:\\\/\\\/regiaonews.net.br\\\/2022\\\/#\\\/schema\\\/person\\\/2d205a608a5aa97ac279d7a5e6d89ad8\"},\"headline\":\"Pol\u00edcia Civil encontra nove metralhadoras furtadas de arsenal do Ex\u00e9rcito\",\"datePublished\":\"2023-10-21T20:58:48+00:00\",\"mainEntityOfPage\":{\"@id\":\"https:\\\/\\\/regiaonews.net.br\\\/2022\\\/2023\\\/10\\\/21\\\/policia-civil-encontra-nove-metralhadoras-furtadas-de-arsenal-do-exercito\\\/\"},\"wordCount\":352,\"commentCount\":0,\"publisher\":{\"@id\":\"https:\\\/\\\/regiaonews.net.br\\\/2022\\\/#organization\"},\"image\":{\"@id\":\"https:\\\/\\\/regiaonews.net.br\\\/2022\\\/2023\\\/10\\\/21\\\/policia-civil-encontra-nove-metralhadoras-furtadas-de-arsenal-do-exercito\\\/#primaryimage\"},\"thumbnailUrl\":\"https:\\\/\\\/regiaonews.net.br\\\/2022\\\/wp-content\\\/uploads\\\/2023\\\/10\\\/00051783.jpeg\",\"articleSection\":[\"S\u00e3o Paulo\"],\"inLanguage\":\"pt-BR\",\"potentialAction\":[{\"@type\":\"CommentAction\",\"name\":\"Comment\",\"target\":[\"https:\\\/\\\/regiaonews.net.br\\\/2022\\\/2023\\\/10\\\/21\\\/policia-civil-encontra-nove-metralhadoras-furtadas-de-arsenal-do-exercito\\\/#respond\"]}]},{\"@type\":\"WebPage\",\"@id\":\"https:\\\/\\\/regiaonews.net.br\\\/2022\\\/2023\\\/10\\\/21\\\/policia-civil-encontra-nove-metralhadoras-furtadas-de-arsenal-do-exercito\\\/\",\"url\":\"https:\\\/\\\/regiaonews.net.br\\\/2022\\\/2023\\\/10\\\/21\\\/policia-civil-encontra-nove-metralhadoras-furtadas-de-arsenal-do-exercito\\\/\",\"name\":\"Pol\u00edcia Civil encontra nove metralhadoras furtadas de arsenal do Ex\u00e9rcito - Regi\u00e3o News\",\"isPartOf\":{\"@id\":\"https:\\\/\\\/regiaonews.net.br\\\/2022\\\/#website\"},\"primaryImageOfPage\":{\"@id\":\"https:\\\/\\\/regiaonews.net.br\\\/2022\\\/2023\\\/10\\\/21\\\/policia-civil-encontra-nove-metralhadoras-furtadas-de-arsenal-do-exercito\\\/#primaryimage\"},\"image\":{\"@id\":\"https:\\\/\\\/regiaonews.net.br\\\/2022\\\/2023\\\/10\\\/21\\\/policia-civil-encontra-nove-metralhadoras-furtadas-de-arsenal-do-exercito\\\/#primaryimage\"},\"thumbnailUrl\":\"https:\\\/\\\/regiaonews.net.br\\\/2022\\\/wp-content\\\/uploads\\\/2023\\\/10\\\/00051783.jpeg\",\"datePublished\":\"2023-10-21T20:58:48+00:00\",\"breadcrumb\":{\"@id\":\"https:\\\/\\\/regiaonews.net.br\\\/2022\\\/2023\\\/10\\\/21\\\/policia-civil-encontra-nove-metralhadoras-furtadas-de-arsenal-do-exercito\\\/#breadcrumb\"},\"inLanguage\":\"pt-BR\",\"potentialAction\":[{\"@type\":\"ReadAction\",\"target\":[\"https:\\\/\\\/regiaonews.net.br\\\/2022\\\/2023\\\/10\\\/21\\\/policia-civil-encontra-nove-metralhadoras-furtadas-de-arsenal-do-exercito\\\/\"]}]},{\"@type\":\"ImageObject\",\"inLanguage\":\"pt-BR\",\"@id\":\"https:\\\/\\\/regiaonews.net.br\\\/2022\\\/2023\\\/10\\\/21\\\/policia-civil-encontra-nove-metralhadoras-furtadas-de-arsenal-do-exercito\\\/#primaryimage\",\"url\":\"https:\\\/\\\/regiaonews.net.br\\\/2022\\\/wp-content\\\/uploads\\\/2023\\\/10\\\/00051783.jpeg\",\"contentUrl\":\"https:\\\/\\\/regiaonews.net.br\\\/2022\\\/wp-content\\\/uploads\\\/2023\\\/10\\\/00051783.jpeg\",\"width\":960,\"height\":1280},{\"@type\":\"BreadcrumbList\",\"@id\":\"https:\\\/\\\/regiaonews.net.br\\\/2022\\\/2023\\\/10\\\/21\\\/policia-civil-encontra-nove-metralhadoras-furtadas-de-arsenal-do-exercito\\\/#breadcrumb\",\"itemListElement\":[{\"@type\":\"ListItem\",\"position\":1,\"name\":\"In\u00edcio\",\"item\":\"https:\\\/\\\/regiaonews.net.br\\\/2022\\\/\"},{\"@type\":\"ListItem\",\"position\":2,\"name\":\"Pol\u00edcia Civil encontra nove metralhadoras furtadas de arsenal do Ex\u00e9rcito\"}]},{\"@type\":\"WebSite\",\"@id\":\"https:\\\/\\\/regiaonews.net.br\\\/2022\\\/#website\",\"url\":\"https:\\\/\\\/regiaonews.net.br\\\/2022\\\/\",\"name\":\"Regi\u00e3o News\",\"description\":\"Site de Not\u00edcias de Barretos e regi\u00e3o\",\"publisher\":{\"@id\":\"https:\\\/\\\/regiaonews.net.br\\\/2022\\\/#organization\"},\"potentialAction\":[{\"@type\":\"SearchAction\",\"target\":{\"@type\":\"EntryPoint\",\"urlTemplate\":\"https:\\\/\\\/regiaonews.net.br\\\/2022\\\/?s={search_term_string}\"},\"query-input\":{\"@type\":\"PropertyValueSpecification\",\"valueRequired\":true,\"valueName\":\"search_term_string\"}}],\"inLanguage\":\"pt-BR\"},{\"@type\":\"Organization\",\"@id\":\"https:\\\/\\\/regiaonews.net.br\\\/2022\\\/#organization\",\"name\":\"Regi\u00e3o News\",\"url\":\"https:\\\/\\\/regiaonews.net.br\\\/2022\\\/\",\"logo\":{\"@type\":\"ImageObject\",\"inLanguage\":\"pt-BR\",\"@id\":\"https:\\\/\\\/regiaonews.net.br\\\/2022\\\/#\\\/schema\\\/logo\\\/image\\\/\",\"url\":\"https:\\\/\\\/regiaonews.net.br\\\/2022\\\/wp-content\\\/uploads\\\/2026\\\/03\\\/regiao-13-anos-scaled.jpg\",\"contentUrl\":\"https:\\\/\\\/regiaonews.net.br\\\/2022\\\/wp-content\\\/uploads\\\/2026\\\/03\\\/regiao-13-anos-scaled.jpg\",\"width\":2560,\"height\":635,\"caption\":\"Regi\u00e3o News\"},\"image\":{\"@id\":\"https:\\\/\\\/regiaonews.net.br\\\/2022\\\/#\\\/schema\\\/logo\\\/image\\\/\"}},{\"@type\":\"Person\",\"@id\":\"https:\\\/\\\/regiaonews.net.br\\\/2022\\\/#\\\/schema\\\/person\\\/2d205a608a5aa97ac279d7a5e6d89ad8\",\"name\":\"Roberto\",\"image\":{\"@type\":\"ImageObject\",\"inLanguage\":\"pt-BR\",\"@id\":\"https:\\\/\\\/secure.gravatar.com\\\/avatar\\\/42749d8b712ff9d59ca93dc150494e5b55a44134482993f5baeb97e61b7ecc89?s=96&d=mm&r=g\",\"url\":\"https:\\\/\\\/secure.gravatar.com\\\/avatar\\\/42749d8b712ff9d59ca93dc150494e5b55a44134482993f5baeb97e61b7ecc89?s=96&d=mm&r=g\",\"contentUrl\":\"https:\\\/\\\/secure.gravatar.com\\\/avatar\\\/42749d8b712ff9d59ca93dc150494e5b55a44134482993f5baeb97e61b7ecc89?s=96&d=mm&r=g\",\"caption\":\"Roberto\"},\"url\":\"https:\\\/\\\/regiaonews.net.br\\\/2022\\\/author\\\/roberto\\\/\"}]}<\/script>\n<!-- \/ Yoast SEO plugin. -->","yoast_head_json":{"title":"Pol\u00edcia Civil encontra nove metralhadoras furtadas de arsenal do Ex\u00e9rcito - Regi\u00e3o News","robots":{"index":"index","follow":"follow","max-snippet":"max-snippet:-1","max-image-preview":"max-image-preview:large","max-video-preview":"max-video-preview:-1"},"canonical":"https:\/\/regiaonews.net.br\/2022\/2023\/10\/21\/policia-civil-encontra-nove-metralhadoras-furtadas-de-arsenal-do-exercito\/","og_locale":"pt_BR","og_type":"article","og_title":"Pol\u00edcia Civil encontra nove metralhadoras furtadas de arsenal do Ex\u00e9rcito - Regi\u00e3o News","og_description":"Os agentes conseguiram encontrar as armas ap\u00f3s investiga\u00e7\u00f5es sobre o","og_url":"https:\/\/regiaonews.net.br\/2022\/2023\/10\/21\/policia-civil-encontra-nove-metralhadoras-furtadas-de-arsenal-do-exercito\/","og_site_name":"Regi\u00e3o News","article_published_time":"2023-10-21T20:58:48+00:00","og_image":[{"width":960,"height":1280,"url":"https:\/\/regiaonews.net.br\/2022\/wp-content\/uploads\/2023\/10\/00051783.jpeg","type":"image\/jpeg"}],"author":"Roberto","twitter_card":"summary_large_image","twitter_misc":{"Escrito por":"Roberto","Est. tempo de leitura":"2 minutos"},"schema":{"@context":"https:\/\/schema.org","@graph":[{"@type":"Article","@id":"https:\/\/regiaonews.net.br\/2022\/2023\/10\/21\/policia-civil-encontra-nove-metralhadoras-furtadas-de-arsenal-do-exercito\/#article","isPartOf":{"@id":"https:\/\/regiaonews.net.br\/2022\/2023\/10\/21\/policia-civil-encontra-nove-metralhadoras-furtadas-de-arsenal-do-exercito\/"},"author":{"name":"Roberto","@id":"https:\/\/regiaonews.net.br\/2022\/#\/schema\/person\/2d205a608a5aa97ac279d7a5e6d89ad8"},"headline":"Pol\u00edcia Civil encontra nove metralhadoras furtadas de arsenal do Ex\u00e9rcito","datePublished":"2023-10-21T20:58:48+00:00","mainEntityOfPage":{"@id":"https:\/\/regiaonews.net.br\/2022\/2023\/10\/21\/policia-civil-encontra-nove-metralhadoras-furtadas-de-arsenal-do-exercito\/"},"wordCount":352,"commentCount":0,"publisher":{"@id":"https:\/\/regiaonews.net.br\/2022\/#organization"},"image":{"@id":"https:\/\/regiaonews.net.br\/2022\/2023\/10\/21\/policia-civil-encontra-nove-metralhadoras-furtadas-de-arsenal-do-exercito\/#primaryimage"},"thumbnailUrl":"https:\/\/regiaonews.net.br\/2022\/wp-content\/uploads\/2023\/10\/00051783.jpeg","articleSection":["S\u00e3o Paulo"],"inLanguage":"pt-BR","potentialAction":[{"@type":"CommentAction","name":"Comment","target":["https:\/\/regiaonews.net.br\/2022\/2023\/10\/21\/policia-civil-encontra-nove-metralhadoras-furtadas-de-arsenal-do-exercito\/#respond"]}]},{"@type":"WebPage","@id":"https:\/\/regiaonews.net.br\/2022\/2023\/10\/21\/policia-civil-encontra-nove-metralhadoras-furtadas-de-arsenal-do-exercito\/","url":"https:\/\/regiaonews.net.br\/2022\/2023\/10\/21\/policia-civil-encontra-nove-metralhadoras-furtadas-de-arsenal-do-exercito\/","name":"Pol\u00edcia Civil encontra nove metralhadoras furtadas de arsenal do Ex\u00e9rcito - Regi\u00e3o News","isPartOf":{"@id":"https:\/\/regiaonews.net.br\/2022\/#website"},"primaryImageOfPage":{"@id":"https:\/\/regiaonews.net.br\/2022\/2023\/10\/21\/policia-civil-encontra-nove-metralhadoras-furtadas-de-arsenal-do-exercito\/#primaryimage"},"image":{"@id":"https:\/\/regiaonews.net.br\/2022\/2023\/10\/21\/policia-civil-encontra-nove-metralhadoras-furtadas-de-arsenal-do-exercito\/#primaryimage"},"thumbnailUrl":"https:\/\/regiaonews.net.br\/2022\/wp-content\/uploads\/2023\/10\/00051783.jpeg","datePublished":"2023-10-21T20:58:48+00:00","breadcrumb":{"@id":"https:\/\/regiaonews.net.br\/2022\/2023\/10\/21\/policia-civil-encontra-nove-metralhadoras-furtadas-de-arsenal-do-exercito\/#breadcrumb"},"inLanguage":"pt-BR","potentialAction":[{"@type":"ReadAction","target":["https:\/\/regiaonews.net.br\/2022\/2023\/10\/21\/policia-civil-encontra-nove-metralhadoras-furtadas-de-arsenal-do-exercito\/"]}]},{"@type":"ImageObject","inLanguage":"pt-BR","@id":"https:\/\/regiaonews.net.br\/2022\/2023\/10\/21\/policia-civil-encontra-nove-metralhadoras-furtadas-de-arsenal-do-exercito\/#primaryimage","url":"https:\/\/regiaonews.net.br\/2022\/wp-content\/uploads\/2023\/10\/00051783.jpeg","contentUrl":"https:\/\/regiaonews.net.br\/2022\/wp-content\/uploads\/2023\/10\/00051783.jpeg","width":960,"height":1280},{"@type":"BreadcrumbList","@id":"https:\/\/regiaonews.net.br\/2022\/2023\/10\/21\/policia-civil-encontra-nove-metralhadoras-furtadas-de-arsenal-do-exercito\/#breadcrumb","itemListElement":[{"@type":"ListItem","position":1,"name":"In\u00edcio","item":"https:\/\/regiaonews.net.br\/2022\/"},{"@type":"ListItem","position":2,"name":"Pol\u00edcia Civil encontra nove metralhadoras furtadas de arsenal do Ex\u00e9rcito"}]},{"@type":"WebSite","@id":"https:\/\/regiaonews.net.br\/2022\/#website","url":"https:\/\/regiaonews.net.br\/2022\/","name":"Regi\u00e3o News","description":"Site de Not\u00edcias de Barretos e regi\u00e3o","publisher":{"@id":"https:\/\/regiaonews.net.br\/2022\/#organization"},"potentialAction":[{"@type":"SearchAction","target":{"@type":"EntryPoint","urlTemplate":"https:\/\/regiaonews.net.br\/2022\/?s={search_term_string}"},"query-input":{"@type":"PropertyValueSpecification","valueRequired":true,"valueName":"search_term_string"}}],"inLanguage":"pt-BR"},{"@type":"Organization","@id":"https:\/\/regiaonews.net.br\/2022\/#organization","name":"Regi\u00e3o News","url":"https:\/\/regiaonews.net.br\/2022\/","logo":{"@type":"ImageObject","inLanguage":"pt-BR","@id":"https:\/\/regiaonews.net.br\/2022\/#\/schema\/logo\/image\/","url":"https:\/\/regiaonews.net.br\/2022\/wp-content\/uploads\/2026\/03\/regiao-13-anos-scaled.jpg","contentUrl":"https:\/\/regiaonews.net.br\/2022\/wp-content\/uploads\/2026\/03\/regiao-13-anos-scaled.jpg","width":2560,"height":635,"caption":"Regi\u00e3o News"},"image":{"@id":"https:\/\/regiaonews.net.br\/2022\/#\/schema\/logo\/image\/"}},{"@type":"Person","@id":"https:\/\/regiaonews.net.br\/2022\/#\/schema\/person\/2d205a608a5aa97ac279d7a5e6d89ad8","name":"Roberto","image":{"@type":"ImageObject","inLanguage":"pt-BR","@id":"https:\/\/secure.gravatar.com\/avatar\/42749d8b712ff9d59ca93dc150494e5b55a44134482993f5baeb97e61b7ecc89?s=96&d=mm&r=g","url":"https:\/\/secure.gravatar.com\/avatar\/42749d8b712ff9d59ca93dc150494e5b55a44134482993f5baeb97e61b7ecc89?s=96&d=mm&r=g","contentUrl":"https:\/\/secure.gravatar.com\/avatar\/42749d8b712ff9d59ca93dc150494e5b55a44134482993f5baeb97e61b7ecc89?s=96&d=mm&r=g","caption":"Roberto"},"url":"https:\/\/regiaonews.net.br\/2022\/author\/roberto\/"}]}},"publishpress_future_action":{"enabled":false,"date":"2026-05-03 12:42:26","action":"change-status","newStatus":"draft","terms":[],"taxonomy":"category","extraData":[]},"publishpress_future_workflow_manual_trigger":{"enabledWorkflows":[]},"_links":{"self":[{"href":"https:\/\/regiaonews.net.br\/2022\/wp-json\/wp\/v2\/posts\/96805","targetHints":{"allow":["GET"]}}],"collection":[{"href":"https:\/\/regiaonews.net.br\/2022\/wp-json\/wp\/v2\/posts"}],"about":[{"href":"https:\/\/regiaonews.net.br\/2022\/wp-json\/wp\/v2\/types\/post"}],"author":[{"embeddable":true,"href":"https:\/\/regiaonews.net.br\/2022\/wp-json\/wp\/v2\/users\/2"}],"replies":[{"embeddable":true,"href":"https:\/\/regiaonews.net.br\/2022\/wp-json\/wp\/v2\/comments?post=96805"}],"version-history":[{"count":1,"href":"https:\/\/regiaonews.net.br\/2022\/wp-json\/wp\/v2\/posts\/96805\/revisions"}],"predecessor-version":[{"id":96807,"href":"https:\/\/regiaonews.net.br\/2022\/wp-json\/wp\/v2\/posts\/96805\/revisions\/96807"}],"wp:featuredmedia":[{"embeddable":true,"href":"https:\/\/regiaonews.net.br\/2022\/wp-json\/wp\/v2\/media\/96806"}],"wp:attachment":[{"href":"https:\/\/regiaonews.net.br\/2022\/wp-json\/wp\/v2\/media?parent=96805"}],"wp:term":[{"taxonomy":"category","embeddable":true,"href":"https:\/\/regiaonews.net.br\/2022\/wp-json\/wp\/v2\/categories?post=96805"},{"taxonomy":"post_tag","embeddable":true,"href":"https:\/\/regiaonews.net.br\/2022\/wp-json\/wp\/v2\/tags?post=96805"}],"curies":[{"name":"wp","href":"https:\/\/api.w.org\/{rel}","templated":true}]}}