{"id":96802,"date":"2023-10-21T17:40:17","date_gmt":"2023-10-21T20:40:17","guid":{"rendered":"https:\/\/regiaonews.net.br\/2022\/?p=96802"},"modified":"2023-10-21T17:40:17","modified_gmt":"2023-10-21T20:40:17","slug":"iguatemi-sao-jose-do-rio-preto-promove-terceira-edicao-do-rio-preto-diecast","status":"publish","type":"post","link":"https:\/\/regiaonews.net.br\/2022\/2023\/10\/21\/iguatemi-sao-jose-do-rio-preto-promove-terceira-edicao-do-rio-preto-diecast\/","title":{"rendered":"Iguatemi S\u00e3o Jos\u00e9 do Rio Preto promove terceira edi\u00e7\u00e3o do Rio Preto Diecast"},"content":{"rendered":"<p>Empreendimento ser\u00e1 palco para encontro de colecionadores e entusiastas de miniaturas<\/p>\n<p>O Iguatemi S\u00e3o Jos\u00e9 do Rio Preto, sempre em busca de trazer eventos com foco em lazer e entretenimento sediar\u00e1, pela primeira vez, o Rio Preto Diecast. Em sua 3\u00aa edi\u00e7\u00e3o, o evento conta com uma exposi\u00e7\u00e3o de miniaturas de ve\u00edculos, dioramas e maquetes, al\u00e9m de acess\u00f3rios e artigos colecion\u00e1veis que ir\u00e3o surpreender os visitantes que poder\u00e3o adquirir estes materiais e at\u00e9 mesmo, fazer trocas com outros colecionadores.<\/p>\n<p>Durante o evento, al\u00e9m da exposi\u00e7\u00e3o do Clube Riopretense de Colecionadores de Miniaturas, os visitantes tamb\u00e9m poder\u00e3o brincar na pista de Downhill, uma estrutura com cinco pistas e aproximadamente 2 metros, onde as miniaturas ser\u00e3o as estrelas.<\/p>\n<p>Al\u00e9m disso, o Speed Park trar\u00e1 a emo\u00e7\u00e3o de dirigir um kart de verdade com um simulador em duas pistas diferentes sendo que, uma delas, \u00e9 a t\u00e3o famosa pista de interlagos. Tamb\u00e9m ser\u00e3o sorteados brindes fornecidos pelos colaboradores para os inscritos e p\u00fablico visitante.<\/p>\n<p>A 3\u00aa edi\u00e7\u00e3o ser\u00e1 realizada na Pra\u00e7a de Eventos do Piso T\u00e9rreo, contando com uma \u00e1rea de 240 m\u00b2 ao lado da loja Ponto. O evento tamb\u00e9m contar\u00e1 com a exposi\u00e7\u00e3o de ve\u00edculo Jeep Renegade em parceira com a ALLMA Jeep, tendo tamb\u00e9m a miniatura oficial do evento.<\/p>\n<p>Sobre o Iguatemi S\u00e3o Jos\u00e9 do Rio Preto<br \/>\nConsiderado o primeiro e maior complexo multiuso do Noroeste Paulista, o Iguatemi S\u00e3o Jos\u00e9 do Rio Preto pertence \u00e0 Iguatemi S.A, carrega a excel\u00eancia e pioneirismo da marca em seu DNA. O empreendimento re\u00fane moda, arte, cultura, gastronomia, entretenimento, lazer, servi\u00e7os exclusivos, e conta com o hotel Hyatt Place, uma torre comercial (Iguatemi Business) e o residencial Integrado. Com um ambiente agrad\u00e1vel e aconchegante, pensado para proporcionar experi\u00eancias \u00fanicas e exclusivas, o Iguatemi S\u00e3o Jos\u00e9 do Rio Preto oferece um mix diversificado com marcas conceituadas do varejo nacional e internacional, entretenimento exclusivo e restaurantes renomados que o consolidaram como o principal polo gastron\u00f4mico da regi\u00e3o. Mais informa\u00e7\u00f5es: https:\/\/iguatemi.com.br\/saojosedoriopreto\/<\/p>\n","protected":false},"excerpt":{"rendered":"<p>Empreendimento ser\u00e1 palco para encontro de colecionadores e entusiastas de<\/p>\n","protected":false},"author":2,"featured_media":96803,"comment_status":"open","ping_status":"open","sticky":false,"template":"","format":"standard","meta":{"footnotes":""},"categories":[38],"tags":[],"class_list":["post-96802","post","type-post","status-publish","format-standard","has-post-thumbnail","hentry","category-sao-jose-do-rio-preto"],"yoast_head":"<!-- This site is optimized with the Yoast SEO plugin v27.4 - https:\/\/yoast.com\/product\/yoast-seo-wordpress\/ -->\n<title>Iguatemi S\u00e3o Jos\u00e9 do Rio Preto promove terceira edi\u00e7\u00e3o do Rio Preto Diecast - Regi\u00e3o News<\/title>\n<meta name=\"robots\" content=\"index, follow, max-snippet:-1, max-image-preview:large, max-video-preview:-1\" \/>\n<link rel=\"canonical\" href=\"https:\/\/regiaonews.net.br\/2022\/2023\/10\/21\/iguatemi-sao-jose-do-rio-preto-promove-terceira-edicao-do-rio-preto-diecast\/\" \/>\n<meta property=\"og:locale\" content=\"pt_BR\" \/>\n<meta property=\"og:type\" content=\"article\" \/>\n<meta property=\"og:title\" content=\"Iguatemi S\u00e3o Jos\u00e9 do Rio Preto promove terceira edi\u00e7\u00e3o do Rio Preto Diecast - Regi\u00e3o News\" \/>\n<meta property=\"og:description\" content=\"Empreendimento ser\u00e1 palco para encontro de colecionadores e entusiastas de\" \/>\n<meta property=\"og:url\" content=\"https:\/\/regiaonews.net.br\/2022\/2023\/10\/21\/iguatemi-sao-jose-do-rio-preto-promove-terceira-edicao-do-rio-preto-diecast\/\" \/>\n<meta property=\"og:site_name\" content=\"Regi\u00e3o News\" \/>\n<meta property=\"article:published_time\" content=\"2023-10-21T20:40:17+00:00\" \/>\n<meta property=\"og:image\" content=\"https:\/\/regiaonews.net.br\/2022\/wp-content\/uploads\/2023\/10\/WhatsApp-Image-2023-10-21-at-10.10.58-1.jpeg\" \/>\n\t<meta property=\"og:image:width\" content=\"1284\" \/>\n\t<meta property=\"og:image:height\" content=\"1273\" \/>\n\t<meta property=\"og:image:type\" content=\"image\/jpeg\" \/>\n<meta name=\"author\" content=\"Roberto\" \/>\n<meta name=\"twitter:card\" content=\"summary_large_image\" \/>\n<meta name=\"twitter:label1\" content=\"Escrito por\" \/>\n\t<meta name=\"twitter:data1\" content=\"Roberto\" \/>\n\t<meta name=\"twitter:label2\" content=\"Est. tempo de leitura\" \/>\n\t<meta name=\"twitter:data2\" content=\"2 minutos\" \/>\n<script type=\"application\/ld+json\" class=\"yoast-schema-graph\">{\"@context\":\"https:\\\/\\\/schema.org\",\"@graph\":[{\"@type\":\"Article\",\"@id\":\"https:\\\/\\\/regiaonews.net.br\\\/2022\\\/2023\\\/10\\\/21\\\/iguatemi-sao-jose-do-rio-preto-promove-terceira-edicao-do-rio-preto-diecast\\\/#article\",\"isPartOf\":{\"@id\":\"https:\\\/\\\/regiaonews.net.br\\\/2022\\\/2023\\\/10\\\/21\\\/iguatemi-sao-jose-do-rio-preto-promove-terceira-edicao-do-rio-preto-diecast\\\/\"},\"author\":{\"name\":\"Roberto\",\"@id\":\"https:\\\/\\\/regiaonews.net.br\\\/2022\\\/#\\\/schema\\\/person\\\/2d205a608a5aa97ac279d7a5e6d89ad8\"},\"headline\":\"Iguatemi S\u00e3o Jos\u00e9 do Rio Preto promove terceira edi\u00e7\u00e3o do Rio Preto Diecast\",\"datePublished\":\"2023-10-21T20:40:17+00:00\",\"mainEntityOfPage\":{\"@id\":\"https:\\\/\\\/regiaonews.net.br\\\/2022\\\/2023\\\/10\\\/21\\\/iguatemi-sao-jose-do-rio-preto-promove-terceira-edicao-do-rio-preto-diecast\\\/\"},\"wordCount\":377,\"commentCount\":0,\"publisher\":{\"@id\":\"https:\\\/\\\/regiaonews.net.br\\\/2022\\\/#organization\"},\"image\":{\"@id\":\"https:\\\/\\\/regiaonews.net.br\\\/2022\\\/2023\\\/10\\\/21\\\/iguatemi-sao-jose-do-rio-preto-promove-terceira-edicao-do-rio-preto-diecast\\\/#primaryimage\"},\"thumbnailUrl\":\"https:\\\/\\\/regiaonews.net.br\\\/2022\\\/wp-content\\\/uploads\\\/2023\\\/10\\\/WhatsApp-Image-2023-10-21-at-10.10.58-1.jpeg\",\"articleSection\":[\"S\u00e3o Jos\u00e9 do RIo Preto\"],\"inLanguage\":\"pt-BR\",\"potentialAction\":[{\"@type\":\"CommentAction\",\"name\":\"Comment\",\"target\":[\"https:\\\/\\\/regiaonews.net.br\\\/2022\\\/2023\\\/10\\\/21\\\/iguatemi-sao-jose-do-rio-preto-promove-terceira-edicao-do-rio-preto-diecast\\\/#respond\"]}]},{\"@type\":\"WebPage\",\"@id\":\"https:\\\/\\\/regiaonews.net.br\\\/2022\\\/2023\\\/10\\\/21\\\/iguatemi-sao-jose-do-rio-preto-promove-terceira-edicao-do-rio-preto-diecast\\\/\",\"url\":\"https:\\\/\\\/regiaonews.net.br\\\/2022\\\/2023\\\/10\\\/21\\\/iguatemi-sao-jose-do-rio-preto-promove-terceira-edicao-do-rio-preto-diecast\\\/\",\"name\":\"Iguatemi S\u00e3o Jos\u00e9 do Rio Preto promove terceira edi\u00e7\u00e3o do Rio Preto Diecast - Regi\u00e3o News\",\"isPartOf\":{\"@id\":\"https:\\\/\\\/regiaonews.net.br\\\/2022\\\/#website\"},\"primaryImageOfPage\":{\"@id\":\"https:\\\/\\\/regiaonews.net.br\\\/2022\\\/2023\\\/10\\\/21\\\/iguatemi-sao-jose-do-rio-preto-promove-terceira-edicao-do-rio-preto-diecast\\\/#primaryimage\"},\"image\":{\"@id\":\"https:\\\/\\\/regiaonews.net.br\\\/2022\\\/2023\\\/10\\\/21\\\/iguatemi-sao-jose-do-rio-preto-promove-terceira-edicao-do-rio-preto-diecast\\\/#primaryimage\"},\"thumbnailUrl\":\"https:\\\/\\\/regiaonews.net.br\\\/2022\\\/wp-content\\\/uploads\\\/2023\\\/10\\\/WhatsApp-Image-2023-10-21-at-10.10.58-1.jpeg\",\"datePublished\":\"2023-10-21T20:40:17+00:00\",\"breadcrumb\":{\"@id\":\"https:\\\/\\\/regiaonews.net.br\\\/2022\\\/2023\\\/10\\\/21\\\/iguatemi-sao-jose-do-rio-preto-promove-terceira-edicao-do-rio-preto-diecast\\\/#breadcrumb\"},\"inLanguage\":\"pt-BR\",\"potentialAction\":[{\"@type\":\"ReadAction\",\"target\":[\"https:\\\/\\\/regiaonews.net.br\\\/2022\\\/2023\\\/10\\\/21\\\/iguatemi-sao-jose-do-rio-preto-promove-terceira-edicao-do-rio-preto-diecast\\\/\"]}]},{\"@type\":\"ImageObject\",\"inLanguage\":\"pt-BR\",\"@id\":\"https:\\\/\\\/regiaonews.net.br\\\/2022\\\/2023\\\/10\\\/21\\\/iguatemi-sao-jose-do-rio-preto-promove-terceira-edicao-do-rio-preto-diecast\\\/#primaryimage\",\"url\":\"https:\\\/\\\/regiaonews.net.br\\\/2022\\\/wp-content\\\/uploads\\\/2023\\\/10\\\/WhatsApp-Image-2023-10-21-at-10.10.58-1.jpeg\",\"contentUrl\":\"https:\\\/\\\/regiaonews.net.br\\\/2022\\\/wp-content\\\/uploads\\\/2023\\\/10\\\/WhatsApp-Image-2023-10-21-at-10.10.58-1.jpeg\",\"width\":1284,\"height\":1273},{\"@type\":\"BreadcrumbList\",\"@id\":\"https:\\\/\\\/regiaonews.net.br\\\/2022\\\/2023\\\/10\\\/21\\\/iguatemi-sao-jose-do-rio-preto-promove-terceira-edicao-do-rio-preto-diecast\\\/#breadcrumb\",\"itemListElement\":[{\"@type\":\"ListItem\",\"position\":1,\"name\":\"In\u00edcio\",\"item\":\"https:\\\/\\\/regiaonews.net.br\\\/2022\\\/\"},{\"@type\":\"ListItem\",\"position\":2,\"name\":\"Iguatemi S\u00e3o Jos\u00e9 do Rio Preto promove terceira edi\u00e7\u00e3o do Rio Preto Diecast\"}]},{\"@type\":\"WebSite\",\"@id\":\"https:\\\/\\\/regiaonews.net.br\\\/2022\\\/#website\",\"url\":\"https:\\\/\\\/regiaonews.net.br\\\/2022\\\/\",\"name\":\"Regi\u00e3o News\",\"description\":\"Site de Not\u00edcias de Barretos e regi\u00e3o\",\"publisher\":{\"@id\":\"https:\\\/\\\/regiaonews.net.br\\\/2022\\\/#organization\"},\"potentialAction\":[{\"@type\":\"SearchAction\",\"target\":{\"@type\":\"EntryPoint\",\"urlTemplate\":\"https:\\\/\\\/regiaonews.net.br\\\/2022\\\/?s={search_term_string}\"},\"query-input\":{\"@type\":\"PropertyValueSpecification\",\"valueRequired\":true,\"valueName\":\"search_term_string\"}}],\"inLanguage\":\"pt-BR\"},{\"@type\":\"Organization\",\"@id\":\"https:\\\/\\\/regiaonews.net.br\\\/2022\\\/#organization\",\"name\":\"Regi\u00e3o News\",\"url\":\"https:\\\/\\\/regiaonews.net.br\\\/2022\\\/\",\"logo\":{\"@type\":\"ImageObject\",\"inLanguage\":\"pt-BR\",\"@id\":\"https:\\\/\\\/regiaonews.net.br\\\/2022\\\/#\\\/schema\\\/logo\\\/image\\\/\",\"url\":\"https:\\\/\\\/regiaonews.net.br\\\/2022\\\/wp-content\\\/uploads\\\/2026\\\/03\\\/regiao-13-anos-scaled.jpg\",\"contentUrl\":\"https:\\\/\\\/regiaonews.net.br\\\/2022\\\/wp-content\\\/uploads\\\/2026\\\/03\\\/regiao-13-anos-scaled.jpg\",\"width\":2560,\"height\":635,\"caption\":\"Regi\u00e3o News\"},\"image\":{\"@id\":\"https:\\\/\\\/regiaonews.net.br\\\/2022\\\/#\\\/schema\\\/logo\\\/image\\\/\"}},{\"@type\":\"Person\",\"@id\":\"https:\\\/\\\/regiaonews.net.br\\\/2022\\\/#\\\/schema\\\/person\\\/2d205a608a5aa97ac279d7a5e6d89ad8\",\"name\":\"Roberto\",\"image\":{\"@type\":\"ImageObject\",\"inLanguage\":\"pt-BR\",\"@id\":\"https:\\\/\\\/secure.gravatar.com\\\/avatar\\\/42749d8b712ff9d59ca93dc150494e5b55a44134482993f5baeb97e61b7ecc89?s=96&d=mm&r=g\",\"url\":\"https:\\\/\\\/secure.gravatar.com\\\/avatar\\\/42749d8b712ff9d59ca93dc150494e5b55a44134482993f5baeb97e61b7ecc89?s=96&d=mm&r=g\",\"contentUrl\":\"https:\\\/\\\/secure.gravatar.com\\\/avatar\\\/42749d8b712ff9d59ca93dc150494e5b55a44134482993f5baeb97e61b7ecc89?s=96&d=mm&r=g\",\"caption\":\"Roberto\"},\"url\":\"https:\\\/\\\/regiaonews.net.br\\\/2022\\\/author\\\/roberto\\\/\"}]}<\/script>\n<!-- \/ Yoast SEO plugin. -->","yoast_head_json":{"title":"Iguatemi S\u00e3o Jos\u00e9 do Rio Preto promove terceira edi\u00e7\u00e3o do Rio Preto Diecast - Regi\u00e3o News","robots":{"index":"index","follow":"follow","max-snippet":"max-snippet:-1","max-image-preview":"max-image-preview:large","max-video-preview":"max-video-preview:-1"},"canonical":"https:\/\/regiaonews.net.br\/2022\/2023\/10\/21\/iguatemi-sao-jose-do-rio-preto-promove-terceira-edicao-do-rio-preto-diecast\/","og_locale":"pt_BR","og_type":"article","og_title":"Iguatemi S\u00e3o Jos\u00e9 do Rio Preto promove terceira edi\u00e7\u00e3o do Rio Preto Diecast - Regi\u00e3o News","og_description":"Empreendimento ser\u00e1 palco para encontro de colecionadores e entusiastas de","og_url":"https:\/\/regiaonews.net.br\/2022\/2023\/10\/21\/iguatemi-sao-jose-do-rio-preto-promove-terceira-edicao-do-rio-preto-diecast\/","og_site_name":"Regi\u00e3o News","article_published_time":"2023-10-21T20:40:17+00:00","og_image":[{"width":1284,"height":1273,"url":"https:\/\/regiaonews.net.br\/2022\/wp-content\/uploads\/2023\/10\/WhatsApp-Image-2023-10-21-at-10.10.58-1.jpeg","type":"image\/jpeg"}],"author":"Roberto","twitter_card":"summary_large_image","twitter_misc":{"Escrito por":"Roberto","Est. tempo de leitura":"2 minutos"},"schema":{"@context":"https:\/\/schema.org","@graph":[{"@type":"Article","@id":"https:\/\/regiaonews.net.br\/2022\/2023\/10\/21\/iguatemi-sao-jose-do-rio-preto-promove-terceira-edicao-do-rio-preto-diecast\/#article","isPartOf":{"@id":"https:\/\/regiaonews.net.br\/2022\/2023\/10\/21\/iguatemi-sao-jose-do-rio-preto-promove-terceira-edicao-do-rio-preto-diecast\/"},"author":{"name":"Roberto","@id":"https:\/\/regiaonews.net.br\/2022\/#\/schema\/person\/2d205a608a5aa97ac279d7a5e6d89ad8"},"headline":"Iguatemi S\u00e3o Jos\u00e9 do Rio Preto promove terceira edi\u00e7\u00e3o do Rio Preto Diecast","datePublished":"2023-10-21T20:40:17+00:00","mainEntityOfPage":{"@id":"https:\/\/regiaonews.net.br\/2022\/2023\/10\/21\/iguatemi-sao-jose-do-rio-preto-promove-terceira-edicao-do-rio-preto-diecast\/"},"wordCount":377,"commentCount":0,"publisher":{"@id":"https:\/\/regiaonews.net.br\/2022\/#organization"},"image":{"@id":"https:\/\/regiaonews.net.br\/2022\/2023\/10\/21\/iguatemi-sao-jose-do-rio-preto-promove-terceira-edicao-do-rio-preto-diecast\/#primaryimage"},"thumbnailUrl":"https:\/\/regiaonews.net.br\/2022\/wp-content\/uploads\/2023\/10\/WhatsApp-Image-2023-10-21-at-10.10.58-1.jpeg","articleSection":["S\u00e3o Jos\u00e9 do RIo Preto"],"inLanguage":"pt-BR","potentialAction":[{"@type":"CommentAction","name":"Comment","target":["https:\/\/regiaonews.net.br\/2022\/2023\/10\/21\/iguatemi-sao-jose-do-rio-preto-promove-terceira-edicao-do-rio-preto-diecast\/#respond"]}]},{"@type":"WebPage","@id":"https:\/\/regiaonews.net.br\/2022\/2023\/10\/21\/iguatemi-sao-jose-do-rio-preto-promove-terceira-edicao-do-rio-preto-diecast\/","url":"https:\/\/regiaonews.net.br\/2022\/2023\/10\/21\/iguatemi-sao-jose-do-rio-preto-promove-terceira-edicao-do-rio-preto-diecast\/","name":"Iguatemi S\u00e3o Jos\u00e9 do Rio Preto promove terceira edi\u00e7\u00e3o do Rio Preto Diecast - Regi\u00e3o News","isPartOf":{"@id":"https:\/\/regiaonews.net.br\/2022\/#website"},"primaryImageOfPage":{"@id":"https:\/\/regiaonews.net.br\/2022\/2023\/10\/21\/iguatemi-sao-jose-do-rio-preto-promove-terceira-edicao-do-rio-preto-diecast\/#primaryimage"},"image":{"@id":"https:\/\/regiaonews.net.br\/2022\/2023\/10\/21\/iguatemi-sao-jose-do-rio-preto-promove-terceira-edicao-do-rio-preto-diecast\/#primaryimage"},"thumbnailUrl":"https:\/\/regiaonews.net.br\/2022\/wp-content\/uploads\/2023\/10\/WhatsApp-Image-2023-10-21-at-10.10.58-1.jpeg","datePublished":"2023-10-21T20:40:17+00:00","breadcrumb":{"@id":"https:\/\/regiaonews.net.br\/2022\/2023\/10\/21\/iguatemi-sao-jose-do-rio-preto-promove-terceira-edicao-do-rio-preto-diecast\/#breadcrumb"},"inLanguage":"pt-BR","potentialAction":[{"@type":"ReadAction","target":["https:\/\/regiaonews.net.br\/2022\/2023\/10\/21\/iguatemi-sao-jose-do-rio-preto-promove-terceira-edicao-do-rio-preto-diecast\/"]}]},{"@type":"ImageObject","inLanguage":"pt-BR","@id":"https:\/\/regiaonews.net.br\/2022\/2023\/10\/21\/iguatemi-sao-jose-do-rio-preto-promove-terceira-edicao-do-rio-preto-diecast\/#primaryimage","url":"https:\/\/regiaonews.net.br\/2022\/wp-content\/uploads\/2023\/10\/WhatsApp-Image-2023-10-21-at-10.10.58-1.jpeg","contentUrl":"https:\/\/regiaonews.net.br\/2022\/wp-content\/uploads\/2023\/10\/WhatsApp-Image-2023-10-21-at-10.10.58-1.jpeg","width":1284,"height":1273},{"@type":"BreadcrumbList","@id":"https:\/\/regiaonews.net.br\/2022\/2023\/10\/21\/iguatemi-sao-jose-do-rio-preto-promove-terceira-edicao-do-rio-preto-diecast\/#breadcrumb","itemListElement":[{"@type":"ListItem","position":1,"name":"In\u00edcio","item":"https:\/\/regiaonews.net.br\/2022\/"},{"@type":"ListItem","position":2,"name":"Iguatemi S\u00e3o Jos\u00e9 do Rio Preto promove terceira edi\u00e7\u00e3o do Rio Preto Diecast"}]},{"@type":"WebSite","@id":"https:\/\/regiaonews.net.br\/2022\/#website","url":"https:\/\/regiaonews.net.br\/2022\/","name":"Regi\u00e3o News","description":"Site de Not\u00edcias de Barretos e regi\u00e3o","publisher":{"@id":"https:\/\/regiaonews.net.br\/2022\/#organization"},"potentialAction":[{"@type":"SearchAction","target":{"@type":"EntryPoint","urlTemplate":"https:\/\/regiaonews.net.br\/2022\/?s={search_term_string}"},"query-input":{"@type":"PropertyValueSpecification","valueRequired":true,"valueName":"search_term_string"}}],"inLanguage":"pt-BR"},{"@type":"Organization","@id":"https:\/\/regiaonews.net.br\/2022\/#organization","name":"Regi\u00e3o News","url":"https:\/\/regiaonews.net.br\/2022\/","logo":{"@type":"ImageObject","inLanguage":"pt-BR","@id":"https:\/\/regiaonews.net.br\/2022\/#\/schema\/logo\/image\/","url":"https:\/\/regiaonews.net.br\/2022\/wp-content\/uploads\/2026\/03\/regiao-13-anos-scaled.jpg","contentUrl":"https:\/\/regiaonews.net.br\/2022\/wp-content\/uploads\/2026\/03\/regiao-13-anos-scaled.jpg","width":2560,"height":635,"caption":"Regi\u00e3o News"},"image":{"@id":"https:\/\/regiaonews.net.br\/2022\/#\/schema\/logo\/image\/"}},{"@type":"Person","@id":"https:\/\/regiaonews.net.br\/2022\/#\/schema\/person\/2d205a608a5aa97ac279d7a5e6d89ad8","name":"Roberto","image":{"@type":"ImageObject","inLanguage":"pt-BR","@id":"https:\/\/secure.gravatar.com\/avatar\/42749d8b712ff9d59ca93dc150494e5b55a44134482993f5baeb97e61b7ecc89?s=96&d=mm&r=g","url":"https:\/\/secure.gravatar.com\/avatar\/42749d8b712ff9d59ca93dc150494e5b55a44134482993f5baeb97e61b7ecc89?s=96&d=mm&r=g","contentUrl":"https:\/\/secure.gravatar.com\/avatar\/42749d8b712ff9d59ca93dc150494e5b55a44134482993f5baeb97e61b7ecc89?s=96&d=mm&r=g","caption":"Roberto"},"url":"https:\/\/regiaonews.net.br\/2022\/author\/roberto\/"}]}},"publishpress_future_action":{"enabled":false,"date":"2026-05-03 14:18:55","action":"change-status","newStatus":"draft","terms":[],"taxonomy":"category","extraData":[]},"publishpress_future_workflow_manual_trigger":{"enabledWorkflows":[]},"_links":{"self":[{"href":"https:\/\/regiaonews.net.br\/2022\/wp-json\/wp\/v2\/posts\/96802","targetHints":{"allow":["GET"]}}],"collection":[{"href":"https:\/\/regiaonews.net.br\/2022\/wp-json\/wp\/v2\/posts"}],"about":[{"href":"https:\/\/regiaonews.net.br\/2022\/wp-json\/wp\/v2\/types\/post"}],"author":[{"embeddable":true,"href":"https:\/\/regiaonews.net.br\/2022\/wp-json\/wp\/v2\/users\/2"}],"replies":[{"embeddable":true,"href":"https:\/\/regiaonews.net.br\/2022\/wp-json\/wp\/v2\/comments?post=96802"}],"version-history":[{"count":1,"href":"https:\/\/regiaonews.net.br\/2022\/wp-json\/wp\/v2\/posts\/96802\/revisions"}],"predecessor-version":[{"id":96804,"href":"https:\/\/regiaonews.net.br\/2022\/wp-json\/wp\/v2\/posts\/96802\/revisions\/96804"}],"wp:featuredmedia":[{"embeddable":true,"href":"https:\/\/regiaonews.net.br\/2022\/wp-json\/wp\/v2\/media\/96803"}],"wp:attachment":[{"href":"https:\/\/regiaonews.net.br\/2022\/wp-json\/wp\/v2\/media?parent=96802"}],"wp:term":[{"taxonomy":"category","embeddable":true,"href":"https:\/\/regiaonews.net.br\/2022\/wp-json\/wp\/v2\/categories?post=96802"},{"taxonomy":"post_tag","embeddable":true,"href":"https:\/\/regiaonews.net.br\/2022\/wp-json\/wp\/v2\/tags?post=96802"}],"curies":[{"name":"wp","href":"https:\/\/api.w.org\/{rel}","templated":true}]}}