{"id":96791,"date":"2023-10-21T08:55:46","date_gmt":"2023-10-21T11:55:46","guid":{"rendered":"https:\/\/regiaonews.net.br\/2022\/?p=96791"},"modified":"2023-10-21T08:57:41","modified_gmt":"2023-10-21T11:57:41","slug":"colombia-pescador-e-flagrado-com-41-kg-de-pintado-no-rio-grande","status":"publish","type":"post","link":"https:\/\/regiaonews.net.br\/2022\/2023\/10\/21\/colombia-pescador-e-flagrado-com-41-kg-de-pintado-no-rio-grande\/","title":{"rendered":"Col\u00f4mbia: pescador \u00e9 flagrado com 41 kg de pintado no Rio Grande"},"content":{"rendered":"<p>Durante patrulhamento terrestre, \u00e0s margens do Rio Grande, na regi\u00e3o do porto &#8220;Bambu&#8221;, em\u00a0 \u00a0Col\u00f4mbia, a equipe de Policia Militar Ambiemtal avistou um indiv\u00edduo descarregando algumas caixas de peixe de uma pick-up para o interior de uma resid\u00eancia.<br \/>\nAp\u00f3s realizada aferi\u00e7\u00e3o dos pescados foi constatado peixes nativos da esp\u00e9cie Pintado, com peso total de 41,650 Kg, sendo que\u00a0 as esp\u00e9cimes tinham tamanhos inferiores ao permitido que \u00e9 de 90 cent\u00edmetros para a referida esp\u00e9cie.<br \/>\nDiante do acima exposto, foi lavrado o Auto de Infra\u00e7\u00e3o Ambiental com penalidade de multa simples no valor de R$ 1.833,00, por incorrer no disposto Artigo 35 Par\u00e1grafo 1\u00b0 Inciso I, da resolu\u00e7\u00e3o SIMA 05\/21 &#8221; Por pescar esp\u00e9cime com tamanho inferior&#8221;.<br \/>\nPenalmente o autor infringiu o disposto no Art 34 da lei federal 9.605\/98.<br \/>\nOs peixes estavam congelados e foram doados para o &#8220;Abrigo infantil Ol\u00edvia Maria Rosa&#8221;.<\/p>\n<p><a href=\"https:\/\/regiaonews.net.br\/2022\/wp-content\/uploads\/2023\/10\/IMG-20231021-WA0049.jpg\"><img loading=\"lazy\" decoding=\"async\" class=\"alignnone size-medium wp-image-96794\" src=\"https:\/\/regiaonews.net.br\/2022\/wp-content\/uploads\/2023\/10\/IMG-20231021-WA0049-186x300.jpg\" alt=\"\" width=\"186\" height=\"300\" srcset=\"https:\/\/regiaonews.net.br\/2022\/wp-content\/uploads\/2023\/10\/IMG-20231021-WA0049-186x300.jpg 186w, https:\/\/regiaonews.net.br\/2022\/wp-content\/uploads\/2023\/10\/IMG-20231021-WA0049-634x1024.jpg 634w, https:\/\/regiaonews.net.br\/2022\/wp-content\/uploads\/2023\/10\/IMG-20231021-WA0049-768x1240.jpg 768w, https:\/\/regiaonews.net.br\/2022\/wp-content\/uploads\/2023\/10\/IMG-20231021-WA0049-951x1536.jpg 951w, https:\/\/regiaonews.net.br\/2022\/wp-content\/uploads\/2023\/10\/IMG-20231021-WA0049-250x404.jpg 250w, https:\/\/regiaonews.net.br\/2022\/wp-content\/uploads\/2023\/10\/IMG-20231021-WA0049.jpg 991w\" sizes=\"auto, (max-width: 186px) 100vw, 186px\" \/><\/a><\/p>\n","protected":false},"excerpt":{"rendered":"<p>Durante patrulhamento terrestre, \u00e0s margens do Rio Grande, na regi\u00e3o<\/p>\n","protected":false},"author":2,"featured_media":96793,"comment_status":"open","ping_status":"open","sticky":false,"template":"","format":"standard","meta":{"footnotes":""},"categories":[6,23],"tags":[],"class_list":["post-96791","post","type-post","status-publish","format-standard","has-post-thumbnail","hentry","category-colombia","category-policia"],"yoast_head":"<!-- This site is optimized with the Yoast SEO plugin v27.4 - https:\/\/yoast.com\/product\/yoast-seo-wordpress\/ -->\n<title>Col\u00f4mbia: pescador \u00e9 flagrado com 41 kg de pintado no Rio Grande<\/title>\n<meta name=\"description\" content=\"Durante patrulhamento terrestre, \u00e0s margens do Rio Grande, na regi\u00e3o do porto &quot;Bambu&quot;, em\u00a0 \u00a0Col\u00f4mbia, a equipe\" \/>\n<meta name=\"robots\" content=\"index, follow, max-snippet:-1, max-image-preview:large, max-video-preview:-1\" \/>\n<link rel=\"canonical\" href=\"https:\/\/regiaonews.net.br\/2022\/2023\/10\/21\/colombia-pescador-e-flagrado-com-41-kg-de-pintado-no-rio-grande\/\" \/>\n<meta property=\"og:locale\" content=\"pt_BR\" \/>\n<meta property=\"og:type\" content=\"article\" \/>\n<meta property=\"og:title\" content=\"Col\u00f4mbia: pescador \u00e9 flagrado com 41 kg de pintado no Rio Grande\" \/>\n<meta property=\"og:description\" content=\"Durante patrulhamento terrestre, \u00e0s margens do Rio Grande, na regi\u00e3o do porto &quot;Bambu&quot;, em\u00a0 \u00a0Col\u00f4mbia, a equipe\" \/>\n<meta property=\"og:url\" content=\"https:\/\/regiaonews.net.br\/2022\/2023\/10\/21\/colombia-pescador-e-flagrado-com-41-kg-de-pintado-no-rio-grande\/\" \/>\n<meta property=\"og:site_name\" content=\"Regi\u00e3o News\" \/>\n<meta property=\"article:published_time\" content=\"2023-10-21T11:55:46+00:00\" \/>\n<meta property=\"article:modified_time\" content=\"2023-10-21T11:57:41+00:00\" \/>\n<meta property=\"og:image\" content=\"https:\/\/regiaonews.net.br\/2022\/wp-content\/uploads\/2023\/10\/IMG-20231021-WA0047.jpg\" \/>\n\t<meta property=\"og:image:width\" content=\"1600\" \/>\n\t<meta property=\"og:image:height\" content=\"1069\" \/>\n\t<meta property=\"og:image:type\" content=\"image\/jpeg\" \/>\n<meta name=\"author\" content=\"Roberto\" \/>\n<meta name=\"twitter:card\" content=\"summary_large_image\" \/>\n<meta name=\"twitter:label1\" content=\"Escrito por\" \/>\n\t<meta name=\"twitter:data1\" content=\"Roberto\" \/>\n\t<meta name=\"twitter:label2\" content=\"Est. tempo de leitura\" \/>\n\t<meta name=\"twitter:data2\" content=\"1 minuto\" \/>\n<script type=\"application\/ld+json\" class=\"yoast-schema-graph\">{\"@context\":\"https:\\\/\\\/schema.org\",\"@graph\":[{\"@type\":\"Article\",\"@id\":\"https:\\\/\\\/regiaonews.net.br\\\/2022\\\/2023\\\/10\\\/21\\\/colombia-pescador-e-flagrado-com-41-kg-de-pintado-no-rio-grande\\\/#article\",\"isPartOf\":{\"@id\":\"https:\\\/\\\/regiaonews.net.br\\\/2022\\\/2023\\\/10\\\/21\\\/colombia-pescador-e-flagrado-com-41-kg-de-pintado-no-rio-grande\\\/\"},\"author\":{\"name\":\"Roberto\",\"@id\":\"https:\\\/\\\/regiaonews.net.br\\\/2022\\\/#\\\/schema\\\/person\\\/2d205a608a5aa97ac279d7a5e6d89ad8\"},\"headline\":\"Col\u00f4mbia: pescador \u00e9 flagrado com 41 kg de pintado no Rio Grande\",\"datePublished\":\"2023-10-21T11:55:46+00:00\",\"dateModified\":\"2023-10-21T11:57:41+00:00\",\"mainEntityOfPage\":{\"@id\":\"https:\\\/\\\/regiaonews.net.br\\\/2022\\\/2023\\\/10\\\/21\\\/colombia-pescador-e-flagrado-com-41-kg-de-pintado-no-rio-grande\\\/\"},\"wordCount\":159,\"commentCount\":0,\"publisher\":{\"@id\":\"https:\\\/\\\/regiaonews.net.br\\\/2022\\\/#organization\"},\"image\":{\"@id\":\"https:\\\/\\\/regiaonews.net.br\\\/2022\\\/2023\\\/10\\\/21\\\/colombia-pescador-e-flagrado-com-41-kg-de-pintado-no-rio-grande\\\/#primaryimage\"},\"thumbnailUrl\":\"https:\\\/\\\/regiaonews.net.br\\\/2022\\\/wp-content\\\/uploads\\\/2023\\\/10\\\/IMG-20231021-WA0047.jpg\",\"articleSection\":[\"Col\u00f4mbia\",\"Policia\"],\"inLanguage\":\"pt-BR\",\"potentialAction\":[{\"@type\":\"CommentAction\",\"name\":\"Comment\",\"target\":[\"https:\\\/\\\/regiaonews.net.br\\\/2022\\\/2023\\\/10\\\/21\\\/colombia-pescador-e-flagrado-com-41-kg-de-pintado-no-rio-grande\\\/#respond\"]}]},{\"@type\":\"WebPage\",\"@id\":\"https:\\\/\\\/regiaonews.net.br\\\/2022\\\/2023\\\/10\\\/21\\\/colombia-pescador-e-flagrado-com-41-kg-de-pintado-no-rio-grande\\\/\",\"url\":\"https:\\\/\\\/regiaonews.net.br\\\/2022\\\/2023\\\/10\\\/21\\\/colombia-pescador-e-flagrado-com-41-kg-de-pintado-no-rio-grande\\\/\",\"name\":\"Col\u00f4mbia: pescador \u00e9 flagrado com 41 kg de pintado no Rio Grande\",\"isPartOf\":{\"@id\":\"https:\\\/\\\/regiaonews.net.br\\\/2022\\\/#website\"},\"primaryImageOfPage\":{\"@id\":\"https:\\\/\\\/regiaonews.net.br\\\/2022\\\/2023\\\/10\\\/21\\\/colombia-pescador-e-flagrado-com-41-kg-de-pintado-no-rio-grande\\\/#primaryimage\"},\"image\":{\"@id\":\"https:\\\/\\\/regiaonews.net.br\\\/2022\\\/2023\\\/10\\\/21\\\/colombia-pescador-e-flagrado-com-41-kg-de-pintado-no-rio-grande\\\/#primaryimage\"},\"thumbnailUrl\":\"https:\\\/\\\/regiaonews.net.br\\\/2022\\\/wp-content\\\/uploads\\\/2023\\\/10\\\/IMG-20231021-WA0047.jpg\",\"datePublished\":\"2023-10-21T11:55:46+00:00\",\"dateModified\":\"2023-10-21T11:57:41+00:00\",\"description\":\"Durante patrulhamento terrestre, \u00e0s margens do Rio Grande, na regi\u00e3o do porto \\\"Bambu\\\", em\u00a0 \u00a0Col\u00f4mbia, a equipe\",\"breadcrumb\":{\"@id\":\"https:\\\/\\\/regiaonews.net.br\\\/2022\\\/2023\\\/10\\\/21\\\/colombia-pescador-e-flagrado-com-41-kg-de-pintado-no-rio-grande\\\/#breadcrumb\"},\"inLanguage\":\"pt-BR\",\"potentialAction\":[{\"@type\":\"ReadAction\",\"target\":[\"https:\\\/\\\/regiaonews.net.br\\\/2022\\\/2023\\\/10\\\/21\\\/colombia-pescador-e-flagrado-com-41-kg-de-pintado-no-rio-grande\\\/\"]}]},{\"@type\":\"ImageObject\",\"inLanguage\":\"pt-BR\",\"@id\":\"https:\\\/\\\/regiaonews.net.br\\\/2022\\\/2023\\\/10\\\/21\\\/colombia-pescador-e-flagrado-com-41-kg-de-pintado-no-rio-grande\\\/#primaryimage\",\"url\":\"https:\\\/\\\/regiaonews.net.br\\\/2022\\\/wp-content\\\/uploads\\\/2023\\\/10\\\/IMG-20231021-WA0047.jpg\",\"contentUrl\":\"https:\\\/\\\/regiaonews.net.br\\\/2022\\\/wp-content\\\/uploads\\\/2023\\\/10\\\/IMG-20231021-WA0047.jpg\",\"width\":1600,\"height\":1069},{\"@type\":\"BreadcrumbList\",\"@id\":\"https:\\\/\\\/regiaonews.net.br\\\/2022\\\/2023\\\/10\\\/21\\\/colombia-pescador-e-flagrado-com-41-kg-de-pintado-no-rio-grande\\\/#breadcrumb\",\"itemListElement\":[{\"@type\":\"ListItem\",\"position\":1,\"name\":\"In\u00edcio\",\"item\":\"https:\\\/\\\/regiaonews.net.br\\\/2022\\\/\"},{\"@type\":\"ListItem\",\"position\":2,\"name\":\"Col\u00f4mbia: pescador \u00e9 flagrado com 41 kg de pintado no Rio Grande\"}]},{\"@type\":\"WebSite\",\"@id\":\"https:\\\/\\\/regiaonews.net.br\\\/2022\\\/#website\",\"url\":\"https:\\\/\\\/regiaonews.net.br\\\/2022\\\/\",\"name\":\"Regi\u00e3o News\",\"description\":\"Site de Not\u00edcias de Barretos e regi\u00e3o\",\"publisher\":{\"@id\":\"https:\\\/\\\/regiaonews.net.br\\\/2022\\\/#organization\"},\"potentialAction\":[{\"@type\":\"SearchAction\",\"target\":{\"@type\":\"EntryPoint\",\"urlTemplate\":\"https:\\\/\\\/regiaonews.net.br\\\/2022\\\/?s={search_term_string}\"},\"query-input\":{\"@type\":\"PropertyValueSpecification\",\"valueRequired\":true,\"valueName\":\"search_term_string\"}}],\"inLanguage\":\"pt-BR\"},{\"@type\":\"Organization\",\"@id\":\"https:\\\/\\\/regiaonews.net.br\\\/2022\\\/#organization\",\"name\":\"Regi\u00e3o News\",\"url\":\"https:\\\/\\\/regiaonews.net.br\\\/2022\\\/\",\"logo\":{\"@type\":\"ImageObject\",\"inLanguage\":\"pt-BR\",\"@id\":\"https:\\\/\\\/regiaonews.net.br\\\/2022\\\/#\\\/schema\\\/logo\\\/image\\\/\",\"url\":\"https:\\\/\\\/regiaonews.net.br\\\/2022\\\/wp-content\\\/uploads\\\/2026\\\/03\\\/regiao-13-anos-scaled.jpg\",\"contentUrl\":\"https:\\\/\\\/regiaonews.net.br\\\/2022\\\/wp-content\\\/uploads\\\/2026\\\/03\\\/regiao-13-anos-scaled.jpg\",\"width\":2560,\"height\":635,\"caption\":\"Regi\u00e3o News\"},\"image\":{\"@id\":\"https:\\\/\\\/regiaonews.net.br\\\/2022\\\/#\\\/schema\\\/logo\\\/image\\\/\"}},{\"@type\":\"Person\",\"@id\":\"https:\\\/\\\/regiaonews.net.br\\\/2022\\\/#\\\/schema\\\/person\\\/2d205a608a5aa97ac279d7a5e6d89ad8\",\"name\":\"Roberto\",\"image\":{\"@type\":\"ImageObject\",\"inLanguage\":\"pt-BR\",\"@id\":\"https:\\\/\\\/secure.gravatar.com\\\/avatar\\\/42749d8b712ff9d59ca93dc150494e5b55a44134482993f5baeb97e61b7ecc89?s=96&d=mm&r=g\",\"url\":\"https:\\\/\\\/secure.gravatar.com\\\/avatar\\\/42749d8b712ff9d59ca93dc150494e5b55a44134482993f5baeb97e61b7ecc89?s=96&d=mm&r=g\",\"contentUrl\":\"https:\\\/\\\/secure.gravatar.com\\\/avatar\\\/42749d8b712ff9d59ca93dc150494e5b55a44134482993f5baeb97e61b7ecc89?s=96&d=mm&r=g\",\"caption\":\"Roberto\"},\"url\":\"https:\\\/\\\/regiaonews.net.br\\\/2022\\\/author\\\/roberto\\\/\"}]}<\/script>\n<!-- \/ Yoast SEO plugin. -->","yoast_head_json":{"title":"Col\u00f4mbia: pescador \u00e9 flagrado com 41 kg de pintado no Rio Grande","description":"Durante patrulhamento terrestre, \u00e0s margens do Rio Grande, na regi\u00e3o do porto \"Bambu\", em\u00a0 \u00a0Col\u00f4mbia, a equipe","robots":{"index":"index","follow":"follow","max-snippet":"max-snippet:-1","max-image-preview":"max-image-preview:large","max-video-preview":"max-video-preview:-1"},"canonical":"https:\/\/regiaonews.net.br\/2022\/2023\/10\/21\/colombia-pescador-e-flagrado-com-41-kg-de-pintado-no-rio-grande\/","og_locale":"pt_BR","og_type":"article","og_title":"Col\u00f4mbia: pescador \u00e9 flagrado com 41 kg de pintado no Rio Grande","og_description":"Durante patrulhamento terrestre, \u00e0s margens do Rio Grande, na regi\u00e3o do porto \"Bambu\", em\u00a0 \u00a0Col\u00f4mbia, a equipe","og_url":"https:\/\/regiaonews.net.br\/2022\/2023\/10\/21\/colombia-pescador-e-flagrado-com-41-kg-de-pintado-no-rio-grande\/","og_site_name":"Regi\u00e3o News","article_published_time":"2023-10-21T11:55:46+00:00","article_modified_time":"2023-10-21T11:57:41+00:00","og_image":[{"width":1600,"height":1069,"url":"https:\/\/regiaonews.net.br\/2022\/wp-content\/uploads\/2023\/10\/IMG-20231021-WA0047.jpg","type":"image\/jpeg"}],"author":"Roberto","twitter_card":"summary_large_image","twitter_misc":{"Escrito por":"Roberto","Est. tempo de leitura":"1 minuto"},"schema":{"@context":"https:\/\/schema.org","@graph":[{"@type":"Article","@id":"https:\/\/regiaonews.net.br\/2022\/2023\/10\/21\/colombia-pescador-e-flagrado-com-41-kg-de-pintado-no-rio-grande\/#article","isPartOf":{"@id":"https:\/\/regiaonews.net.br\/2022\/2023\/10\/21\/colombia-pescador-e-flagrado-com-41-kg-de-pintado-no-rio-grande\/"},"author":{"name":"Roberto","@id":"https:\/\/regiaonews.net.br\/2022\/#\/schema\/person\/2d205a608a5aa97ac279d7a5e6d89ad8"},"headline":"Col\u00f4mbia: pescador \u00e9 flagrado com 41 kg de pintado no Rio Grande","datePublished":"2023-10-21T11:55:46+00:00","dateModified":"2023-10-21T11:57:41+00:00","mainEntityOfPage":{"@id":"https:\/\/regiaonews.net.br\/2022\/2023\/10\/21\/colombia-pescador-e-flagrado-com-41-kg-de-pintado-no-rio-grande\/"},"wordCount":159,"commentCount":0,"publisher":{"@id":"https:\/\/regiaonews.net.br\/2022\/#organization"},"image":{"@id":"https:\/\/regiaonews.net.br\/2022\/2023\/10\/21\/colombia-pescador-e-flagrado-com-41-kg-de-pintado-no-rio-grande\/#primaryimage"},"thumbnailUrl":"https:\/\/regiaonews.net.br\/2022\/wp-content\/uploads\/2023\/10\/IMG-20231021-WA0047.jpg","articleSection":["Col\u00f4mbia","Policia"],"inLanguage":"pt-BR","potentialAction":[{"@type":"CommentAction","name":"Comment","target":["https:\/\/regiaonews.net.br\/2022\/2023\/10\/21\/colombia-pescador-e-flagrado-com-41-kg-de-pintado-no-rio-grande\/#respond"]}]},{"@type":"WebPage","@id":"https:\/\/regiaonews.net.br\/2022\/2023\/10\/21\/colombia-pescador-e-flagrado-com-41-kg-de-pintado-no-rio-grande\/","url":"https:\/\/regiaonews.net.br\/2022\/2023\/10\/21\/colombia-pescador-e-flagrado-com-41-kg-de-pintado-no-rio-grande\/","name":"Col\u00f4mbia: pescador \u00e9 flagrado com 41 kg de pintado no Rio Grande","isPartOf":{"@id":"https:\/\/regiaonews.net.br\/2022\/#website"},"primaryImageOfPage":{"@id":"https:\/\/regiaonews.net.br\/2022\/2023\/10\/21\/colombia-pescador-e-flagrado-com-41-kg-de-pintado-no-rio-grande\/#primaryimage"},"image":{"@id":"https:\/\/regiaonews.net.br\/2022\/2023\/10\/21\/colombia-pescador-e-flagrado-com-41-kg-de-pintado-no-rio-grande\/#primaryimage"},"thumbnailUrl":"https:\/\/regiaonews.net.br\/2022\/wp-content\/uploads\/2023\/10\/IMG-20231021-WA0047.jpg","datePublished":"2023-10-21T11:55:46+00:00","dateModified":"2023-10-21T11:57:41+00:00","description":"Durante patrulhamento terrestre, \u00e0s margens do Rio Grande, na regi\u00e3o do porto \"Bambu\", em\u00a0 \u00a0Col\u00f4mbia, a equipe","breadcrumb":{"@id":"https:\/\/regiaonews.net.br\/2022\/2023\/10\/21\/colombia-pescador-e-flagrado-com-41-kg-de-pintado-no-rio-grande\/#breadcrumb"},"inLanguage":"pt-BR","potentialAction":[{"@type":"ReadAction","target":["https:\/\/regiaonews.net.br\/2022\/2023\/10\/21\/colombia-pescador-e-flagrado-com-41-kg-de-pintado-no-rio-grande\/"]}]},{"@type":"ImageObject","inLanguage":"pt-BR","@id":"https:\/\/regiaonews.net.br\/2022\/2023\/10\/21\/colombia-pescador-e-flagrado-com-41-kg-de-pintado-no-rio-grande\/#primaryimage","url":"https:\/\/regiaonews.net.br\/2022\/wp-content\/uploads\/2023\/10\/IMG-20231021-WA0047.jpg","contentUrl":"https:\/\/regiaonews.net.br\/2022\/wp-content\/uploads\/2023\/10\/IMG-20231021-WA0047.jpg","width":1600,"height":1069},{"@type":"BreadcrumbList","@id":"https:\/\/regiaonews.net.br\/2022\/2023\/10\/21\/colombia-pescador-e-flagrado-com-41-kg-de-pintado-no-rio-grande\/#breadcrumb","itemListElement":[{"@type":"ListItem","position":1,"name":"In\u00edcio","item":"https:\/\/regiaonews.net.br\/2022\/"},{"@type":"ListItem","position":2,"name":"Col\u00f4mbia: pescador \u00e9 flagrado com 41 kg de pintado no Rio Grande"}]},{"@type":"WebSite","@id":"https:\/\/regiaonews.net.br\/2022\/#website","url":"https:\/\/regiaonews.net.br\/2022\/","name":"Regi\u00e3o News","description":"Site de Not\u00edcias de Barretos e regi\u00e3o","publisher":{"@id":"https:\/\/regiaonews.net.br\/2022\/#organization"},"potentialAction":[{"@type":"SearchAction","target":{"@type":"EntryPoint","urlTemplate":"https:\/\/regiaonews.net.br\/2022\/?s={search_term_string}"},"query-input":{"@type":"PropertyValueSpecification","valueRequired":true,"valueName":"search_term_string"}}],"inLanguage":"pt-BR"},{"@type":"Organization","@id":"https:\/\/regiaonews.net.br\/2022\/#organization","name":"Regi\u00e3o News","url":"https:\/\/regiaonews.net.br\/2022\/","logo":{"@type":"ImageObject","inLanguage":"pt-BR","@id":"https:\/\/regiaonews.net.br\/2022\/#\/schema\/logo\/image\/","url":"https:\/\/regiaonews.net.br\/2022\/wp-content\/uploads\/2026\/03\/regiao-13-anos-scaled.jpg","contentUrl":"https:\/\/regiaonews.net.br\/2022\/wp-content\/uploads\/2026\/03\/regiao-13-anos-scaled.jpg","width":2560,"height":635,"caption":"Regi\u00e3o News"},"image":{"@id":"https:\/\/regiaonews.net.br\/2022\/#\/schema\/logo\/image\/"}},{"@type":"Person","@id":"https:\/\/regiaonews.net.br\/2022\/#\/schema\/person\/2d205a608a5aa97ac279d7a5e6d89ad8","name":"Roberto","image":{"@type":"ImageObject","inLanguage":"pt-BR","@id":"https:\/\/secure.gravatar.com\/avatar\/42749d8b712ff9d59ca93dc150494e5b55a44134482993f5baeb97e61b7ecc89?s=96&d=mm&r=g","url":"https:\/\/secure.gravatar.com\/avatar\/42749d8b712ff9d59ca93dc150494e5b55a44134482993f5baeb97e61b7ecc89?s=96&d=mm&r=g","contentUrl":"https:\/\/secure.gravatar.com\/avatar\/42749d8b712ff9d59ca93dc150494e5b55a44134482993f5baeb97e61b7ecc89?s=96&d=mm&r=g","caption":"Roberto"},"url":"https:\/\/regiaonews.net.br\/2022\/author\/roberto\/"}]}},"publishpress_future_action":{"enabled":false,"date":"2026-05-03 18:06:19","action":"change-status","newStatus":"draft","terms":[],"taxonomy":"category","extraData":[]},"publishpress_future_workflow_manual_trigger":{"enabledWorkflows":[]},"_links":{"self":[{"href":"https:\/\/regiaonews.net.br\/2022\/wp-json\/wp\/v2\/posts\/96791","targetHints":{"allow":["GET"]}}],"collection":[{"href":"https:\/\/regiaonews.net.br\/2022\/wp-json\/wp\/v2\/posts"}],"about":[{"href":"https:\/\/regiaonews.net.br\/2022\/wp-json\/wp\/v2\/types\/post"}],"author":[{"embeddable":true,"href":"https:\/\/regiaonews.net.br\/2022\/wp-json\/wp\/v2\/users\/2"}],"replies":[{"embeddable":true,"href":"https:\/\/regiaonews.net.br\/2022\/wp-json\/wp\/v2\/comments?post=96791"}],"version-history":[{"count":3,"href":"https:\/\/regiaonews.net.br\/2022\/wp-json\/wp\/v2\/posts\/96791\/revisions"}],"predecessor-version":[{"id":96796,"href":"https:\/\/regiaonews.net.br\/2022\/wp-json\/wp\/v2\/posts\/96791\/revisions\/96796"}],"wp:featuredmedia":[{"embeddable":true,"href":"https:\/\/regiaonews.net.br\/2022\/wp-json\/wp\/v2\/media\/96793"}],"wp:attachment":[{"href":"https:\/\/regiaonews.net.br\/2022\/wp-json\/wp\/v2\/media?parent=96791"}],"wp:term":[{"taxonomy":"category","embeddable":true,"href":"https:\/\/regiaonews.net.br\/2022\/wp-json\/wp\/v2\/categories?post=96791"},{"taxonomy":"post_tag","embeddable":true,"href":"https:\/\/regiaonews.net.br\/2022\/wp-json\/wp\/v2\/tags?post=96791"}],"curies":[{"name":"wp","href":"https:\/\/api.w.org\/{rel}","templated":true}]}}