{"id":96781,"date":"2023-10-20T21:16:13","date_gmt":"2023-10-21T00:16:13","guid":{"rendered":"https:\/\/regiaonews.net.br\/2022\/?p=96781"},"modified":"2023-10-20T21:16:13","modified_gmt":"2023-10-21T00:16:13","slug":"seguranca-publica-grupo-defende-a-modernizacao-da-legislacao-penal","status":"publish","type":"post","link":"https:\/\/regiaonews.net.br\/2022\/2023\/10\/20\/seguranca-publica-grupo-defende-a-modernizacao-da-legislacao-penal\/","title":{"rendered":"Seguran\u00e7a P\u00fablica: grupo defende a moderniza\u00e7\u00e3o da legisla\u00e7\u00e3o penal"},"content":{"rendered":"<div>\n<h1 class=\"chapeu2 ng-binding\"><\/h1>\n<h2 class=\"titulopreto ng-binding\">Esse \u00e9 um dos eixos apresentados no Cosud para o enfrentamento do crime organizado<\/h2>\n<p><center><\/p>\n<h2 class=\"titulopreto ng-binding\"><\/h2>\n<p><\/center><\/div>\n<div id=\"notCorpo\" class=\"ng-binding\">\n<div>A constru\u00e7\u00e3o de uma agenda pr\u00f3-sociedade com propostas para aperfei\u00e7oar a legisla\u00e7\u00e3o penal foi um dos assuntos debatidos no Grupo de Trabalho da Seguran\u00e7a P\u00fablica nesta sexta-feira (20). O encontro, que reuniu secret\u00e1rios estaduais e contou com a presen\u00e7a dos governadores, foi realizado no Pal\u00e1cio dos Bandeirantes.<\/div>\n<div><\/div>\n<div>O tema faz parte do eixo sugerido pelo secret\u00e1rio da Seguran\u00e7a P\u00fablica de S\u00e3o Paulo, Guilherme Derrite. A proposta se junta aos demais eixos estruturantes j\u00e1 estabelecidos no Cons\u00f3rcio de Integra\u00e7\u00e3o do Sul e Sudeste (Cosud), como o compartilhamento de dados, a consolida\u00e7\u00e3o de um gabinete integrado e a capta\u00e7\u00e3o e gest\u00e3o de recursos.<\/div>\n<div><\/div>\n<div>\u201cAl\u00e9m das demandas j\u00e1 tratadas, vimos que \u00e9 necess\u00e1rio avan\u00e7ar ainda mais a discuss\u00e3o para continuarmos a enfrentar o crime organizado e, principalmente, combater a reincid\u00eancia criminal. A moderniza\u00e7\u00e3o da legisla\u00e7\u00e3o penal vai refletir diretamente no trabalho das pol\u00edcias. \u00c9 isso que propomos para que os governadores possam liderar essa demanda dos estados junto ao Congresso Nacional\u201d, afirmou.<\/div>\n<div><\/div>\n<div>O secret\u00e1rio da Seguran\u00e7a P\u00fablica do Paran\u00e1, coronel Hudson Le\u00f4ncio Teixeira, destacou que essa \u00e9 uma oportunidade \u00edmpar para o pa\u00eds avan\u00e7ar nessa discuss\u00e3o capitaneada pelo Cosud. \u201cVejo o eixo proposto por S\u00e3o Paulo como fundamental. Temos que aproveitar os governadores para repassar essas demandas para que, junto ao governo federal e a C\u00e2mara dos Deputados, a gente consiga rever toda a quest\u00e3o da legisla\u00e7\u00e3o penal e de outros temas aqui discutidos\u201d, afirmou.<\/div>\n<div><\/div>\n<div>Al\u00e9m disso, a agenda regional de solu\u00e7\u00f5es pr\u00f3-sociedade tem como base propor medidas conjuntas para que os estados do cons\u00f3rcio dificultem o acesso dos criminosos \u00e0 infraestrutura log\u00edstica transnacional para transportar drogas e armas, enfraquecendo a cadeia financeira das organiza\u00e7\u00f5es criminosas.<\/div>\n<div><\/div>\n<div>No Esp\u00edrito Santo, 80% dos crimes violentos est\u00e3o ligados ao tr\u00e1fico de drogas e envolvem criminosos de 15 a 29 anos. O secret\u00e1rio da Seguran\u00e7a P\u00fablica do estado, Alexandre Ramalho, ressaltou que a proposta de moderniza\u00e7\u00e3o da legisla\u00e7\u00e3o penal \u00e9 uma discuss\u00e3o fundamental e que permeia a \u00e1rea da seguran\u00e7a. \u201cO Brasil efetivamente, por interm\u00e9dio do Congresso Nacional, precisa discutir como vamos dar as ferramentas para nossos policiais atuarem\u201d, destacou.<\/div>\n<div><\/div>\n<div>\u201cIsso \u00e9 o aprofundamento daquilo que a gente j\u00e1 vinha discutindo no \u00e2mbito do Cosud. Com os eixos anteriores estabelecidos \u00e9 natural que o cons\u00f3rcio avance em outras frentes e, sem d\u00favidas, a revis\u00e3o da legisla\u00e7\u00e3o penal \u00e9 uma delas\u201d, defendeu o secret\u00e1rio-adjunto de Justi\u00e7a e Seguran\u00e7a P\u00fablica de Minas Gerais, coronel Edgard Estevo.<\/div>\n<div><\/div>\n<div><b>Integra\u00e7\u00e3o e compartilhamento de dados<\/b><\/div>\n<div>Estabelecer acordos de coopera\u00e7\u00e3o t\u00e9cnica para que os estados membros do Cosud tenham acesso a dados de interesse comum, como de ve\u00edculos, de pessoas e outros equipamentos que produzam informa\u00e7\u00f5es relevantes para combater o crime organizado. Al\u00e9m disso, h\u00e1 a ideia de propor melhorias no sistema de integra\u00e7\u00e3o facilitando o uso pelas autoridades e a cria\u00e7\u00e3o de parcerias com os setores fiscal estadual e privado. O grupo tamb\u00e9m prop\u00f4s melhorar o fluxo de comunica\u00e7\u00e3o entre as Centrais de Opera\u00e7\u00f5es das Pol\u00edcias dos estados.<\/div>\n<div><\/div>\n<div><b>Gabinete integrado<\/b><\/div>\n<div>O grupo defende integrar as a\u00e7\u00f5es da agenda regional de solu\u00e7\u00f5es pr\u00f3-sociedade no eixo tem\u00e1tico de gabinete integrado. Assim, ser\u00e1 poss\u00edvel ampliar a atua\u00e7\u00e3o dos estados no desenvolvimento de a\u00e7\u00f5es para combater a criminalidade. O pr\u00f3ximo passo \u00e9 concluir a assinatura do termo de coopera\u00e7\u00e3o para que o gabinete possa gerir e discutir as demandas. A previs\u00e3o \u00e9 que os pontos focais sejam apresentados aos governadores no primeiro semestre de 2024.<\/div>\n<div><\/div>\n<div><b>Capta\u00e7\u00e3o e gest\u00e3o de recursos para a Seguran\u00e7a P\u00fablica e Defesa Social<\/b><\/div>\n<div>O grupo sugeriu a reforma na lei do Fundo Nacional Antidrogas (Funad) para aumentar os recursos transferidos da Uni\u00e3o para os estados. Atualmente, o percentual de transfer\u00eancia \u00e9 de at\u00e9 40%. A ideia \u00e9 elevar para at\u00e9 70%, al\u00e9m de simplificar e tornar mais f\u00e1cil a execu\u00e7\u00e3o dos recursos. Os membros ainda sugeriram estudos para desburocratizar os repasses, facilitando a aplica\u00e7\u00e3o dos or\u00e7amentos.<\/div>\n<div><\/div>\n<div><b>Negar acesso \u00e0 infraestrutura log\u00edstica transnacional<\/b><\/div>\n<div>Nesse eixo, a ideia \u00e9 sensibilizar o planejamento de infraestrutura dos estados para aumentar o controle dos fluxos ilegais que se aproveitam da cadeia log\u00edstica transnacional. Os integrantes do grupo de trabalho tamb\u00e9m defenderam o compartilhamento de estrat\u00e9gias policiais voltadas para o controle de atividades dos modais de transporte. Al\u00e9m disso, estabelecer um canal de comunica\u00e7\u00e3o com o governo federal para atuar em conjunto nos modais que est\u00e3o sujeitos ao controle da Uni\u00e3o, como o Porto de Santos, no litoral paulista.<\/div>\n<div><\/div>\n<div><b>Impedir a lavagem de dinheiro<\/b><\/div>\n<div>Cria\u00e7\u00e3o de fundos especiais por meio de lei para possibilitar o recebimento de recursos confiscados provenientes da lavagem de dinheiro, aumentando a celeridade para que o recurso seja reinvestido nas \u00e1reas de combate \u00e0s organiza\u00e7\u00f5es criminosas. Os integrantes tamb\u00e9m concordaram que \u00e9 necess\u00e1rio levar adiante discuss\u00f5es para modificar a legisla\u00e7\u00e3o federal sobre a atua\u00e7\u00e3o do Minist\u00e9rio P\u00fablico e da Pol\u00edcia Civil no bloqueio provis\u00f3rio de recursos provenientes do crime.<\/div>\n<div><\/div>\n<div><b>Modernizar a legisla\u00e7\u00e3o penal para aumentar o custo do crime<\/b><\/div>\n<div>No relat\u00f3rio t\u00e9cnico, a finalidade da moderniza\u00e7\u00e3o da legisla\u00e7\u00e3o \u00e9 aplicar de fato o direito de prote\u00e7\u00e3o da sociedade e a promo\u00e7\u00e3o do direito da v\u00edtima. Um dos pontos discutidos \u00e9 a recupera\u00e7\u00e3o da integralidade do cumprimento da pena de pris\u00e3o dada \u00e0 senten\u00e7a condenat\u00f3ria. A ideia \u00e9 propor a remo\u00e7\u00e3o dos benef\u00edcios que impe\u00e7am que o criminoso cumpra a condena\u00e7\u00e3o em regime fechado. O grupo de trabalho tamb\u00e9m defende a prote\u00e7\u00e3o da pris\u00e3o em flagrante para que ela se mantenha at\u00e9 que as altera\u00e7\u00f5es na legisla\u00e7\u00e3o processual sejam discutidas no Congresso Nacional.<\/div>\n<div><\/div>\n<div><b>Administra\u00e7\u00e3o penitenci\u00e1ria<\/b><\/div>\n<div>O grupo de trabalho defendeu um di\u00e1logo com o legislativo federal para buscar medidas de execu\u00e7\u00e3o da aplica\u00e7\u00e3o da tornozeleira eletr\u00f4nica como alternativa diversa da pris\u00e3o dada a qualifica\u00e7\u00e3o do criminoso. Dessa forma, seria poss\u00edvel reduzir os custos com a manuten\u00e7\u00e3o de presos. Os integrantes tamb\u00e9m sugeriram o aumento da capacidade de ocupa\u00e7\u00e3o do sistema penitenci\u00e1rio federal para desafogar os estados. Outro ponto discutido foi a necessidade de reduzir o tempo de julgamento dos processos para diminuir a quantidade de presos provis\u00f3rios no sistema penitenci\u00e1rio.<\/div>\n<\/div>\n","protected":false},"excerpt":{"rendered":"<p>Esse \u00e9 um dos eixos apresentados no Cosud para o<\/p>\n","protected":false},"author":2,"featured_media":96782,"comment_status":"open","ping_status":"open","sticky":false,"template":"","format":"standard","meta":{"footnotes":""},"categories":[7],"tags":[],"class_list":["post-96781","post","type-post","status-publish","format-standard","has-post-thumbnail","hentry","category-estado-de-sao-paulo"],"yoast_head":"<!-- This site is optimized with the Yoast SEO plugin v27.4 - https:\/\/yoast.com\/product\/yoast-seo-wordpress\/ -->\n<title>Seguran\u00e7a P\u00fablica: grupo defende a moderniza\u00e7\u00e3o da legisla\u00e7\u00e3o penal - Regi\u00e3o News<\/title>\n<meta name=\"robots\" content=\"index, follow, max-snippet:-1, max-image-preview:large, max-video-preview:-1\" \/>\n<link rel=\"canonical\" href=\"https:\/\/regiaonews.net.br\/2022\/2023\/10\/20\/seguranca-publica-grupo-defende-a-modernizacao-da-legislacao-penal\/\" \/>\n<meta property=\"og:locale\" content=\"pt_BR\" \/>\n<meta property=\"og:type\" content=\"article\" \/>\n<meta property=\"og:title\" content=\"Seguran\u00e7a P\u00fablica: grupo defende a moderniza\u00e7\u00e3o da legisla\u00e7\u00e3o penal - Regi\u00e3o News\" \/>\n<meta property=\"og:description\" content=\"Esse \u00e9 um dos eixos apresentados no Cosud para o\" \/>\n<meta property=\"og:url\" content=\"https:\/\/regiaonews.net.br\/2022\/2023\/10\/20\/seguranca-publica-grupo-defende-a-modernizacao-da-legislacao-penal\/\" \/>\n<meta property=\"og:site_name\" content=\"Regi\u00e3o News\" \/>\n<meta property=\"article:published_time\" content=\"2023-10-21T00:16:13+00:00\" \/>\n<meta property=\"og:image\" content=\"https:\/\/regiaonews.net.br\/2022\/wp-content\/uploads\/2023\/10\/00051780-scaled.jpeg\" \/>\n\t<meta property=\"og:image:width\" content=\"2560\" \/>\n\t<meta property=\"og:image:height\" content=\"1706\" \/>\n\t<meta property=\"og:image:type\" content=\"image\/jpeg\" \/>\n<meta name=\"author\" content=\"Roberto\" \/>\n<meta name=\"twitter:card\" content=\"summary_large_image\" \/>\n<meta name=\"twitter:label1\" content=\"Escrito por\" \/>\n\t<meta name=\"twitter:data1\" content=\"Roberto\" \/>\n\t<meta name=\"twitter:label2\" content=\"Est. tempo de leitura\" \/>\n\t<meta name=\"twitter:data2\" content=\"6 minutos\" \/>\n<script type=\"application\/ld+json\" class=\"yoast-schema-graph\">{\"@context\":\"https:\\\/\\\/schema.org\",\"@graph\":[{\"@type\":\"Article\",\"@id\":\"https:\\\/\\\/regiaonews.net.br\\\/2022\\\/2023\\\/10\\\/20\\\/seguranca-publica-grupo-defende-a-modernizacao-da-legislacao-penal\\\/#article\",\"isPartOf\":{\"@id\":\"https:\\\/\\\/regiaonews.net.br\\\/2022\\\/2023\\\/10\\\/20\\\/seguranca-publica-grupo-defende-a-modernizacao-da-legislacao-penal\\\/\"},\"author\":{\"name\":\"Roberto\",\"@id\":\"https:\\\/\\\/regiaonews.net.br\\\/2022\\\/#\\\/schema\\\/person\\\/2d205a608a5aa97ac279d7a5e6d89ad8\"},\"headline\":\"Seguran\u00e7a P\u00fablica: grupo defende a moderniza\u00e7\u00e3o da legisla\u00e7\u00e3o penal\",\"datePublished\":\"2023-10-21T00:16:13+00:00\",\"mainEntityOfPage\":{\"@id\":\"https:\\\/\\\/regiaonews.net.br\\\/2022\\\/2023\\\/10\\\/20\\\/seguranca-publica-grupo-defende-a-modernizacao-da-legislacao-penal\\\/\"},\"wordCount\":1135,\"commentCount\":0,\"publisher\":{\"@id\":\"https:\\\/\\\/regiaonews.net.br\\\/2022\\\/#organization\"},\"image\":{\"@id\":\"https:\\\/\\\/regiaonews.net.br\\\/2022\\\/2023\\\/10\\\/20\\\/seguranca-publica-grupo-defende-a-modernizacao-da-legislacao-penal\\\/#primaryimage\"},\"thumbnailUrl\":\"https:\\\/\\\/regiaonews.net.br\\\/2022\\\/wp-content\\\/uploads\\\/2023\\\/10\\\/00051780-scaled.jpeg\",\"articleSection\":[\"Estado de S\u00e3o Paulo\"],\"inLanguage\":\"pt-BR\",\"potentialAction\":[{\"@type\":\"CommentAction\",\"name\":\"Comment\",\"target\":[\"https:\\\/\\\/regiaonews.net.br\\\/2022\\\/2023\\\/10\\\/20\\\/seguranca-publica-grupo-defende-a-modernizacao-da-legislacao-penal\\\/#respond\"]}]},{\"@type\":\"WebPage\",\"@id\":\"https:\\\/\\\/regiaonews.net.br\\\/2022\\\/2023\\\/10\\\/20\\\/seguranca-publica-grupo-defende-a-modernizacao-da-legislacao-penal\\\/\",\"url\":\"https:\\\/\\\/regiaonews.net.br\\\/2022\\\/2023\\\/10\\\/20\\\/seguranca-publica-grupo-defende-a-modernizacao-da-legislacao-penal\\\/\",\"name\":\"Seguran\u00e7a P\u00fablica: grupo defende a moderniza\u00e7\u00e3o da legisla\u00e7\u00e3o penal - Regi\u00e3o News\",\"isPartOf\":{\"@id\":\"https:\\\/\\\/regiaonews.net.br\\\/2022\\\/#website\"},\"primaryImageOfPage\":{\"@id\":\"https:\\\/\\\/regiaonews.net.br\\\/2022\\\/2023\\\/10\\\/20\\\/seguranca-publica-grupo-defende-a-modernizacao-da-legislacao-penal\\\/#primaryimage\"},\"image\":{\"@id\":\"https:\\\/\\\/regiaonews.net.br\\\/2022\\\/2023\\\/10\\\/20\\\/seguranca-publica-grupo-defende-a-modernizacao-da-legislacao-penal\\\/#primaryimage\"},\"thumbnailUrl\":\"https:\\\/\\\/regiaonews.net.br\\\/2022\\\/wp-content\\\/uploads\\\/2023\\\/10\\\/00051780-scaled.jpeg\",\"datePublished\":\"2023-10-21T00:16:13+00:00\",\"breadcrumb\":{\"@id\":\"https:\\\/\\\/regiaonews.net.br\\\/2022\\\/2023\\\/10\\\/20\\\/seguranca-publica-grupo-defende-a-modernizacao-da-legislacao-penal\\\/#breadcrumb\"},\"inLanguage\":\"pt-BR\",\"potentialAction\":[{\"@type\":\"ReadAction\",\"target\":[\"https:\\\/\\\/regiaonews.net.br\\\/2022\\\/2023\\\/10\\\/20\\\/seguranca-publica-grupo-defende-a-modernizacao-da-legislacao-penal\\\/\"]}]},{\"@type\":\"ImageObject\",\"inLanguage\":\"pt-BR\",\"@id\":\"https:\\\/\\\/regiaonews.net.br\\\/2022\\\/2023\\\/10\\\/20\\\/seguranca-publica-grupo-defende-a-modernizacao-da-legislacao-penal\\\/#primaryimage\",\"url\":\"https:\\\/\\\/regiaonews.net.br\\\/2022\\\/wp-content\\\/uploads\\\/2023\\\/10\\\/00051780-scaled.jpeg\",\"contentUrl\":\"https:\\\/\\\/regiaonews.net.br\\\/2022\\\/wp-content\\\/uploads\\\/2023\\\/10\\\/00051780-scaled.jpeg\",\"width\":2560,\"height\":1706},{\"@type\":\"BreadcrumbList\",\"@id\":\"https:\\\/\\\/regiaonews.net.br\\\/2022\\\/2023\\\/10\\\/20\\\/seguranca-publica-grupo-defende-a-modernizacao-da-legislacao-penal\\\/#breadcrumb\",\"itemListElement\":[{\"@type\":\"ListItem\",\"position\":1,\"name\":\"In\u00edcio\",\"item\":\"https:\\\/\\\/regiaonews.net.br\\\/2022\\\/\"},{\"@type\":\"ListItem\",\"position\":2,\"name\":\"Seguran\u00e7a P\u00fablica: grupo defende a moderniza\u00e7\u00e3o da legisla\u00e7\u00e3o penal\"}]},{\"@type\":\"WebSite\",\"@id\":\"https:\\\/\\\/regiaonews.net.br\\\/2022\\\/#website\",\"url\":\"https:\\\/\\\/regiaonews.net.br\\\/2022\\\/\",\"name\":\"Regi\u00e3o News\",\"description\":\"Site de Not\u00edcias de Barretos e regi\u00e3o\",\"publisher\":{\"@id\":\"https:\\\/\\\/regiaonews.net.br\\\/2022\\\/#organization\"},\"potentialAction\":[{\"@type\":\"SearchAction\",\"target\":{\"@type\":\"EntryPoint\",\"urlTemplate\":\"https:\\\/\\\/regiaonews.net.br\\\/2022\\\/?s={search_term_string}\"},\"query-input\":{\"@type\":\"PropertyValueSpecification\",\"valueRequired\":true,\"valueName\":\"search_term_string\"}}],\"inLanguage\":\"pt-BR\"},{\"@type\":\"Organization\",\"@id\":\"https:\\\/\\\/regiaonews.net.br\\\/2022\\\/#organization\",\"name\":\"Regi\u00e3o News\",\"url\":\"https:\\\/\\\/regiaonews.net.br\\\/2022\\\/\",\"logo\":{\"@type\":\"ImageObject\",\"inLanguage\":\"pt-BR\",\"@id\":\"https:\\\/\\\/regiaonews.net.br\\\/2022\\\/#\\\/schema\\\/logo\\\/image\\\/\",\"url\":\"https:\\\/\\\/regiaonews.net.br\\\/2022\\\/wp-content\\\/uploads\\\/2026\\\/03\\\/regiao-13-anos-scaled.jpg\",\"contentUrl\":\"https:\\\/\\\/regiaonews.net.br\\\/2022\\\/wp-content\\\/uploads\\\/2026\\\/03\\\/regiao-13-anos-scaled.jpg\",\"width\":2560,\"height\":635,\"caption\":\"Regi\u00e3o News\"},\"image\":{\"@id\":\"https:\\\/\\\/regiaonews.net.br\\\/2022\\\/#\\\/schema\\\/logo\\\/image\\\/\"}},{\"@type\":\"Person\",\"@id\":\"https:\\\/\\\/regiaonews.net.br\\\/2022\\\/#\\\/schema\\\/person\\\/2d205a608a5aa97ac279d7a5e6d89ad8\",\"name\":\"Roberto\",\"image\":{\"@type\":\"ImageObject\",\"inLanguage\":\"pt-BR\",\"@id\":\"https:\\\/\\\/secure.gravatar.com\\\/avatar\\\/42749d8b712ff9d59ca93dc150494e5b55a44134482993f5baeb97e61b7ecc89?s=96&d=mm&r=g\",\"url\":\"https:\\\/\\\/secure.gravatar.com\\\/avatar\\\/42749d8b712ff9d59ca93dc150494e5b55a44134482993f5baeb97e61b7ecc89?s=96&d=mm&r=g\",\"contentUrl\":\"https:\\\/\\\/secure.gravatar.com\\\/avatar\\\/42749d8b712ff9d59ca93dc150494e5b55a44134482993f5baeb97e61b7ecc89?s=96&d=mm&r=g\",\"caption\":\"Roberto\"},\"url\":\"https:\\\/\\\/regiaonews.net.br\\\/2022\\\/author\\\/roberto\\\/\"}]}<\/script>\n<!-- \/ Yoast SEO plugin. -->","yoast_head_json":{"title":"Seguran\u00e7a P\u00fablica: grupo defende a moderniza\u00e7\u00e3o da legisla\u00e7\u00e3o penal - Regi\u00e3o News","robots":{"index":"index","follow":"follow","max-snippet":"max-snippet:-1","max-image-preview":"max-image-preview:large","max-video-preview":"max-video-preview:-1"},"canonical":"https:\/\/regiaonews.net.br\/2022\/2023\/10\/20\/seguranca-publica-grupo-defende-a-modernizacao-da-legislacao-penal\/","og_locale":"pt_BR","og_type":"article","og_title":"Seguran\u00e7a P\u00fablica: grupo defende a moderniza\u00e7\u00e3o da legisla\u00e7\u00e3o penal - Regi\u00e3o News","og_description":"Esse \u00e9 um dos eixos apresentados no Cosud para o","og_url":"https:\/\/regiaonews.net.br\/2022\/2023\/10\/20\/seguranca-publica-grupo-defende-a-modernizacao-da-legislacao-penal\/","og_site_name":"Regi\u00e3o News","article_published_time":"2023-10-21T00:16:13+00:00","og_image":[{"width":2560,"height":1706,"url":"https:\/\/regiaonews.net.br\/2022\/wp-content\/uploads\/2023\/10\/00051780-scaled.jpeg","type":"image\/jpeg"}],"author":"Roberto","twitter_card":"summary_large_image","twitter_misc":{"Escrito por":"Roberto","Est. tempo de leitura":"6 minutos"},"schema":{"@context":"https:\/\/schema.org","@graph":[{"@type":"Article","@id":"https:\/\/regiaonews.net.br\/2022\/2023\/10\/20\/seguranca-publica-grupo-defende-a-modernizacao-da-legislacao-penal\/#article","isPartOf":{"@id":"https:\/\/regiaonews.net.br\/2022\/2023\/10\/20\/seguranca-publica-grupo-defende-a-modernizacao-da-legislacao-penal\/"},"author":{"name":"Roberto","@id":"https:\/\/regiaonews.net.br\/2022\/#\/schema\/person\/2d205a608a5aa97ac279d7a5e6d89ad8"},"headline":"Seguran\u00e7a P\u00fablica: grupo defende a moderniza\u00e7\u00e3o da legisla\u00e7\u00e3o penal","datePublished":"2023-10-21T00:16:13+00:00","mainEntityOfPage":{"@id":"https:\/\/regiaonews.net.br\/2022\/2023\/10\/20\/seguranca-publica-grupo-defende-a-modernizacao-da-legislacao-penal\/"},"wordCount":1135,"commentCount":0,"publisher":{"@id":"https:\/\/regiaonews.net.br\/2022\/#organization"},"image":{"@id":"https:\/\/regiaonews.net.br\/2022\/2023\/10\/20\/seguranca-publica-grupo-defende-a-modernizacao-da-legislacao-penal\/#primaryimage"},"thumbnailUrl":"https:\/\/regiaonews.net.br\/2022\/wp-content\/uploads\/2023\/10\/00051780-scaled.jpeg","articleSection":["Estado de S\u00e3o Paulo"],"inLanguage":"pt-BR","potentialAction":[{"@type":"CommentAction","name":"Comment","target":["https:\/\/regiaonews.net.br\/2022\/2023\/10\/20\/seguranca-publica-grupo-defende-a-modernizacao-da-legislacao-penal\/#respond"]}]},{"@type":"WebPage","@id":"https:\/\/regiaonews.net.br\/2022\/2023\/10\/20\/seguranca-publica-grupo-defende-a-modernizacao-da-legislacao-penal\/","url":"https:\/\/regiaonews.net.br\/2022\/2023\/10\/20\/seguranca-publica-grupo-defende-a-modernizacao-da-legislacao-penal\/","name":"Seguran\u00e7a P\u00fablica: grupo defende a moderniza\u00e7\u00e3o da legisla\u00e7\u00e3o penal - Regi\u00e3o News","isPartOf":{"@id":"https:\/\/regiaonews.net.br\/2022\/#website"},"primaryImageOfPage":{"@id":"https:\/\/regiaonews.net.br\/2022\/2023\/10\/20\/seguranca-publica-grupo-defende-a-modernizacao-da-legislacao-penal\/#primaryimage"},"image":{"@id":"https:\/\/regiaonews.net.br\/2022\/2023\/10\/20\/seguranca-publica-grupo-defende-a-modernizacao-da-legislacao-penal\/#primaryimage"},"thumbnailUrl":"https:\/\/regiaonews.net.br\/2022\/wp-content\/uploads\/2023\/10\/00051780-scaled.jpeg","datePublished":"2023-10-21T00:16:13+00:00","breadcrumb":{"@id":"https:\/\/regiaonews.net.br\/2022\/2023\/10\/20\/seguranca-publica-grupo-defende-a-modernizacao-da-legislacao-penal\/#breadcrumb"},"inLanguage":"pt-BR","potentialAction":[{"@type":"ReadAction","target":["https:\/\/regiaonews.net.br\/2022\/2023\/10\/20\/seguranca-publica-grupo-defende-a-modernizacao-da-legislacao-penal\/"]}]},{"@type":"ImageObject","inLanguage":"pt-BR","@id":"https:\/\/regiaonews.net.br\/2022\/2023\/10\/20\/seguranca-publica-grupo-defende-a-modernizacao-da-legislacao-penal\/#primaryimage","url":"https:\/\/regiaonews.net.br\/2022\/wp-content\/uploads\/2023\/10\/00051780-scaled.jpeg","contentUrl":"https:\/\/regiaonews.net.br\/2022\/wp-content\/uploads\/2023\/10\/00051780-scaled.jpeg","width":2560,"height":1706},{"@type":"BreadcrumbList","@id":"https:\/\/regiaonews.net.br\/2022\/2023\/10\/20\/seguranca-publica-grupo-defende-a-modernizacao-da-legislacao-penal\/#breadcrumb","itemListElement":[{"@type":"ListItem","position":1,"name":"In\u00edcio","item":"https:\/\/regiaonews.net.br\/2022\/"},{"@type":"ListItem","position":2,"name":"Seguran\u00e7a P\u00fablica: grupo defende a moderniza\u00e7\u00e3o da legisla\u00e7\u00e3o penal"}]},{"@type":"WebSite","@id":"https:\/\/regiaonews.net.br\/2022\/#website","url":"https:\/\/regiaonews.net.br\/2022\/","name":"Regi\u00e3o News","description":"Site de Not\u00edcias de Barretos e regi\u00e3o","publisher":{"@id":"https:\/\/regiaonews.net.br\/2022\/#organization"},"potentialAction":[{"@type":"SearchAction","target":{"@type":"EntryPoint","urlTemplate":"https:\/\/regiaonews.net.br\/2022\/?s={search_term_string}"},"query-input":{"@type":"PropertyValueSpecification","valueRequired":true,"valueName":"search_term_string"}}],"inLanguage":"pt-BR"},{"@type":"Organization","@id":"https:\/\/regiaonews.net.br\/2022\/#organization","name":"Regi\u00e3o News","url":"https:\/\/regiaonews.net.br\/2022\/","logo":{"@type":"ImageObject","inLanguage":"pt-BR","@id":"https:\/\/regiaonews.net.br\/2022\/#\/schema\/logo\/image\/","url":"https:\/\/regiaonews.net.br\/2022\/wp-content\/uploads\/2026\/03\/regiao-13-anos-scaled.jpg","contentUrl":"https:\/\/regiaonews.net.br\/2022\/wp-content\/uploads\/2026\/03\/regiao-13-anos-scaled.jpg","width":2560,"height":635,"caption":"Regi\u00e3o News"},"image":{"@id":"https:\/\/regiaonews.net.br\/2022\/#\/schema\/logo\/image\/"}},{"@type":"Person","@id":"https:\/\/regiaonews.net.br\/2022\/#\/schema\/person\/2d205a608a5aa97ac279d7a5e6d89ad8","name":"Roberto","image":{"@type":"ImageObject","inLanguage":"pt-BR","@id":"https:\/\/secure.gravatar.com\/avatar\/42749d8b712ff9d59ca93dc150494e5b55a44134482993f5baeb97e61b7ecc89?s=96&d=mm&r=g","url":"https:\/\/secure.gravatar.com\/avatar\/42749d8b712ff9d59ca93dc150494e5b55a44134482993f5baeb97e61b7ecc89?s=96&d=mm&r=g","contentUrl":"https:\/\/secure.gravatar.com\/avatar\/42749d8b712ff9d59ca93dc150494e5b55a44134482993f5baeb97e61b7ecc89?s=96&d=mm&r=g","caption":"Roberto"},"url":"https:\/\/regiaonews.net.br\/2022\/author\/roberto\/"}]}},"publishpress_future_action":{"enabled":false,"date":"2026-05-03 22:59:54","action":"change-status","newStatus":"draft","terms":[],"taxonomy":"category","extraData":[]},"publishpress_future_workflow_manual_trigger":{"enabledWorkflows":[]},"_links":{"self":[{"href":"https:\/\/regiaonews.net.br\/2022\/wp-json\/wp\/v2\/posts\/96781","targetHints":{"allow":["GET"]}}],"collection":[{"href":"https:\/\/regiaonews.net.br\/2022\/wp-json\/wp\/v2\/posts"}],"about":[{"href":"https:\/\/regiaonews.net.br\/2022\/wp-json\/wp\/v2\/types\/post"}],"author":[{"embeddable":true,"href":"https:\/\/regiaonews.net.br\/2022\/wp-json\/wp\/v2\/users\/2"}],"replies":[{"embeddable":true,"href":"https:\/\/regiaonews.net.br\/2022\/wp-json\/wp\/v2\/comments?post=96781"}],"version-history":[{"count":1,"href":"https:\/\/regiaonews.net.br\/2022\/wp-json\/wp\/v2\/posts\/96781\/revisions"}],"predecessor-version":[{"id":96783,"href":"https:\/\/regiaonews.net.br\/2022\/wp-json\/wp\/v2\/posts\/96781\/revisions\/96783"}],"wp:featuredmedia":[{"embeddable":true,"href":"https:\/\/regiaonews.net.br\/2022\/wp-json\/wp\/v2\/media\/96782"}],"wp:attachment":[{"href":"https:\/\/regiaonews.net.br\/2022\/wp-json\/wp\/v2\/media?parent=96781"}],"wp:term":[{"taxonomy":"category","embeddable":true,"href":"https:\/\/regiaonews.net.br\/2022\/wp-json\/wp\/v2\/categories?post=96781"},{"taxonomy":"post_tag","embeddable":true,"href":"https:\/\/regiaonews.net.br\/2022\/wp-json\/wp\/v2\/tags?post=96781"}],"curies":[{"name":"wp","href":"https:\/\/api.w.org\/{rel}","templated":true}]}}