{"id":96769,"date":"2023-10-20T20:58:41","date_gmt":"2023-10-20T23:58:41","guid":{"rendered":"https:\/\/regiaonews.net.br\/2022\/?p=96769"},"modified":"2023-10-20T20:58:41","modified_gmt":"2023-10-20T23:58:41","slug":"santa-casa-secretaria-da-saude-e-regional-de-saude-fazem-reuniao-de-alinhamento","status":"publish","type":"post","link":"https:\/\/regiaonews.net.br\/2022\/2023\/10\/20\/santa-casa-secretaria-da-saude-e-regional-de-saude-fazem-reuniao-de-alinhamento\/","title":{"rendered":"Santa Casa, Secretaria da Sa\u00fade e Regional de Sa\u00fade fazem reuni\u00e3o de alinhamento"},"content":{"rendered":"<p>&nbsp;<\/p>\n<p>Aconteceu nesta quinta-feira, dia 19 de outubro, na Santa Casa de Miseric\u00f3rdia de Barretos, uma reuni\u00e3o de alinhamento entre os diretores do hospital regional, a secret\u00e1ria interina da Secretaria Municipal de Sa\u00fade, Gra\u00e7a Lemos e a diretora Regional de Sa\u00fade do DRS-V, Ivana Clemente Castro. O objetivo foi de apresentar todos os projetos em andamento na Santa Casa e buscar um plano de a\u00e7\u00e3o conjunto entre todas as institui\u00e7\u00f5es para a implanta\u00e7\u00e3o de melhorias em diversos setores do hospital.<br \/>\nPara a Secret\u00e1ria Interina de Sa\u00fade, Gra\u00e7a Lemos, o servi\u00e7o p\u00fablico de sa\u00fade \u00e9 um desafio em todo o Brasil e exige alinhamentos constantes. \u201cO atendimento da Santa Casa de Miseric\u00f3rdia de Barretos \u00e9 fundamental na Rede Municipal de Sa\u00fade. Juntamente com a Diretoria Regional de Sa\u00fade, que representa o Governo Estadual, e o corpo cl\u00ednico e o administrativo da institui\u00e7\u00e3o, estamos revendo processos e buscando medidas que possam elevar ainda mais a qualidade do servi\u00e7o. Barretos \u00e9 refer\u00eancia nacional, e at\u00e9 internacional, pelo Hospital de Amor e queremos expandir todo esse reconhecimento de excel\u00eancia para todos os servi\u00e7os. \u00c9 para isso que estamos unidos\u201d, enfatizou.<br \/>\nKleber Rosa, diretor do Hospital de Amor, institui\u00e7\u00e3o que realiza a gest\u00e3o da Santa Casa, pontuou que essas reuni\u00f5es s\u00e3o \u201cimportantes para fortalecer o trabalho realizado em prol da sa\u00fade de toda a regi\u00e3o. A Santa Casa tem v\u00e1rios projetos de expans\u00e3o e moderniza\u00e7\u00e3o em andamento, j\u00e1 protocolados no Munic\u00edpio e o di\u00e1logo aberto entre a institui\u00e7\u00e3o e representantes do munic\u00edpio de da Secretaria de Sa\u00fade do Estado \u00e9 fundamental para que esses projetos possam ser implementados com maior agilidade\u201d, disse Kleber Rosa.<\/p>\n","protected":false},"excerpt":{"rendered":"<p>&nbsp; Aconteceu nesta quinta-feira, dia 19 de outubro, na Santa<\/p>\n","protected":false},"author":2,"featured_media":96770,"comment_status":"open","ping_status":"open","sticky":false,"template":"","format":"standard","meta":{"footnotes":""},"categories":[14,25],"tags":[],"class_list":["post-96769","post","type-post","status-publish","format-standard","has-post-thumbnail","hentry","category-barretos","category-cidades"],"yoast_head":"<!-- This site is optimized with the Yoast SEO plugin v27.4 - https:\/\/yoast.com\/product\/yoast-seo-wordpress\/ -->\n<title>Santa Casa, Secretaria da Sa\u00fade e Regional de Sa\u00fade fazem reuni\u00e3o de alinhamento - Regi\u00e3o News<\/title>\n<meta name=\"robots\" content=\"index, follow, max-snippet:-1, max-image-preview:large, max-video-preview:-1\" \/>\n<link rel=\"canonical\" href=\"https:\/\/regiaonews.net.br\/2022\/2023\/10\/20\/santa-casa-secretaria-da-saude-e-regional-de-saude-fazem-reuniao-de-alinhamento\/\" \/>\n<meta property=\"og:locale\" content=\"pt_BR\" \/>\n<meta property=\"og:type\" content=\"article\" \/>\n<meta property=\"og:title\" content=\"Santa Casa, Secretaria da Sa\u00fade e Regional de Sa\u00fade fazem reuni\u00e3o de alinhamento - Regi\u00e3o News\" \/>\n<meta property=\"og:description\" content=\"&nbsp; Aconteceu nesta quinta-feira, dia 19 de outubro, na Santa\" \/>\n<meta property=\"og:url\" content=\"https:\/\/regiaonews.net.br\/2022\/2023\/10\/20\/santa-casa-secretaria-da-saude-e-regional-de-saude-fazem-reuniao-de-alinhamento\/\" \/>\n<meta property=\"og:site_name\" content=\"Regi\u00e3o News\" \/>\n<meta property=\"article:published_time\" content=\"2023-10-20T23:58:41+00:00\" \/>\n<meta property=\"og:image\" content=\"https:\/\/regiaonews.net.br\/2022\/wp-content\/uploads\/2023\/10\/WhatsApp-Image-2023-10-20-at-18.54.57.jpeg\" \/>\n\t<meta property=\"og:image:width\" content=\"1357\" \/>\n\t<meta property=\"og:image:height\" content=\"905\" \/>\n\t<meta property=\"og:image:type\" content=\"image\/jpeg\" \/>\n<meta name=\"author\" content=\"Roberto\" \/>\n<meta name=\"twitter:card\" content=\"summary_large_image\" \/>\n<meta name=\"twitter:label1\" content=\"Escrito por\" \/>\n\t<meta name=\"twitter:data1\" content=\"Roberto\" \/>\n\t<meta name=\"twitter:label2\" content=\"Est. tempo de leitura\" \/>\n\t<meta name=\"twitter:data2\" content=\"2 minutos\" \/>\n<script type=\"application\/ld+json\" class=\"yoast-schema-graph\">{\"@context\":\"https:\\\/\\\/schema.org\",\"@graph\":[{\"@type\":\"Article\",\"@id\":\"https:\\\/\\\/regiaonews.net.br\\\/2022\\\/2023\\\/10\\\/20\\\/santa-casa-secretaria-da-saude-e-regional-de-saude-fazem-reuniao-de-alinhamento\\\/#article\",\"isPartOf\":{\"@id\":\"https:\\\/\\\/regiaonews.net.br\\\/2022\\\/2023\\\/10\\\/20\\\/santa-casa-secretaria-da-saude-e-regional-de-saude-fazem-reuniao-de-alinhamento\\\/\"},\"author\":{\"name\":\"Roberto\",\"@id\":\"https:\\\/\\\/regiaonews.net.br\\\/2022\\\/#\\\/schema\\\/person\\\/2d205a608a5aa97ac279d7a5e6d89ad8\"},\"headline\":\"Santa Casa, Secretaria da Sa\u00fade e Regional de Sa\u00fade fazem reuni\u00e3o de alinhamento\",\"datePublished\":\"2023-10-20T23:58:41+00:00\",\"mainEntityOfPage\":{\"@id\":\"https:\\\/\\\/regiaonews.net.br\\\/2022\\\/2023\\\/10\\\/20\\\/santa-casa-secretaria-da-saude-e-regional-de-saude-fazem-reuniao-de-alinhamento\\\/\"},\"wordCount\":317,\"commentCount\":0,\"publisher\":{\"@id\":\"https:\\\/\\\/regiaonews.net.br\\\/2022\\\/#organization\"},\"image\":{\"@id\":\"https:\\\/\\\/regiaonews.net.br\\\/2022\\\/2023\\\/10\\\/20\\\/santa-casa-secretaria-da-saude-e-regional-de-saude-fazem-reuniao-de-alinhamento\\\/#primaryimage\"},\"thumbnailUrl\":\"https:\\\/\\\/regiaonews.net.br\\\/2022\\\/wp-content\\\/uploads\\\/2023\\\/10\\\/WhatsApp-Image-2023-10-20-at-18.54.57.jpeg\",\"articleSection\":[\"Barretos\",\"Cidades\"],\"inLanguage\":\"pt-BR\",\"potentialAction\":[{\"@type\":\"CommentAction\",\"name\":\"Comment\",\"target\":[\"https:\\\/\\\/regiaonews.net.br\\\/2022\\\/2023\\\/10\\\/20\\\/santa-casa-secretaria-da-saude-e-regional-de-saude-fazem-reuniao-de-alinhamento\\\/#respond\"]}]},{\"@type\":\"WebPage\",\"@id\":\"https:\\\/\\\/regiaonews.net.br\\\/2022\\\/2023\\\/10\\\/20\\\/santa-casa-secretaria-da-saude-e-regional-de-saude-fazem-reuniao-de-alinhamento\\\/\",\"url\":\"https:\\\/\\\/regiaonews.net.br\\\/2022\\\/2023\\\/10\\\/20\\\/santa-casa-secretaria-da-saude-e-regional-de-saude-fazem-reuniao-de-alinhamento\\\/\",\"name\":\"Santa Casa, Secretaria da Sa\u00fade e Regional de Sa\u00fade fazem reuni\u00e3o de alinhamento - Regi\u00e3o News\",\"isPartOf\":{\"@id\":\"https:\\\/\\\/regiaonews.net.br\\\/2022\\\/#website\"},\"primaryImageOfPage\":{\"@id\":\"https:\\\/\\\/regiaonews.net.br\\\/2022\\\/2023\\\/10\\\/20\\\/santa-casa-secretaria-da-saude-e-regional-de-saude-fazem-reuniao-de-alinhamento\\\/#primaryimage\"},\"image\":{\"@id\":\"https:\\\/\\\/regiaonews.net.br\\\/2022\\\/2023\\\/10\\\/20\\\/santa-casa-secretaria-da-saude-e-regional-de-saude-fazem-reuniao-de-alinhamento\\\/#primaryimage\"},\"thumbnailUrl\":\"https:\\\/\\\/regiaonews.net.br\\\/2022\\\/wp-content\\\/uploads\\\/2023\\\/10\\\/WhatsApp-Image-2023-10-20-at-18.54.57.jpeg\",\"datePublished\":\"2023-10-20T23:58:41+00:00\",\"breadcrumb\":{\"@id\":\"https:\\\/\\\/regiaonews.net.br\\\/2022\\\/2023\\\/10\\\/20\\\/santa-casa-secretaria-da-saude-e-regional-de-saude-fazem-reuniao-de-alinhamento\\\/#breadcrumb\"},\"inLanguage\":\"pt-BR\",\"potentialAction\":[{\"@type\":\"ReadAction\",\"target\":[\"https:\\\/\\\/regiaonews.net.br\\\/2022\\\/2023\\\/10\\\/20\\\/santa-casa-secretaria-da-saude-e-regional-de-saude-fazem-reuniao-de-alinhamento\\\/\"]}]},{\"@type\":\"ImageObject\",\"inLanguage\":\"pt-BR\",\"@id\":\"https:\\\/\\\/regiaonews.net.br\\\/2022\\\/2023\\\/10\\\/20\\\/santa-casa-secretaria-da-saude-e-regional-de-saude-fazem-reuniao-de-alinhamento\\\/#primaryimage\",\"url\":\"https:\\\/\\\/regiaonews.net.br\\\/2022\\\/wp-content\\\/uploads\\\/2023\\\/10\\\/WhatsApp-Image-2023-10-20-at-18.54.57.jpeg\",\"contentUrl\":\"https:\\\/\\\/regiaonews.net.br\\\/2022\\\/wp-content\\\/uploads\\\/2023\\\/10\\\/WhatsApp-Image-2023-10-20-at-18.54.57.jpeg\",\"width\":1357,\"height\":905},{\"@type\":\"BreadcrumbList\",\"@id\":\"https:\\\/\\\/regiaonews.net.br\\\/2022\\\/2023\\\/10\\\/20\\\/santa-casa-secretaria-da-saude-e-regional-de-saude-fazem-reuniao-de-alinhamento\\\/#breadcrumb\",\"itemListElement\":[{\"@type\":\"ListItem\",\"position\":1,\"name\":\"In\u00edcio\",\"item\":\"https:\\\/\\\/regiaonews.net.br\\\/2022\\\/\"},{\"@type\":\"ListItem\",\"position\":2,\"name\":\"Santa Casa, Secretaria da Sa\u00fade e Regional de Sa\u00fade fazem reuni\u00e3o de alinhamento\"}]},{\"@type\":\"WebSite\",\"@id\":\"https:\\\/\\\/regiaonews.net.br\\\/2022\\\/#website\",\"url\":\"https:\\\/\\\/regiaonews.net.br\\\/2022\\\/\",\"name\":\"Regi\u00e3o News\",\"description\":\"Site de Not\u00edcias de Barretos e regi\u00e3o\",\"publisher\":{\"@id\":\"https:\\\/\\\/regiaonews.net.br\\\/2022\\\/#organization\"},\"potentialAction\":[{\"@type\":\"SearchAction\",\"target\":{\"@type\":\"EntryPoint\",\"urlTemplate\":\"https:\\\/\\\/regiaonews.net.br\\\/2022\\\/?s={search_term_string}\"},\"query-input\":{\"@type\":\"PropertyValueSpecification\",\"valueRequired\":true,\"valueName\":\"search_term_string\"}}],\"inLanguage\":\"pt-BR\"},{\"@type\":\"Organization\",\"@id\":\"https:\\\/\\\/regiaonews.net.br\\\/2022\\\/#organization\",\"name\":\"Regi\u00e3o News\",\"url\":\"https:\\\/\\\/regiaonews.net.br\\\/2022\\\/\",\"logo\":{\"@type\":\"ImageObject\",\"inLanguage\":\"pt-BR\",\"@id\":\"https:\\\/\\\/regiaonews.net.br\\\/2022\\\/#\\\/schema\\\/logo\\\/image\\\/\",\"url\":\"https:\\\/\\\/regiaonews.net.br\\\/2022\\\/wp-content\\\/uploads\\\/2026\\\/03\\\/regiao-13-anos-scaled.jpg\",\"contentUrl\":\"https:\\\/\\\/regiaonews.net.br\\\/2022\\\/wp-content\\\/uploads\\\/2026\\\/03\\\/regiao-13-anos-scaled.jpg\",\"width\":2560,\"height\":635,\"caption\":\"Regi\u00e3o News\"},\"image\":{\"@id\":\"https:\\\/\\\/regiaonews.net.br\\\/2022\\\/#\\\/schema\\\/logo\\\/image\\\/\"}},{\"@type\":\"Person\",\"@id\":\"https:\\\/\\\/regiaonews.net.br\\\/2022\\\/#\\\/schema\\\/person\\\/2d205a608a5aa97ac279d7a5e6d89ad8\",\"name\":\"Roberto\",\"image\":{\"@type\":\"ImageObject\",\"inLanguage\":\"pt-BR\",\"@id\":\"https:\\\/\\\/secure.gravatar.com\\\/avatar\\\/42749d8b712ff9d59ca93dc150494e5b55a44134482993f5baeb97e61b7ecc89?s=96&d=mm&r=g\",\"url\":\"https:\\\/\\\/secure.gravatar.com\\\/avatar\\\/42749d8b712ff9d59ca93dc150494e5b55a44134482993f5baeb97e61b7ecc89?s=96&d=mm&r=g\",\"contentUrl\":\"https:\\\/\\\/secure.gravatar.com\\\/avatar\\\/42749d8b712ff9d59ca93dc150494e5b55a44134482993f5baeb97e61b7ecc89?s=96&d=mm&r=g\",\"caption\":\"Roberto\"},\"url\":\"https:\\\/\\\/regiaonews.net.br\\\/2022\\\/author\\\/roberto\\\/\"}]}<\/script>\n<!-- \/ Yoast SEO plugin. -->","yoast_head_json":{"title":"Santa Casa, Secretaria da Sa\u00fade e Regional de Sa\u00fade fazem reuni\u00e3o de alinhamento - Regi\u00e3o News","robots":{"index":"index","follow":"follow","max-snippet":"max-snippet:-1","max-image-preview":"max-image-preview:large","max-video-preview":"max-video-preview:-1"},"canonical":"https:\/\/regiaonews.net.br\/2022\/2023\/10\/20\/santa-casa-secretaria-da-saude-e-regional-de-saude-fazem-reuniao-de-alinhamento\/","og_locale":"pt_BR","og_type":"article","og_title":"Santa Casa, Secretaria da Sa\u00fade e Regional de Sa\u00fade fazem reuni\u00e3o de alinhamento - Regi\u00e3o News","og_description":"&nbsp; Aconteceu nesta quinta-feira, dia 19 de outubro, na Santa","og_url":"https:\/\/regiaonews.net.br\/2022\/2023\/10\/20\/santa-casa-secretaria-da-saude-e-regional-de-saude-fazem-reuniao-de-alinhamento\/","og_site_name":"Regi\u00e3o News","article_published_time":"2023-10-20T23:58:41+00:00","og_image":[{"width":1357,"height":905,"url":"https:\/\/regiaonews.net.br\/2022\/wp-content\/uploads\/2023\/10\/WhatsApp-Image-2023-10-20-at-18.54.57.jpeg","type":"image\/jpeg"}],"author":"Roberto","twitter_card":"summary_large_image","twitter_misc":{"Escrito por":"Roberto","Est. tempo de leitura":"2 minutos"},"schema":{"@context":"https:\/\/schema.org","@graph":[{"@type":"Article","@id":"https:\/\/regiaonews.net.br\/2022\/2023\/10\/20\/santa-casa-secretaria-da-saude-e-regional-de-saude-fazem-reuniao-de-alinhamento\/#article","isPartOf":{"@id":"https:\/\/regiaonews.net.br\/2022\/2023\/10\/20\/santa-casa-secretaria-da-saude-e-regional-de-saude-fazem-reuniao-de-alinhamento\/"},"author":{"name":"Roberto","@id":"https:\/\/regiaonews.net.br\/2022\/#\/schema\/person\/2d205a608a5aa97ac279d7a5e6d89ad8"},"headline":"Santa Casa, Secretaria da Sa\u00fade e Regional de Sa\u00fade fazem reuni\u00e3o de alinhamento","datePublished":"2023-10-20T23:58:41+00:00","mainEntityOfPage":{"@id":"https:\/\/regiaonews.net.br\/2022\/2023\/10\/20\/santa-casa-secretaria-da-saude-e-regional-de-saude-fazem-reuniao-de-alinhamento\/"},"wordCount":317,"commentCount":0,"publisher":{"@id":"https:\/\/regiaonews.net.br\/2022\/#organization"},"image":{"@id":"https:\/\/regiaonews.net.br\/2022\/2023\/10\/20\/santa-casa-secretaria-da-saude-e-regional-de-saude-fazem-reuniao-de-alinhamento\/#primaryimage"},"thumbnailUrl":"https:\/\/regiaonews.net.br\/2022\/wp-content\/uploads\/2023\/10\/WhatsApp-Image-2023-10-20-at-18.54.57.jpeg","articleSection":["Barretos","Cidades"],"inLanguage":"pt-BR","potentialAction":[{"@type":"CommentAction","name":"Comment","target":["https:\/\/regiaonews.net.br\/2022\/2023\/10\/20\/santa-casa-secretaria-da-saude-e-regional-de-saude-fazem-reuniao-de-alinhamento\/#respond"]}]},{"@type":"WebPage","@id":"https:\/\/regiaonews.net.br\/2022\/2023\/10\/20\/santa-casa-secretaria-da-saude-e-regional-de-saude-fazem-reuniao-de-alinhamento\/","url":"https:\/\/regiaonews.net.br\/2022\/2023\/10\/20\/santa-casa-secretaria-da-saude-e-regional-de-saude-fazem-reuniao-de-alinhamento\/","name":"Santa Casa, Secretaria da Sa\u00fade e Regional de Sa\u00fade fazem reuni\u00e3o de alinhamento - Regi\u00e3o News","isPartOf":{"@id":"https:\/\/regiaonews.net.br\/2022\/#website"},"primaryImageOfPage":{"@id":"https:\/\/regiaonews.net.br\/2022\/2023\/10\/20\/santa-casa-secretaria-da-saude-e-regional-de-saude-fazem-reuniao-de-alinhamento\/#primaryimage"},"image":{"@id":"https:\/\/regiaonews.net.br\/2022\/2023\/10\/20\/santa-casa-secretaria-da-saude-e-regional-de-saude-fazem-reuniao-de-alinhamento\/#primaryimage"},"thumbnailUrl":"https:\/\/regiaonews.net.br\/2022\/wp-content\/uploads\/2023\/10\/WhatsApp-Image-2023-10-20-at-18.54.57.jpeg","datePublished":"2023-10-20T23:58:41+00:00","breadcrumb":{"@id":"https:\/\/regiaonews.net.br\/2022\/2023\/10\/20\/santa-casa-secretaria-da-saude-e-regional-de-saude-fazem-reuniao-de-alinhamento\/#breadcrumb"},"inLanguage":"pt-BR","potentialAction":[{"@type":"ReadAction","target":["https:\/\/regiaonews.net.br\/2022\/2023\/10\/20\/santa-casa-secretaria-da-saude-e-regional-de-saude-fazem-reuniao-de-alinhamento\/"]}]},{"@type":"ImageObject","inLanguage":"pt-BR","@id":"https:\/\/regiaonews.net.br\/2022\/2023\/10\/20\/santa-casa-secretaria-da-saude-e-regional-de-saude-fazem-reuniao-de-alinhamento\/#primaryimage","url":"https:\/\/regiaonews.net.br\/2022\/wp-content\/uploads\/2023\/10\/WhatsApp-Image-2023-10-20-at-18.54.57.jpeg","contentUrl":"https:\/\/regiaonews.net.br\/2022\/wp-content\/uploads\/2023\/10\/WhatsApp-Image-2023-10-20-at-18.54.57.jpeg","width":1357,"height":905},{"@type":"BreadcrumbList","@id":"https:\/\/regiaonews.net.br\/2022\/2023\/10\/20\/santa-casa-secretaria-da-saude-e-regional-de-saude-fazem-reuniao-de-alinhamento\/#breadcrumb","itemListElement":[{"@type":"ListItem","position":1,"name":"In\u00edcio","item":"https:\/\/regiaonews.net.br\/2022\/"},{"@type":"ListItem","position":2,"name":"Santa Casa, Secretaria da Sa\u00fade e Regional de Sa\u00fade fazem reuni\u00e3o de alinhamento"}]},{"@type":"WebSite","@id":"https:\/\/regiaonews.net.br\/2022\/#website","url":"https:\/\/regiaonews.net.br\/2022\/","name":"Regi\u00e3o News","description":"Site de Not\u00edcias de Barretos e regi\u00e3o","publisher":{"@id":"https:\/\/regiaonews.net.br\/2022\/#organization"},"potentialAction":[{"@type":"SearchAction","target":{"@type":"EntryPoint","urlTemplate":"https:\/\/regiaonews.net.br\/2022\/?s={search_term_string}"},"query-input":{"@type":"PropertyValueSpecification","valueRequired":true,"valueName":"search_term_string"}}],"inLanguage":"pt-BR"},{"@type":"Organization","@id":"https:\/\/regiaonews.net.br\/2022\/#organization","name":"Regi\u00e3o News","url":"https:\/\/regiaonews.net.br\/2022\/","logo":{"@type":"ImageObject","inLanguage":"pt-BR","@id":"https:\/\/regiaonews.net.br\/2022\/#\/schema\/logo\/image\/","url":"https:\/\/regiaonews.net.br\/2022\/wp-content\/uploads\/2026\/03\/regiao-13-anos-scaled.jpg","contentUrl":"https:\/\/regiaonews.net.br\/2022\/wp-content\/uploads\/2026\/03\/regiao-13-anos-scaled.jpg","width":2560,"height":635,"caption":"Regi\u00e3o News"},"image":{"@id":"https:\/\/regiaonews.net.br\/2022\/#\/schema\/logo\/image\/"}},{"@type":"Person","@id":"https:\/\/regiaonews.net.br\/2022\/#\/schema\/person\/2d205a608a5aa97ac279d7a5e6d89ad8","name":"Roberto","image":{"@type":"ImageObject","inLanguage":"pt-BR","@id":"https:\/\/secure.gravatar.com\/avatar\/42749d8b712ff9d59ca93dc150494e5b55a44134482993f5baeb97e61b7ecc89?s=96&d=mm&r=g","url":"https:\/\/secure.gravatar.com\/avatar\/42749d8b712ff9d59ca93dc150494e5b55a44134482993f5baeb97e61b7ecc89?s=96&d=mm&r=g","contentUrl":"https:\/\/secure.gravatar.com\/avatar\/42749d8b712ff9d59ca93dc150494e5b55a44134482993f5baeb97e61b7ecc89?s=96&d=mm&r=g","caption":"Roberto"},"url":"https:\/\/regiaonews.net.br\/2022\/author\/roberto\/"}]}},"publishpress_future_action":{"enabled":false,"date":"2026-05-04 05:05:00","action":"change-status","newStatus":"draft","terms":[],"taxonomy":"category","extraData":[]},"publishpress_future_workflow_manual_trigger":{"enabledWorkflows":[]},"_links":{"self":[{"href":"https:\/\/regiaonews.net.br\/2022\/wp-json\/wp\/v2\/posts\/96769","targetHints":{"allow":["GET"]}}],"collection":[{"href":"https:\/\/regiaonews.net.br\/2022\/wp-json\/wp\/v2\/posts"}],"about":[{"href":"https:\/\/regiaonews.net.br\/2022\/wp-json\/wp\/v2\/types\/post"}],"author":[{"embeddable":true,"href":"https:\/\/regiaonews.net.br\/2022\/wp-json\/wp\/v2\/users\/2"}],"replies":[{"embeddable":true,"href":"https:\/\/regiaonews.net.br\/2022\/wp-json\/wp\/v2\/comments?post=96769"}],"version-history":[{"count":1,"href":"https:\/\/regiaonews.net.br\/2022\/wp-json\/wp\/v2\/posts\/96769\/revisions"}],"predecessor-version":[{"id":96771,"href":"https:\/\/regiaonews.net.br\/2022\/wp-json\/wp\/v2\/posts\/96769\/revisions\/96771"}],"wp:featuredmedia":[{"embeddable":true,"href":"https:\/\/regiaonews.net.br\/2022\/wp-json\/wp\/v2\/media\/96770"}],"wp:attachment":[{"href":"https:\/\/regiaonews.net.br\/2022\/wp-json\/wp\/v2\/media?parent=96769"}],"wp:term":[{"taxonomy":"category","embeddable":true,"href":"https:\/\/regiaonews.net.br\/2022\/wp-json\/wp\/v2\/categories?post=96769"},{"taxonomy":"post_tag","embeddable":true,"href":"https:\/\/regiaonews.net.br\/2022\/wp-json\/wp\/v2\/tags?post=96769"}],"curies":[{"name":"wp","href":"https:\/\/api.w.org\/{rel}","templated":true}]}}