{"id":96723,"date":"2023-10-19T22:52:24","date_gmt":"2023-10-20T01:52:24","guid":{"rendered":"https:\/\/regiaonews.net.br\/2022\/?p=96723"},"modified":"2023-10-19T22:56:21","modified_gmt":"2023-10-20T01:56:21","slug":"serie-a4-tera-cota-e-cinco-atletas-acima-do-sub-23-explica-samara","status":"publish","type":"post","link":"https:\/\/regiaonews.net.br\/2022\/2023\/10\/19\/serie-a4-tera-cota-e-cinco-atletas-acima-do-sub-23-explica-samara\/","title":{"rendered":"S\u00e9rie A4 ter\u00e1 cota e cinco atletas acima do Sub-23, explica Samara"},"content":{"rendered":"<p>Durante a reuni\u00e3o do Conselho Arbitral da Federa\u00e7\u00e3o Paulista de Futebol, ficou definido que a S\u00e9rie A4 ter\u00e1 cota para as equipes, sem tem o valor definido.<br \/>\nSegundo o presidente do BEC, J\u00falio Samara, o Campeonato come\u00e7a em 28 de janeiro de 2024 e termina em 12 de maio de 2024, com 26 atletas sendo 5 \u00a0livres por s\u00famula ou e jogo o resto Sub- 23.<br \/>\nO presidente barretense, explicou que a\u00a0 lista B, o prazo de 6 meses (n\u00e3o\u00a0 foi colocado em vota\u00e7\u00e3o),\u00a0 sendo que sete atletas por jogo.<\/p>\n<p>Com rela\u00e7\u00e3o ao prazo de inscri\u00e7\u00e3o, o prazo final para inscrever jogadores no campeonato \u00e9 at\u00e9 08\/03\/2024 e a troca de atletas at\u00e9 05\/04\/2024 com 4 \u00a0no m\u00e1ximo.<\/p>\n<p>Com rela\u00e7\u00e3o ao banco de reservas, ser\u00e3o 10 atletas no banco e haver\u00e1 mata mata na segunda fase.<\/p>\n<p>J\u00e1 os atletas que jogar qualquer uma das s\u00e9ries A, n\u00e3o podem jogar na outra do futebol paulista e o\u00a0 t\u00e9cnico demitido n\u00e3o pode trabalhar na mesma s\u00e9rie.<\/p>\n<p>Segundo J\u00falio Samara, o \u00a0Barretos ir\u00e1\u00a0 jogar\u00a0 8 partidas no est\u00e1dio Fortaleza.<\/p>\n","protected":false},"excerpt":{"rendered":"<p>Durante a reuni\u00e3o do Conselho Arbitral da Federa\u00e7\u00e3o Paulista de<\/p>\n","protected":false},"author":2,"featured_media":96724,"comment_status":"open","ping_status":"open","sticky":false,"template":"","format":"standard","meta":{"footnotes":""},"categories":[183,21],"tags":[],"class_list":["post-96723","post","type-post","status-publish","format-standard","has-post-thumbnail","hentry","category-campeonato-paulista","category-esporte"],"yoast_head":"<!-- This site is optimized with the Yoast SEO plugin v27.4 - https:\/\/yoast.com\/product\/yoast-seo-wordpress\/ -->\n<title>S\u00e9rie A4 ter\u00e1 cota e cinco atletas acima do Sub-23, explica Samara - Regi\u00e3o News<\/title>\n<meta name=\"robots\" content=\"index, follow, max-snippet:-1, max-image-preview:large, max-video-preview:-1\" \/>\n<link rel=\"canonical\" href=\"https:\/\/regiaonews.net.br\/2022\/2023\/10\/19\/serie-a4-tera-cota-e-cinco-atletas-acima-do-sub-23-explica-samara\/\" \/>\n<meta property=\"og:locale\" content=\"pt_BR\" \/>\n<meta property=\"og:type\" content=\"article\" \/>\n<meta property=\"og:title\" content=\"S\u00e9rie A4 ter\u00e1 cota e cinco atletas acima do Sub-23, explica Samara - Regi\u00e3o News\" \/>\n<meta property=\"og:description\" content=\"Durante a reuni\u00e3o do Conselho Arbitral da Federa\u00e7\u00e3o Paulista de\" \/>\n<meta property=\"og:url\" content=\"https:\/\/regiaonews.net.br\/2022\/2023\/10\/19\/serie-a4-tera-cota-e-cinco-atletas-acima-do-sub-23-explica-samara\/\" \/>\n<meta property=\"og:site_name\" content=\"Regi\u00e3o News\" \/>\n<meta property=\"article:published_time\" content=\"2023-10-20T01:52:24+00:00\" \/>\n<meta property=\"article:modified_time\" content=\"2023-10-20T01:56:21+00:00\" \/>\n<meta property=\"og:image\" content=\"https:\/\/regiaonews.net.br\/2022\/wp-content\/uploads\/2023\/10\/IMG-20231019-WA0419.jpg\" \/>\n\t<meta property=\"og:image:width\" content=\"1600\" \/>\n\t<meta property=\"og:image:height\" content=\"900\" \/>\n\t<meta property=\"og:image:type\" content=\"image\/jpeg\" \/>\n<meta name=\"author\" content=\"Roberto\" \/>\n<meta name=\"twitter:card\" content=\"summary_large_image\" \/>\n<meta name=\"twitter:label1\" content=\"Escrito por\" \/>\n\t<meta name=\"twitter:data1\" content=\"Roberto\" \/>\n\t<meta name=\"twitter:label2\" content=\"Est. tempo de leitura\" \/>\n\t<meta name=\"twitter:data2\" content=\"1 minuto\" \/>\n<script type=\"application\/ld+json\" class=\"yoast-schema-graph\">{\"@context\":\"https:\\\/\\\/schema.org\",\"@graph\":[{\"@type\":\"Article\",\"@id\":\"https:\\\/\\\/regiaonews.net.br\\\/2022\\\/2023\\\/10\\\/19\\\/serie-a4-tera-cota-e-cinco-atletas-acima-do-sub-23-explica-samara\\\/#article\",\"isPartOf\":{\"@id\":\"https:\\\/\\\/regiaonews.net.br\\\/2022\\\/2023\\\/10\\\/19\\\/serie-a4-tera-cota-e-cinco-atletas-acima-do-sub-23-explica-samara\\\/\"},\"author\":{\"name\":\"Roberto\",\"@id\":\"https:\\\/\\\/regiaonews.net.br\\\/2022\\\/#\\\/schema\\\/person\\\/2d205a608a5aa97ac279d7a5e6d89ad8\"},\"headline\":\"S\u00e9rie A4 ter\u00e1 cota e cinco atletas acima do Sub-23, explica Samara\",\"datePublished\":\"2023-10-20T01:52:24+00:00\",\"dateModified\":\"2023-10-20T01:56:21+00:00\",\"mainEntityOfPage\":{\"@id\":\"https:\\\/\\\/regiaonews.net.br\\\/2022\\\/2023\\\/10\\\/19\\\/serie-a4-tera-cota-e-cinco-atletas-acima-do-sub-23-explica-samara\\\/\"},\"wordCount\":195,\"commentCount\":0,\"publisher\":{\"@id\":\"https:\\\/\\\/regiaonews.net.br\\\/2022\\\/#organization\"},\"image\":{\"@id\":\"https:\\\/\\\/regiaonews.net.br\\\/2022\\\/2023\\\/10\\\/19\\\/serie-a4-tera-cota-e-cinco-atletas-acima-do-sub-23-explica-samara\\\/#primaryimage\"},\"thumbnailUrl\":\"https:\\\/\\\/regiaonews.net.br\\\/2022\\\/wp-content\\\/uploads\\\/2023\\\/10\\\/IMG-20231019-WA0419.jpg\",\"articleSection\":[\"Campeonato Paulista\",\"Esporte\"],\"inLanguage\":\"pt-BR\",\"potentialAction\":[{\"@type\":\"CommentAction\",\"name\":\"Comment\",\"target\":[\"https:\\\/\\\/regiaonews.net.br\\\/2022\\\/2023\\\/10\\\/19\\\/serie-a4-tera-cota-e-cinco-atletas-acima-do-sub-23-explica-samara\\\/#respond\"]}]},{\"@type\":\"WebPage\",\"@id\":\"https:\\\/\\\/regiaonews.net.br\\\/2022\\\/2023\\\/10\\\/19\\\/serie-a4-tera-cota-e-cinco-atletas-acima-do-sub-23-explica-samara\\\/\",\"url\":\"https:\\\/\\\/regiaonews.net.br\\\/2022\\\/2023\\\/10\\\/19\\\/serie-a4-tera-cota-e-cinco-atletas-acima-do-sub-23-explica-samara\\\/\",\"name\":\"S\u00e9rie A4 ter\u00e1 cota e cinco atletas acima do Sub-23, explica Samara - Regi\u00e3o News\",\"isPartOf\":{\"@id\":\"https:\\\/\\\/regiaonews.net.br\\\/2022\\\/#website\"},\"primaryImageOfPage\":{\"@id\":\"https:\\\/\\\/regiaonews.net.br\\\/2022\\\/2023\\\/10\\\/19\\\/serie-a4-tera-cota-e-cinco-atletas-acima-do-sub-23-explica-samara\\\/#primaryimage\"},\"image\":{\"@id\":\"https:\\\/\\\/regiaonews.net.br\\\/2022\\\/2023\\\/10\\\/19\\\/serie-a4-tera-cota-e-cinco-atletas-acima-do-sub-23-explica-samara\\\/#primaryimage\"},\"thumbnailUrl\":\"https:\\\/\\\/regiaonews.net.br\\\/2022\\\/wp-content\\\/uploads\\\/2023\\\/10\\\/IMG-20231019-WA0419.jpg\",\"datePublished\":\"2023-10-20T01:52:24+00:00\",\"dateModified\":\"2023-10-20T01:56:21+00:00\",\"breadcrumb\":{\"@id\":\"https:\\\/\\\/regiaonews.net.br\\\/2022\\\/2023\\\/10\\\/19\\\/serie-a4-tera-cota-e-cinco-atletas-acima-do-sub-23-explica-samara\\\/#breadcrumb\"},\"inLanguage\":\"pt-BR\",\"potentialAction\":[{\"@type\":\"ReadAction\",\"target\":[\"https:\\\/\\\/regiaonews.net.br\\\/2022\\\/2023\\\/10\\\/19\\\/serie-a4-tera-cota-e-cinco-atletas-acima-do-sub-23-explica-samara\\\/\"]}]},{\"@type\":\"ImageObject\",\"inLanguage\":\"pt-BR\",\"@id\":\"https:\\\/\\\/regiaonews.net.br\\\/2022\\\/2023\\\/10\\\/19\\\/serie-a4-tera-cota-e-cinco-atletas-acima-do-sub-23-explica-samara\\\/#primaryimage\",\"url\":\"https:\\\/\\\/regiaonews.net.br\\\/2022\\\/wp-content\\\/uploads\\\/2023\\\/10\\\/IMG-20231019-WA0419.jpg\",\"contentUrl\":\"https:\\\/\\\/regiaonews.net.br\\\/2022\\\/wp-content\\\/uploads\\\/2023\\\/10\\\/IMG-20231019-WA0419.jpg\",\"width\":1600,\"height\":900},{\"@type\":\"BreadcrumbList\",\"@id\":\"https:\\\/\\\/regiaonews.net.br\\\/2022\\\/2023\\\/10\\\/19\\\/serie-a4-tera-cota-e-cinco-atletas-acima-do-sub-23-explica-samara\\\/#breadcrumb\",\"itemListElement\":[{\"@type\":\"ListItem\",\"position\":1,\"name\":\"In\u00edcio\",\"item\":\"https:\\\/\\\/regiaonews.net.br\\\/2022\\\/\"},{\"@type\":\"ListItem\",\"position\":2,\"name\":\"S\u00e9rie A4 ter\u00e1 cota e cinco atletas acima do Sub-23, explica Samara\"}]},{\"@type\":\"WebSite\",\"@id\":\"https:\\\/\\\/regiaonews.net.br\\\/2022\\\/#website\",\"url\":\"https:\\\/\\\/regiaonews.net.br\\\/2022\\\/\",\"name\":\"Regi\u00e3o News\",\"description\":\"Site de Not\u00edcias de Barretos e regi\u00e3o\",\"publisher\":{\"@id\":\"https:\\\/\\\/regiaonews.net.br\\\/2022\\\/#organization\"},\"potentialAction\":[{\"@type\":\"SearchAction\",\"target\":{\"@type\":\"EntryPoint\",\"urlTemplate\":\"https:\\\/\\\/regiaonews.net.br\\\/2022\\\/?s={search_term_string}\"},\"query-input\":{\"@type\":\"PropertyValueSpecification\",\"valueRequired\":true,\"valueName\":\"search_term_string\"}}],\"inLanguage\":\"pt-BR\"},{\"@type\":\"Organization\",\"@id\":\"https:\\\/\\\/regiaonews.net.br\\\/2022\\\/#organization\",\"name\":\"Regi\u00e3o News\",\"url\":\"https:\\\/\\\/regiaonews.net.br\\\/2022\\\/\",\"logo\":{\"@type\":\"ImageObject\",\"inLanguage\":\"pt-BR\",\"@id\":\"https:\\\/\\\/regiaonews.net.br\\\/2022\\\/#\\\/schema\\\/logo\\\/image\\\/\",\"url\":\"https:\\\/\\\/regiaonews.net.br\\\/2022\\\/wp-content\\\/uploads\\\/2026\\\/03\\\/regiao-13-anos-scaled.jpg\",\"contentUrl\":\"https:\\\/\\\/regiaonews.net.br\\\/2022\\\/wp-content\\\/uploads\\\/2026\\\/03\\\/regiao-13-anos-scaled.jpg\",\"width\":2560,\"height\":635,\"caption\":\"Regi\u00e3o News\"},\"image\":{\"@id\":\"https:\\\/\\\/regiaonews.net.br\\\/2022\\\/#\\\/schema\\\/logo\\\/image\\\/\"}},{\"@type\":\"Person\",\"@id\":\"https:\\\/\\\/regiaonews.net.br\\\/2022\\\/#\\\/schema\\\/person\\\/2d205a608a5aa97ac279d7a5e6d89ad8\",\"name\":\"Roberto\",\"image\":{\"@type\":\"ImageObject\",\"inLanguage\":\"pt-BR\",\"@id\":\"https:\\\/\\\/secure.gravatar.com\\\/avatar\\\/42749d8b712ff9d59ca93dc150494e5b55a44134482993f5baeb97e61b7ecc89?s=96&d=mm&r=g\",\"url\":\"https:\\\/\\\/secure.gravatar.com\\\/avatar\\\/42749d8b712ff9d59ca93dc150494e5b55a44134482993f5baeb97e61b7ecc89?s=96&d=mm&r=g\",\"contentUrl\":\"https:\\\/\\\/secure.gravatar.com\\\/avatar\\\/42749d8b712ff9d59ca93dc150494e5b55a44134482993f5baeb97e61b7ecc89?s=96&d=mm&r=g\",\"caption\":\"Roberto\"},\"url\":\"https:\\\/\\\/regiaonews.net.br\\\/2022\\\/author\\\/roberto\\\/\"}]}<\/script>\n<!-- \/ Yoast SEO plugin. -->","yoast_head_json":{"title":"S\u00e9rie A4 ter\u00e1 cota e cinco atletas acima do Sub-23, explica Samara - Regi\u00e3o News","robots":{"index":"index","follow":"follow","max-snippet":"max-snippet:-1","max-image-preview":"max-image-preview:large","max-video-preview":"max-video-preview:-1"},"canonical":"https:\/\/regiaonews.net.br\/2022\/2023\/10\/19\/serie-a4-tera-cota-e-cinco-atletas-acima-do-sub-23-explica-samara\/","og_locale":"pt_BR","og_type":"article","og_title":"S\u00e9rie A4 ter\u00e1 cota e cinco atletas acima do Sub-23, explica Samara - Regi\u00e3o News","og_description":"Durante a reuni\u00e3o do Conselho Arbitral da Federa\u00e7\u00e3o Paulista de","og_url":"https:\/\/regiaonews.net.br\/2022\/2023\/10\/19\/serie-a4-tera-cota-e-cinco-atletas-acima-do-sub-23-explica-samara\/","og_site_name":"Regi\u00e3o News","article_published_time":"2023-10-20T01:52:24+00:00","article_modified_time":"2023-10-20T01:56:21+00:00","og_image":[{"width":1600,"height":900,"url":"https:\/\/regiaonews.net.br\/2022\/wp-content\/uploads\/2023\/10\/IMG-20231019-WA0419.jpg","type":"image\/jpeg"}],"author":"Roberto","twitter_card":"summary_large_image","twitter_misc":{"Escrito por":"Roberto","Est. tempo de leitura":"1 minuto"},"schema":{"@context":"https:\/\/schema.org","@graph":[{"@type":"Article","@id":"https:\/\/regiaonews.net.br\/2022\/2023\/10\/19\/serie-a4-tera-cota-e-cinco-atletas-acima-do-sub-23-explica-samara\/#article","isPartOf":{"@id":"https:\/\/regiaonews.net.br\/2022\/2023\/10\/19\/serie-a4-tera-cota-e-cinco-atletas-acima-do-sub-23-explica-samara\/"},"author":{"name":"Roberto","@id":"https:\/\/regiaonews.net.br\/2022\/#\/schema\/person\/2d205a608a5aa97ac279d7a5e6d89ad8"},"headline":"S\u00e9rie A4 ter\u00e1 cota e cinco atletas acima do Sub-23, explica Samara","datePublished":"2023-10-20T01:52:24+00:00","dateModified":"2023-10-20T01:56:21+00:00","mainEntityOfPage":{"@id":"https:\/\/regiaonews.net.br\/2022\/2023\/10\/19\/serie-a4-tera-cota-e-cinco-atletas-acima-do-sub-23-explica-samara\/"},"wordCount":195,"commentCount":0,"publisher":{"@id":"https:\/\/regiaonews.net.br\/2022\/#organization"},"image":{"@id":"https:\/\/regiaonews.net.br\/2022\/2023\/10\/19\/serie-a4-tera-cota-e-cinco-atletas-acima-do-sub-23-explica-samara\/#primaryimage"},"thumbnailUrl":"https:\/\/regiaonews.net.br\/2022\/wp-content\/uploads\/2023\/10\/IMG-20231019-WA0419.jpg","articleSection":["Campeonato Paulista","Esporte"],"inLanguage":"pt-BR","potentialAction":[{"@type":"CommentAction","name":"Comment","target":["https:\/\/regiaonews.net.br\/2022\/2023\/10\/19\/serie-a4-tera-cota-e-cinco-atletas-acima-do-sub-23-explica-samara\/#respond"]}]},{"@type":"WebPage","@id":"https:\/\/regiaonews.net.br\/2022\/2023\/10\/19\/serie-a4-tera-cota-e-cinco-atletas-acima-do-sub-23-explica-samara\/","url":"https:\/\/regiaonews.net.br\/2022\/2023\/10\/19\/serie-a4-tera-cota-e-cinco-atletas-acima-do-sub-23-explica-samara\/","name":"S\u00e9rie A4 ter\u00e1 cota e cinco atletas acima do Sub-23, explica Samara - Regi\u00e3o News","isPartOf":{"@id":"https:\/\/regiaonews.net.br\/2022\/#website"},"primaryImageOfPage":{"@id":"https:\/\/regiaonews.net.br\/2022\/2023\/10\/19\/serie-a4-tera-cota-e-cinco-atletas-acima-do-sub-23-explica-samara\/#primaryimage"},"image":{"@id":"https:\/\/regiaonews.net.br\/2022\/2023\/10\/19\/serie-a4-tera-cota-e-cinco-atletas-acima-do-sub-23-explica-samara\/#primaryimage"},"thumbnailUrl":"https:\/\/regiaonews.net.br\/2022\/wp-content\/uploads\/2023\/10\/IMG-20231019-WA0419.jpg","datePublished":"2023-10-20T01:52:24+00:00","dateModified":"2023-10-20T01:56:21+00:00","breadcrumb":{"@id":"https:\/\/regiaonews.net.br\/2022\/2023\/10\/19\/serie-a4-tera-cota-e-cinco-atletas-acima-do-sub-23-explica-samara\/#breadcrumb"},"inLanguage":"pt-BR","potentialAction":[{"@type":"ReadAction","target":["https:\/\/regiaonews.net.br\/2022\/2023\/10\/19\/serie-a4-tera-cota-e-cinco-atletas-acima-do-sub-23-explica-samara\/"]}]},{"@type":"ImageObject","inLanguage":"pt-BR","@id":"https:\/\/regiaonews.net.br\/2022\/2023\/10\/19\/serie-a4-tera-cota-e-cinco-atletas-acima-do-sub-23-explica-samara\/#primaryimage","url":"https:\/\/regiaonews.net.br\/2022\/wp-content\/uploads\/2023\/10\/IMG-20231019-WA0419.jpg","contentUrl":"https:\/\/regiaonews.net.br\/2022\/wp-content\/uploads\/2023\/10\/IMG-20231019-WA0419.jpg","width":1600,"height":900},{"@type":"BreadcrumbList","@id":"https:\/\/regiaonews.net.br\/2022\/2023\/10\/19\/serie-a4-tera-cota-e-cinco-atletas-acima-do-sub-23-explica-samara\/#breadcrumb","itemListElement":[{"@type":"ListItem","position":1,"name":"In\u00edcio","item":"https:\/\/regiaonews.net.br\/2022\/"},{"@type":"ListItem","position":2,"name":"S\u00e9rie A4 ter\u00e1 cota e cinco atletas acima do Sub-23, explica Samara"}]},{"@type":"WebSite","@id":"https:\/\/regiaonews.net.br\/2022\/#website","url":"https:\/\/regiaonews.net.br\/2022\/","name":"Regi\u00e3o News","description":"Site de Not\u00edcias de Barretos e regi\u00e3o","publisher":{"@id":"https:\/\/regiaonews.net.br\/2022\/#organization"},"potentialAction":[{"@type":"SearchAction","target":{"@type":"EntryPoint","urlTemplate":"https:\/\/regiaonews.net.br\/2022\/?s={search_term_string}"},"query-input":{"@type":"PropertyValueSpecification","valueRequired":true,"valueName":"search_term_string"}}],"inLanguage":"pt-BR"},{"@type":"Organization","@id":"https:\/\/regiaonews.net.br\/2022\/#organization","name":"Regi\u00e3o News","url":"https:\/\/regiaonews.net.br\/2022\/","logo":{"@type":"ImageObject","inLanguage":"pt-BR","@id":"https:\/\/regiaonews.net.br\/2022\/#\/schema\/logo\/image\/","url":"https:\/\/regiaonews.net.br\/2022\/wp-content\/uploads\/2026\/03\/regiao-13-anos-scaled.jpg","contentUrl":"https:\/\/regiaonews.net.br\/2022\/wp-content\/uploads\/2026\/03\/regiao-13-anos-scaled.jpg","width":2560,"height":635,"caption":"Regi\u00e3o News"},"image":{"@id":"https:\/\/regiaonews.net.br\/2022\/#\/schema\/logo\/image\/"}},{"@type":"Person","@id":"https:\/\/regiaonews.net.br\/2022\/#\/schema\/person\/2d205a608a5aa97ac279d7a5e6d89ad8","name":"Roberto","image":{"@type":"ImageObject","inLanguage":"pt-BR","@id":"https:\/\/secure.gravatar.com\/avatar\/42749d8b712ff9d59ca93dc150494e5b55a44134482993f5baeb97e61b7ecc89?s=96&d=mm&r=g","url":"https:\/\/secure.gravatar.com\/avatar\/42749d8b712ff9d59ca93dc150494e5b55a44134482993f5baeb97e61b7ecc89?s=96&d=mm&r=g","contentUrl":"https:\/\/secure.gravatar.com\/avatar\/42749d8b712ff9d59ca93dc150494e5b55a44134482993f5baeb97e61b7ecc89?s=96&d=mm&r=g","caption":"Roberto"},"url":"https:\/\/regiaonews.net.br\/2022\/author\/roberto\/"}]}},"publishpress_future_action":{"enabled":false,"date":"2026-05-04 08:27:10","action":"change-status","newStatus":"draft","terms":[],"taxonomy":"category","extraData":[]},"publishpress_future_workflow_manual_trigger":{"enabledWorkflows":[]},"_links":{"self":[{"href":"https:\/\/regiaonews.net.br\/2022\/wp-json\/wp\/v2\/posts\/96723","targetHints":{"allow":["GET"]}}],"collection":[{"href":"https:\/\/regiaonews.net.br\/2022\/wp-json\/wp\/v2\/posts"}],"about":[{"href":"https:\/\/regiaonews.net.br\/2022\/wp-json\/wp\/v2\/types\/post"}],"author":[{"embeddable":true,"href":"https:\/\/regiaonews.net.br\/2022\/wp-json\/wp\/v2\/users\/2"}],"replies":[{"embeddable":true,"href":"https:\/\/regiaonews.net.br\/2022\/wp-json\/wp\/v2\/comments?post=96723"}],"version-history":[{"count":3,"href":"https:\/\/regiaonews.net.br\/2022\/wp-json\/wp\/v2\/posts\/96723\/revisions"}],"predecessor-version":[{"id":96727,"href":"https:\/\/regiaonews.net.br\/2022\/wp-json\/wp\/v2\/posts\/96723\/revisions\/96727"}],"wp:featuredmedia":[{"embeddable":true,"href":"https:\/\/regiaonews.net.br\/2022\/wp-json\/wp\/v2\/media\/96724"}],"wp:attachment":[{"href":"https:\/\/regiaonews.net.br\/2022\/wp-json\/wp\/v2\/media?parent=96723"}],"wp:term":[{"taxonomy":"category","embeddable":true,"href":"https:\/\/regiaonews.net.br\/2022\/wp-json\/wp\/v2\/categories?post=96723"},{"taxonomy":"post_tag","embeddable":true,"href":"https:\/\/regiaonews.net.br\/2022\/wp-json\/wp\/v2\/tags?post=96723"}],"curies":[{"name":"wp","href":"https:\/\/api.w.org\/{rel}","templated":true}]}}