{"id":96708,"date":"2023-10-19T20:00:39","date_gmt":"2023-10-19T23:00:39","guid":{"rendered":"https:\/\/regiaonews.net.br\/2022\/?p=96708"},"modified":"2023-10-19T21:16:44","modified_gmt":"2023-10-20T00:16:44","slug":"nova-sala-de-perucas-da-avcc-devolve-a-autoestima-aos-pacientes-do-hospital-de-amor-de-barretos","status":"publish","type":"post","link":"https:\/\/regiaonews.net.br\/2022\/2023\/10\/19\/nova-sala-de-perucas-da-avcc-devolve-a-autoestima-aos-pacientes-do-hospital-de-amor-de-barretos\/","title":{"rendered":"Nova &#8216;Sala de Perucas&#8217; da AVCC devolve a autoestima"},"content":{"rendered":"<p>&nbsp;<\/p>\n<p>Al\u00e9m das pr\u00f3teses capilares, a sala guarda tamb\u00e9m todas as mechas doadas pelos visitantes da AVCC<\/p>\n<p>Fios que transformam vidas, \u00e9 uma das premissas trabalhadas pela AVCC &#8211; Associa\u00e7\u00e3o Volunt\u00e1ria de Combate ao C\u00e2ncer de Barretos que doa e empresta pr\u00f3teses capilares para mulheres, homens e crian\u00e7as que perdem os cabelos durante o tratamento oncol\u00f3gico no Hospital de Amor de Barretos\/SP.<br \/>\nDesde 2019, a institui\u00e7\u00e3o barretense conta com a &#8216;Sala das Perucas&#8217;, um local preparado para acolher os pacientes com seguran\u00e7a e conforto, oferecendo diversos modelos de perucas, de diferentes cores e estilos. Neste m\u00eas a sala est\u00e1 em novo espa\u00e7o, maior e com mais privacidade, para dar mais qualidade ao trabalho volunt\u00e1rio ali desenvolvido. Ali dentro tamb\u00e9m existem acess\u00f3rios para composi\u00e7\u00e3o com as pr\u00f3teses capilares como len\u00e7os, chap\u00e9us, presilhas, faixas, tiaras, entre outros.<br \/>\nA sala tamb\u00e9m abriga as mechas de cabelos doadas pelos visitantes, mechas que s\u00e3o entregues a empresa \u201cFio da Alegria\u201d, de S\u00e3o Paulo, que numa parceria com a AVCC, confecciona gratuitamente as novas pr\u00f3teses capilares com cabelos naturais. As perucas s\u00e3o emprestadas aos pacientes, mas enquanto estivem com eles podem ser adaptadas ao rosto de cada um, com cortes e tinturas. Devolvida ap\u00f3s o tratamento, quando os cabelos naturais voltam a crescer, s\u00e3o disponibilizadas a outras pessoas.<br \/>\nMaria Luiza Ferreira \u00e9 volunt\u00e1ria h\u00e1 seis anos na AVCC , ela atua em v\u00e1rias frentes da institui\u00e7\u00e3o, inclusive na &#8216;Sala das Perucas&#8217;. A volunt\u00e1ria conta que cada paciente que chega at\u00e9 a Associa\u00e7\u00e3o em busca de uma pr\u00f3tese capilar recebe atendimento individual.<br \/>\n\u201cTrabalhamos em prol do paciente, eu recebo doa\u00e7\u00f5es das mechas de cabelos, guardo os fios em um local adequado, realizo atendimento a pessoa que est\u00e1 buscando uma pr\u00f3tese capilar. Nesta situa\u00e7\u00e3o, \u00e9 de praxe conversarmos muito com ela ou ele, pois tamb\u00e9m recebemos homens, para entender a personalidade da pessoa, e definirmos juntos qual o melhor modelo de pr\u00f3tese que combine e ofere\u00e7a autoestima e conforto\u201d, explicou a volunt\u00e1ria Maria Luiza.<br \/>\nAinda de acordo com a volunt\u00e1ria da AVCC Barretos, \u201cdevolver a autoestima aos pacientes \u00e9 algo gratificante, uma sensa\u00e7\u00e3o maravilhosa, \u00e9 emocionante. Al\u00e9m disso, depois receber um carinho, um abra\u00e7o de agradecimento, \u00e9 algo que n\u00e3o tem pre\u00e7o\u201d, finalizou.<\/p>\n<p>Sobre a AVCC<br \/>\nA AVCC Barretos foi fundada em 1997 por um grupo de volunt\u00e1rias da Associa\u00e7\u00e3o Paulista Feminina de Combate ao C\u00e2ncer de S\u00e3o Paulo, tendo como objetivo prestar servi\u00e7os gratuitos a pacientes diagnosticados com c\u00e2ncer no Hospital de Amor, nos alojamentos e nas resid\u00eancias particulares.<br \/>\nA AVCC continua o trabalho, hoje ampliado para acolher e acomodar pacientes em situa\u00e7\u00e3o de vulnerabilidade social, e para isso sobrevive gra\u00e7as a diferentes tipos de doa\u00e7\u00f5es. As tampinhas de pl\u00e1stico e lacres de latinhas de alum\u00ednio s\u00e3o vendidas a empresas de reciclagem. As roupas, sapatos e m\u00f3veis em bom estado s\u00e3o comercializados, a pre\u00e7os muito populares, no Bazar que funciona na sede da entidade. Os alimentos n\u00e3o perec\u00edveis se transformam em cestas b\u00e1sicas que s\u00e3o doadas \u00e0s fam\u00edlias de pacientes com urg\u00eancias alimentares. As mechas de cabelos se transformam em perucas que tamb\u00e9m s\u00e3o doadas ou emprestadas a pacientes que tiveram queda capilar.<br \/>\nA sede da Associa\u00e7\u00e3o est\u00e1 aberta ao atendimento ao p\u00fablico de segunda a sexta-feira, das 8h \u00e0s 16h, bem pr\u00f3xima ao Hospital de Amor, na Avenida Paulo de Matos Leandro, n\u00ba 1357, no bairro Paulo Prata, em frente ao Restaurante Popular. O bazar funciona das 8h \u00e0s 14h. O telefone para contato \u00e9 o (17) 3324 4519, as redes sociais s\u00e3o @avccbarretos.<\/p>\n","protected":false},"excerpt":{"rendered":"<p>&nbsp; Al\u00e9m das pr\u00f3teses capilares, a sala guarda tamb\u00e9m todas<\/p>\n","protected":false},"author":2,"featured_media":96709,"comment_status":"open","ping_status":"open","sticky":false,"template":"","format":"standard","meta":{"footnotes":""},"categories":[14,25],"tags":[],"class_list":["post-96708","post","type-post","status-publish","format-standard","has-post-thumbnail","hentry","category-barretos","category-cidades"],"yoast_head":"<!-- This site is optimized with the Yoast SEO plugin v27.4 - https:\/\/yoast.com\/product\/yoast-seo-wordpress\/ -->\n<title>Nova &#039;Sala de Perucas&#039; da AVCC devolve a autoestima - Regi\u00e3o News<\/title>\n<meta name=\"robots\" content=\"index, follow, max-snippet:-1, max-image-preview:large, max-video-preview:-1\" \/>\n<link rel=\"canonical\" href=\"https:\/\/regiaonews.net.br\/2022\/2023\/10\/19\/nova-sala-de-perucas-da-avcc-devolve-a-autoestima-aos-pacientes-do-hospital-de-amor-de-barretos\/\" \/>\n<meta property=\"og:locale\" content=\"pt_BR\" \/>\n<meta property=\"og:type\" content=\"article\" \/>\n<meta property=\"og:title\" content=\"Nova &#039;Sala de Perucas&#039; da AVCC devolve a autoestima - Regi\u00e3o News\" \/>\n<meta property=\"og:description\" content=\"&nbsp; Al\u00e9m das pr\u00f3teses capilares, a sala guarda tamb\u00e9m todas\" \/>\n<meta property=\"og:url\" content=\"https:\/\/regiaonews.net.br\/2022\/2023\/10\/19\/nova-sala-de-perucas-da-avcc-devolve-a-autoestima-aos-pacientes-do-hospital-de-amor-de-barretos\/\" \/>\n<meta property=\"og:site_name\" content=\"Regi\u00e3o News\" \/>\n<meta property=\"article:published_time\" content=\"2023-10-19T23:00:39+00:00\" \/>\n<meta property=\"article:modified_time\" content=\"2023-10-20T00:16:44+00:00\" \/>\n<meta property=\"og:image\" content=\"https:\/\/regiaonews.net.br\/2022\/wp-content\/uploads\/2023\/10\/WhatsApp-Image-2023-10-19-at-17.16.06.jpeg\" \/>\n\t<meta property=\"og:image:width\" content=\"1024\" \/>\n\t<meta property=\"og:image:height\" content=\"576\" \/>\n\t<meta property=\"og:image:type\" content=\"image\/jpeg\" \/>\n<meta name=\"author\" content=\"Roberto\" \/>\n<meta name=\"twitter:card\" content=\"summary_large_image\" \/>\n<meta name=\"twitter:label1\" content=\"Escrito por\" \/>\n\t<meta name=\"twitter:data1\" content=\"Roberto\" \/>\n\t<meta name=\"twitter:label2\" content=\"Est. tempo de leitura\" \/>\n\t<meta name=\"twitter:data2\" content=\"4 minutos\" \/>\n<script type=\"application\/ld+json\" class=\"yoast-schema-graph\">{\"@context\":\"https:\\\/\\\/schema.org\",\"@graph\":[{\"@type\":\"Article\",\"@id\":\"https:\\\/\\\/regiaonews.net.br\\\/2022\\\/2023\\\/10\\\/19\\\/nova-sala-de-perucas-da-avcc-devolve-a-autoestima-aos-pacientes-do-hospital-de-amor-de-barretos\\\/#article\",\"isPartOf\":{\"@id\":\"https:\\\/\\\/regiaonews.net.br\\\/2022\\\/2023\\\/10\\\/19\\\/nova-sala-de-perucas-da-avcc-devolve-a-autoestima-aos-pacientes-do-hospital-de-amor-de-barretos\\\/\"},\"author\":{\"name\":\"Roberto\",\"@id\":\"https:\\\/\\\/regiaonews.net.br\\\/2022\\\/#\\\/schema\\\/person\\\/2d205a608a5aa97ac279d7a5e6d89ad8\"},\"headline\":\"Nova &#8216;Sala de Perucas&#8217; da AVCC devolve a autoestima\",\"datePublished\":\"2023-10-19T23:00:39+00:00\",\"dateModified\":\"2023-10-20T00:16:44+00:00\",\"mainEntityOfPage\":{\"@id\":\"https:\\\/\\\/regiaonews.net.br\\\/2022\\\/2023\\\/10\\\/19\\\/nova-sala-de-perucas-da-avcc-devolve-a-autoestima-aos-pacientes-do-hospital-de-amor-de-barretos\\\/\"},\"wordCount\":648,\"commentCount\":0,\"publisher\":{\"@id\":\"https:\\\/\\\/regiaonews.net.br\\\/2022\\\/#organization\"},\"image\":{\"@id\":\"https:\\\/\\\/regiaonews.net.br\\\/2022\\\/2023\\\/10\\\/19\\\/nova-sala-de-perucas-da-avcc-devolve-a-autoestima-aos-pacientes-do-hospital-de-amor-de-barretos\\\/#primaryimage\"},\"thumbnailUrl\":\"https:\\\/\\\/regiaonews.net.br\\\/2022\\\/wp-content\\\/uploads\\\/2023\\\/10\\\/WhatsApp-Image-2023-10-19-at-17.16.06.jpeg\",\"articleSection\":[\"Barretos\",\"Cidades\"],\"inLanguage\":\"pt-BR\",\"potentialAction\":[{\"@type\":\"CommentAction\",\"name\":\"Comment\",\"target\":[\"https:\\\/\\\/regiaonews.net.br\\\/2022\\\/2023\\\/10\\\/19\\\/nova-sala-de-perucas-da-avcc-devolve-a-autoestima-aos-pacientes-do-hospital-de-amor-de-barretos\\\/#respond\"]}]},{\"@type\":\"WebPage\",\"@id\":\"https:\\\/\\\/regiaonews.net.br\\\/2022\\\/2023\\\/10\\\/19\\\/nova-sala-de-perucas-da-avcc-devolve-a-autoestima-aos-pacientes-do-hospital-de-amor-de-barretos\\\/\",\"url\":\"https:\\\/\\\/regiaonews.net.br\\\/2022\\\/2023\\\/10\\\/19\\\/nova-sala-de-perucas-da-avcc-devolve-a-autoestima-aos-pacientes-do-hospital-de-amor-de-barretos\\\/\",\"name\":\"Nova 'Sala de Perucas' da AVCC devolve a autoestima - Regi\u00e3o News\",\"isPartOf\":{\"@id\":\"https:\\\/\\\/regiaonews.net.br\\\/2022\\\/#website\"},\"primaryImageOfPage\":{\"@id\":\"https:\\\/\\\/regiaonews.net.br\\\/2022\\\/2023\\\/10\\\/19\\\/nova-sala-de-perucas-da-avcc-devolve-a-autoestima-aos-pacientes-do-hospital-de-amor-de-barretos\\\/#primaryimage\"},\"image\":{\"@id\":\"https:\\\/\\\/regiaonews.net.br\\\/2022\\\/2023\\\/10\\\/19\\\/nova-sala-de-perucas-da-avcc-devolve-a-autoestima-aos-pacientes-do-hospital-de-amor-de-barretos\\\/#primaryimage\"},\"thumbnailUrl\":\"https:\\\/\\\/regiaonews.net.br\\\/2022\\\/wp-content\\\/uploads\\\/2023\\\/10\\\/WhatsApp-Image-2023-10-19-at-17.16.06.jpeg\",\"datePublished\":\"2023-10-19T23:00:39+00:00\",\"dateModified\":\"2023-10-20T00:16:44+00:00\",\"breadcrumb\":{\"@id\":\"https:\\\/\\\/regiaonews.net.br\\\/2022\\\/2023\\\/10\\\/19\\\/nova-sala-de-perucas-da-avcc-devolve-a-autoestima-aos-pacientes-do-hospital-de-amor-de-barretos\\\/#breadcrumb\"},\"inLanguage\":\"pt-BR\",\"potentialAction\":[{\"@type\":\"ReadAction\",\"target\":[\"https:\\\/\\\/regiaonews.net.br\\\/2022\\\/2023\\\/10\\\/19\\\/nova-sala-de-perucas-da-avcc-devolve-a-autoestima-aos-pacientes-do-hospital-de-amor-de-barretos\\\/\"]}]},{\"@type\":\"ImageObject\",\"inLanguage\":\"pt-BR\",\"@id\":\"https:\\\/\\\/regiaonews.net.br\\\/2022\\\/2023\\\/10\\\/19\\\/nova-sala-de-perucas-da-avcc-devolve-a-autoestima-aos-pacientes-do-hospital-de-amor-de-barretos\\\/#primaryimage\",\"url\":\"https:\\\/\\\/regiaonews.net.br\\\/2022\\\/wp-content\\\/uploads\\\/2023\\\/10\\\/WhatsApp-Image-2023-10-19-at-17.16.06.jpeg\",\"contentUrl\":\"https:\\\/\\\/regiaonews.net.br\\\/2022\\\/wp-content\\\/uploads\\\/2023\\\/10\\\/WhatsApp-Image-2023-10-19-at-17.16.06.jpeg\",\"width\":1024,\"height\":576},{\"@type\":\"BreadcrumbList\",\"@id\":\"https:\\\/\\\/regiaonews.net.br\\\/2022\\\/2023\\\/10\\\/19\\\/nova-sala-de-perucas-da-avcc-devolve-a-autoestima-aos-pacientes-do-hospital-de-amor-de-barretos\\\/#breadcrumb\",\"itemListElement\":[{\"@type\":\"ListItem\",\"position\":1,\"name\":\"In\u00edcio\",\"item\":\"https:\\\/\\\/regiaonews.net.br\\\/2022\\\/\"},{\"@type\":\"ListItem\",\"position\":2,\"name\":\"Nova &#8216;Sala de Perucas&#8217; da AVCC devolve a autoestima\"}]},{\"@type\":\"WebSite\",\"@id\":\"https:\\\/\\\/regiaonews.net.br\\\/2022\\\/#website\",\"url\":\"https:\\\/\\\/regiaonews.net.br\\\/2022\\\/\",\"name\":\"Regi\u00e3o News\",\"description\":\"Site de Not\u00edcias de Barretos e regi\u00e3o\",\"publisher\":{\"@id\":\"https:\\\/\\\/regiaonews.net.br\\\/2022\\\/#organization\"},\"potentialAction\":[{\"@type\":\"SearchAction\",\"target\":{\"@type\":\"EntryPoint\",\"urlTemplate\":\"https:\\\/\\\/regiaonews.net.br\\\/2022\\\/?s={search_term_string}\"},\"query-input\":{\"@type\":\"PropertyValueSpecification\",\"valueRequired\":true,\"valueName\":\"search_term_string\"}}],\"inLanguage\":\"pt-BR\"},{\"@type\":\"Organization\",\"@id\":\"https:\\\/\\\/regiaonews.net.br\\\/2022\\\/#organization\",\"name\":\"Regi\u00e3o News\",\"url\":\"https:\\\/\\\/regiaonews.net.br\\\/2022\\\/\",\"logo\":{\"@type\":\"ImageObject\",\"inLanguage\":\"pt-BR\",\"@id\":\"https:\\\/\\\/regiaonews.net.br\\\/2022\\\/#\\\/schema\\\/logo\\\/image\\\/\",\"url\":\"https:\\\/\\\/regiaonews.net.br\\\/2022\\\/wp-content\\\/uploads\\\/2026\\\/03\\\/regiao-13-anos-scaled.jpg\",\"contentUrl\":\"https:\\\/\\\/regiaonews.net.br\\\/2022\\\/wp-content\\\/uploads\\\/2026\\\/03\\\/regiao-13-anos-scaled.jpg\",\"width\":2560,\"height\":635,\"caption\":\"Regi\u00e3o News\"},\"image\":{\"@id\":\"https:\\\/\\\/regiaonews.net.br\\\/2022\\\/#\\\/schema\\\/logo\\\/image\\\/\"}},{\"@type\":\"Person\",\"@id\":\"https:\\\/\\\/regiaonews.net.br\\\/2022\\\/#\\\/schema\\\/person\\\/2d205a608a5aa97ac279d7a5e6d89ad8\",\"name\":\"Roberto\",\"image\":{\"@type\":\"ImageObject\",\"inLanguage\":\"pt-BR\",\"@id\":\"https:\\\/\\\/secure.gravatar.com\\\/avatar\\\/42749d8b712ff9d59ca93dc150494e5b55a44134482993f5baeb97e61b7ecc89?s=96&d=mm&r=g\",\"url\":\"https:\\\/\\\/secure.gravatar.com\\\/avatar\\\/42749d8b712ff9d59ca93dc150494e5b55a44134482993f5baeb97e61b7ecc89?s=96&d=mm&r=g\",\"contentUrl\":\"https:\\\/\\\/secure.gravatar.com\\\/avatar\\\/42749d8b712ff9d59ca93dc150494e5b55a44134482993f5baeb97e61b7ecc89?s=96&d=mm&r=g\",\"caption\":\"Roberto\"},\"url\":\"https:\\\/\\\/regiaonews.net.br\\\/2022\\\/author\\\/roberto\\\/\"}]}<\/script>\n<!-- \/ Yoast SEO plugin. -->","yoast_head_json":{"title":"Nova 'Sala de Perucas' da AVCC devolve a autoestima - Regi\u00e3o News","robots":{"index":"index","follow":"follow","max-snippet":"max-snippet:-1","max-image-preview":"max-image-preview:large","max-video-preview":"max-video-preview:-1"},"canonical":"https:\/\/regiaonews.net.br\/2022\/2023\/10\/19\/nova-sala-de-perucas-da-avcc-devolve-a-autoestima-aos-pacientes-do-hospital-de-amor-de-barretos\/","og_locale":"pt_BR","og_type":"article","og_title":"Nova 'Sala de Perucas' da AVCC devolve a autoestima - Regi\u00e3o News","og_description":"&nbsp; Al\u00e9m das pr\u00f3teses capilares, a sala guarda tamb\u00e9m todas","og_url":"https:\/\/regiaonews.net.br\/2022\/2023\/10\/19\/nova-sala-de-perucas-da-avcc-devolve-a-autoestima-aos-pacientes-do-hospital-de-amor-de-barretos\/","og_site_name":"Regi\u00e3o News","article_published_time":"2023-10-19T23:00:39+00:00","article_modified_time":"2023-10-20T00:16:44+00:00","og_image":[{"width":1024,"height":576,"url":"https:\/\/regiaonews.net.br\/2022\/wp-content\/uploads\/2023\/10\/WhatsApp-Image-2023-10-19-at-17.16.06.jpeg","type":"image\/jpeg"}],"author":"Roberto","twitter_card":"summary_large_image","twitter_misc":{"Escrito por":"Roberto","Est. tempo de leitura":"4 minutos"},"schema":{"@context":"https:\/\/schema.org","@graph":[{"@type":"Article","@id":"https:\/\/regiaonews.net.br\/2022\/2023\/10\/19\/nova-sala-de-perucas-da-avcc-devolve-a-autoestima-aos-pacientes-do-hospital-de-amor-de-barretos\/#article","isPartOf":{"@id":"https:\/\/regiaonews.net.br\/2022\/2023\/10\/19\/nova-sala-de-perucas-da-avcc-devolve-a-autoestima-aos-pacientes-do-hospital-de-amor-de-barretos\/"},"author":{"name":"Roberto","@id":"https:\/\/regiaonews.net.br\/2022\/#\/schema\/person\/2d205a608a5aa97ac279d7a5e6d89ad8"},"headline":"Nova &#8216;Sala de Perucas&#8217; da AVCC devolve a autoestima","datePublished":"2023-10-19T23:00:39+00:00","dateModified":"2023-10-20T00:16:44+00:00","mainEntityOfPage":{"@id":"https:\/\/regiaonews.net.br\/2022\/2023\/10\/19\/nova-sala-de-perucas-da-avcc-devolve-a-autoestima-aos-pacientes-do-hospital-de-amor-de-barretos\/"},"wordCount":648,"commentCount":0,"publisher":{"@id":"https:\/\/regiaonews.net.br\/2022\/#organization"},"image":{"@id":"https:\/\/regiaonews.net.br\/2022\/2023\/10\/19\/nova-sala-de-perucas-da-avcc-devolve-a-autoestima-aos-pacientes-do-hospital-de-amor-de-barretos\/#primaryimage"},"thumbnailUrl":"https:\/\/regiaonews.net.br\/2022\/wp-content\/uploads\/2023\/10\/WhatsApp-Image-2023-10-19-at-17.16.06.jpeg","articleSection":["Barretos","Cidades"],"inLanguage":"pt-BR","potentialAction":[{"@type":"CommentAction","name":"Comment","target":["https:\/\/regiaonews.net.br\/2022\/2023\/10\/19\/nova-sala-de-perucas-da-avcc-devolve-a-autoestima-aos-pacientes-do-hospital-de-amor-de-barretos\/#respond"]}]},{"@type":"WebPage","@id":"https:\/\/regiaonews.net.br\/2022\/2023\/10\/19\/nova-sala-de-perucas-da-avcc-devolve-a-autoestima-aos-pacientes-do-hospital-de-amor-de-barretos\/","url":"https:\/\/regiaonews.net.br\/2022\/2023\/10\/19\/nova-sala-de-perucas-da-avcc-devolve-a-autoestima-aos-pacientes-do-hospital-de-amor-de-barretos\/","name":"Nova 'Sala de Perucas' da AVCC devolve a autoestima - Regi\u00e3o News","isPartOf":{"@id":"https:\/\/regiaonews.net.br\/2022\/#website"},"primaryImageOfPage":{"@id":"https:\/\/regiaonews.net.br\/2022\/2023\/10\/19\/nova-sala-de-perucas-da-avcc-devolve-a-autoestima-aos-pacientes-do-hospital-de-amor-de-barretos\/#primaryimage"},"image":{"@id":"https:\/\/regiaonews.net.br\/2022\/2023\/10\/19\/nova-sala-de-perucas-da-avcc-devolve-a-autoestima-aos-pacientes-do-hospital-de-amor-de-barretos\/#primaryimage"},"thumbnailUrl":"https:\/\/regiaonews.net.br\/2022\/wp-content\/uploads\/2023\/10\/WhatsApp-Image-2023-10-19-at-17.16.06.jpeg","datePublished":"2023-10-19T23:00:39+00:00","dateModified":"2023-10-20T00:16:44+00:00","breadcrumb":{"@id":"https:\/\/regiaonews.net.br\/2022\/2023\/10\/19\/nova-sala-de-perucas-da-avcc-devolve-a-autoestima-aos-pacientes-do-hospital-de-amor-de-barretos\/#breadcrumb"},"inLanguage":"pt-BR","potentialAction":[{"@type":"ReadAction","target":["https:\/\/regiaonews.net.br\/2022\/2023\/10\/19\/nova-sala-de-perucas-da-avcc-devolve-a-autoestima-aos-pacientes-do-hospital-de-amor-de-barretos\/"]}]},{"@type":"ImageObject","inLanguage":"pt-BR","@id":"https:\/\/regiaonews.net.br\/2022\/2023\/10\/19\/nova-sala-de-perucas-da-avcc-devolve-a-autoestima-aos-pacientes-do-hospital-de-amor-de-barretos\/#primaryimage","url":"https:\/\/regiaonews.net.br\/2022\/wp-content\/uploads\/2023\/10\/WhatsApp-Image-2023-10-19-at-17.16.06.jpeg","contentUrl":"https:\/\/regiaonews.net.br\/2022\/wp-content\/uploads\/2023\/10\/WhatsApp-Image-2023-10-19-at-17.16.06.jpeg","width":1024,"height":576},{"@type":"BreadcrumbList","@id":"https:\/\/regiaonews.net.br\/2022\/2023\/10\/19\/nova-sala-de-perucas-da-avcc-devolve-a-autoestima-aos-pacientes-do-hospital-de-amor-de-barretos\/#breadcrumb","itemListElement":[{"@type":"ListItem","position":1,"name":"In\u00edcio","item":"https:\/\/regiaonews.net.br\/2022\/"},{"@type":"ListItem","position":2,"name":"Nova &#8216;Sala de Perucas&#8217; da AVCC devolve a autoestima"}]},{"@type":"WebSite","@id":"https:\/\/regiaonews.net.br\/2022\/#website","url":"https:\/\/regiaonews.net.br\/2022\/","name":"Regi\u00e3o News","description":"Site de Not\u00edcias de Barretos e regi\u00e3o","publisher":{"@id":"https:\/\/regiaonews.net.br\/2022\/#organization"},"potentialAction":[{"@type":"SearchAction","target":{"@type":"EntryPoint","urlTemplate":"https:\/\/regiaonews.net.br\/2022\/?s={search_term_string}"},"query-input":{"@type":"PropertyValueSpecification","valueRequired":true,"valueName":"search_term_string"}}],"inLanguage":"pt-BR"},{"@type":"Organization","@id":"https:\/\/regiaonews.net.br\/2022\/#organization","name":"Regi\u00e3o News","url":"https:\/\/regiaonews.net.br\/2022\/","logo":{"@type":"ImageObject","inLanguage":"pt-BR","@id":"https:\/\/regiaonews.net.br\/2022\/#\/schema\/logo\/image\/","url":"https:\/\/regiaonews.net.br\/2022\/wp-content\/uploads\/2026\/03\/regiao-13-anos-scaled.jpg","contentUrl":"https:\/\/regiaonews.net.br\/2022\/wp-content\/uploads\/2026\/03\/regiao-13-anos-scaled.jpg","width":2560,"height":635,"caption":"Regi\u00e3o News"},"image":{"@id":"https:\/\/regiaonews.net.br\/2022\/#\/schema\/logo\/image\/"}},{"@type":"Person","@id":"https:\/\/regiaonews.net.br\/2022\/#\/schema\/person\/2d205a608a5aa97ac279d7a5e6d89ad8","name":"Roberto","image":{"@type":"ImageObject","inLanguage":"pt-BR","@id":"https:\/\/secure.gravatar.com\/avatar\/42749d8b712ff9d59ca93dc150494e5b55a44134482993f5baeb97e61b7ecc89?s=96&d=mm&r=g","url":"https:\/\/secure.gravatar.com\/avatar\/42749d8b712ff9d59ca93dc150494e5b55a44134482993f5baeb97e61b7ecc89?s=96&d=mm&r=g","contentUrl":"https:\/\/secure.gravatar.com\/avatar\/42749d8b712ff9d59ca93dc150494e5b55a44134482993f5baeb97e61b7ecc89?s=96&d=mm&r=g","caption":"Roberto"},"url":"https:\/\/regiaonews.net.br\/2022\/author\/roberto\/"}]}},"publishpress_future_action":{"enabled":false,"date":"2026-05-04 03:53:04","action":"change-status","newStatus":"draft","terms":[],"taxonomy":"category","extraData":[]},"publishpress_future_workflow_manual_trigger":{"enabledWorkflows":[]},"_links":{"self":[{"href":"https:\/\/regiaonews.net.br\/2022\/wp-json\/wp\/v2\/posts\/96708","targetHints":{"allow":["GET"]}}],"collection":[{"href":"https:\/\/regiaonews.net.br\/2022\/wp-json\/wp\/v2\/posts"}],"about":[{"href":"https:\/\/regiaonews.net.br\/2022\/wp-json\/wp\/v2\/types\/post"}],"author":[{"embeddable":true,"href":"https:\/\/regiaonews.net.br\/2022\/wp-json\/wp\/v2\/users\/2"}],"replies":[{"embeddable":true,"href":"https:\/\/regiaonews.net.br\/2022\/wp-json\/wp\/v2\/comments?post=96708"}],"version-history":[{"count":2,"href":"https:\/\/regiaonews.net.br\/2022\/wp-json\/wp\/v2\/posts\/96708\/revisions"}],"predecessor-version":[{"id":96716,"href":"https:\/\/regiaonews.net.br\/2022\/wp-json\/wp\/v2\/posts\/96708\/revisions\/96716"}],"wp:featuredmedia":[{"embeddable":true,"href":"https:\/\/regiaonews.net.br\/2022\/wp-json\/wp\/v2\/media\/96709"}],"wp:attachment":[{"href":"https:\/\/regiaonews.net.br\/2022\/wp-json\/wp\/v2\/media?parent=96708"}],"wp:term":[{"taxonomy":"category","embeddable":true,"href":"https:\/\/regiaonews.net.br\/2022\/wp-json\/wp\/v2\/categories?post=96708"},{"taxonomy":"post_tag","embeddable":true,"href":"https:\/\/regiaonews.net.br\/2022\/wp-json\/wp\/v2\/tags?post=96708"}],"curies":[{"name":"wp","href":"https:\/\/api.w.org\/{rel}","templated":true}]}}