{"id":96705,"date":"2023-10-19T19:56:06","date_gmt":"2023-10-19T22:56:06","guid":{"rendered":"https:\/\/regiaonews.net.br\/2022\/?p=96705"},"modified":"2023-10-19T21:19:50","modified_gmt":"2023-10-20T00:19:50","slug":"prefeitura-cria-comite-especial-para-aumentar-a-cobertura-vacinal-em-barretos","status":"publish","type":"post","link":"https:\/\/regiaonews.net.br\/2022\/2023\/10\/19\/prefeitura-cria-comite-especial-para-aumentar-a-cobertura-vacinal-em-barretos\/","title":{"rendered":"Prefeitura cria comit\u00ea especial para aumentar a cobertura vacinal"},"content":{"rendered":"<p>&nbsp;<\/p>\n<p>Iniciativa re\u00fane representantes de diferentes secretarias e tem como objetivo discutir medidas de conscientiza\u00e7\u00e3o para que a popula\u00e7\u00e3o mantenha a carteirinha de vacina\u00e7\u00e3o atualizada, protegendo-se de doen\u00e7as como paralisia infantil, sarampo, meningite, entre outras<\/p>\n<p>A Prefeitura da Est\u00e2ncia Tur\u00edstica de Barretos, por meio da Vigil\u00e2ncia Epidemiol\u00f3gica da Secretaria Municipal de Sa\u00fade, criou um Comit\u00ea Especial de Vacina\u00e7\u00e3o, formado por integrantes das pastas da Sa\u00fade, Educa\u00e7\u00e3o, Assist\u00eancia Social e Comunica\u00e7\u00e3o. A a\u00e7\u00e3o acompanha as medidas do Governo do Estado para conscientizar a popula\u00e7\u00e3o sobre a import\u00e2ncia de manter em dia as vacinas contra diversas doen\u00e7as.<\/p>\n<p>Assim como em outras localidades do Pa\u00eds, desde 2016 vem caindo em Barretos o n\u00famero de pessoas que mant\u00eam a carteira de vacina\u00e7\u00e3o em dia. \u00c9 alarmante o n\u00famero de crian\u00e7as que est\u00e3o desprotegidas com rela\u00e7\u00e3o \u00e0 poliomielite (paralisia infantil), sarampo e meningite, por exemplo. \u201cA Vigil\u00e2ncia Epidemiol\u00f3gica Municipal est\u00e1 participando de reuni\u00f5es com o Estado, que estabeleceu um plano de a\u00e7\u00f5es nas cidades. Dentro de Barretos, formamos o comit\u00ea para propor, acompanhar e avaliar a\u00e7\u00f5es em conjunto. Unidos, estamos buscando refor\u00e7ar tamb\u00e9m nas escolas e nos CRAS a import\u00e2ncia de se manter as crian\u00e7as e toda a sociedade protegidas contra as diversas doen\u00e7as que podem ser evitadas com vacina\u201d, afirmou a chefe do setor, Manuela Theodoro Ribeiro.<\/p>\n<p>O infectologista da Vigil\u00e2ncia Epidemiol\u00f3gica da Est\u00e2ncia Tur\u00edstica de Barretos, Guilherme Freire, lembra que ainda hoje \u00e9 poss\u00edvel encontrar pessoas que t\u00eam sequelas da paralisia infantil. \u201cEm geral, s\u00e3o pessoas com mais idade, de uma gera\u00e7\u00e3o anterior \u00e0s gotinhas, pois o sucesso das campanhas de vacina\u00e7\u00e3o contra poliomielite mudou essa realidade por anos\u201d, afirmou. \u201cSe n\u00e3o houver essa consci\u00eancia de os pais continuarem levando seus filhos e filhas para tomar a vacina contra a poliomielite, temos a chance de crian\u00e7as voltarem a ser acometidas por essa doen\u00e7a, que pode provocar sequelas, paralisia e at\u00e9 a morte\u201d, ressaltou.<\/p>\n<p>A Organiza\u00e7\u00e3o Pan-Americana da Sa\u00fade (OPAS), escrit\u00f3rio regional da Organiza\u00e7\u00e3o Mundial da Sa\u00fade (OMS), especifica que a cobertura vacinal recomendada para evitar a reintrodu\u00e7\u00e3o do v\u00edrus da p\u00f3lio \u00e9 de 95% ou mais. O Minist\u00e9rio da Sa\u00fade estabelece como meta que 95% das crian\u00e7as estejam vacinadas contra a doen\u00e7a. Em 2022, esse n\u00famero em Barretos chegou a apenas 85%.<\/p>\n<p>Vacinas contra v\u00e1rias doen\u00e7as<br \/>\nAo longo deste m\u00eas, \u00e9 realizada em todo o Estado de S\u00e3o Paulo a campanha de multivacina\u00e7\u00e3o. A chefe da vigil\u00e2ncia ressalta que at\u00e9 o dia 31 de outubro \u00e9 importante que toda a fam\u00edlia compare\u00e7a \u00e0 sala de vacina\u00e7\u00e3o de uma UBS. \u201cUm profissional da Sa\u00fade vai conferir a carteirinha de vacina\u00e7\u00e3o e informar quais vacinas est\u00e3o em atraso. A pessoa poder\u00e1 ent\u00e3o atualizar sua carteirinha, recebendo as vacinas de rotina que j\u00e1 estiver na hora de tomar de novo\u201d, destacou Manuela.<\/p>\n<p>Nos 10 primeiros dias da campanha, iniciada na cidade em 2 de outubro, 1.215 pessoas com idade entre 0 e 14 anos estiveram na sala de vacina\u00e7\u00e3o das Unidades B\u00e1sicas de Sa\u00fade (UBSs) e 860 delas foram vacinadas, pois estavam em atraso vacinas de rotina previstas para sua faixa et\u00e1ria. A campanha estadual tem como foco principal a popula\u00e7\u00e3o at\u00e9 14 anos. Em Barretos, por sua vez, \u00e9 conferida a carteirinha de toda a fam\u00edlia, afinal h\u00e1 vacinas que s\u00e3o tomadas tamb\u00e9m quando adulto.<\/p>\n<p>Nessa campanha, s\u00e3o conferidas vacinas contra poliomielite (paralisia infantil), varicela (catapora), meningite, febre amarela; a Tr\u00edplice Viral (contra sarampo, caxumba e rub\u00e9ola), a Pentavalente (contra difteria, t\u00e9tano, coqueluche, hepatite B e doen\u00e7as invasivas causadas pelo hem\u00f3filo b), BGC (contra tuberculose) e HPV.<\/p>\n<p>Dia D<br \/>\nA campanha de multivacina\u00e7\u00e3o \u00e9 realizada em todas as UBSs da cidade de segunda a sexta-feira, das 8 \u00e0s 16h, e neste s\u00e1bado, 21, haver\u00e1 o segundo \u2018Dia D\u2019, em que todas as UBSs urbanas e a UBS do distrito de Alberto Moreira estar\u00e3o abertos das 8 \u00e0s 16h. De segunda a sexta-feira, a campanha tamb\u00e9m \u00e9 realizada no Post\u00e3o (ARE I), das 8 \u00e0s 12h.<\/p>\n<p>Ao receber a vacinas, as crian\u00e7as ganham certificado de coragem, adesivo de que est\u00e3o protegidas e no Dia D poder\u00e3o encontrar os personagens super-her\u00f3is que v\u00e3o circular entre as unidades.<\/p>\n","protected":false},"excerpt":{"rendered":"<p>&nbsp; Iniciativa re\u00fane representantes de diferentes secretarias e tem como<\/p>\n","protected":false},"author":2,"featured_media":96706,"comment_status":"open","ping_status":"open","sticky":false,"template":"","format":"standard","meta":{"footnotes":""},"categories":[14,25],"tags":[],"class_list":["post-96705","post","type-post","status-publish","format-standard","has-post-thumbnail","hentry","category-barretos","category-cidades"],"yoast_head":"<!-- This site is optimized with the Yoast SEO plugin v27.4 - https:\/\/yoast.com\/product\/yoast-seo-wordpress\/ -->\n<title>Prefeitura cria comit\u00ea especial para aumentar a cobertura vacinal<\/title>\n<meta name=\"description\" content=\"Iniciativa re\u00fane representantes de diferentes secretarias e tem como objetivo discutir medidas de conscientiza\u00e7\u00e3o para que a\" \/>\n<meta name=\"robots\" content=\"index, follow, max-snippet:-1, max-image-preview:large, max-video-preview:-1\" \/>\n<link rel=\"canonical\" href=\"https:\/\/regiaonews.net.br\/2022\/2023\/10\/19\/prefeitura-cria-comite-especial-para-aumentar-a-cobertura-vacinal-em-barretos\/\" \/>\n<meta property=\"og:locale\" content=\"pt_BR\" \/>\n<meta property=\"og:type\" content=\"article\" \/>\n<meta property=\"og:title\" content=\"Prefeitura cria comit\u00ea especial para aumentar a cobertura vacinal\" \/>\n<meta property=\"og:description\" content=\"Iniciativa re\u00fane representantes de diferentes secretarias e tem como objetivo discutir medidas de conscientiza\u00e7\u00e3o para que a\" \/>\n<meta property=\"og:url\" content=\"https:\/\/regiaonews.net.br\/2022\/2023\/10\/19\/prefeitura-cria-comite-especial-para-aumentar-a-cobertura-vacinal-em-barretos\/\" \/>\n<meta property=\"og:site_name\" content=\"Regi\u00e3o News\" \/>\n<meta property=\"article:published_time\" content=\"2023-10-19T22:56:06+00:00\" \/>\n<meta property=\"article:modified_time\" content=\"2023-10-20T00:19:50+00:00\" \/>\n<meta property=\"og:image\" content=\"https:\/\/regiaonews.net.br\/2022\/wp-content\/uploads\/2023\/10\/WhatsApp-Image-2023-10-19-at-17.16.46.jpeg\" \/>\n\t<meta property=\"og:image:width\" content=\"1080\" \/>\n\t<meta property=\"og:image:height\" content=\"1080\" \/>\n\t<meta property=\"og:image:type\" content=\"image\/jpeg\" \/>\n<meta name=\"author\" content=\"Roberto\" \/>\n<meta name=\"twitter:card\" content=\"summary_large_image\" \/>\n<meta name=\"twitter:label1\" content=\"Escrito por\" \/>\n\t<meta name=\"twitter:data1\" content=\"Roberto\" \/>\n\t<meta name=\"twitter:label2\" content=\"Est. tempo de leitura\" \/>\n\t<meta name=\"twitter:data2\" content=\"4 minutos\" \/>\n<script type=\"application\/ld+json\" class=\"yoast-schema-graph\">{\"@context\":\"https:\\\/\\\/schema.org\",\"@graph\":[{\"@type\":\"Article\",\"@id\":\"https:\\\/\\\/regiaonews.net.br\\\/2022\\\/2023\\\/10\\\/19\\\/prefeitura-cria-comite-especial-para-aumentar-a-cobertura-vacinal-em-barretos\\\/#article\",\"isPartOf\":{\"@id\":\"https:\\\/\\\/regiaonews.net.br\\\/2022\\\/2023\\\/10\\\/19\\\/prefeitura-cria-comite-especial-para-aumentar-a-cobertura-vacinal-em-barretos\\\/\"},\"author\":{\"name\":\"Roberto\",\"@id\":\"https:\\\/\\\/regiaonews.net.br\\\/2022\\\/#\\\/schema\\\/person\\\/2d205a608a5aa97ac279d7a5e6d89ad8\"},\"headline\":\"Prefeitura cria comit\u00ea especial para aumentar a cobertura vacinal\",\"datePublished\":\"2023-10-19T22:56:06+00:00\",\"dateModified\":\"2023-10-20T00:19:50+00:00\",\"mainEntityOfPage\":{\"@id\":\"https:\\\/\\\/regiaonews.net.br\\\/2022\\\/2023\\\/10\\\/19\\\/prefeitura-cria-comite-especial-para-aumentar-a-cobertura-vacinal-em-barretos\\\/\"},\"wordCount\":762,\"commentCount\":0,\"publisher\":{\"@id\":\"https:\\\/\\\/regiaonews.net.br\\\/2022\\\/#organization\"},\"image\":{\"@id\":\"https:\\\/\\\/regiaonews.net.br\\\/2022\\\/2023\\\/10\\\/19\\\/prefeitura-cria-comite-especial-para-aumentar-a-cobertura-vacinal-em-barretos\\\/#primaryimage\"},\"thumbnailUrl\":\"https:\\\/\\\/regiaonews.net.br\\\/2022\\\/wp-content\\\/uploads\\\/2023\\\/10\\\/WhatsApp-Image-2023-10-19-at-17.16.46.jpeg\",\"articleSection\":[\"Barretos\",\"Cidades\"],\"inLanguage\":\"pt-BR\",\"potentialAction\":[{\"@type\":\"CommentAction\",\"name\":\"Comment\",\"target\":[\"https:\\\/\\\/regiaonews.net.br\\\/2022\\\/2023\\\/10\\\/19\\\/prefeitura-cria-comite-especial-para-aumentar-a-cobertura-vacinal-em-barretos\\\/#respond\"]}]},{\"@type\":\"WebPage\",\"@id\":\"https:\\\/\\\/regiaonews.net.br\\\/2022\\\/2023\\\/10\\\/19\\\/prefeitura-cria-comite-especial-para-aumentar-a-cobertura-vacinal-em-barretos\\\/\",\"url\":\"https:\\\/\\\/regiaonews.net.br\\\/2022\\\/2023\\\/10\\\/19\\\/prefeitura-cria-comite-especial-para-aumentar-a-cobertura-vacinal-em-barretos\\\/\",\"name\":\"Prefeitura cria comit\u00ea especial para aumentar a cobertura vacinal\",\"isPartOf\":{\"@id\":\"https:\\\/\\\/regiaonews.net.br\\\/2022\\\/#website\"},\"primaryImageOfPage\":{\"@id\":\"https:\\\/\\\/regiaonews.net.br\\\/2022\\\/2023\\\/10\\\/19\\\/prefeitura-cria-comite-especial-para-aumentar-a-cobertura-vacinal-em-barretos\\\/#primaryimage\"},\"image\":{\"@id\":\"https:\\\/\\\/regiaonews.net.br\\\/2022\\\/2023\\\/10\\\/19\\\/prefeitura-cria-comite-especial-para-aumentar-a-cobertura-vacinal-em-barretos\\\/#primaryimage\"},\"thumbnailUrl\":\"https:\\\/\\\/regiaonews.net.br\\\/2022\\\/wp-content\\\/uploads\\\/2023\\\/10\\\/WhatsApp-Image-2023-10-19-at-17.16.46.jpeg\",\"datePublished\":\"2023-10-19T22:56:06+00:00\",\"dateModified\":\"2023-10-20T00:19:50+00:00\",\"description\":\"Iniciativa re\u00fane representantes de diferentes secretarias e tem como objetivo discutir medidas de conscientiza\u00e7\u00e3o para que a\",\"breadcrumb\":{\"@id\":\"https:\\\/\\\/regiaonews.net.br\\\/2022\\\/2023\\\/10\\\/19\\\/prefeitura-cria-comite-especial-para-aumentar-a-cobertura-vacinal-em-barretos\\\/#breadcrumb\"},\"inLanguage\":\"pt-BR\",\"potentialAction\":[{\"@type\":\"ReadAction\",\"target\":[\"https:\\\/\\\/regiaonews.net.br\\\/2022\\\/2023\\\/10\\\/19\\\/prefeitura-cria-comite-especial-para-aumentar-a-cobertura-vacinal-em-barretos\\\/\"]}]},{\"@type\":\"ImageObject\",\"inLanguage\":\"pt-BR\",\"@id\":\"https:\\\/\\\/regiaonews.net.br\\\/2022\\\/2023\\\/10\\\/19\\\/prefeitura-cria-comite-especial-para-aumentar-a-cobertura-vacinal-em-barretos\\\/#primaryimage\",\"url\":\"https:\\\/\\\/regiaonews.net.br\\\/2022\\\/wp-content\\\/uploads\\\/2023\\\/10\\\/WhatsApp-Image-2023-10-19-at-17.16.46.jpeg\",\"contentUrl\":\"https:\\\/\\\/regiaonews.net.br\\\/2022\\\/wp-content\\\/uploads\\\/2023\\\/10\\\/WhatsApp-Image-2023-10-19-at-17.16.46.jpeg\",\"width\":1080,\"height\":1080},{\"@type\":\"BreadcrumbList\",\"@id\":\"https:\\\/\\\/regiaonews.net.br\\\/2022\\\/2023\\\/10\\\/19\\\/prefeitura-cria-comite-especial-para-aumentar-a-cobertura-vacinal-em-barretos\\\/#breadcrumb\",\"itemListElement\":[{\"@type\":\"ListItem\",\"position\":1,\"name\":\"In\u00edcio\",\"item\":\"https:\\\/\\\/regiaonews.net.br\\\/2022\\\/\"},{\"@type\":\"ListItem\",\"position\":2,\"name\":\"Prefeitura cria comit\u00ea especial para aumentar a cobertura vacinal\"}]},{\"@type\":\"WebSite\",\"@id\":\"https:\\\/\\\/regiaonews.net.br\\\/2022\\\/#website\",\"url\":\"https:\\\/\\\/regiaonews.net.br\\\/2022\\\/\",\"name\":\"Regi\u00e3o News\",\"description\":\"Site de Not\u00edcias de Barretos e regi\u00e3o\",\"publisher\":{\"@id\":\"https:\\\/\\\/regiaonews.net.br\\\/2022\\\/#organization\"},\"potentialAction\":[{\"@type\":\"SearchAction\",\"target\":{\"@type\":\"EntryPoint\",\"urlTemplate\":\"https:\\\/\\\/regiaonews.net.br\\\/2022\\\/?s={search_term_string}\"},\"query-input\":{\"@type\":\"PropertyValueSpecification\",\"valueRequired\":true,\"valueName\":\"search_term_string\"}}],\"inLanguage\":\"pt-BR\"},{\"@type\":\"Organization\",\"@id\":\"https:\\\/\\\/regiaonews.net.br\\\/2022\\\/#organization\",\"name\":\"Regi\u00e3o News\",\"url\":\"https:\\\/\\\/regiaonews.net.br\\\/2022\\\/\",\"logo\":{\"@type\":\"ImageObject\",\"inLanguage\":\"pt-BR\",\"@id\":\"https:\\\/\\\/regiaonews.net.br\\\/2022\\\/#\\\/schema\\\/logo\\\/image\\\/\",\"url\":\"https:\\\/\\\/regiaonews.net.br\\\/2022\\\/wp-content\\\/uploads\\\/2026\\\/03\\\/regiao-13-anos-scaled.jpg\",\"contentUrl\":\"https:\\\/\\\/regiaonews.net.br\\\/2022\\\/wp-content\\\/uploads\\\/2026\\\/03\\\/regiao-13-anos-scaled.jpg\",\"width\":2560,\"height\":635,\"caption\":\"Regi\u00e3o News\"},\"image\":{\"@id\":\"https:\\\/\\\/regiaonews.net.br\\\/2022\\\/#\\\/schema\\\/logo\\\/image\\\/\"}},{\"@type\":\"Person\",\"@id\":\"https:\\\/\\\/regiaonews.net.br\\\/2022\\\/#\\\/schema\\\/person\\\/2d205a608a5aa97ac279d7a5e6d89ad8\",\"name\":\"Roberto\",\"image\":{\"@type\":\"ImageObject\",\"inLanguage\":\"pt-BR\",\"@id\":\"https:\\\/\\\/secure.gravatar.com\\\/avatar\\\/42749d8b712ff9d59ca93dc150494e5b55a44134482993f5baeb97e61b7ecc89?s=96&d=mm&r=g\",\"url\":\"https:\\\/\\\/secure.gravatar.com\\\/avatar\\\/42749d8b712ff9d59ca93dc150494e5b55a44134482993f5baeb97e61b7ecc89?s=96&d=mm&r=g\",\"contentUrl\":\"https:\\\/\\\/secure.gravatar.com\\\/avatar\\\/42749d8b712ff9d59ca93dc150494e5b55a44134482993f5baeb97e61b7ecc89?s=96&d=mm&r=g\",\"caption\":\"Roberto\"},\"url\":\"https:\\\/\\\/regiaonews.net.br\\\/2022\\\/author\\\/roberto\\\/\"}]}<\/script>\n<!-- \/ Yoast SEO plugin. -->","yoast_head_json":{"title":"Prefeitura cria comit\u00ea especial para aumentar a cobertura vacinal","description":"Iniciativa re\u00fane representantes de diferentes secretarias e tem como objetivo discutir medidas de conscientiza\u00e7\u00e3o para que a","robots":{"index":"index","follow":"follow","max-snippet":"max-snippet:-1","max-image-preview":"max-image-preview:large","max-video-preview":"max-video-preview:-1"},"canonical":"https:\/\/regiaonews.net.br\/2022\/2023\/10\/19\/prefeitura-cria-comite-especial-para-aumentar-a-cobertura-vacinal-em-barretos\/","og_locale":"pt_BR","og_type":"article","og_title":"Prefeitura cria comit\u00ea especial para aumentar a cobertura vacinal","og_description":"Iniciativa re\u00fane representantes de diferentes secretarias e tem como objetivo discutir medidas de conscientiza\u00e7\u00e3o para que a","og_url":"https:\/\/regiaonews.net.br\/2022\/2023\/10\/19\/prefeitura-cria-comite-especial-para-aumentar-a-cobertura-vacinal-em-barretos\/","og_site_name":"Regi\u00e3o News","article_published_time":"2023-10-19T22:56:06+00:00","article_modified_time":"2023-10-20T00:19:50+00:00","og_image":[{"width":1080,"height":1080,"url":"https:\/\/regiaonews.net.br\/2022\/wp-content\/uploads\/2023\/10\/WhatsApp-Image-2023-10-19-at-17.16.46.jpeg","type":"image\/jpeg"}],"author":"Roberto","twitter_card":"summary_large_image","twitter_misc":{"Escrito por":"Roberto","Est. tempo de leitura":"4 minutos"},"schema":{"@context":"https:\/\/schema.org","@graph":[{"@type":"Article","@id":"https:\/\/regiaonews.net.br\/2022\/2023\/10\/19\/prefeitura-cria-comite-especial-para-aumentar-a-cobertura-vacinal-em-barretos\/#article","isPartOf":{"@id":"https:\/\/regiaonews.net.br\/2022\/2023\/10\/19\/prefeitura-cria-comite-especial-para-aumentar-a-cobertura-vacinal-em-barretos\/"},"author":{"name":"Roberto","@id":"https:\/\/regiaonews.net.br\/2022\/#\/schema\/person\/2d205a608a5aa97ac279d7a5e6d89ad8"},"headline":"Prefeitura cria comit\u00ea especial para aumentar a cobertura vacinal","datePublished":"2023-10-19T22:56:06+00:00","dateModified":"2023-10-20T00:19:50+00:00","mainEntityOfPage":{"@id":"https:\/\/regiaonews.net.br\/2022\/2023\/10\/19\/prefeitura-cria-comite-especial-para-aumentar-a-cobertura-vacinal-em-barretos\/"},"wordCount":762,"commentCount":0,"publisher":{"@id":"https:\/\/regiaonews.net.br\/2022\/#organization"},"image":{"@id":"https:\/\/regiaonews.net.br\/2022\/2023\/10\/19\/prefeitura-cria-comite-especial-para-aumentar-a-cobertura-vacinal-em-barretos\/#primaryimage"},"thumbnailUrl":"https:\/\/regiaonews.net.br\/2022\/wp-content\/uploads\/2023\/10\/WhatsApp-Image-2023-10-19-at-17.16.46.jpeg","articleSection":["Barretos","Cidades"],"inLanguage":"pt-BR","potentialAction":[{"@type":"CommentAction","name":"Comment","target":["https:\/\/regiaonews.net.br\/2022\/2023\/10\/19\/prefeitura-cria-comite-especial-para-aumentar-a-cobertura-vacinal-em-barretos\/#respond"]}]},{"@type":"WebPage","@id":"https:\/\/regiaonews.net.br\/2022\/2023\/10\/19\/prefeitura-cria-comite-especial-para-aumentar-a-cobertura-vacinal-em-barretos\/","url":"https:\/\/regiaonews.net.br\/2022\/2023\/10\/19\/prefeitura-cria-comite-especial-para-aumentar-a-cobertura-vacinal-em-barretos\/","name":"Prefeitura cria comit\u00ea especial para aumentar a cobertura vacinal","isPartOf":{"@id":"https:\/\/regiaonews.net.br\/2022\/#website"},"primaryImageOfPage":{"@id":"https:\/\/regiaonews.net.br\/2022\/2023\/10\/19\/prefeitura-cria-comite-especial-para-aumentar-a-cobertura-vacinal-em-barretos\/#primaryimage"},"image":{"@id":"https:\/\/regiaonews.net.br\/2022\/2023\/10\/19\/prefeitura-cria-comite-especial-para-aumentar-a-cobertura-vacinal-em-barretos\/#primaryimage"},"thumbnailUrl":"https:\/\/regiaonews.net.br\/2022\/wp-content\/uploads\/2023\/10\/WhatsApp-Image-2023-10-19-at-17.16.46.jpeg","datePublished":"2023-10-19T22:56:06+00:00","dateModified":"2023-10-20T00:19:50+00:00","description":"Iniciativa re\u00fane representantes de diferentes secretarias e tem como objetivo discutir medidas de conscientiza\u00e7\u00e3o para que a","breadcrumb":{"@id":"https:\/\/regiaonews.net.br\/2022\/2023\/10\/19\/prefeitura-cria-comite-especial-para-aumentar-a-cobertura-vacinal-em-barretos\/#breadcrumb"},"inLanguage":"pt-BR","potentialAction":[{"@type":"ReadAction","target":["https:\/\/regiaonews.net.br\/2022\/2023\/10\/19\/prefeitura-cria-comite-especial-para-aumentar-a-cobertura-vacinal-em-barretos\/"]}]},{"@type":"ImageObject","inLanguage":"pt-BR","@id":"https:\/\/regiaonews.net.br\/2022\/2023\/10\/19\/prefeitura-cria-comite-especial-para-aumentar-a-cobertura-vacinal-em-barretos\/#primaryimage","url":"https:\/\/regiaonews.net.br\/2022\/wp-content\/uploads\/2023\/10\/WhatsApp-Image-2023-10-19-at-17.16.46.jpeg","contentUrl":"https:\/\/regiaonews.net.br\/2022\/wp-content\/uploads\/2023\/10\/WhatsApp-Image-2023-10-19-at-17.16.46.jpeg","width":1080,"height":1080},{"@type":"BreadcrumbList","@id":"https:\/\/regiaonews.net.br\/2022\/2023\/10\/19\/prefeitura-cria-comite-especial-para-aumentar-a-cobertura-vacinal-em-barretos\/#breadcrumb","itemListElement":[{"@type":"ListItem","position":1,"name":"In\u00edcio","item":"https:\/\/regiaonews.net.br\/2022\/"},{"@type":"ListItem","position":2,"name":"Prefeitura cria comit\u00ea especial para aumentar a cobertura vacinal"}]},{"@type":"WebSite","@id":"https:\/\/regiaonews.net.br\/2022\/#website","url":"https:\/\/regiaonews.net.br\/2022\/","name":"Regi\u00e3o News","description":"Site de Not\u00edcias de Barretos e regi\u00e3o","publisher":{"@id":"https:\/\/regiaonews.net.br\/2022\/#organization"},"potentialAction":[{"@type":"SearchAction","target":{"@type":"EntryPoint","urlTemplate":"https:\/\/regiaonews.net.br\/2022\/?s={search_term_string}"},"query-input":{"@type":"PropertyValueSpecification","valueRequired":true,"valueName":"search_term_string"}}],"inLanguage":"pt-BR"},{"@type":"Organization","@id":"https:\/\/regiaonews.net.br\/2022\/#organization","name":"Regi\u00e3o News","url":"https:\/\/regiaonews.net.br\/2022\/","logo":{"@type":"ImageObject","inLanguage":"pt-BR","@id":"https:\/\/regiaonews.net.br\/2022\/#\/schema\/logo\/image\/","url":"https:\/\/regiaonews.net.br\/2022\/wp-content\/uploads\/2026\/03\/regiao-13-anos-scaled.jpg","contentUrl":"https:\/\/regiaonews.net.br\/2022\/wp-content\/uploads\/2026\/03\/regiao-13-anos-scaled.jpg","width":2560,"height":635,"caption":"Regi\u00e3o News"},"image":{"@id":"https:\/\/regiaonews.net.br\/2022\/#\/schema\/logo\/image\/"}},{"@type":"Person","@id":"https:\/\/regiaonews.net.br\/2022\/#\/schema\/person\/2d205a608a5aa97ac279d7a5e6d89ad8","name":"Roberto","image":{"@type":"ImageObject","inLanguage":"pt-BR","@id":"https:\/\/secure.gravatar.com\/avatar\/42749d8b712ff9d59ca93dc150494e5b55a44134482993f5baeb97e61b7ecc89?s=96&d=mm&r=g","url":"https:\/\/secure.gravatar.com\/avatar\/42749d8b712ff9d59ca93dc150494e5b55a44134482993f5baeb97e61b7ecc89?s=96&d=mm&r=g","contentUrl":"https:\/\/secure.gravatar.com\/avatar\/42749d8b712ff9d59ca93dc150494e5b55a44134482993f5baeb97e61b7ecc89?s=96&d=mm&r=g","caption":"Roberto"},"url":"https:\/\/regiaonews.net.br\/2022\/author\/roberto\/"}]}},"publishpress_future_action":{"enabled":false,"date":"2026-05-04 03:53:39","action":"change-status","newStatus":"draft","terms":[],"taxonomy":"category","extraData":[]},"publishpress_future_workflow_manual_trigger":{"enabledWorkflows":[]},"_links":{"self":[{"href":"https:\/\/regiaonews.net.br\/2022\/wp-json\/wp\/v2\/posts\/96705","targetHints":{"allow":["GET"]}}],"collection":[{"href":"https:\/\/regiaonews.net.br\/2022\/wp-json\/wp\/v2\/posts"}],"about":[{"href":"https:\/\/regiaonews.net.br\/2022\/wp-json\/wp\/v2\/types\/post"}],"author":[{"embeddable":true,"href":"https:\/\/regiaonews.net.br\/2022\/wp-json\/wp\/v2\/users\/2"}],"replies":[{"embeddable":true,"href":"https:\/\/regiaonews.net.br\/2022\/wp-json\/wp\/v2\/comments?post=96705"}],"version-history":[{"count":2,"href":"https:\/\/regiaonews.net.br\/2022\/wp-json\/wp\/v2\/posts\/96705\/revisions"}],"predecessor-version":[{"id":96717,"href":"https:\/\/regiaonews.net.br\/2022\/wp-json\/wp\/v2\/posts\/96705\/revisions\/96717"}],"wp:featuredmedia":[{"embeddable":true,"href":"https:\/\/regiaonews.net.br\/2022\/wp-json\/wp\/v2\/media\/96706"}],"wp:attachment":[{"href":"https:\/\/regiaonews.net.br\/2022\/wp-json\/wp\/v2\/media?parent=96705"}],"wp:term":[{"taxonomy":"category","embeddable":true,"href":"https:\/\/regiaonews.net.br\/2022\/wp-json\/wp\/v2\/categories?post=96705"},{"taxonomy":"post_tag","embeddable":true,"href":"https:\/\/regiaonews.net.br\/2022\/wp-json\/wp\/v2\/tags?post=96705"}],"curies":[{"name":"wp","href":"https:\/\/api.w.org\/{rel}","templated":true}]}}