{"id":96693,"date":"2023-10-19T13:54:57","date_gmt":"2023-10-19T16:54:57","guid":{"rendered":"https:\/\/regiaonews.net.br\/2022\/?p=96693"},"modified":"2023-10-19T18:13:52","modified_gmt":"2023-10-19T21:13:52","slug":"bec-confirmado-na-a4-que-tem-inicio-em-janeiro","status":"publish","type":"post","link":"https:\/\/regiaonews.net.br\/2022\/2023\/10\/19\/bec-confirmado-na-a4-que-tem-inicio-em-janeiro\/","title":{"rendered":"BEC confirmado na A4 que tem in\u00edcio em janeiro"},"content":{"rendered":"<h2><\/h2>\n<section class=\"noticias\">\n<div class=\"galeria\">\n<div id=\"cpBody_panelPrincipal\" class=\"item destaque\">\n<p><span id=\"cpBody_lblCreditoFoto\" class=\"credito\">(Foto: Rodrigo Corsi\/FPF)<\/span><\/p>\n<div class=\"cont\"><\/div>\n<\/div>\n<\/div>\n<\/section>\n<div class=\"box-share\"><\/div>\n<div class=\"row col-equal-h clear\">\n<div class=\"post col-md-9 col-sm-12\">\n<p>Os 16 clubes participantes do Paulista A4, nova s\u00e9rie (competi\u00e7\u00e3o) do futebol paulista, definiram nesta quinta-feira (19) os detalhes do campeonato em Conselho T\u00e9cnico realizado no Edif\u00edcio Pel\u00e9, sede da Federa\u00e7\u00e3o Paulista de Futebol.<\/p>\n<p>O Paulista A4 integrar\u00e1 a Primeira Divis\u00e3o do Estado, assim como o Paulist\u00e3o A1, A2 e A3, e ser\u00e1 disputado no formato sub-23, com a possibilidade de at\u00e9 cinco atletas acima dessa idade.<\/p>\n<p>O campeonato ter\u00e1 in\u00edcio no dia 28 de janeiro de 2024, e os clubes participantes estar\u00e3o aptos a disputarem a Copa Paulista no segundo semestre.<\/p>\n<p>Os 16 times enfrentam-se em turno \u00fanico na primeira fase. Os oito melhores avan\u00e7am para as quartas de finais, enquanto os dois \u00faltimos colocados ser\u00e3o rebaixados para o Paulista Sub-23 Segunda Divis\u00e3o em 2025.<\/p>\n<p>As fases quartas de final, semifinais e finais ser\u00e3o disputados em jogos de ida e volta -em caso de igualdade, prevalecer\u00e1 o time de melhor campanha. Campe\u00e3o e vice garantem o acesso ao Paulist\u00e3o A3 2025.<\/p>\n<p>Disputar\u00e3o o Paulista A4 Am\u00e9rica, Audax, Barretos, Francana, Independente, Jabaquara, Joseense, Nacional, Penapolense, Rio Branco, Taquaritinga, S\u00e3o-Carlense, SKA Brasil, Uni\u00e3o Barbarense, VOCEM e XV de Ja\u00fa.<\/p>\n<\/div>\n<\/div>\n<div><\/div>\n<div><a href=\"https:\/\/regiaonews.net.br\/2022\/wp-content\/uploads\/2023\/10\/IMG-20231019-WA0227.jpg\"><img loading=\"lazy\" decoding=\"async\" class=\"alignnone size-medium wp-image-96695\" src=\"https:\/\/regiaonews.net.br\/2022\/wp-content\/uploads\/2023\/10\/IMG-20231019-WA0227-300x169.jpg\" alt=\"\" width=\"300\" height=\"169\" srcset=\"https:\/\/regiaonews.net.br\/2022\/wp-content\/uploads\/2023\/10\/IMG-20231019-WA0227-300x169.jpg 300w, https:\/\/regiaonews.net.br\/2022\/wp-content\/uploads\/2023\/10\/IMG-20231019-WA0227-1024x576.jpg 1024w, https:\/\/regiaonews.net.br\/2022\/wp-content\/uploads\/2023\/10\/IMG-20231019-WA0227-768x432.jpg 768w, https:\/\/regiaonews.net.br\/2022\/wp-content\/uploads\/2023\/10\/IMG-20231019-WA0227-1536x864.jpg 1536w, https:\/\/regiaonews.net.br\/2022\/wp-content\/uploads\/2023\/10\/IMG-20231019-WA0227-250x141.jpg 250w, https:\/\/regiaonews.net.br\/2022\/wp-content\/uploads\/2023\/10\/IMG-20231019-WA0227.jpg 1600w\" sizes=\"auto, (max-width: 300px) 100vw, 300px\" \/><\/a><\/div>\n<div><\/div>\n","protected":false},"excerpt":{"rendered":"<p>(Foto: Rodrigo Corsi\/FPF) Os 16 clubes participantes do Paulista A4,<\/p>\n","protected":false},"author":2,"featured_media":96694,"comment_status":"open","ping_status":"open","sticky":false,"template":"","format":"standard","meta":{"footnotes":""},"categories":[183,21],"tags":[],"class_list":["post-96693","post","type-post","status-publish","format-standard","has-post-thumbnail","hentry","category-campeonato-paulista","category-esporte"],"yoast_head":"<!-- This site is optimized with the Yoast SEO plugin v27.4 - https:\/\/yoast.com\/product\/yoast-seo-wordpress\/ -->\n<title>BEC confirmado na A4 que tem in\u00edcio em janeiro<\/title>\n<meta name=\"description\" content=\"Os 16 clubes participantes do Paulista A4, nova s\u00e9rie (competi\u00e7\u00e3o) do futebol paulista, definiram nesta quinta-feira (19) os detalhes\" \/>\n<meta name=\"robots\" content=\"index, follow, max-snippet:-1, max-image-preview:large, max-video-preview:-1\" \/>\n<link rel=\"canonical\" href=\"https:\/\/regiaonews.net.br\/2022\/2023\/10\/19\/bec-confirmado-na-a4-que-tem-inicio-em-janeiro\/\" \/>\n<meta property=\"og:locale\" content=\"pt_BR\" \/>\n<meta property=\"og:type\" content=\"article\" \/>\n<meta property=\"og:title\" content=\"BEC confirmado na A4 que tem in\u00edcio em janeiro\" \/>\n<meta property=\"og:description\" content=\"Os 16 clubes participantes do Paulista A4, nova s\u00e9rie (competi\u00e7\u00e3o) do futebol paulista, definiram nesta quinta-feira (19) os detalhes\" \/>\n<meta property=\"og:url\" content=\"https:\/\/regiaonews.net.br\/2022\/2023\/10\/19\/bec-confirmado-na-a4-que-tem-inicio-em-janeiro\/\" \/>\n<meta property=\"og:site_name\" content=\"Regi\u00e3o News\" \/>\n<meta property=\"article:published_time\" content=\"2023-10-19T16:54:57+00:00\" \/>\n<meta property=\"article:modified_time\" content=\"2023-10-19T21:13:52+00:00\" \/>\n<meta property=\"og:image\" content=\"https:\/\/regiaonews.net.br\/2022\/wp-content\/uploads\/2023\/10\/NovoProjeto_2023_10_19T125637.277.jpg\" \/>\n\t<meta property=\"og:image:width\" content=\"1166\" \/>\n\t<meta property=\"og:image:height\" content=\"586\" \/>\n\t<meta property=\"og:image:type\" content=\"image\/jpeg\" \/>\n<meta name=\"author\" content=\"Roberto\" \/>\n<meta name=\"twitter:card\" content=\"summary_large_image\" \/>\n<meta name=\"twitter:label1\" content=\"Escrito por\" \/>\n\t<meta name=\"twitter:data1\" content=\"Roberto\" \/>\n\t<meta name=\"twitter:label2\" content=\"Est. tempo de leitura\" \/>\n\t<meta name=\"twitter:data2\" content=\"2 minutos\" \/>\n<script type=\"application\/ld+json\" class=\"yoast-schema-graph\">{\"@context\":\"https:\\\/\\\/schema.org\",\"@graph\":[{\"@type\":\"Article\",\"@id\":\"https:\\\/\\\/regiaonews.net.br\\\/2022\\\/2023\\\/10\\\/19\\\/bec-confirmado-na-a4-que-tem-inicio-em-janeiro\\\/#article\",\"isPartOf\":{\"@id\":\"https:\\\/\\\/regiaonews.net.br\\\/2022\\\/2023\\\/10\\\/19\\\/bec-confirmado-na-a4-que-tem-inicio-em-janeiro\\\/\"},\"author\":{\"name\":\"Roberto\",\"@id\":\"https:\\\/\\\/regiaonews.net.br\\\/2022\\\/#\\\/schema\\\/person\\\/2d205a608a5aa97ac279d7a5e6d89ad8\"},\"headline\":\"BEC confirmado na A4 que tem in\u00edcio em janeiro\",\"datePublished\":\"2023-10-19T16:54:57+00:00\",\"dateModified\":\"2023-10-19T21:13:52+00:00\",\"mainEntityOfPage\":{\"@id\":\"https:\\\/\\\/regiaonews.net.br\\\/2022\\\/2023\\\/10\\\/19\\\/bec-confirmado-na-a4-que-tem-inicio-em-janeiro\\\/\"},\"wordCount\":214,\"commentCount\":0,\"publisher\":{\"@id\":\"https:\\\/\\\/regiaonews.net.br\\\/2022\\\/#organization\"},\"image\":{\"@id\":\"https:\\\/\\\/regiaonews.net.br\\\/2022\\\/2023\\\/10\\\/19\\\/bec-confirmado-na-a4-que-tem-inicio-em-janeiro\\\/#primaryimage\"},\"thumbnailUrl\":\"https:\\\/\\\/regiaonews.net.br\\\/2022\\\/wp-content\\\/uploads\\\/2023\\\/10\\\/NovoProjeto_2023_10_19T125637.277.jpg\",\"articleSection\":[\"Campeonato Paulista\",\"Esporte\"],\"inLanguage\":\"pt-BR\",\"potentialAction\":[{\"@type\":\"CommentAction\",\"name\":\"Comment\",\"target\":[\"https:\\\/\\\/regiaonews.net.br\\\/2022\\\/2023\\\/10\\\/19\\\/bec-confirmado-na-a4-que-tem-inicio-em-janeiro\\\/#respond\"]}]},{\"@type\":\"WebPage\",\"@id\":\"https:\\\/\\\/regiaonews.net.br\\\/2022\\\/2023\\\/10\\\/19\\\/bec-confirmado-na-a4-que-tem-inicio-em-janeiro\\\/\",\"url\":\"https:\\\/\\\/regiaonews.net.br\\\/2022\\\/2023\\\/10\\\/19\\\/bec-confirmado-na-a4-que-tem-inicio-em-janeiro\\\/\",\"name\":\"BEC confirmado na A4 que tem in\u00edcio em janeiro\",\"isPartOf\":{\"@id\":\"https:\\\/\\\/regiaonews.net.br\\\/2022\\\/#website\"},\"primaryImageOfPage\":{\"@id\":\"https:\\\/\\\/regiaonews.net.br\\\/2022\\\/2023\\\/10\\\/19\\\/bec-confirmado-na-a4-que-tem-inicio-em-janeiro\\\/#primaryimage\"},\"image\":{\"@id\":\"https:\\\/\\\/regiaonews.net.br\\\/2022\\\/2023\\\/10\\\/19\\\/bec-confirmado-na-a4-que-tem-inicio-em-janeiro\\\/#primaryimage\"},\"thumbnailUrl\":\"https:\\\/\\\/regiaonews.net.br\\\/2022\\\/wp-content\\\/uploads\\\/2023\\\/10\\\/NovoProjeto_2023_10_19T125637.277.jpg\",\"datePublished\":\"2023-10-19T16:54:57+00:00\",\"dateModified\":\"2023-10-19T21:13:52+00:00\",\"description\":\"Os 16 clubes participantes do Paulista A4, nova s\u00e9rie (competi\u00e7\u00e3o) do futebol paulista, definiram nesta quinta-feira (19) os detalhes\",\"breadcrumb\":{\"@id\":\"https:\\\/\\\/regiaonews.net.br\\\/2022\\\/2023\\\/10\\\/19\\\/bec-confirmado-na-a4-que-tem-inicio-em-janeiro\\\/#breadcrumb\"},\"inLanguage\":\"pt-BR\",\"potentialAction\":[{\"@type\":\"ReadAction\",\"target\":[\"https:\\\/\\\/regiaonews.net.br\\\/2022\\\/2023\\\/10\\\/19\\\/bec-confirmado-na-a4-que-tem-inicio-em-janeiro\\\/\"]}]},{\"@type\":\"ImageObject\",\"inLanguage\":\"pt-BR\",\"@id\":\"https:\\\/\\\/regiaonews.net.br\\\/2022\\\/2023\\\/10\\\/19\\\/bec-confirmado-na-a4-que-tem-inicio-em-janeiro\\\/#primaryimage\",\"url\":\"https:\\\/\\\/regiaonews.net.br\\\/2022\\\/wp-content\\\/uploads\\\/2023\\\/10\\\/NovoProjeto_2023_10_19T125637.277.jpg\",\"contentUrl\":\"https:\\\/\\\/regiaonews.net.br\\\/2022\\\/wp-content\\\/uploads\\\/2023\\\/10\\\/NovoProjeto_2023_10_19T125637.277.jpg\",\"width\":1166,\"height\":586},{\"@type\":\"BreadcrumbList\",\"@id\":\"https:\\\/\\\/regiaonews.net.br\\\/2022\\\/2023\\\/10\\\/19\\\/bec-confirmado-na-a4-que-tem-inicio-em-janeiro\\\/#breadcrumb\",\"itemListElement\":[{\"@type\":\"ListItem\",\"position\":1,\"name\":\"In\u00edcio\",\"item\":\"https:\\\/\\\/regiaonews.net.br\\\/2022\\\/\"},{\"@type\":\"ListItem\",\"position\":2,\"name\":\"BEC confirmado na A4 que tem in\u00edcio em janeiro\"}]},{\"@type\":\"WebSite\",\"@id\":\"https:\\\/\\\/regiaonews.net.br\\\/2022\\\/#website\",\"url\":\"https:\\\/\\\/regiaonews.net.br\\\/2022\\\/\",\"name\":\"Regi\u00e3o News\",\"description\":\"Site de Not\u00edcias de Barretos e regi\u00e3o\",\"publisher\":{\"@id\":\"https:\\\/\\\/regiaonews.net.br\\\/2022\\\/#organization\"},\"potentialAction\":[{\"@type\":\"SearchAction\",\"target\":{\"@type\":\"EntryPoint\",\"urlTemplate\":\"https:\\\/\\\/regiaonews.net.br\\\/2022\\\/?s={search_term_string}\"},\"query-input\":{\"@type\":\"PropertyValueSpecification\",\"valueRequired\":true,\"valueName\":\"search_term_string\"}}],\"inLanguage\":\"pt-BR\"},{\"@type\":\"Organization\",\"@id\":\"https:\\\/\\\/regiaonews.net.br\\\/2022\\\/#organization\",\"name\":\"Regi\u00e3o News\",\"url\":\"https:\\\/\\\/regiaonews.net.br\\\/2022\\\/\",\"logo\":{\"@type\":\"ImageObject\",\"inLanguage\":\"pt-BR\",\"@id\":\"https:\\\/\\\/regiaonews.net.br\\\/2022\\\/#\\\/schema\\\/logo\\\/image\\\/\",\"url\":\"https:\\\/\\\/regiaonews.net.br\\\/2022\\\/wp-content\\\/uploads\\\/2026\\\/03\\\/regiao-13-anos-scaled.jpg\",\"contentUrl\":\"https:\\\/\\\/regiaonews.net.br\\\/2022\\\/wp-content\\\/uploads\\\/2026\\\/03\\\/regiao-13-anos-scaled.jpg\",\"width\":2560,\"height\":635,\"caption\":\"Regi\u00e3o News\"},\"image\":{\"@id\":\"https:\\\/\\\/regiaonews.net.br\\\/2022\\\/#\\\/schema\\\/logo\\\/image\\\/\"}},{\"@type\":\"Person\",\"@id\":\"https:\\\/\\\/regiaonews.net.br\\\/2022\\\/#\\\/schema\\\/person\\\/2d205a608a5aa97ac279d7a5e6d89ad8\",\"name\":\"Roberto\",\"image\":{\"@type\":\"ImageObject\",\"inLanguage\":\"pt-BR\",\"@id\":\"https:\\\/\\\/secure.gravatar.com\\\/avatar\\\/42749d8b712ff9d59ca93dc150494e5b55a44134482993f5baeb97e61b7ecc89?s=96&d=mm&r=g\",\"url\":\"https:\\\/\\\/secure.gravatar.com\\\/avatar\\\/42749d8b712ff9d59ca93dc150494e5b55a44134482993f5baeb97e61b7ecc89?s=96&d=mm&r=g\",\"contentUrl\":\"https:\\\/\\\/secure.gravatar.com\\\/avatar\\\/42749d8b712ff9d59ca93dc150494e5b55a44134482993f5baeb97e61b7ecc89?s=96&d=mm&r=g\",\"caption\":\"Roberto\"},\"url\":\"https:\\\/\\\/regiaonews.net.br\\\/2022\\\/author\\\/roberto\\\/\"}]}<\/script>\n<!-- \/ Yoast SEO plugin. -->","yoast_head_json":{"title":"BEC confirmado na A4 que tem in\u00edcio em janeiro","description":"Os 16 clubes participantes do Paulista A4, nova s\u00e9rie (competi\u00e7\u00e3o) do futebol paulista, definiram nesta quinta-feira (19) os detalhes","robots":{"index":"index","follow":"follow","max-snippet":"max-snippet:-1","max-image-preview":"max-image-preview:large","max-video-preview":"max-video-preview:-1"},"canonical":"https:\/\/regiaonews.net.br\/2022\/2023\/10\/19\/bec-confirmado-na-a4-que-tem-inicio-em-janeiro\/","og_locale":"pt_BR","og_type":"article","og_title":"BEC confirmado na A4 que tem in\u00edcio em janeiro","og_description":"Os 16 clubes participantes do Paulista A4, nova s\u00e9rie (competi\u00e7\u00e3o) do futebol paulista, definiram nesta quinta-feira (19) os detalhes","og_url":"https:\/\/regiaonews.net.br\/2022\/2023\/10\/19\/bec-confirmado-na-a4-que-tem-inicio-em-janeiro\/","og_site_name":"Regi\u00e3o News","article_published_time":"2023-10-19T16:54:57+00:00","article_modified_time":"2023-10-19T21:13:52+00:00","og_image":[{"width":1166,"height":586,"url":"https:\/\/regiaonews.net.br\/2022\/wp-content\/uploads\/2023\/10\/NovoProjeto_2023_10_19T125637.277.jpg","type":"image\/jpeg"}],"author":"Roberto","twitter_card":"summary_large_image","twitter_misc":{"Escrito por":"Roberto","Est. tempo de leitura":"2 minutos"},"schema":{"@context":"https:\/\/schema.org","@graph":[{"@type":"Article","@id":"https:\/\/regiaonews.net.br\/2022\/2023\/10\/19\/bec-confirmado-na-a4-que-tem-inicio-em-janeiro\/#article","isPartOf":{"@id":"https:\/\/regiaonews.net.br\/2022\/2023\/10\/19\/bec-confirmado-na-a4-que-tem-inicio-em-janeiro\/"},"author":{"name":"Roberto","@id":"https:\/\/regiaonews.net.br\/2022\/#\/schema\/person\/2d205a608a5aa97ac279d7a5e6d89ad8"},"headline":"BEC confirmado na A4 que tem in\u00edcio em janeiro","datePublished":"2023-10-19T16:54:57+00:00","dateModified":"2023-10-19T21:13:52+00:00","mainEntityOfPage":{"@id":"https:\/\/regiaonews.net.br\/2022\/2023\/10\/19\/bec-confirmado-na-a4-que-tem-inicio-em-janeiro\/"},"wordCount":214,"commentCount":0,"publisher":{"@id":"https:\/\/regiaonews.net.br\/2022\/#organization"},"image":{"@id":"https:\/\/regiaonews.net.br\/2022\/2023\/10\/19\/bec-confirmado-na-a4-que-tem-inicio-em-janeiro\/#primaryimage"},"thumbnailUrl":"https:\/\/regiaonews.net.br\/2022\/wp-content\/uploads\/2023\/10\/NovoProjeto_2023_10_19T125637.277.jpg","articleSection":["Campeonato Paulista","Esporte"],"inLanguage":"pt-BR","potentialAction":[{"@type":"CommentAction","name":"Comment","target":["https:\/\/regiaonews.net.br\/2022\/2023\/10\/19\/bec-confirmado-na-a4-que-tem-inicio-em-janeiro\/#respond"]}]},{"@type":"WebPage","@id":"https:\/\/regiaonews.net.br\/2022\/2023\/10\/19\/bec-confirmado-na-a4-que-tem-inicio-em-janeiro\/","url":"https:\/\/regiaonews.net.br\/2022\/2023\/10\/19\/bec-confirmado-na-a4-que-tem-inicio-em-janeiro\/","name":"BEC confirmado na A4 que tem in\u00edcio em janeiro","isPartOf":{"@id":"https:\/\/regiaonews.net.br\/2022\/#website"},"primaryImageOfPage":{"@id":"https:\/\/regiaonews.net.br\/2022\/2023\/10\/19\/bec-confirmado-na-a4-que-tem-inicio-em-janeiro\/#primaryimage"},"image":{"@id":"https:\/\/regiaonews.net.br\/2022\/2023\/10\/19\/bec-confirmado-na-a4-que-tem-inicio-em-janeiro\/#primaryimage"},"thumbnailUrl":"https:\/\/regiaonews.net.br\/2022\/wp-content\/uploads\/2023\/10\/NovoProjeto_2023_10_19T125637.277.jpg","datePublished":"2023-10-19T16:54:57+00:00","dateModified":"2023-10-19T21:13:52+00:00","description":"Os 16 clubes participantes do Paulista A4, nova s\u00e9rie (competi\u00e7\u00e3o) do futebol paulista, definiram nesta quinta-feira (19) os detalhes","breadcrumb":{"@id":"https:\/\/regiaonews.net.br\/2022\/2023\/10\/19\/bec-confirmado-na-a4-que-tem-inicio-em-janeiro\/#breadcrumb"},"inLanguage":"pt-BR","potentialAction":[{"@type":"ReadAction","target":["https:\/\/regiaonews.net.br\/2022\/2023\/10\/19\/bec-confirmado-na-a4-que-tem-inicio-em-janeiro\/"]}]},{"@type":"ImageObject","inLanguage":"pt-BR","@id":"https:\/\/regiaonews.net.br\/2022\/2023\/10\/19\/bec-confirmado-na-a4-que-tem-inicio-em-janeiro\/#primaryimage","url":"https:\/\/regiaonews.net.br\/2022\/wp-content\/uploads\/2023\/10\/NovoProjeto_2023_10_19T125637.277.jpg","contentUrl":"https:\/\/regiaonews.net.br\/2022\/wp-content\/uploads\/2023\/10\/NovoProjeto_2023_10_19T125637.277.jpg","width":1166,"height":586},{"@type":"BreadcrumbList","@id":"https:\/\/regiaonews.net.br\/2022\/2023\/10\/19\/bec-confirmado-na-a4-que-tem-inicio-em-janeiro\/#breadcrumb","itemListElement":[{"@type":"ListItem","position":1,"name":"In\u00edcio","item":"https:\/\/regiaonews.net.br\/2022\/"},{"@type":"ListItem","position":2,"name":"BEC confirmado na A4 que tem in\u00edcio em janeiro"}]},{"@type":"WebSite","@id":"https:\/\/regiaonews.net.br\/2022\/#website","url":"https:\/\/regiaonews.net.br\/2022\/","name":"Regi\u00e3o News","description":"Site de Not\u00edcias de Barretos e regi\u00e3o","publisher":{"@id":"https:\/\/regiaonews.net.br\/2022\/#organization"},"potentialAction":[{"@type":"SearchAction","target":{"@type":"EntryPoint","urlTemplate":"https:\/\/regiaonews.net.br\/2022\/?s={search_term_string}"},"query-input":{"@type":"PropertyValueSpecification","valueRequired":true,"valueName":"search_term_string"}}],"inLanguage":"pt-BR"},{"@type":"Organization","@id":"https:\/\/regiaonews.net.br\/2022\/#organization","name":"Regi\u00e3o News","url":"https:\/\/regiaonews.net.br\/2022\/","logo":{"@type":"ImageObject","inLanguage":"pt-BR","@id":"https:\/\/regiaonews.net.br\/2022\/#\/schema\/logo\/image\/","url":"https:\/\/regiaonews.net.br\/2022\/wp-content\/uploads\/2026\/03\/regiao-13-anos-scaled.jpg","contentUrl":"https:\/\/regiaonews.net.br\/2022\/wp-content\/uploads\/2026\/03\/regiao-13-anos-scaled.jpg","width":2560,"height":635,"caption":"Regi\u00e3o News"},"image":{"@id":"https:\/\/regiaonews.net.br\/2022\/#\/schema\/logo\/image\/"}},{"@type":"Person","@id":"https:\/\/regiaonews.net.br\/2022\/#\/schema\/person\/2d205a608a5aa97ac279d7a5e6d89ad8","name":"Roberto","image":{"@type":"ImageObject","inLanguage":"pt-BR","@id":"https:\/\/secure.gravatar.com\/avatar\/42749d8b712ff9d59ca93dc150494e5b55a44134482993f5baeb97e61b7ecc89?s=96&d=mm&r=g","url":"https:\/\/secure.gravatar.com\/avatar\/42749d8b712ff9d59ca93dc150494e5b55a44134482993f5baeb97e61b7ecc89?s=96&d=mm&r=g","contentUrl":"https:\/\/secure.gravatar.com\/avatar\/42749d8b712ff9d59ca93dc150494e5b55a44134482993f5baeb97e61b7ecc89?s=96&d=mm&r=g","caption":"Roberto"},"url":"https:\/\/regiaonews.net.br\/2022\/author\/roberto\/"}]}},"publishpress_future_action":{"enabled":false,"date":"2026-05-03 23:17:48","action":"change-status","newStatus":"draft","terms":[],"taxonomy":"category","extraData":[]},"publishpress_future_workflow_manual_trigger":{"enabledWorkflows":[]},"_links":{"self":[{"href":"https:\/\/regiaonews.net.br\/2022\/wp-json\/wp\/v2\/posts\/96693","targetHints":{"allow":["GET"]}}],"collection":[{"href":"https:\/\/regiaonews.net.br\/2022\/wp-json\/wp\/v2\/posts"}],"about":[{"href":"https:\/\/regiaonews.net.br\/2022\/wp-json\/wp\/v2\/types\/post"}],"author":[{"embeddable":true,"href":"https:\/\/regiaonews.net.br\/2022\/wp-json\/wp\/v2\/users\/2"}],"replies":[{"embeddable":true,"href":"https:\/\/regiaonews.net.br\/2022\/wp-json\/wp\/v2\/comments?post=96693"}],"version-history":[{"count":2,"href":"https:\/\/regiaonews.net.br\/2022\/wp-json\/wp\/v2\/posts\/96693\/revisions"}],"predecessor-version":[{"id":96697,"href":"https:\/\/regiaonews.net.br\/2022\/wp-json\/wp\/v2\/posts\/96693\/revisions\/96697"}],"wp:featuredmedia":[{"embeddable":true,"href":"https:\/\/regiaonews.net.br\/2022\/wp-json\/wp\/v2\/media\/96694"}],"wp:attachment":[{"href":"https:\/\/regiaonews.net.br\/2022\/wp-json\/wp\/v2\/media?parent=96693"}],"wp:term":[{"taxonomy":"category","embeddable":true,"href":"https:\/\/regiaonews.net.br\/2022\/wp-json\/wp\/v2\/categories?post=96693"},{"taxonomy":"post_tag","embeddable":true,"href":"https:\/\/regiaonews.net.br\/2022\/wp-json\/wp\/v2\/tags?post=96693"}],"curies":[{"name":"wp","href":"https:\/\/api.w.org\/{rel}","templated":true}]}}