{"id":96682,"date":"2023-10-19T11:14:04","date_gmt":"2023-10-19T14:14:04","guid":{"rendered":"https:\/\/regiaonews.net.br\/2022\/?p=96682"},"modified":"2023-10-19T18:18:38","modified_gmt":"2023-10-19T21:18:38","slug":"outubro-rosa-alunos-da-rede-municipal-de-ensino-participam-de-atividades-de-conscientizacao-sobre-o-cancer-de-mama","status":"publish","type":"post","link":"https:\/\/regiaonews.net.br\/2022\/2023\/10\/19\/outubro-rosa-alunos-da-rede-municipal-de-ensino-participam-de-atividades-de-conscientizacao-sobre-o-cancer-de-mama\/","title":{"rendered":"Outubro Rosa: Alunos da Rede Municipal de Ensino participam de conscientiza\u00e7\u00e3o"},"content":{"rendered":"<h3 style=\"text-align: center;\">A\u00e7\u00f5es s\u00e3o desenvolvidas em parceria com o Projeto \u201cTalento Rosa\u201d, do Hospital de Amor, e estudantes dos cursos de medicina da Facisb e de psicologia da Faculdade Barretos.<\/h3>\n<p>Alunos da Rede Municipal de Ensino da Est\u00e2ncia Tur\u00edstica de Barretos participam neste m\u00eas de outubro de uma s\u00e9rie de atividades de conscientiza\u00e7\u00e3o sobre a preven\u00e7\u00e3o do c\u00e2ncer de mama. As a\u00e7\u00f5es alusivas ao \u201cOutubro Rosa\u201d ocorrem em todas as Escolas Municipais de Ensino Fundamental I e II e nos Centros Municipais de Educa\u00e7\u00e3o Infantil (Cemeis).<br \/>\nDe acordo com a supervisora geral do Centro de Forma\u00e7\u00e3o de Profissionais de Educa\u00e7\u00e3o (Ceforpe), Ana Carolina Spindola, o objetivo \u00e9 conscientizar os estudantes, familiares e comunidade escolar sobre a import\u00e2ncia do diagn\u00f3stico precoce para o sucesso do tratamento da doen\u00e7a. \u201cTodas as Unidades Escolares da Rede Municipal est\u00e3o envolvidas nas atividades de preven\u00e7\u00e3o ao c\u00e2ncer de mama, com foco na conscientiza\u00e7\u00e3o dos alunos, m\u00e3es, funcion\u00e1rias e mulheres em geral, sobre a import\u00e2ncia da mamografia como meio de preven\u00e7\u00e3o. As palestras de forma\u00e7\u00e3o das quais participamos junto ao Hospital de Amor nos mostraram que o n\u00famero de mulheres que fazem o exame preventivo em Barretos ainda \u00e9 baixo. Isso nos incomodou e nos despertou para esta a\u00e7\u00e3o intensiva junto \u00e0s escolas e fam\u00edlias\u201d, comentou.<br \/>\nNas escolas de Ensino Fundamental II, do 6\u00b0 ao 9\u00b0 ano, tamb\u00e9m ser\u00e3o realizados ciclo de palestras em parceria com o \u201cProjeto Talento Rosa\u201d, do Hospital de Amor, e estudantes dos cursos de medicina da Faculdade de Ci\u00eancias da Sa\u00fade de Barretos Dr. Paulo Prata (Facisb) e de psicologia da Faculdade Barretos. A primeira a receber o ciclo foi a E.M. \u201cProfessor Giuseppe Carn\u00edmeo\u201d, no Zequinha Am\u00eandola, na quarta-feira, 18 de outubro.<br \/>\nAtividades como a entrega de panfletos informativos para alunos e comunidade; confec\u00e7\u00e3o de cartazes de divulga\u00e7\u00e3o do Outubro Rosa; elabora\u00e7\u00e3o de poesias e de cartas, que ser\u00e3o entregues \u00e0s pacientes em tratamento no Hospital de Amor, tamb\u00e9m ser\u00e3o desenvolvidas no decorrer do m\u00eas.<\/p>\n<p>Reda\u00e7\u00e3o: Assessoria\u00a0de\u00a0Imprensa<\/p>\n","protected":false},"excerpt":{"rendered":"<p>A\u00e7\u00f5es s\u00e3o desenvolvidas em parceria com o Projeto \u201cTalento Rosa\u201d,<\/p>\n","protected":false},"author":2,"featured_media":96683,"comment_status":"open","ping_status":"open","sticky":false,"template":"","format":"standard","meta":{"footnotes":""},"categories":[14,3],"tags":[],"class_list":["post-96682","post","type-post","status-publish","format-standard","has-post-thumbnail","hentry","category-barretos","category-geral"],"yoast_head":"<!-- This site is optimized with the Yoast SEO plugin v27.4 - https:\/\/yoast.com\/product\/yoast-seo-wordpress\/ -->\n<title>Outubro Rosa: Alunos da Rede Municipal de Ensino participam de conscientiza\u00e7\u00e3o - Regi\u00e3o News<\/title>\n<meta name=\"robots\" content=\"index, follow, max-snippet:-1, max-image-preview:large, max-video-preview:-1\" \/>\n<link rel=\"canonical\" href=\"https:\/\/regiaonews.net.br\/2022\/2023\/10\/19\/outubro-rosa-alunos-da-rede-municipal-de-ensino-participam-de-atividades-de-conscientizacao-sobre-o-cancer-de-mama\/\" \/>\n<meta property=\"og:locale\" content=\"pt_BR\" \/>\n<meta property=\"og:type\" content=\"article\" \/>\n<meta property=\"og:title\" content=\"Outubro Rosa: Alunos da Rede Municipal de Ensino participam de conscientiza\u00e7\u00e3o - Regi\u00e3o News\" \/>\n<meta property=\"og:description\" content=\"A\u00e7\u00f5es s\u00e3o desenvolvidas em parceria com o Projeto \u201cTalento Rosa\u201d,\" \/>\n<meta property=\"og:url\" content=\"https:\/\/regiaonews.net.br\/2022\/2023\/10\/19\/outubro-rosa-alunos-da-rede-municipal-de-ensino-participam-de-atividades-de-conscientizacao-sobre-o-cancer-de-mama\/\" \/>\n<meta property=\"og:site_name\" content=\"Regi\u00e3o News\" \/>\n<meta property=\"article:published_time\" content=\"2023-10-19T14:14:04+00:00\" \/>\n<meta property=\"article:modified_time\" content=\"2023-10-19T21:18:38+00:00\" \/>\n<meta property=\"og:image\" content=\"https:\/\/regiaonews.net.br\/2022\/wp-content\/uploads\/2023\/10\/Imagem-do-WhatsApp-de-2023-10-19-as-10.21.03_8c5e85c7.jpg\" \/>\n\t<meta property=\"og:image:width\" content=\"1024\" \/>\n\t<meta property=\"og:image:height\" content=\"589\" \/>\n\t<meta property=\"og:image:type\" content=\"image\/jpeg\" \/>\n<meta name=\"author\" content=\"Roberto\" \/>\n<meta name=\"twitter:card\" content=\"summary_large_image\" \/>\n<meta name=\"twitter:label1\" content=\"Escrito por\" \/>\n\t<meta name=\"twitter:data1\" content=\"Roberto\" \/>\n\t<meta name=\"twitter:label2\" content=\"Est. tempo de leitura\" \/>\n\t<meta name=\"twitter:data2\" content=\"2 minutos\" \/>\n<script type=\"application\/ld+json\" class=\"yoast-schema-graph\">{\"@context\":\"https:\\\/\\\/schema.org\",\"@graph\":[{\"@type\":\"Article\",\"@id\":\"https:\\\/\\\/regiaonews.net.br\\\/2022\\\/2023\\\/10\\\/19\\\/outubro-rosa-alunos-da-rede-municipal-de-ensino-participam-de-atividades-de-conscientizacao-sobre-o-cancer-de-mama\\\/#article\",\"isPartOf\":{\"@id\":\"https:\\\/\\\/regiaonews.net.br\\\/2022\\\/2023\\\/10\\\/19\\\/outubro-rosa-alunos-da-rede-municipal-de-ensino-participam-de-atividades-de-conscientizacao-sobre-o-cancer-de-mama\\\/\"},\"author\":{\"name\":\"Roberto\",\"@id\":\"https:\\\/\\\/regiaonews.net.br\\\/2022\\\/#\\\/schema\\\/person\\\/2d205a608a5aa97ac279d7a5e6d89ad8\"},\"headline\":\"Outubro Rosa: Alunos da Rede Municipal de Ensino participam de conscientiza\u00e7\u00e3o\",\"datePublished\":\"2023-10-19T14:14:04+00:00\",\"dateModified\":\"2023-10-19T21:18:38+00:00\",\"mainEntityOfPage\":{\"@id\":\"https:\\\/\\\/regiaonews.net.br\\\/2022\\\/2023\\\/10\\\/19\\\/outubro-rosa-alunos-da-rede-municipal-de-ensino-participam-de-atividades-de-conscientizacao-sobre-o-cancer-de-mama\\\/\"},\"wordCount\":377,\"commentCount\":0,\"publisher\":{\"@id\":\"https:\\\/\\\/regiaonews.net.br\\\/2022\\\/#organization\"},\"image\":{\"@id\":\"https:\\\/\\\/regiaonews.net.br\\\/2022\\\/2023\\\/10\\\/19\\\/outubro-rosa-alunos-da-rede-municipal-de-ensino-participam-de-atividades-de-conscientizacao-sobre-o-cancer-de-mama\\\/#primaryimage\"},\"thumbnailUrl\":\"https:\\\/\\\/regiaonews.net.br\\\/2022\\\/wp-content\\\/uploads\\\/2023\\\/10\\\/Imagem-do-WhatsApp-de-2023-10-19-as-10.21.03_8c5e85c7.jpg\",\"articleSection\":[\"Barretos\",\"Geral\"],\"inLanguage\":\"pt-BR\",\"potentialAction\":[{\"@type\":\"CommentAction\",\"name\":\"Comment\",\"target\":[\"https:\\\/\\\/regiaonews.net.br\\\/2022\\\/2023\\\/10\\\/19\\\/outubro-rosa-alunos-da-rede-municipal-de-ensino-participam-de-atividades-de-conscientizacao-sobre-o-cancer-de-mama\\\/#respond\"]}]},{\"@type\":\"WebPage\",\"@id\":\"https:\\\/\\\/regiaonews.net.br\\\/2022\\\/2023\\\/10\\\/19\\\/outubro-rosa-alunos-da-rede-municipal-de-ensino-participam-de-atividades-de-conscientizacao-sobre-o-cancer-de-mama\\\/\",\"url\":\"https:\\\/\\\/regiaonews.net.br\\\/2022\\\/2023\\\/10\\\/19\\\/outubro-rosa-alunos-da-rede-municipal-de-ensino-participam-de-atividades-de-conscientizacao-sobre-o-cancer-de-mama\\\/\",\"name\":\"Outubro Rosa: Alunos da Rede Municipal de Ensino participam de conscientiza\u00e7\u00e3o - Regi\u00e3o News\",\"isPartOf\":{\"@id\":\"https:\\\/\\\/regiaonews.net.br\\\/2022\\\/#website\"},\"primaryImageOfPage\":{\"@id\":\"https:\\\/\\\/regiaonews.net.br\\\/2022\\\/2023\\\/10\\\/19\\\/outubro-rosa-alunos-da-rede-municipal-de-ensino-participam-de-atividades-de-conscientizacao-sobre-o-cancer-de-mama\\\/#primaryimage\"},\"image\":{\"@id\":\"https:\\\/\\\/regiaonews.net.br\\\/2022\\\/2023\\\/10\\\/19\\\/outubro-rosa-alunos-da-rede-municipal-de-ensino-participam-de-atividades-de-conscientizacao-sobre-o-cancer-de-mama\\\/#primaryimage\"},\"thumbnailUrl\":\"https:\\\/\\\/regiaonews.net.br\\\/2022\\\/wp-content\\\/uploads\\\/2023\\\/10\\\/Imagem-do-WhatsApp-de-2023-10-19-as-10.21.03_8c5e85c7.jpg\",\"datePublished\":\"2023-10-19T14:14:04+00:00\",\"dateModified\":\"2023-10-19T21:18:38+00:00\",\"breadcrumb\":{\"@id\":\"https:\\\/\\\/regiaonews.net.br\\\/2022\\\/2023\\\/10\\\/19\\\/outubro-rosa-alunos-da-rede-municipal-de-ensino-participam-de-atividades-de-conscientizacao-sobre-o-cancer-de-mama\\\/#breadcrumb\"},\"inLanguage\":\"pt-BR\",\"potentialAction\":[{\"@type\":\"ReadAction\",\"target\":[\"https:\\\/\\\/regiaonews.net.br\\\/2022\\\/2023\\\/10\\\/19\\\/outubro-rosa-alunos-da-rede-municipal-de-ensino-participam-de-atividades-de-conscientizacao-sobre-o-cancer-de-mama\\\/\"]}]},{\"@type\":\"ImageObject\",\"inLanguage\":\"pt-BR\",\"@id\":\"https:\\\/\\\/regiaonews.net.br\\\/2022\\\/2023\\\/10\\\/19\\\/outubro-rosa-alunos-da-rede-municipal-de-ensino-participam-de-atividades-de-conscientizacao-sobre-o-cancer-de-mama\\\/#primaryimage\",\"url\":\"https:\\\/\\\/regiaonews.net.br\\\/2022\\\/wp-content\\\/uploads\\\/2023\\\/10\\\/Imagem-do-WhatsApp-de-2023-10-19-as-10.21.03_8c5e85c7.jpg\",\"contentUrl\":\"https:\\\/\\\/regiaonews.net.br\\\/2022\\\/wp-content\\\/uploads\\\/2023\\\/10\\\/Imagem-do-WhatsApp-de-2023-10-19-as-10.21.03_8c5e85c7.jpg\",\"width\":1024,\"height\":589},{\"@type\":\"BreadcrumbList\",\"@id\":\"https:\\\/\\\/regiaonews.net.br\\\/2022\\\/2023\\\/10\\\/19\\\/outubro-rosa-alunos-da-rede-municipal-de-ensino-participam-de-atividades-de-conscientizacao-sobre-o-cancer-de-mama\\\/#breadcrumb\",\"itemListElement\":[{\"@type\":\"ListItem\",\"position\":1,\"name\":\"In\u00edcio\",\"item\":\"https:\\\/\\\/regiaonews.net.br\\\/2022\\\/\"},{\"@type\":\"ListItem\",\"position\":2,\"name\":\"Outubro Rosa: Alunos da Rede Municipal de Ensino participam de conscientiza\u00e7\u00e3o\"}]},{\"@type\":\"WebSite\",\"@id\":\"https:\\\/\\\/regiaonews.net.br\\\/2022\\\/#website\",\"url\":\"https:\\\/\\\/regiaonews.net.br\\\/2022\\\/\",\"name\":\"Regi\u00e3o News\",\"description\":\"Site de Not\u00edcias de Barretos e regi\u00e3o\",\"publisher\":{\"@id\":\"https:\\\/\\\/regiaonews.net.br\\\/2022\\\/#organization\"},\"potentialAction\":[{\"@type\":\"SearchAction\",\"target\":{\"@type\":\"EntryPoint\",\"urlTemplate\":\"https:\\\/\\\/regiaonews.net.br\\\/2022\\\/?s={search_term_string}\"},\"query-input\":{\"@type\":\"PropertyValueSpecification\",\"valueRequired\":true,\"valueName\":\"search_term_string\"}}],\"inLanguage\":\"pt-BR\"},{\"@type\":\"Organization\",\"@id\":\"https:\\\/\\\/regiaonews.net.br\\\/2022\\\/#organization\",\"name\":\"Regi\u00e3o News\",\"url\":\"https:\\\/\\\/regiaonews.net.br\\\/2022\\\/\",\"logo\":{\"@type\":\"ImageObject\",\"inLanguage\":\"pt-BR\",\"@id\":\"https:\\\/\\\/regiaonews.net.br\\\/2022\\\/#\\\/schema\\\/logo\\\/image\\\/\",\"url\":\"https:\\\/\\\/regiaonews.net.br\\\/2022\\\/wp-content\\\/uploads\\\/2026\\\/03\\\/regiao-13-anos-scaled.jpg\",\"contentUrl\":\"https:\\\/\\\/regiaonews.net.br\\\/2022\\\/wp-content\\\/uploads\\\/2026\\\/03\\\/regiao-13-anos-scaled.jpg\",\"width\":2560,\"height\":635,\"caption\":\"Regi\u00e3o News\"},\"image\":{\"@id\":\"https:\\\/\\\/regiaonews.net.br\\\/2022\\\/#\\\/schema\\\/logo\\\/image\\\/\"}},{\"@type\":\"Person\",\"@id\":\"https:\\\/\\\/regiaonews.net.br\\\/2022\\\/#\\\/schema\\\/person\\\/2d205a608a5aa97ac279d7a5e6d89ad8\",\"name\":\"Roberto\",\"image\":{\"@type\":\"ImageObject\",\"inLanguage\":\"pt-BR\",\"@id\":\"https:\\\/\\\/secure.gravatar.com\\\/avatar\\\/42749d8b712ff9d59ca93dc150494e5b55a44134482993f5baeb97e61b7ecc89?s=96&d=mm&r=g\",\"url\":\"https:\\\/\\\/secure.gravatar.com\\\/avatar\\\/42749d8b712ff9d59ca93dc150494e5b55a44134482993f5baeb97e61b7ecc89?s=96&d=mm&r=g\",\"contentUrl\":\"https:\\\/\\\/secure.gravatar.com\\\/avatar\\\/42749d8b712ff9d59ca93dc150494e5b55a44134482993f5baeb97e61b7ecc89?s=96&d=mm&r=g\",\"caption\":\"Roberto\"},\"url\":\"https:\\\/\\\/regiaonews.net.br\\\/2022\\\/author\\\/roberto\\\/\"}]}<\/script>\n<!-- \/ Yoast SEO plugin. -->","yoast_head_json":{"title":"Outubro Rosa: Alunos da Rede Municipal de Ensino participam de conscientiza\u00e7\u00e3o - Regi\u00e3o News","robots":{"index":"index","follow":"follow","max-snippet":"max-snippet:-1","max-image-preview":"max-image-preview:large","max-video-preview":"max-video-preview:-1"},"canonical":"https:\/\/regiaonews.net.br\/2022\/2023\/10\/19\/outubro-rosa-alunos-da-rede-municipal-de-ensino-participam-de-atividades-de-conscientizacao-sobre-o-cancer-de-mama\/","og_locale":"pt_BR","og_type":"article","og_title":"Outubro Rosa: Alunos da Rede Municipal de Ensino participam de conscientiza\u00e7\u00e3o - Regi\u00e3o News","og_description":"A\u00e7\u00f5es s\u00e3o desenvolvidas em parceria com o Projeto \u201cTalento Rosa\u201d,","og_url":"https:\/\/regiaonews.net.br\/2022\/2023\/10\/19\/outubro-rosa-alunos-da-rede-municipal-de-ensino-participam-de-atividades-de-conscientizacao-sobre-o-cancer-de-mama\/","og_site_name":"Regi\u00e3o News","article_published_time":"2023-10-19T14:14:04+00:00","article_modified_time":"2023-10-19T21:18:38+00:00","og_image":[{"width":1024,"height":589,"url":"https:\/\/regiaonews.net.br\/2022\/wp-content\/uploads\/2023\/10\/Imagem-do-WhatsApp-de-2023-10-19-as-10.21.03_8c5e85c7.jpg","type":"image\/jpeg"}],"author":"Roberto","twitter_card":"summary_large_image","twitter_misc":{"Escrito por":"Roberto","Est. tempo de leitura":"2 minutos"},"schema":{"@context":"https:\/\/schema.org","@graph":[{"@type":"Article","@id":"https:\/\/regiaonews.net.br\/2022\/2023\/10\/19\/outubro-rosa-alunos-da-rede-municipal-de-ensino-participam-de-atividades-de-conscientizacao-sobre-o-cancer-de-mama\/#article","isPartOf":{"@id":"https:\/\/regiaonews.net.br\/2022\/2023\/10\/19\/outubro-rosa-alunos-da-rede-municipal-de-ensino-participam-de-atividades-de-conscientizacao-sobre-o-cancer-de-mama\/"},"author":{"name":"Roberto","@id":"https:\/\/regiaonews.net.br\/2022\/#\/schema\/person\/2d205a608a5aa97ac279d7a5e6d89ad8"},"headline":"Outubro Rosa: Alunos da Rede Municipal de Ensino participam de conscientiza\u00e7\u00e3o","datePublished":"2023-10-19T14:14:04+00:00","dateModified":"2023-10-19T21:18:38+00:00","mainEntityOfPage":{"@id":"https:\/\/regiaonews.net.br\/2022\/2023\/10\/19\/outubro-rosa-alunos-da-rede-municipal-de-ensino-participam-de-atividades-de-conscientizacao-sobre-o-cancer-de-mama\/"},"wordCount":377,"commentCount":0,"publisher":{"@id":"https:\/\/regiaonews.net.br\/2022\/#organization"},"image":{"@id":"https:\/\/regiaonews.net.br\/2022\/2023\/10\/19\/outubro-rosa-alunos-da-rede-municipal-de-ensino-participam-de-atividades-de-conscientizacao-sobre-o-cancer-de-mama\/#primaryimage"},"thumbnailUrl":"https:\/\/regiaonews.net.br\/2022\/wp-content\/uploads\/2023\/10\/Imagem-do-WhatsApp-de-2023-10-19-as-10.21.03_8c5e85c7.jpg","articleSection":["Barretos","Geral"],"inLanguage":"pt-BR","potentialAction":[{"@type":"CommentAction","name":"Comment","target":["https:\/\/regiaonews.net.br\/2022\/2023\/10\/19\/outubro-rosa-alunos-da-rede-municipal-de-ensino-participam-de-atividades-de-conscientizacao-sobre-o-cancer-de-mama\/#respond"]}]},{"@type":"WebPage","@id":"https:\/\/regiaonews.net.br\/2022\/2023\/10\/19\/outubro-rosa-alunos-da-rede-municipal-de-ensino-participam-de-atividades-de-conscientizacao-sobre-o-cancer-de-mama\/","url":"https:\/\/regiaonews.net.br\/2022\/2023\/10\/19\/outubro-rosa-alunos-da-rede-municipal-de-ensino-participam-de-atividades-de-conscientizacao-sobre-o-cancer-de-mama\/","name":"Outubro Rosa: Alunos da Rede Municipal de Ensino participam de conscientiza\u00e7\u00e3o - Regi\u00e3o News","isPartOf":{"@id":"https:\/\/regiaonews.net.br\/2022\/#website"},"primaryImageOfPage":{"@id":"https:\/\/regiaonews.net.br\/2022\/2023\/10\/19\/outubro-rosa-alunos-da-rede-municipal-de-ensino-participam-de-atividades-de-conscientizacao-sobre-o-cancer-de-mama\/#primaryimage"},"image":{"@id":"https:\/\/regiaonews.net.br\/2022\/2023\/10\/19\/outubro-rosa-alunos-da-rede-municipal-de-ensino-participam-de-atividades-de-conscientizacao-sobre-o-cancer-de-mama\/#primaryimage"},"thumbnailUrl":"https:\/\/regiaonews.net.br\/2022\/wp-content\/uploads\/2023\/10\/Imagem-do-WhatsApp-de-2023-10-19-as-10.21.03_8c5e85c7.jpg","datePublished":"2023-10-19T14:14:04+00:00","dateModified":"2023-10-19T21:18:38+00:00","breadcrumb":{"@id":"https:\/\/regiaonews.net.br\/2022\/2023\/10\/19\/outubro-rosa-alunos-da-rede-municipal-de-ensino-participam-de-atividades-de-conscientizacao-sobre-o-cancer-de-mama\/#breadcrumb"},"inLanguage":"pt-BR","potentialAction":[{"@type":"ReadAction","target":["https:\/\/regiaonews.net.br\/2022\/2023\/10\/19\/outubro-rosa-alunos-da-rede-municipal-de-ensino-participam-de-atividades-de-conscientizacao-sobre-o-cancer-de-mama\/"]}]},{"@type":"ImageObject","inLanguage":"pt-BR","@id":"https:\/\/regiaonews.net.br\/2022\/2023\/10\/19\/outubro-rosa-alunos-da-rede-municipal-de-ensino-participam-de-atividades-de-conscientizacao-sobre-o-cancer-de-mama\/#primaryimage","url":"https:\/\/regiaonews.net.br\/2022\/wp-content\/uploads\/2023\/10\/Imagem-do-WhatsApp-de-2023-10-19-as-10.21.03_8c5e85c7.jpg","contentUrl":"https:\/\/regiaonews.net.br\/2022\/wp-content\/uploads\/2023\/10\/Imagem-do-WhatsApp-de-2023-10-19-as-10.21.03_8c5e85c7.jpg","width":1024,"height":589},{"@type":"BreadcrumbList","@id":"https:\/\/regiaonews.net.br\/2022\/2023\/10\/19\/outubro-rosa-alunos-da-rede-municipal-de-ensino-participam-de-atividades-de-conscientizacao-sobre-o-cancer-de-mama\/#breadcrumb","itemListElement":[{"@type":"ListItem","position":1,"name":"In\u00edcio","item":"https:\/\/regiaonews.net.br\/2022\/"},{"@type":"ListItem","position":2,"name":"Outubro Rosa: Alunos da Rede Municipal de Ensino participam de conscientiza\u00e7\u00e3o"}]},{"@type":"WebSite","@id":"https:\/\/regiaonews.net.br\/2022\/#website","url":"https:\/\/regiaonews.net.br\/2022\/","name":"Regi\u00e3o News","description":"Site de Not\u00edcias de Barretos e regi\u00e3o","publisher":{"@id":"https:\/\/regiaonews.net.br\/2022\/#organization"},"potentialAction":[{"@type":"SearchAction","target":{"@type":"EntryPoint","urlTemplate":"https:\/\/regiaonews.net.br\/2022\/?s={search_term_string}"},"query-input":{"@type":"PropertyValueSpecification","valueRequired":true,"valueName":"search_term_string"}}],"inLanguage":"pt-BR"},{"@type":"Organization","@id":"https:\/\/regiaonews.net.br\/2022\/#organization","name":"Regi\u00e3o News","url":"https:\/\/regiaonews.net.br\/2022\/","logo":{"@type":"ImageObject","inLanguage":"pt-BR","@id":"https:\/\/regiaonews.net.br\/2022\/#\/schema\/logo\/image\/","url":"https:\/\/regiaonews.net.br\/2022\/wp-content\/uploads\/2026\/03\/regiao-13-anos-scaled.jpg","contentUrl":"https:\/\/regiaonews.net.br\/2022\/wp-content\/uploads\/2026\/03\/regiao-13-anos-scaled.jpg","width":2560,"height":635,"caption":"Regi\u00e3o News"},"image":{"@id":"https:\/\/regiaonews.net.br\/2022\/#\/schema\/logo\/image\/"}},{"@type":"Person","@id":"https:\/\/regiaonews.net.br\/2022\/#\/schema\/person\/2d205a608a5aa97ac279d7a5e6d89ad8","name":"Roberto","image":{"@type":"ImageObject","inLanguage":"pt-BR","@id":"https:\/\/secure.gravatar.com\/avatar\/42749d8b712ff9d59ca93dc150494e5b55a44134482993f5baeb97e61b7ecc89?s=96&d=mm&r=g","url":"https:\/\/secure.gravatar.com\/avatar\/42749d8b712ff9d59ca93dc150494e5b55a44134482993f5baeb97e61b7ecc89?s=96&d=mm&r=g","contentUrl":"https:\/\/secure.gravatar.com\/avatar\/42749d8b712ff9d59ca93dc150494e5b55a44134482993f5baeb97e61b7ecc89?s=96&d=mm&r=g","caption":"Roberto"},"url":"https:\/\/regiaonews.net.br\/2022\/author\/roberto\/"}]}},"publishpress_future_action":{"enabled":false,"date":"2026-05-03 18:06:20","action":"change-status","newStatus":"draft","terms":[],"taxonomy":"category","extraData":[]},"publishpress_future_workflow_manual_trigger":{"enabledWorkflows":[]},"_links":{"self":[{"href":"https:\/\/regiaonews.net.br\/2022\/wp-json\/wp\/v2\/posts\/96682","targetHints":{"allow":["GET"]}}],"collection":[{"href":"https:\/\/regiaonews.net.br\/2022\/wp-json\/wp\/v2\/posts"}],"about":[{"href":"https:\/\/regiaonews.net.br\/2022\/wp-json\/wp\/v2\/types\/post"}],"author":[{"embeddable":true,"href":"https:\/\/regiaonews.net.br\/2022\/wp-json\/wp\/v2\/users\/2"}],"replies":[{"embeddable":true,"href":"https:\/\/regiaonews.net.br\/2022\/wp-json\/wp\/v2\/comments?post=96682"}],"version-history":[{"count":2,"href":"https:\/\/regiaonews.net.br\/2022\/wp-json\/wp\/v2\/posts\/96682\/revisions"}],"predecessor-version":[{"id":96701,"href":"https:\/\/regiaonews.net.br\/2022\/wp-json\/wp\/v2\/posts\/96682\/revisions\/96701"}],"wp:featuredmedia":[{"embeddable":true,"href":"https:\/\/regiaonews.net.br\/2022\/wp-json\/wp\/v2\/media\/96683"}],"wp:attachment":[{"href":"https:\/\/regiaonews.net.br\/2022\/wp-json\/wp\/v2\/media?parent=96682"}],"wp:term":[{"taxonomy":"category","embeddable":true,"href":"https:\/\/regiaonews.net.br\/2022\/wp-json\/wp\/v2\/categories?post=96682"},{"taxonomy":"post_tag","embeddable":true,"href":"https:\/\/regiaonews.net.br\/2022\/wp-json\/wp\/v2\/tags?post=96682"}],"curies":[{"name":"wp","href":"https:\/\/api.w.org\/{rel}","templated":true}]}}