{"id":96673,"date":"2023-10-18T20:18:54","date_gmt":"2023-10-18T23:18:54","guid":{"rendered":"https:\/\/regiaonews.net.br\/2022\/?p=96673"},"modified":"2023-10-18T20:18:54","modified_gmt":"2023-10-18T23:18:54","slug":"programa-pontos-mis-tem-sessoes-itinerantes-na-academia-barretense-de-cultura","status":"publish","type":"post","link":"https:\/\/regiaonews.net.br\/2022\/2023\/10\/18\/programa-pontos-mis-tem-sessoes-itinerantes-na-academia-barretense-de-cultura\/","title":{"rendered":"Programa Pontos MIS tem sess\u00f5es itinerantes na Academia Barretense de Cultura"},"content":{"rendered":"<p>Sess\u00f5es s\u00e3o gratuitas e abertas a toda a popula\u00e7\u00e3o<\/p>\n<p>O Programa Pontos MIS de difus\u00e3o audiovisual, em parceria com a Prefeitura da Est\u00e2ncia Tur\u00edstica de Barretos, por meio da Secretaria Municipal de Cultura, promove nesta quinta-feira, 19 de outubro, uma sess\u00e3o dupla do projeto Cinema Itinerante na Academia Barretense de Cultura (ABC).<br \/>\nOs filmes \u201cColegas\u201d e \u201cTr\u00eas Vidas e Um Sonho\u201d ser\u00e3o exibidos \u00e0s 19h30 e 21h, respectivamente. A entrada \u00e9 gratuita, com direito a pipoca e refrigerante.<br \/>\nA ABC fica na Rua 20, n\u00ba 1.425, no bairro Fortaleza.<\/p>\n<p>COLEGAS &#8211; 19h30<br \/>\nSinopse: Stallone, Aninha e M\u00e1rcio s\u00e3o bons amigos! Eles moram juntos em um instituto para portadores da s\u00edndrome de Down e, ap\u00f3s assistirem um filme na videoteca, saem em uma jornada com um carro roubado do jardineiro. O que pode dar errado para grandes sonhadores?<br \/>\nDire\u00e7\u00e3o: Marcelo Galv\u00e3o<br \/>\nClassifica\u00e7\u00e3o: Livre<br \/>\nPa\u00eds de produ\u00e7\u00e3o: Brasil<br \/>\nTempo de dura\u00e7\u00e3o: 94 min.<br \/>\nAno: 2013<\/p>\n<p>TR\u00caS VIDAS E UM SONHO &#8211; 21h<br \/>\nSinopse: Um document\u00e1rio narrado por tr\u00eas m\u00e3es que, precisando superar todos os preconceitos, criaram tr\u00eas filhos com s\u00edndrome de Down. Os filhos s\u00e3o personagens do filme &#8220;Colegas&#8221;, e foram capazes de realizar sonhos jamais sonhados por suas m\u00e3es.<br \/>\nDire\u00e7\u00e3o: Marcelo Galv\u00e3o<br \/>\nClassifica\u00e7\u00e3o: Livre<br \/>\nPa\u00eds de produ\u00e7\u00e3o: Brasil<br \/>\nTempo de dura\u00e7\u00e3o: 70 min<br \/>\nAno: 2022<\/p>\n","protected":false},"excerpt":{"rendered":"<p>Sess\u00f5es s\u00e3o gratuitas e abertas a toda a popula\u00e7\u00e3o O<\/p>\n","protected":false},"author":2,"featured_media":96674,"comment_status":"open","ping_status":"open","sticky":false,"template":"","format":"standard","meta":{"footnotes":""},"categories":[14],"tags":[],"class_list":["post-96673","post","type-post","status-publish","format-standard","has-post-thumbnail","hentry","category-barretos"],"yoast_head":"<!-- This site is optimized with the Yoast SEO plugin v27.4 - https:\/\/yoast.com\/product\/yoast-seo-wordpress\/ -->\n<title>Programa Pontos MIS tem sess\u00f5es itinerantes na Academia Barretense de Cultura - Regi\u00e3o News<\/title>\n<meta name=\"robots\" content=\"index, follow, max-snippet:-1, max-image-preview:large, max-video-preview:-1\" \/>\n<link rel=\"canonical\" href=\"https:\/\/regiaonews.net.br\/2022\/2023\/10\/18\/programa-pontos-mis-tem-sessoes-itinerantes-na-academia-barretense-de-cultura\/\" \/>\n<meta property=\"og:locale\" content=\"pt_BR\" \/>\n<meta property=\"og:type\" content=\"article\" \/>\n<meta property=\"og:title\" content=\"Programa Pontos MIS tem sess\u00f5es itinerantes na Academia Barretense de Cultura - Regi\u00e3o News\" \/>\n<meta property=\"og:description\" content=\"Sess\u00f5es s\u00e3o gratuitas e abertas a toda a popula\u00e7\u00e3o O\" \/>\n<meta property=\"og:url\" content=\"https:\/\/regiaonews.net.br\/2022\/2023\/10\/18\/programa-pontos-mis-tem-sessoes-itinerantes-na-academia-barretense-de-cultura\/\" \/>\n<meta property=\"og:site_name\" content=\"Regi\u00e3o News\" \/>\n<meta property=\"article:published_time\" content=\"2023-10-18T23:18:54+00:00\" \/>\n<meta property=\"og:image\" content=\"https:\/\/regiaonews.net.br\/2022\/wp-content\/uploads\/2023\/10\/WhatsApp-Image-2023-10-18-at-19.16.48.jpeg\" \/>\n\t<meta property=\"og:image:width\" content=\"1080\" \/>\n\t<meta property=\"og:image:height\" content=\"1080\" \/>\n\t<meta property=\"og:image:type\" content=\"image\/jpeg\" \/>\n<meta name=\"author\" content=\"Roberto\" \/>\n<meta name=\"twitter:card\" content=\"summary_large_image\" \/>\n<meta name=\"twitter:label1\" content=\"Escrito por\" \/>\n\t<meta name=\"twitter:data1\" content=\"Roberto\" \/>\n\t<meta name=\"twitter:label2\" content=\"Est. tempo de leitura\" \/>\n\t<meta name=\"twitter:data2\" content=\"2 minutos\" \/>\n<script type=\"application\/ld+json\" class=\"yoast-schema-graph\">{\"@context\":\"https:\\\/\\\/schema.org\",\"@graph\":[{\"@type\":\"Article\",\"@id\":\"https:\\\/\\\/regiaonews.net.br\\\/2022\\\/2023\\\/10\\\/18\\\/programa-pontos-mis-tem-sessoes-itinerantes-na-academia-barretense-de-cultura\\\/#article\",\"isPartOf\":{\"@id\":\"https:\\\/\\\/regiaonews.net.br\\\/2022\\\/2023\\\/10\\\/18\\\/programa-pontos-mis-tem-sessoes-itinerantes-na-academia-barretense-de-cultura\\\/\"},\"author\":{\"name\":\"Roberto\",\"@id\":\"https:\\\/\\\/regiaonews.net.br\\\/2022\\\/#\\\/schema\\\/person\\\/2d205a608a5aa97ac279d7a5e6d89ad8\"},\"headline\":\"Programa Pontos MIS tem sess\u00f5es itinerantes na Academia Barretense de Cultura\",\"datePublished\":\"2023-10-18T23:18:54+00:00\",\"mainEntityOfPage\":{\"@id\":\"https:\\\/\\\/regiaonews.net.br\\\/2022\\\/2023\\\/10\\\/18\\\/programa-pontos-mis-tem-sessoes-itinerantes-na-academia-barretense-de-cultura\\\/\"},\"wordCount\":251,\"commentCount\":0,\"publisher\":{\"@id\":\"https:\\\/\\\/regiaonews.net.br\\\/2022\\\/#organization\"},\"image\":{\"@id\":\"https:\\\/\\\/regiaonews.net.br\\\/2022\\\/2023\\\/10\\\/18\\\/programa-pontos-mis-tem-sessoes-itinerantes-na-academia-barretense-de-cultura\\\/#primaryimage\"},\"thumbnailUrl\":\"https:\\\/\\\/regiaonews.net.br\\\/2022\\\/wp-content\\\/uploads\\\/2023\\\/10\\\/WhatsApp-Image-2023-10-18-at-19.16.48.jpeg\",\"articleSection\":[\"Barretos\"],\"inLanguage\":\"pt-BR\",\"potentialAction\":[{\"@type\":\"CommentAction\",\"name\":\"Comment\",\"target\":[\"https:\\\/\\\/regiaonews.net.br\\\/2022\\\/2023\\\/10\\\/18\\\/programa-pontos-mis-tem-sessoes-itinerantes-na-academia-barretense-de-cultura\\\/#respond\"]}]},{\"@type\":\"WebPage\",\"@id\":\"https:\\\/\\\/regiaonews.net.br\\\/2022\\\/2023\\\/10\\\/18\\\/programa-pontos-mis-tem-sessoes-itinerantes-na-academia-barretense-de-cultura\\\/\",\"url\":\"https:\\\/\\\/regiaonews.net.br\\\/2022\\\/2023\\\/10\\\/18\\\/programa-pontos-mis-tem-sessoes-itinerantes-na-academia-barretense-de-cultura\\\/\",\"name\":\"Programa Pontos MIS tem sess\u00f5es itinerantes na Academia Barretense de Cultura - Regi\u00e3o News\",\"isPartOf\":{\"@id\":\"https:\\\/\\\/regiaonews.net.br\\\/2022\\\/#website\"},\"primaryImageOfPage\":{\"@id\":\"https:\\\/\\\/regiaonews.net.br\\\/2022\\\/2023\\\/10\\\/18\\\/programa-pontos-mis-tem-sessoes-itinerantes-na-academia-barretense-de-cultura\\\/#primaryimage\"},\"image\":{\"@id\":\"https:\\\/\\\/regiaonews.net.br\\\/2022\\\/2023\\\/10\\\/18\\\/programa-pontos-mis-tem-sessoes-itinerantes-na-academia-barretense-de-cultura\\\/#primaryimage\"},\"thumbnailUrl\":\"https:\\\/\\\/regiaonews.net.br\\\/2022\\\/wp-content\\\/uploads\\\/2023\\\/10\\\/WhatsApp-Image-2023-10-18-at-19.16.48.jpeg\",\"datePublished\":\"2023-10-18T23:18:54+00:00\",\"breadcrumb\":{\"@id\":\"https:\\\/\\\/regiaonews.net.br\\\/2022\\\/2023\\\/10\\\/18\\\/programa-pontos-mis-tem-sessoes-itinerantes-na-academia-barretense-de-cultura\\\/#breadcrumb\"},\"inLanguage\":\"pt-BR\",\"potentialAction\":[{\"@type\":\"ReadAction\",\"target\":[\"https:\\\/\\\/regiaonews.net.br\\\/2022\\\/2023\\\/10\\\/18\\\/programa-pontos-mis-tem-sessoes-itinerantes-na-academia-barretense-de-cultura\\\/\"]}]},{\"@type\":\"ImageObject\",\"inLanguage\":\"pt-BR\",\"@id\":\"https:\\\/\\\/regiaonews.net.br\\\/2022\\\/2023\\\/10\\\/18\\\/programa-pontos-mis-tem-sessoes-itinerantes-na-academia-barretense-de-cultura\\\/#primaryimage\",\"url\":\"https:\\\/\\\/regiaonews.net.br\\\/2022\\\/wp-content\\\/uploads\\\/2023\\\/10\\\/WhatsApp-Image-2023-10-18-at-19.16.48.jpeg\",\"contentUrl\":\"https:\\\/\\\/regiaonews.net.br\\\/2022\\\/wp-content\\\/uploads\\\/2023\\\/10\\\/WhatsApp-Image-2023-10-18-at-19.16.48.jpeg\",\"width\":1080,\"height\":1080},{\"@type\":\"BreadcrumbList\",\"@id\":\"https:\\\/\\\/regiaonews.net.br\\\/2022\\\/2023\\\/10\\\/18\\\/programa-pontos-mis-tem-sessoes-itinerantes-na-academia-barretense-de-cultura\\\/#breadcrumb\",\"itemListElement\":[{\"@type\":\"ListItem\",\"position\":1,\"name\":\"In\u00edcio\",\"item\":\"https:\\\/\\\/regiaonews.net.br\\\/2022\\\/\"},{\"@type\":\"ListItem\",\"position\":2,\"name\":\"Programa Pontos MIS tem sess\u00f5es itinerantes na Academia Barretense de Cultura\"}]},{\"@type\":\"WebSite\",\"@id\":\"https:\\\/\\\/regiaonews.net.br\\\/2022\\\/#website\",\"url\":\"https:\\\/\\\/regiaonews.net.br\\\/2022\\\/\",\"name\":\"Regi\u00e3o News\",\"description\":\"Site de Not\u00edcias de Barretos e regi\u00e3o\",\"publisher\":{\"@id\":\"https:\\\/\\\/regiaonews.net.br\\\/2022\\\/#organization\"},\"potentialAction\":[{\"@type\":\"SearchAction\",\"target\":{\"@type\":\"EntryPoint\",\"urlTemplate\":\"https:\\\/\\\/regiaonews.net.br\\\/2022\\\/?s={search_term_string}\"},\"query-input\":{\"@type\":\"PropertyValueSpecification\",\"valueRequired\":true,\"valueName\":\"search_term_string\"}}],\"inLanguage\":\"pt-BR\"},{\"@type\":\"Organization\",\"@id\":\"https:\\\/\\\/regiaonews.net.br\\\/2022\\\/#organization\",\"name\":\"Regi\u00e3o News\",\"url\":\"https:\\\/\\\/regiaonews.net.br\\\/2022\\\/\",\"logo\":{\"@type\":\"ImageObject\",\"inLanguage\":\"pt-BR\",\"@id\":\"https:\\\/\\\/regiaonews.net.br\\\/2022\\\/#\\\/schema\\\/logo\\\/image\\\/\",\"url\":\"https:\\\/\\\/regiaonews.net.br\\\/2022\\\/wp-content\\\/uploads\\\/2026\\\/03\\\/regiao-13-anos-scaled.jpg\",\"contentUrl\":\"https:\\\/\\\/regiaonews.net.br\\\/2022\\\/wp-content\\\/uploads\\\/2026\\\/03\\\/regiao-13-anos-scaled.jpg\",\"width\":2560,\"height\":635,\"caption\":\"Regi\u00e3o News\"},\"image\":{\"@id\":\"https:\\\/\\\/regiaonews.net.br\\\/2022\\\/#\\\/schema\\\/logo\\\/image\\\/\"}},{\"@type\":\"Person\",\"@id\":\"https:\\\/\\\/regiaonews.net.br\\\/2022\\\/#\\\/schema\\\/person\\\/2d205a608a5aa97ac279d7a5e6d89ad8\",\"name\":\"Roberto\",\"image\":{\"@type\":\"ImageObject\",\"inLanguage\":\"pt-BR\",\"@id\":\"https:\\\/\\\/secure.gravatar.com\\\/avatar\\\/42749d8b712ff9d59ca93dc150494e5b55a44134482993f5baeb97e61b7ecc89?s=96&d=mm&r=g\",\"url\":\"https:\\\/\\\/secure.gravatar.com\\\/avatar\\\/42749d8b712ff9d59ca93dc150494e5b55a44134482993f5baeb97e61b7ecc89?s=96&d=mm&r=g\",\"contentUrl\":\"https:\\\/\\\/secure.gravatar.com\\\/avatar\\\/42749d8b712ff9d59ca93dc150494e5b55a44134482993f5baeb97e61b7ecc89?s=96&d=mm&r=g\",\"caption\":\"Roberto\"},\"url\":\"https:\\\/\\\/regiaonews.net.br\\\/2022\\\/author\\\/roberto\\\/\"}]}<\/script>\n<!-- \/ Yoast SEO plugin. -->","yoast_head_json":{"title":"Programa Pontos MIS tem sess\u00f5es itinerantes na Academia Barretense de Cultura - Regi\u00e3o News","robots":{"index":"index","follow":"follow","max-snippet":"max-snippet:-1","max-image-preview":"max-image-preview:large","max-video-preview":"max-video-preview:-1"},"canonical":"https:\/\/regiaonews.net.br\/2022\/2023\/10\/18\/programa-pontos-mis-tem-sessoes-itinerantes-na-academia-barretense-de-cultura\/","og_locale":"pt_BR","og_type":"article","og_title":"Programa Pontos MIS tem sess\u00f5es itinerantes na Academia Barretense de Cultura - Regi\u00e3o News","og_description":"Sess\u00f5es s\u00e3o gratuitas e abertas a toda a popula\u00e7\u00e3o O","og_url":"https:\/\/regiaonews.net.br\/2022\/2023\/10\/18\/programa-pontos-mis-tem-sessoes-itinerantes-na-academia-barretense-de-cultura\/","og_site_name":"Regi\u00e3o News","article_published_time":"2023-10-18T23:18:54+00:00","og_image":[{"width":1080,"height":1080,"url":"https:\/\/regiaonews.net.br\/2022\/wp-content\/uploads\/2023\/10\/WhatsApp-Image-2023-10-18-at-19.16.48.jpeg","type":"image\/jpeg"}],"author":"Roberto","twitter_card":"summary_large_image","twitter_misc":{"Escrito por":"Roberto","Est. tempo de leitura":"2 minutos"},"schema":{"@context":"https:\/\/schema.org","@graph":[{"@type":"Article","@id":"https:\/\/regiaonews.net.br\/2022\/2023\/10\/18\/programa-pontos-mis-tem-sessoes-itinerantes-na-academia-barretense-de-cultura\/#article","isPartOf":{"@id":"https:\/\/regiaonews.net.br\/2022\/2023\/10\/18\/programa-pontos-mis-tem-sessoes-itinerantes-na-academia-barretense-de-cultura\/"},"author":{"name":"Roberto","@id":"https:\/\/regiaonews.net.br\/2022\/#\/schema\/person\/2d205a608a5aa97ac279d7a5e6d89ad8"},"headline":"Programa Pontos MIS tem sess\u00f5es itinerantes na Academia Barretense de Cultura","datePublished":"2023-10-18T23:18:54+00:00","mainEntityOfPage":{"@id":"https:\/\/regiaonews.net.br\/2022\/2023\/10\/18\/programa-pontos-mis-tem-sessoes-itinerantes-na-academia-barretense-de-cultura\/"},"wordCount":251,"commentCount":0,"publisher":{"@id":"https:\/\/regiaonews.net.br\/2022\/#organization"},"image":{"@id":"https:\/\/regiaonews.net.br\/2022\/2023\/10\/18\/programa-pontos-mis-tem-sessoes-itinerantes-na-academia-barretense-de-cultura\/#primaryimage"},"thumbnailUrl":"https:\/\/regiaonews.net.br\/2022\/wp-content\/uploads\/2023\/10\/WhatsApp-Image-2023-10-18-at-19.16.48.jpeg","articleSection":["Barretos"],"inLanguage":"pt-BR","potentialAction":[{"@type":"CommentAction","name":"Comment","target":["https:\/\/regiaonews.net.br\/2022\/2023\/10\/18\/programa-pontos-mis-tem-sessoes-itinerantes-na-academia-barretense-de-cultura\/#respond"]}]},{"@type":"WebPage","@id":"https:\/\/regiaonews.net.br\/2022\/2023\/10\/18\/programa-pontos-mis-tem-sessoes-itinerantes-na-academia-barretense-de-cultura\/","url":"https:\/\/regiaonews.net.br\/2022\/2023\/10\/18\/programa-pontos-mis-tem-sessoes-itinerantes-na-academia-barretense-de-cultura\/","name":"Programa Pontos MIS tem sess\u00f5es itinerantes na Academia Barretense de Cultura - Regi\u00e3o News","isPartOf":{"@id":"https:\/\/regiaonews.net.br\/2022\/#website"},"primaryImageOfPage":{"@id":"https:\/\/regiaonews.net.br\/2022\/2023\/10\/18\/programa-pontos-mis-tem-sessoes-itinerantes-na-academia-barretense-de-cultura\/#primaryimage"},"image":{"@id":"https:\/\/regiaonews.net.br\/2022\/2023\/10\/18\/programa-pontos-mis-tem-sessoes-itinerantes-na-academia-barretense-de-cultura\/#primaryimage"},"thumbnailUrl":"https:\/\/regiaonews.net.br\/2022\/wp-content\/uploads\/2023\/10\/WhatsApp-Image-2023-10-18-at-19.16.48.jpeg","datePublished":"2023-10-18T23:18:54+00:00","breadcrumb":{"@id":"https:\/\/regiaonews.net.br\/2022\/2023\/10\/18\/programa-pontos-mis-tem-sessoes-itinerantes-na-academia-barretense-de-cultura\/#breadcrumb"},"inLanguage":"pt-BR","potentialAction":[{"@type":"ReadAction","target":["https:\/\/regiaonews.net.br\/2022\/2023\/10\/18\/programa-pontos-mis-tem-sessoes-itinerantes-na-academia-barretense-de-cultura\/"]}]},{"@type":"ImageObject","inLanguage":"pt-BR","@id":"https:\/\/regiaonews.net.br\/2022\/2023\/10\/18\/programa-pontos-mis-tem-sessoes-itinerantes-na-academia-barretense-de-cultura\/#primaryimage","url":"https:\/\/regiaonews.net.br\/2022\/wp-content\/uploads\/2023\/10\/WhatsApp-Image-2023-10-18-at-19.16.48.jpeg","contentUrl":"https:\/\/regiaonews.net.br\/2022\/wp-content\/uploads\/2023\/10\/WhatsApp-Image-2023-10-18-at-19.16.48.jpeg","width":1080,"height":1080},{"@type":"BreadcrumbList","@id":"https:\/\/regiaonews.net.br\/2022\/2023\/10\/18\/programa-pontos-mis-tem-sessoes-itinerantes-na-academia-barretense-de-cultura\/#breadcrumb","itemListElement":[{"@type":"ListItem","position":1,"name":"In\u00edcio","item":"https:\/\/regiaonews.net.br\/2022\/"},{"@type":"ListItem","position":2,"name":"Programa Pontos MIS tem sess\u00f5es itinerantes na Academia Barretense de Cultura"}]},{"@type":"WebSite","@id":"https:\/\/regiaonews.net.br\/2022\/#website","url":"https:\/\/regiaonews.net.br\/2022\/","name":"Regi\u00e3o News","description":"Site de Not\u00edcias de Barretos e regi\u00e3o","publisher":{"@id":"https:\/\/regiaonews.net.br\/2022\/#organization"},"potentialAction":[{"@type":"SearchAction","target":{"@type":"EntryPoint","urlTemplate":"https:\/\/regiaonews.net.br\/2022\/?s={search_term_string}"},"query-input":{"@type":"PropertyValueSpecification","valueRequired":true,"valueName":"search_term_string"}}],"inLanguage":"pt-BR"},{"@type":"Organization","@id":"https:\/\/regiaonews.net.br\/2022\/#organization","name":"Regi\u00e3o News","url":"https:\/\/regiaonews.net.br\/2022\/","logo":{"@type":"ImageObject","inLanguage":"pt-BR","@id":"https:\/\/regiaonews.net.br\/2022\/#\/schema\/logo\/image\/","url":"https:\/\/regiaonews.net.br\/2022\/wp-content\/uploads\/2026\/03\/regiao-13-anos-scaled.jpg","contentUrl":"https:\/\/regiaonews.net.br\/2022\/wp-content\/uploads\/2026\/03\/regiao-13-anos-scaled.jpg","width":2560,"height":635,"caption":"Regi\u00e3o News"},"image":{"@id":"https:\/\/regiaonews.net.br\/2022\/#\/schema\/logo\/image\/"}},{"@type":"Person","@id":"https:\/\/regiaonews.net.br\/2022\/#\/schema\/person\/2d205a608a5aa97ac279d7a5e6d89ad8","name":"Roberto","image":{"@type":"ImageObject","inLanguage":"pt-BR","@id":"https:\/\/secure.gravatar.com\/avatar\/42749d8b712ff9d59ca93dc150494e5b55a44134482993f5baeb97e61b7ecc89?s=96&d=mm&r=g","url":"https:\/\/secure.gravatar.com\/avatar\/42749d8b712ff9d59ca93dc150494e5b55a44134482993f5baeb97e61b7ecc89?s=96&d=mm&r=g","contentUrl":"https:\/\/secure.gravatar.com\/avatar\/42749d8b712ff9d59ca93dc150494e5b55a44134482993f5baeb97e61b7ecc89?s=96&d=mm&r=g","caption":"Roberto"},"url":"https:\/\/regiaonews.net.br\/2022\/author\/roberto\/"}]}},"publishpress_future_action":{"enabled":false,"date":"2026-05-03 12:52:28","action":"change-status","newStatus":"draft","terms":[],"taxonomy":"category","extraData":[]},"publishpress_future_workflow_manual_trigger":{"enabledWorkflows":[]},"_links":{"self":[{"href":"https:\/\/regiaonews.net.br\/2022\/wp-json\/wp\/v2\/posts\/96673","targetHints":{"allow":["GET"]}}],"collection":[{"href":"https:\/\/regiaonews.net.br\/2022\/wp-json\/wp\/v2\/posts"}],"about":[{"href":"https:\/\/regiaonews.net.br\/2022\/wp-json\/wp\/v2\/types\/post"}],"author":[{"embeddable":true,"href":"https:\/\/regiaonews.net.br\/2022\/wp-json\/wp\/v2\/users\/2"}],"replies":[{"embeddable":true,"href":"https:\/\/regiaonews.net.br\/2022\/wp-json\/wp\/v2\/comments?post=96673"}],"version-history":[{"count":1,"href":"https:\/\/regiaonews.net.br\/2022\/wp-json\/wp\/v2\/posts\/96673\/revisions"}],"predecessor-version":[{"id":96675,"href":"https:\/\/regiaonews.net.br\/2022\/wp-json\/wp\/v2\/posts\/96673\/revisions\/96675"}],"wp:featuredmedia":[{"embeddable":true,"href":"https:\/\/regiaonews.net.br\/2022\/wp-json\/wp\/v2\/media\/96674"}],"wp:attachment":[{"href":"https:\/\/regiaonews.net.br\/2022\/wp-json\/wp\/v2\/media?parent=96673"}],"wp:term":[{"taxonomy":"category","embeddable":true,"href":"https:\/\/regiaonews.net.br\/2022\/wp-json\/wp\/v2\/categories?post=96673"},{"taxonomy":"post_tag","embeddable":true,"href":"https:\/\/regiaonews.net.br\/2022\/wp-json\/wp\/v2\/tags?post=96673"}],"curies":[{"name":"wp","href":"https:\/\/api.w.org\/{rel}","templated":true}]}}