{"id":96652,"date":"2023-10-18T14:50:57","date_gmt":"2023-10-18T17:50:57","guid":{"rendered":"https:\/\/regiaonews.net.br\/2022\/?p=96652"},"modified":"2023-10-18T14:50:57","modified_gmt":"2023-10-18T17:50:57","slug":"campanha-de-arrecadacao-de-alimentos-tem-inicio-no-north-shopping-barretos","status":"publish","type":"post","link":"https:\/\/regiaonews.net.br\/2022\/2023\/10\/18\/campanha-de-arrecadacao-de-alimentos-tem-inicio-no-north-shopping-barretos\/","title":{"rendered":"Campanha de arrecada\u00e7\u00e3o de alimentos tem in\u00edcio no North Shopping Barretos"},"content":{"rendered":"<p>Numa parceria com o Fundo Social de Solidariedade da Est\u00e2ncia Tur\u00edstica de Barretos, o North Shopping iniciou uma campanha para arrecada\u00e7\u00e3o de alimentos n\u00e3o perec\u00edveis e itens de higiene que tem como nome \u201cDoe com paix\u00e3o, encha um cora\u00e7\u00e3o!\u201d.<br \/>\nA partir desta quinta-feira, 19 de outubro, as doa\u00e7\u00f5es podem ser feitas, por qualquer pessoa ou empresa, no ponto de coleta localizado ao lado da esteira do Supermercado Savegnago, do centro de compras barretense.<br \/>\nO resultado das doa\u00e7\u00f5es se transformar\u00e1 em cestas b\u00e1sicas que ser\u00e3o repassadas \u00e0s fam\u00edlias em situa\u00e7\u00e3o de vulnerabilidade e emerg\u00eancia alimentar, que tenham cadastro junto ao Fundo Social de Solidariedade.<br \/>\nO gerente do North Shopping, Ricardo Martins Marques, explicou que faz parte da cultura empresarial do empreendimento participar de campanhas como essa. \u201cPrestes a completar nossos 13 anos de vida, temos a convic\u00e7\u00e3o que o North Shopping se tornou uma refer\u00eancia quando o assunto \u00e9 solidariedade, pois ao longo dessa hist\u00f3ria de sucesso sempre estivemos abertos a um diversidade de iniciativas, de feiras de artesanato a doa\u00e7\u00f5es de animais de estima\u00e7\u00e3o, de eventos grandiosos com renda solid\u00e1ria a campanhas de arrecada\u00e7\u00e3o de agasalhos ou alimentos. Temos muito orgulho da comunidade nos enxergar como uma empresa que tem a responsabilidade social na pr\u00e1tica e n\u00e3o apenas no discurso\u201d, encerrou.<\/p>\n<p>Servi\u00e7o:<\/p>\n<p>O que: Campanha \u201cDoe com paix\u00e3o, encha um cora\u00e7\u00e3o!\u201d.<\/p>\n<p>In\u00edcio: 19 de outubro<\/p>\n<p>Onde: Posto de arrecada\u00e7\u00e3o localizado pr\u00f3ximo a esteira do Supermercado Savegnago do North Shopping Barretos<\/p>\n<p>A\u00e7\u00e3o Social<\/p>\n<p>Foto:\u00a0Divulga\u00e7\u00e3o<\/p>\n","protected":false},"excerpt":{"rendered":"<p>Numa parceria com o Fundo Social de Solidariedade da Est\u00e2ncia<\/p>\n","protected":false},"author":2,"featured_media":96654,"comment_status":"open","ping_status":"open","sticky":false,"template":"","format":"standard","meta":{"footnotes":""},"categories":[14,3],"tags":[],"class_list":["post-96652","post","type-post","status-publish","format-standard","has-post-thumbnail","hentry","category-barretos","category-geral"],"yoast_head":"<!-- This site is optimized with the Yoast SEO plugin v27.4 - https:\/\/yoast.com\/product\/yoast-seo-wordpress\/ -->\n<title>Campanha de arrecada\u00e7\u00e3o de alimentos tem in\u00edcio no North Shopping Barretos - Regi\u00e3o News<\/title>\n<meta name=\"robots\" content=\"index, follow, max-snippet:-1, max-image-preview:large, max-video-preview:-1\" \/>\n<link rel=\"canonical\" href=\"https:\/\/regiaonews.net.br\/2022\/2023\/10\/18\/campanha-de-arrecadacao-de-alimentos-tem-inicio-no-north-shopping-barretos\/\" \/>\n<meta property=\"og:locale\" content=\"pt_BR\" \/>\n<meta property=\"og:type\" content=\"article\" \/>\n<meta property=\"og:title\" content=\"Campanha de arrecada\u00e7\u00e3o de alimentos tem in\u00edcio no North Shopping Barretos - Regi\u00e3o News\" \/>\n<meta property=\"og:description\" content=\"Numa parceria com o Fundo Social de Solidariedade da Est\u00e2ncia\" \/>\n<meta property=\"og:url\" content=\"https:\/\/regiaonews.net.br\/2022\/2023\/10\/18\/campanha-de-arrecadacao-de-alimentos-tem-inicio-no-north-shopping-barretos\/\" \/>\n<meta property=\"og:site_name\" content=\"Regi\u00e3o News\" \/>\n<meta property=\"article:published_time\" content=\"2023-10-18T17:50:57+00:00\" \/>\n<meta property=\"og:image\" content=\"https:\/\/regiaonews.net.br\/2022\/wp-content\/uploads\/2023\/10\/Imagem-do-WhatsApp-de-2023-10-18-as-13.24.55_ba0cb2f8.jpg\" \/>\n\t<meta property=\"og:image:width\" content=\"1500\" \/>\n\t<meta property=\"og:image:height\" content=\"1500\" \/>\n\t<meta property=\"og:image:type\" content=\"image\/jpeg\" \/>\n<meta name=\"author\" content=\"Roberto\" \/>\n<meta name=\"twitter:card\" content=\"summary_large_image\" \/>\n<meta name=\"twitter:label1\" content=\"Escrito por\" \/>\n\t<meta name=\"twitter:data1\" content=\"Roberto\" \/>\n\t<meta name=\"twitter:label2\" content=\"Est. tempo de leitura\" \/>\n\t<meta name=\"twitter:data2\" content=\"2 minutos\" \/>\n<script type=\"application\/ld+json\" class=\"yoast-schema-graph\">{\"@context\":\"https:\\\/\\\/schema.org\",\"@graph\":[{\"@type\":\"Article\",\"@id\":\"https:\\\/\\\/regiaonews.net.br\\\/2022\\\/2023\\\/10\\\/18\\\/campanha-de-arrecadacao-de-alimentos-tem-inicio-no-north-shopping-barretos\\\/#article\",\"isPartOf\":{\"@id\":\"https:\\\/\\\/regiaonews.net.br\\\/2022\\\/2023\\\/10\\\/18\\\/campanha-de-arrecadacao-de-alimentos-tem-inicio-no-north-shopping-barretos\\\/\"},\"author\":{\"name\":\"Roberto\",\"@id\":\"https:\\\/\\\/regiaonews.net.br\\\/2022\\\/#\\\/schema\\\/person\\\/2d205a608a5aa97ac279d7a5e6d89ad8\"},\"headline\":\"Campanha de arrecada\u00e7\u00e3o de alimentos tem in\u00edcio no North Shopping Barretos\",\"datePublished\":\"2023-10-18T17:50:57+00:00\",\"mainEntityOfPage\":{\"@id\":\"https:\\\/\\\/regiaonews.net.br\\\/2022\\\/2023\\\/10\\\/18\\\/campanha-de-arrecadacao-de-alimentos-tem-inicio-no-north-shopping-barretos\\\/\"},\"wordCount\":284,\"commentCount\":0,\"publisher\":{\"@id\":\"https:\\\/\\\/regiaonews.net.br\\\/2022\\\/#organization\"},\"image\":{\"@id\":\"https:\\\/\\\/regiaonews.net.br\\\/2022\\\/2023\\\/10\\\/18\\\/campanha-de-arrecadacao-de-alimentos-tem-inicio-no-north-shopping-barretos\\\/#primaryimage\"},\"thumbnailUrl\":\"https:\\\/\\\/regiaonews.net.br\\\/2022\\\/wp-content\\\/uploads\\\/2023\\\/10\\\/Imagem-do-WhatsApp-de-2023-10-18-as-13.24.55_ba0cb2f8.jpg\",\"articleSection\":[\"Barretos\",\"Geral\"],\"inLanguage\":\"pt-BR\",\"potentialAction\":[{\"@type\":\"CommentAction\",\"name\":\"Comment\",\"target\":[\"https:\\\/\\\/regiaonews.net.br\\\/2022\\\/2023\\\/10\\\/18\\\/campanha-de-arrecadacao-de-alimentos-tem-inicio-no-north-shopping-barretos\\\/#respond\"]}]},{\"@type\":\"WebPage\",\"@id\":\"https:\\\/\\\/regiaonews.net.br\\\/2022\\\/2023\\\/10\\\/18\\\/campanha-de-arrecadacao-de-alimentos-tem-inicio-no-north-shopping-barretos\\\/\",\"url\":\"https:\\\/\\\/regiaonews.net.br\\\/2022\\\/2023\\\/10\\\/18\\\/campanha-de-arrecadacao-de-alimentos-tem-inicio-no-north-shopping-barretos\\\/\",\"name\":\"Campanha de arrecada\u00e7\u00e3o de alimentos tem in\u00edcio no North Shopping Barretos - Regi\u00e3o News\",\"isPartOf\":{\"@id\":\"https:\\\/\\\/regiaonews.net.br\\\/2022\\\/#website\"},\"primaryImageOfPage\":{\"@id\":\"https:\\\/\\\/regiaonews.net.br\\\/2022\\\/2023\\\/10\\\/18\\\/campanha-de-arrecadacao-de-alimentos-tem-inicio-no-north-shopping-barretos\\\/#primaryimage\"},\"image\":{\"@id\":\"https:\\\/\\\/regiaonews.net.br\\\/2022\\\/2023\\\/10\\\/18\\\/campanha-de-arrecadacao-de-alimentos-tem-inicio-no-north-shopping-barretos\\\/#primaryimage\"},\"thumbnailUrl\":\"https:\\\/\\\/regiaonews.net.br\\\/2022\\\/wp-content\\\/uploads\\\/2023\\\/10\\\/Imagem-do-WhatsApp-de-2023-10-18-as-13.24.55_ba0cb2f8.jpg\",\"datePublished\":\"2023-10-18T17:50:57+00:00\",\"breadcrumb\":{\"@id\":\"https:\\\/\\\/regiaonews.net.br\\\/2022\\\/2023\\\/10\\\/18\\\/campanha-de-arrecadacao-de-alimentos-tem-inicio-no-north-shopping-barretos\\\/#breadcrumb\"},\"inLanguage\":\"pt-BR\",\"potentialAction\":[{\"@type\":\"ReadAction\",\"target\":[\"https:\\\/\\\/regiaonews.net.br\\\/2022\\\/2023\\\/10\\\/18\\\/campanha-de-arrecadacao-de-alimentos-tem-inicio-no-north-shopping-barretos\\\/\"]}]},{\"@type\":\"ImageObject\",\"inLanguage\":\"pt-BR\",\"@id\":\"https:\\\/\\\/regiaonews.net.br\\\/2022\\\/2023\\\/10\\\/18\\\/campanha-de-arrecadacao-de-alimentos-tem-inicio-no-north-shopping-barretos\\\/#primaryimage\",\"url\":\"https:\\\/\\\/regiaonews.net.br\\\/2022\\\/wp-content\\\/uploads\\\/2023\\\/10\\\/Imagem-do-WhatsApp-de-2023-10-18-as-13.24.55_ba0cb2f8.jpg\",\"contentUrl\":\"https:\\\/\\\/regiaonews.net.br\\\/2022\\\/wp-content\\\/uploads\\\/2023\\\/10\\\/Imagem-do-WhatsApp-de-2023-10-18-as-13.24.55_ba0cb2f8.jpg\",\"width\":1500,\"height\":1500},{\"@type\":\"BreadcrumbList\",\"@id\":\"https:\\\/\\\/regiaonews.net.br\\\/2022\\\/2023\\\/10\\\/18\\\/campanha-de-arrecadacao-de-alimentos-tem-inicio-no-north-shopping-barretos\\\/#breadcrumb\",\"itemListElement\":[{\"@type\":\"ListItem\",\"position\":1,\"name\":\"In\u00edcio\",\"item\":\"https:\\\/\\\/regiaonews.net.br\\\/2022\\\/\"},{\"@type\":\"ListItem\",\"position\":2,\"name\":\"Campanha de arrecada\u00e7\u00e3o de alimentos tem in\u00edcio no North Shopping Barretos\"}]},{\"@type\":\"WebSite\",\"@id\":\"https:\\\/\\\/regiaonews.net.br\\\/2022\\\/#website\",\"url\":\"https:\\\/\\\/regiaonews.net.br\\\/2022\\\/\",\"name\":\"Regi\u00e3o News\",\"description\":\"Site de Not\u00edcias de Barretos e regi\u00e3o\",\"publisher\":{\"@id\":\"https:\\\/\\\/regiaonews.net.br\\\/2022\\\/#organization\"},\"potentialAction\":[{\"@type\":\"SearchAction\",\"target\":{\"@type\":\"EntryPoint\",\"urlTemplate\":\"https:\\\/\\\/regiaonews.net.br\\\/2022\\\/?s={search_term_string}\"},\"query-input\":{\"@type\":\"PropertyValueSpecification\",\"valueRequired\":true,\"valueName\":\"search_term_string\"}}],\"inLanguage\":\"pt-BR\"},{\"@type\":\"Organization\",\"@id\":\"https:\\\/\\\/regiaonews.net.br\\\/2022\\\/#organization\",\"name\":\"Regi\u00e3o News\",\"url\":\"https:\\\/\\\/regiaonews.net.br\\\/2022\\\/\",\"logo\":{\"@type\":\"ImageObject\",\"inLanguage\":\"pt-BR\",\"@id\":\"https:\\\/\\\/regiaonews.net.br\\\/2022\\\/#\\\/schema\\\/logo\\\/image\\\/\",\"url\":\"https:\\\/\\\/regiaonews.net.br\\\/2022\\\/wp-content\\\/uploads\\\/2026\\\/03\\\/regiao-13-anos-scaled.jpg\",\"contentUrl\":\"https:\\\/\\\/regiaonews.net.br\\\/2022\\\/wp-content\\\/uploads\\\/2026\\\/03\\\/regiao-13-anos-scaled.jpg\",\"width\":2560,\"height\":635,\"caption\":\"Regi\u00e3o News\"},\"image\":{\"@id\":\"https:\\\/\\\/regiaonews.net.br\\\/2022\\\/#\\\/schema\\\/logo\\\/image\\\/\"}},{\"@type\":\"Person\",\"@id\":\"https:\\\/\\\/regiaonews.net.br\\\/2022\\\/#\\\/schema\\\/person\\\/2d205a608a5aa97ac279d7a5e6d89ad8\",\"name\":\"Roberto\",\"image\":{\"@type\":\"ImageObject\",\"inLanguage\":\"pt-BR\",\"@id\":\"https:\\\/\\\/secure.gravatar.com\\\/avatar\\\/42749d8b712ff9d59ca93dc150494e5b55a44134482993f5baeb97e61b7ecc89?s=96&d=mm&r=g\",\"url\":\"https:\\\/\\\/secure.gravatar.com\\\/avatar\\\/42749d8b712ff9d59ca93dc150494e5b55a44134482993f5baeb97e61b7ecc89?s=96&d=mm&r=g\",\"contentUrl\":\"https:\\\/\\\/secure.gravatar.com\\\/avatar\\\/42749d8b712ff9d59ca93dc150494e5b55a44134482993f5baeb97e61b7ecc89?s=96&d=mm&r=g\",\"caption\":\"Roberto\"},\"url\":\"https:\\\/\\\/regiaonews.net.br\\\/2022\\\/author\\\/roberto\\\/\"}]}<\/script>\n<!-- \/ Yoast SEO plugin. -->","yoast_head_json":{"title":"Campanha de arrecada\u00e7\u00e3o de alimentos tem in\u00edcio no North Shopping Barretos - Regi\u00e3o News","robots":{"index":"index","follow":"follow","max-snippet":"max-snippet:-1","max-image-preview":"max-image-preview:large","max-video-preview":"max-video-preview:-1"},"canonical":"https:\/\/regiaonews.net.br\/2022\/2023\/10\/18\/campanha-de-arrecadacao-de-alimentos-tem-inicio-no-north-shopping-barretos\/","og_locale":"pt_BR","og_type":"article","og_title":"Campanha de arrecada\u00e7\u00e3o de alimentos tem in\u00edcio no North Shopping Barretos - Regi\u00e3o News","og_description":"Numa parceria com o Fundo Social de Solidariedade da Est\u00e2ncia","og_url":"https:\/\/regiaonews.net.br\/2022\/2023\/10\/18\/campanha-de-arrecadacao-de-alimentos-tem-inicio-no-north-shopping-barretos\/","og_site_name":"Regi\u00e3o News","article_published_time":"2023-10-18T17:50:57+00:00","og_image":[{"width":1500,"height":1500,"url":"https:\/\/regiaonews.net.br\/2022\/wp-content\/uploads\/2023\/10\/Imagem-do-WhatsApp-de-2023-10-18-as-13.24.55_ba0cb2f8.jpg","type":"image\/jpeg"}],"author":"Roberto","twitter_card":"summary_large_image","twitter_misc":{"Escrito por":"Roberto","Est. tempo de leitura":"2 minutos"},"schema":{"@context":"https:\/\/schema.org","@graph":[{"@type":"Article","@id":"https:\/\/regiaonews.net.br\/2022\/2023\/10\/18\/campanha-de-arrecadacao-de-alimentos-tem-inicio-no-north-shopping-barretos\/#article","isPartOf":{"@id":"https:\/\/regiaonews.net.br\/2022\/2023\/10\/18\/campanha-de-arrecadacao-de-alimentos-tem-inicio-no-north-shopping-barretos\/"},"author":{"name":"Roberto","@id":"https:\/\/regiaonews.net.br\/2022\/#\/schema\/person\/2d205a608a5aa97ac279d7a5e6d89ad8"},"headline":"Campanha de arrecada\u00e7\u00e3o de alimentos tem in\u00edcio no North Shopping Barretos","datePublished":"2023-10-18T17:50:57+00:00","mainEntityOfPage":{"@id":"https:\/\/regiaonews.net.br\/2022\/2023\/10\/18\/campanha-de-arrecadacao-de-alimentos-tem-inicio-no-north-shopping-barretos\/"},"wordCount":284,"commentCount":0,"publisher":{"@id":"https:\/\/regiaonews.net.br\/2022\/#organization"},"image":{"@id":"https:\/\/regiaonews.net.br\/2022\/2023\/10\/18\/campanha-de-arrecadacao-de-alimentos-tem-inicio-no-north-shopping-barretos\/#primaryimage"},"thumbnailUrl":"https:\/\/regiaonews.net.br\/2022\/wp-content\/uploads\/2023\/10\/Imagem-do-WhatsApp-de-2023-10-18-as-13.24.55_ba0cb2f8.jpg","articleSection":["Barretos","Geral"],"inLanguage":"pt-BR","potentialAction":[{"@type":"CommentAction","name":"Comment","target":["https:\/\/regiaonews.net.br\/2022\/2023\/10\/18\/campanha-de-arrecadacao-de-alimentos-tem-inicio-no-north-shopping-barretos\/#respond"]}]},{"@type":"WebPage","@id":"https:\/\/regiaonews.net.br\/2022\/2023\/10\/18\/campanha-de-arrecadacao-de-alimentos-tem-inicio-no-north-shopping-barretos\/","url":"https:\/\/regiaonews.net.br\/2022\/2023\/10\/18\/campanha-de-arrecadacao-de-alimentos-tem-inicio-no-north-shopping-barretos\/","name":"Campanha de arrecada\u00e7\u00e3o de alimentos tem in\u00edcio no North Shopping Barretos - Regi\u00e3o News","isPartOf":{"@id":"https:\/\/regiaonews.net.br\/2022\/#website"},"primaryImageOfPage":{"@id":"https:\/\/regiaonews.net.br\/2022\/2023\/10\/18\/campanha-de-arrecadacao-de-alimentos-tem-inicio-no-north-shopping-barretos\/#primaryimage"},"image":{"@id":"https:\/\/regiaonews.net.br\/2022\/2023\/10\/18\/campanha-de-arrecadacao-de-alimentos-tem-inicio-no-north-shopping-barretos\/#primaryimage"},"thumbnailUrl":"https:\/\/regiaonews.net.br\/2022\/wp-content\/uploads\/2023\/10\/Imagem-do-WhatsApp-de-2023-10-18-as-13.24.55_ba0cb2f8.jpg","datePublished":"2023-10-18T17:50:57+00:00","breadcrumb":{"@id":"https:\/\/regiaonews.net.br\/2022\/2023\/10\/18\/campanha-de-arrecadacao-de-alimentos-tem-inicio-no-north-shopping-barretos\/#breadcrumb"},"inLanguage":"pt-BR","potentialAction":[{"@type":"ReadAction","target":["https:\/\/regiaonews.net.br\/2022\/2023\/10\/18\/campanha-de-arrecadacao-de-alimentos-tem-inicio-no-north-shopping-barretos\/"]}]},{"@type":"ImageObject","inLanguage":"pt-BR","@id":"https:\/\/regiaonews.net.br\/2022\/2023\/10\/18\/campanha-de-arrecadacao-de-alimentos-tem-inicio-no-north-shopping-barretos\/#primaryimage","url":"https:\/\/regiaonews.net.br\/2022\/wp-content\/uploads\/2023\/10\/Imagem-do-WhatsApp-de-2023-10-18-as-13.24.55_ba0cb2f8.jpg","contentUrl":"https:\/\/regiaonews.net.br\/2022\/wp-content\/uploads\/2023\/10\/Imagem-do-WhatsApp-de-2023-10-18-as-13.24.55_ba0cb2f8.jpg","width":1500,"height":1500},{"@type":"BreadcrumbList","@id":"https:\/\/regiaonews.net.br\/2022\/2023\/10\/18\/campanha-de-arrecadacao-de-alimentos-tem-inicio-no-north-shopping-barretos\/#breadcrumb","itemListElement":[{"@type":"ListItem","position":1,"name":"In\u00edcio","item":"https:\/\/regiaonews.net.br\/2022\/"},{"@type":"ListItem","position":2,"name":"Campanha de arrecada\u00e7\u00e3o de alimentos tem in\u00edcio no North Shopping Barretos"}]},{"@type":"WebSite","@id":"https:\/\/regiaonews.net.br\/2022\/#website","url":"https:\/\/regiaonews.net.br\/2022\/","name":"Regi\u00e3o News","description":"Site de Not\u00edcias de Barretos e regi\u00e3o","publisher":{"@id":"https:\/\/regiaonews.net.br\/2022\/#organization"},"potentialAction":[{"@type":"SearchAction","target":{"@type":"EntryPoint","urlTemplate":"https:\/\/regiaonews.net.br\/2022\/?s={search_term_string}"},"query-input":{"@type":"PropertyValueSpecification","valueRequired":true,"valueName":"search_term_string"}}],"inLanguage":"pt-BR"},{"@type":"Organization","@id":"https:\/\/regiaonews.net.br\/2022\/#organization","name":"Regi\u00e3o News","url":"https:\/\/regiaonews.net.br\/2022\/","logo":{"@type":"ImageObject","inLanguage":"pt-BR","@id":"https:\/\/regiaonews.net.br\/2022\/#\/schema\/logo\/image\/","url":"https:\/\/regiaonews.net.br\/2022\/wp-content\/uploads\/2026\/03\/regiao-13-anos-scaled.jpg","contentUrl":"https:\/\/regiaonews.net.br\/2022\/wp-content\/uploads\/2026\/03\/regiao-13-anos-scaled.jpg","width":2560,"height":635,"caption":"Regi\u00e3o News"},"image":{"@id":"https:\/\/regiaonews.net.br\/2022\/#\/schema\/logo\/image\/"}},{"@type":"Person","@id":"https:\/\/regiaonews.net.br\/2022\/#\/schema\/person\/2d205a608a5aa97ac279d7a5e6d89ad8","name":"Roberto","image":{"@type":"ImageObject","inLanguage":"pt-BR","@id":"https:\/\/secure.gravatar.com\/avatar\/42749d8b712ff9d59ca93dc150494e5b55a44134482993f5baeb97e61b7ecc89?s=96&d=mm&r=g","url":"https:\/\/secure.gravatar.com\/avatar\/42749d8b712ff9d59ca93dc150494e5b55a44134482993f5baeb97e61b7ecc89?s=96&d=mm&r=g","contentUrl":"https:\/\/secure.gravatar.com\/avatar\/42749d8b712ff9d59ca93dc150494e5b55a44134482993f5baeb97e61b7ecc89?s=96&d=mm&r=g","caption":"Roberto"},"url":"https:\/\/regiaonews.net.br\/2022\/author\/roberto\/"}]}},"publishpress_future_action":{"enabled":false,"date":"2026-05-03 06:20:28","action":"change-status","newStatus":"draft","terms":[],"taxonomy":"category","extraData":[]},"publishpress_future_workflow_manual_trigger":{"enabledWorkflows":[]},"_links":{"self":[{"href":"https:\/\/regiaonews.net.br\/2022\/wp-json\/wp\/v2\/posts\/96652","targetHints":{"allow":["GET"]}}],"collection":[{"href":"https:\/\/regiaonews.net.br\/2022\/wp-json\/wp\/v2\/posts"}],"about":[{"href":"https:\/\/regiaonews.net.br\/2022\/wp-json\/wp\/v2\/types\/post"}],"author":[{"embeddable":true,"href":"https:\/\/regiaonews.net.br\/2022\/wp-json\/wp\/v2\/users\/2"}],"replies":[{"embeddable":true,"href":"https:\/\/regiaonews.net.br\/2022\/wp-json\/wp\/v2\/comments?post=96652"}],"version-history":[{"count":1,"href":"https:\/\/regiaonews.net.br\/2022\/wp-json\/wp\/v2\/posts\/96652\/revisions"}],"predecessor-version":[{"id":96655,"href":"https:\/\/regiaonews.net.br\/2022\/wp-json\/wp\/v2\/posts\/96652\/revisions\/96655"}],"wp:featuredmedia":[{"embeddable":true,"href":"https:\/\/regiaonews.net.br\/2022\/wp-json\/wp\/v2\/media\/96654"}],"wp:attachment":[{"href":"https:\/\/regiaonews.net.br\/2022\/wp-json\/wp\/v2\/media?parent=96652"}],"wp:term":[{"taxonomy":"category","embeddable":true,"href":"https:\/\/regiaonews.net.br\/2022\/wp-json\/wp\/v2\/categories?post=96652"},{"taxonomy":"post_tag","embeddable":true,"href":"https:\/\/regiaonews.net.br\/2022\/wp-json\/wp\/v2\/tags?post=96652"}],"curies":[{"name":"wp","href":"https:\/\/api.w.org\/{rel}","templated":true}]}}