{"id":96646,"date":"2023-10-18T13:08:58","date_gmt":"2023-10-18T16:08:58","guid":{"rendered":"https:\/\/regiaonews.net.br\/2022\/?p=96646"},"modified":"2023-10-18T13:08:58","modified_gmt":"2023-10-18T16:08:58","slug":"saae-barretos-iniciara-a-substituicao-da-bomba-do-poco-dom-bosco-no-dia-23-de-outubro","status":"publish","type":"post","link":"https:\/\/regiaonews.net.br\/2022\/2023\/10\/18\/saae-barretos-iniciara-a-substituicao-da-bomba-do-poco-dom-bosco-no-dia-23-de-outubro\/","title":{"rendered":"SAAE Barretos iniciar\u00e1 a substitui\u00e7\u00e3o da bomba do Po\u00e7o Dom Bosco no dia 23 de outubro"},"content":{"rendered":"<h3 style=\"text-align: center;\">Substitui\u00e7\u00e3o visa a melhoria do abastecimento de \u00e1gua na regi\u00e3o norte da cidade.<\/h3>\n<p>O Servi\u00e7o Aut\u00f4nomo de \u00c1gua e Esgoto de Barretos (SAAEB) realizar\u00e1 a retirada do sistema de bombeamento provis\u00f3rio do po\u00e7o da unidade de abastecimento Dom Bosco na pr\u00f3xima segunda-feira, dia 23 de outubro. O procedimento ser\u00e1 necess\u00e1rio para garantir a efici\u00eancia cont\u00ednua do sistema de abastecimento de \u00e1gua na regi\u00e3o norte da cidade.<\/p>\n<p>O trabalho de recoloca\u00e7\u00e3o da bomba original est\u00e1 programado para come\u00e7ar no dia 24 (ter\u00e7a-feira), com previs\u00e3o de conclus\u00e3o na sexta-feira, dia 27 de outubro.<\/p>\n<p>O Diretor T\u00e9cnico do SAAE Barretos, Marco Seiji, esclarece \u201cque durante o processo de substitui\u00e7\u00e3o, apenas a parte alta dos bairros abastecidos pelo po\u00e7o Dom Bosco poder\u00e1 sentir uma diminui\u00e7\u00e3o na press\u00e3o da \u00e1gua ou falta tempor\u00e1ria durante certos per\u00edodos do dia\u201d. Ele assegura que o SAAEB realizar\u00e1 manobras cuidadosas para minimizar o impacto dessas interrup\u00e7\u00f5es.<\/p>\n<p>As manobras referem-se a ajustes operacionais no sistema de distribui\u00e7\u00e3o, cuidadosamente planejados para garantir que o menor n\u00famero poss\u00edvel de moradores seja afetado pelas interrup\u00e7\u00f5es tempor\u00e1rias.<\/p>\n<p>&#8220;Compreendemos a import\u00e2ncia vital do abastecimento de \u00e1gua para os moradores da regi\u00e3o norte de Barretos e pedimos a colabora\u00e7\u00e3o e compreens\u00e3o de todos durante esse per\u00edodo n\u00e3o desperdi\u00e7ando \u00e1gua, para que assim haja a press\u00e3o necess\u00e1ria durante as manobras que ser\u00e3o realizadas. Essa substitui\u00e7\u00e3o \u00e9 crucial para melhorar a confiabilidade e efici\u00eancia do nosso sistema, e estamos trabalhando incansavelmente para garantir que as interrup\u00e7\u00f5es sejam mantidas no m\u00ednimo absoluto&#8221;, enfatiza Marco Seiji.<\/p>\n<p>O superintendente Marcelo Borges acrescenta que \u201cessa substitui\u00e7\u00e3o \u00e9 um passo necess\u00e1rio para restabelecer o sistema original de capta\u00e7\u00e3o para a \u00e1rea abastecida pelo po\u00e7o Dom Bosco. \u201cPedimos a compreens\u00e3o n\u00e3o desperdi\u00e7ando \u00e1gua, assim poderemos promover o menor impacto poss\u00edvel aos moradores dessa regi\u00e3o. E durante todo o trabalho disponibilizaremos caminh\u00e3o-pipa para abastecer os locais mais afetados&#8221;, finaliza.<\/p>\n<p>Quem precisar de caminh\u00e3o-pipa pode solicitar gratuitamente pelo telefone: (17) 3321-5300.<\/p>\n<p>www.saaeb.com.br<\/p>\n","protected":false},"excerpt":{"rendered":"<p>Substitui\u00e7\u00e3o visa a melhoria do abastecimento de \u00e1gua na regi\u00e3o<\/p>\n","protected":false},"author":2,"featured_media":96647,"comment_status":"open","ping_status":"open","sticky":false,"template":"","format":"standard","meta":{"footnotes":""},"categories":[14,3],"tags":[],"class_list":["post-96646","post","type-post","status-publish","format-standard","has-post-thumbnail","hentry","category-barretos","category-geral"],"yoast_head":"<!-- This site is optimized with the Yoast SEO plugin v27.4 - https:\/\/yoast.com\/product\/yoast-seo-wordpress\/ -->\n<title>SAAE Barretos iniciar\u00e1 a substitui\u00e7\u00e3o da bomba do Po\u00e7o Dom Bosco no dia 23 de outubro - Regi\u00e3o News<\/title>\n<meta name=\"robots\" content=\"index, follow, max-snippet:-1, max-image-preview:large, max-video-preview:-1\" \/>\n<link rel=\"canonical\" href=\"https:\/\/regiaonews.net.br\/2022\/2023\/10\/18\/saae-barretos-iniciara-a-substituicao-da-bomba-do-poco-dom-bosco-no-dia-23-de-outubro\/\" \/>\n<meta property=\"og:locale\" content=\"pt_BR\" \/>\n<meta property=\"og:type\" content=\"article\" \/>\n<meta property=\"og:title\" content=\"SAAE Barretos iniciar\u00e1 a substitui\u00e7\u00e3o da bomba do Po\u00e7o Dom Bosco no dia 23 de outubro - Regi\u00e3o News\" \/>\n<meta property=\"og:description\" content=\"Substitui\u00e7\u00e3o visa a melhoria do abastecimento de \u00e1gua na regi\u00e3o\" \/>\n<meta property=\"og:url\" content=\"https:\/\/regiaonews.net.br\/2022\/2023\/10\/18\/saae-barretos-iniciara-a-substituicao-da-bomba-do-poco-dom-bosco-no-dia-23-de-outubro\/\" \/>\n<meta property=\"og:site_name\" content=\"Regi\u00e3o News\" \/>\n<meta property=\"article:published_time\" content=\"2023-10-18T16:08:58+00:00\" \/>\n<meta property=\"og:image\" content=\"https:\/\/regiaonews.net.br\/2022\/wp-content\/uploads\/2023\/10\/Imagem-do-WhatsApp-de-2023-10-18-as-12.55.43_c3acec40.jpg\" \/>\n\t<meta property=\"og:image:width\" content=\"1600\" \/>\n\t<meta property=\"og:image:height\" content=\"1066\" \/>\n\t<meta property=\"og:image:type\" content=\"image\/jpeg\" \/>\n<meta name=\"author\" content=\"Roberto\" \/>\n<meta name=\"twitter:card\" content=\"summary_large_image\" \/>\n<meta name=\"twitter:label1\" content=\"Escrito por\" \/>\n\t<meta name=\"twitter:data1\" content=\"Roberto\" \/>\n\t<meta name=\"twitter:label2\" content=\"Est. tempo de leitura\" \/>\n\t<meta name=\"twitter:data2\" content=\"2 minutos\" \/>\n<script type=\"application\/ld+json\" class=\"yoast-schema-graph\">{\"@context\":\"https:\\\/\\\/schema.org\",\"@graph\":[{\"@type\":\"Article\",\"@id\":\"https:\\\/\\\/regiaonews.net.br\\\/2022\\\/2023\\\/10\\\/18\\\/saae-barretos-iniciara-a-substituicao-da-bomba-do-poco-dom-bosco-no-dia-23-de-outubro\\\/#article\",\"isPartOf\":{\"@id\":\"https:\\\/\\\/regiaonews.net.br\\\/2022\\\/2023\\\/10\\\/18\\\/saae-barretos-iniciara-a-substituicao-da-bomba-do-poco-dom-bosco-no-dia-23-de-outubro\\\/\"},\"author\":{\"name\":\"Roberto\",\"@id\":\"https:\\\/\\\/regiaonews.net.br\\\/2022\\\/#\\\/schema\\\/person\\\/2d205a608a5aa97ac279d7a5e6d89ad8\"},\"headline\":\"SAAE Barretos iniciar\u00e1 a substitui\u00e7\u00e3o da bomba do Po\u00e7o Dom Bosco no dia 23 de outubro\",\"datePublished\":\"2023-10-18T16:08:58+00:00\",\"mainEntityOfPage\":{\"@id\":\"https:\\\/\\\/regiaonews.net.br\\\/2022\\\/2023\\\/10\\\/18\\\/saae-barretos-iniciara-a-substituicao-da-bomba-do-poco-dom-bosco-no-dia-23-de-outubro\\\/\"},\"wordCount\":384,\"commentCount\":0,\"publisher\":{\"@id\":\"https:\\\/\\\/regiaonews.net.br\\\/2022\\\/#organization\"},\"image\":{\"@id\":\"https:\\\/\\\/regiaonews.net.br\\\/2022\\\/2023\\\/10\\\/18\\\/saae-barretos-iniciara-a-substituicao-da-bomba-do-poco-dom-bosco-no-dia-23-de-outubro\\\/#primaryimage\"},\"thumbnailUrl\":\"https:\\\/\\\/regiaonews.net.br\\\/2022\\\/wp-content\\\/uploads\\\/2023\\\/10\\\/Imagem-do-WhatsApp-de-2023-10-18-as-12.55.43_c3acec40.jpg\",\"articleSection\":[\"Barretos\",\"Geral\"],\"inLanguage\":\"pt-BR\",\"potentialAction\":[{\"@type\":\"CommentAction\",\"name\":\"Comment\",\"target\":[\"https:\\\/\\\/regiaonews.net.br\\\/2022\\\/2023\\\/10\\\/18\\\/saae-barretos-iniciara-a-substituicao-da-bomba-do-poco-dom-bosco-no-dia-23-de-outubro\\\/#respond\"]}]},{\"@type\":\"WebPage\",\"@id\":\"https:\\\/\\\/regiaonews.net.br\\\/2022\\\/2023\\\/10\\\/18\\\/saae-barretos-iniciara-a-substituicao-da-bomba-do-poco-dom-bosco-no-dia-23-de-outubro\\\/\",\"url\":\"https:\\\/\\\/regiaonews.net.br\\\/2022\\\/2023\\\/10\\\/18\\\/saae-barretos-iniciara-a-substituicao-da-bomba-do-poco-dom-bosco-no-dia-23-de-outubro\\\/\",\"name\":\"SAAE Barretos iniciar\u00e1 a substitui\u00e7\u00e3o da bomba do Po\u00e7o Dom Bosco no dia 23 de outubro - Regi\u00e3o News\",\"isPartOf\":{\"@id\":\"https:\\\/\\\/regiaonews.net.br\\\/2022\\\/#website\"},\"primaryImageOfPage\":{\"@id\":\"https:\\\/\\\/regiaonews.net.br\\\/2022\\\/2023\\\/10\\\/18\\\/saae-barretos-iniciara-a-substituicao-da-bomba-do-poco-dom-bosco-no-dia-23-de-outubro\\\/#primaryimage\"},\"image\":{\"@id\":\"https:\\\/\\\/regiaonews.net.br\\\/2022\\\/2023\\\/10\\\/18\\\/saae-barretos-iniciara-a-substituicao-da-bomba-do-poco-dom-bosco-no-dia-23-de-outubro\\\/#primaryimage\"},\"thumbnailUrl\":\"https:\\\/\\\/regiaonews.net.br\\\/2022\\\/wp-content\\\/uploads\\\/2023\\\/10\\\/Imagem-do-WhatsApp-de-2023-10-18-as-12.55.43_c3acec40.jpg\",\"datePublished\":\"2023-10-18T16:08:58+00:00\",\"breadcrumb\":{\"@id\":\"https:\\\/\\\/regiaonews.net.br\\\/2022\\\/2023\\\/10\\\/18\\\/saae-barretos-iniciara-a-substituicao-da-bomba-do-poco-dom-bosco-no-dia-23-de-outubro\\\/#breadcrumb\"},\"inLanguage\":\"pt-BR\",\"potentialAction\":[{\"@type\":\"ReadAction\",\"target\":[\"https:\\\/\\\/regiaonews.net.br\\\/2022\\\/2023\\\/10\\\/18\\\/saae-barretos-iniciara-a-substituicao-da-bomba-do-poco-dom-bosco-no-dia-23-de-outubro\\\/\"]}]},{\"@type\":\"ImageObject\",\"inLanguage\":\"pt-BR\",\"@id\":\"https:\\\/\\\/regiaonews.net.br\\\/2022\\\/2023\\\/10\\\/18\\\/saae-barretos-iniciara-a-substituicao-da-bomba-do-poco-dom-bosco-no-dia-23-de-outubro\\\/#primaryimage\",\"url\":\"https:\\\/\\\/regiaonews.net.br\\\/2022\\\/wp-content\\\/uploads\\\/2023\\\/10\\\/Imagem-do-WhatsApp-de-2023-10-18-as-12.55.43_c3acec40.jpg\",\"contentUrl\":\"https:\\\/\\\/regiaonews.net.br\\\/2022\\\/wp-content\\\/uploads\\\/2023\\\/10\\\/Imagem-do-WhatsApp-de-2023-10-18-as-12.55.43_c3acec40.jpg\",\"width\":1600,\"height\":1066},{\"@type\":\"BreadcrumbList\",\"@id\":\"https:\\\/\\\/regiaonews.net.br\\\/2022\\\/2023\\\/10\\\/18\\\/saae-barretos-iniciara-a-substituicao-da-bomba-do-poco-dom-bosco-no-dia-23-de-outubro\\\/#breadcrumb\",\"itemListElement\":[{\"@type\":\"ListItem\",\"position\":1,\"name\":\"In\u00edcio\",\"item\":\"https:\\\/\\\/regiaonews.net.br\\\/2022\\\/\"},{\"@type\":\"ListItem\",\"position\":2,\"name\":\"SAAE Barretos iniciar\u00e1 a substitui\u00e7\u00e3o da bomba do Po\u00e7o Dom Bosco no dia 23 de outubro\"}]},{\"@type\":\"WebSite\",\"@id\":\"https:\\\/\\\/regiaonews.net.br\\\/2022\\\/#website\",\"url\":\"https:\\\/\\\/regiaonews.net.br\\\/2022\\\/\",\"name\":\"Regi\u00e3o News\",\"description\":\"Site de Not\u00edcias de Barretos e regi\u00e3o\",\"publisher\":{\"@id\":\"https:\\\/\\\/regiaonews.net.br\\\/2022\\\/#organization\"},\"potentialAction\":[{\"@type\":\"SearchAction\",\"target\":{\"@type\":\"EntryPoint\",\"urlTemplate\":\"https:\\\/\\\/regiaonews.net.br\\\/2022\\\/?s={search_term_string}\"},\"query-input\":{\"@type\":\"PropertyValueSpecification\",\"valueRequired\":true,\"valueName\":\"search_term_string\"}}],\"inLanguage\":\"pt-BR\"},{\"@type\":\"Organization\",\"@id\":\"https:\\\/\\\/regiaonews.net.br\\\/2022\\\/#organization\",\"name\":\"Regi\u00e3o News\",\"url\":\"https:\\\/\\\/regiaonews.net.br\\\/2022\\\/\",\"logo\":{\"@type\":\"ImageObject\",\"inLanguage\":\"pt-BR\",\"@id\":\"https:\\\/\\\/regiaonews.net.br\\\/2022\\\/#\\\/schema\\\/logo\\\/image\\\/\",\"url\":\"https:\\\/\\\/regiaonews.net.br\\\/2022\\\/wp-content\\\/uploads\\\/2026\\\/03\\\/regiao-13-anos-scaled.jpg\",\"contentUrl\":\"https:\\\/\\\/regiaonews.net.br\\\/2022\\\/wp-content\\\/uploads\\\/2026\\\/03\\\/regiao-13-anos-scaled.jpg\",\"width\":2560,\"height\":635,\"caption\":\"Regi\u00e3o News\"},\"image\":{\"@id\":\"https:\\\/\\\/regiaonews.net.br\\\/2022\\\/#\\\/schema\\\/logo\\\/image\\\/\"}},{\"@type\":\"Person\",\"@id\":\"https:\\\/\\\/regiaonews.net.br\\\/2022\\\/#\\\/schema\\\/person\\\/2d205a608a5aa97ac279d7a5e6d89ad8\",\"name\":\"Roberto\",\"image\":{\"@type\":\"ImageObject\",\"inLanguage\":\"pt-BR\",\"@id\":\"https:\\\/\\\/secure.gravatar.com\\\/avatar\\\/42749d8b712ff9d59ca93dc150494e5b55a44134482993f5baeb97e61b7ecc89?s=96&d=mm&r=g\",\"url\":\"https:\\\/\\\/secure.gravatar.com\\\/avatar\\\/42749d8b712ff9d59ca93dc150494e5b55a44134482993f5baeb97e61b7ecc89?s=96&d=mm&r=g\",\"contentUrl\":\"https:\\\/\\\/secure.gravatar.com\\\/avatar\\\/42749d8b712ff9d59ca93dc150494e5b55a44134482993f5baeb97e61b7ecc89?s=96&d=mm&r=g\",\"caption\":\"Roberto\"},\"url\":\"https:\\\/\\\/regiaonews.net.br\\\/2022\\\/author\\\/roberto\\\/\"}]}<\/script>\n<!-- \/ Yoast SEO plugin. -->","yoast_head_json":{"title":"SAAE Barretos iniciar\u00e1 a substitui\u00e7\u00e3o da bomba do Po\u00e7o Dom Bosco no dia 23 de outubro - Regi\u00e3o News","robots":{"index":"index","follow":"follow","max-snippet":"max-snippet:-1","max-image-preview":"max-image-preview:large","max-video-preview":"max-video-preview:-1"},"canonical":"https:\/\/regiaonews.net.br\/2022\/2023\/10\/18\/saae-barretos-iniciara-a-substituicao-da-bomba-do-poco-dom-bosco-no-dia-23-de-outubro\/","og_locale":"pt_BR","og_type":"article","og_title":"SAAE Barretos iniciar\u00e1 a substitui\u00e7\u00e3o da bomba do Po\u00e7o Dom Bosco no dia 23 de outubro - Regi\u00e3o News","og_description":"Substitui\u00e7\u00e3o visa a melhoria do abastecimento de \u00e1gua na regi\u00e3o","og_url":"https:\/\/regiaonews.net.br\/2022\/2023\/10\/18\/saae-barretos-iniciara-a-substituicao-da-bomba-do-poco-dom-bosco-no-dia-23-de-outubro\/","og_site_name":"Regi\u00e3o News","article_published_time":"2023-10-18T16:08:58+00:00","og_image":[{"width":1600,"height":1066,"url":"https:\/\/regiaonews.net.br\/2022\/wp-content\/uploads\/2023\/10\/Imagem-do-WhatsApp-de-2023-10-18-as-12.55.43_c3acec40.jpg","type":"image\/jpeg"}],"author":"Roberto","twitter_card":"summary_large_image","twitter_misc":{"Escrito por":"Roberto","Est. tempo de leitura":"2 minutos"},"schema":{"@context":"https:\/\/schema.org","@graph":[{"@type":"Article","@id":"https:\/\/regiaonews.net.br\/2022\/2023\/10\/18\/saae-barretos-iniciara-a-substituicao-da-bomba-do-poco-dom-bosco-no-dia-23-de-outubro\/#article","isPartOf":{"@id":"https:\/\/regiaonews.net.br\/2022\/2023\/10\/18\/saae-barretos-iniciara-a-substituicao-da-bomba-do-poco-dom-bosco-no-dia-23-de-outubro\/"},"author":{"name":"Roberto","@id":"https:\/\/regiaonews.net.br\/2022\/#\/schema\/person\/2d205a608a5aa97ac279d7a5e6d89ad8"},"headline":"SAAE Barretos iniciar\u00e1 a substitui\u00e7\u00e3o da bomba do Po\u00e7o Dom Bosco no dia 23 de outubro","datePublished":"2023-10-18T16:08:58+00:00","mainEntityOfPage":{"@id":"https:\/\/regiaonews.net.br\/2022\/2023\/10\/18\/saae-barretos-iniciara-a-substituicao-da-bomba-do-poco-dom-bosco-no-dia-23-de-outubro\/"},"wordCount":384,"commentCount":0,"publisher":{"@id":"https:\/\/regiaonews.net.br\/2022\/#organization"},"image":{"@id":"https:\/\/regiaonews.net.br\/2022\/2023\/10\/18\/saae-barretos-iniciara-a-substituicao-da-bomba-do-poco-dom-bosco-no-dia-23-de-outubro\/#primaryimage"},"thumbnailUrl":"https:\/\/regiaonews.net.br\/2022\/wp-content\/uploads\/2023\/10\/Imagem-do-WhatsApp-de-2023-10-18-as-12.55.43_c3acec40.jpg","articleSection":["Barretos","Geral"],"inLanguage":"pt-BR","potentialAction":[{"@type":"CommentAction","name":"Comment","target":["https:\/\/regiaonews.net.br\/2022\/2023\/10\/18\/saae-barretos-iniciara-a-substituicao-da-bomba-do-poco-dom-bosco-no-dia-23-de-outubro\/#respond"]}]},{"@type":"WebPage","@id":"https:\/\/regiaonews.net.br\/2022\/2023\/10\/18\/saae-barretos-iniciara-a-substituicao-da-bomba-do-poco-dom-bosco-no-dia-23-de-outubro\/","url":"https:\/\/regiaonews.net.br\/2022\/2023\/10\/18\/saae-barretos-iniciara-a-substituicao-da-bomba-do-poco-dom-bosco-no-dia-23-de-outubro\/","name":"SAAE Barretos iniciar\u00e1 a substitui\u00e7\u00e3o da bomba do Po\u00e7o Dom Bosco no dia 23 de outubro - Regi\u00e3o News","isPartOf":{"@id":"https:\/\/regiaonews.net.br\/2022\/#website"},"primaryImageOfPage":{"@id":"https:\/\/regiaonews.net.br\/2022\/2023\/10\/18\/saae-barretos-iniciara-a-substituicao-da-bomba-do-poco-dom-bosco-no-dia-23-de-outubro\/#primaryimage"},"image":{"@id":"https:\/\/regiaonews.net.br\/2022\/2023\/10\/18\/saae-barretos-iniciara-a-substituicao-da-bomba-do-poco-dom-bosco-no-dia-23-de-outubro\/#primaryimage"},"thumbnailUrl":"https:\/\/regiaonews.net.br\/2022\/wp-content\/uploads\/2023\/10\/Imagem-do-WhatsApp-de-2023-10-18-as-12.55.43_c3acec40.jpg","datePublished":"2023-10-18T16:08:58+00:00","breadcrumb":{"@id":"https:\/\/regiaonews.net.br\/2022\/2023\/10\/18\/saae-barretos-iniciara-a-substituicao-da-bomba-do-poco-dom-bosco-no-dia-23-de-outubro\/#breadcrumb"},"inLanguage":"pt-BR","potentialAction":[{"@type":"ReadAction","target":["https:\/\/regiaonews.net.br\/2022\/2023\/10\/18\/saae-barretos-iniciara-a-substituicao-da-bomba-do-poco-dom-bosco-no-dia-23-de-outubro\/"]}]},{"@type":"ImageObject","inLanguage":"pt-BR","@id":"https:\/\/regiaonews.net.br\/2022\/2023\/10\/18\/saae-barretos-iniciara-a-substituicao-da-bomba-do-poco-dom-bosco-no-dia-23-de-outubro\/#primaryimage","url":"https:\/\/regiaonews.net.br\/2022\/wp-content\/uploads\/2023\/10\/Imagem-do-WhatsApp-de-2023-10-18-as-12.55.43_c3acec40.jpg","contentUrl":"https:\/\/regiaonews.net.br\/2022\/wp-content\/uploads\/2023\/10\/Imagem-do-WhatsApp-de-2023-10-18-as-12.55.43_c3acec40.jpg","width":1600,"height":1066},{"@type":"BreadcrumbList","@id":"https:\/\/regiaonews.net.br\/2022\/2023\/10\/18\/saae-barretos-iniciara-a-substituicao-da-bomba-do-poco-dom-bosco-no-dia-23-de-outubro\/#breadcrumb","itemListElement":[{"@type":"ListItem","position":1,"name":"In\u00edcio","item":"https:\/\/regiaonews.net.br\/2022\/"},{"@type":"ListItem","position":2,"name":"SAAE Barretos iniciar\u00e1 a substitui\u00e7\u00e3o da bomba do Po\u00e7o Dom Bosco no dia 23 de outubro"}]},{"@type":"WebSite","@id":"https:\/\/regiaonews.net.br\/2022\/#website","url":"https:\/\/regiaonews.net.br\/2022\/","name":"Regi\u00e3o News","description":"Site de Not\u00edcias de Barretos e regi\u00e3o","publisher":{"@id":"https:\/\/regiaonews.net.br\/2022\/#organization"},"potentialAction":[{"@type":"SearchAction","target":{"@type":"EntryPoint","urlTemplate":"https:\/\/regiaonews.net.br\/2022\/?s={search_term_string}"},"query-input":{"@type":"PropertyValueSpecification","valueRequired":true,"valueName":"search_term_string"}}],"inLanguage":"pt-BR"},{"@type":"Organization","@id":"https:\/\/regiaonews.net.br\/2022\/#organization","name":"Regi\u00e3o News","url":"https:\/\/regiaonews.net.br\/2022\/","logo":{"@type":"ImageObject","inLanguage":"pt-BR","@id":"https:\/\/regiaonews.net.br\/2022\/#\/schema\/logo\/image\/","url":"https:\/\/regiaonews.net.br\/2022\/wp-content\/uploads\/2026\/03\/regiao-13-anos-scaled.jpg","contentUrl":"https:\/\/regiaonews.net.br\/2022\/wp-content\/uploads\/2026\/03\/regiao-13-anos-scaled.jpg","width":2560,"height":635,"caption":"Regi\u00e3o News"},"image":{"@id":"https:\/\/regiaonews.net.br\/2022\/#\/schema\/logo\/image\/"}},{"@type":"Person","@id":"https:\/\/regiaonews.net.br\/2022\/#\/schema\/person\/2d205a608a5aa97ac279d7a5e6d89ad8","name":"Roberto","image":{"@type":"ImageObject","inLanguage":"pt-BR","@id":"https:\/\/secure.gravatar.com\/avatar\/42749d8b712ff9d59ca93dc150494e5b55a44134482993f5baeb97e61b7ecc89?s=96&d=mm&r=g","url":"https:\/\/secure.gravatar.com\/avatar\/42749d8b712ff9d59ca93dc150494e5b55a44134482993f5baeb97e61b7ecc89?s=96&d=mm&r=g","contentUrl":"https:\/\/secure.gravatar.com\/avatar\/42749d8b712ff9d59ca93dc150494e5b55a44134482993f5baeb97e61b7ecc89?s=96&d=mm&r=g","caption":"Roberto"},"url":"https:\/\/regiaonews.net.br\/2022\/author\/roberto\/"}]}},"publishpress_future_action":{"enabled":false,"date":"2026-05-03 03:04:20","action":"change-status","newStatus":"draft","terms":[],"taxonomy":"category","extraData":[]},"publishpress_future_workflow_manual_trigger":{"enabledWorkflows":[]},"_links":{"self":[{"href":"https:\/\/regiaonews.net.br\/2022\/wp-json\/wp\/v2\/posts\/96646","targetHints":{"allow":["GET"]}}],"collection":[{"href":"https:\/\/regiaonews.net.br\/2022\/wp-json\/wp\/v2\/posts"}],"about":[{"href":"https:\/\/regiaonews.net.br\/2022\/wp-json\/wp\/v2\/types\/post"}],"author":[{"embeddable":true,"href":"https:\/\/regiaonews.net.br\/2022\/wp-json\/wp\/v2\/users\/2"}],"replies":[{"embeddable":true,"href":"https:\/\/regiaonews.net.br\/2022\/wp-json\/wp\/v2\/comments?post=96646"}],"version-history":[{"count":1,"href":"https:\/\/regiaonews.net.br\/2022\/wp-json\/wp\/v2\/posts\/96646\/revisions"}],"predecessor-version":[{"id":96648,"href":"https:\/\/regiaonews.net.br\/2022\/wp-json\/wp\/v2\/posts\/96646\/revisions\/96648"}],"wp:featuredmedia":[{"embeddable":true,"href":"https:\/\/regiaonews.net.br\/2022\/wp-json\/wp\/v2\/media\/96647"}],"wp:attachment":[{"href":"https:\/\/regiaonews.net.br\/2022\/wp-json\/wp\/v2\/media?parent=96646"}],"wp:term":[{"taxonomy":"category","embeddable":true,"href":"https:\/\/regiaonews.net.br\/2022\/wp-json\/wp\/v2\/categories?post=96646"},{"taxonomy":"post_tag","embeddable":true,"href":"https:\/\/regiaonews.net.br\/2022\/wp-json\/wp\/v2\/tags?post=96646"}],"curies":[{"name":"wp","href":"https:\/\/api.w.org\/{rel}","templated":true}]}}