{"id":96404,"date":"2023-10-11T21:33:06","date_gmt":"2023-10-12T00:33:06","guid":{"rendered":"https:\/\/regiaonews.net.br\/2022\/?p=96404"},"modified":"2023-10-11T21:33:06","modified_gmt":"2023-10-12T00:33:06","slug":"espaco-cultural-iguatemi-recebe-exposicao-da-acirp-em-celebracao-a-primavera","status":"publish","type":"post","link":"https:\/\/regiaonews.net.br\/2022\/2023\/10\/11\/espaco-cultural-iguatemi-recebe-exposicao-da-acirp-em-celebracao-a-primavera\/","title":{"rendered":"Espa\u00e7o Cultural Iguatemi recebe exposi\u00e7\u00e3o da Acirp em celebra\u00e7\u00e3o \u00e0 primavera"},"content":{"rendered":"<blockquote>\n<div class=\"R1UVb\">\n<table width=\"801\" align=\"center\">\n<tbody>\n<tr class=\"x_tr70\">\n<td><br aria-hidden=\"true\" \/><em>A mostra faz parte do ciclo de exposi\u00e7\u00f5es do NEC e conta com obras de 11 artistas e curadoria de Marcela Almeida<\/em><br aria-hidden=\"true\" \/><\/p>\n<p>Refor\u00e7ando seu pilar de incentivo e apoio \u00e0 arte, o Iguatemi S\u00e3o Jos\u00e9 do Rio Preto recebe neste m\u00eas de outubro em seu Espa\u00e7o Cultural, localizado no piso superior, a exposi\u00e7\u00e3o coletiva &#8220;Ecos da Natureza: Express\u00f5es Art\u00edsticas da Primavera&#8221;.\u00a0<br aria-hidden=\"true\" \/><\/p>\n<p>A mostra vai at\u00e9 31 de outubro, com entrada gratuita e faz parte da programa\u00e7\u00e3o do N\u00facleo de Economia Criativa da Acirp \u2013 NEC, com curadoria de Marcela Almeida. Nela, cada artista pl\u00e1stico e fot\u00f3grafo traz sua perspectiva \u00fanica sobre a beleza e abund\u00e2ncia da primavera. Com estilos e linguagens individuais, eles unem for\u00e7as para celebrar a natureza de maneira impressionante.<br aria-hidden=\"true\" \/><\/p>\n<p>S\u00e3o 11 obras expostas, que trazem t\u00e9cnicas como \u00f3leo sobre tela, caneta sobre papel, acr\u00edlico sobre tela, colagem, semi-escultura e fotografia. Todos os artistas s\u00e3o de S\u00e3o Jos\u00e9 do Rio Preto, s\u00e3o eles: Malu Lucas, Patr\u00edcia Violin, Juliano Rossetti, Germana Zanetti, Sandra Antunes, Edson Raposeiro, Regina Cheida, Vera Tebar, Norma Vilar, Deise Costa e Belchior Gon\u00e7alves.<\/p>\n<p>Al\u00e9m da exposi\u00e7\u00e3o das obras, no dia 14 de outubro ser\u00e1 promovida uma atividade formativa ao p\u00fablico ensinando a \u201cComo pintar rosas\u201d ao vivo das 15h \u00e0s 17h. A pintura ser\u00e1 instru\u00edda por um dos artistas da exposi\u00e7\u00e3o, Edson Raposeiro. Esta atividade tamb\u00e9m \u00e9 gratuita<\/p>\n<p><strong>Servi\u00e7o:<\/strong><\/p>\n<p>Exposi\u00e7\u00e3o coletiva \u201cEcos da Natureza: express\u00f5es art\u00edsticas da Primavera\u201d<\/p>\n<p><strong>Per\u00edodo:\u00a0<\/strong>at\u00e9 31 de outubro de 2023<\/p>\n<p><strong>Local:<\/strong>\u00a0Espa\u00e7o Cultural Iguatemi \u2013 Shopping Iguatemi S\u00e3o Jos\u00e9 do Rio Preto (Piso Superior)<\/p>\n<p><strong>Visita\u00e7\u00e3o gratuita<\/strong><\/p>\n<p><strong>Sobre o Iguatemi S\u00e3o Jos\u00e9 do Rio Preto<\/strong><\/p>\n<p>Considerado o primeiro e maior complexo multiuso do Noroeste Paulista, o Iguatemi S\u00e3o Jos\u00e9 do Rio Preto pertence \u00e0 Iguatemi S.A, carrega a excel\u00eancia e pioneirismo da marca em seu DNA. O empreendimento re\u00fane moda, arte, cultura, gastronomia, entretenimento, lazer, servi\u00e7os exclusivos, e conta com o hotel Hyatt Place, uma torre comercial (Iguatemi Business) e o residencial Integrado. Com um ambiente agrad\u00e1vel e aconchegante, pensado para proporcionar experi\u00eancias \u00fanicas e exclusivas, o Iguatemi S\u00e3o Jos\u00e9 do Rio Preto oferece um mix diversificado com marcas conceituadas do varejo nacional e internacional, entretenimento exclusivo e restaurantes renomados que o consolidaram como o principal polo gastron\u00f4mico da regi\u00e3o. Mais informa\u00e7\u00f5es:\u00a0<a title=\"Protegido pelo Outlook: https:\/\/iguatemi.com.br\/saojosedoriopreto\/. Clique ou toque para seguir o link.\" href=\"https:\/\/na01.safelinks.protection.outlook.com\/?url=https%3A%2F%2Figuatemi.com.br%2Fsaojosedoriopreto%2F&amp;data=05%7C01%7C%7C74b2f2947b714beb25db08dbca71e99e%7C84df9e7fe9f640afb435aaaaaaaaaaaa%7C1%7C0%7C638326363042238139%7CUnknown%7CTWFpbGZsb3d8eyJWIjoiMC4wLjAwMDAiLCJQIjoiV2luMzIiLCJBTiI6Ik1haWwiLCJXVCI6Mn0%3D%7C3000%7C%7C%7C&amp;sdata=B17s9u6eD7T2xyP%2FjLwE2Wt%2BgfyoqJ5z6KcFlUYS5E8%3D&amp;reserved=0\" target=\"_blank\" rel=\"noopener noreferrer\" data-auth=\"Verified\" data-linkindex=\"0\">Link<\/a><\/td>\n<\/tr>\n<\/tbody>\n<\/table>\n<\/div>\n<\/blockquote>\n","protected":false},"excerpt":{"rendered":"<p>A mostra faz parte do ciclo de exposi\u00e7\u00f5es do NEC<\/p>\n","protected":false},"author":2,"featured_media":96405,"comment_status":"open","ping_status":"open","sticky":false,"template":"","format":"standard","meta":{"footnotes":""},"categories":[25,38],"tags":[],"class_list":["post-96404","post","type-post","status-publish","format-standard","has-post-thumbnail","hentry","category-cidades","category-sao-jose-do-rio-preto"],"yoast_head":"<!-- This site is optimized with the Yoast SEO plugin v27.4 - https:\/\/yoast.com\/product\/yoast-seo-wordpress\/ -->\n<title>Espa\u00e7o Cultural Iguatemi recebe exposi\u00e7\u00e3o da Acirp em celebra\u00e7\u00e3o \u00e0 primavera - Regi\u00e3o News<\/title>\n<meta name=\"robots\" content=\"index, follow, max-snippet:-1, max-image-preview:large, max-video-preview:-1\" \/>\n<link rel=\"canonical\" href=\"https:\/\/regiaonews.net.br\/2022\/2023\/10\/11\/espaco-cultural-iguatemi-recebe-exposicao-da-acirp-em-celebracao-a-primavera\/\" \/>\n<meta property=\"og:locale\" content=\"pt_BR\" \/>\n<meta property=\"og:type\" content=\"article\" \/>\n<meta property=\"og:title\" content=\"Espa\u00e7o Cultural Iguatemi recebe exposi\u00e7\u00e3o da Acirp em celebra\u00e7\u00e3o \u00e0 primavera - Regi\u00e3o News\" \/>\n<meta property=\"og:description\" content=\"A mostra faz parte do ciclo de exposi\u00e7\u00f5es do NEC\" \/>\n<meta property=\"og:url\" content=\"https:\/\/regiaonews.net.br\/2022\/2023\/10\/11\/espaco-cultural-iguatemi-recebe-exposicao-da-acirp-em-celebracao-a-primavera\/\" \/>\n<meta property=\"og:site_name\" content=\"Regi\u00e3o News\" \/>\n<meta property=\"article:published_time\" content=\"2023-10-12T00:33:06+00:00\" \/>\n<meta property=\"og:image\" content=\"https:\/\/regiaonews.net.br\/2022\/wp-content\/uploads\/2023\/10\/6e6c721ad887348078a776bb4efc3fe8low.jpeg\" \/>\n\t<meta property=\"og:image:width\" content=\"800\" \/>\n\t<meta property=\"og:image:height\" content=\"600\" \/>\n\t<meta property=\"og:image:type\" content=\"image\/jpeg\" \/>\n<meta name=\"author\" content=\"Roberto\" \/>\n<meta name=\"twitter:card\" content=\"summary_large_image\" \/>\n<meta name=\"twitter:label1\" content=\"Escrito por\" \/>\n\t<meta name=\"twitter:data1\" content=\"Roberto\" \/>\n<script type=\"application\/ld+json\" class=\"yoast-schema-graph\">{\"@context\":\"https:\\\/\\\/schema.org\",\"@graph\":[{\"@type\":\"Article\",\"@id\":\"https:\\\/\\\/regiaonews.net.br\\\/2022\\\/2023\\\/10\\\/11\\\/espaco-cultural-iguatemi-recebe-exposicao-da-acirp-em-celebracao-a-primavera\\\/#article\",\"isPartOf\":{\"@id\":\"https:\\\/\\\/regiaonews.net.br\\\/2022\\\/2023\\\/10\\\/11\\\/espaco-cultural-iguatemi-recebe-exposicao-da-acirp-em-celebracao-a-primavera\\\/\"},\"author\":{\"name\":\"Roberto\",\"@id\":\"https:\\\/\\\/regiaonews.net.br\\\/2022\\\/#\\\/schema\\\/person\\\/2d205a608a5aa97ac279d7a5e6d89ad8\"},\"headline\":\"Espa\u00e7o Cultural Iguatemi recebe exposi\u00e7\u00e3o da Acirp em celebra\u00e7\u00e3o \u00e0 primavera\",\"datePublished\":\"2023-10-12T00:33:06+00:00\",\"mainEntityOfPage\":{\"@id\":\"https:\\\/\\\/regiaonews.net.br\\\/2022\\\/2023\\\/10\\\/11\\\/espaco-cultural-iguatemi-recebe-exposicao-da-acirp-em-celebracao-a-primavera\\\/\"},\"wordCount\":422,\"commentCount\":0,\"publisher\":{\"@id\":\"https:\\\/\\\/regiaonews.net.br\\\/2022\\\/#organization\"},\"image\":{\"@id\":\"https:\\\/\\\/regiaonews.net.br\\\/2022\\\/2023\\\/10\\\/11\\\/espaco-cultural-iguatemi-recebe-exposicao-da-acirp-em-celebracao-a-primavera\\\/#primaryimage\"},\"thumbnailUrl\":\"https:\\\/\\\/regiaonews.net.br\\\/2022\\\/wp-content\\\/uploads\\\/2023\\\/10\\\/6e6c721ad887348078a776bb4efc3fe8low.jpeg\",\"articleSection\":[\"Cidades\",\"S\u00e3o Jos\u00e9 do RIo Preto\"],\"inLanguage\":\"pt-BR\",\"potentialAction\":[{\"@type\":\"CommentAction\",\"name\":\"Comment\",\"target\":[\"https:\\\/\\\/regiaonews.net.br\\\/2022\\\/2023\\\/10\\\/11\\\/espaco-cultural-iguatemi-recebe-exposicao-da-acirp-em-celebracao-a-primavera\\\/#respond\"]}]},{\"@type\":\"WebPage\",\"@id\":\"https:\\\/\\\/regiaonews.net.br\\\/2022\\\/2023\\\/10\\\/11\\\/espaco-cultural-iguatemi-recebe-exposicao-da-acirp-em-celebracao-a-primavera\\\/\",\"url\":\"https:\\\/\\\/regiaonews.net.br\\\/2022\\\/2023\\\/10\\\/11\\\/espaco-cultural-iguatemi-recebe-exposicao-da-acirp-em-celebracao-a-primavera\\\/\",\"name\":\"Espa\u00e7o Cultural Iguatemi recebe exposi\u00e7\u00e3o da Acirp em celebra\u00e7\u00e3o \u00e0 primavera - Regi\u00e3o News\",\"isPartOf\":{\"@id\":\"https:\\\/\\\/regiaonews.net.br\\\/2022\\\/#website\"},\"primaryImageOfPage\":{\"@id\":\"https:\\\/\\\/regiaonews.net.br\\\/2022\\\/2023\\\/10\\\/11\\\/espaco-cultural-iguatemi-recebe-exposicao-da-acirp-em-celebracao-a-primavera\\\/#primaryimage\"},\"image\":{\"@id\":\"https:\\\/\\\/regiaonews.net.br\\\/2022\\\/2023\\\/10\\\/11\\\/espaco-cultural-iguatemi-recebe-exposicao-da-acirp-em-celebracao-a-primavera\\\/#primaryimage\"},\"thumbnailUrl\":\"https:\\\/\\\/regiaonews.net.br\\\/2022\\\/wp-content\\\/uploads\\\/2023\\\/10\\\/6e6c721ad887348078a776bb4efc3fe8low.jpeg\",\"datePublished\":\"2023-10-12T00:33:06+00:00\",\"breadcrumb\":{\"@id\":\"https:\\\/\\\/regiaonews.net.br\\\/2022\\\/2023\\\/10\\\/11\\\/espaco-cultural-iguatemi-recebe-exposicao-da-acirp-em-celebracao-a-primavera\\\/#breadcrumb\"},\"inLanguage\":\"pt-BR\",\"potentialAction\":[{\"@type\":\"ReadAction\",\"target\":[\"https:\\\/\\\/regiaonews.net.br\\\/2022\\\/2023\\\/10\\\/11\\\/espaco-cultural-iguatemi-recebe-exposicao-da-acirp-em-celebracao-a-primavera\\\/\"]}]},{\"@type\":\"ImageObject\",\"inLanguage\":\"pt-BR\",\"@id\":\"https:\\\/\\\/regiaonews.net.br\\\/2022\\\/2023\\\/10\\\/11\\\/espaco-cultural-iguatemi-recebe-exposicao-da-acirp-em-celebracao-a-primavera\\\/#primaryimage\",\"url\":\"https:\\\/\\\/regiaonews.net.br\\\/2022\\\/wp-content\\\/uploads\\\/2023\\\/10\\\/6e6c721ad887348078a776bb4efc3fe8low.jpeg\",\"contentUrl\":\"https:\\\/\\\/regiaonews.net.br\\\/2022\\\/wp-content\\\/uploads\\\/2023\\\/10\\\/6e6c721ad887348078a776bb4efc3fe8low.jpeg\",\"width\":800,\"height\":600},{\"@type\":\"BreadcrumbList\",\"@id\":\"https:\\\/\\\/regiaonews.net.br\\\/2022\\\/2023\\\/10\\\/11\\\/espaco-cultural-iguatemi-recebe-exposicao-da-acirp-em-celebracao-a-primavera\\\/#breadcrumb\",\"itemListElement\":[{\"@type\":\"ListItem\",\"position\":1,\"name\":\"In\u00edcio\",\"item\":\"https:\\\/\\\/regiaonews.net.br\\\/2022\\\/\"},{\"@type\":\"ListItem\",\"position\":2,\"name\":\"Espa\u00e7o Cultural Iguatemi recebe exposi\u00e7\u00e3o da Acirp em celebra\u00e7\u00e3o \u00e0 primavera\"}]},{\"@type\":\"WebSite\",\"@id\":\"https:\\\/\\\/regiaonews.net.br\\\/2022\\\/#website\",\"url\":\"https:\\\/\\\/regiaonews.net.br\\\/2022\\\/\",\"name\":\"Regi\u00e3o News\",\"description\":\"Site de Not\u00edcias de Barretos e regi\u00e3o\",\"publisher\":{\"@id\":\"https:\\\/\\\/regiaonews.net.br\\\/2022\\\/#organization\"},\"potentialAction\":[{\"@type\":\"SearchAction\",\"target\":{\"@type\":\"EntryPoint\",\"urlTemplate\":\"https:\\\/\\\/regiaonews.net.br\\\/2022\\\/?s={search_term_string}\"},\"query-input\":{\"@type\":\"PropertyValueSpecification\",\"valueRequired\":true,\"valueName\":\"search_term_string\"}}],\"inLanguage\":\"pt-BR\"},{\"@type\":\"Organization\",\"@id\":\"https:\\\/\\\/regiaonews.net.br\\\/2022\\\/#organization\",\"name\":\"Regi\u00e3o News\",\"url\":\"https:\\\/\\\/regiaonews.net.br\\\/2022\\\/\",\"logo\":{\"@type\":\"ImageObject\",\"inLanguage\":\"pt-BR\",\"@id\":\"https:\\\/\\\/regiaonews.net.br\\\/2022\\\/#\\\/schema\\\/logo\\\/image\\\/\",\"url\":\"https:\\\/\\\/regiaonews.net.br\\\/2022\\\/wp-content\\\/uploads\\\/2026\\\/03\\\/regiao-13-anos-scaled.jpg\",\"contentUrl\":\"https:\\\/\\\/regiaonews.net.br\\\/2022\\\/wp-content\\\/uploads\\\/2026\\\/03\\\/regiao-13-anos-scaled.jpg\",\"width\":2560,\"height\":635,\"caption\":\"Regi\u00e3o News\"},\"image\":{\"@id\":\"https:\\\/\\\/regiaonews.net.br\\\/2022\\\/#\\\/schema\\\/logo\\\/image\\\/\"}},{\"@type\":\"Person\",\"@id\":\"https:\\\/\\\/regiaonews.net.br\\\/2022\\\/#\\\/schema\\\/person\\\/2d205a608a5aa97ac279d7a5e6d89ad8\",\"name\":\"Roberto\",\"image\":{\"@type\":\"ImageObject\",\"inLanguage\":\"pt-BR\",\"@id\":\"https:\\\/\\\/secure.gravatar.com\\\/avatar\\\/42749d8b712ff9d59ca93dc150494e5b55a44134482993f5baeb97e61b7ecc89?s=96&d=mm&r=g\",\"url\":\"https:\\\/\\\/secure.gravatar.com\\\/avatar\\\/42749d8b712ff9d59ca93dc150494e5b55a44134482993f5baeb97e61b7ecc89?s=96&d=mm&r=g\",\"contentUrl\":\"https:\\\/\\\/secure.gravatar.com\\\/avatar\\\/42749d8b712ff9d59ca93dc150494e5b55a44134482993f5baeb97e61b7ecc89?s=96&d=mm&r=g\",\"caption\":\"Roberto\"},\"url\":\"https:\\\/\\\/regiaonews.net.br\\\/2022\\\/author\\\/roberto\\\/\"}]}<\/script>\n<!-- \/ Yoast SEO plugin. -->","yoast_head_json":{"title":"Espa\u00e7o Cultural Iguatemi recebe exposi\u00e7\u00e3o da Acirp em celebra\u00e7\u00e3o \u00e0 primavera - Regi\u00e3o News","robots":{"index":"index","follow":"follow","max-snippet":"max-snippet:-1","max-image-preview":"max-image-preview:large","max-video-preview":"max-video-preview:-1"},"canonical":"https:\/\/regiaonews.net.br\/2022\/2023\/10\/11\/espaco-cultural-iguatemi-recebe-exposicao-da-acirp-em-celebracao-a-primavera\/","og_locale":"pt_BR","og_type":"article","og_title":"Espa\u00e7o Cultural Iguatemi recebe exposi\u00e7\u00e3o da Acirp em celebra\u00e7\u00e3o \u00e0 primavera - Regi\u00e3o News","og_description":"A mostra faz parte do ciclo de exposi\u00e7\u00f5es do NEC","og_url":"https:\/\/regiaonews.net.br\/2022\/2023\/10\/11\/espaco-cultural-iguatemi-recebe-exposicao-da-acirp-em-celebracao-a-primavera\/","og_site_name":"Regi\u00e3o News","article_published_time":"2023-10-12T00:33:06+00:00","og_image":[{"width":800,"height":600,"url":"https:\/\/regiaonews.net.br\/2022\/wp-content\/uploads\/2023\/10\/6e6c721ad887348078a776bb4efc3fe8low.jpeg","type":"image\/jpeg"}],"author":"Roberto","twitter_card":"summary_large_image","twitter_misc":{"Escrito por":"Roberto"},"schema":{"@context":"https:\/\/schema.org","@graph":[{"@type":"Article","@id":"https:\/\/regiaonews.net.br\/2022\/2023\/10\/11\/espaco-cultural-iguatemi-recebe-exposicao-da-acirp-em-celebracao-a-primavera\/#article","isPartOf":{"@id":"https:\/\/regiaonews.net.br\/2022\/2023\/10\/11\/espaco-cultural-iguatemi-recebe-exposicao-da-acirp-em-celebracao-a-primavera\/"},"author":{"name":"Roberto","@id":"https:\/\/regiaonews.net.br\/2022\/#\/schema\/person\/2d205a608a5aa97ac279d7a5e6d89ad8"},"headline":"Espa\u00e7o Cultural Iguatemi recebe exposi\u00e7\u00e3o da Acirp em celebra\u00e7\u00e3o \u00e0 primavera","datePublished":"2023-10-12T00:33:06+00:00","mainEntityOfPage":{"@id":"https:\/\/regiaonews.net.br\/2022\/2023\/10\/11\/espaco-cultural-iguatemi-recebe-exposicao-da-acirp-em-celebracao-a-primavera\/"},"wordCount":422,"commentCount":0,"publisher":{"@id":"https:\/\/regiaonews.net.br\/2022\/#organization"},"image":{"@id":"https:\/\/regiaonews.net.br\/2022\/2023\/10\/11\/espaco-cultural-iguatemi-recebe-exposicao-da-acirp-em-celebracao-a-primavera\/#primaryimage"},"thumbnailUrl":"https:\/\/regiaonews.net.br\/2022\/wp-content\/uploads\/2023\/10\/6e6c721ad887348078a776bb4efc3fe8low.jpeg","articleSection":["Cidades","S\u00e3o Jos\u00e9 do RIo Preto"],"inLanguage":"pt-BR","potentialAction":[{"@type":"CommentAction","name":"Comment","target":["https:\/\/regiaonews.net.br\/2022\/2023\/10\/11\/espaco-cultural-iguatemi-recebe-exposicao-da-acirp-em-celebracao-a-primavera\/#respond"]}]},{"@type":"WebPage","@id":"https:\/\/regiaonews.net.br\/2022\/2023\/10\/11\/espaco-cultural-iguatemi-recebe-exposicao-da-acirp-em-celebracao-a-primavera\/","url":"https:\/\/regiaonews.net.br\/2022\/2023\/10\/11\/espaco-cultural-iguatemi-recebe-exposicao-da-acirp-em-celebracao-a-primavera\/","name":"Espa\u00e7o Cultural Iguatemi recebe exposi\u00e7\u00e3o da Acirp em celebra\u00e7\u00e3o \u00e0 primavera - Regi\u00e3o News","isPartOf":{"@id":"https:\/\/regiaonews.net.br\/2022\/#website"},"primaryImageOfPage":{"@id":"https:\/\/regiaonews.net.br\/2022\/2023\/10\/11\/espaco-cultural-iguatemi-recebe-exposicao-da-acirp-em-celebracao-a-primavera\/#primaryimage"},"image":{"@id":"https:\/\/regiaonews.net.br\/2022\/2023\/10\/11\/espaco-cultural-iguatemi-recebe-exposicao-da-acirp-em-celebracao-a-primavera\/#primaryimage"},"thumbnailUrl":"https:\/\/regiaonews.net.br\/2022\/wp-content\/uploads\/2023\/10\/6e6c721ad887348078a776bb4efc3fe8low.jpeg","datePublished":"2023-10-12T00:33:06+00:00","breadcrumb":{"@id":"https:\/\/regiaonews.net.br\/2022\/2023\/10\/11\/espaco-cultural-iguatemi-recebe-exposicao-da-acirp-em-celebracao-a-primavera\/#breadcrumb"},"inLanguage":"pt-BR","potentialAction":[{"@type":"ReadAction","target":["https:\/\/regiaonews.net.br\/2022\/2023\/10\/11\/espaco-cultural-iguatemi-recebe-exposicao-da-acirp-em-celebracao-a-primavera\/"]}]},{"@type":"ImageObject","inLanguage":"pt-BR","@id":"https:\/\/regiaonews.net.br\/2022\/2023\/10\/11\/espaco-cultural-iguatemi-recebe-exposicao-da-acirp-em-celebracao-a-primavera\/#primaryimage","url":"https:\/\/regiaonews.net.br\/2022\/wp-content\/uploads\/2023\/10\/6e6c721ad887348078a776bb4efc3fe8low.jpeg","contentUrl":"https:\/\/regiaonews.net.br\/2022\/wp-content\/uploads\/2023\/10\/6e6c721ad887348078a776bb4efc3fe8low.jpeg","width":800,"height":600},{"@type":"BreadcrumbList","@id":"https:\/\/regiaonews.net.br\/2022\/2023\/10\/11\/espaco-cultural-iguatemi-recebe-exposicao-da-acirp-em-celebracao-a-primavera\/#breadcrumb","itemListElement":[{"@type":"ListItem","position":1,"name":"In\u00edcio","item":"https:\/\/regiaonews.net.br\/2022\/"},{"@type":"ListItem","position":2,"name":"Espa\u00e7o Cultural Iguatemi recebe exposi\u00e7\u00e3o da Acirp em celebra\u00e7\u00e3o \u00e0 primavera"}]},{"@type":"WebSite","@id":"https:\/\/regiaonews.net.br\/2022\/#website","url":"https:\/\/regiaonews.net.br\/2022\/","name":"Regi\u00e3o News","description":"Site de Not\u00edcias de Barretos e regi\u00e3o","publisher":{"@id":"https:\/\/regiaonews.net.br\/2022\/#organization"},"potentialAction":[{"@type":"SearchAction","target":{"@type":"EntryPoint","urlTemplate":"https:\/\/regiaonews.net.br\/2022\/?s={search_term_string}"},"query-input":{"@type":"PropertyValueSpecification","valueRequired":true,"valueName":"search_term_string"}}],"inLanguage":"pt-BR"},{"@type":"Organization","@id":"https:\/\/regiaonews.net.br\/2022\/#organization","name":"Regi\u00e3o News","url":"https:\/\/regiaonews.net.br\/2022\/","logo":{"@type":"ImageObject","inLanguage":"pt-BR","@id":"https:\/\/regiaonews.net.br\/2022\/#\/schema\/logo\/image\/","url":"https:\/\/regiaonews.net.br\/2022\/wp-content\/uploads\/2026\/03\/regiao-13-anos-scaled.jpg","contentUrl":"https:\/\/regiaonews.net.br\/2022\/wp-content\/uploads\/2026\/03\/regiao-13-anos-scaled.jpg","width":2560,"height":635,"caption":"Regi\u00e3o News"},"image":{"@id":"https:\/\/regiaonews.net.br\/2022\/#\/schema\/logo\/image\/"}},{"@type":"Person","@id":"https:\/\/regiaonews.net.br\/2022\/#\/schema\/person\/2d205a608a5aa97ac279d7a5e6d89ad8","name":"Roberto","image":{"@type":"ImageObject","inLanguage":"pt-BR","@id":"https:\/\/secure.gravatar.com\/avatar\/42749d8b712ff9d59ca93dc150494e5b55a44134482993f5baeb97e61b7ecc89?s=96&d=mm&r=g","url":"https:\/\/secure.gravatar.com\/avatar\/42749d8b712ff9d59ca93dc150494e5b55a44134482993f5baeb97e61b7ecc89?s=96&d=mm&r=g","contentUrl":"https:\/\/secure.gravatar.com\/avatar\/42749d8b712ff9d59ca93dc150494e5b55a44134482993f5baeb97e61b7ecc89?s=96&d=mm&r=g","caption":"Roberto"},"url":"https:\/\/regiaonews.net.br\/2022\/author\/roberto\/"}]}},"publishpress_future_action":{"enabled":false,"date":"2026-05-03 06:58:01","action":"change-status","newStatus":"draft","terms":[],"taxonomy":"category","extraData":[]},"publishpress_future_workflow_manual_trigger":{"enabledWorkflows":[]},"_links":{"self":[{"href":"https:\/\/regiaonews.net.br\/2022\/wp-json\/wp\/v2\/posts\/96404","targetHints":{"allow":["GET"]}}],"collection":[{"href":"https:\/\/regiaonews.net.br\/2022\/wp-json\/wp\/v2\/posts"}],"about":[{"href":"https:\/\/regiaonews.net.br\/2022\/wp-json\/wp\/v2\/types\/post"}],"author":[{"embeddable":true,"href":"https:\/\/regiaonews.net.br\/2022\/wp-json\/wp\/v2\/users\/2"}],"replies":[{"embeddable":true,"href":"https:\/\/regiaonews.net.br\/2022\/wp-json\/wp\/v2\/comments?post=96404"}],"version-history":[{"count":1,"href":"https:\/\/regiaonews.net.br\/2022\/wp-json\/wp\/v2\/posts\/96404\/revisions"}],"predecessor-version":[{"id":96406,"href":"https:\/\/regiaonews.net.br\/2022\/wp-json\/wp\/v2\/posts\/96404\/revisions\/96406"}],"wp:featuredmedia":[{"embeddable":true,"href":"https:\/\/regiaonews.net.br\/2022\/wp-json\/wp\/v2\/media\/96405"}],"wp:attachment":[{"href":"https:\/\/regiaonews.net.br\/2022\/wp-json\/wp\/v2\/media?parent=96404"}],"wp:term":[{"taxonomy":"category","embeddable":true,"href":"https:\/\/regiaonews.net.br\/2022\/wp-json\/wp\/v2\/categories?post=96404"},{"taxonomy":"post_tag","embeddable":true,"href":"https:\/\/regiaonews.net.br\/2022\/wp-json\/wp\/v2\/tags?post=96404"}],"curies":[{"name":"wp","href":"https:\/\/api.w.org\/{rel}","templated":true}]}}