{"id":96306,"date":"2023-10-09T20:59:05","date_gmt":"2023-10-09T23:59:05","guid":{"rendered":"https:\/\/regiaonews.net.br\/2022\/?p=96306"},"modified":"2023-10-09T20:59:05","modified_gmt":"2023-10-09T23:59:05","slug":"california-dream-apresenta-embaixadora-oficial-e-promete-oito-horas-de-balada","status":"publish","type":"post","link":"https:\/\/regiaonews.net.br\/2022\/2023\/10\/09\/california-dream-apresenta-embaixadora-oficial-e-promete-oito-horas-de-balada\/","title":{"rendered":"Calif\u00f3rnia Dream apresenta embaixadora oficial e promete oito horas de balada"},"content":{"rendered":"<p>Festival LGBTQIAPN+ ter\u00e1 mais de 10 atra\u00e7\u00f5es e muita m\u00fasica para o p\u00fablico dan\u00e7ar e curtir at\u00e9 o amanhecer; a drag queen Naza \u00e9 a representante da festa, que acontece no dia 11 de novembro<\/p>\n<p>O Calif\u00f3rnia Dream chega com tudo a Ribeir\u00e3o Preto: em sua primeira edi\u00e7\u00e3o, a balada promete agitar a noite com oito horas de programa\u00e7\u00e3o. Ser\u00e3o mais de 10 atra\u00e7\u00f5es, com muito pop, funk e eletr\u00f4nico, para todo mundo ver o dia nascer dan\u00e7ando at\u00e9 cansar! A festa vai trazer divas do movimento LGBTQIAPN+, DJs, al\u00e9m de performances e apresenta\u00e7\u00f5es para o p\u00fablico bater cabelo e curtir cada momento. O evento acontece no dia 11 de novembro, a partir das 23 horas, no Espa\u00e7o Quinta Linda.<\/p>\n<p>A drag queen Naza, conhecida como A Babadeira, ser\u00e1 a primeira embaixadora oficial do evento. Famosa por sua participa\u00e7\u00e3o na primeira temporada do reality show \u201cDrag Race Brasil\u201d, ela \u00e9 uma combina\u00e7\u00e3o de autenticidade, ousadia e um toque de deboche. Uma menina divertida, cheia de entusiasmo e que vai trazer muita alegria ao festival.<\/p>\n<p>\u201cEsse rol\u00ea \u00e9 para celebrarmos a liberdade e a diversidade. Vai ficar de fora, gatinha? Eu acho que voc\u00ea est\u00e1 perdendo tempo! Corre aqui, vem comprar seu ingresso pra gente ferver bem juntinha e bem quentinha\u201d, declarou Naza.<\/p>\n<p>Anima\u00e7\u00e3o at\u00e9 o amanhecer<br \/>\nAl\u00e9m da pot\u00eancia de Naza, o evento vai receber a Casa de Candaces, que nasceu a partir da iniciativa da \u201cLegendary Mother\u201d Zaila Candace, natural de Ribeir\u00e3o Preto. DJs tamb\u00e9m v\u00e3o apresentar o melhor da m\u00fasica, para o p\u00fablico arrasar na pista de dan\u00e7a at\u00e9 a balada acabar.<\/p>\n<p>Inspirado nos maiores eventos das grandes capitais, o Calif\u00f3rnia Dream vai enaltecer a Cultura BallRoom, um movimento que atesta o orgulho atrav\u00e9s da diversidade de g\u00eanero, sexualidade e ra\u00e7a para promover a inclus\u00e3o, a identifica\u00e7\u00e3o e a express\u00e3o.<\/p>\n<p>Ingressos \u00e0 venda<br \/>\nOs ingressos para o Calif\u00f3rnia Dream j\u00e1 est\u00e3o \u00e0 venda a partir de R\uff04 40. S\u00e3o tr\u00eas setores dispon\u00edveis:<br \/>\n\u2013 Pista: com servi\u00e7o de bar dispon\u00edvel para compra de bebidas;<br \/>\n\u2013 Calif\u00f3rnia Open Bar: com acesso \u00e0 pista e bebida liberada dentre elas cerveja, vodca, Corote sabores, refrigerantes e \u00e1gua;<br \/>\n\u2013 Camarote Dream Open Bar: incluindo cerveja (normal e zero \u00e1lcool), chopp IPA Invicta, vodca Absolut, gin Gordon\u2019s, Catuaba Selvagem, Canelinha, caipirinha de lim\u00e3o, Saqu\u00ea, Mojito, Daiquiri, refrigerantes, energ\u00e9tico e \u00e1gua (t\u00f4nica e normal). Com acesso a todos os setores do evento.<\/p>\n<p>O festival disponibiliza ingressos solid\u00e1rios, com valor diferenciado. Neste caso, \u00e9 necess\u00e1ria a entrega de um quilo de alimento n\u00e3o perec\u00edvel na entrada do Calif\u00f3rnia Dream.<\/p>\n<p>Servi\u00e7o<br \/>\nCALIF\u00d3RNIA DREAM<br \/>\nQuando: 11 de novembro, a partir das 23 horas<br \/>\nOnde: Espa\u00e7o Quinta Linda, Rodovia Anhanguera, SP-330, s\/n \u2013 KM 303<br \/>\nO Calif\u00f3rnia Dream \u00e9 promovido pela Usina Universit\u00e1ria, organizadora do Bloco Calif\u00f3rnia e do Forr\u00f3 da Lua Cheia.<\/p>\n<p>INGRESSOS \u2013 lote promocional<br \/>\nPISTA PROMOCIONAL<br \/>\n\u2013 Meia Estudante \u2013 R\uff0440,00<br \/>\n\u2013 Meia Solid\u00e1ria \u2013 R\uff0450,00<br \/>\n\u2013 Inteira \u2013 R\uff0480,00<\/p>\n<p>CALIF\u00d3RNIA OPEN BAR PROMOCIONAL<br \/>\n\u2013 Meia Estudante \u2013 R\uff0480,00<br \/>\n\u2013 Meia Solid\u00e1ria \u2013 R\uff0490,00<br \/>\n\u2013 Inteira \u2013 R\uff04160,00<\/p>\n<p>CAMAROTE DREAM OPEN BAR PROMOCIONAL<br \/>\n\u2013 Meia Estudante \u2013 R\uff04200,00<br \/>\n\u2013 Meia Solid\u00e1ria \u2013 R\uff04210,00<br \/>\n\u2013 Inteira \u2013 R\uff04400,00<\/p>\n<p>VENDAS PELO SITE: https:\/\/blacktag.com.br\/eventos\/15942\/california-dream-gera<\/p>\n","protected":false},"excerpt":{"rendered":"<p>Festival LGBTQIAPN+ ter\u00e1 mais de 10 atra\u00e7\u00f5es e muita m\u00fasica<\/p>\n","protected":false},"author":2,"featured_media":96307,"comment_status":"open","ping_status":"open","sticky":false,"template":"","format":"standard","meta":{"footnotes":""},"categories":[25,32],"tags":[],"class_list":["post-96306","post","type-post","status-publish","format-standard","has-post-thumbnail","hentry","category-cidades","category-ribeirao-preto"],"yoast_head":"<!-- This site is optimized with the Yoast SEO plugin v27.4 - https:\/\/yoast.com\/product\/yoast-seo-wordpress\/ -->\n<title>Calif\u00f3rnia Dream apresenta embaixadora oficial e promete oito horas de balada - Regi\u00e3o News<\/title>\n<meta name=\"robots\" content=\"index, follow, max-snippet:-1, max-image-preview:large, max-video-preview:-1\" \/>\n<link rel=\"canonical\" href=\"https:\/\/regiaonews.net.br\/2022\/2023\/10\/09\/california-dream-apresenta-embaixadora-oficial-e-promete-oito-horas-de-balada\/\" \/>\n<meta property=\"og:locale\" content=\"pt_BR\" \/>\n<meta property=\"og:type\" content=\"article\" \/>\n<meta property=\"og:title\" content=\"Calif\u00f3rnia Dream apresenta embaixadora oficial e promete oito horas de balada - Regi\u00e3o News\" \/>\n<meta property=\"og:description\" content=\"Festival LGBTQIAPN+ ter\u00e1 mais de 10 atra\u00e7\u00f5es e muita m\u00fasica\" \/>\n<meta property=\"og:url\" content=\"https:\/\/regiaonews.net.br\/2022\/2023\/10\/09\/california-dream-apresenta-embaixadora-oficial-e-promete-oito-horas-de-balada\/\" \/>\n<meta property=\"og:site_name\" content=\"Regi\u00e3o News\" \/>\n<meta property=\"article:published_time\" content=\"2023-10-09T23:59:05+00:00\" \/>\n<meta property=\"og:image\" content=\"https:\/\/regiaonews.net.br\/2022\/wp-content\/uploads\/2023\/10\/A-drag-queen-Naza-e-a-primeira-embaixadora-oficial-do-festival-California-Dream-que-acontece-em-Ribeirao-Preto-no-dia-11-de-novembro-scaled.jpg\" \/>\n\t<meta property=\"og:image:width\" content=\"1706\" \/>\n\t<meta property=\"og:image:height\" content=\"2560\" \/>\n\t<meta property=\"og:image:type\" content=\"image\/jpeg\" \/>\n<meta name=\"author\" content=\"Roberto\" \/>\n<meta name=\"twitter:card\" content=\"summary_large_image\" \/>\n<meta name=\"twitter:label1\" content=\"Escrito por\" \/>\n\t<meta name=\"twitter:data1\" content=\"Roberto\" \/>\n\t<meta name=\"twitter:label2\" content=\"Est. tempo de leitura\" \/>\n\t<meta name=\"twitter:data2\" content=\"3 minutos\" \/>\n<script type=\"application\/ld+json\" class=\"yoast-schema-graph\">{\"@context\":\"https:\\\/\\\/schema.org\",\"@graph\":[{\"@type\":\"Article\",\"@id\":\"https:\\\/\\\/regiaonews.net.br\\\/2022\\\/2023\\\/10\\\/09\\\/california-dream-apresenta-embaixadora-oficial-e-promete-oito-horas-de-balada\\\/#article\",\"isPartOf\":{\"@id\":\"https:\\\/\\\/regiaonews.net.br\\\/2022\\\/2023\\\/10\\\/09\\\/california-dream-apresenta-embaixadora-oficial-e-promete-oito-horas-de-balada\\\/\"},\"author\":{\"name\":\"Roberto\",\"@id\":\"https:\\\/\\\/regiaonews.net.br\\\/2022\\\/#\\\/schema\\\/person\\\/2d205a608a5aa97ac279d7a5e6d89ad8\"},\"headline\":\"Calif\u00f3rnia Dream apresenta embaixadora oficial e promete oito horas de balada\",\"datePublished\":\"2023-10-09T23:59:05+00:00\",\"mainEntityOfPage\":{\"@id\":\"https:\\\/\\\/regiaonews.net.br\\\/2022\\\/2023\\\/10\\\/09\\\/california-dream-apresenta-embaixadora-oficial-e-promete-oito-horas-de-balada\\\/\"},\"wordCount\":564,\"commentCount\":0,\"publisher\":{\"@id\":\"https:\\\/\\\/regiaonews.net.br\\\/2022\\\/#organization\"},\"image\":{\"@id\":\"https:\\\/\\\/regiaonews.net.br\\\/2022\\\/2023\\\/10\\\/09\\\/california-dream-apresenta-embaixadora-oficial-e-promete-oito-horas-de-balada\\\/#primaryimage\"},\"thumbnailUrl\":\"https:\\\/\\\/regiaonews.net.br\\\/2022\\\/wp-content\\\/uploads\\\/2023\\\/10\\\/A-drag-queen-Naza-e-a-primeira-embaixadora-oficial-do-festival-California-Dream-que-acontece-em-Ribeirao-Preto-no-dia-11-de-novembro-scaled.jpg\",\"articleSection\":[\"Cidades\",\"Ribeir\u00e3o Preto\"],\"inLanguage\":\"pt-BR\",\"potentialAction\":[{\"@type\":\"CommentAction\",\"name\":\"Comment\",\"target\":[\"https:\\\/\\\/regiaonews.net.br\\\/2022\\\/2023\\\/10\\\/09\\\/california-dream-apresenta-embaixadora-oficial-e-promete-oito-horas-de-balada\\\/#respond\"]}]},{\"@type\":\"WebPage\",\"@id\":\"https:\\\/\\\/regiaonews.net.br\\\/2022\\\/2023\\\/10\\\/09\\\/california-dream-apresenta-embaixadora-oficial-e-promete-oito-horas-de-balada\\\/\",\"url\":\"https:\\\/\\\/regiaonews.net.br\\\/2022\\\/2023\\\/10\\\/09\\\/california-dream-apresenta-embaixadora-oficial-e-promete-oito-horas-de-balada\\\/\",\"name\":\"Calif\u00f3rnia Dream apresenta embaixadora oficial e promete oito horas de balada - Regi\u00e3o News\",\"isPartOf\":{\"@id\":\"https:\\\/\\\/regiaonews.net.br\\\/2022\\\/#website\"},\"primaryImageOfPage\":{\"@id\":\"https:\\\/\\\/regiaonews.net.br\\\/2022\\\/2023\\\/10\\\/09\\\/california-dream-apresenta-embaixadora-oficial-e-promete-oito-horas-de-balada\\\/#primaryimage\"},\"image\":{\"@id\":\"https:\\\/\\\/regiaonews.net.br\\\/2022\\\/2023\\\/10\\\/09\\\/california-dream-apresenta-embaixadora-oficial-e-promete-oito-horas-de-balada\\\/#primaryimage\"},\"thumbnailUrl\":\"https:\\\/\\\/regiaonews.net.br\\\/2022\\\/wp-content\\\/uploads\\\/2023\\\/10\\\/A-drag-queen-Naza-e-a-primeira-embaixadora-oficial-do-festival-California-Dream-que-acontece-em-Ribeirao-Preto-no-dia-11-de-novembro-scaled.jpg\",\"datePublished\":\"2023-10-09T23:59:05+00:00\",\"breadcrumb\":{\"@id\":\"https:\\\/\\\/regiaonews.net.br\\\/2022\\\/2023\\\/10\\\/09\\\/california-dream-apresenta-embaixadora-oficial-e-promete-oito-horas-de-balada\\\/#breadcrumb\"},\"inLanguage\":\"pt-BR\",\"potentialAction\":[{\"@type\":\"ReadAction\",\"target\":[\"https:\\\/\\\/regiaonews.net.br\\\/2022\\\/2023\\\/10\\\/09\\\/california-dream-apresenta-embaixadora-oficial-e-promete-oito-horas-de-balada\\\/\"]}]},{\"@type\":\"ImageObject\",\"inLanguage\":\"pt-BR\",\"@id\":\"https:\\\/\\\/regiaonews.net.br\\\/2022\\\/2023\\\/10\\\/09\\\/california-dream-apresenta-embaixadora-oficial-e-promete-oito-horas-de-balada\\\/#primaryimage\",\"url\":\"https:\\\/\\\/regiaonews.net.br\\\/2022\\\/wp-content\\\/uploads\\\/2023\\\/10\\\/A-drag-queen-Naza-e-a-primeira-embaixadora-oficial-do-festival-California-Dream-que-acontece-em-Ribeirao-Preto-no-dia-11-de-novembro-scaled.jpg\",\"contentUrl\":\"https:\\\/\\\/regiaonews.net.br\\\/2022\\\/wp-content\\\/uploads\\\/2023\\\/10\\\/A-drag-queen-Naza-e-a-primeira-embaixadora-oficial-do-festival-California-Dream-que-acontece-em-Ribeirao-Preto-no-dia-11-de-novembro-scaled.jpg\",\"width\":1706,\"height\":2560},{\"@type\":\"BreadcrumbList\",\"@id\":\"https:\\\/\\\/regiaonews.net.br\\\/2022\\\/2023\\\/10\\\/09\\\/california-dream-apresenta-embaixadora-oficial-e-promete-oito-horas-de-balada\\\/#breadcrumb\",\"itemListElement\":[{\"@type\":\"ListItem\",\"position\":1,\"name\":\"In\u00edcio\",\"item\":\"https:\\\/\\\/regiaonews.net.br\\\/2022\\\/\"},{\"@type\":\"ListItem\",\"position\":2,\"name\":\"Calif\u00f3rnia Dream apresenta embaixadora oficial e promete oito horas de balada\"}]},{\"@type\":\"WebSite\",\"@id\":\"https:\\\/\\\/regiaonews.net.br\\\/2022\\\/#website\",\"url\":\"https:\\\/\\\/regiaonews.net.br\\\/2022\\\/\",\"name\":\"Regi\u00e3o News\",\"description\":\"Site de Not\u00edcias de Barretos e regi\u00e3o\",\"publisher\":{\"@id\":\"https:\\\/\\\/regiaonews.net.br\\\/2022\\\/#organization\"},\"potentialAction\":[{\"@type\":\"SearchAction\",\"target\":{\"@type\":\"EntryPoint\",\"urlTemplate\":\"https:\\\/\\\/regiaonews.net.br\\\/2022\\\/?s={search_term_string}\"},\"query-input\":{\"@type\":\"PropertyValueSpecification\",\"valueRequired\":true,\"valueName\":\"search_term_string\"}}],\"inLanguage\":\"pt-BR\"},{\"@type\":\"Organization\",\"@id\":\"https:\\\/\\\/regiaonews.net.br\\\/2022\\\/#organization\",\"name\":\"Regi\u00e3o News\",\"url\":\"https:\\\/\\\/regiaonews.net.br\\\/2022\\\/\",\"logo\":{\"@type\":\"ImageObject\",\"inLanguage\":\"pt-BR\",\"@id\":\"https:\\\/\\\/regiaonews.net.br\\\/2022\\\/#\\\/schema\\\/logo\\\/image\\\/\",\"url\":\"https:\\\/\\\/regiaonews.net.br\\\/2022\\\/wp-content\\\/uploads\\\/2026\\\/03\\\/regiao-13-anos-scaled.jpg\",\"contentUrl\":\"https:\\\/\\\/regiaonews.net.br\\\/2022\\\/wp-content\\\/uploads\\\/2026\\\/03\\\/regiao-13-anos-scaled.jpg\",\"width\":2560,\"height\":635,\"caption\":\"Regi\u00e3o News\"},\"image\":{\"@id\":\"https:\\\/\\\/regiaonews.net.br\\\/2022\\\/#\\\/schema\\\/logo\\\/image\\\/\"}},{\"@type\":\"Person\",\"@id\":\"https:\\\/\\\/regiaonews.net.br\\\/2022\\\/#\\\/schema\\\/person\\\/2d205a608a5aa97ac279d7a5e6d89ad8\",\"name\":\"Roberto\",\"image\":{\"@type\":\"ImageObject\",\"inLanguage\":\"pt-BR\",\"@id\":\"https:\\\/\\\/secure.gravatar.com\\\/avatar\\\/42749d8b712ff9d59ca93dc150494e5b55a44134482993f5baeb97e61b7ecc89?s=96&d=mm&r=g\",\"url\":\"https:\\\/\\\/secure.gravatar.com\\\/avatar\\\/42749d8b712ff9d59ca93dc150494e5b55a44134482993f5baeb97e61b7ecc89?s=96&d=mm&r=g\",\"contentUrl\":\"https:\\\/\\\/secure.gravatar.com\\\/avatar\\\/42749d8b712ff9d59ca93dc150494e5b55a44134482993f5baeb97e61b7ecc89?s=96&d=mm&r=g\",\"caption\":\"Roberto\"},\"url\":\"https:\\\/\\\/regiaonews.net.br\\\/2022\\\/author\\\/roberto\\\/\"}]}<\/script>\n<!-- \/ Yoast SEO plugin. -->","yoast_head_json":{"title":"Calif\u00f3rnia Dream apresenta embaixadora oficial e promete oito horas de balada - Regi\u00e3o News","robots":{"index":"index","follow":"follow","max-snippet":"max-snippet:-1","max-image-preview":"max-image-preview:large","max-video-preview":"max-video-preview:-1"},"canonical":"https:\/\/regiaonews.net.br\/2022\/2023\/10\/09\/california-dream-apresenta-embaixadora-oficial-e-promete-oito-horas-de-balada\/","og_locale":"pt_BR","og_type":"article","og_title":"Calif\u00f3rnia Dream apresenta embaixadora oficial e promete oito horas de balada - Regi\u00e3o News","og_description":"Festival LGBTQIAPN+ ter\u00e1 mais de 10 atra\u00e7\u00f5es e muita m\u00fasica","og_url":"https:\/\/regiaonews.net.br\/2022\/2023\/10\/09\/california-dream-apresenta-embaixadora-oficial-e-promete-oito-horas-de-balada\/","og_site_name":"Regi\u00e3o News","article_published_time":"2023-10-09T23:59:05+00:00","og_image":[{"width":1706,"height":2560,"url":"https:\/\/regiaonews.net.br\/2022\/wp-content\/uploads\/2023\/10\/A-drag-queen-Naza-e-a-primeira-embaixadora-oficial-do-festival-California-Dream-que-acontece-em-Ribeirao-Preto-no-dia-11-de-novembro-scaled.jpg","type":"image\/jpeg"}],"author":"Roberto","twitter_card":"summary_large_image","twitter_misc":{"Escrito por":"Roberto","Est. tempo de leitura":"3 minutos"},"schema":{"@context":"https:\/\/schema.org","@graph":[{"@type":"Article","@id":"https:\/\/regiaonews.net.br\/2022\/2023\/10\/09\/california-dream-apresenta-embaixadora-oficial-e-promete-oito-horas-de-balada\/#article","isPartOf":{"@id":"https:\/\/regiaonews.net.br\/2022\/2023\/10\/09\/california-dream-apresenta-embaixadora-oficial-e-promete-oito-horas-de-balada\/"},"author":{"name":"Roberto","@id":"https:\/\/regiaonews.net.br\/2022\/#\/schema\/person\/2d205a608a5aa97ac279d7a5e6d89ad8"},"headline":"Calif\u00f3rnia Dream apresenta embaixadora oficial e promete oito horas de balada","datePublished":"2023-10-09T23:59:05+00:00","mainEntityOfPage":{"@id":"https:\/\/regiaonews.net.br\/2022\/2023\/10\/09\/california-dream-apresenta-embaixadora-oficial-e-promete-oito-horas-de-balada\/"},"wordCount":564,"commentCount":0,"publisher":{"@id":"https:\/\/regiaonews.net.br\/2022\/#organization"},"image":{"@id":"https:\/\/regiaonews.net.br\/2022\/2023\/10\/09\/california-dream-apresenta-embaixadora-oficial-e-promete-oito-horas-de-balada\/#primaryimage"},"thumbnailUrl":"https:\/\/regiaonews.net.br\/2022\/wp-content\/uploads\/2023\/10\/A-drag-queen-Naza-e-a-primeira-embaixadora-oficial-do-festival-California-Dream-que-acontece-em-Ribeirao-Preto-no-dia-11-de-novembro-scaled.jpg","articleSection":["Cidades","Ribeir\u00e3o Preto"],"inLanguage":"pt-BR","potentialAction":[{"@type":"CommentAction","name":"Comment","target":["https:\/\/regiaonews.net.br\/2022\/2023\/10\/09\/california-dream-apresenta-embaixadora-oficial-e-promete-oito-horas-de-balada\/#respond"]}]},{"@type":"WebPage","@id":"https:\/\/regiaonews.net.br\/2022\/2023\/10\/09\/california-dream-apresenta-embaixadora-oficial-e-promete-oito-horas-de-balada\/","url":"https:\/\/regiaonews.net.br\/2022\/2023\/10\/09\/california-dream-apresenta-embaixadora-oficial-e-promete-oito-horas-de-balada\/","name":"Calif\u00f3rnia Dream apresenta embaixadora oficial e promete oito horas de balada - Regi\u00e3o News","isPartOf":{"@id":"https:\/\/regiaonews.net.br\/2022\/#website"},"primaryImageOfPage":{"@id":"https:\/\/regiaonews.net.br\/2022\/2023\/10\/09\/california-dream-apresenta-embaixadora-oficial-e-promete-oito-horas-de-balada\/#primaryimage"},"image":{"@id":"https:\/\/regiaonews.net.br\/2022\/2023\/10\/09\/california-dream-apresenta-embaixadora-oficial-e-promete-oito-horas-de-balada\/#primaryimage"},"thumbnailUrl":"https:\/\/regiaonews.net.br\/2022\/wp-content\/uploads\/2023\/10\/A-drag-queen-Naza-e-a-primeira-embaixadora-oficial-do-festival-California-Dream-que-acontece-em-Ribeirao-Preto-no-dia-11-de-novembro-scaled.jpg","datePublished":"2023-10-09T23:59:05+00:00","breadcrumb":{"@id":"https:\/\/regiaonews.net.br\/2022\/2023\/10\/09\/california-dream-apresenta-embaixadora-oficial-e-promete-oito-horas-de-balada\/#breadcrumb"},"inLanguage":"pt-BR","potentialAction":[{"@type":"ReadAction","target":["https:\/\/regiaonews.net.br\/2022\/2023\/10\/09\/california-dream-apresenta-embaixadora-oficial-e-promete-oito-horas-de-balada\/"]}]},{"@type":"ImageObject","inLanguage":"pt-BR","@id":"https:\/\/regiaonews.net.br\/2022\/2023\/10\/09\/california-dream-apresenta-embaixadora-oficial-e-promete-oito-horas-de-balada\/#primaryimage","url":"https:\/\/regiaonews.net.br\/2022\/wp-content\/uploads\/2023\/10\/A-drag-queen-Naza-e-a-primeira-embaixadora-oficial-do-festival-California-Dream-que-acontece-em-Ribeirao-Preto-no-dia-11-de-novembro-scaled.jpg","contentUrl":"https:\/\/regiaonews.net.br\/2022\/wp-content\/uploads\/2023\/10\/A-drag-queen-Naza-e-a-primeira-embaixadora-oficial-do-festival-California-Dream-que-acontece-em-Ribeirao-Preto-no-dia-11-de-novembro-scaled.jpg","width":1706,"height":2560},{"@type":"BreadcrumbList","@id":"https:\/\/regiaonews.net.br\/2022\/2023\/10\/09\/california-dream-apresenta-embaixadora-oficial-e-promete-oito-horas-de-balada\/#breadcrumb","itemListElement":[{"@type":"ListItem","position":1,"name":"In\u00edcio","item":"https:\/\/regiaonews.net.br\/2022\/"},{"@type":"ListItem","position":2,"name":"Calif\u00f3rnia Dream apresenta embaixadora oficial e promete oito horas de balada"}]},{"@type":"WebSite","@id":"https:\/\/regiaonews.net.br\/2022\/#website","url":"https:\/\/regiaonews.net.br\/2022\/","name":"Regi\u00e3o News","description":"Site de Not\u00edcias de Barretos e regi\u00e3o","publisher":{"@id":"https:\/\/regiaonews.net.br\/2022\/#organization"},"potentialAction":[{"@type":"SearchAction","target":{"@type":"EntryPoint","urlTemplate":"https:\/\/regiaonews.net.br\/2022\/?s={search_term_string}"},"query-input":{"@type":"PropertyValueSpecification","valueRequired":true,"valueName":"search_term_string"}}],"inLanguage":"pt-BR"},{"@type":"Organization","@id":"https:\/\/regiaonews.net.br\/2022\/#organization","name":"Regi\u00e3o News","url":"https:\/\/regiaonews.net.br\/2022\/","logo":{"@type":"ImageObject","inLanguage":"pt-BR","@id":"https:\/\/regiaonews.net.br\/2022\/#\/schema\/logo\/image\/","url":"https:\/\/regiaonews.net.br\/2022\/wp-content\/uploads\/2026\/03\/regiao-13-anos-scaled.jpg","contentUrl":"https:\/\/regiaonews.net.br\/2022\/wp-content\/uploads\/2026\/03\/regiao-13-anos-scaled.jpg","width":2560,"height":635,"caption":"Regi\u00e3o News"},"image":{"@id":"https:\/\/regiaonews.net.br\/2022\/#\/schema\/logo\/image\/"}},{"@type":"Person","@id":"https:\/\/regiaonews.net.br\/2022\/#\/schema\/person\/2d205a608a5aa97ac279d7a5e6d89ad8","name":"Roberto","image":{"@type":"ImageObject","inLanguage":"pt-BR","@id":"https:\/\/secure.gravatar.com\/avatar\/42749d8b712ff9d59ca93dc150494e5b55a44134482993f5baeb97e61b7ecc89?s=96&d=mm&r=g","url":"https:\/\/secure.gravatar.com\/avatar\/42749d8b712ff9d59ca93dc150494e5b55a44134482993f5baeb97e61b7ecc89?s=96&d=mm&r=g","contentUrl":"https:\/\/secure.gravatar.com\/avatar\/42749d8b712ff9d59ca93dc150494e5b55a44134482993f5baeb97e61b7ecc89?s=96&d=mm&r=g","caption":"Roberto"},"url":"https:\/\/regiaonews.net.br\/2022\/author\/roberto\/"}]}},"publishpress_future_action":{"enabled":false,"date":"2026-05-05 05:12:26","action":"change-status","newStatus":"draft","terms":[],"taxonomy":"category","extraData":[]},"publishpress_future_workflow_manual_trigger":{"enabledWorkflows":[]},"_links":{"self":[{"href":"https:\/\/regiaonews.net.br\/2022\/wp-json\/wp\/v2\/posts\/96306","targetHints":{"allow":["GET"]}}],"collection":[{"href":"https:\/\/regiaonews.net.br\/2022\/wp-json\/wp\/v2\/posts"}],"about":[{"href":"https:\/\/regiaonews.net.br\/2022\/wp-json\/wp\/v2\/types\/post"}],"author":[{"embeddable":true,"href":"https:\/\/regiaonews.net.br\/2022\/wp-json\/wp\/v2\/users\/2"}],"replies":[{"embeddable":true,"href":"https:\/\/regiaonews.net.br\/2022\/wp-json\/wp\/v2\/comments?post=96306"}],"version-history":[{"count":1,"href":"https:\/\/regiaonews.net.br\/2022\/wp-json\/wp\/v2\/posts\/96306\/revisions"}],"predecessor-version":[{"id":96308,"href":"https:\/\/regiaonews.net.br\/2022\/wp-json\/wp\/v2\/posts\/96306\/revisions\/96308"}],"wp:featuredmedia":[{"embeddable":true,"href":"https:\/\/regiaonews.net.br\/2022\/wp-json\/wp\/v2\/media\/96307"}],"wp:attachment":[{"href":"https:\/\/regiaonews.net.br\/2022\/wp-json\/wp\/v2\/media?parent=96306"}],"wp:term":[{"taxonomy":"category","embeddable":true,"href":"https:\/\/regiaonews.net.br\/2022\/wp-json\/wp\/v2\/categories?post=96306"},{"taxonomy":"post_tag","embeddable":true,"href":"https:\/\/regiaonews.net.br\/2022\/wp-json\/wp\/v2\/tags?post=96306"}],"curies":[{"name":"wp","href":"https:\/\/api.w.org\/{rel}","templated":true}]}}