{"id":96231,"date":"2023-10-06T20:18:17","date_gmt":"2023-10-06T23:18:17","guid":{"rendered":"https:\/\/regiaonews.net.br\/2022\/?p=96231"},"modified":"2023-10-07T04:56:48","modified_gmt":"2023-10-07T07:56:48","slug":"acidente-deixa-quatro-mortos-e-um-ferido-em-guaraci","status":"publish","type":"post","link":"https:\/\/regiaonews.net.br\/2022\/2023\/10\/06\/acidente-deixa-quatro-mortos-e-um-ferido-em-guaraci\/","title":{"rendered":"Acidente deixa quatro mortos e um ferido em Guaraci"},"content":{"rendered":"<p>&nbsp;<\/p>\n<p>A Pol\u00edcia Rodovi\u00e1ria registrou uma colis\u00e3o transversal no km 463 da rodovia Armando Sales de Oliveira, em Guaraci. O acidente ocorreu \u00e0s 16h20 desta sexta-feira (6), envolveu dois autom\u00f3veis, sendo registradas quatro v\u00edtimas fatais e uma socorrida em estado grave.<\/p>\n<p>As equipes do Corpo de Bombeiros, Samu e Pol\u00edcias Civil e Militar foram acionadas para atender o acidente que envolveu uma Saveiro, de cor branca, placas DDL-5042 de Monte Azul Paulista-SP e um Honda Civic, cor cinza, placas EDK-0320 de Guariba-SP.<\/p>\n<p>O condutor da Saveiro, identificado como Dener, foi encontrado sem vida, preso \u00e0s ferragens do ve\u00edculo. Enquanto no Honda Civic, Luiz Fernando da Silva, motorista, e sua esposa, Lidiane Souza Oliveira da Silva, tamb\u00e9m foram encontrados mortos, ambos presos nas ferragens. No banco traseiro estavam suas filhas, Livia Maria Oliveira da Silva, de 7 anos,\u00a0 foi a \u00f3bito ao dar entrada no Hospital Municipal (HM) de Guaraci e Maria Fernanda Oliveira da Silva,\u00a0 8 anos, foi levada em estado grave ap Pronto Socorro Infantil (PSI) da Santa Casa de Miseric\u00f3rdia de Barretos.<\/p>\n<p><a href=\"https:\/\/regiaonews.net.br\/2022\/wp-content\/uploads\/2023\/10\/IMG-20231006-WA0370.jpg\"><img loading=\"lazy\" decoding=\"async\" class=\"alignnone size-medium wp-image-96232\" src=\"https:\/\/regiaonews.net.br\/2022\/wp-content\/uploads\/2023\/10\/IMG-20231006-WA0370-300x169.jpg\" alt=\"\" width=\"300\" height=\"169\" srcset=\"https:\/\/regiaonews.net.br\/2022\/wp-content\/uploads\/2023\/10\/IMG-20231006-WA0370-300x169.jpg 300w, https:\/\/regiaonews.net.br\/2022\/wp-content\/uploads\/2023\/10\/IMG-20231006-WA0370-1024x576.jpg 1024w, https:\/\/regiaonews.net.br\/2022\/wp-content\/uploads\/2023\/10\/IMG-20231006-WA0370-768x432.jpg 768w, https:\/\/regiaonews.net.br\/2022\/wp-content\/uploads\/2023\/10\/IMG-20231006-WA0370-1536x864.jpg 1536w, https:\/\/regiaonews.net.br\/2022\/wp-content\/uploads\/2023\/10\/IMG-20231006-WA0370-250x141.jpg 250w, https:\/\/regiaonews.net.br\/2022\/wp-content\/uploads\/2023\/10\/IMG-20231006-WA0370.jpg 1599w\" sizes=\"auto, (max-width: 300px) 100vw, 300px\" \/><\/a><\/p>\n","protected":false},"excerpt":{"rendered":"<p>&nbsp; A Pol\u00edcia Rodovi\u00e1ria registrou uma colis\u00e3o transversal no km<\/p>\n","protected":false},"author":2,"featured_media":96244,"comment_status":"open","ping_status":"open","sticky":false,"template":"","format":"standard","meta":{"footnotes":""},"categories":[9,23],"tags":[],"class_list":["post-96231","post","type-post","status-publish","format-standard","has-post-thumbnail","hentry","category-guaraci","category-policia"],"yoast_head":"<!-- This site is optimized with the Yoast SEO plugin v27.4 - https:\/\/yoast.com\/product\/yoast-seo-wordpress\/ -->\n<title>Acidente deixa quatro mortos e um ferido em Guaraci<\/title>\n<meta name=\"description\" content=\"A Pol\u00edcia Rodovi\u00e1ria registrou uma colis\u00e3o transversal no km 463 da rodovia Armando Sales de Oliveira, em Guaraci.\" \/>\n<meta name=\"robots\" content=\"index, follow, max-snippet:-1, max-image-preview:large, max-video-preview:-1\" \/>\n<link rel=\"canonical\" href=\"https:\/\/regiaonews.net.br\/2022\/2023\/10\/06\/acidente-deixa-quatro-mortos-e-um-ferido-em-guaraci\/\" \/>\n<meta property=\"og:locale\" content=\"pt_BR\" \/>\n<meta property=\"og:type\" content=\"article\" \/>\n<meta property=\"og:title\" content=\"Acidente deixa quatro mortos e um ferido em Guaraci\" \/>\n<meta property=\"og:description\" content=\"A Pol\u00edcia Rodovi\u00e1ria registrou uma colis\u00e3o transversal no km 463 da rodovia Armando Sales de Oliveira, em Guaraci.\" \/>\n<meta property=\"og:url\" content=\"https:\/\/regiaonews.net.br\/2022\/2023\/10\/06\/acidente-deixa-quatro-mortos-e-um-ferido-em-guaraci\/\" \/>\n<meta property=\"og:site_name\" content=\"Regi\u00e3o News\" \/>\n<meta property=\"article:published_time\" content=\"2023-10-06T23:18:17+00:00\" \/>\n<meta property=\"article:modified_time\" content=\"2023-10-07T07:56:48+00:00\" \/>\n<meta property=\"og:image\" content=\"https:\/\/regiaonews.net.br\/2022\/wp-content\/uploads\/2023\/10\/aci12.jpg\" \/>\n\t<meta property=\"og:image:width\" content=\"944\" \/>\n\t<meta property=\"og:image:height\" content=\"751\" \/>\n\t<meta property=\"og:image:type\" content=\"image\/jpeg\" \/>\n<meta name=\"author\" content=\"Roberto\" \/>\n<meta name=\"twitter:card\" content=\"summary_large_image\" \/>\n<meta name=\"twitter:label1\" content=\"Escrito por\" \/>\n\t<meta name=\"twitter:data1\" content=\"Roberto\" \/>\n\t<meta name=\"twitter:label2\" content=\"Est. tempo de leitura\" \/>\n\t<meta name=\"twitter:data2\" content=\"2 minutos\" \/>\n<script type=\"application\/ld+json\" class=\"yoast-schema-graph\">{\"@context\":\"https:\\\/\\\/schema.org\",\"@graph\":[{\"@type\":\"Article\",\"@id\":\"https:\\\/\\\/regiaonews.net.br\\\/2022\\\/2023\\\/10\\\/06\\\/acidente-deixa-quatro-mortos-e-um-ferido-em-guaraci\\\/#article\",\"isPartOf\":{\"@id\":\"https:\\\/\\\/regiaonews.net.br\\\/2022\\\/2023\\\/10\\\/06\\\/acidente-deixa-quatro-mortos-e-um-ferido-em-guaraci\\\/\"},\"author\":{\"name\":\"Roberto\",\"@id\":\"https:\\\/\\\/regiaonews.net.br\\\/2022\\\/#\\\/schema\\\/person\\\/2d205a608a5aa97ac279d7a5e6d89ad8\"},\"headline\":\"Acidente deixa quatro mortos e um ferido em Guaraci\",\"datePublished\":\"2023-10-06T23:18:17+00:00\",\"dateModified\":\"2023-10-07T07:56:48+00:00\",\"mainEntityOfPage\":{\"@id\":\"https:\\\/\\\/regiaonews.net.br\\\/2022\\\/2023\\\/10\\\/06\\\/acidente-deixa-quatro-mortos-e-um-ferido-em-guaraci\\\/\"},\"wordCount\":188,\"commentCount\":0,\"publisher\":{\"@id\":\"https:\\\/\\\/regiaonews.net.br\\\/2022\\\/#organization\"},\"image\":{\"@id\":\"https:\\\/\\\/regiaonews.net.br\\\/2022\\\/2023\\\/10\\\/06\\\/acidente-deixa-quatro-mortos-e-um-ferido-em-guaraci\\\/#primaryimage\"},\"thumbnailUrl\":\"https:\\\/\\\/regiaonews.net.br\\\/2022\\\/wp-content\\\/uploads\\\/2023\\\/10\\\/aci12.jpg\",\"articleSection\":[\"Guaraci\",\"Policia\"],\"inLanguage\":\"pt-BR\",\"potentialAction\":[{\"@type\":\"CommentAction\",\"name\":\"Comment\",\"target\":[\"https:\\\/\\\/regiaonews.net.br\\\/2022\\\/2023\\\/10\\\/06\\\/acidente-deixa-quatro-mortos-e-um-ferido-em-guaraci\\\/#respond\"]}]},{\"@type\":\"WebPage\",\"@id\":\"https:\\\/\\\/regiaonews.net.br\\\/2022\\\/2023\\\/10\\\/06\\\/acidente-deixa-quatro-mortos-e-um-ferido-em-guaraci\\\/\",\"url\":\"https:\\\/\\\/regiaonews.net.br\\\/2022\\\/2023\\\/10\\\/06\\\/acidente-deixa-quatro-mortos-e-um-ferido-em-guaraci\\\/\",\"name\":\"Acidente deixa quatro mortos e um ferido em Guaraci\",\"isPartOf\":{\"@id\":\"https:\\\/\\\/regiaonews.net.br\\\/2022\\\/#website\"},\"primaryImageOfPage\":{\"@id\":\"https:\\\/\\\/regiaonews.net.br\\\/2022\\\/2023\\\/10\\\/06\\\/acidente-deixa-quatro-mortos-e-um-ferido-em-guaraci\\\/#primaryimage\"},\"image\":{\"@id\":\"https:\\\/\\\/regiaonews.net.br\\\/2022\\\/2023\\\/10\\\/06\\\/acidente-deixa-quatro-mortos-e-um-ferido-em-guaraci\\\/#primaryimage\"},\"thumbnailUrl\":\"https:\\\/\\\/regiaonews.net.br\\\/2022\\\/wp-content\\\/uploads\\\/2023\\\/10\\\/aci12.jpg\",\"datePublished\":\"2023-10-06T23:18:17+00:00\",\"dateModified\":\"2023-10-07T07:56:48+00:00\",\"description\":\"A Pol\u00edcia Rodovi\u00e1ria registrou uma colis\u00e3o transversal no km 463 da rodovia Armando Sales de Oliveira, em Guaraci.\",\"breadcrumb\":{\"@id\":\"https:\\\/\\\/regiaonews.net.br\\\/2022\\\/2023\\\/10\\\/06\\\/acidente-deixa-quatro-mortos-e-um-ferido-em-guaraci\\\/#breadcrumb\"},\"inLanguage\":\"pt-BR\",\"potentialAction\":[{\"@type\":\"ReadAction\",\"target\":[\"https:\\\/\\\/regiaonews.net.br\\\/2022\\\/2023\\\/10\\\/06\\\/acidente-deixa-quatro-mortos-e-um-ferido-em-guaraci\\\/\"]}]},{\"@type\":\"ImageObject\",\"inLanguage\":\"pt-BR\",\"@id\":\"https:\\\/\\\/regiaonews.net.br\\\/2022\\\/2023\\\/10\\\/06\\\/acidente-deixa-quatro-mortos-e-um-ferido-em-guaraci\\\/#primaryimage\",\"url\":\"https:\\\/\\\/regiaonews.net.br\\\/2022\\\/wp-content\\\/uploads\\\/2023\\\/10\\\/aci12.jpg\",\"contentUrl\":\"https:\\\/\\\/regiaonews.net.br\\\/2022\\\/wp-content\\\/uploads\\\/2023\\\/10\\\/aci12.jpg\",\"width\":944,\"height\":751},{\"@type\":\"BreadcrumbList\",\"@id\":\"https:\\\/\\\/regiaonews.net.br\\\/2022\\\/2023\\\/10\\\/06\\\/acidente-deixa-quatro-mortos-e-um-ferido-em-guaraci\\\/#breadcrumb\",\"itemListElement\":[{\"@type\":\"ListItem\",\"position\":1,\"name\":\"In\u00edcio\",\"item\":\"https:\\\/\\\/regiaonews.net.br\\\/2022\\\/\"},{\"@type\":\"ListItem\",\"position\":2,\"name\":\"Acidente deixa quatro mortos e um ferido em Guaraci\"}]},{\"@type\":\"WebSite\",\"@id\":\"https:\\\/\\\/regiaonews.net.br\\\/2022\\\/#website\",\"url\":\"https:\\\/\\\/regiaonews.net.br\\\/2022\\\/\",\"name\":\"Regi\u00e3o News\",\"description\":\"Site de Not\u00edcias de Barretos e regi\u00e3o\",\"publisher\":{\"@id\":\"https:\\\/\\\/regiaonews.net.br\\\/2022\\\/#organization\"},\"potentialAction\":[{\"@type\":\"SearchAction\",\"target\":{\"@type\":\"EntryPoint\",\"urlTemplate\":\"https:\\\/\\\/regiaonews.net.br\\\/2022\\\/?s={search_term_string}\"},\"query-input\":{\"@type\":\"PropertyValueSpecification\",\"valueRequired\":true,\"valueName\":\"search_term_string\"}}],\"inLanguage\":\"pt-BR\"},{\"@type\":\"Organization\",\"@id\":\"https:\\\/\\\/regiaonews.net.br\\\/2022\\\/#organization\",\"name\":\"Regi\u00e3o News\",\"url\":\"https:\\\/\\\/regiaonews.net.br\\\/2022\\\/\",\"logo\":{\"@type\":\"ImageObject\",\"inLanguage\":\"pt-BR\",\"@id\":\"https:\\\/\\\/regiaonews.net.br\\\/2022\\\/#\\\/schema\\\/logo\\\/image\\\/\",\"url\":\"https:\\\/\\\/regiaonews.net.br\\\/2022\\\/wp-content\\\/uploads\\\/2026\\\/03\\\/regiao-13-anos-scaled.jpg\",\"contentUrl\":\"https:\\\/\\\/regiaonews.net.br\\\/2022\\\/wp-content\\\/uploads\\\/2026\\\/03\\\/regiao-13-anos-scaled.jpg\",\"width\":2560,\"height\":635,\"caption\":\"Regi\u00e3o News\"},\"image\":{\"@id\":\"https:\\\/\\\/regiaonews.net.br\\\/2022\\\/#\\\/schema\\\/logo\\\/image\\\/\"}},{\"@type\":\"Person\",\"@id\":\"https:\\\/\\\/regiaonews.net.br\\\/2022\\\/#\\\/schema\\\/person\\\/2d205a608a5aa97ac279d7a5e6d89ad8\",\"name\":\"Roberto\",\"image\":{\"@type\":\"ImageObject\",\"inLanguage\":\"pt-BR\",\"@id\":\"https:\\\/\\\/secure.gravatar.com\\\/avatar\\\/42749d8b712ff9d59ca93dc150494e5b55a44134482993f5baeb97e61b7ecc89?s=96&d=mm&r=g\",\"url\":\"https:\\\/\\\/secure.gravatar.com\\\/avatar\\\/42749d8b712ff9d59ca93dc150494e5b55a44134482993f5baeb97e61b7ecc89?s=96&d=mm&r=g\",\"contentUrl\":\"https:\\\/\\\/secure.gravatar.com\\\/avatar\\\/42749d8b712ff9d59ca93dc150494e5b55a44134482993f5baeb97e61b7ecc89?s=96&d=mm&r=g\",\"caption\":\"Roberto\"},\"url\":\"https:\\\/\\\/regiaonews.net.br\\\/2022\\\/author\\\/roberto\\\/\"}]}<\/script>\n<!-- \/ Yoast SEO plugin. -->","yoast_head_json":{"title":"Acidente deixa quatro mortos e um ferido em Guaraci","description":"A Pol\u00edcia Rodovi\u00e1ria registrou uma colis\u00e3o transversal no km 463 da rodovia Armando Sales de Oliveira, em Guaraci.","robots":{"index":"index","follow":"follow","max-snippet":"max-snippet:-1","max-image-preview":"max-image-preview:large","max-video-preview":"max-video-preview:-1"},"canonical":"https:\/\/regiaonews.net.br\/2022\/2023\/10\/06\/acidente-deixa-quatro-mortos-e-um-ferido-em-guaraci\/","og_locale":"pt_BR","og_type":"article","og_title":"Acidente deixa quatro mortos e um ferido em Guaraci","og_description":"A Pol\u00edcia Rodovi\u00e1ria registrou uma colis\u00e3o transversal no km 463 da rodovia Armando Sales de Oliveira, em Guaraci.","og_url":"https:\/\/regiaonews.net.br\/2022\/2023\/10\/06\/acidente-deixa-quatro-mortos-e-um-ferido-em-guaraci\/","og_site_name":"Regi\u00e3o News","article_published_time":"2023-10-06T23:18:17+00:00","article_modified_time":"2023-10-07T07:56:48+00:00","og_image":[{"width":944,"height":751,"url":"https:\/\/regiaonews.net.br\/2022\/wp-content\/uploads\/2023\/10\/aci12.jpg","type":"image\/jpeg"}],"author":"Roberto","twitter_card":"summary_large_image","twitter_misc":{"Escrito por":"Roberto","Est. tempo de leitura":"2 minutos"},"schema":{"@context":"https:\/\/schema.org","@graph":[{"@type":"Article","@id":"https:\/\/regiaonews.net.br\/2022\/2023\/10\/06\/acidente-deixa-quatro-mortos-e-um-ferido-em-guaraci\/#article","isPartOf":{"@id":"https:\/\/regiaonews.net.br\/2022\/2023\/10\/06\/acidente-deixa-quatro-mortos-e-um-ferido-em-guaraci\/"},"author":{"name":"Roberto","@id":"https:\/\/regiaonews.net.br\/2022\/#\/schema\/person\/2d205a608a5aa97ac279d7a5e6d89ad8"},"headline":"Acidente deixa quatro mortos e um ferido em Guaraci","datePublished":"2023-10-06T23:18:17+00:00","dateModified":"2023-10-07T07:56:48+00:00","mainEntityOfPage":{"@id":"https:\/\/regiaonews.net.br\/2022\/2023\/10\/06\/acidente-deixa-quatro-mortos-e-um-ferido-em-guaraci\/"},"wordCount":188,"commentCount":0,"publisher":{"@id":"https:\/\/regiaonews.net.br\/2022\/#organization"},"image":{"@id":"https:\/\/regiaonews.net.br\/2022\/2023\/10\/06\/acidente-deixa-quatro-mortos-e-um-ferido-em-guaraci\/#primaryimage"},"thumbnailUrl":"https:\/\/regiaonews.net.br\/2022\/wp-content\/uploads\/2023\/10\/aci12.jpg","articleSection":["Guaraci","Policia"],"inLanguage":"pt-BR","potentialAction":[{"@type":"CommentAction","name":"Comment","target":["https:\/\/regiaonews.net.br\/2022\/2023\/10\/06\/acidente-deixa-quatro-mortos-e-um-ferido-em-guaraci\/#respond"]}]},{"@type":"WebPage","@id":"https:\/\/regiaonews.net.br\/2022\/2023\/10\/06\/acidente-deixa-quatro-mortos-e-um-ferido-em-guaraci\/","url":"https:\/\/regiaonews.net.br\/2022\/2023\/10\/06\/acidente-deixa-quatro-mortos-e-um-ferido-em-guaraci\/","name":"Acidente deixa quatro mortos e um ferido em Guaraci","isPartOf":{"@id":"https:\/\/regiaonews.net.br\/2022\/#website"},"primaryImageOfPage":{"@id":"https:\/\/regiaonews.net.br\/2022\/2023\/10\/06\/acidente-deixa-quatro-mortos-e-um-ferido-em-guaraci\/#primaryimage"},"image":{"@id":"https:\/\/regiaonews.net.br\/2022\/2023\/10\/06\/acidente-deixa-quatro-mortos-e-um-ferido-em-guaraci\/#primaryimage"},"thumbnailUrl":"https:\/\/regiaonews.net.br\/2022\/wp-content\/uploads\/2023\/10\/aci12.jpg","datePublished":"2023-10-06T23:18:17+00:00","dateModified":"2023-10-07T07:56:48+00:00","description":"A Pol\u00edcia Rodovi\u00e1ria registrou uma colis\u00e3o transversal no km 463 da rodovia Armando Sales de Oliveira, em Guaraci.","breadcrumb":{"@id":"https:\/\/regiaonews.net.br\/2022\/2023\/10\/06\/acidente-deixa-quatro-mortos-e-um-ferido-em-guaraci\/#breadcrumb"},"inLanguage":"pt-BR","potentialAction":[{"@type":"ReadAction","target":["https:\/\/regiaonews.net.br\/2022\/2023\/10\/06\/acidente-deixa-quatro-mortos-e-um-ferido-em-guaraci\/"]}]},{"@type":"ImageObject","inLanguage":"pt-BR","@id":"https:\/\/regiaonews.net.br\/2022\/2023\/10\/06\/acidente-deixa-quatro-mortos-e-um-ferido-em-guaraci\/#primaryimage","url":"https:\/\/regiaonews.net.br\/2022\/wp-content\/uploads\/2023\/10\/aci12.jpg","contentUrl":"https:\/\/regiaonews.net.br\/2022\/wp-content\/uploads\/2023\/10\/aci12.jpg","width":944,"height":751},{"@type":"BreadcrumbList","@id":"https:\/\/regiaonews.net.br\/2022\/2023\/10\/06\/acidente-deixa-quatro-mortos-e-um-ferido-em-guaraci\/#breadcrumb","itemListElement":[{"@type":"ListItem","position":1,"name":"In\u00edcio","item":"https:\/\/regiaonews.net.br\/2022\/"},{"@type":"ListItem","position":2,"name":"Acidente deixa quatro mortos e um ferido em Guaraci"}]},{"@type":"WebSite","@id":"https:\/\/regiaonews.net.br\/2022\/#website","url":"https:\/\/regiaonews.net.br\/2022\/","name":"Regi\u00e3o News","description":"Site de Not\u00edcias de Barretos e regi\u00e3o","publisher":{"@id":"https:\/\/regiaonews.net.br\/2022\/#organization"},"potentialAction":[{"@type":"SearchAction","target":{"@type":"EntryPoint","urlTemplate":"https:\/\/regiaonews.net.br\/2022\/?s={search_term_string}"},"query-input":{"@type":"PropertyValueSpecification","valueRequired":true,"valueName":"search_term_string"}}],"inLanguage":"pt-BR"},{"@type":"Organization","@id":"https:\/\/regiaonews.net.br\/2022\/#organization","name":"Regi\u00e3o News","url":"https:\/\/regiaonews.net.br\/2022\/","logo":{"@type":"ImageObject","inLanguage":"pt-BR","@id":"https:\/\/regiaonews.net.br\/2022\/#\/schema\/logo\/image\/","url":"https:\/\/regiaonews.net.br\/2022\/wp-content\/uploads\/2026\/03\/regiao-13-anos-scaled.jpg","contentUrl":"https:\/\/regiaonews.net.br\/2022\/wp-content\/uploads\/2026\/03\/regiao-13-anos-scaled.jpg","width":2560,"height":635,"caption":"Regi\u00e3o News"},"image":{"@id":"https:\/\/regiaonews.net.br\/2022\/#\/schema\/logo\/image\/"}},{"@type":"Person","@id":"https:\/\/regiaonews.net.br\/2022\/#\/schema\/person\/2d205a608a5aa97ac279d7a5e6d89ad8","name":"Roberto","image":{"@type":"ImageObject","inLanguage":"pt-BR","@id":"https:\/\/secure.gravatar.com\/avatar\/42749d8b712ff9d59ca93dc150494e5b55a44134482993f5baeb97e61b7ecc89?s=96&d=mm&r=g","url":"https:\/\/secure.gravatar.com\/avatar\/42749d8b712ff9d59ca93dc150494e5b55a44134482993f5baeb97e61b7ecc89?s=96&d=mm&r=g","contentUrl":"https:\/\/secure.gravatar.com\/avatar\/42749d8b712ff9d59ca93dc150494e5b55a44134482993f5baeb97e61b7ecc89?s=96&d=mm&r=g","caption":"Roberto"},"url":"https:\/\/regiaonews.net.br\/2022\/author\/roberto\/"}]}},"publishpress_future_action":{"enabled":false,"date":"2026-05-04 14:36:17","action":"change-status","newStatus":"draft","terms":[],"taxonomy":"category","extraData":[]},"publishpress_future_workflow_manual_trigger":{"enabledWorkflows":[]},"_links":{"self":[{"href":"https:\/\/regiaonews.net.br\/2022\/wp-json\/wp\/v2\/posts\/96231","targetHints":{"allow":["GET"]}}],"collection":[{"href":"https:\/\/regiaonews.net.br\/2022\/wp-json\/wp\/v2\/posts"}],"about":[{"href":"https:\/\/regiaonews.net.br\/2022\/wp-json\/wp\/v2\/types\/post"}],"author":[{"embeddable":true,"href":"https:\/\/regiaonews.net.br\/2022\/wp-json\/wp\/v2\/users\/2"}],"replies":[{"embeddable":true,"href":"https:\/\/regiaonews.net.br\/2022\/wp-json\/wp\/v2\/comments?post=96231"}],"version-history":[{"count":4,"href":"https:\/\/regiaonews.net.br\/2022\/wp-json\/wp\/v2\/posts\/96231\/revisions"}],"predecessor-version":[{"id":96245,"href":"https:\/\/regiaonews.net.br\/2022\/wp-json\/wp\/v2\/posts\/96231\/revisions\/96245"}],"wp:featuredmedia":[{"embeddable":true,"href":"https:\/\/regiaonews.net.br\/2022\/wp-json\/wp\/v2\/media\/96244"}],"wp:attachment":[{"href":"https:\/\/regiaonews.net.br\/2022\/wp-json\/wp\/v2\/media?parent=96231"}],"wp:term":[{"taxonomy":"category","embeddable":true,"href":"https:\/\/regiaonews.net.br\/2022\/wp-json\/wp\/v2\/categories?post=96231"},{"taxonomy":"post_tag","embeddable":true,"href":"https:\/\/regiaonews.net.br\/2022\/wp-json\/wp\/v2\/tags?post=96231"}],"curies":[{"name":"wp","href":"https:\/\/api.w.org\/{rel}","templated":true}]}}