{"id":96227,"date":"2023-10-06T19:23:24","date_gmt":"2023-10-06T22:23:24","guid":{"rendered":"https:\/\/regiaonews.net.br\/2022\/?p=96227"},"modified":"2023-10-06T19:23:24","modified_gmt":"2023-10-06T22:23:24","slug":"administracao-municipal-define-estrategias-para-aumentar-seguranca-no-cemiterio-da-paz","status":"publish","type":"post","link":"https:\/\/regiaonews.net.br\/2022\/2023\/10\/06\/administracao-municipal-define-estrategias-para-aumentar-seguranca-no-cemiterio-da-paz\/","title":{"rendered":"Administra\u00e7\u00e3o Municipal define estrat\u00e9gias para aumentar seguran\u00e7a no Cemit\u00e9rio da Paz"},"content":{"rendered":"<p>&nbsp;<\/p>\n<p>A Administra\u00e7\u00e3o Municipal da Est\u00e2ncia Tur\u00edstica de Barretos definiu as estrat\u00e9gias para buscar coibir furtos no Cemit\u00e9rio Municipal da Paz. A secret\u00e1ria de Agricultura e Meio Ambiente, Gra\u00e7a Lemos, afirmou que \u00e9 preciso combater energeticamente as a\u00e7\u00f5es criminosas que v\u00eam ocorrendo dentro do cemit\u00e9rio municipal e apresentou o plano de combate. \u201cA Atividade Delegada atuar\u00e1 no cemit\u00e9rio em turnos de 12h, das 18 \u00e0s 6h, e no per\u00edodo diurno teremos a presen\u00e7a da Ronda Municipal, vigias e se poss\u00edvel uma guarda armada. O cemit\u00e9rio permanecer\u00e1 guardado 24h. Os criminosos que est\u00e3o praticando essas viola\u00e7\u00f5es e os receptores dos produtos que est\u00e3o sendo furtados precisam ser capturados e levados \u00e0 Justi\u00e7a. Contamos com a intelig\u00eancia da Pol\u00edcia Civil, que faz esse trabalho no estado, e vai nos ajudar a identificar os receptores\u201d, destacou.<\/p>\n<p>A secret\u00e1ria conversou com o comando da PM para definir as medidas relacionadas a Atividade Delegada e com o secret\u00e1rio de Ordem P\u00fablica, Luiz de Matos, respons\u00e1vel pela Ronda Municipal. Gra\u00e7a agradeceu \u00e0s pol\u00edcias e a Ronda Municipal por se empenharem nessa a\u00e7\u00e3o coletiva e prestou solidariedade a todas as fam\u00edlias que tiveram seus t\u00famulos desrespeitados pelos criminosos. \u201cVamos refor\u00e7ar essa parceria com muito amor, carinho e respeito pelos antepassados de cada pessoa\u201d, ressaltou.<\/p>\n<p>Atividade Delegada em A\u00e7\u00e3o<\/p>\n<p>Na madrugada da \u00faltima segunda-feira, dia 2, uma equipe da Atividade Delegada conseguiu inibir a a\u00e7\u00e3o de marginais e recuperou sete placas que j\u00e1 haviam sido retiradas dos t\u00famulos. O Boletim de Ocorr\u00eancia foi lavrado e o caso segue em investiga\u00e7\u00e3o.<\/p>\n<p><a href=\"https:\/\/regiaonews.net.br\/2022\/wp-content\/uploads\/2023\/10\/IMG-20231006-WA0315.jpg\"><img loading=\"lazy\" decoding=\"async\" class=\"alignnone size-medium wp-image-96228\" src=\"https:\/\/regiaonews.net.br\/2022\/wp-content\/uploads\/2023\/10\/IMG-20231006-WA0315-300x231.jpg\" alt=\"\" width=\"300\" height=\"231\" srcset=\"https:\/\/regiaonews.net.br\/2022\/wp-content\/uploads\/2023\/10\/IMG-20231006-WA0315-300x231.jpg 300w, https:\/\/regiaonews.net.br\/2022\/wp-content\/uploads\/2023\/10\/IMG-20231006-WA0315-1024x790.jpg 1024w, https:\/\/regiaonews.net.br\/2022\/wp-content\/uploads\/2023\/10\/IMG-20231006-WA0315-768x592.jpg 768w, https:\/\/regiaonews.net.br\/2022\/wp-content\/uploads\/2023\/10\/IMG-20231006-WA0315-1536x1185.jpg 1536w, https:\/\/regiaonews.net.br\/2022\/wp-content\/uploads\/2023\/10\/IMG-20231006-WA0315-250x193.jpg 250w, https:\/\/regiaonews.net.br\/2022\/wp-content\/uploads\/2023\/10\/IMG-20231006-WA0315.jpg 1600w\" sizes=\"auto, (max-width: 300px) 100vw, 300px\" \/><\/a><\/p>\n","protected":false},"excerpt":{"rendered":"<p>&nbsp; A Administra\u00e7\u00e3o Municipal da Est\u00e2ncia Tur\u00edstica de Barretos definiu<\/p>\n","protected":false},"author":2,"featured_media":96229,"comment_status":"open","ping_status":"open","sticky":false,"template":"","format":"standard","meta":{"footnotes":""},"categories":[14,23],"tags":[],"class_list":["post-96227","post","type-post","status-publish","format-standard","has-post-thumbnail","hentry","category-barretos","category-policia"],"yoast_head":"<!-- This site is optimized with the Yoast SEO plugin v27.4 - https:\/\/yoast.com\/product\/yoast-seo-wordpress\/ -->\n<title>Administra\u00e7\u00e3o Municipal define estrat\u00e9gias para<\/title>\n<meta name=\"description\" content=\"A Administra\u00e7\u00e3o Municipal da Est\u00e2ncia Tur\u00edstica de Barretos definiu as estrat\u00e9gias para buscar coibir furtos no Cemit\u00e9rio Municipal da Paz\" \/>\n<meta name=\"robots\" content=\"index, follow, max-snippet:-1, max-image-preview:large, max-video-preview:-1\" \/>\n<link rel=\"canonical\" href=\"https:\/\/regiaonews.net.br\/2022\/2023\/10\/06\/administracao-municipal-define-estrategias-para-aumentar-seguranca-no-cemiterio-da-paz\/\" \/>\n<meta property=\"og:locale\" content=\"pt_BR\" \/>\n<meta property=\"og:type\" content=\"article\" \/>\n<meta property=\"og:title\" content=\"Administra\u00e7\u00e3o Municipal define estrat\u00e9gias para\" \/>\n<meta property=\"og:description\" content=\"A Administra\u00e7\u00e3o Municipal da Est\u00e2ncia Tur\u00edstica de Barretos definiu as estrat\u00e9gias para buscar coibir furtos no Cemit\u00e9rio Municipal da Paz\" \/>\n<meta property=\"og:url\" content=\"https:\/\/regiaonews.net.br\/2022\/2023\/10\/06\/administracao-municipal-define-estrategias-para-aumentar-seguranca-no-cemiterio-da-paz\/\" \/>\n<meta property=\"og:site_name\" content=\"Regi\u00e3o News\" \/>\n<meta property=\"article:published_time\" content=\"2023-10-06T22:23:24+00:00\" \/>\n<meta property=\"og:image\" content=\"https:\/\/regiaonews.net.br\/2022\/wp-content\/uploads\/2023\/10\/IMG-20231006-WA0316.jpg\" \/>\n\t<meta property=\"og:image:width\" content=\"1600\" \/>\n\t<meta property=\"og:image:height\" content=\"1019\" \/>\n\t<meta property=\"og:image:type\" content=\"image\/jpeg\" \/>\n<meta name=\"author\" content=\"Roberto\" \/>\n<meta name=\"twitter:card\" content=\"summary_large_image\" \/>\n<meta name=\"twitter:label1\" content=\"Escrito por\" \/>\n\t<meta name=\"twitter:data1\" content=\"Roberto\" \/>\n\t<meta name=\"twitter:label2\" content=\"Est. tempo de leitura\" \/>\n\t<meta name=\"twitter:data2\" content=\"2 minutos\" \/>\n<script type=\"application\/ld+json\" class=\"yoast-schema-graph\">{\"@context\":\"https:\\\/\\\/schema.org\",\"@graph\":[{\"@type\":\"Article\",\"@id\":\"https:\\\/\\\/regiaonews.net.br\\\/2022\\\/2023\\\/10\\\/06\\\/administracao-municipal-define-estrategias-para-aumentar-seguranca-no-cemiterio-da-paz\\\/#article\",\"isPartOf\":{\"@id\":\"https:\\\/\\\/regiaonews.net.br\\\/2022\\\/2023\\\/10\\\/06\\\/administracao-municipal-define-estrategias-para-aumentar-seguranca-no-cemiterio-da-paz\\\/\"},\"author\":{\"name\":\"Roberto\",\"@id\":\"https:\\\/\\\/regiaonews.net.br\\\/2022\\\/#\\\/schema\\\/person\\\/2d205a608a5aa97ac279d7a5e6d89ad8\"},\"headline\":\"Administra\u00e7\u00e3o Municipal define estrat\u00e9gias para aumentar seguran\u00e7a no Cemit\u00e9rio da Paz\",\"datePublished\":\"2023-10-06T22:23:24+00:00\",\"mainEntityOfPage\":{\"@id\":\"https:\\\/\\\/regiaonews.net.br\\\/2022\\\/2023\\\/10\\\/06\\\/administracao-municipal-define-estrategias-para-aumentar-seguranca-no-cemiterio-da-paz\\\/\"},\"wordCount\":299,\"commentCount\":0,\"publisher\":{\"@id\":\"https:\\\/\\\/regiaonews.net.br\\\/2022\\\/#organization\"},\"image\":{\"@id\":\"https:\\\/\\\/regiaonews.net.br\\\/2022\\\/2023\\\/10\\\/06\\\/administracao-municipal-define-estrategias-para-aumentar-seguranca-no-cemiterio-da-paz\\\/#primaryimage\"},\"thumbnailUrl\":\"https:\\\/\\\/regiaonews.net.br\\\/2022\\\/wp-content\\\/uploads\\\/2023\\\/10\\\/IMG-20231006-WA0316.jpg\",\"articleSection\":[\"Barretos\",\"Policia\"],\"inLanguage\":\"pt-BR\",\"potentialAction\":[{\"@type\":\"CommentAction\",\"name\":\"Comment\",\"target\":[\"https:\\\/\\\/regiaonews.net.br\\\/2022\\\/2023\\\/10\\\/06\\\/administracao-municipal-define-estrategias-para-aumentar-seguranca-no-cemiterio-da-paz\\\/#respond\"]}]},{\"@type\":\"WebPage\",\"@id\":\"https:\\\/\\\/regiaonews.net.br\\\/2022\\\/2023\\\/10\\\/06\\\/administracao-municipal-define-estrategias-para-aumentar-seguranca-no-cemiterio-da-paz\\\/\",\"url\":\"https:\\\/\\\/regiaonews.net.br\\\/2022\\\/2023\\\/10\\\/06\\\/administracao-municipal-define-estrategias-para-aumentar-seguranca-no-cemiterio-da-paz\\\/\",\"name\":\"Administra\u00e7\u00e3o Municipal define estrat\u00e9gias para\",\"isPartOf\":{\"@id\":\"https:\\\/\\\/regiaonews.net.br\\\/2022\\\/#website\"},\"primaryImageOfPage\":{\"@id\":\"https:\\\/\\\/regiaonews.net.br\\\/2022\\\/2023\\\/10\\\/06\\\/administracao-municipal-define-estrategias-para-aumentar-seguranca-no-cemiterio-da-paz\\\/#primaryimage\"},\"image\":{\"@id\":\"https:\\\/\\\/regiaonews.net.br\\\/2022\\\/2023\\\/10\\\/06\\\/administracao-municipal-define-estrategias-para-aumentar-seguranca-no-cemiterio-da-paz\\\/#primaryimage\"},\"thumbnailUrl\":\"https:\\\/\\\/regiaonews.net.br\\\/2022\\\/wp-content\\\/uploads\\\/2023\\\/10\\\/IMG-20231006-WA0316.jpg\",\"datePublished\":\"2023-10-06T22:23:24+00:00\",\"description\":\"A Administra\u00e7\u00e3o Municipal da Est\u00e2ncia Tur\u00edstica de Barretos definiu as estrat\u00e9gias para buscar coibir furtos no Cemit\u00e9rio Municipal da Paz\",\"breadcrumb\":{\"@id\":\"https:\\\/\\\/regiaonews.net.br\\\/2022\\\/2023\\\/10\\\/06\\\/administracao-municipal-define-estrategias-para-aumentar-seguranca-no-cemiterio-da-paz\\\/#breadcrumb\"},\"inLanguage\":\"pt-BR\",\"potentialAction\":[{\"@type\":\"ReadAction\",\"target\":[\"https:\\\/\\\/regiaonews.net.br\\\/2022\\\/2023\\\/10\\\/06\\\/administracao-municipal-define-estrategias-para-aumentar-seguranca-no-cemiterio-da-paz\\\/\"]}]},{\"@type\":\"ImageObject\",\"inLanguage\":\"pt-BR\",\"@id\":\"https:\\\/\\\/regiaonews.net.br\\\/2022\\\/2023\\\/10\\\/06\\\/administracao-municipal-define-estrategias-para-aumentar-seguranca-no-cemiterio-da-paz\\\/#primaryimage\",\"url\":\"https:\\\/\\\/regiaonews.net.br\\\/2022\\\/wp-content\\\/uploads\\\/2023\\\/10\\\/IMG-20231006-WA0316.jpg\",\"contentUrl\":\"https:\\\/\\\/regiaonews.net.br\\\/2022\\\/wp-content\\\/uploads\\\/2023\\\/10\\\/IMG-20231006-WA0316.jpg\",\"width\":1600,\"height\":1019},{\"@type\":\"BreadcrumbList\",\"@id\":\"https:\\\/\\\/regiaonews.net.br\\\/2022\\\/2023\\\/10\\\/06\\\/administracao-municipal-define-estrategias-para-aumentar-seguranca-no-cemiterio-da-paz\\\/#breadcrumb\",\"itemListElement\":[{\"@type\":\"ListItem\",\"position\":1,\"name\":\"In\u00edcio\",\"item\":\"https:\\\/\\\/regiaonews.net.br\\\/2022\\\/\"},{\"@type\":\"ListItem\",\"position\":2,\"name\":\"Administra\u00e7\u00e3o Municipal define estrat\u00e9gias para aumentar seguran\u00e7a no Cemit\u00e9rio da Paz\"}]},{\"@type\":\"WebSite\",\"@id\":\"https:\\\/\\\/regiaonews.net.br\\\/2022\\\/#website\",\"url\":\"https:\\\/\\\/regiaonews.net.br\\\/2022\\\/\",\"name\":\"Regi\u00e3o News\",\"description\":\"Site de Not\u00edcias de Barretos e regi\u00e3o\",\"publisher\":{\"@id\":\"https:\\\/\\\/regiaonews.net.br\\\/2022\\\/#organization\"},\"potentialAction\":[{\"@type\":\"SearchAction\",\"target\":{\"@type\":\"EntryPoint\",\"urlTemplate\":\"https:\\\/\\\/regiaonews.net.br\\\/2022\\\/?s={search_term_string}\"},\"query-input\":{\"@type\":\"PropertyValueSpecification\",\"valueRequired\":true,\"valueName\":\"search_term_string\"}}],\"inLanguage\":\"pt-BR\"},{\"@type\":\"Organization\",\"@id\":\"https:\\\/\\\/regiaonews.net.br\\\/2022\\\/#organization\",\"name\":\"Regi\u00e3o News\",\"url\":\"https:\\\/\\\/regiaonews.net.br\\\/2022\\\/\",\"logo\":{\"@type\":\"ImageObject\",\"inLanguage\":\"pt-BR\",\"@id\":\"https:\\\/\\\/regiaonews.net.br\\\/2022\\\/#\\\/schema\\\/logo\\\/image\\\/\",\"url\":\"https:\\\/\\\/regiaonews.net.br\\\/2022\\\/wp-content\\\/uploads\\\/2026\\\/03\\\/regiao-13-anos-scaled.jpg\",\"contentUrl\":\"https:\\\/\\\/regiaonews.net.br\\\/2022\\\/wp-content\\\/uploads\\\/2026\\\/03\\\/regiao-13-anos-scaled.jpg\",\"width\":2560,\"height\":635,\"caption\":\"Regi\u00e3o News\"},\"image\":{\"@id\":\"https:\\\/\\\/regiaonews.net.br\\\/2022\\\/#\\\/schema\\\/logo\\\/image\\\/\"}},{\"@type\":\"Person\",\"@id\":\"https:\\\/\\\/regiaonews.net.br\\\/2022\\\/#\\\/schema\\\/person\\\/2d205a608a5aa97ac279d7a5e6d89ad8\",\"name\":\"Roberto\",\"image\":{\"@type\":\"ImageObject\",\"inLanguage\":\"pt-BR\",\"@id\":\"https:\\\/\\\/secure.gravatar.com\\\/avatar\\\/42749d8b712ff9d59ca93dc150494e5b55a44134482993f5baeb97e61b7ecc89?s=96&d=mm&r=g\",\"url\":\"https:\\\/\\\/secure.gravatar.com\\\/avatar\\\/42749d8b712ff9d59ca93dc150494e5b55a44134482993f5baeb97e61b7ecc89?s=96&d=mm&r=g\",\"contentUrl\":\"https:\\\/\\\/secure.gravatar.com\\\/avatar\\\/42749d8b712ff9d59ca93dc150494e5b55a44134482993f5baeb97e61b7ecc89?s=96&d=mm&r=g\",\"caption\":\"Roberto\"},\"url\":\"https:\\\/\\\/regiaonews.net.br\\\/2022\\\/author\\\/roberto\\\/\"}]}<\/script>\n<!-- \/ Yoast SEO plugin. -->","yoast_head_json":{"title":"Administra\u00e7\u00e3o Municipal define estrat\u00e9gias para","description":"A Administra\u00e7\u00e3o Municipal da Est\u00e2ncia Tur\u00edstica de Barretos definiu as estrat\u00e9gias para buscar coibir furtos no Cemit\u00e9rio Municipal da Paz","robots":{"index":"index","follow":"follow","max-snippet":"max-snippet:-1","max-image-preview":"max-image-preview:large","max-video-preview":"max-video-preview:-1"},"canonical":"https:\/\/regiaonews.net.br\/2022\/2023\/10\/06\/administracao-municipal-define-estrategias-para-aumentar-seguranca-no-cemiterio-da-paz\/","og_locale":"pt_BR","og_type":"article","og_title":"Administra\u00e7\u00e3o Municipal define estrat\u00e9gias para","og_description":"A Administra\u00e7\u00e3o Municipal da Est\u00e2ncia Tur\u00edstica de Barretos definiu as estrat\u00e9gias para buscar coibir furtos no Cemit\u00e9rio Municipal da Paz","og_url":"https:\/\/regiaonews.net.br\/2022\/2023\/10\/06\/administracao-municipal-define-estrategias-para-aumentar-seguranca-no-cemiterio-da-paz\/","og_site_name":"Regi\u00e3o News","article_published_time":"2023-10-06T22:23:24+00:00","og_image":[{"width":1600,"height":1019,"url":"https:\/\/regiaonews.net.br\/2022\/wp-content\/uploads\/2023\/10\/IMG-20231006-WA0316.jpg","type":"image\/jpeg"}],"author":"Roberto","twitter_card":"summary_large_image","twitter_misc":{"Escrito por":"Roberto","Est. tempo de leitura":"2 minutos"},"schema":{"@context":"https:\/\/schema.org","@graph":[{"@type":"Article","@id":"https:\/\/regiaonews.net.br\/2022\/2023\/10\/06\/administracao-municipal-define-estrategias-para-aumentar-seguranca-no-cemiterio-da-paz\/#article","isPartOf":{"@id":"https:\/\/regiaonews.net.br\/2022\/2023\/10\/06\/administracao-municipal-define-estrategias-para-aumentar-seguranca-no-cemiterio-da-paz\/"},"author":{"name":"Roberto","@id":"https:\/\/regiaonews.net.br\/2022\/#\/schema\/person\/2d205a608a5aa97ac279d7a5e6d89ad8"},"headline":"Administra\u00e7\u00e3o Municipal define estrat\u00e9gias para aumentar seguran\u00e7a no Cemit\u00e9rio da Paz","datePublished":"2023-10-06T22:23:24+00:00","mainEntityOfPage":{"@id":"https:\/\/regiaonews.net.br\/2022\/2023\/10\/06\/administracao-municipal-define-estrategias-para-aumentar-seguranca-no-cemiterio-da-paz\/"},"wordCount":299,"commentCount":0,"publisher":{"@id":"https:\/\/regiaonews.net.br\/2022\/#organization"},"image":{"@id":"https:\/\/regiaonews.net.br\/2022\/2023\/10\/06\/administracao-municipal-define-estrategias-para-aumentar-seguranca-no-cemiterio-da-paz\/#primaryimage"},"thumbnailUrl":"https:\/\/regiaonews.net.br\/2022\/wp-content\/uploads\/2023\/10\/IMG-20231006-WA0316.jpg","articleSection":["Barretos","Policia"],"inLanguage":"pt-BR","potentialAction":[{"@type":"CommentAction","name":"Comment","target":["https:\/\/regiaonews.net.br\/2022\/2023\/10\/06\/administracao-municipal-define-estrategias-para-aumentar-seguranca-no-cemiterio-da-paz\/#respond"]}]},{"@type":"WebPage","@id":"https:\/\/regiaonews.net.br\/2022\/2023\/10\/06\/administracao-municipal-define-estrategias-para-aumentar-seguranca-no-cemiterio-da-paz\/","url":"https:\/\/regiaonews.net.br\/2022\/2023\/10\/06\/administracao-municipal-define-estrategias-para-aumentar-seguranca-no-cemiterio-da-paz\/","name":"Administra\u00e7\u00e3o Municipal define estrat\u00e9gias para","isPartOf":{"@id":"https:\/\/regiaonews.net.br\/2022\/#website"},"primaryImageOfPage":{"@id":"https:\/\/regiaonews.net.br\/2022\/2023\/10\/06\/administracao-municipal-define-estrategias-para-aumentar-seguranca-no-cemiterio-da-paz\/#primaryimage"},"image":{"@id":"https:\/\/regiaonews.net.br\/2022\/2023\/10\/06\/administracao-municipal-define-estrategias-para-aumentar-seguranca-no-cemiterio-da-paz\/#primaryimage"},"thumbnailUrl":"https:\/\/regiaonews.net.br\/2022\/wp-content\/uploads\/2023\/10\/IMG-20231006-WA0316.jpg","datePublished":"2023-10-06T22:23:24+00:00","description":"A Administra\u00e7\u00e3o Municipal da Est\u00e2ncia Tur\u00edstica de Barretos definiu as estrat\u00e9gias para buscar coibir furtos no Cemit\u00e9rio Municipal da Paz","breadcrumb":{"@id":"https:\/\/regiaonews.net.br\/2022\/2023\/10\/06\/administracao-municipal-define-estrategias-para-aumentar-seguranca-no-cemiterio-da-paz\/#breadcrumb"},"inLanguage":"pt-BR","potentialAction":[{"@type":"ReadAction","target":["https:\/\/regiaonews.net.br\/2022\/2023\/10\/06\/administracao-municipal-define-estrategias-para-aumentar-seguranca-no-cemiterio-da-paz\/"]}]},{"@type":"ImageObject","inLanguage":"pt-BR","@id":"https:\/\/regiaonews.net.br\/2022\/2023\/10\/06\/administracao-municipal-define-estrategias-para-aumentar-seguranca-no-cemiterio-da-paz\/#primaryimage","url":"https:\/\/regiaonews.net.br\/2022\/wp-content\/uploads\/2023\/10\/IMG-20231006-WA0316.jpg","contentUrl":"https:\/\/regiaonews.net.br\/2022\/wp-content\/uploads\/2023\/10\/IMG-20231006-WA0316.jpg","width":1600,"height":1019},{"@type":"BreadcrumbList","@id":"https:\/\/regiaonews.net.br\/2022\/2023\/10\/06\/administracao-municipal-define-estrategias-para-aumentar-seguranca-no-cemiterio-da-paz\/#breadcrumb","itemListElement":[{"@type":"ListItem","position":1,"name":"In\u00edcio","item":"https:\/\/regiaonews.net.br\/2022\/"},{"@type":"ListItem","position":2,"name":"Administra\u00e7\u00e3o Municipal define estrat\u00e9gias para aumentar seguran\u00e7a no Cemit\u00e9rio da Paz"}]},{"@type":"WebSite","@id":"https:\/\/regiaonews.net.br\/2022\/#website","url":"https:\/\/regiaonews.net.br\/2022\/","name":"Regi\u00e3o News","description":"Site de Not\u00edcias de Barretos e regi\u00e3o","publisher":{"@id":"https:\/\/regiaonews.net.br\/2022\/#organization"},"potentialAction":[{"@type":"SearchAction","target":{"@type":"EntryPoint","urlTemplate":"https:\/\/regiaonews.net.br\/2022\/?s={search_term_string}"},"query-input":{"@type":"PropertyValueSpecification","valueRequired":true,"valueName":"search_term_string"}}],"inLanguage":"pt-BR"},{"@type":"Organization","@id":"https:\/\/regiaonews.net.br\/2022\/#organization","name":"Regi\u00e3o News","url":"https:\/\/regiaonews.net.br\/2022\/","logo":{"@type":"ImageObject","inLanguage":"pt-BR","@id":"https:\/\/regiaonews.net.br\/2022\/#\/schema\/logo\/image\/","url":"https:\/\/regiaonews.net.br\/2022\/wp-content\/uploads\/2026\/03\/regiao-13-anos-scaled.jpg","contentUrl":"https:\/\/regiaonews.net.br\/2022\/wp-content\/uploads\/2026\/03\/regiao-13-anos-scaled.jpg","width":2560,"height":635,"caption":"Regi\u00e3o News"},"image":{"@id":"https:\/\/regiaonews.net.br\/2022\/#\/schema\/logo\/image\/"}},{"@type":"Person","@id":"https:\/\/regiaonews.net.br\/2022\/#\/schema\/person\/2d205a608a5aa97ac279d7a5e6d89ad8","name":"Roberto","image":{"@type":"ImageObject","inLanguage":"pt-BR","@id":"https:\/\/secure.gravatar.com\/avatar\/42749d8b712ff9d59ca93dc150494e5b55a44134482993f5baeb97e61b7ecc89?s=96&d=mm&r=g","url":"https:\/\/secure.gravatar.com\/avatar\/42749d8b712ff9d59ca93dc150494e5b55a44134482993f5baeb97e61b7ecc89?s=96&d=mm&r=g","contentUrl":"https:\/\/secure.gravatar.com\/avatar\/42749d8b712ff9d59ca93dc150494e5b55a44134482993f5baeb97e61b7ecc89?s=96&d=mm&r=g","caption":"Roberto"},"url":"https:\/\/regiaonews.net.br\/2022\/author\/roberto\/"}]}},"publishpress_future_action":{"enabled":false,"date":"2026-05-04 14:36:15","action":"change-status","newStatus":"draft","terms":[],"taxonomy":"category","extraData":[]},"publishpress_future_workflow_manual_trigger":{"enabledWorkflows":[]},"_links":{"self":[{"href":"https:\/\/regiaonews.net.br\/2022\/wp-json\/wp\/v2\/posts\/96227","targetHints":{"allow":["GET"]}}],"collection":[{"href":"https:\/\/regiaonews.net.br\/2022\/wp-json\/wp\/v2\/posts"}],"about":[{"href":"https:\/\/regiaonews.net.br\/2022\/wp-json\/wp\/v2\/types\/post"}],"author":[{"embeddable":true,"href":"https:\/\/regiaonews.net.br\/2022\/wp-json\/wp\/v2\/users\/2"}],"replies":[{"embeddable":true,"href":"https:\/\/regiaonews.net.br\/2022\/wp-json\/wp\/v2\/comments?post=96227"}],"version-history":[{"count":1,"href":"https:\/\/regiaonews.net.br\/2022\/wp-json\/wp\/v2\/posts\/96227\/revisions"}],"predecessor-version":[{"id":96230,"href":"https:\/\/regiaonews.net.br\/2022\/wp-json\/wp\/v2\/posts\/96227\/revisions\/96230"}],"wp:featuredmedia":[{"embeddable":true,"href":"https:\/\/regiaonews.net.br\/2022\/wp-json\/wp\/v2\/media\/96229"}],"wp:attachment":[{"href":"https:\/\/regiaonews.net.br\/2022\/wp-json\/wp\/v2\/media?parent=96227"}],"wp:term":[{"taxonomy":"category","embeddable":true,"href":"https:\/\/regiaonews.net.br\/2022\/wp-json\/wp\/v2\/categories?post=96227"},{"taxonomy":"post_tag","embeddable":true,"href":"https:\/\/regiaonews.net.br\/2022\/wp-json\/wp\/v2\/tags?post=96227"}],"curies":[{"name":"wp","href":"https:\/\/api.w.org\/{rel}","templated":true}]}}