{"id":96217,"date":"2023-10-06T16:50:37","date_gmt":"2023-10-06T19:50:37","guid":{"rendered":"https:\/\/regiaonews.net.br\/2022\/?p=96217"},"modified":"2023-10-06T16:50:37","modified_gmt":"2023-10-06T19:50:37","slug":"caes-forma-71-delegados-e-oficiais-da-pm-na-fase-integrada-do-curso-superior-de-policia","status":"publish","type":"post","link":"https:\/\/regiaonews.net.br\/2022\/2023\/10\/06\/caes-forma-71-delegados-e-oficiais-da-pm-na-fase-integrada-do-curso-superior-de-policia\/","title":{"rendered":"CAES forma 71 delegados e oficiais da PM na fase integrada do Curso Superior de Pol\u00edcia"},"content":{"rendered":"<div>\n<h3 class=\"titulopreto ng-binding\" style=\"text-align: center;\">O curso capacita os alunos a exercerem cargos de alto comando e chefias na pol\u00edcia.<\/h3>\n<\/div>\n<div id=\"notCorpo\" class=\"ng-binding\">\n<div>O Centro de Altos Estudos de Seguran\u00e7a (CAES) formou nesta sexta-feira (06), 71 delegados e oficiais da Pol\u00edcia Militar na fase integrada do Curso Superior de Pol\u00edcia Integrado (CSPI). A cerim\u00f4nia de conclus\u00e3o ocorreu na Academia de Pol\u00edcia Militar do Barro Branco (APMBB), na zona norte da capital.<\/div>\n<div><\/div>\n<div>&#8220;Gostaria de agradecer o trabalho dos senhores e dizer da nossa confian\u00e7a em todos voc\u00eas que est\u00e3o aqui fazendo CSPI. Aos nossos oficiais, soldados, investigadores e ao delegado mais antigo de classe especial, que est\u00e3o oxigenados com essa miss\u00e3o t\u00e3o dif\u00edcil e desafiadora de prover a seguran\u00e7a p\u00fablica do estado de S\u00e3o Paulo&#8221;, disse o secret\u00e1rio da Seguran\u00e7a P\u00fablica, Guilherme Derrite, durante a palestra de encerramento da fase do curso.<\/div>\n<div><\/div>\n<div>O CSPI capacita oficiais graduados e delegados de primeira classe a exercerem cargos de altos comandos e chefias das pol\u00edcias, como o cargo de coronel na Pol\u00edcia Militar e o de delegado de classe especial na Pol\u00edcia Civil. A atual turma \u00e9 composta por 41 oficiais-superiores (tenentes-coron\u00e9is e majores) das PM de S\u00e3o Paulo, Maranh\u00e3o e Tocantins e mais 30 Delegados da Pol\u00edcia Civil de 1\u00b0 classe.<\/div>\n<div><\/div>\n<div>Com a oportunidade da promo\u00e7\u00e3o, o delegado M\u00e1rio S\u00e9rgio de Oliveira, que trabalha no setor de material b\u00e9lico do Departamento de Administra\u00e7\u00e3o e Planejamento (DAP), conta que a fase de integra\u00e7\u00e3o do curso ajudou a ter uma nova vis\u00e3o sobre o trabalho das pol\u00edcias.<\/div>\n<div><\/div>\n<div>\u201cAl\u00e9m das palestras que foram importantes, a conviv\u00eancia com nossos colegas da Pol\u00edcia Militar foi fant\u00e1stica, em que tivemos uma intensa troca de experi\u00eancia. Existem diferen\u00e7as entre a Pol\u00edcia Civil e Militar, mas o mais interessante dessa integra\u00e7\u00e3o foi notar as semelhan\u00e7as entre elas. Cada uma pode escolher caminhos diferentes para um problema, mas sempre buscando uma mesma solu\u00e7\u00e3o\u201d, disse.<\/div>\n<div><\/div>\n<div>A fase integrada do curso come\u00e7ou em 11 de setembro para os oficiais da PM, que passaram duas semanas na Academia de Pol\u00edcia Civil (Acadepol). J\u00e1 os delegados foram para o Caes em 25 de setembro e finalizaram a passagem nesta data.<\/div>\n<div><\/div>\n<div>\u201cEssa fase foi boa para conhecer as dificuldades pelo olhar dos delegados de pol\u00edcia em rela\u00e7\u00e3o \u00e0s atividades que desempenhamos em conjunto\u201d, diz o major PM Megda sobre sua conviv\u00eancia na Acadepol.<\/div>\n<div><\/div>\n<div>De um modo geral, os alunos desenvolvem conhecimentos necess\u00e1rios para se tornarem especialistas em seguran\u00e7a p\u00fablica, com an\u00e1lises e reflex\u00f5es sobre a criminalidade e modos de sua preven\u00e7\u00e3o e repress\u00e3o. O curso termina em dezembro para os policiais civis e em mar\u00e7o de 2024 para os militares.<\/div>\n<\/div>\n<div class=\"clearfix\"><\/div>\n<div class=\"col-lg-12 col-md-12 col-sm-12 col-xs-12 rightText espacovertical\"><span class=\"ng-binding\">Wellington Nascimento<\/span><\/div>\n","protected":false},"excerpt":{"rendered":"<p>O curso capacita os alunos a exercerem cargos de alto<\/p>\n","protected":false},"author":2,"featured_media":96218,"comment_status":"open","ping_status":"open","sticky":false,"template":"","format":"standard","meta":{"footnotes":""},"categories":[3,23],"tags":[],"class_list":["post-96217","post","type-post","status-publish","format-standard","has-post-thumbnail","hentry","category-geral","category-policia"],"yoast_head":"<!-- This site is optimized with the Yoast SEO plugin v27.4 - https:\/\/yoast.com\/product\/yoast-seo-wordpress\/ -->\n<title>CAES forma 71 delegados e oficiais da PM na fase integrada do Curso Superior de Pol\u00edcia - Regi\u00e3o News<\/title>\n<meta name=\"robots\" content=\"index, follow, max-snippet:-1, max-image-preview:large, max-video-preview:-1\" \/>\n<link rel=\"canonical\" href=\"https:\/\/regiaonews.net.br\/2022\/2023\/10\/06\/caes-forma-71-delegados-e-oficiais-da-pm-na-fase-integrada-do-curso-superior-de-policia\/\" \/>\n<meta property=\"og:locale\" content=\"pt_BR\" \/>\n<meta property=\"og:type\" content=\"article\" \/>\n<meta property=\"og:title\" content=\"CAES forma 71 delegados e oficiais da PM na fase integrada do Curso Superior de Pol\u00edcia - Regi\u00e3o News\" \/>\n<meta property=\"og:description\" content=\"O curso capacita os alunos a exercerem cargos de alto\" \/>\n<meta property=\"og:url\" content=\"https:\/\/regiaonews.net.br\/2022\/2023\/10\/06\/caes-forma-71-delegados-e-oficiais-da-pm-na-fase-integrada-do-curso-superior-de-policia\/\" \/>\n<meta property=\"og:site_name\" content=\"Regi\u00e3o News\" \/>\n<meta property=\"article:published_time\" content=\"2023-10-06T19:50:37+00:00\" \/>\n<meta property=\"og:image\" content=\"https:\/\/regiaonews.net.br\/2022\/wp-content\/uploads\/2023\/10\/00051590.jpeg\" \/>\n\t<meta property=\"og:image:width\" content=\"1200\" \/>\n\t<meta property=\"og:image:height\" content=\"800\" \/>\n\t<meta property=\"og:image:type\" content=\"image\/jpeg\" \/>\n<meta name=\"author\" content=\"Roberto\" \/>\n<meta name=\"twitter:card\" content=\"summary_large_image\" \/>\n<meta name=\"twitter:label1\" content=\"Escrito por\" \/>\n\t<meta name=\"twitter:data1\" content=\"Roberto\" \/>\n\t<meta name=\"twitter:label2\" content=\"Est. tempo de leitura\" \/>\n\t<meta name=\"twitter:data2\" content=\"3 minutos\" \/>\n<script type=\"application\/ld+json\" class=\"yoast-schema-graph\">{\"@context\":\"https:\\\/\\\/schema.org\",\"@graph\":[{\"@type\":\"Article\",\"@id\":\"https:\\\/\\\/regiaonews.net.br\\\/2022\\\/2023\\\/10\\\/06\\\/caes-forma-71-delegados-e-oficiais-da-pm-na-fase-integrada-do-curso-superior-de-policia\\\/#article\",\"isPartOf\":{\"@id\":\"https:\\\/\\\/regiaonews.net.br\\\/2022\\\/2023\\\/10\\\/06\\\/caes-forma-71-delegados-e-oficiais-da-pm-na-fase-integrada-do-curso-superior-de-policia\\\/\"},\"author\":{\"name\":\"Roberto\",\"@id\":\"https:\\\/\\\/regiaonews.net.br\\\/2022\\\/#\\\/schema\\\/person\\\/2d205a608a5aa97ac279d7a5e6d89ad8\"},\"headline\":\"CAES forma 71 delegados e oficiais da PM na fase integrada do Curso Superior de Pol\u00edcia\",\"datePublished\":\"2023-10-06T19:50:37+00:00\",\"mainEntityOfPage\":{\"@id\":\"https:\\\/\\\/regiaonews.net.br\\\/2022\\\/2023\\\/10\\\/06\\\/caes-forma-71-delegados-e-oficiais-da-pm-na-fase-integrada-do-curso-superior-de-policia\\\/\"},\"wordCount\":492,\"commentCount\":0,\"publisher\":{\"@id\":\"https:\\\/\\\/regiaonews.net.br\\\/2022\\\/#organization\"},\"image\":{\"@id\":\"https:\\\/\\\/regiaonews.net.br\\\/2022\\\/2023\\\/10\\\/06\\\/caes-forma-71-delegados-e-oficiais-da-pm-na-fase-integrada-do-curso-superior-de-policia\\\/#primaryimage\"},\"thumbnailUrl\":\"https:\\\/\\\/regiaonews.net.br\\\/2022\\\/wp-content\\\/uploads\\\/2023\\\/10\\\/00051590.jpeg\",\"articleSection\":[\"Geral\",\"Policia\"],\"inLanguage\":\"pt-BR\",\"potentialAction\":[{\"@type\":\"CommentAction\",\"name\":\"Comment\",\"target\":[\"https:\\\/\\\/regiaonews.net.br\\\/2022\\\/2023\\\/10\\\/06\\\/caes-forma-71-delegados-e-oficiais-da-pm-na-fase-integrada-do-curso-superior-de-policia\\\/#respond\"]}]},{\"@type\":\"WebPage\",\"@id\":\"https:\\\/\\\/regiaonews.net.br\\\/2022\\\/2023\\\/10\\\/06\\\/caes-forma-71-delegados-e-oficiais-da-pm-na-fase-integrada-do-curso-superior-de-policia\\\/\",\"url\":\"https:\\\/\\\/regiaonews.net.br\\\/2022\\\/2023\\\/10\\\/06\\\/caes-forma-71-delegados-e-oficiais-da-pm-na-fase-integrada-do-curso-superior-de-policia\\\/\",\"name\":\"CAES forma 71 delegados e oficiais da PM na fase integrada do Curso Superior de Pol\u00edcia - Regi\u00e3o News\",\"isPartOf\":{\"@id\":\"https:\\\/\\\/regiaonews.net.br\\\/2022\\\/#website\"},\"primaryImageOfPage\":{\"@id\":\"https:\\\/\\\/regiaonews.net.br\\\/2022\\\/2023\\\/10\\\/06\\\/caes-forma-71-delegados-e-oficiais-da-pm-na-fase-integrada-do-curso-superior-de-policia\\\/#primaryimage\"},\"image\":{\"@id\":\"https:\\\/\\\/regiaonews.net.br\\\/2022\\\/2023\\\/10\\\/06\\\/caes-forma-71-delegados-e-oficiais-da-pm-na-fase-integrada-do-curso-superior-de-policia\\\/#primaryimage\"},\"thumbnailUrl\":\"https:\\\/\\\/regiaonews.net.br\\\/2022\\\/wp-content\\\/uploads\\\/2023\\\/10\\\/00051590.jpeg\",\"datePublished\":\"2023-10-06T19:50:37+00:00\",\"breadcrumb\":{\"@id\":\"https:\\\/\\\/regiaonews.net.br\\\/2022\\\/2023\\\/10\\\/06\\\/caes-forma-71-delegados-e-oficiais-da-pm-na-fase-integrada-do-curso-superior-de-policia\\\/#breadcrumb\"},\"inLanguage\":\"pt-BR\",\"potentialAction\":[{\"@type\":\"ReadAction\",\"target\":[\"https:\\\/\\\/regiaonews.net.br\\\/2022\\\/2023\\\/10\\\/06\\\/caes-forma-71-delegados-e-oficiais-da-pm-na-fase-integrada-do-curso-superior-de-policia\\\/\"]}]},{\"@type\":\"ImageObject\",\"inLanguage\":\"pt-BR\",\"@id\":\"https:\\\/\\\/regiaonews.net.br\\\/2022\\\/2023\\\/10\\\/06\\\/caes-forma-71-delegados-e-oficiais-da-pm-na-fase-integrada-do-curso-superior-de-policia\\\/#primaryimage\",\"url\":\"https:\\\/\\\/regiaonews.net.br\\\/2022\\\/wp-content\\\/uploads\\\/2023\\\/10\\\/00051590.jpeg\",\"contentUrl\":\"https:\\\/\\\/regiaonews.net.br\\\/2022\\\/wp-content\\\/uploads\\\/2023\\\/10\\\/00051590.jpeg\",\"width\":1200,\"height\":800},{\"@type\":\"BreadcrumbList\",\"@id\":\"https:\\\/\\\/regiaonews.net.br\\\/2022\\\/2023\\\/10\\\/06\\\/caes-forma-71-delegados-e-oficiais-da-pm-na-fase-integrada-do-curso-superior-de-policia\\\/#breadcrumb\",\"itemListElement\":[{\"@type\":\"ListItem\",\"position\":1,\"name\":\"In\u00edcio\",\"item\":\"https:\\\/\\\/regiaonews.net.br\\\/2022\\\/\"},{\"@type\":\"ListItem\",\"position\":2,\"name\":\"CAES forma 71 delegados e oficiais da PM na fase integrada do Curso Superior de Pol\u00edcia\"}]},{\"@type\":\"WebSite\",\"@id\":\"https:\\\/\\\/regiaonews.net.br\\\/2022\\\/#website\",\"url\":\"https:\\\/\\\/regiaonews.net.br\\\/2022\\\/\",\"name\":\"Regi\u00e3o News\",\"description\":\"Site de Not\u00edcias de Barretos e regi\u00e3o\",\"publisher\":{\"@id\":\"https:\\\/\\\/regiaonews.net.br\\\/2022\\\/#organization\"},\"potentialAction\":[{\"@type\":\"SearchAction\",\"target\":{\"@type\":\"EntryPoint\",\"urlTemplate\":\"https:\\\/\\\/regiaonews.net.br\\\/2022\\\/?s={search_term_string}\"},\"query-input\":{\"@type\":\"PropertyValueSpecification\",\"valueRequired\":true,\"valueName\":\"search_term_string\"}}],\"inLanguage\":\"pt-BR\"},{\"@type\":\"Organization\",\"@id\":\"https:\\\/\\\/regiaonews.net.br\\\/2022\\\/#organization\",\"name\":\"Regi\u00e3o News\",\"url\":\"https:\\\/\\\/regiaonews.net.br\\\/2022\\\/\",\"logo\":{\"@type\":\"ImageObject\",\"inLanguage\":\"pt-BR\",\"@id\":\"https:\\\/\\\/regiaonews.net.br\\\/2022\\\/#\\\/schema\\\/logo\\\/image\\\/\",\"url\":\"https:\\\/\\\/regiaonews.net.br\\\/2022\\\/wp-content\\\/uploads\\\/2026\\\/03\\\/regiao-13-anos-scaled.jpg\",\"contentUrl\":\"https:\\\/\\\/regiaonews.net.br\\\/2022\\\/wp-content\\\/uploads\\\/2026\\\/03\\\/regiao-13-anos-scaled.jpg\",\"width\":2560,\"height\":635,\"caption\":\"Regi\u00e3o News\"},\"image\":{\"@id\":\"https:\\\/\\\/regiaonews.net.br\\\/2022\\\/#\\\/schema\\\/logo\\\/image\\\/\"}},{\"@type\":\"Person\",\"@id\":\"https:\\\/\\\/regiaonews.net.br\\\/2022\\\/#\\\/schema\\\/person\\\/2d205a608a5aa97ac279d7a5e6d89ad8\",\"name\":\"Roberto\",\"image\":{\"@type\":\"ImageObject\",\"inLanguage\":\"pt-BR\",\"@id\":\"https:\\\/\\\/secure.gravatar.com\\\/avatar\\\/42749d8b712ff9d59ca93dc150494e5b55a44134482993f5baeb97e61b7ecc89?s=96&d=mm&r=g\",\"url\":\"https:\\\/\\\/secure.gravatar.com\\\/avatar\\\/42749d8b712ff9d59ca93dc150494e5b55a44134482993f5baeb97e61b7ecc89?s=96&d=mm&r=g\",\"contentUrl\":\"https:\\\/\\\/secure.gravatar.com\\\/avatar\\\/42749d8b712ff9d59ca93dc150494e5b55a44134482993f5baeb97e61b7ecc89?s=96&d=mm&r=g\",\"caption\":\"Roberto\"},\"url\":\"https:\\\/\\\/regiaonews.net.br\\\/2022\\\/author\\\/roberto\\\/\"}]}<\/script>\n<!-- \/ Yoast SEO plugin. -->","yoast_head_json":{"title":"CAES forma 71 delegados e oficiais da PM na fase integrada do Curso Superior de Pol\u00edcia - Regi\u00e3o News","robots":{"index":"index","follow":"follow","max-snippet":"max-snippet:-1","max-image-preview":"max-image-preview:large","max-video-preview":"max-video-preview:-1"},"canonical":"https:\/\/regiaonews.net.br\/2022\/2023\/10\/06\/caes-forma-71-delegados-e-oficiais-da-pm-na-fase-integrada-do-curso-superior-de-policia\/","og_locale":"pt_BR","og_type":"article","og_title":"CAES forma 71 delegados e oficiais da PM na fase integrada do Curso Superior de Pol\u00edcia - Regi\u00e3o News","og_description":"O curso capacita os alunos a exercerem cargos de alto","og_url":"https:\/\/regiaonews.net.br\/2022\/2023\/10\/06\/caes-forma-71-delegados-e-oficiais-da-pm-na-fase-integrada-do-curso-superior-de-policia\/","og_site_name":"Regi\u00e3o News","article_published_time":"2023-10-06T19:50:37+00:00","og_image":[{"width":1200,"height":800,"url":"https:\/\/regiaonews.net.br\/2022\/wp-content\/uploads\/2023\/10\/00051590.jpeg","type":"image\/jpeg"}],"author":"Roberto","twitter_card":"summary_large_image","twitter_misc":{"Escrito por":"Roberto","Est. tempo de leitura":"3 minutos"},"schema":{"@context":"https:\/\/schema.org","@graph":[{"@type":"Article","@id":"https:\/\/regiaonews.net.br\/2022\/2023\/10\/06\/caes-forma-71-delegados-e-oficiais-da-pm-na-fase-integrada-do-curso-superior-de-policia\/#article","isPartOf":{"@id":"https:\/\/regiaonews.net.br\/2022\/2023\/10\/06\/caes-forma-71-delegados-e-oficiais-da-pm-na-fase-integrada-do-curso-superior-de-policia\/"},"author":{"name":"Roberto","@id":"https:\/\/regiaonews.net.br\/2022\/#\/schema\/person\/2d205a608a5aa97ac279d7a5e6d89ad8"},"headline":"CAES forma 71 delegados e oficiais da PM na fase integrada do Curso Superior de Pol\u00edcia","datePublished":"2023-10-06T19:50:37+00:00","mainEntityOfPage":{"@id":"https:\/\/regiaonews.net.br\/2022\/2023\/10\/06\/caes-forma-71-delegados-e-oficiais-da-pm-na-fase-integrada-do-curso-superior-de-policia\/"},"wordCount":492,"commentCount":0,"publisher":{"@id":"https:\/\/regiaonews.net.br\/2022\/#organization"},"image":{"@id":"https:\/\/regiaonews.net.br\/2022\/2023\/10\/06\/caes-forma-71-delegados-e-oficiais-da-pm-na-fase-integrada-do-curso-superior-de-policia\/#primaryimage"},"thumbnailUrl":"https:\/\/regiaonews.net.br\/2022\/wp-content\/uploads\/2023\/10\/00051590.jpeg","articleSection":["Geral","Policia"],"inLanguage":"pt-BR","potentialAction":[{"@type":"CommentAction","name":"Comment","target":["https:\/\/regiaonews.net.br\/2022\/2023\/10\/06\/caes-forma-71-delegados-e-oficiais-da-pm-na-fase-integrada-do-curso-superior-de-policia\/#respond"]}]},{"@type":"WebPage","@id":"https:\/\/regiaonews.net.br\/2022\/2023\/10\/06\/caes-forma-71-delegados-e-oficiais-da-pm-na-fase-integrada-do-curso-superior-de-policia\/","url":"https:\/\/regiaonews.net.br\/2022\/2023\/10\/06\/caes-forma-71-delegados-e-oficiais-da-pm-na-fase-integrada-do-curso-superior-de-policia\/","name":"CAES forma 71 delegados e oficiais da PM na fase integrada do Curso Superior de Pol\u00edcia - Regi\u00e3o News","isPartOf":{"@id":"https:\/\/regiaonews.net.br\/2022\/#website"},"primaryImageOfPage":{"@id":"https:\/\/regiaonews.net.br\/2022\/2023\/10\/06\/caes-forma-71-delegados-e-oficiais-da-pm-na-fase-integrada-do-curso-superior-de-policia\/#primaryimage"},"image":{"@id":"https:\/\/regiaonews.net.br\/2022\/2023\/10\/06\/caes-forma-71-delegados-e-oficiais-da-pm-na-fase-integrada-do-curso-superior-de-policia\/#primaryimage"},"thumbnailUrl":"https:\/\/regiaonews.net.br\/2022\/wp-content\/uploads\/2023\/10\/00051590.jpeg","datePublished":"2023-10-06T19:50:37+00:00","breadcrumb":{"@id":"https:\/\/regiaonews.net.br\/2022\/2023\/10\/06\/caes-forma-71-delegados-e-oficiais-da-pm-na-fase-integrada-do-curso-superior-de-policia\/#breadcrumb"},"inLanguage":"pt-BR","potentialAction":[{"@type":"ReadAction","target":["https:\/\/regiaonews.net.br\/2022\/2023\/10\/06\/caes-forma-71-delegados-e-oficiais-da-pm-na-fase-integrada-do-curso-superior-de-policia\/"]}]},{"@type":"ImageObject","inLanguage":"pt-BR","@id":"https:\/\/regiaonews.net.br\/2022\/2023\/10\/06\/caes-forma-71-delegados-e-oficiais-da-pm-na-fase-integrada-do-curso-superior-de-policia\/#primaryimage","url":"https:\/\/regiaonews.net.br\/2022\/wp-content\/uploads\/2023\/10\/00051590.jpeg","contentUrl":"https:\/\/regiaonews.net.br\/2022\/wp-content\/uploads\/2023\/10\/00051590.jpeg","width":1200,"height":800},{"@type":"BreadcrumbList","@id":"https:\/\/regiaonews.net.br\/2022\/2023\/10\/06\/caes-forma-71-delegados-e-oficiais-da-pm-na-fase-integrada-do-curso-superior-de-policia\/#breadcrumb","itemListElement":[{"@type":"ListItem","position":1,"name":"In\u00edcio","item":"https:\/\/regiaonews.net.br\/2022\/"},{"@type":"ListItem","position":2,"name":"CAES forma 71 delegados e oficiais da PM na fase integrada do Curso Superior de Pol\u00edcia"}]},{"@type":"WebSite","@id":"https:\/\/regiaonews.net.br\/2022\/#website","url":"https:\/\/regiaonews.net.br\/2022\/","name":"Regi\u00e3o News","description":"Site de Not\u00edcias de Barretos e regi\u00e3o","publisher":{"@id":"https:\/\/regiaonews.net.br\/2022\/#organization"},"potentialAction":[{"@type":"SearchAction","target":{"@type":"EntryPoint","urlTemplate":"https:\/\/regiaonews.net.br\/2022\/?s={search_term_string}"},"query-input":{"@type":"PropertyValueSpecification","valueRequired":true,"valueName":"search_term_string"}}],"inLanguage":"pt-BR"},{"@type":"Organization","@id":"https:\/\/regiaonews.net.br\/2022\/#organization","name":"Regi\u00e3o News","url":"https:\/\/regiaonews.net.br\/2022\/","logo":{"@type":"ImageObject","inLanguage":"pt-BR","@id":"https:\/\/regiaonews.net.br\/2022\/#\/schema\/logo\/image\/","url":"https:\/\/regiaonews.net.br\/2022\/wp-content\/uploads\/2026\/03\/regiao-13-anos-scaled.jpg","contentUrl":"https:\/\/regiaonews.net.br\/2022\/wp-content\/uploads\/2026\/03\/regiao-13-anos-scaled.jpg","width":2560,"height":635,"caption":"Regi\u00e3o News"},"image":{"@id":"https:\/\/regiaonews.net.br\/2022\/#\/schema\/logo\/image\/"}},{"@type":"Person","@id":"https:\/\/regiaonews.net.br\/2022\/#\/schema\/person\/2d205a608a5aa97ac279d7a5e6d89ad8","name":"Roberto","image":{"@type":"ImageObject","inLanguage":"pt-BR","@id":"https:\/\/secure.gravatar.com\/avatar\/42749d8b712ff9d59ca93dc150494e5b55a44134482993f5baeb97e61b7ecc89?s=96&d=mm&r=g","url":"https:\/\/secure.gravatar.com\/avatar\/42749d8b712ff9d59ca93dc150494e5b55a44134482993f5baeb97e61b7ecc89?s=96&d=mm&r=g","contentUrl":"https:\/\/secure.gravatar.com\/avatar\/42749d8b712ff9d59ca93dc150494e5b55a44134482993f5baeb97e61b7ecc89?s=96&d=mm&r=g","caption":"Roberto"},"url":"https:\/\/regiaonews.net.br\/2022\/author\/roberto\/"}]}},"publishpress_future_action":{"enabled":false,"date":"2026-05-04 14:36:52","action":"change-status","newStatus":"draft","terms":[],"taxonomy":"category","extraData":[]},"publishpress_future_workflow_manual_trigger":{"enabledWorkflows":[]},"_links":{"self":[{"href":"https:\/\/regiaonews.net.br\/2022\/wp-json\/wp\/v2\/posts\/96217","targetHints":{"allow":["GET"]}}],"collection":[{"href":"https:\/\/regiaonews.net.br\/2022\/wp-json\/wp\/v2\/posts"}],"about":[{"href":"https:\/\/regiaonews.net.br\/2022\/wp-json\/wp\/v2\/types\/post"}],"author":[{"embeddable":true,"href":"https:\/\/regiaonews.net.br\/2022\/wp-json\/wp\/v2\/users\/2"}],"replies":[{"embeddable":true,"href":"https:\/\/regiaonews.net.br\/2022\/wp-json\/wp\/v2\/comments?post=96217"}],"version-history":[{"count":1,"href":"https:\/\/regiaonews.net.br\/2022\/wp-json\/wp\/v2\/posts\/96217\/revisions"}],"predecessor-version":[{"id":96219,"href":"https:\/\/regiaonews.net.br\/2022\/wp-json\/wp\/v2\/posts\/96217\/revisions\/96219"}],"wp:featuredmedia":[{"embeddable":true,"href":"https:\/\/regiaonews.net.br\/2022\/wp-json\/wp\/v2\/media\/96218"}],"wp:attachment":[{"href":"https:\/\/regiaonews.net.br\/2022\/wp-json\/wp\/v2\/media?parent=96217"}],"wp:term":[{"taxonomy":"category","embeddable":true,"href":"https:\/\/regiaonews.net.br\/2022\/wp-json\/wp\/v2\/categories?post=96217"},{"taxonomy":"post_tag","embeddable":true,"href":"https:\/\/regiaonews.net.br\/2022\/wp-json\/wp\/v2\/tags?post=96217"}],"curies":[{"name":"wp","href":"https:\/\/api.w.org\/{rel}","templated":true}]}}