{"id":96159,"date":"2023-10-05T15:31:38","date_gmt":"2023-10-05T18:31:38","guid":{"rendered":"https:\/\/regiaonews.net.br\/2022\/?p=96159"},"modified":"2023-10-05T15:31:38","modified_gmt":"2023-10-05T18:31:38","slug":"saae-barretos-promove-interligacao-da-nova-adutora-da-ra-18-ao-sistema-de-abastecimento-de-agua-nesta-quinta-feira-05","status":"publish","type":"post","link":"https:\/\/regiaonews.net.br\/2022\/2023\/10\/05\/saae-barretos-promove-interligacao-da-nova-adutora-da-ra-18-ao-sistema-de-abastecimento-de-agua-nesta-quinta-feira-05\/","title":{"rendered":"SAAE Barretos promove interliga\u00e7\u00e3o da nova adutora da Ra 18 ao sistema de abastecimento de \u00e1gua nesta quinta-feira (05)"},"content":{"rendered":"<h3 style=\"text-align: center;\">Adutora antiga de amianto ser\u00e1 inutilizada.<\/h3>\n<p>O Servi\u00e7o Aut\u00f4nomo de \u00c1gua e Esgoto de Barretos (SAAEB) promove nesta quinta-feira (05), a interliga\u00e7\u00e3o da nova adutora de \u00e1gua na Rua 18. A antiga adutora, de amianto, que vinha sendo substitu\u00edda por uma vers\u00e3o mais moderna, desde o dia 18 de setembro, ficar\u00e1 inutilizada.<\/p>\n<p>A obra, que envolveu a substitui\u00e7\u00e3o de 400 metros da adutora de rede de \u00e1gua entre as Avenidas 29 e 21, com tubos de PEAD (Polietileno de Alta Densidade de 355 mil\u00edmetros PN10 SDR17, foi realizada por meio da avan\u00e7ada tecnologia de Sonda de Perfura\u00e7\u00e3o Horizontal Direcional, apelidada de Tatuzinho. \u201cEsta t\u00e9cnica inovadora permitiu a perfura\u00e7\u00e3o do terreno de forma eficiente, eliminando a necessidade do m\u00e9todo convencional de abertura de valas. Com esse sistema, \u00e9 preciso fazer apenas pequenas valas para inser\u00e7\u00e3o da tubula\u00e7\u00e3o. Al\u00e9m de reduzir o per\u00edodo da obra, essa abordagem tamb\u00e9m minimizou significativamente a gera\u00e7\u00e3o de res\u00edduos e custos, beneficiando tanto a comunidade quanto o meio ambiente\u201d, explica o diretor t\u00e9cnico do SAAEB, o engenheiro civil Marco Seiji.<\/p>\n<p>O superintendente, Marcelo Borges, enfatiza a import\u00e2ncia deste projeto para a cidade. &#8220;Esta interliga\u00e7\u00e3o marca um passo significativo em dire\u00e7\u00e3o a um sistema de \u00e1gua mais eficiente e confi\u00e1vel para nossos cidad\u00e3os. A Prefeitura da Est\u00e2ncia Tur\u00edstica de Barretos, por meio do SAAEB, est\u00e1 comprometida em investir em tecnologias modernas para evitar problemas futuros e garantir \u00e1gua pot\u00e1vel de qualidade e de maneira cont\u00ednua&#8221;, diz Marcelo que ainda agradece a compreens\u00e3o dos moradores e comerciantes durante o processo de substitui\u00e7\u00e3o da adutora.<\/p>\n<p>Rompimento da Adutora de amianto<br \/>\nDurante a madrugada desta quinta-feira (05), a antiga adutora de amianto, atualmente em uso, rompeu na Rua 18, entre as avenidas 25 e 27. A autarquia lamenta o ocorrido e os transtornos causados aos moradores e ressalta a import\u00e2ncia da substitui\u00e7\u00e3o da adutora e a tranquilidade que ela trar\u00e1 quando estiver completamente operacional.<\/p>\n<p>\u201cEstamos tomando provid\u00eancias para a limpeza do local e dando orienta\u00e7\u00f5es para poss\u00edvel indeniza\u00e7\u00e3o caso seja necess\u00e1rio\u201d, destaca o superintendente.<\/p>\n<p>www.saaeb.con.br<\/p>\n","protected":false},"excerpt":{"rendered":"<p>Adutora antiga de amianto ser\u00e1 inutilizada. O Servi\u00e7o Aut\u00f4nomo de<\/p>\n","protected":false},"author":2,"featured_media":96160,"comment_status":"open","ping_status":"open","sticky":false,"template":"","format":"standard","meta":{"footnotes":""},"categories":[14,3],"tags":[],"class_list":["post-96159","post","type-post","status-publish","format-standard","has-post-thumbnail","hentry","category-barretos","category-geral"],"yoast_head":"<!-- This site is optimized with the Yoast SEO plugin v27.4 - https:\/\/yoast.com\/product\/yoast-seo-wordpress\/ -->\n<title>SAAE Barretos promove interliga\u00e7\u00e3o da nova adutora da Ra 18 ao sistema de abastecimento de \u00e1gua nesta quinta-feira (05) - Regi\u00e3o News<\/title>\n<meta name=\"robots\" content=\"index, follow, max-snippet:-1, max-image-preview:large, max-video-preview:-1\" \/>\n<link rel=\"canonical\" href=\"https:\/\/regiaonews.net.br\/2022\/2023\/10\/05\/saae-barretos-promove-interligacao-da-nova-adutora-da-ra-18-ao-sistema-de-abastecimento-de-agua-nesta-quinta-feira-05\/\" \/>\n<meta property=\"og:locale\" content=\"pt_BR\" \/>\n<meta property=\"og:type\" content=\"article\" \/>\n<meta property=\"og:title\" content=\"SAAE Barretos promove interliga\u00e7\u00e3o da nova adutora da Ra 18 ao sistema de abastecimento de \u00e1gua nesta quinta-feira (05) - Regi\u00e3o News\" \/>\n<meta property=\"og:description\" content=\"Adutora antiga de amianto ser\u00e1 inutilizada. O Servi\u00e7o Aut\u00f4nomo de\" \/>\n<meta property=\"og:url\" content=\"https:\/\/regiaonews.net.br\/2022\/2023\/10\/05\/saae-barretos-promove-interligacao-da-nova-adutora-da-ra-18-ao-sistema-de-abastecimento-de-agua-nesta-quinta-feira-05\/\" \/>\n<meta property=\"og:site_name\" content=\"Regi\u00e3o News\" \/>\n<meta property=\"article:published_time\" content=\"2023-10-05T18:31:38+00:00\" \/>\n<meta property=\"og:image\" content=\"https:\/\/regiaonews.net.br\/2022\/wp-content\/uploads\/2023\/10\/Imagem-do-WhatsApp-de-2023-10-05-as-12.28.47.jpg\" \/>\n\t<meta property=\"og:image:width\" content=\"1599\" \/>\n\t<meta property=\"og:image:height\" content=\"899\" \/>\n\t<meta property=\"og:image:type\" content=\"image\/jpeg\" \/>\n<meta name=\"author\" content=\"Roberto\" \/>\n<meta name=\"twitter:card\" content=\"summary_large_image\" \/>\n<meta name=\"twitter:label1\" content=\"Escrito por\" \/>\n\t<meta name=\"twitter:data1\" content=\"Roberto\" \/>\n\t<meta name=\"twitter:label2\" content=\"Est. tempo de leitura\" \/>\n\t<meta name=\"twitter:data2\" content=\"2 minutos\" \/>\n<script type=\"application\/ld+json\" class=\"yoast-schema-graph\">{\"@context\":\"https:\\\/\\\/schema.org\",\"@graph\":[{\"@type\":\"Article\",\"@id\":\"https:\\\/\\\/regiaonews.net.br\\\/2022\\\/2023\\\/10\\\/05\\\/saae-barretos-promove-interligacao-da-nova-adutora-da-ra-18-ao-sistema-de-abastecimento-de-agua-nesta-quinta-feira-05\\\/#article\",\"isPartOf\":{\"@id\":\"https:\\\/\\\/regiaonews.net.br\\\/2022\\\/2023\\\/10\\\/05\\\/saae-barretos-promove-interligacao-da-nova-adutora-da-ra-18-ao-sistema-de-abastecimento-de-agua-nesta-quinta-feira-05\\\/\"},\"author\":{\"name\":\"Roberto\",\"@id\":\"https:\\\/\\\/regiaonews.net.br\\\/2022\\\/#\\\/schema\\\/person\\\/2d205a608a5aa97ac279d7a5e6d89ad8\"},\"headline\":\"SAAE Barretos promove interliga\u00e7\u00e3o da nova adutora da Ra 18 ao sistema de abastecimento de \u00e1gua nesta quinta-feira (05)\",\"datePublished\":\"2023-10-05T18:31:38+00:00\",\"mainEntityOfPage\":{\"@id\":\"https:\\\/\\\/regiaonews.net.br\\\/2022\\\/2023\\\/10\\\/05\\\/saae-barretos-promove-interligacao-da-nova-adutora-da-ra-18-ao-sistema-de-abastecimento-de-agua-nesta-quinta-feira-05\\\/\"},\"wordCount\":381,\"commentCount\":0,\"publisher\":{\"@id\":\"https:\\\/\\\/regiaonews.net.br\\\/2022\\\/#organization\"},\"image\":{\"@id\":\"https:\\\/\\\/regiaonews.net.br\\\/2022\\\/2023\\\/10\\\/05\\\/saae-barretos-promove-interligacao-da-nova-adutora-da-ra-18-ao-sistema-de-abastecimento-de-agua-nesta-quinta-feira-05\\\/#primaryimage\"},\"thumbnailUrl\":\"https:\\\/\\\/regiaonews.net.br\\\/2022\\\/wp-content\\\/uploads\\\/2023\\\/10\\\/Imagem-do-WhatsApp-de-2023-10-05-as-12.28.47.jpg\",\"articleSection\":[\"Barretos\",\"Geral\"],\"inLanguage\":\"pt-BR\",\"potentialAction\":[{\"@type\":\"CommentAction\",\"name\":\"Comment\",\"target\":[\"https:\\\/\\\/regiaonews.net.br\\\/2022\\\/2023\\\/10\\\/05\\\/saae-barretos-promove-interligacao-da-nova-adutora-da-ra-18-ao-sistema-de-abastecimento-de-agua-nesta-quinta-feira-05\\\/#respond\"]}]},{\"@type\":\"WebPage\",\"@id\":\"https:\\\/\\\/regiaonews.net.br\\\/2022\\\/2023\\\/10\\\/05\\\/saae-barretos-promove-interligacao-da-nova-adutora-da-ra-18-ao-sistema-de-abastecimento-de-agua-nesta-quinta-feira-05\\\/\",\"url\":\"https:\\\/\\\/regiaonews.net.br\\\/2022\\\/2023\\\/10\\\/05\\\/saae-barretos-promove-interligacao-da-nova-adutora-da-ra-18-ao-sistema-de-abastecimento-de-agua-nesta-quinta-feira-05\\\/\",\"name\":\"SAAE Barretos promove interliga\u00e7\u00e3o da nova adutora da Ra 18 ao sistema de abastecimento de \u00e1gua nesta quinta-feira (05) - Regi\u00e3o News\",\"isPartOf\":{\"@id\":\"https:\\\/\\\/regiaonews.net.br\\\/2022\\\/#website\"},\"primaryImageOfPage\":{\"@id\":\"https:\\\/\\\/regiaonews.net.br\\\/2022\\\/2023\\\/10\\\/05\\\/saae-barretos-promove-interligacao-da-nova-adutora-da-ra-18-ao-sistema-de-abastecimento-de-agua-nesta-quinta-feira-05\\\/#primaryimage\"},\"image\":{\"@id\":\"https:\\\/\\\/regiaonews.net.br\\\/2022\\\/2023\\\/10\\\/05\\\/saae-barretos-promove-interligacao-da-nova-adutora-da-ra-18-ao-sistema-de-abastecimento-de-agua-nesta-quinta-feira-05\\\/#primaryimage\"},\"thumbnailUrl\":\"https:\\\/\\\/regiaonews.net.br\\\/2022\\\/wp-content\\\/uploads\\\/2023\\\/10\\\/Imagem-do-WhatsApp-de-2023-10-05-as-12.28.47.jpg\",\"datePublished\":\"2023-10-05T18:31:38+00:00\",\"breadcrumb\":{\"@id\":\"https:\\\/\\\/regiaonews.net.br\\\/2022\\\/2023\\\/10\\\/05\\\/saae-barretos-promove-interligacao-da-nova-adutora-da-ra-18-ao-sistema-de-abastecimento-de-agua-nesta-quinta-feira-05\\\/#breadcrumb\"},\"inLanguage\":\"pt-BR\",\"potentialAction\":[{\"@type\":\"ReadAction\",\"target\":[\"https:\\\/\\\/regiaonews.net.br\\\/2022\\\/2023\\\/10\\\/05\\\/saae-barretos-promove-interligacao-da-nova-adutora-da-ra-18-ao-sistema-de-abastecimento-de-agua-nesta-quinta-feira-05\\\/\"]}]},{\"@type\":\"ImageObject\",\"inLanguage\":\"pt-BR\",\"@id\":\"https:\\\/\\\/regiaonews.net.br\\\/2022\\\/2023\\\/10\\\/05\\\/saae-barretos-promove-interligacao-da-nova-adutora-da-ra-18-ao-sistema-de-abastecimento-de-agua-nesta-quinta-feira-05\\\/#primaryimage\",\"url\":\"https:\\\/\\\/regiaonews.net.br\\\/2022\\\/wp-content\\\/uploads\\\/2023\\\/10\\\/Imagem-do-WhatsApp-de-2023-10-05-as-12.28.47.jpg\",\"contentUrl\":\"https:\\\/\\\/regiaonews.net.br\\\/2022\\\/wp-content\\\/uploads\\\/2023\\\/10\\\/Imagem-do-WhatsApp-de-2023-10-05-as-12.28.47.jpg\",\"width\":1599,\"height\":899},{\"@type\":\"BreadcrumbList\",\"@id\":\"https:\\\/\\\/regiaonews.net.br\\\/2022\\\/2023\\\/10\\\/05\\\/saae-barretos-promove-interligacao-da-nova-adutora-da-ra-18-ao-sistema-de-abastecimento-de-agua-nesta-quinta-feira-05\\\/#breadcrumb\",\"itemListElement\":[{\"@type\":\"ListItem\",\"position\":1,\"name\":\"In\u00edcio\",\"item\":\"https:\\\/\\\/regiaonews.net.br\\\/2022\\\/\"},{\"@type\":\"ListItem\",\"position\":2,\"name\":\"SAAE Barretos promove interliga\u00e7\u00e3o da nova adutora da Ra 18 ao sistema de abastecimento de \u00e1gua nesta quinta-feira (05)\"}]},{\"@type\":\"WebSite\",\"@id\":\"https:\\\/\\\/regiaonews.net.br\\\/2022\\\/#website\",\"url\":\"https:\\\/\\\/regiaonews.net.br\\\/2022\\\/\",\"name\":\"Regi\u00e3o News\",\"description\":\"Site de Not\u00edcias de Barretos e regi\u00e3o\",\"publisher\":{\"@id\":\"https:\\\/\\\/regiaonews.net.br\\\/2022\\\/#organization\"},\"potentialAction\":[{\"@type\":\"SearchAction\",\"target\":{\"@type\":\"EntryPoint\",\"urlTemplate\":\"https:\\\/\\\/regiaonews.net.br\\\/2022\\\/?s={search_term_string}\"},\"query-input\":{\"@type\":\"PropertyValueSpecification\",\"valueRequired\":true,\"valueName\":\"search_term_string\"}}],\"inLanguage\":\"pt-BR\"},{\"@type\":\"Organization\",\"@id\":\"https:\\\/\\\/regiaonews.net.br\\\/2022\\\/#organization\",\"name\":\"Regi\u00e3o News\",\"url\":\"https:\\\/\\\/regiaonews.net.br\\\/2022\\\/\",\"logo\":{\"@type\":\"ImageObject\",\"inLanguage\":\"pt-BR\",\"@id\":\"https:\\\/\\\/regiaonews.net.br\\\/2022\\\/#\\\/schema\\\/logo\\\/image\\\/\",\"url\":\"https:\\\/\\\/regiaonews.net.br\\\/2022\\\/wp-content\\\/uploads\\\/2026\\\/03\\\/regiao-13-anos-scaled.jpg\",\"contentUrl\":\"https:\\\/\\\/regiaonews.net.br\\\/2022\\\/wp-content\\\/uploads\\\/2026\\\/03\\\/regiao-13-anos-scaled.jpg\",\"width\":2560,\"height\":635,\"caption\":\"Regi\u00e3o News\"},\"image\":{\"@id\":\"https:\\\/\\\/regiaonews.net.br\\\/2022\\\/#\\\/schema\\\/logo\\\/image\\\/\"}},{\"@type\":\"Person\",\"@id\":\"https:\\\/\\\/regiaonews.net.br\\\/2022\\\/#\\\/schema\\\/person\\\/2d205a608a5aa97ac279d7a5e6d89ad8\",\"name\":\"Roberto\",\"image\":{\"@type\":\"ImageObject\",\"inLanguage\":\"pt-BR\",\"@id\":\"https:\\\/\\\/secure.gravatar.com\\\/avatar\\\/42749d8b712ff9d59ca93dc150494e5b55a44134482993f5baeb97e61b7ecc89?s=96&d=mm&r=g\",\"url\":\"https:\\\/\\\/secure.gravatar.com\\\/avatar\\\/42749d8b712ff9d59ca93dc150494e5b55a44134482993f5baeb97e61b7ecc89?s=96&d=mm&r=g\",\"contentUrl\":\"https:\\\/\\\/secure.gravatar.com\\\/avatar\\\/42749d8b712ff9d59ca93dc150494e5b55a44134482993f5baeb97e61b7ecc89?s=96&d=mm&r=g\",\"caption\":\"Roberto\"},\"url\":\"https:\\\/\\\/regiaonews.net.br\\\/2022\\\/author\\\/roberto\\\/\"}]}<\/script>\n<!-- \/ Yoast SEO plugin. -->","yoast_head_json":{"title":"SAAE Barretos promove interliga\u00e7\u00e3o da nova adutora da Ra 18 ao sistema de abastecimento de \u00e1gua nesta quinta-feira (05) - Regi\u00e3o News","robots":{"index":"index","follow":"follow","max-snippet":"max-snippet:-1","max-image-preview":"max-image-preview:large","max-video-preview":"max-video-preview:-1"},"canonical":"https:\/\/regiaonews.net.br\/2022\/2023\/10\/05\/saae-barretos-promove-interligacao-da-nova-adutora-da-ra-18-ao-sistema-de-abastecimento-de-agua-nesta-quinta-feira-05\/","og_locale":"pt_BR","og_type":"article","og_title":"SAAE Barretos promove interliga\u00e7\u00e3o da nova adutora da Ra 18 ao sistema de abastecimento de \u00e1gua nesta quinta-feira (05) - Regi\u00e3o News","og_description":"Adutora antiga de amianto ser\u00e1 inutilizada. O Servi\u00e7o Aut\u00f4nomo de","og_url":"https:\/\/regiaonews.net.br\/2022\/2023\/10\/05\/saae-barretos-promove-interligacao-da-nova-adutora-da-ra-18-ao-sistema-de-abastecimento-de-agua-nesta-quinta-feira-05\/","og_site_name":"Regi\u00e3o News","article_published_time":"2023-10-05T18:31:38+00:00","og_image":[{"width":1599,"height":899,"url":"https:\/\/regiaonews.net.br\/2022\/wp-content\/uploads\/2023\/10\/Imagem-do-WhatsApp-de-2023-10-05-as-12.28.47.jpg","type":"image\/jpeg"}],"author":"Roberto","twitter_card":"summary_large_image","twitter_misc":{"Escrito por":"Roberto","Est. tempo de leitura":"2 minutos"},"schema":{"@context":"https:\/\/schema.org","@graph":[{"@type":"Article","@id":"https:\/\/regiaonews.net.br\/2022\/2023\/10\/05\/saae-barretos-promove-interligacao-da-nova-adutora-da-ra-18-ao-sistema-de-abastecimento-de-agua-nesta-quinta-feira-05\/#article","isPartOf":{"@id":"https:\/\/regiaonews.net.br\/2022\/2023\/10\/05\/saae-barretos-promove-interligacao-da-nova-adutora-da-ra-18-ao-sistema-de-abastecimento-de-agua-nesta-quinta-feira-05\/"},"author":{"name":"Roberto","@id":"https:\/\/regiaonews.net.br\/2022\/#\/schema\/person\/2d205a608a5aa97ac279d7a5e6d89ad8"},"headline":"SAAE Barretos promove interliga\u00e7\u00e3o da nova adutora da Ra 18 ao sistema de abastecimento de \u00e1gua nesta quinta-feira (05)","datePublished":"2023-10-05T18:31:38+00:00","mainEntityOfPage":{"@id":"https:\/\/regiaonews.net.br\/2022\/2023\/10\/05\/saae-barretos-promove-interligacao-da-nova-adutora-da-ra-18-ao-sistema-de-abastecimento-de-agua-nesta-quinta-feira-05\/"},"wordCount":381,"commentCount":0,"publisher":{"@id":"https:\/\/regiaonews.net.br\/2022\/#organization"},"image":{"@id":"https:\/\/regiaonews.net.br\/2022\/2023\/10\/05\/saae-barretos-promove-interligacao-da-nova-adutora-da-ra-18-ao-sistema-de-abastecimento-de-agua-nesta-quinta-feira-05\/#primaryimage"},"thumbnailUrl":"https:\/\/regiaonews.net.br\/2022\/wp-content\/uploads\/2023\/10\/Imagem-do-WhatsApp-de-2023-10-05-as-12.28.47.jpg","articleSection":["Barretos","Geral"],"inLanguage":"pt-BR","potentialAction":[{"@type":"CommentAction","name":"Comment","target":["https:\/\/regiaonews.net.br\/2022\/2023\/10\/05\/saae-barretos-promove-interligacao-da-nova-adutora-da-ra-18-ao-sistema-de-abastecimento-de-agua-nesta-quinta-feira-05\/#respond"]}]},{"@type":"WebPage","@id":"https:\/\/regiaonews.net.br\/2022\/2023\/10\/05\/saae-barretos-promove-interligacao-da-nova-adutora-da-ra-18-ao-sistema-de-abastecimento-de-agua-nesta-quinta-feira-05\/","url":"https:\/\/regiaonews.net.br\/2022\/2023\/10\/05\/saae-barretos-promove-interligacao-da-nova-adutora-da-ra-18-ao-sistema-de-abastecimento-de-agua-nesta-quinta-feira-05\/","name":"SAAE Barretos promove interliga\u00e7\u00e3o da nova adutora da Ra 18 ao sistema de abastecimento de \u00e1gua nesta quinta-feira (05) - Regi\u00e3o News","isPartOf":{"@id":"https:\/\/regiaonews.net.br\/2022\/#website"},"primaryImageOfPage":{"@id":"https:\/\/regiaonews.net.br\/2022\/2023\/10\/05\/saae-barretos-promove-interligacao-da-nova-adutora-da-ra-18-ao-sistema-de-abastecimento-de-agua-nesta-quinta-feira-05\/#primaryimage"},"image":{"@id":"https:\/\/regiaonews.net.br\/2022\/2023\/10\/05\/saae-barretos-promove-interligacao-da-nova-adutora-da-ra-18-ao-sistema-de-abastecimento-de-agua-nesta-quinta-feira-05\/#primaryimage"},"thumbnailUrl":"https:\/\/regiaonews.net.br\/2022\/wp-content\/uploads\/2023\/10\/Imagem-do-WhatsApp-de-2023-10-05-as-12.28.47.jpg","datePublished":"2023-10-05T18:31:38+00:00","breadcrumb":{"@id":"https:\/\/regiaonews.net.br\/2022\/2023\/10\/05\/saae-barretos-promove-interligacao-da-nova-adutora-da-ra-18-ao-sistema-de-abastecimento-de-agua-nesta-quinta-feira-05\/#breadcrumb"},"inLanguage":"pt-BR","potentialAction":[{"@type":"ReadAction","target":["https:\/\/regiaonews.net.br\/2022\/2023\/10\/05\/saae-barretos-promove-interligacao-da-nova-adutora-da-ra-18-ao-sistema-de-abastecimento-de-agua-nesta-quinta-feira-05\/"]}]},{"@type":"ImageObject","inLanguage":"pt-BR","@id":"https:\/\/regiaonews.net.br\/2022\/2023\/10\/05\/saae-barretos-promove-interligacao-da-nova-adutora-da-ra-18-ao-sistema-de-abastecimento-de-agua-nesta-quinta-feira-05\/#primaryimage","url":"https:\/\/regiaonews.net.br\/2022\/wp-content\/uploads\/2023\/10\/Imagem-do-WhatsApp-de-2023-10-05-as-12.28.47.jpg","contentUrl":"https:\/\/regiaonews.net.br\/2022\/wp-content\/uploads\/2023\/10\/Imagem-do-WhatsApp-de-2023-10-05-as-12.28.47.jpg","width":1599,"height":899},{"@type":"BreadcrumbList","@id":"https:\/\/regiaonews.net.br\/2022\/2023\/10\/05\/saae-barretos-promove-interligacao-da-nova-adutora-da-ra-18-ao-sistema-de-abastecimento-de-agua-nesta-quinta-feira-05\/#breadcrumb","itemListElement":[{"@type":"ListItem","position":1,"name":"In\u00edcio","item":"https:\/\/regiaonews.net.br\/2022\/"},{"@type":"ListItem","position":2,"name":"SAAE Barretos promove interliga\u00e7\u00e3o da nova adutora da Ra 18 ao sistema de abastecimento de \u00e1gua nesta quinta-feira (05)"}]},{"@type":"WebSite","@id":"https:\/\/regiaonews.net.br\/2022\/#website","url":"https:\/\/regiaonews.net.br\/2022\/","name":"Regi\u00e3o News","description":"Site de Not\u00edcias de Barretos e regi\u00e3o","publisher":{"@id":"https:\/\/regiaonews.net.br\/2022\/#organization"},"potentialAction":[{"@type":"SearchAction","target":{"@type":"EntryPoint","urlTemplate":"https:\/\/regiaonews.net.br\/2022\/?s={search_term_string}"},"query-input":{"@type":"PropertyValueSpecification","valueRequired":true,"valueName":"search_term_string"}}],"inLanguage":"pt-BR"},{"@type":"Organization","@id":"https:\/\/regiaonews.net.br\/2022\/#organization","name":"Regi\u00e3o News","url":"https:\/\/regiaonews.net.br\/2022\/","logo":{"@type":"ImageObject","inLanguage":"pt-BR","@id":"https:\/\/regiaonews.net.br\/2022\/#\/schema\/logo\/image\/","url":"https:\/\/regiaonews.net.br\/2022\/wp-content\/uploads\/2026\/03\/regiao-13-anos-scaled.jpg","contentUrl":"https:\/\/regiaonews.net.br\/2022\/wp-content\/uploads\/2026\/03\/regiao-13-anos-scaled.jpg","width":2560,"height":635,"caption":"Regi\u00e3o News"},"image":{"@id":"https:\/\/regiaonews.net.br\/2022\/#\/schema\/logo\/image\/"}},{"@type":"Person","@id":"https:\/\/regiaonews.net.br\/2022\/#\/schema\/person\/2d205a608a5aa97ac279d7a5e6d89ad8","name":"Roberto","image":{"@type":"ImageObject","inLanguage":"pt-BR","@id":"https:\/\/secure.gravatar.com\/avatar\/42749d8b712ff9d59ca93dc150494e5b55a44134482993f5baeb97e61b7ecc89?s=96&d=mm&r=g","url":"https:\/\/secure.gravatar.com\/avatar\/42749d8b712ff9d59ca93dc150494e5b55a44134482993f5baeb97e61b7ecc89?s=96&d=mm&r=g","contentUrl":"https:\/\/secure.gravatar.com\/avatar\/42749d8b712ff9d59ca93dc150494e5b55a44134482993f5baeb97e61b7ecc89?s=96&d=mm&r=g","caption":"Roberto"},"url":"https:\/\/regiaonews.net.br\/2022\/author\/roberto\/"}]}},"publishpress_future_action":{"enabled":false,"date":"2026-05-04 17:26:04","action":"change-status","newStatus":"draft","terms":[],"taxonomy":"category","extraData":[]},"publishpress_future_workflow_manual_trigger":{"enabledWorkflows":[]},"_links":{"self":[{"href":"https:\/\/regiaonews.net.br\/2022\/wp-json\/wp\/v2\/posts\/96159","targetHints":{"allow":["GET"]}}],"collection":[{"href":"https:\/\/regiaonews.net.br\/2022\/wp-json\/wp\/v2\/posts"}],"about":[{"href":"https:\/\/regiaonews.net.br\/2022\/wp-json\/wp\/v2\/types\/post"}],"author":[{"embeddable":true,"href":"https:\/\/regiaonews.net.br\/2022\/wp-json\/wp\/v2\/users\/2"}],"replies":[{"embeddable":true,"href":"https:\/\/regiaonews.net.br\/2022\/wp-json\/wp\/v2\/comments?post=96159"}],"version-history":[{"count":1,"href":"https:\/\/regiaonews.net.br\/2022\/wp-json\/wp\/v2\/posts\/96159\/revisions"}],"predecessor-version":[{"id":96161,"href":"https:\/\/regiaonews.net.br\/2022\/wp-json\/wp\/v2\/posts\/96159\/revisions\/96161"}],"wp:featuredmedia":[{"embeddable":true,"href":"https:\/\/regiaonews.net.br\/2022\/wp-json\/wp\/v2\/media\/96160"}],"wp:attachment":[{"href":"https:\/\/regiaonews.net.br\/2022\/wp-json\/wp\/v2\/media?parent=96159"}],"wp:term":[{"taxonomy":"category","embeddable":true,"href":"https:\/\/regiaonews.net.br\/2022\/wp-json\/wp\/v2\/categories?post=96159"},{"taxonomy":"post_tag","embeddable":true,"href":"https:\/\/regiaonews.net.br\/2022\/wp-json\/wp\/v2\/tags?post=96159"}],"curies":[{"name":"wp","href":"https:\/\/api.w.org\/{rel}","templated":true}]}}