{"id":96156,"date":"2023-10-05T15:30:16","date_gmt":"2023-10-05T18:30:16","guid":{"rendered":"https:\/\/regiaonews.net.br\/2022\/?p=96156"},"modified":"2023-10-05T15:30:16","modified_gmt":"2023-10-05T18:30:16","slug":"programa-viver-melhor-reforma-de-casas-no-santana-entra-na-etapa-final","status":"publish","type":"post","link":"https:\/\/regiaonews.net.br\/2022\/2023\/10\/05\/programa-viver-melhor-reforma-de-casas-no-santana-entra-na-etapa-final\/","title":{"rendered":"Programa Viver Melhor: reforma de casas no Santana entra na etapa final"},"content":{"rendered":"<h3 style=\"text-align: center;\">A\u00e7\u00e3o beneficiou 50 moradias e expectativa \u00e9 que outras 250 sejam contempladas, segundo a Prefeita Paula Lemos.<\/h3>\n<p>A prefeita da Est\u00e2ncia Tur\u00edstica de Barretos, Paula Lemos, visitou o bairro Santana na manh\u00e3 do \u00faltimo domingo, 1\u00b0 de outubro, para acompanhar de perto a fase final de reforma das resid\u00eancias que est\u00e3o recebendo melhorias por meio do Programa Viver Melhor, operado pela Companhia de Desenvolvimento Habitacional e Urbano (CDHU). A iniciativa estadual viabilizou a reforma de 50 moradias a custo zero para o propriet\u00e1rio.<br \/>\nA chefe do executivo explicou que 40 dos 50 im\u00f3veis j\u00e1 tiveram as reformas conclu\u00eddas e que est\u00e1 buscando junto ao Estado a libera\u00e7\u00e3o para beneficiar outras 250 fam\u00edlias. \u201cO Programa Viver Melhor \u00e9 uma iniciativa do Governo Estadual, que tem sido um grande parceiro do nosso munic\u00edpio. Na primeira etapa, conseguimos a libera\u00e7\u00e3o para transformar a vida de 50 fam\u00edlias que precisavam muito reformar as suas moradias. Estamos agora empenhados em conseguir que mais 250 resid\u00eancias sejam atendidas\u201d, destacou.<br \/>\nDurante a visita, a prefeita Paula reencontrou a dona de casa Hebe Endo, que vive na Travessa 2 de Abril h\u00e1 quase 30 anos. Em mar\u00e7o, quando ocorreram as vistorias e sele\u00e7\u00e3o de sua resid\u00eancia, a dona de casa contou que n\u00e3o teria condi\u00e7\u00f5es de reform\u00e1-la por conta pr\u00f3pria. \u201cNa casa da Dona Hebe foi necess\u00e1ria a constru\u00e7\u00e3o de uma parede para sustenta\u00e7\u00e3o da laje. Fiquei muito feliz ao ver que l\u00e1 tamb\u00e9m foi constru\u00eddo um banheiro dentro da casa, pois antes ele era nos fundos do terreno\u201d, explicou a chefe do Executivo.<br \/>\nPresidente do Fundo Social de Solidariedade e respons\u00e1vel pelo projeto, Let\u00edcia Oliveira Lemos acompanhou a prefeita e destacou a seriedade e o compromisso do Programa Viver Melhor com as fam\u00edlias atendidas. \u201cEstou diariamente em contato com a CDHU, com o Paulo, e posso garantir que este \u00e9 um trabalho s\u00e9rio e comprometido com a melhoria das condi\u00e7\u00f5es de vida dos moradores\u201d, comentou. A visita tamb\u00e9m foi acompanhada por Paulo Roberto Morais, do Cons\u00f3rcio Progredior\/KF, contratado pela CDHU para a execu\u00e7\u00e3o dos servi\u00e7os.<br \/>\nQualidade de vida<br \/>\nO programa objetiva melhorar as condi\u00e7\u00f5es de habitabilidade, salubridade, acessibilidade e regulariza\u00e7\u00e3o fundi\u00e1ria de fam\u00edlias com renda de at\u00e9 cinco sal\u00e1rios m\u00ednimos que residam em domic\u00edlios considerados inadequados. O principal desafio do Viver Melhor \u00e9 levar qualidade de vida e prote\u00e7\u00e3o \u00e0s fam\u00edlias mais carentes por meio de interven\u00e7\u00f5es na estrutura f\u00edsica das moradias que afetam sua seguran\u00e7a e sa\u00fade. Os tipos de servi\u00e7os a serem executados pelas equipes do programa abrangem coberturas, alvenaria, revestimento, piso, pintura, instala\u00e7\u00f5es el\u00e9tricas e hidr\u00e1ulicas, instala\u00e7\u00e3o de esquadrias, melhorias em acessos e \u00e1reas comuns do n\u00facleo habitacional, reparos de drenagem, entre outros.<br \/>\nEntre os problemas solucionados pelo programa est\u00e3o: c\u00f4modos sem ventila\u00e7\u00e3o, presen\u00e7a de umidade, paredes sem revestimento, aus\u00eancia ou insufici\u00eancia de equipamentos hidr\u00e1ulicos e instala\u00e7\u00f5es el\u00e9tricas, precariedade na conex\u00e3o com redes de abastecimento de \u00e1gua e coleta de esgoto, acessos prec\u00e1rios ao domic\u00edlio e veda\u00e7\u00f5es insuficientes.<\/p>\n<p>Assimp-807-2023<br \/>\nReda\u00e7\u00e3o: Assessoria\u00a0de\u00a0Imprensa<\/p>\n","protected":false},"excerpt":{"rendered":"<p>A\u00e7\u00e3o beneficiou 50 moradias e expectativa \u00e9 que outras 250<\/p>\n","protected":false},"author":2,"featured_media":96157,"comment_status":"open","ping_status":"open","sticky":false,"template":"","format":"standard","meta":{"footnotes":""},"categories":[14,3],"tags":[],"class_list":["post-96156","post","type-post","status-publish","format-standard","has-post-thumbnail","hentry","category-barretos","category-geral"],"yoast_head":"<!-- This site is optimized with the Yoast SEO plugin v27.4 - https:\/\/yoast.com\/product\/yoast-seo-wordpress\/ -->\n<title>Programa Viver Melhor: reforma de casas no Santana entra na etapa final - Regi\u00e3o News<\/title>\n<meta name=\"robots\" content=\"index, follow, max-snippet:-1, max-image-preview:large, max-video-preview:-1\" \/>\n<link rel=\"canonical\" href=\"https:\/\/regiaonews.net.br\/2022\/2023\/10\/05\/programa-viver-melhor-reforma-de-casas-no-santana-entra-na-etapa-final\/\" \/>\n<meta property=\"og:locale\" content=\"pt_BR\" \/>\n<meta property=\"og:type\" content=\"article\" \/>\n<meta property=\"og:title\" content=\"Programa Viver Melhor: reforma de casas no Santana entra na etapa final - Regi\u00e3o News\" \/>\n<meta property=\"og:description\" content=\"A\u00e7\u00e3o beneficiou 50 moradias e expectativa \u00e9 que outras 250\" \/>\n<meta property=\"og:url\" content=\"https:\/\/regiaonews.net.br\/2022\/2023\/10\/05\/programa-viver-melhor-reforma-de-casas-no-santana-entra-na-etapa-final\/\" \/>\n<meta property=\"og:site_name\" content=\"Regi\u00e3o News\" \/>\n<meta property=\"article:published_time\" content=\"2023-10-05T18:30:16+00:00\" \/>\n<meta property=\"og:image\" content=\"https:\/\/regiaonews.net.br\/2022\/wp-content\/uploads\/2023\/10\/Imagem-do-WhatsApp-de-2023-10-05-as-12.07.05.jpg\" \/>\n\t<meta property=\"og:image:width\" content=\"1280\" \/>\n\t<meta property=\"og:image:height\" content=\"960\" \/>\n\t<meta property=\"og:image:type\" content=\"image\/jpeg\" \/>\n<meta name=\"author\" content=\"Roberto\" \/>\n<meta name=\"twitter:card\" content=\"summary_large_image\" \/>\n<meta name=\"twitter:label1\" content=\"Escrito por\" \/>\n\t<meta name=\"twitter:data1\" content=\"Roberto\" \/>\n\t<meta name=\"twitter:label2\" content=\"Est. tempo de leitura\" \/>\n\t<meta name=\"twitter:data2\" content=\"3 minutos\" \/>\n<script type=\"application\/ld+json\" class=\"yoast-schema-graph\">{\"@context\":\"https:\\\/\\\/schema.org\",\"@graph\":[{\"@type\":\"Article\",\"@id\":\"https:\\\/\\\/regiaonews.net.br\\\/2022\\\/2023\\\/10\\\/05\\\/programa-viver-melhor-reforma-de-casas-no-santana-entra-na-etapa-final\\\/#article\",\"isPartOf\":{\"@id\":\"https:\\\/\\\/regiaonews.net.br\\\/2022\\\/2023\\\/10\\\/05\\\/programa-viver-melhor-reforma-de-casas-no-santana-entra-na-etapa-final\\\/\"},\"author\":{\"name\":\"Roberto\",\"@id\":\"https:\\\/\\\/regiaonews.net.br\\\/2022\\\/#\\\/schema\\\/person\\\/2d205a608a5aa97ac279d7a5e6d89ad8\"},\"headline\":\"Programa Viver Melhor: reforma de casas no Santana entra na etapa final\",\"datePublished\":\"2023-10-05T18:30:16+00:00\",\"mainEntityOfPage\":{\"@id\":\"https:\\\/\\\/regiaonews.net.br\\\/2022\\\/2023\\\/10\\\/05\\\/programa-viver-melhor-reforma-de-casas-no-santana-entra-na-etapa-final\\\/\"},\"wordCount\":556,\"commentCount\":0,\"publisher\":{\"@id\":\"https:\\\/\\\/regiaonews.net.br\\\/2022\\\/#organization\"},\"image\":{\"@id\":\"https:\\\/\\\/regiaonews.net.br\\\/2022\\\/2023\\\/10\\\/05\\\/programa-viver-melhor-reforma-de-casas-no-santana-entra-na-etapa-final\\\/#primaryimage\"},\"thumbnailUrl\":\"https:\\\/\\\/regiaonews.net.br\\\/2022\\\/wp-content\\\/uploads\\\/2023\\\/10\\\/Imagem-do-WhatsApp-de-2023-10-05-as-12.07.05.jpg\",\"articleSection\":[\"Barretos\",\"Geral\"],\"inLanguage\":\"pt-BR\",\"potentialAction\":[{\"@type\":\"CommentAction\",\"name\":\"Comment\",\"target\":[\"https:\\\/\\\/regiaonews.net.br\\\/2022\\\/2023\\\/10\\\/05\\\/programa-viver-melhor-reforma-de-casas-no-santana-entra-na-etapa-final\\\/#respond\"]}]},{\"@type\":\"WebPage\",\"@id\":\"https:\\\/\\\/regiaonews.net.br\\\/2022\\\/2023\\\/10\\\/05\\\/programa-viver-melhor-reforma-de-casas-no-santana-entra-na-etapa-final\\\/\",\"url\":\"https:\\\/\\\/regiaonews.net.br\\\/2022\\\/2023\\\/10\\\/05\\\/programa-viver-melhor-reforma-de-casas-no-santana-entra-na-etapa-final\\\/\",\"name\":\"Programa Viver Melhor: reforma de casas no Santana entra na etapa final - Regi\u00e3o News\",\"isPartOf\":{\"@id\":\"https:\\\/\\\/regiaonews.net.br\\\/2022\\\/#website\"},\"primaryImageOfPage\":{\"@id\":\"https:\\\/\\\/regiaonews.net.br\\\/2022\\\/2023\\\/10\\\/05\\\/programa-viver-melhor-reforma-de-casas-no-santana-entra-na-etapa-final\\\/#primaryimage\"},\"image\":{\"@id\":\"https:\\\/\\\/regiaonews.net.br\\\/2022\\\/2023\\\/10\\\/05\\\/programa-viver-melhor-reforma-de-casas-no-santana-entra-na-etapa-final\\\/#primaryimage\"},\"thumbnailUrl\":\"https:\\\/\\\/regiaonews.net.br\\\/2022\\\/wp-content\\\/uploads\\\/2023\\\/10\\\/Imagem-do-WhatsApp-de-2023-10-05-as-12.07.05.jpg\",\"datePublished\":\"2023-10-05T18:30:16+00:00\",\"breadcrumb\":{\"@id\":\"https:\\\/\\\/regiaonews.net.br\\\/2022\\\/2023\\\/10\\\/05\\\/programa-viver-melhor-reforma-de-casas-no-santana-entra-na-etapa-final\\\/#breadcrumb\"},\"inLanguage\":\"pt-BR\",\"potentialAction\":[{\"@type\":\"ReadAction\",\"target\":[\"https:\\\/\\\/regiaonews.net.br\\\/2022\\\/2023\\\/10\\\/05\\\/programa-viver-melhor-reforma-de-casas-no-santana-entra-na-etapa-final\\\/\"]}]},{\"@type\":\"ImageObject\",\"inLanguage\":\"pt-BR\",\"@id\":\"https:\\\/\\\/regiaonews.net.br\\\/2022\\\/2023\\\/10\\\/05\\\/programa-viver-melhor-reforma-de-casas-no-santana-entra-na-etapa-final\\\/#primaryimage\",\"url\":\"https:\\\/\\\/regiaonews.net.br\\\/2022\\\/wp-content\\\/uploads\\\/2023\\\/10\\\/Imagem-do-WhatsApp-de-2023-10-05-as-12.07.05.jpg\",\"contentUrl\":\"https:\\\/\\\/regiaonews.net.br\\\/2022\\\/wp-content\\\/uploads\\\/2023\\\/10\\\/Imagem-do-WhatsApp-de-2023-10-05-as-12.07.05.jpg\",\"width\":1280,\"height\":960},{\"@type\":\"BreadcrumbList\",\"@id\":\"https:\\\/\\\/regiaonews.net.br\\\/2022\\\/2023\\\/10\\\/05\\\/programa-viver-melhor-reforma-de-casas-no-santana-entra-na-etapa-final\\\/#breadcrumb\",\"itemListElement\":[{\"@type\":\"ListItem\",\"position\":1,\"name\":\"In\u00edcio\",\"item\":\"https:\\\/\\\/regiaonews.net.br\\\/2022\\\/\"},{\"@type\":\"ListItem\",\"position\":2,\"name\":\"Programa Viver Melhor: reforma de casas no Santana entra na etapa final\"}]},{\"@type\":\"WebSite\",\"@id\":\"https:\\\/\\\/regiaonews.net.br\\\/2022\\\/#website\",\"url\":\"https:\\\/\\\/regiaonews.net.br\\\/2022\\\/\",\"name\":\"Regi\u00e3o News\",\"description\":\"Site de Not\u00edcias de Barretos e regi\u00e3o\",\"publisher\":{\"@id\":\"https:\\\/\\\/regiaonews.net.br\\\/2022\\\/#organization\"},\"potentialAction\":[{\"@type\":\"SearchAction\",\"target\":{\"@type\":\"EntryPoint\",\"urlTemplate\":\"https:\\\/\\\/regiaonews.net.br\\\/2022\\\/?s={search_term_string}\"},\"query-input\":{\"@type\":\"PropertyValueSpecification\",\"valueRequired\":true,\"valueName\":\"search_term_string\"}}],\"inLanguage\":\"pt-BR\"},{\"@type\":\"Organization\",\"@id\":\"https:\\\/\\\/regiaonews.net.br\\\/2022\\\/#organization\",\"name\":\"Regi\u00e3o News\",\"url\":\"https:\\\/\\\/regiaonews.net.br\\\/2022\\\/\",\"logo\":{\"@type\":\"ImageObject\",\"inLanguage\":\"pt-BR\",\"@id\":\"https:\\\/\\\/regiaonews.net.br\\\/2022\\\/#\\\/schema\\\/logo\\\/image\\\/\",\"url\":\"https:\\\/\\\/regiaonews.net.br\\\/2022\\\/wp-content\\\/uploads\\\/2026\\\/03\\\/regiao-13-anos-scaled.jpg\",\"contentUrl\":\"https:\\\/\\\/regiaonews.net.br\\\/2022\\\/wp-content\\\/uploads\\\/2026\\\/03\\\/regiao-13-anos-scaled.jpg\",\"width\":2560,\"height\":635,\"caption\":\"Regi\u00e3o News\"},\"image\":{\"@id\":\"https:\\\/\\\/regiaonews.net.br\\\/2022\\\/#\\\/schema\\\/logo\\\/image\\\/\"}},{\"@type\":\"Person\",\"@id\":\"https:\\\/\\\/regiaonews.net.br\\\/2022\\\/#\\\/schema\\\/person\\\/2d205a608a5aa97ac279d7a5e6d89ad8\",\"name\":\"Roberto\",\"image\":{\"@type\":\"ImageObject\",\"inLanguage\":\"pt-BR\",\"@id\":\"https:\\\/\\\/secure.gravatar.com\\\/avatar\\\/42749d8b712ff9d59ca93dc150494e5b55a44134482993f5baeb97e61b7ecc89?s=96&d=mm&r=g\",\"url\":\"https:\\\/\\\/secure.gravatar.com\\\/avatar\\\/42749d8b712ff9d59ca93dc150494e5b55a44134482993f5baeb97e61b7ecc89?s=96&d=mm&r=g\",\"contentUrl\":\"https:\\\/\\\/secure.gravatar.com\\\/avatar\\\/42749d8b712ff9d59ca93dc150494e5b55a44134482993f5baeb97e61b7ecc89?s=96&d=mm&r=g\",\"caption\":\"Roberto\"},\"url\":\"https:\\\/\\\/regiaonews.net.br\\\/2022\\\/author\\\/roberto\\\/\"}]}<\/script>\n<!-- \/ Yoast SEO plugin. -->","yoast_head_json":{"title":"Programa Viver Melhor: reforma de casas no Santana entra na etapa final - Regi\u00e3o News","robots":{"index":"index","follow":"follow","max-snippet":"max-snippet:-1","max-image-preview":"max-image-preview:large","max-video-preview":"max-video-preview:-1"},"canonical":"https:\/\/regiaonews.net.br\/2022\/2023\/10\/05\/programa-viver-melhor-reforma-de-casas-no-santana-entra-na-etapa-final\/","og_locale":"pt_BR","og_type":"article","og_title":"Programa Viver Melhor: reforma de casas no Santana entra na etapa final - Regi\u00e3o News","og_description":"A\u00e7\u00e3o beneficiou 50 moradias e expectativa \u00e9 que outras 250","og_url":"https:\/\/regiaonews.net.br\/2022\/2023\/10\/05\/programa-viver-melhor-reforma-de-casas-no-santana-entra-na-etapa-final\/","og_site_name":"Regi\u00e3o News","article_published_time":"2023-10-05T18:30:16+00:00","og_image":[{"width":1280,"height":960,"url":"https:\/\/regiaonews.net.br\/2022\/wp-content\/uploads\/2023\/10\/Imagem-do-WhatsApp-de-2023-10-05-as-12.07.05.jpg","type":"image\/jpeg"}],"author":"Roberto","twitter_card":"summary_large_image","twitter_misc":{"Escrito por":"Roberto","Est. tempo de leitura":"3 minutos"},"schema":{"@context":"https:\/\/schema.org","@graph":[{"@type":"Article","@id":"https:\/\/regiaonews.net.br\/2022\/2023\/10\/05\/programa-viver-melhor-reforma-de-casas-no-santana-entra-na-etapa-final\/#article","isPartOf":{"@id":"https:\/\/regiaonews.net.br\/2022\/2023\/10\/05\/programa-viver-melhor-reforma-de-casas-no-santana-entra-na-etapa-final\/"},"author":{"name":"Roberto","@id":"https:\/\/regiaonews.net.br\/2022\/#\/schema\/person\/2d205a608a5aa97ac279d7a5e6d89ad8"},"headline":"Programa Viver Melhor: reforma de casas no Santana entra na etapa final","datePublished":"2023-10-05T18:30:16+00:00","mainEntityOfPage":{"@id":"https:\/\/regiaonews.net.br\/2022\/2023\/10\/05\/programa-viver-melhor-reforma-de-casas-no-santana-entra-na-etapa-final\/"},"wordCount":556,"commentCount":0,"publisher":{"@id":"https:\/\/regiaonews.net.br\/2022\/#organization"},"image":{"@id":"https:\/\/regiaonews.net.br\/2022\/2023\/10\/05\/programa-viver-melhor-reforma-de-casas-no-santana-entra-na-etapa-final\/#primaryimage"},"thumbnailUrl":"https:\/\/regiaonews.net.br\/2022\/wp-content\/uploads\/2023\/10\/Imagem-do-WhatsApp-de-2023-10-05-as-12.07.05.jpg","articleSection":["Barretos","Geral"],"inLanguage":"pt-BR","potentialAction":[{"@type":"CommentAction","name":"Comment","target":["https:\/\/regiaonews.net.br\/2022\/2023\/10\/05\/programa-viver-melhor-reforma-de-casas-no-santana-entra-na-etapa-final\/#respond"]}]},{"@type":"WebPage","@id":"https:\/\/regiaonews.net.br\/2022\/2023\/10\/05\/programa-viver-melhor-reforma-de-casas-no-santana-entra-na-etapa-final\/","url":"https:\/\/regiaonews.net.br\/2022\/2023\/10\/05\/programa-viver-melhor-reforma-de-casas-no-santana-entra-na-etapa-final\/","name":"Programa Viver Melhor: reforma de casas no Santana entra na etapa final - Regi\u00e3o News","isPartOf":{"@id":"https:\/\/regiaonews.net.br\/2022\/#website"},"primaryImageOfPage":{"@id":"https:\/\/regiaonews.net.br\/2022\/2023\/10\/05\/programa-viver-melhor-reforma-de-casas-no-santana-entra-na-etapa-final\/#primaryimage"},"image":{"@id":"https:\/\/regiaonews.net.br\/2022\/2023\/10\/05\/programa-viver-melhor-reforma-de-casas-no-santana-entra-na-etapa-final\/#primaryimage"},"thumbnailUrl":"https:\/\/regiaonews.net.br\/2022\/wp-content\/uploads\/2023\/10\/Imagem-do-WhatsApp-de-2023-10-05-as-12.07.05.jpg","datePublished":"2023-10-05T18:30:16+00:00","breadcrumb":{"@id":"https:\/\/regiaonews.net.br\/2022\/2023\/10\/05\/programa-viver-melhor-reforma-de-casas-no-santana-entra-na-etapa-final\/#breadcrumb"},"inLanguage":"pt-BR","potentialAction":[{"@type":"ReadAction","target":["https:\/\/regiaonews.net.br\/2022\/2023\/10\/05\/programa-viver-melhor-reforma-de-casas-no-santana-entra-na-etapa-final\/"]}]},{"@type":"ImageObject","inLanguage":"pt-BR","@id":"https:\/\/regiaonews.net.br\/2022\/2023\/10\/05\/programa-viver-melhor-reforma-de-casas-no-santana-entra-na-etapa-final\/#primaryimage","url":"https:\/\/regiaonews.net.br\/2022\/wp-content\/uploads\/2023\/10\/Imagem-do-WhatsApp-de-2023-10-05-as-12.07.05.jpg","contentUrl":"https:\/\/regiaonews.net.br\/2022\/wp-content\/uploads\/2023\/10\/Imagem-do-WhatsApp-de-2023-10-05-as-12.07.05.jpg","width":1280,"height":960},{"@type":"BreadcrumbList","@id":"https:\/\/regiaonews.net.br\/2022\/2023\/10\/05\/programa-viver-melhor-reforma-de-casas-no-santana-entra-na-etapa-final\/#breadcrumb","itemListElement":[{"@type":"ListItem","position":1,"name":"In\u00edcio","item":"https:\/\/regiaonews.net.br\/2022\/"},{"@type":"ListItem","position":2,"name":"Programa Viver Melhor: reforma de casas no Santana entra na etapa final"}]},{"@type":"WebSite","@id":"https:\/\/regiaonews.net.br\/2022\/#website","url":"https:\/\/regiaonews.net.br\/2022\/","name":"Regi\u00e3o News","description":"Site de Not\u00edcias de Barretos e regi\u00e3o","publisher":{"@id":"https:\/\/regiaonews.net.br\/2022\/#organization"},"potentialAction":[{"@type":"SearchAction","target":{"@type":"EntryPoint","urlTemplate":"https:\/\/regiaonews.net.br\/2022\/?s={search_term_string}"},"query-input":{"@type":"PropertyValueSpecification","valueRequired":true,"valueName":"search_term_string"}}],"inLanguage":"pt-BR"},{"@type":"Organization","@id":"https:\/\/regiaonews.net.br\/2022\/#organization","name":"Regi\u00e3o News","url":"https:\/\/regiaonews.net.br\/2022\/","logo":{"@type":"ImageObject","inLanguage":"pt-BR","@id":"https:\/\/regiaonews.net.br\/2022\/#\/schema\/logo\/image\/","url":"https:\/\/regiaonews.net.br\/2022\/wp-content\/uploads\/2026\/03\/regiao-13-anos-scaled.jpg","contentUrl":"https:\/\/regiaonews.net.br\/2022\/wp-content\/uploads\/2026\/03\/regiao-13-anos-scaled.jpg","width":2560,"height":635,"caption":"Regi\u00e3o News"},"image":{"@id":"https:\/\/regiaonews.net.br\/2022\/#\/schema\/logo\/image\/"}},{"@type":"Person","@id":"https:\/\/regiaonews.net.br\/2022\/#\/schema\/person\/2d205a608a5aa97ac279d7a5e6d89ad8","name":"Roberto","image":{"@type":"ImageObject","inLanguage":"pt-BR","@id":"https:\/\/secure.gravatar.com\/avatar\/42749d8b712ff9d59ca93dc150494e5b55a44134482993f5baeb97e61b7ecc89?s=96&d=mm&r=g","url":"https:\/\/secure.gravatar.com\/avatar\/42749d8b712ff9d59ca93dc150494e5b55a44134482993f5baeb97e61b7ecc89?s=96&d=mm&r=g","contentUrl":"https:\/\/secure.gravatar.com\/avatar\/42749d8b712ff9d59ca93dc150494e5b55a44134482993f5baeb97e61b7ecc89?s=96&d=mm&r=g","caption":"Roberto"},"url":"https:\/\/regiaonews.net.br\/2022\/author\/roberto\/"}]}},"publishpress_future_action":{"enabled":false,"date":"2026-05-04 15:56:14","action":"change-status","newStatus":"draft","terms":[],"taxonomy":"category","extraData":[]},"publishpress_future_workflow_manual_trigger":{"enabledWorkflows":[]},"_links":{"self":[{"href":"https:\/\/regiaonews.net.br\/2022\/wp-json\/wp\/v2\/posts\/96156","targetHints":{"allow":["GET"]}}],"collection":[{"href":"https:\/\/regiaonews.net.br\/2022\/wp-json\/wp\/v2\/posts"}],"about":[{"href":"https:\/\/regiaonews.net.br\/2022\/wp-json\/wp\/v2\/types\/post"}],"author":[{"embeddable":true,"href":"https:\/\/regiaonews.net.br\/2022\/wp-json\/wp\/v2\/users\/2"}],"replies":[{"embeddable":true,"href":"https:\/\/regiaonews.net.br\/2022\/wp-json\/wp\/v2\/comments?post=96156"}],"version-history":[{"count":1,"href":"https:\/\/regiaonews.net.br\/2022\/wp-json\/wp\/v2\/posts\/96156\/revisions"}],"predecessor-version":[{"id":96158,"href":"https:\/\/regiaonews.net.br\/2022\/wp-json\/wp\/v2\/posts\/96156\/revisions\/96158"}],"wp:featuredmedia":[{"embeddable":true,"href":"https:\/\/regiaonews.net.br\/2022\/wp-json\/wp\/v2\/media\/96157"}],"wp:attachment":[{"href":"https:\/\/regiaonews.net.br\/2022\/wp-json\/wp\/v2\/media?parent=96156"}],"wp:term":[{"taxonomy":"category","embeddable":true,"href":"https:\/\/regiaonews.net.br\/2022\/wp-json\/wp\/v2\/categories?post=96156"},{"taxonomy":"post_tag","embeddable":true,"href":"https:\/\/regiaonews.net.br\/2022\/wp-json\/wp\/v2\/tags?post=96156"}],"curies":[{"name":"wp","href":"https:\/\/api.w.org\/{rel}","templated":true}]}}