{"id":96137,"date":"2023-10-04T21:00:37","date_gmt":"2023-10-05T00:00:37","guid":{"rendered":"https:\/\/regiaonews.net.br\/2022\/?p=96137"},"modified":"2023-10-04T21:00:37","modified_gmt":"2023-10-05T00:00:37","slug":"shopping-iguatemi-sao-jose-do-rio-preto-se-prepara-para-o-dia-das-criancas","status":"publish","type":"post","link":"https:\/\/regiaonews.net.br\/2022\/2023\/10\/04\/shopping-iguatemi-sao-jose-do-rio-preto-se-prepara-para-o-dia-das-criancas\/","title":{"rendered":"Shopping Iguatemi S\u00e3o Jos\u00e9 do Rio Preto se prepara para o Dia das Crian\u00e7as"},"content":{"rendered":"<blockquote>\n<div class=\"R1UVb\">\n<table width=\"801\" align=\"center\">\n<tbody>\n<tr class=\"x_tr70\">\n<td>&nbsp;<\/p>\n<p><em>O empreendimento tem programa\u00e7\u00e3o especial de Dia das Crian\u00e7as com atra\u00e7\u00f5es exclusivas e muita divers\u00e3o para os pequenos<\/em><br aria-hidden=\"true\" \/><\/p>\n<p>Que o Dia das Crian\u00e7as \u00e9 a data mais esperada entre os pequenos, todos j\u00e1 sabemos. \u00c9 um dia especial com muita divers\u00e3o, presentes e entretenimento entre as fam\u00edlias. Este ano, o Shopping Iguatemi S\u00e3o Jos\u00e9 do Rio Preto preparou uma programa\u00e7\u00e3o especial para comemorar esta data alegre.<br aria-hidden=\"true\" \/><\/p>\n<p>Na semana do Dia das Crian\u00e7as, o empreendimento ter\u00e1 muitas atividades para a crian\u00e7ada se divertir, entre elas oficinas e recrea\u00e7\u00e3o. No dia 12 (quinta), das 14h \u00e0s 20h, ser\u00e3o nove oficinas infantis gratuitas espalhadas pelo Iguatemi S\u00e3o Jos\u00e9 do Rio Preto.<br aria-hidden=\"true\" \/><\/p>\n<p>No Piso T\u00e9rreo do shopping ter\u00e1\u00a0<strong>Pintura de Quebra Cabe\u00e7a<\/strong>, em frente a Heyluli;\u00a0<strong>Pintura Facial<\/strong>, em frente a Estrela Beauty;\u00a0<strong>Oficina de Mi\u00e7angas (Chaveiros)<\/strong>, em frente a Mag\u00fa Shoes;\u00a0<strong>Pintura em Gesso<\/strong>, em frente a Milon;\u00a0<strong>Escultura de Bal\u00f5es<\/strong>, em frente a Croc\u2019s; e\u00a0<strong>Tatuagem a Base d\u2019agua<\/strong>, em frente a Carter\u2019s. J\u00e1 no Piso Superior, ter\u00e1\u00a0<strong>Pintura de Tangram<\/strong>, em frente a Cotton-on;\u00a0<strong>Oficina de Slime<\/strong>, em frente a Ri Happy e\u00a0<strong>Personaliza\u00e7\u00e3o de M\u00e1scaras<\/strong>, em frente a Leitura.<br aria-hidden=\"true\" \/><\/p>\n<p>Nos dias 14 e 15 (s\u00e1bado e domingo), no Food Garden do Iguatemi S\u00e3o Jos\u00e9 do Rio Preto a divers\u00e3o \u00e9 garantida pelo\u00a0<strong>Projeto Ser<\/strong>\u00a0com brincadeiras planejadas para todos da fam\u00edlia aproveitarem juntos com tempo de qualidade para criar mem\u00f3rias afetivas e significativas.\u00a0<br aria-hidden=\"true\" \/><\/p>\n<p>Com tema\u00a0<strong>\u201cBrincando com a Primavera em Fam\u00edlia\u201d<\/strong>, as atividades s\u00e3o para as fam\u00edlias com crian\u00e7as de 0 a 8 anos. As atra\u00e7\u00f5es englobam brincadeiras com elementos da natureza, esta\u00e7\u00e3o de movimento livre, espa\u00e7o para beb\u00eas e oficina de pintura e escultura tem\u00e1tica. Para vivenciar esta experi\u00eancia, basta adquirir o ingresso das crian\u00e7as pelo site\u00a0<a title=\"Protegido pelo Outlook: https:\/\/www.sympla.com.br\/evento\/brincando-com-a-primavera-em-familia\/2178497. Clique ou toque para seguir o link.\" href=\"https:\/\/na01.safelinks.protection.outlook.com\/?url=https%3A%2F%2Fwww.sympla.com.br%2Fevento%2Fbrincando-com-a-primavera-em-familia%2F2178497&amp;data=05%7C01%7C%7C245f7f11d7b742ecbff808dbc4e03da5%7C84df9e7fe9f640afb435aaaaaaaaaaaa%7C1%7C0%7C638320239651295845%7CUnknown%7CTWFpbGZsb3d8eyJWIjoiMC4wLjAwMDAiLCJQIjoiV2luMzIiLCJBTiI6Ik1haWwiLCJXVCI6Mn0%3D%7C3000%7C%7C%7C&amp;sdata=VrTL8oOlTRmNAqz7HO9Ik%2B0RtH%2FPib4A5dEEdRKgyX4%3D&amp;reserved=0\" target=\"_blank\" rel=\"noopener noreferrer\" data-auth=\"Verified\" data-linkindex=\"0\">Link<\/a>.\u00a0<br aria-hidden=\"true\" \/><\/p>\n<p>Somente as crian\u00e7as pagam o ingresso, por\u00e9m os respons\u00e1veis devem permanecer no espa\u00e7o durante a sess\u00e3o de atividades. Irm\u00e3os t\u00eam desconto usando o c\u00f3digo de desconto: IRMAO.<br aria-hidden=\"true\" \/><\/p>\n<p>&#8220;S\u00e3o muitas op\u00e7\u00f5es para toda fam\u00edlia se divertir junto com a crian\u00e7ada. Durante um passeio pelos corredores do Iguatemi Rio Preto, todos poder\u00e3o participar das oficinas, apreciar os card\u00e1pios de nossos restaurantes, fazer compras e viver experi\u00eancias inesquec\u00edveis\u201d, conta Paula Barreto, Gerente Geral do Shopping Iguatemi S\u00e3o Jos\u00e9 do Rio Preto.<br aria-hidden=\"true\" \/><\/p>\n<p>Entre as alternativas, tamb\u00e9m est\u00e3o as\u00a0<strong>lojas com produtos infantis<\/strong>: Heyluli, Ri Happy, Estrela Beauty, Magu Shoes, Brooksfield Junior, Carter\u2019s, Milon, entre outras. Al\u00e9m tamb\u00e9m de restaurantes que oferecem menu kids para completar o passeio.\u00a0<br aria-hidden=\"true\" \/><\/p>\n<p><strong>Sobre o Iguatemi S\u00e3o Jos\u00e9 do Rio Preto<\/strong><br aria-hidden=\"true\" \/>Considerado o primeiro e maior complexo multiuso do Noroeste Paulista, o Iguatemi S\u00e3o Jos\u00e9 do Rio Preto pertence \u00e0 Iguatemi S.A, carrega a excel\u00eancia e pioneirismo da marca em seu DNA. O empreendimento re\u00fane moda, arte, cultura, gastronomia, entretenimento, lazer, servi\u00e7os exclusivos, e conta com o hotel Hyatt Place, uma torre comercial (Iguatemi Business) e o residencial Integrado. Com um ambiente agrad\u00e1vel e aconchegante, pensado para proporcionar experi\u00eancias \u00fanicas e exclusivas, o Iguatemi S\u00e3o Jos\u00e9 do Rio Preto oferece um mix diversificado com marcas conceituadas do varejo nacional e internacional, entretenimento exclusivo e restaurantes renomados que o consolidaram como o principal polo gastron\u00f4mico da regi\u00e3o. Mais informa\u00e7\u00f5es:\u00a0<a title=\"Protegido pelo Outlook: https:\/\/iguatemi.com.br\/saojosedoriopreto\/. Clique ou toque para seguir o link.\" href=\"https:\/\/na01.safelinks.protection.outlook.com\/?url=https%3A%2F%2Figuatemi.com.br%2Fsaojosedoriopreto%2F&amp;data=05%7C01%7C%7C245f7f11d7b742ecbff808dbc4e03da5%7C84df9e7fe9f640afb435aaaaaaaaaaaa%7C1%7C0%7C638320239651295845%7CUnknown%7CTWFpbGZsb3d8eyJWIjoiMC4wLjAwMDAiLCJQIjoiV2luMzIiLCJBTiI6Ik1haWwiLCJXVCI6Mn0%3D%7C3000%7C%7C%7C&amp;sdata=FIZj%2BwfqTbsN03UJaX5cydSL6dN1te6v9bcKS6zipjU%3D&amp;reserved=0\" target=\"_blank\" rel=\"noopener noreferrer\" data-auth=\"Verified\" data-linkindex=\"1\">Link<\/a><\/td>\n<\/tr>\n<\/tbody>\n<\/table>\n<\/div>\n<\/blockquote>\n","protected":false},"excerpt":{"rendered":"<p>&nbsp; O empreendimento tem programa\u00e7\u00e3o especial de Dia das Crian\u00e7as<\/p>\n","protected":false},"author":2,"featured_media":96138,"comment_status":"open","ping_status":"open","sticky":false,"template":"","format":"standard","meta":{"footnotes":""},"categories":[38],"tags":[],"class_list":["post-96137","post","type-post","status-publish","format-standard","has-post-thumbnail","hentry","category-sao-jose-do-rio-preto"],"yoast_head":"<!-- This site is optimized with the Yoast SEO plugin v27.4 - https:\/\/yoast.com\/product\/yoast-seo-wordpress\/ -->\n<title>Shopping Iguatemi S\u00e3o Jos\u00e9 do Rio Preto se prepara para o Dia das Crian\u00e7as - Regi\u00e3o News<\/title>\n<meta name=\"robots\" content=\"index, follow, max-snippet:-1, max-image-preview:large, max-video-preview:-1\" \/>\n<link rel=\"canonical\" href=\"https:\/\/regiaonews.net.br\/2022\/2023\/10\/04\/shopping-iguatemi-sao-jose-do-rio-preto-se-prepara-para-o-dia-das-criancas\/\" \/>\n<meta property=\"og:locale\" content=\"pt_BR\" \/>\n<meta property=\"og:type\" content=\"article\" \/>\n<meta property=\"og:title\" content=\"Shopping Iguatemi S\u00e3o Jos\u00e9 do Rio Preto se prepara para o Dia das Crian\u00e7as - Regi\u00e3o News\" \/>\n<meta property=\"og:description\" content=\"&nbsp; O empreendimento tem programa\u00e7\u00e3o especial de Dia das Crian\u00e7as\" \/>\n<meta property=\"og:url\" content=\"https:\/\/regiaonews.net.br\/2022\/2023\/10\/04\/shopping-iguatemi-sao-jose-do-rio-preto-se-prepara-para-o-dia-das-criancas\/\" \/>\n<meta property=\"og:site_name\" content=\"Regi\u00e3o News\" \/>\n<meta property=\"article:published_time\" content=\"2023-10-05T00:00:37+00:00\" \/>\n<meta property=\"og:image\" content=\"https:\/\/regiaonews.net.br\/2022\/wp-content\/uploads\/2023\/10\/308f603a92a2ac04825472520b298141low.jpeg\" \/>\n\t<meta property=\"og:image:width\" content=\"800\" \/>\n\t<meta property=\"og:image:height\" content=\"531\" \/>\n\t<meta property=\"og:image:type\" content=\"image\/jpeg\" \/>\n<meta name=\"author\" content=\"Roberto\" \/>\n<meta name=\"twitter:card\" content=\"summary_large_image\" \/>\n<meta name=\"twitter:label1\" content=\"Escrito por\" \/>\n\t<meta name=\"twitter:data1\" content=\"Roberto\" \/>\n<script type=\"application\/ld+json\" class=\"yoast-schema-graph\">{\"@context\":\"https:\\\/\\\/schema.org\",\"@graph\":[{\"@type\":\"Article\",\"@id\":\"https:\\\/\\\/regiaonews.net.br\\\/2022\\\/2023\\\/10\\\/04\\\/shopping-iguatemi-sao-jose-do-rio-preto-se-prepara-para-o-dia-das-criancas\\\/#article\",\"isPartOf\":{\"@id\":\"https:\\\/\\\/regiaonews.net.br\\\/2022\\\/2023\\\/10\\\/04\\\/shopping-iguatemi-sao-jose-do-rio-preto-se-prepara-para-o-dia-das-criancas\\\/\"},\"author\":{\"name\":\"Roberto\",\"@id\":\"https:\\\/\\\/regiaonews.net.br\\\/2022\\\/#\\\/schema\\\/person\\\/2d205a608a5aa97ac279d7a5e6d89ad8\"},\"headline\":\"Shopping Iguatemi S\u00e3o Jos\u00e9 do Rio Preto se prepara para o Dia das Crian\u00e7as\",\"datePublished\":\"2023-10-05T00:00:37+00:00\",\"mainEntityOfPage\":{\"@id\":\"https:\\\/\\\/regiaonews.net.br\\\/2022\\\/2023\\\/10\\\/04\\\/shopping-iguatemi-sao-jose-do-rio-preto-se-prepara-para-o-dia-das-criancas\\\/\"},\"wordCount\":599,\"commentCount\":0,\"publisher\":{\"@id\":\"https:\\\/\\\/regiaonews.net.br\\\/2022\\\/#organization\"},\"image\":{\"@id\":\"https:\\\/\\\/regiaonews.net.br\\\/2022\\\/2023\\\/10\\\/04\\\/shopping-iguatemi-sao-jose-do-rio-preto-se-prepara-para-o-dia-das-criancas\\\/#primaryimage\"},\"thumbnailUrl\":\"https:\\\/\\\/regiaonews.net.br\\\/2022\\\/wp-content\\\/uploads\\\/2023\\\/10\\\/308f603a92a2ac04825472520b298141low.jpeg\",\"articleSection\":[\"S\u00e3o Jos\u00e9 do RIo Preto\"],\"inLanguage\":\"pt-BR\",\"potentialAction\":[{\"@type\":\"CommentAction\",\"name\":\"Comment\",\"target\":[\"https:\\\/\\\/regiaonews.net.br\\\/2022\\\/2023\\\/10\\\/04\\\/shopping-iguatemi-sao-jose-do-rio-preto-se-prepara-para-o-dia-das-criancas\\\/#respond\"]}]},{\"@type\":\"WebPage\",\"@id\":\"https:\\\/\\\/regiaonews.net.br\\\/2022\\\/2023\\\/10\\\/04\\\/shopping-iguatemi-sao-jose-do-rio-preto-se-prepara-para-o-dia-das-criancas\\\/\",\"url\":\"https:\\\/\\\/regiaonews.net.br\\\/2022\\\/2023\\\/10\\\/04\\\/shopping-iguatemi-sao-jose-do-rio-preto-se-prepara-para-o-dia-das-criancas\\\/\",\"name\":\"Shopping Iguatemi S\u00e3o Jos\u00e9 do Rio Preto se prepara para o Dia das Crian\u00e7as - Regi\u00e3o News\",\"isPartOf\":{\"@id\":\"https:\\\/\\\/regiaonews.net.br\\\/2022\\\/#website\"},\"primaryImageOfPage\":{\"@id\":\"https:\\\/\\\/regiaonews.net.br\\\/2022\\\/2023\\\/10\\\/04\\\/shopping-iguatemi-sao-jose-do-rio-preto-se-prepara-para-o-dia-das-criancas\\\/#primaryimage\"},\"image\":{\"@id\":\"https:\\\/\\\/regiaonews.net.br\\\/2022\\\/2023\\\/10\\\/04\\\/shopping-iguatemi-sao-jose-do-rio-preto-se-prepara-para-o-dia-das-criancas\\\/#primaryimage\"},\"thumbnailUrl\":\"https:\\\/\\\/regiaonews.net.br\\\/2022\\\/wp-content\\\/uploads\\\/2023\\\/10\\\/308f603a92a2ac04825472520b298141low.jpeg\",\"datePublished\":\"2023-10-05T00:00:37+00:00\",\"breadcrumb\":{\"@id\":\"https:\\\/\\\/regiaonews.net.br\\\/2022\\\/2023\\\/10\\\/04\\\/shopping-iguatemi-sao-jose-do-rio-preto-se-prepara-para-o-dia-das-criancas\\\/#breadcrumb\"},\"inLanguage\":\"pt-BR\",\"potentialAction\":[{\"@type\":\"ReadAction\",\"target\":[\"https:\\\/\\\/regiaonews.net.br\\\/2022\\\/2023\\\/10\\\/04\\\/shopping-iguatemi-sao-jose-do-rio-preto-se-prepara-para-o-dia-das-criancas\\\/\"]}]},{\"@type\":\"ImageObject\",\"inLanguage\":\"pt-BR\",\"@id\":\"https:\\\/\\\/regiaonews.net.br\\\/2022\\\/2023\\\/10\\\/04\\\/shopping-iguatemi-sao-jose-do-rio-preto-se-prepara-para-o-dia-das-criancas\\\/#primaryimage\",\"url\":\"https:\\\/\\\/regiaonews.net.br\\\/2022\\\/wp-content\\\/uploads\\\/2023\\\/10\\\/308f603a92a2ac04825472520b298141low.jpeg\",\"contentUrl\":\"https:\\\/\\\/regiaonews.net.br\\\/2022\\\/wp-content\\\/uploads\\\/2023\\\/10\\\/308f603a92a2ac04825472520b298141low.jpeg\",\"width\":800,\"height\":531},{\"@type\":\"BreadcrumbList\",\"@id\":\"https:\\\/\\\/regiaonews.net.br\\\/2022\\\/2023\\\/10\\\/04\\\/shopping-iguatemi-sao-jose-do-rio-preto-se-prepara-para-o-dia-das-criancas\\\/#breadcrumb\",\"itemListElement\":[{\"@type\":\"ListItem\",\"position\":1,\"name\":\"In\u00edcio\",\"item\":\"https:\\\/\\\/regiaonews.net.br\\\/2022\\\/\"},{\"@type\":\"ListItem\",\"position\":2,\"name\":\"Shopping Iguatemi S\u00e3o Jos\u00e9 do Rio Preto se prepara para o Dia das Crian\u00e7as\"}]},{\"@type\":\"WebSite\",\"@id\":\"https:\\\/\\\/regiaonews.net.br\\\/2022\\\/#website\",\"url\":\"https:\\\/\\\/regiaonews.net.br\\\/2022\\\/\",\"name\":\"Regi\u00e3o News\",\"description\":\"Site de Not\u00edcias de Barretos e regi\u00e3o\",\"publisher\":{\"@id\":\"https:\\\/\\\/regiaonews.net.br\\\/2022\\\/#organization\"},\"potentialAction\":[{\"@type\":\"SearchAction\",\"target\":{\"@type\":\"EntryPoint\",\"urlTemplate\":\"https:\\\/\\\/regiaonews.net.br\\\/2022\\\/?s={search_term_string}\"},\"query-input\":{\"@type\":\"PropertyValueSpecification\",\"valueRequired\":true,\"valueName\":\"search_term_string\"}}],\"inLanguage\":\"pt-BR\"},{\"@type\":\"Organization\",\"@id\":\"https:\\\/\\\/regiaonews.net.br\\\/2022\\\/#organization\",\"name\":\"Regi\u00e3o News\",\"url\":\"https:\\\/\\\/regiaonews.net.br\\\/2022\\\/\",\"logo\":{\"@type\":\"ImageObject\",\"inLanguage\":\"pt-BR\",\"@id\":\"https:\\\/\\\/regiaonews.net.br\\\/2022\\\/#\\\/schema\\\/logo\\\/image\\\/\",\"url\":\"https:\\\/\\\/regiaonews.net.br\\\/2022\\\/wp-content\\\/uploads\\\/2026\\\/03\\\/regiao-13-anos-scaled.jpg\",\"contentUrl\":\"https:\\\/\\\/regiaonews.net.br\\\/2022\\\/wp-content\\\/uploads\\\/2026\\\/03\\\/regiao-13-anos-scaled.jpg\",\"width\":2560,\"height\":635,\"caption\":\"Regi\u00e3o News\"},\"image\":{\"@id\":\"https:\\\/\\\/regiaonews.net.br\\\/2022\\\/#\\\/schema\\\/logo\\\/image\\\/\"}},{\"@type\":\"Person\",\"@id\":\"https:\\\/\\\/regiaonews.net.br\\\/2022\\\/#\\\/schema\\\/person\\\/2d205a608a5aa97ac279d7a5e6d89ad8\",\"name\":\"Roberto\",\"image\":{\"@type\":\"ImageObject\",\"inLanguage\":\"pt-BR\",\"@id\":\"https:\\\/\\\/secure.gravatar.com\\\/avatar\\\/42749d8b712ff9d59ca93dc150494e5b55a44134482993f5baeb97e61b7ecc89?s=96&d=mm&r=g\",\"url\":\"https:\\\/\\\/secure.gravatar.com\\\/avatar\\\/42749d8b712ff9d59ca93dc150494e5b55a44134482993f5baeb97e61b7ecc89?s=96&d=mm&r=g\",\"contentUrl\":\"https:\\\/\\\/secure.gravatar.com\\\/avatar\\\/42749d8b712ff9d59ca93dc150494e5b55a44134482993f5baeb97e61b7ecc89?s=96&d=mm&r=g\",\"caption\":\"Roberto\"},\"url\":\"https:\\\/\\\/regiaonews.net.br\\\/2022\\\/author\\\/roberto\\\/\"}]}<\/script>\n<!-- \/ Yoast SEO plugin. -->","yoast_head_json":{"title":"Shopping Iguatemi S\u00e3o Jos\u00e9 do Rio Preto se prepara para o Dia das Crian\u00e7as - Regi\u00e3o News","robots":{"index":"index","follow":"follow","max-snippet":"max-snippet:-1","max-image-preview":"max-image-preview:large","max-video-preview":"max-video-preview:-1"},"canonical":"https:\/\/regiaonews.net.br\/2022\/2023\/10\/04\/shopping-iguatemi-sao-jose-do-rio-preto-se-prepara-para-o-dia-das-criancas\/","og_locale":"pt_BR","og_type":"article","og_title":"Shopping Iguatemi S\u00e3o Jos\u00e9 do Rio Preto se prepara para o Dia das Crian\u00e7as - Regi\u00e3o News","og_description":"&nbsp; O empreendimento tem programa\u00e7\u00e3o especial de Dia das Crian\u00e7as","og_url":"https:\/\/regiaonews.net.br\/2022\/2023\/10\/04\/shopping-iguatemi-sao-jose-do-rio-preto-se-prepara-para-o-dia-das-criancas\/","og_site_name":"Regi\u00e3o News","article_published_time":"2023-10-05T00:00:37+00:00","og_image":[{"width":800,"height":531,"url":"https:\/\/regiaonews.net.br\/2022\/wp-content\/uploads\/2023\/10\/308f603a92a2ac04825472520b298141low.jpeg","type":"image\/jpeg"}],"author":"Roberto","twitter_card":"summary_large_image","twitter_misc":{"Escrito por":"Roberto"},"schema":{"@context":"https:\/\/schema.org","@graph":[{"@type":"Article","@id":"https:\/\/regiaonews.net.br\/2022\/2023\/10\/04\/shopping-iguatemi-sao-jose-do-rio-preto-se-prepara-para-o-dia-das-criancas\/#article","isPartOf":{"@id":"https:\/\/regiaonews.net.br\/2022\/2023\/10\/04\/shopping-iguatemi-sao-jose-do-rio-preto-se-prepara-para-o-dia-das-criancas\/"},"author":{"name":"Roberto","@id":"https:\/\/regiaonews.net.br\/2022\/#\/schema\/person\/2d205a608a5aa97ac279d7a5e6d89ad8"},"headline":"Shopping Iguatemi S\u00e3o Jos\u00e9 do Rio Preto se prepara para o Dia das Crian\u00e7as","datePublished":"2023-10-05T00:00:37+00:00","mainEntityOfPage":{"@id":"https:\/\/regiaonews.net.br\/2022\/2023\/10\/04\/shopping-iguatemi-sao-jose-do-rio-preto-se-prepara-para-o-dia-das-criancas\/"},"wordCount":599,"commentCount":0,"publisher":{"@id":"https:\/\/regiaonews.net.br\/2022\/#organization"},"image":{"@id":"https:\/\/regiaonews.net.br\/2022\/2023\/10\/04\/shopping-iguatemi-sao-jose-do-rio-preto-se-prepara-para-o-dia-das-criancas\/#primaryimage"},"thumbnailUrl":"https:\/\/regiaonews.net.br\/2022\/wp-content\/uploads\/2023\/10\/308f603a92a2ac04825472520b298141low.jpeg","articleSection":["S\u00e3o Jos\u00e9 do RIo Preto"],"inLanguage":"pt-BR","potentialAction":[{"@type":"CommentAction","name":"Comment","target":["https:\/\/regiaonews.net.br\/2022\/2023\/10\/04\/shopping-iguatemi-sao-jose-do-rio-preto-se-prepara-para-o-dia-das-criancas\/#respond"]}]},{"@type":"WebPage","@id":"https:\/\/regiaonews.net.br\/2022\/2023\/10\/04\/shopping-iguatemi-sao-jose-do-rio-preto-se-prepara-para-o-dia-das-criancas\/","url":"https:\/\/regiaonews.net.br\/2022\/2023\/10\/04\/shopping-iguatemi-sao-jose-do-rio-preto-se-prepara-para-o-dia-das-criancas\/","name":"Shopping Iguatemi S\u00e3o Jos\u00e9 do Rio Preto se prepara para o Dia das Crian\u00e7as - Regi\u00e3o News","isPartOf":{"@id":"https:\/\/regiaonews.net.br\/2022\/#website"},"primaryImageOfPage":{"@id":"https:\/\/regiaonews.net.br\/2022\/2023\/10\/04\/shopping-iguatemi-sao-jose-do-rio-preto-se-prepara-para-o-dia-das-criancas\/#primaryimage"},"image":{"@id":"https:\/\/regiaonews.net.br\/2022\/2023\/10\/04\/shopping-iguatemi-sao-jose-do-rio-preto-se-prepara-para-o-dia-das-criancas\/#primaryimage"},"thumbnailUrl":"https:\/\/regiaonews.net.br\/2022\/wp-content\/uploads\/2023\/10\/308f603a92a2ac04825472520b298141low.jpeg","datePublished":"2023-10-05T00:00:37+00:00","breadcrumb":{"@id":"https:\/\/regiaonews.net.br\/2022\/2023\/10\/04\/shopping-iguatemi-sao-jose-do-rio-preto-se-prepara-para-o-dia-das-criancas\/#breadcrumb"},"inLanguage":"pt-BR","potentialAction":[{"@type":"ReadAction","target":["https:\/\/regiaonews.net.br\/2022\/2023\/10\/04\/shopping-iguatemi-sao-jose-do-rio-preto-se-prepara-para-o-dia-das-criancas\/"]}]},{"@type":"ImageObject","inLanguage":"pt-BR","@id":"https:\/\/regiaonews.net.br\/2022\/2023\/10\/04\/shopping-iguatemi-sao-jose-do-rio-preto-se-prepara-para-o-dia-das-criancas\/#primaryimage","url":"https:\/\/regiaonews.net.br\/2022\/wp-content\/uploads\/2023\/10\/308f603a92a2ac04825472520b298141low.jpeg","contentUrl":"https:\/\/regiaonews.net.br\/2022\/wp-content\/uploads\/2023\/10\/308f603a92a2ac04825472520b298141low.jpeg","width":800,"height":531},{"@type":"BreadcrumbList","@id":"https:\/\/regiaonews.net.br\/2022\/2023\/10\/04\/shopping-iguatemi-sao-jose-do-rio-preto-se-prepara-para-o-dia-das-criancas\/#breadcrumb","itemListElement":[{"@type":"ListItem","position":1,"name":"In\u00edcio","item":"https:\/\/regiaonews.net.br\/2022\/"},{"@type":"ListItem","position":2,"name":"Shopping Iguatemi S\u00e3o Jos\u00e9 do Rio Preto se prepara para o Dia das Crian\u00e7as"}]},{"@type":"WebSite","@id":"https:\/\/regiaonews.net.br\/2022\/#website","url":"https:\/\/regiaonews.net.br\/2022\/","name":"Regi\u00e3o News","description":"Site de Not\u00edcias de Barretos e regi\u00e3o","publisher":{"@id":"https:\/\/regiaonews.net.br\/2022\/#organization"},"potentialAction":[{"@type":"SearchAction","target":{"@type":"EntryPoint","urlTemplate":"https:\/\/regiaonews.net.br\/2022\/?s={search_term_string}"},"query-input":{"@type":"PropertyValueSpecification","valueRequired":true,"valueName":"search_term_string"}}],"inLanguage":"pt-BR"},{"@type":"Organization","@id":"https:\/\/regiaonews.net.br\/2022\/#organization","name":"Regi\u00e3o News","url":"https:\/\/regiaonews.net.br\/2022\/","logo":{"@type":"ImageObject","inLanguage":"pt-BR","@id":"https:\/\/regiaonews.net.br\/2022\/#\/schema\/logo\/image\/","url":"https:\/\/regiaonews.net.br\/2022\/wp-content\/uploads\/2026\/03\/regiao-13-anos-scaled.jpg","contentUrl":"https:\/\/regiaonews.net.br\/2022\/wp-content\/uploads\/2026\/03\/regiao-13-anos-scaled.jpg","width":2560,"height":635,"caption":"Regi\u00e3o News"},"image":{"@id":"https:\/\/regiaonews.net.br\/2022\/#\/schema\/logo\/image\/"}},{"@type":"Person","@id":"https:\/\/regiaonews.net.br\/2022\/#\/schema\/person\/2d205a608a5aa97ac279d7a5e6d89ad8","name":"Roberto","image":{"@type":"ImageObject","inLanguage":"pt-BR","@id":"https:\/\/secure.gravatar.com\/avatar\/42749d8b712ff9d59ca93dc150494e5b55a44134482993f5baeb97e61b7ecc89?s=96&d=mm&r=g","url":"https:\/\/secure.gravatar.com\/avatar\/42749d8b712ff9d59ca93dc150494e5b55a44134482993f5baeb97e61b7ecc89?s=96&d=mm&r=g","contentUrl":"https:\/\/secure.gravatar.com\/avatar\/42749d8b712ff9d59ca93dc150494e5b55a44134482993f5baeb97e61b7ecc89?s=96&d=mm&r=g","caption":"Roberto"},"url":"https:\/\/regiaonews.net.br\/2022\/author\/roberto\/"}]}},"publishpress_future_action":{"enabled":false,"date":"2026-05-04 20:48:13","action":"change-status","newStatus":"draft","terms":[],"taxonomy":"category","extraData":[]},"publishpress_future_workflow_manual_trigger":{"enabledWorkflows":[]},"_links":{"self":[{"href":"https:\/\/regiaonews.net.br\/2022\/wp-json\/wp\/v2\/posts\/96137","targetHints":{"allow":["GET"]}}],"collection":[{"href":"https:\/\/regiaonews.net.br\/2022\/wp-json\/wp\/v2\/posts"}],"about":[{"href":"https:\/\/regiaonews.net.br\/2022\/wp-json\/wp\/v2\/types\/post"}],"author":[{"embeddable":true,"href":"https:\/\/regiaonews.net.br\/2022\/wp-json\/wp\/v2\/users\/2"}],"replies":[{"embeddable":true,"href":"https:\/\/regiaonews.net.br\/2022\/wp-json\/wp\/v2\/comments?post=96137"}],"version-history":[{"count":1,"href":"https:\/\/regiaonews.net.br\/2022\/wp-json\/wp\/v2\/posts\/96137\/revisions"}],"predecessor-version":[{"id":96139,"href":"https:\/\/regiaonews.net.br\/2022\/wp-json\/wp\/v2\/posts\/96137\/revisions\/96139"}],"wp:featuredmedia":[{"embeddable":true,"href":"https:\/\/regiaonews.net.br\/2022\/wp-json\/wp\/v2\/media\/96138"}],"wp:attachment":[{"href":"https:\/\/regiaonews.net.br\/2022\/wp-json\/wp\/v2\/media?parent=96137"}],"wp:term":[{"taxonomy":"category","embeddable":true,"href":"https:\/\/regiaonews.net.br\/2022\/wp-json\/wp\/v2\/categories?post=96137"},{"taxonomy":"post_tag","embeddable":true,"href":"https:\/\/regiaonews.net.br\/2022\/wp-json\/wp\/v2\/tags?post=96137"}],"curies":[{"name":"wp","href":"https:\/\/api.w.org\/{rel}","templated":true}]}}