{"id":96080,"date":"2023-10-03T19:10:06","date_gmt":"2023-10-03T22:10:06","guid":{"rendered":"https:\/\/regiaonews.net.br\/2022\/?p=96080"},"modified":"2023-10-03T19:10:06","modified_gmt":"2023-10-03T22:10:06","slug":"secretaria-da-saude-recebe-van-para-transporte-de-pacientes","status":"publish","type":"post","link":"https:\/\/regiaonews.net.br\/2022\/2023\/10\/03\/secretaria-da-saude-recebe-van-para-transporte-de-pacientes\/","title":{"rendered":"Secretaria da Sa\u00fade recebe van para transporte de pacientes"},"content":{"rendered":"<p>&nbsp;<\/p>\n<p>Ve\u00edculo foi adquirido a partir de emenda parlamentar e contrapartida da Prefeitura<\/p>\n<p>A prefeita Paula Lemos realizou nesta ter\u00e7a-feira, dia 3, a entrega de uma van para a Secretaria Municipal de Sa\u00fade. O ve\u00edculo ser\u00e1 utilizado no transporte regional de pacientes de Barretos. Por m\u00eas, o munic\u00edpio leva 800 pacientes para consultas, procedimentos cir\u00fargicos e tratamento especializados em 13 cidades paulistas e, eventualmente, at\u00e9 para fora do estado.<\/p>\n<p>Paula lembrou que este j\u00e1 \u00e9 o quinto ve\u00edculo que a pasta recebe desde o in\u00edcio de sua gest\u00e3o e que outros tr\u00eas j\u00e1 est\u00e3o licitados para serem entregues nos pr\u00f3ximos meses. A nova van comporta 15 passageiros, al\u00e9m do motorista, e custou R$ 282 mil, sendo R$ 200 mil a partir de emenda do deputado estadual L\u00e9o Oliveira e R$ 82 mil de contrapartida da Prefeitura.<\/p>\n<p>A chefe do Executivo agradeceu ao deputado que direcionou a verba utilizada na aquisi\u00e7\u00e3o da van e \u00e0 toda a equipe da Sa\u00fade, que atuou tecnicamente para que o ve\u00edculo fosse adquirido e colocado \u00e0 disposi\u00e7\u00e3o dos pacientes. \u201cA partir do Adilson aqui presente, agrade\u00e7o a todos os motoristas que levam as pessoas em um momento de dor. Cada profissional tem entendido a import\u00e2ncia de, al\u00e9m de levar, cuidar das pessoas\u201d, afirmou. \u201cA gente tem feito um trabalho muito cuidadoso de realmente melhorar os ve\u00edculos da frota, para as pessoas n\u00e3o sofrerem com transporte nesses momentos de fragilidade\u201d, observou Paula.<\/p>\n<p>Participaram da entrega a secret\u00e1ria interina da Sa\u00fade, Gra\u00e7a Lemos; o gestor de Frota da pasta, Adilson Vicente de Lima e a coordenadora de Servi\u00e7os de Sa\u00fade, Maria da Concei\u00e7\u00e3o Endo.<\/p>\n","protected":false},"excerpt":{"rendered":"<p>&nbsp; Ve\u00edculo foi adquirido a partir de emenda parlamentar e<\/p>\n","protected":false},"author":2,"featured_media":96081,"comment_status":"open","ping_status":"open","sticky":false,"template":"","format":"standard","meta":{"footnotes":""},"categories":[14,25],"tags":[],"class_list":["post-96080","post","type-post","status-publish","format-standard","has-post-thumbnail","hentry","category-barretos","category-cidades"],"yoast_head":"<!-- This site is optimized with the Yoast SEO plugin v27.4 - https:\/\/yoast.com\/product\/yoast-seo-wordpress\/ -->\n<title>Secretaria da Sa\u00fade recebe van para transporte de pacientes - Regi\u00e3o News<\/title>\n<meta name=\"robots\" content=\"index, follow, max-snippet:-1, max-image-preview:large, max-video-preview:-1\" \/>\n<link rel=\"canonical\" href=\"https:\/\/regiaonews.net.br\/2022\/2023\/10\/03\/secretaria-da-saude-recebe-van-para-transporte-de-pacientes\/\" \/>\n<meta property=\"og:locale\" content=\"pt_BR\" \/>\n<meta property=\"og:type\" content=\"article\" \/>\n<meta property=\"og:title\" content=\"Secretaria da Sa\u00fade recebe van para transporte de pacientes - Regi\u00e3o News\" \/>\n<meta property=\"og:description\" content=\"&nbsp; Ve\u00edculo foi adquirido a partir de emenda parlamentar e\" \/>\n<meta property=\"og:url\" content=\"https:\/\/regiaonews.net.br\/2022\/2023\/10\/03\/secretaria-da-saude-recebe-van-para-transporte-de-pacientes\/\" \/>\n<meta property=\"og:site_name\" content=\"Regi\u00e3o News\" \/>\n<meta property=\"article:published_time\" content=\"2023-10-03T22:10:06+00:00\" \/>\n<meta property=\"og:image\" content=\"https:\/\/regiaonews.net.br\/2022\/wp-content\/uploads\/2023\/10\/WhatsApp-Image-2023-10-03-at-18.12.40.jpeg\" \/>\n\t<meta property=\"og:image:width\" content=\"1600\" \/>\n\t<meta property=\"og:image:height\" content=\"1068\" \/>\n\t<meta property=\"og:image:type\" content=\"image\/jpeg\" \/>\n<meta name=\"author\" content=\"Roberto\" \/>\n<meta name=\"twitter:card\" content=\"summary_large_image\" \/>\n<meta name=\"twitter:label1\" content=\"Escrito por\" \/>\n\t<meta name=\"twitter:data1\" content=\"Roberto\" \/>\n\t<meta name=\"twitter:label2\" content=\"Est. tempo de leitura\" \/>\n\t<meta name=\"twitter:data2\" content=\"2 minutos\" \/>\n<script type=\"application\/ld+json\" class=\"yoast-schema-graph\">{\"@context\":\"https:\\\/\\\/schema.org\",\"@graph\":[{\"@type\":\"Article\",\"@id\":\"https:\\\/\\\/regiaonews.net.br\\\/2022\\\/2023\\\/10\\\/03\\\/secretaria-da-saude-recebe-van-para-transporte-de-pacientes\\\/#article\",\"isPartOf\":{\"@id\":\"https:\\\/\\\/regiaonews.net.br\\\/2022\\\/2023\\\/10\\\/03\\\/secretaria-da-saude-recebe-van-para-transporte-de-pacientes\\\/\"},\"author\":{\"name\":\"Roberto\",\"@id\":\"https:\\\/\\\/regiaonews.net.br\\\/2022\\\/#\\\/schema\\\/person\\\/2d205a608a5aa97ac279d7a5e6d89ad8\"},\"headline\":\"Secretaria da Sa\u00fade recebe van para transporte de pacientes\",\"datePublished\":\"2023-10-03T22:10:06+00:00\",\"mainEntityOfPage\":{\"@id\":\"https:\\\/\\\/regiaonews.net.br\\\/2022\\\/2023\\\/10\\\/03\\\/secretaria-da-saude-recebe-van-para-transporte-de-pacientes\\\/\"},\"wordCount\":297,\"commentCount\":0,\"publisher\":{\"@id\":\"https:\\\/\\\/regiaonews.net.br\\\/2022\\\/#organization\"},\"image\":{\"@id\":\"https:\\\/\\\/regiaonews.net.br\\\/2022\\\/2023\\\/10\\\/03\\\/secretaria-da-saude-recebe-van-para-transporte-de-pacientes\\\/#primaryimage\"},\"thumbnailUrl\":\"https:\\\/\\\/regiaonews.net.br\\\/2022\\\/wp-content\\\/uploads\\\/2023\\\/10\\\/WhatsApp-Image-2023-10-03-at-18.12.40.jpeg\",\"articleSection\":[\"Barretos\",\"Cidades\"],\"inLanguage\":\"pt-BR\",\"potentialAction\":[{\"@type\":\"CommentAction\",\"name\":\"Comment\",\"target\":[\"https:\\\/\\\/regiaonews.net.br\\\/2022\\\/2023\\\/10\\\/03\\\/secretaria-da-saude-recebe-van-para-transporte-de-pacientes\\\/#respond\"]}]},{\"@type\":\"WebPage\",\"@id\":\"https:\\\/\\\/regiaonews.net.br\\\/2022\\\/2023\\\/10\\\/03\\\/secretaria-da-saude-recebe-van-para-transporte-de-pacientes\\\/\",\"url\":\"https:\\\/\\\/regiaonews.net.br\\\/2022\\\/2023\\\/10\\\/03\\\/secretaria-da-saude-recebe-van-para-transporte-de-pacientes\\\/\",\"name\":\"Secretaria da Sa\u00fade recebe van para transporte de pacientes - Regi\u00e3o News\",\"isPartOf\":{\"@id\":\"https:\\\/\\\/regiaonews.net.br\\\/2022\\\/#website\"},\"primaryImageOfPage\":{\"@id\":\"https:\\\/\\\/regiaonews.net.br\\\/2022\\\/2023\\\/10\\\/03\\\/secretaria-da-saude-recebe-van-para-transporte-de-pacientes\\\/#primaryimage\"},\"image\":{\"@id\":\"https:\\\/\\\/regiaonews.net.br\\\/2022\\\/2023\\\/10\\\/03\\\/secretaria-da-saude-recebe-van-para-transporte-de-pacientes\\\/#primaryimage\"},\"thumbnailUrl\":\"https:\\\/\\\/regiaonews.net.br\\\/2022\\\/wp-content\\\/uploads\\\/2023\\\/10\\\/WhatsApp-Image-2023-10-03-at-18.12.40.jpeg\",\"datePublished\":\"2023-10-03T22:10:06+00:00\",\"breadcrumb\":{\"@id\":\"https:\\\/\\\/regiaonews.net.br\\\/2022\\\/2023\\\/10\\\/03\\\/secretaria-da-saude-recebe-van-para-transporte-de-pacientes\\\/#breadcrumb\"},\"inLanguage\":\"pt-BR\",\"potentialAction\":[{\"@type\":\"ReadAction\",\"target\":[\"https:\\\/\\\/regiaonews.net.br\\\/2022\\\/2023\\\/10\\\/03\\\/secretaria-da-saude-recebe-van-para-transporte-de-pacientes\\\/\"]}]},{\"@type\":\"ImageObject\",\"inLanguage\":\"pt-BR\",\"@id\":\"https:\\\/\\\/regiaonews.net.br\\\/2022\\\/2023\\\/10\\\/03\\\/secretaria-da-saude-recebe-van-para-transporte-de-pacientes\\\/#primaryimage\",\"url\":\"https:\\\/\\\/regiaonews.net.br\\\/2022\\\/wp-content\\\/uploads\\\/2023\\\/10\\\/WhatsApp-Image-2023-10-03-at-18.12.40.jpeg\",\"contentUrl\":\"https:\\\/\\\/regiaonews.net.br\\\/2022\\\/wp-content\\\/uploads\\\/2023\\\/10\\\/WhatsApp-Image-2023-10-03-at-18.12.40.jpeg\",\"width\":1600,\"height\":1068},{\"@type\":\"BreadcrumbList\",\"@id\":\"https:\\\/\\\/regiaonews.net.br\\\/2022\\\/2023\\\/10\\\/03\\\/secretaria-da-saude-recebe-van-para-transporte-de-pacientes\\\/#breadcrumb\",\"itemListElement\":[{\"@type\":\"ListItem\",\"position\":1,\"name\":\"In\u00edcio\",\"item\":\"https:\\\/\\\/regiaonews.net.br\\\/2022\\\/\"},{\"@type\":\"ListItem\",\"position\":2,\"name\":\"Secretaria da Sa\u00fade recebe van para transporte de pacientes\"}]},{\"@type\":\"WebSite\",\"@id\":\"https:\\\/\\\/regiaonews.net.br\\\/2022\\\/#website\",\"url\":\"https:\\\/\\\/regiaonews.net.br\\\/2022\\\/\",\"name\":\"Regi\u00e3o News\",\"description\":\"Site de Not\u00edcias de Barretos e regi\u00e3o\",\"publisher\":{\"@id\":\"https:\\\/\\\/regiaonews.net.br\\\/2022\\\/#organization\"},\"potentialAction\":[{\"@type\":\"SearchAction\",\"target\":{\"@type\":\"EntryPoint\",\"urlTemplate\":\"https:\\\/\\\/regiaonews.net.br\\\/2022\\\/?s={search_term_string}\"},\"query-input\":{\"@type\":\"PropertyValueSpecification\",\"valueRequired\":true,\"valueName\":\"search_term_string\"}}],\"inLanguage\":\"pt-BR\"},{\"@type\":\"Organization\",\"@id\":\"https:\\\/\\\/regiaonews.net.br\\\/2022\\\/#organization\",\"name\":\"Regi\u00e3o News\",\"url\":\"https:\\\/\\\/regiaonews.net.br\\\/2022\\\/\",\"logo\":{\"@type\":\"ImageObject\",\"inLanguage\":\"pt-BR\",\"@id\":\"https:\\\/\\\/regiaonews.net.br\\\/2022\\\/#\\\/schema\\\/logo\\\/image\\\/\",\"url\":\"https:\\\/\\\/regiaonews.net.br\\\/2022\\\/wp-content\\\/uploads\\\/2026\\\/03\\\/regiao-13-anos-scaled.jpg\",\"contentUrl\":\"https:\\\/\\\/regiaonews.net.br\\\/2022\\\/wp-content\\\/uploads\\\/2026\\\/03\\\/regiao-13-anos-scaled.jpg\",\"width\":2560,\"height\":635,\"caption\":\"Regi\u00e3o News\"},\"image\":{\"@id\":\"https:\\\/\\\/regiaonews.net.br\\\/2022\\\/#\\\/schema\\\/logo\\\/image\\\/\"}},{\"@type\":\"Person\",\"@id\":\"https:\\\/\\\/regiaonews.net.br\\\/2022\\\/#\\\/schema\\\/person\\\/2d205a608a5aa97ac279d7a5e6d89ad8\",\"name\":\"Roberto\",\"image\":{\"@type\":\"ImageObject\",\"inLanguage\":\"pt-BR\",\"@id\":\"https:\\\/\\\/secure.gravatar.com\\\/avatar\\\/42749d8b712ff9d59ca93dc150494e5b55a44134482993f5baeb97e61b7ecc89?s=96&d=mm&r=g\",\"url\":\"https:\\\/\\\/secure.gravatar.com\\\/avatar\\\/42749d8b712ff9d59ca93dc150494e5b55a44134482993f5baeb97e61b7ecc89?s=96&d=mm&r=g\",\"contentUrl\":\"https:\\\/\\\/secure.gravatar.com\\\/avatar\\\/42749d8b712ff9d59ca93dc150494e5b55a44134482993f5baeb97e61b7ecc89?s=96&d=mm&r=g\",\"caption\":\"Roberto\"},\"url\":\"https:\\\/\\\/regiaonews.net.br\\\/2022\\\/author\\\/roberto\\\/\"}]}<\/script>\n<!-- \/ Yoast SEO plugin. -->","yoast_head_json":{"title":"Secretaria da Sa\u00fade recebe van para transporte de pacientes - Regi\u00e3o News","robots":{"index":"index","follow":"follow","max-snippet":"max-snippet:-1","max-image-preview":"max-image-preview:large","max-video-preview":"max-video-preview:-1"},"canonical":"https:\/\/regiaonews.net.br\/2022\/2023\/10\/03\/secretaria-da-saude-recebe-van-para-transporte-de-pacientes\/","og_locale":"pt_BR","og_type":"article","og_title":"Secretaria da Sa\u00fade recebe van para transporte de pacientes - Regi\u00e3o News","og_description":"&nbsp; Ve\u00edculo foi adquirido a partir de emenda parlamentar e","og_url":"https:\/\/regiaonews.net.br\/2022\/2023\/10\/03\/secretaria-da-saude-recebe-van-para-transporte-de-pacientes\/","og_site_name":"Regi\u00e3o News","article_published_time":"2023-10-03T22:10:06+00:00","og_image":[{"width":1600,"height":1068,"url":"https:\/\/regiaonews.net.br\/2022\/wp-content\/uploads\/2023\/10\/WhatsApp-Image-2023-10-03-at-18.12.40.jpeg","type":"image\/jpeg"}],"author":"Roberto","twitter_card":"summary_large_image","twitter_misc":{"Escrito por":"Roberto","Est. tempo de leitura":"2 minutos"},"schema":{"@context":"https:\/\/schema.org","@graph":[{"@type":"Article","@id":"https:\/\/regiaonews.net.br\/2022\/2023\/10\/03\/secretaria-da-saude-recebe-van-para-transporte-de-pacientes\/#article","isPartOf":{"@id":"https:\/\/regiaonews.net.br\/2022\/2023\/10\/03\/secretaria-da-saude-recebe-van-para-transporte-de-pacientes\/"},"author":{"name":"Roberto","@id":"https:\/\/regiaonews.net.br\/2022\/#\/schema\/person\/2d205a608a5aa97ac279d7a5e6d89ad8"},"headline":"Secretaria da Sa\u00fade recebe van para transporte de pacientes","datePublished":"2023-10-03T22:10:06+00:00","mainEntityOfPage":{"@id":"https:\/\/regiaonews.net.br\/2022\/2023\/10\/03\/secretaria-da-saude-recebe-van-para-transporte-de-pacientes\/"},"wordCount":297,"commentCount":0,"publisher":{"@id":"https:\/\/regiaonews.net.br\/2022\/#organization"},"image":{"@id":"https:\/\/regiaonews.net.br\/2022\/2023\/10\/03\/secretaria-da-saude-recebe-van-para-transporte-de-pacientes\/#primaryimage"},"thumbnailUrl":"https:\/\/regiaonews.net.br\/2022\/wp-content\/uploads\/2023\/10\/WhatsApp-Image-2023-10-03-at-18.12.40.jpeg","articleSection":["Barretos","Cidades"],"inLanguage":"pt-BR","potentialAction":[{"@type":"CommentAction","name":"Comment","target":["https:\/\/regiaonews.net.br\/2022\/2023\/10\/03\/secretaria-da-saude-recebe-van-para-transporte-de-pacientes\/#respond"]}]},{"@type":"WebPage","@id":"https:\/\/regiaonews.net.br\/2022\/2023\/10\/03\/secretaria-da-saude-recebe-van-para-transporte-de-pacientes\/","url":"https:\/\/regiaonews.net.br\/2022\/2023\/10\/03\/secretaria-da-saude-recebe-van-para-transporte-de-pacientes\/","name":"Secretaria da Sa\u00fade recebe van para transporte de pacientes - Regi\u00e3o News","isPartOf":{"@id":"https:\/\/regiaonews.net.br\/2022\/#website"},"primaryImageOfPage":{"@id":"https:\/\/regiaonews.net.br\/2022\/2023\/10\/03\/secretaria-da-saude-recebe-van-para-transporte-de-pacientes\/#primaryimage"},"image":{"@id":"https:\/\/regiaonews.net.br\/2022\/2023\/10\/03\/secretaria-da-saude-recebe-van-para-transporte-de-pacientes\/#primaryimage"},"thumbnailUrl":"https:\/\/regiaonews.net.br\/2022\/wp-content\/uploads\/2023\/10\/WhatsApp-Image-2023-10-03-at-18.12.40.jpeg","datePublished":"2023-10-03T22:10:06+00:00","breadcrumb":{"@id":"https:\/\/regiaonews.net.br\/2022\/2023\/10\/03\/secretaria-da-saude-recebe-van-para-transporte-de-pacientes\/#breadcrumb"},"inLanguage":"pt-BR","potentialAction":[{"@type":"ReadAction","target":["https:\/\/regiaonews.net.br\/2022\/2023\/10\/03\/secretaria-da-saude-recebe-van-para-transporte-de-pacientes\/"]}]},{"@type":"ImageObject","inLanguage":"pt-BR","@id":"https:\/\/regiaonews.net.br\/2022\/2023\/10\/03\/secretaria-da-saude-recebe-van-para-transporte-de-pacientes\/#primaryimage","url":"https:\/\/regiaonews.net.br\/2022\/wp-content\/uploads\/2023\/10\/WhatsApp-Image-2023-10-03-at-18.12.40.jpeg","contentUrl":"https:\/\/regiaonews.net.br\/2022\/wp-content\/uploads\/2023\/10\/WhatsApp-Image-2023-10-03-at-18.12.40.jpeg","width":1600,"height":1068},{"@type":"BreadcrumbList","@id":"https:\/\/regiaonews.net.br\/2022\/2023\/10\/03\/secretaria-da-saude-recebe-van-para-transporte-de-pacientes\/#breadcrumb","itemListElement":[{"@type":"ListItem","position":1,"name":"In\u00edcio","item":"https:\/\/regiaonews.net.br\/2022\/"},{"@type":"ListItem","position":2,"name":"Secretaria da Sa\u00fade recebe van para transporte de pacientes"}]},{"@type":"WebSite","@id":"https:\/\/regiaonews.net.br\/2022\/#website","url":"https:\/\/regiaonews.net.br\/2022\/","name":"Regi\u00e3o News","description":"Site de Not\u00edcias de Barretos e regi\u00e3o","publisher":{"@id":"https:\/\/regiaonews.net.br\/2022\/#organization"},"potentialAction":[{"@type":"SearchAction","target":{"@type":"EntryPoint","urlTemplate":"https:\/\/regiaonews.net.br\/2022\/?s={search_term_string}"},"query-input":{"@type":"PropertyValueSpecification","valueRequired":true,"valueName":"search_term_string"}}],"inLanguage":"pt-BR"},{"@type":"Organization","@id":"https:\/\/regiaonews.net.br\/2022\/#organization","name":"Regi\u00e3o News","url":"https:\/\/regiaonews.net.br\/2022\/","logo":{"@type":"ImageObject","inLanguage":"pt-BR","@id":"https:\/\/regiaonews.net.br\/2022\/#\/schema\/logo\/image\/","url":"https:\/\/regiaonews.net.br\/2022\/wp-content\/uploads\/2026\/03\/regiao-13-anos-scaled.jpg","contentUrl":"https:\/\/regiaonews.net.br\/2022\/wp-content\/uploads\/2026\/03\/regiao-13-anos-scaled.jpg","width":2560,"height":635,"caption":"Regi\u00e3o News"},"image":{"@id":"https:\/\/regiaonews.net.br\/2022\/#\/schema\/logo\/image\/"}},{"@type":"Person","@id":"https:\/\/regiaonews.net.br\/2022\/#\/schema\/person\/2d205a608a5aa97ac279d7a5e6d89ad8","name":"Roberto","image":{"@type":"ImageObject","inLanguage":"pt-BR","@id":"https:\/\/secure.gravatar.com\/avatar\/42749d8b712ff9d59ca93dc150494e5b55a44134482993f5baeb97e61b7ecc89?s=96&d=mm&r=g","url":"https:\/\/secure.gravatar.com\/avatar\/42749d8b712ff9d59ca93dc150494e5b55a44134482993f5baeb97e61b7ecc89?s=96&d=mm&r=g","contentUrl":"https:\/\/secure.gravatar.com\/avatar\/42749d8b712ff9d59ca93dc150494e5b55a44134482993f5baeb97e61b7ecc89?s=96&d=mm&r=g","caption":"Roberto"},"url":"https:\/\/regiaonews.net.br\/2022\/author\/roberto\/"}]}},"publishpress_future_action":{"enabled":false,"date":"2026-05-03 02:10:04","action":"change-status","newStatus":"draft","terms":[],"taxonomy":"category","extraData":[]},"publishpress_future_workflow_manual_trigger":{"enabledWorkflows":[]},"_links":{"self":[{"href":"https:\/\/regiaonews.net.br\/2022\/wp-json\/wp\/v2\/posts\/96080","targetHints":{"allow":["GET"]}}],"collection":[{"href":"https:\/\/regiaonews.net.br\/2022\/wp-json\/wp\/v2\/posts"}],"about":[{"href":"https:\/\/regiaonews.net.br\/2022\/wp-json\/wp\/v2\/types\/post"}],"author":[{"embeddable":true,"href":"https:\/\/regiaonews.net.br\/2022\/wp-json\/wp\/v2\/users\/2"}],"replies":[{"embeddable":true,"href":"https:\/\/regiaonews.net.br\/2022\/wp-json\/wp\/v2\/comments?post=96080"}],"version-history":[{"count":1,"href":"https:\/\/regiaonews.net.br\/2022\/wp-json\/wp\/v2\/posts\/96080\/revisions"}],"predecessor-version":[{"id":96082,"href":"https:\/\/regiaonews.net.br\/2022\/wp-json\/wp\/v2\/posts\/96080\/revisions\/96082"}],"wp:featuredmedia":[{"embeddable":true,"href":"https:\/\/regiaonews.net.br\/2022\/wp-json\/wp\/v2\/media\/96081"}],"wp:attachment":[{"href":"https:\/\/regiaonews.net.br\/2022\/wp-json\/wp\/v2\/media?parent=96080"}],"wp:term":[{"taxonomy":"category","embeddable":true,"href":"https:\/\/regiaonews.net.br\/2022\/wp-json\/wp\/v2\/categories?post=96080"},{"taxonomy":"post_tag","embeddable":true,"href":"https:\/\/regiaonews.net.br\/2022\/wp-json\/wp\/v2\/tags?post=96080"}],"curies":[{"name":"wp","href":"https:\/\/api.w.org\/{rel}","templated":true}]}}