{"id":96068,"date":"2023-10-03T18:43:16","date_gmt":"2023-10-03T21:43:16","guid":{"rendered":"https:\/\/regiaonews.net.br\/2022\/?p=96068"},"modified":"2023-10-03T18:45:05","modified_gmt":"2023-10-03T21:45:05","slug":"unifeb-lanca-psicologia-e-se-consolida-na-oferta-de-cursos-superiores","status":"publish","type":"post","link":"https:\/\/regiaonews.net.br\/2022\/2023\/10\/03\/unifeb-lanca-psicologia-e-se-consolida-na-oferta-de-cursos-superiores\/","title":{"rendered":"UNIFEB lan\u00e7a Psicologia e se consolida na oferta de cursos superiores \u00a0"},"content":{"rendered":"<p style=\"font-weight: 400;\"><em>A nova gradua\u00e7\u00e3o oferecer\u00e1 forma\u00e7\u00e3o conjunta em bacharelado e licenciatura e conta com o menor pre\u00e7o de mensalidade na regi\u00e3o para esse tipo de forma\u00e7\u00e3o\u00a0\u00a0<\/em><\/p>\n<p style=\"font-weight: 400;\">O curso de Psicologia acaba de ser lan\u00e7ado no UNIFEB (Centro Universit\u00e1rio da Funda\u00e7\u00e3o Educacional de Barretos) ampliando ainda mais o rol de ensino superior na \u00e1rea da sa\u00fade oferecido pela institui\u00e7\u00e3o. A nova gradua\u00e7\u00e3o oferecer\u00e1 forma\u00e7\u00e3o conjunta em bacharelado e licenciatura (optativa) aos futuros psic\u00f3logos e conta com o menor pre\u00e7o de mensalidade da regi\u00e3o. O an\u00fancio aconteceu durante Coletiva de Imprensa realizada nesta ter\u00e7a-feira, dia 3 de outubro.<\/p>\n<p style=\"font-weight: 400;\">O Reitor Prof. Dr. Angelo Davis destacou a import\u00e2ncia do curso de Psicologia no fortalecimento das gradua\u00e7\u00f5es na \u00e1rea da Sa\u00fade da institui\u00e7\u00e3o. \u201cEsse \u00e9 o quinto curso que lidero a implanta\u00e7\u00e3o no UNIFEB. Sempre analisamos as demandas da macro e microrregi\u00e3o a fim de atender o mercado de trabalho atual. Al\u00e9m disso, investimos maci\u00e7amente em infraestrutura e qualidade acad\u00eamica para que nossos alunos tenham plenas condi\u00e7\u00f5es de disputarem as melhores vagas de emprego ou empreenderem com sucesso\u201d, disse.<\/p>\n<p style=\"font-weight: 400;\">De acordo com a com a coordenadora do curso de Psicologia, Prof\u00aa. Dra. Debora Nogueira Tomas, que atua como docente desde 2011, o UNIFEB \u00e9 destaque no cen\u00e1rio educacional do Estado e a implanta\u00e7\u00e3o de mais um curso na \u00e1rea da Sa\u00fade marca consideravelmente o tamanho da responsabilidade social da institui\u00e7\u00e3o a fim de atender uma s\u00e9rie de importantes transforma\u00e7\u00f5es sociais e culturais, que apontam para a necessidade de intensificar os cuidados com a sa\u00fade mental e desenvolvimento da popula\u00e7\u00e3o. \u201cNos \u00faltimos anos houve uma grande procura pelo curso de Psicologia em nossa institui\u00e7\u00e3o, ent\u00e3o esta gradua\u00e7\u00e3o foi preparada especialmente para suprir esta demanda. Tenho grandes expectativas, pois o UNIFEB possui estrutura e corpo docente, que al\u00e9m da qualidade de ensino, possibilita uma s\u00e9rie de a\u00e7\u00f5es de pesquisa e extens\u00e3o na comunidade\u201d, ressaltou.<\/p>\n<p style=\"font-weight: 400;\">Para D\u00e9bora, a \u00e1rea da\u00a0Psicologia\u00a0tem ocupado uma posi\u00e7\u00e3o de destaque na sociedade. Isso porque, \u00e9 cada vez maior o n\u00famero de pessoas que encontram nesta ci\u00eancia uma forma de resolver quest\u00f5es emocionais e comportamentais, de modo a buscar o equil\u00edbrio e melhoria na qualidade de vida. \u201cDados recentes da Organiza\u00e7\u00e3o Mundial de Sa\u00fade (2022) mostram que mais de 26% da popula\u00e7\u00e3o brasileira tem algum diagn\u00f3stico de transtorno de ansiedade, sendo que um ter\u00e7o tem idade entre 18 e 24 anos. Sem contar outros transtornos ps\u00edquicos, como depress\u00e3o. O fato \u00e9 que muitos diagn\u00f3sticos n\u00e3o est\u00e3o relacionados a causas individuais ou gen\u00e9ticas, como muitos acreditam e, sim, ao contexto social em que o indiv\u00edduo est\u00e1 inserido, por isso \u00e9 importante desmistificar a sa\u00fade mental e requalificar o papel da Psicologia nas pol\u00edticas p\u00fablicas estimulando a rede de cuidados\u201d, explicou.<\/p>\n<p style=\"font-weight: 400;\">Entre os principais diferenciais do curso de Psicologia no UNIFEB est\u00e3o a forma\u00e7\u00e3o generalista; integra\u00e7\u00e3o entre teoria e pr\u00e1tica desde o in\u00edcio do curso; valoriza\u00e7\u00e3o da articula\u00e7\u00e3o com a rede de institui\u00e7\u00f5es p\u00fablicas, promovendo atividades de inser\u00e7\u00e3o e interven\u00e7\u00e3o na comunidade, em pr\u00e1ticas de extens\u00e3o, pesquisa e est\u00e1gios; interdisciplinaridade com outros cursos e campos de conhecimento; articula\u00e7\u00e3o entre as diferentes disciplinas do curso e as atividades extraclasses; cl\u00ednica-escola e laborat\u00f3rios espec\u00edficos para a forma\u00e7\u00e3o e pesquisa, al\u00e9m de extenso acervo f\u00edsico e virtual de livros na \u00e1rea.<\/p>\n<p style=\"font-weight: 400;\">A coordenadora afirma que o mercado de trabalho para psic\u00f3logos est\u00e1 em plena ascens\u00e3o. \u201cEsta profiss\u00e3o est\u00e1 em diferentes contextos como cl\u00ednicas, escolas, na assist\u00eancia social, justi\u00e7a, trabalho, SUS, no esporte, entre outras \u00e1reas. O trabalho dos profissionais de Psicologia acontece em qualquer lugar que haja pessoas que precisem de cuidados em momentos dif\u00edceis de vida, nos quais a aten\u00e7\u00e3o \u00e0 sa\u00fade mental se mostre fundamental\u201d, finalizou.<\/p>\n<p style=\"font-weight: 400;\">Os interessados em ingressar no curso de Psicologia do UNIFEB devem se inscrever na prova on-line, dispon\u00edvel a partir do dia 13 de outubro, que poder\u00e1 ser realizada na sequ\u00eancia da inscri\u00e7\u00e3o, pelo site\u00a0<a href=\"http:\/\/www.vestibular.unifeb.edu.br\/\" data-linkindex=\"0\">www.vestibular.unifeb.edu.br<\/a>.\u00a0\u00a0A mensalidade custa R$ 1.070,00, mas quem fizer a prova on-line e for classificado conquista o desconto de 30% reduzindo o valor para R$ 749,00 por m\u00eas. Lembrando que n\u00e3o s\u00e3o cobradas taxas de matr\u00edcula e nem rematr\u00edcula.<\/p>\n<p>&nbsp;<\/p>\n<p><a href=\"https:\/\/regiaonews.net.br\/2022\/wp-content\/uploads\/2023\/10\/Coletiva-de-Imprensa-scaled.jpg\"><img loading=\"lazy\" decoding=\"async\" class=\"alignnone size-medium wp-image-96070\" src=\"https:\/\/regiaonews.net.br\/2022\/wp-content\/uploads\/2023\/10\/Coletiva-de-Imprensa-300x225.jpg\" alt=\"\" width=\"300\" height=\"225\" srcset=\"https:\/\/regiaonews.net.br\/2022\/wp-content\/uploads\/2023\/10\/Coletiva-de-Imprensa-300x225.jpg 300w, https:\/\/regiaonews.net.br\/2022\/wp-content\/uploads\/2023\/10\/Coletiva-de-Imprensa-1024x768.jpg 1024w, https:\/\/regiaonews.net.br\/2022\/wp-content\/uploads\/2023\/10\/Coletiva-de-Imprensa-768x576.jpg 768w, https:\/\/regiaonews.net.br\/2022\/wp-content\/uploads\/2023\/10\/Coletiva-de-Imprensa-1536x1152.jpg 1536w, https:\/\/regiaonews.net.br\/2022\/wp-content\/uploads\/2023\/10\/Coletiva-de-Imprensa-2048x1536.jpg 2048w, https:\/\/regiaonews.net.br\/2022\/wp-content\/uploads\/2023\/10\/Coletiva-de-Imprensa-250x188.jpg 250w, https:\/\/regiaonews.net.br\/2022\/wp-content\/uploads\/2023\/10\/Coletiva-de-Imprensa-200x150.jpg 200w\" sizes=\"auto, (max-width: 300px) 100vw, 300px\" \/><\/a><\/p>\n<p>&nbsp;<\/p>\n<p>&nbsp;<\/p>\n<p style=\"font-weight: 400;\">\n","protected":false},"excerpt":{"rendered":"<p>A nova gradua\u00e7\u00e3o oferecer\u00e1 forma\u00e7\u00e3o conjunta em bacharelado e licenciatura<\/p>\n","protected":false},"author":2,"featured_media":96071,"comment_status":"open","ping_status":"open","sticky":false,"template":"","format":"standard","meta":{"footnotes":""},"categories":[14,25],"tags":[],"class_list":["post-96068","post","type-post","status-publish","format-standard","has-post-thumbnail","hentry","category-barretos","category-cidades"],"yoast_head":"<!-- This site is optimized with the Yoast SEO plugin v27.4 - https:\/\/yoast.com\/product\/yoast-seo-wordpress\/ -->\n<title>UNIFEB lan\u00e7a Psicologia e se consolida na oferta de cursos superiores \u00a0 - Regi\u00e3o News<\/title>\n<meta name=\"robots\" content=\"index, follow, max-snippet:-1, max-image-preview:large, max-video-preview:-1\" \/>\n<link rel=\"canonical\" href=\"https:\/\/regiaonews.net.br\/2022\/2023\/10\/03\/unifeb-lanca-psicologia-e-se-consolida-na-oferta-de-cursos-superiores\/\" \/>\n<meta property=\"og:locale\" content=\"pt_BR\" \/>\n<meta property=\"og:type\" content=\"article\" \/>\n<meta property=\"og:title\" content=\"UNIFEB lan\u00e7a Psicologia e se consolida na oferta de cursos superiores \u00a0 - Regi\u00e3o News\" \/>\n<meta property=\"og:description\" content=\"A nova gradua\u00e7\u00e3o oferecer\u00e1 forma\u00e7\u00e3o conjunta em bacharelado e licenciatura\" \/>\n<meta property=\"og:url\" content=\"https:\/\/regiaonews.net.br\/2022\/2023\/10\/03\/unifeb-lanca-psicologia-e-se-consolida-na-oferta-de-cursos-superiores\/\" \/>\n<meta property=\"og:site_name\" content=\"Regi\u00e3o News\" \/>\n<meta property=\"article:published_time\" content=\"2023-10-03T21:43:16+00:00\" \/>\n<meta property=\"article:modified_time\" content=\"2023-10-03T21:45:05+00:00\" \/>\n<meta property=\"og:image\" content=\"https:\/\/regiaonews.net.br\/2022\/wp-content\/uploads\/2023\/10\/Lancamento_Psicologia-1-scaled.jpg\" \/>\n\t<meta property=\"og:image:width\" content=\"2560\" \/>\n\t<meta property=\"og:image:height\" content=\"2014\" \/>\n\t<meta property=\"og:image:type\" content=\"image\/jpeg\" \/>\n<meta name=\"author\" content=\"Roberto\" \/>\n<meta name=\"twitter:card\" content=\"summary_large_image\" \/>\n<meta name=\"twitter:label1\" content=\"Escrito por\" \/>\n\t<meta name=\"twitter:data1\" content=\"Roberto\" \/>\n\t<meta name=\"twitter:label2\" content=\"Est. tempo de leitura\" \/>\n\t<meta name=\"twitter:data2\" content=\"4 minutos\" \/>\n<script type=\"application\/ld+json\" class=\"yoast-schema-graph\">{\"@context\":\"https:\\\/\\\/schema.org\",\"@graph\":[{\"@type\":\"Article\",\"@id\":\"https:\\\/\\\/regiaonews.net.br\\\/2022\\\/2023\\\/10\\\/03\\\/unifeb-lanca-psicologia-e-se-consolida-na-oferta-de-cursos-superiores\\\/#article\",\"isPartOf\":{\"@id\":\"https:\\\/\\\/regiaonews.net.br\\\/2022\\\/2023\\\/10\\\/03\\\/unifeb-lanca-psicologia-e-se-consolida-na-oferta-de-cursos-superiores\\\/\"},\"author\":{\"name\":\"Roberto\",\"@id\":\"https:\\\/\\\/regiaonews.net.br\\\/2022\\\/#\\\/schema\\\/person\\\/2d205a608a5aa97ac279d7a5e6d89ad8\"},\"headline\":\"UNIFEB lan\u00e7a Psicologia e se consolida na oferta de cursos superiores \u00a0\",\"datePublished\":\"2023-10-03T21:43:16+00:00\",\"dateModified\":\"2023-10-03T21:45:05+00:00\",\"mainEntityOfPage\":{\"@id\":\"https:\\\/\\\/regiaonews.net.br\\\/2022\\\/2023\\\/10\\\/03\\\/unifeb-lanca-psicologia-e-se-consolida-na-oferta-de-cursos-superiores\\\/\"},\"wordCount\":778,\"commentCount\":0,\"publisher\":{\"@id\":\"https:\\\/\\\/regiaonews.net.br\\\/2022\\\/#organization\"},\"image\":{\"@id\":\"https:\\\/\\\/regiaonews.net.br\\\/2022\\\/2023\\\/10\\\/03\\\/unifeb-lanca-psicologia-e-se-consolida-na-oferta-de-cursos-superiores\\\/#primaryimage\"},\"thumbnailUrl\":\"https:\\\/\\\/regiaonews.net.br\\\/2022\\\/wp-content\\\/uploads\\\/2023\\\/10\\\/Lancamento_Psicologia-1-scaled.jpg\",\"articleSection\":[\"Barretos\",\"Cidades\"],\"inLanguage\":\"pt-BR\",\"potentialAction\":[{\"@type\":\"CommentAction\",\"name\":\"Comment\",\"target\":[\"https:\\\/\\\/regiaonews.net.br\\\/2022\\\/2023\\\/10\\\/03\\\/unifeb-lanca-psicologia-e-se-consolida-na-oferta-de-cursos-superiores\\\/#respond\"]}]},{\"@type\":\"WebPage\",\"@id\":\"https:\\\/\\\/regiaonews.net.br\\\/2022\\\/2023\\\/10\\\/03\\\/unifeb-lanca-psicologia-e-se-consolida-na-oferta-de-cursos-superiores\\\/\",\"url\":\"https:\\\/\\\/regiaonews.net.br\\\/2022\\\/2023\\\/10\\\/03\\\/unifeb-lanca-psicologia-e-se-consolida-na-oferta-de-cursos-superiores\\\/\",\"name\":\"UNIFEB lan\u00e7a Psicologia e se consolida na oferta de cursos superiores \u00a0 - Regi\u00e3o News\",\"isPartOf\":{\"@id\":\"https:\\\/\\\/regiaonews.net.br\\\/2022\\\/#website\"},\"primaryImageOfPage\":{\"@id\":\"https:\\\/\\\/regiaonews.net.br\\\/2022\\\/2023\\\/10\\\/03\\\/unifeb-lanca-psicologia-e-se-consolida-na-oferta-de-cursos-superiores\\\/#primaryimage\"},\"image\":{\"@id\":\"https:\\\/\\\/regiaonews.net.br\\\/2022\\\/2023\\\/10\\\/03\\\/unifeb-lanca-psicologia-e-se-consolida-na-oferta-de-cursos-superiores\\\/#primaryimage\"},\"thumbnailUrl\":\"https:\\\/\\\/regiaonews.net.br\\\/2022\\\/wp-content\\\/uploads\\\/2023\\\/10\\\/Lancamento_Psicologia-1-scaled.jpg\",\"datePublished\":\"2023-10-03T21:43:16+00:00\",\"dateModified\":\"2023-10-03T21:45:05+00:00\",\"breadcrumb\":{\"@id\":\"https:\\\/\\\/regiaonews.net.br\\\/2022\\\/2023\\\/10\\\/03\\\/unifeb-lanca-psicologia-e-se-consolida-na-oferta-de-cursos-superiores\\\/#breadcrumb\"},\"inLanguage\":\"pt-BR\",\"potentialAction\":[{\"@type\":\"ReadAction\",\"target\":[\"https:\\\/\\\/regiaonews.net.br\\\/2022\\\/2023\\\/10\\\/03\\\/unifeb-lanca-psicologia-e-se-consolida-na-oferta-de-cursos-superiores\\\/\"]}]},{\"@type\":\"ImageObject\",\"inLanguage\":\"pt-BR\",\"@id\":\"https:\\\/\\\/regiaonews.net.br\\\/2022\\\/2023\\\/10\\\/03\\\/unifeb-lanca-psicologia-e-se-consolida-na-oferta-de-cursos-superiores\\\/#primaryimage\",\"url\":\"https:\\\/\\\/regiaonews.net.br\\\/2022\\\/wp-content\\\/uploads\\\/2023\\\/10\\\/Lancamento_Psicologia-1-scaled.jpg\",\"contentUrl\":\"https:\\\/\\\/regiaonews.net.br\\\/2022\\\/wp-content\\\/uploads\\\/2023\\\/10\\\/Lancamento_Psicologia-1-scaled.jpg\",\"width\":2560,\"height\":2014},{\"@type\":\"BreadcrumbList\",\"@id\":\"https:\\\/\\\/regiaonews.net.br\\\/2022\\\/2023\\\/10\\\/03\\\/unifeb-lanca-psicologia-e-se-consolida-na-oferta-de-cursos-superiores\\\/#breadcrumb\",\"itemListElement\":[{\"@type\":\"ListItem\",\"position\":1,\"name\":\"In\u00edcio\",\"item\":\"https:\\\/\\\/regiaonews.net.br\\\/2022\\\/\"},{\"@type\":\"ListItem\",\"position\":2,\"name\":\"UNIFEB lan\u00e7a Psicologia e se consolida na oferta de cursos superiores \u00a0\"}]},{\"@type\":\"WebSite\",\"@id\":\"https:\\\/\\\/regiaonews.net.br\\\/2022\\\/#website\",\"url\":\"https:\\\/\\\/regiaonews.net.br\\\/2022\\\/\",\"name\":\"Regi\u00e3o News\",\"description\":\"Site de Not\u00edcias de Barretos e regi\u00e3o\",\"publisher\":{\"@id\":\"https:\\\/\\\/regiaonews.net.br\\\/2022\\\/#organization\"},\"potentialAction\":[{\"@type\":\"SearchAction\",\"target\":{\"@type\":\"EntryPoint\",\"urlTemplate\":\"https:\\\/\\\/regiaonews.net.br\\\/2022\\\/?s={search_term_string}\"},\"query-input\":{\"@type\":\"PropertyValueSpecification\",\"valueRequired\":true,\"valueName\":\"search_term_string\"}}],\"inLanguage\":\"pt-BR\"},{\"@type\":\"Organization\",\"@id\":\"https:\\\/\\\/regiaonews.net.br\\\/2022\\\/#organization\",\"name\":\"Regi\u00e3o News\",\"url\":\"https:\\\/\\\/regiaonews.net.br\\\/2022\\\/\",\"logo\":{\"@type\":\"ImageObject\",\"inLanguage\":\"pt-BR\",\"@id\":\"https:\\\/\\\/regiaonews.net.br\\\/2022\\\/#\\\/schema\\\/logo\\\/image\\\/\",\"url\":\"https:\\\/\\\/regiaonews.net.br\\\/2022\\\/wp-content\\\/uploads\\\/2026\\\/03\\\/regiao-13-anos-scaled.jpg\",\"contentUrl\":\"https:\\\/\\\/regiaonews.net.br\\\/2022\\\/wp-content\\\/uploads\\\/2026\\\/03\\\/regiao-13-anos-scaled.jpg\",\"width\":2560,\"height\":635,\"caption\":\"Regi\u00e3o News\"},\"image\":{\"@id\":\"https:\\\/\\\/regiaonews.net.br\\\/2022\\\/#\\\/schema\\\/logo\\\/image\\\/\"}},{\"@type\":\"Person\",\"@id\":\"https:\\\/\\\/regiaonews.net.br\\\/2022\\\/#\\\/schema\\\/person\\\/2d205a608a5aa97ac279d7a5e6d89ad8\",\"name\":\"Roberto\",\"image\":{\"@type\":\"ImageObject\",\"inLanguage\":\"pt-BR\",\"@id\":\"https:\\\/\\\/secure.gravatar.com\\\/avatar\\\/42749d8b712ff9d59ca93dc150494e5b55a44134482993f5baeb97e61b7ecc89?s=96&d=mm&r=g\",\"url\":\"https:\\\/\\\/secure.gravatar.com\\\/avatar\\\/42749d8b712ff9d59ca93dc150494e5b55a44134482993f5baeb97e61b7ecc89?s=96&d=mm&r=g\",\"contentUrl\":\"https:\\\/\\\/secure.gravatar.com\\\/avatar\\\/42749d8b712ff9d59ca93dc150494e5b55a44134482993f5baeb97e61b7ecc89?s=96&d=mm&r=g\",\"caption\":\"Roberto\"},\"url\":\"https:\\\/\\\/regiaonews.net.br\\\/2022\\\/author\\\/roberto\\\/\"}]}<\/script>\n<!-- \/ Yoast SEO plugin. -->","yoast_head_json":{"title":"UNIFEB lan\u00e7a Psicologia e se consolida na oferta de cursos superiores \u00a0 - Regi\u00e3o News","robots":{"index":"index","follow":"follow","max-snippet":"max-snippet:-1","max-image-preview":"max-image-preview:large","max-video-preview":"max-video-preview:-1"},"canonical":"https:\/\/regiaonews.net.br\/2022\/2023\/10\/03\/unifeb-lanca-psicologia-e-se-consolida-na-oferta-de-cursos-superiores\/","og_locale":"pt_BR","og_type":"article","og_title":"UNIFEB lan\u00e7a Psicologia e se consolida na oferta de cursos superiores \u00a0 - Regi\u00e3o News","og_description":"A nova gradua\u00e7\u00e3o oferecer\u00e1 forma\u00e7\u00e3o conjunta em bacharelado e licenciatura","og_url":"https:\/\/regiaonews.net.br\/2022\/2023\/10\/03\/unifeb-lanca-psicologia-e-se-consolida-na-oferta-de-cursos-superiores\/","og_site_name":"Regi\u00e3o News","article_published_time":"2023-10-03T21:43:16+00:00","article_modified_time":"2023-10-03T21:45:05+00:00","og_image":[{"width":2560,"height":2014,"url":"https:\/\/regiaonews.net.br\/2022\/wp-content\/uploads\/2023\/10\/Lancamento_Psicologia-1-scaled.jpg","type":"image\/jpeg"}],"author":"Roberto","twitter_card":"summary_large_image","twitter_misc":{"Escrito por":"Roberto","Est. tempo de leitura":"4 minutos"},"schema":{"@context":"https:\/\/schema.org","@graph":[{"@type":"Article","@id":"https:\/\/regiaonews.net.br\/2022\/2023\/10\/03\/unifeb-lanca-psicologia-e-se-consolida-na-oferta-de-cursos-superiores\/#article","isPartOf":{"@id":"https:\/\/regiaonews.net.br\/2022\/2023\/10\/03\/unifeb-lanca-psicologia-e-se-consolida-na-oferta-de-cursos-superiores\/"},"author":{"name":"Roberto","@id":"https:\/\/regiaonews.net.br\/2022\/#\/schema\/person\/2d205a608a5aa97ac279d7a5e6d89ad8"},"headline":"UNIFEB lan\u00e7a Psicologia e se consolida na oferta de cursos superiores \u00a0","datePublished":"2023-10-03T21:43:16+00:00","dateModified":"2023-10-03T21:45:05+00:00","mainEntityOfPage":{"@id":"https:\/\/regiaonews.net.br\/2022\/2023\/10\/03\/unifeb-lanca-psicologia-e-se-consolida-na-oferta-de-cursos-superiores\/"},"wordCount":778,"commentCount":0,"publisher":{"@id":"https:\/\/regiaonews.net.br\/2022\/#organization"},"image":{"@id":"https:\/\/regiaonews.net.br\/2022\/2023\/10\/03\/unifeb-lanca-psicologia-e-se-consolida-na-oferta-de-cursos-superiores\/#primaryimage"},"thumbnailUrl":"https:\/\/regiaonews.net.br\/2022\/wp-content\/uploads\/2023\/10\/Lancamento_Psicologia-1-scaled.jpg","articleSection":["Barretos","Cidades"],"inLanguage":"pt-BR","potentialAction":[{"@type":"CommentAction","name":"Comment","target":["https:\/\/regiaonews.net.br\/2022\/2023\/10\/03\/unifeb-lanca-psicologia-e-se-consolida-na-oferta-de-cursos-superiores\/#respond"]}]},{"@type":"WebPage","@id":"https:\/\/regiaonews.net.br\/2022\/2023\/10\/03\/unifeb-lanca-psicologia-e-se-consolida-na-oferta-de-cursos-superiores\/","url":"https:\/\/regiaonews.net.br\/2022\/2023\/10\/03\/unifeb-lanca-psicologia-e-se-consolida-na-oferta-de-cursos-superiores\/","name":"UNIFEB lan\u00e7a Psicologia e se consolida na oferta de cursos superiores \u00a0 - Regi\u00e3o News","isPartOf":{"@id":"https:\/\/regiaonews.net.br\/2022\/#website"},"primaryImageOfPage":{"@id":"https:\/\/regiaonews.net.br\/2022\/2023\/10\/03\/unifeb-lanca-psicologia-e-se-consolida-na-oferta-de-cursos-superiores\/#primaryimage"},"image":{"@id":"https:\/\/regiaonews.net.br\/2022\/2023\/10\/03\/unifeb-lanca-psicologia-e-se-consolida-na-oferta-de-cursos-superiores\/#primaryimage"},"thumbnailUrl":"https:\/\/regiaonews.net.br\/2022\/wp-content\/uploads\/2023\/10\/Lancamento_Psicologia-1-scaled.jpg","datePublished":"2023-10-03T21:43:16+00:00","dateModified":"2023-10-03T21:45:05+00:00","breadcrumb":{"@id":"https:\/\/regiaonews.net.br\/2022\/2023\/10\/03\/unifeb-lanca-psicologia-e-se-consolida-na-oferta-de-cursos-superiores\/#breadcrumb"},"inLanguage":"pt-BR","potentialAction":[{"@type":"ReadAction","target":["https:\/\/regiaonews.net.br\/2022\/2023\/10\/03\/unifeb-lanca-psicologia-e-se-consolida-na-oferta-de-cursos-superiores\/"]}]},{"@type":"ImageObject","inLanguage":"pt-BR","@id":"https:\/\/regiaonews.net.br\/2022\/2023\/10\/03\/unifeb-lanca-psicologia-e-se-consolida-na-oferta-de-cursos-superiores\/#primaryimage","url":"https:\/\/regiaonews.net.br\/2022\/wp-content\/uploads\/2023\/10\/Lancamento_Psicologia-1-scaled.jpg","contentUrl":"https:\/\/regiaonews.net.br\/2022\/wp-content\/uploads\/2023\/10\/Lancamento_Psicologia-1-scaled.jpg","width":2560,"height":2014},{"@type":"BreadcrumbList","@id":"https:\/\/regiaonews.net.br\/2022\/2023\/10\/03\/unifeb-lanca-psicologia-e-se-consolida-na-oferta-de-cursos-superiores\/#breadcrumb","itemListElement":[{"@type":"ListItem","position":1,"name":"In\u00edcio","item":"https:\/\/regiaonews.net.br\/2022\/"},{"@type":"ListItem","position":2,"name":"UNIFEB lan\u00e7a Psicologia e se consolida na oferta de cursos superiores \u00a0"}]},{"@type":"WebSite","@id":"https:\/\/regiaonews.net.br\/2022\/#website","url":"https:\/\/regiaonews.net.br\/2022\/","name":"Regi\u00e3o News","description":"Site de Not\u00edcias de Barretos e regi\u00e3o","publisher":{"@id":"https:\/\/regiaonews.net.br\/2022\/#organization"},"potentialAction":[{"@type":"SearchAction","target":{"@type":"EntryPoint","urlTemplate":"https:\/\/regiaonews.net.br\/2022\/?s={search_term_string}"},"query-input":{"@type":"PropertyValueSpecification","valueRequired":true,"valueName":"search_term_string"}}],"inLanguage":"pt-BR"},{"@type":"Organization","@id":"https:\/\/regiaonews.net.br\/2022\/#organization","name":"Regi\u00e3o News","url":"https:\/\/regiaonews.net.br\/2022\/","logo":{"@type":"ImageObject","inLanguage":"pt-BR","@id":"https:\/\/regiaonews.net.br\/2022\/#\/schema\/logo\/image\/","url":"https:\/\/regiaonews.net.br\/2022\/wp-content\/uploads\/2026\/03\/regiao-13-anos-scaled.jpg","contentUrl":"https:\/\/regiaonews.net.br\/2022\/wp-content\/uploads\/2026\/03\/regiao-13-anos-scaled.jpg","width":2560,"height":635,"caption":"Regi\u00e3o News"},"image":{"@id":"https:\/\/regiaonews.net.br\/2022\/#\/schema\/logo\/image\/"}},{"@type":"Person","@id":"https:\/\/regiaonews.net.br\/2022\/#\/schema\/person\/2d205a608a5aa97ac279d7a5e6d89ad8","name":"Roberto","image":{"@type":"ImageObject","inLanguage":"pt-BR","@id":"https:\/\/secure.gravatar.com\/avatar\/42749d8b712ff9d59ca93dc150494e5b55a44134482993f5baeb97e61b7ecc89?s=96&d=mm&r=g","url":"https:\/\/secure.gravatar.com\/avatar\/42749d8b712ff9d59ca93dc150494e5b55a44134482993f5baeb97e61b7ecc89?s=96&d=mm&r=g","contentUrl":"https:\/\/secure.gravatar.com\/avatar\/42749d8b712ff9d59ca93dc150494e5b55a44134482993f5baeb97e61b7ecc89?s=96&d=mm&r=g","caption":"Roberto"},"url":"https:\/\/regiaonews.net.br\/2022\/author\/roberto\/"}]}},"publishpress_future_action":{"enabled":false,"date":"2026-05-03 05:10:57","action":"change-status","newStatus":"draft","terms":[],"taxonomy":"category","extraData":[]},"publishpress_future_workflow_manual_trigger":{"enabledWorkflows":[]},"_links":{"self":[{"href":"https:\/\/regiaonews.net.br\/2022\/wp-json\/wp\/v2\/posts\/96068","targetHints":{"allow":["GET"]}}],"collection":[{"href":"https:\/\/regiaonews.net.br\/2022\/wp-json\/wp\/v2\/posts"}],"about":[{"href":"https:\/\/regiaonews.net.br\/2022\/wp-json\/wp\/v2\/types\/post"}],"author":[{"embeddable":true,"href":"https:\/\/regiaonews.net.br\/2022\/wp-json\/wp\/v2\/users\/2"}],"replies":[{"embeddable":true,"href":"https:\/\/regiaonews.net.br\/2022\/wp-json\/wp\/v2\/comments?post=96068"}],"version-history":[{"count":4,"href":"https:\/\/regiaonews.net.br\/2022\/wp-json\/wp\/v2\/posts\/96068\/revisions"}],"predecessor-version":[{"id":96076,"href":"https:\/\/regiaonews.net.br\/2022\/wp-json\/wp\/v2\/posts\/96068\/revisions\/96076"}],"wp:featuredmedia":[{"embeddable":true,"href":"https:\/\/regiaonews.net.br\/2022\/wp-json\/wp\/v2\/media\/96071"}],"wp:attachment":[{"href":"https:\/\/regiaonews.net.br\/2022\/wp-json\/wp\/v2\/media?parent=96068"}],"wp:term":[{"taxonomy":"category","embeddable":true,"href":"https:\/\/regiaonews.net.br\/2022\/wp-json\/wp\/v2\/categories?post=96068"},{"taxonomy":"post_tag","embeddable":true,"href":"https:\/\/regiaonews.net.br\/2022\/wp-json\/wp\/v2\/tags?post=96068"}],"curies":[{"name":"wp","href":"https:\/\/api.w.org\/{rel}","templated":true}]}}