{"id":96062,"date":"2023-10-03T17:02:55","date_gmt":"2023-10-03T20:02:55","guid":{"rendered":"https:\/\/regiaonews.net.br\/2022\/?p=96062"},"modified":"2023-10-03T17:02:55","modified_gmt":"2023-10-03T20:02:55","slug":"prefeitura-libera-transito-de-veiculos-pela-avenida-39-apos-obras-antienchentes","status":"publish","type":"post","link":"https:\/\/regiaonews.net.br\/2022\/2023\/10\/03\/prefeitura-libera-transito-de-veiculos-pela-avenida-39-apos-obras-antienchentes\/","title":{"rendered":"Prefeitura libera tr\u00e2nsito de ve\u00edculos pela Avenida 39 ap\u00f3s obras antienchentes"},"content":{"rendered":"<h3 style=\"text-align: center;\">Trecho, entre as ruas 20 e 22, recebeu servi\u00e7os de drenagem e recapeamento.<\/h3>\n<p>A prefeitura da Est\u00e2ncia Tur\u00edstica de Barretos, por meio da Secretaria Municipal de Obras e Servi\u00e7os Urbanos, liberou na tarde de segunda-feira, 2 de outubro, o tr\u00e2nsito pela Avenida 39, entre as ruas 20 e 22, no centro da cidade. O trecho estava interditado para execu\u00e7\u00e3o de servi\u00e7os de drenagem e preven\u00e7\u00e3o contra enchentes.<br \/>\nA prefeita Paula Lemos visitou o local e falou dos desafios desta obra devido \u00e0s caracter\u00edsticas do solo e por se tratar de um bairro residencial. \u201cEu lutei muito para que este dia chegasse. N\u00e3o medimos esfor\u00e7os para que pud\u00e9ssemos liberar todo o tr\u00e1fego. Ainda temos que arrumar as cal\u00e7adas, mas a parte mais dif\u00edcil foi feita\u201d, comentou. Paula tamb\u00e9m frisou que esta foi uma obra emergencial, resultante da forte chuva que causou destrui\u00e7\u00e3o e morte no dia 6 de janeiro de 2022. \u201cA gente firmou este compromisso logo no dia seis de janeiro. Aqui parecia um pesadelo, tudo revirado. N\u00f3s perdemos uma pessoa na Rua 20 com a Avenida 37. Muitas vezes as pessoas acabam se esquecendo destas obras que ficam debaixo da terra. Mas a gente n\u00e3o esquece. Enterramos obras para n\u00e3o enterrar pessoas\u201d, completou. A chefe do executivo tamb\u00e9m relembrou a chuva de 18 de novembro do mesmo ano, que atrasou as obras.<br \/>\nA pavimenta\u00e7\u00e3o asf\u00e1ltica e a drenagem em diversas vias dos bairros Centro e Primavera, tem 99,60% dos servi\u00e7os conclu\u00eddos, segundo a Secretaria de Obras e Servi\u00e7os Urbanos. O Projeto de Reestrutura\u00e7\u00e3o do Sistema de Drenagem Urbana \u00e9 do engenheiro civil Pedro Donizeti Zacarin.<br \/>\nO investimento no local chega a R$ 7.384,237,27, sendo R$ 5.045.633,22 em conv\u00eanio estadual, mais contrapartida de R$ 2.338.604,05 da prefeitura.<br \/>\nAcompanharam a chefe do executivo, o vereador Nestor Leonel; os secret\u00e1rios de Obras e de Planejamento, Pl\u00e1cido Martins Junior e Carlos Henrique Gon\u00e7alves L\u00facio; o superintendente do SAAE, Marcelo Borges; e o Pastor Jonathas Lazzarotto, que fez uma ora\u00e7\u00e3o no local.<\/p>\n<p>Fotos: Andr\u00e9 Monteiro<\/p>\n","protected":false},"excerpt":{"rendered":"<p>Trecho, entre as ruas 20 e 22, recebeu servi\u00e7os de<\/p>\n","protected":false},"author":2,"featured_media":96063,"comment_status":"open","ping_status":"open","sticky":false,"template":"","format":"standard","meta":{"footnotes":""},"categories":[14,3],"tags":[],"class_list":["post-96062","post","type-post","status-publish","format-standard","has-post-thumbnail","hentry","category-barretos","category-geral"],"yoast_head":"<!-- This site is optimized with the Yoast SEO plugin v27.4 - https:\/\/yoast.com\/product\/yoast-seo-wordpress\/ -->\n<title>Prefeitura libera tr\u00e2nsito de ve\u00edculos pela Avenida 39 ap\u00f3s obras antienchentes - Regi\u00e3o News<\/title>\n<meta name=\"robots\" content=\"index, follow, max-snippet:-1, max-image-preview:large, max-video-preview:-1\" \/>\n<link rel=\"canonical\" href=\"https:\/\/regiaonews.net.br\/2022\/2023\/10\/03\/prefeitura-libera-transito-de-veiculos-pela-avenida-39-apos-obras-antienchentes\/\" \/>\n<meta property=\"og:locale\" content=\"pt_BR\" \/>\n<meta property=\"og:type\" content=\"article\" \/>\n<meta property=\"og:title\" content=\"Prefeitura libera tr\u00e2nsito de ve\u00edculos pela Avenida 39 ap\u00f3s obras antienchentes - Regi\u00e3o News\" \/>\n<meta property=\"og:description\" content=\"Trecho, entre as ruas 20 e 22, recebeu servi\u00e7os de\" \/>\n<meta property=\"og:url\" content=\"https:\/\/regiaonews.net.br\/2022\/2023\/10\/03\/prefeitura-libera-transito-de-veiculos-pela-avenida-39-apos-obras-antienchentes\/\" \/>\n<meta property=\"og:site_name\" content=\"Regi\u00e3o News\" \/>\n<meta property=\"article:published_time\" content=\"2023-10-03T20:02:55+00:00\" \/>\n<meta property=\"og:image\" content=\"https:\/\/regiaonews.net.br\/2022\/wp-content\/uploads\/2023\/10\/Imagem-do-WhatsApp-de-2023-10-03-as-16.44.36.jpg\" \/>\n\t<meta property=\"og:image:width\" content=\"1600\" \/>\n\t<meta property=\"og:image:height\" content=\"900\" \/>\n\t<meta property=\"og:image:type\" content=\"image\/jpeg\" \/>\n<meta name=\"author\" content=\"Roberto\" \/>\n<meta name=\"twitter:card\" content=\"summary_large_image\" \/>\n<meta name=\"twitter:label1\" content=\"Escrito por\" \/>\n\t<meta name=\"twitter:data1\" content=\"Roberto\" \/>\n\t<meta name=\"twitter:label2\" content=\"Est. tempo de leitura\" \/>\n\t<meta name=\"twitter:data2\" content=\"2 minutos\" \/>\n<script type=\"application\/ld+json\" class=\"yoast-schema-graph\">{\"@context\":\"https:\\\/\\\/schema.org\",\"@graph\":[{\"@type\":\"Article\",\"@id\":\"https:\\\/\\\/regiaonews.net.br\\\/2022\\\/2023\\\/10\\\/03\\\/prefeitura-libera-transito-de-veiculos-pela-avenida-39-apos-obras-antienchentes\\\/#article\",\"isPartOf\":{\"@id\":\"https:\\\/\\\/regiaonews.net.br\\\/2022\\\/2023\\\/10\\\/03\\\/prefeitura-libera-transito-de-veiculos-pela-avenida-39-apos-obras-antienchentes\\\/\"},\"author\":{\"name\":\"Roberto\",\"@id\":\"https:\\\/\\\/regiaonews.net.br\\\/2022\\\/#\\\/schema\\\/person\\\/2d205a608a5aa97ac279d7a5e6d89ad8\"},\"headline\":\"Prefeitura libera tr\u00e2nsito de ve\u00edculos pela Avenida 39 ap\u00f3s obras antienchentes\",\"datePublished\":\"2023-10-03T20:02:55+00:00\",\"mainEntityOfPage\":{\"@id\":\"https:\\\/\\\/regiaonews.net.br\\\/2022\\\/2023\\\/10\\\/03\\\/prefeitura-libera-transito-de-veiculos-pela-avenida-39-apos-obras-antienchentes\\\/\"},\"wordCount\":361,\"commentCount\":0,\"publisher\":{\"@id\":\"https:\\\/\\\/regiaonews.net.br\\\/2022\\\/#organization\"},\"image\":{\"@id\":\"https:\\\/\\\/regiaonews.net.br\\\/2022\\\/2023\\\/10\\\/03\\\/prefeitura-libera-transito-de-veiculos-pela-avenida-39-apos-obras-antienchentes\\\/#primaryimage\"},\"thumbnailUrl\":\"https:\\\/\\\/regiaonews.net.br\\\/2022\\\/wp-content\\\/uploads\\\/2023\\\/10\\\/Imagem-do-WhatsApp-de-2023-10-03-as-16.44.36.jpg\",\"articleSection\":[\"Barretos\",\"Geral\"],\"inLanguage\":\"pt-BR\",\"potentialAction\":[{\"@type\":\"CommentAction\",\"name\":\"Comment\",\"target\":[\"https:\\\/\\\/regiaonews.net.br\\\/2022\\\/2023\\\/10\\\/03\\\/prefeitura-libera-transito-de-veiculos-pela-avenida-39-apos-obras-antienchentes\\\/#respond\"]}]},{\"@type\":\"WebPage\",\"@id\":\"https:\\\/\\\/regiaonews.net.br\\\/2022\\\/2023\\\/10\\\/03\\\/prefeitura-libera-transito-de-veiculos-pela-avenida-39-apos-obras-antienchentes\\\/\",\"url\":\"https:\\\/\\\/regiaonews.net.br\\\/2022\\\/2023\\\/10\\\/03\\\/prefeitura-libera-transito-de-veiculos-pela-avenida-39-apos-obras-antienchentes\\\/\",\"name\":\"Prefeitura libera tr\u00e2nsito de ve\u00edculos pela Avenida 39 ap\u00f3s obras antienchentes - Regi\u00e3o News\",\"isPartOf\":{\"@id\":\"https:\\\/\\\/regiaonews.net.br\\\/2022\\\/#website\"},\"primaryImageOfPage\":{\"@id\":\"https:\\\/\\\/regiaonews.net.br\\\/2022\\\/2023\\\/10\\\/03\\\/prefeitura-libera-transito-de-veiculos-pela-avenida-39-apos-obras-antienchentes\\\/#primaryimage\"},\"image\":{\"@id\":\"https:\\\/\\\/regiaonews.net.br\\\/2022\\\/2023\\\/10\\\/03\\\/prefeitura-libera-transito-de-veiculos-pela-avenida-39-apos-obras-antienchentes\\\/#primaryimage\"},\"thumbnailUrl\":\"https:\\\/\\\/regiaonews.net.br\\\/2022\\\/wp-content\\\/uploads\\\/2023\\\/10\\\/Imagem-do-WhatsApp-de-2023-10-03-as-16.44.36.jpg\",\"datePublished\":\"2023-10-03T20:02:55+00:00\",\"breadcrumb\":{\"@id\":\"https:\\\/\\\/regiaonews.net.br\\\/2022\\\/2023\\\/10\\\/03\\\/prefeitura-libera-transito-de-veiculos-pela-avenida-39-apos-obras-antienchentes\\\/#breadcrumb\"},\"inLanguage\":\"pt-BR\",\"potentialAction\":[{\"@type\":\"ReadAction\",\"target\":[\"https:\\\/\\\/regiaonews.net.br\\\/2022\\\/2023\\\/10\\\/03\\\/prefeitura-libera-transito-de-veiculos-pela-avenida-39-apos-obras-antienchentes\\\/\"]}]},{\"@type\":\"ImageObject\",\"inLanguage\":\"pt-BR\",\"@id\":\"https:\\\/\\\/regiaonews.net.br\\\/2022\\\/2023\\\/10\\\/03\\\/prefeitura-libera-transito-de-veiculos-pela-avenida-39-apos-obras-antienchentes\\\/#primaryimage\",\"url\":\"https:\\\/\\\/regiaonews.net.br\\\/2022\\\/wp-content\\\/uploads\\\/2023\\\/10\\\/Imagem-do-WhatsApp-de-2023-10-03-as-16.44.36.jpg\",\"contentUrl\":\"https:\\\/\\\/regiaonews.net.br\\\/2022\\\/wp-content\\\/uploads\\\/2023\\\/10\\\/Imagem-do-WhatsApp-de-2023-10-03-as-16.44.36.jpg\",\"width\":1600,\"height\":900},{\"@type\":\"BreadcrumbList\",\"@id\":\"https:\\\/\\\/regiaonews.net.br\\\/2022\\\/2023\\\/10\\\/03\\\/prefeitura-libera-transito-de-veiculos-pela-avenida-39-apos-obras-antienchentes\\\/#breadcrumb\",\"itemListElement\":[{\"@type\":\"ListItem\",\"position\":1,\"name\":\"In\u00edcio\",\"item\":\"https:\\\/\\\/regiaonews.net.br\\\/2022\\\/\"},{\"@type\":\"ListItem\",\"position\":2,\"name\":\"Prefeitura libera tr\u00e2nsito de ve\u00edculos pela Avenida 39 ap\u00f3s obras antienchentes\"}]},{\"@type\":\"WebSite\",\"@id\":\"https:\\\/\\\/regiaonews.net.br\\\/2022\\\/#website\",\"url\":\"https:\\\/\\\/regiaonews.net.br\\\/2022\\\/\",\"name\":\"Regi\u00e3o News\",\"description\":\"Site de Not\u00edcias de Barretos e regi\u00e3o\",\"publisher\":{\"@id\":\"https:\\\/\\\/regiaonews.net.br\\\/2022\\\/#organization\"},\"potentialAction\":[{\"@type\":\"SearchAction\",\"target\":{\"@type\":\"EntryPoint\",\"urlTemplate\":\"https:\\\/\\\/regiaonews.net.br\\\/2022\\\/?s={search_term_string}\"},\"query-input\":{\"@type\":\"PropertyValueSpecification\",\"valueRequired\":true,\"valueName\":\"search_term_string\"}}],\"inLanguage\":\"pt-BR\"},{\"@type\":\"Organization\",\"@id\":\"https:\\\/\\\/regiaonews.net.br\\\/2022\\\/#organization\",\"name\":\"Regi\u00e3o News\",\"url\":\"https:\\\/\\\/regiaonews.net.br\\\/2022\\\/\",\"logo\":{\"@type\":\"ImageObject\",\"inLanguage\":\"pt-BR\",\"@id\":\"https:\\\/\\\/regiaonews.net.br\\\/2022\\\/#\\\/schema\\\/logo\\\/image\\\/\",\"url\":\"https:\\\/\\\/regiaonews.net.br\\\/2022\\\/wp-content\\\/uploads\\\/2026\\\/03\\\/regiao-13-anos-scaled.jpg\",\"contentUrl\":\"https:\\\/\\\/regiaonews.net.br\\\/2022\\\/wp-content\\\/uploads\\\/2026\\\/03\\\/regiao-13-anos-scaled.jpg\",\"width\":2560,\"height\":635,\"caption\":\"Regi\u00e3o News\"},\"image\":{\"@id\":\"https:\\\/\\\/regiaonews.net.br\\\/2022\\\/#\\\/schema\\\/logo\\\/image\\\/\"}},{\"@type\":\"Person\",\"@id\":\"https:\\\/\\\/regiaonews.net.br\\\/2022\\\/#\\\/schema\\\/person\\\/2d205a608a5aa97ac279d7a5e6d89ad8\",\"name\":\"Roberto\",\"image\":{\"@type\":\"ImageObject\",\"inLanguage\":\"pt-BR\",\"@id\":\"https:\\\/\\\/secure.gravatar.com\\\/avatar\\\/42749d8b712ff9d59ca93dc150494e5b55a44134482993f5baeb97e61b7ecc89?s=96&d=mm&r=g\",\"url\":\"https:\\\/\\\/secure.gravatar.com\\\/avatar\\\/42749d8b712ff9d59ca93dc150494e5b55a44134482993f5baeb97e61b7ecc89?s=96&d=mm&r=g\",\"contentUrl\":\"https:\\\/\\\/secure.gravatar.com\\\/avatar\\\/42749d8b712ff9d59ca93dc150494e5b55a44134482993f5baeb97e61b7ecc89?s=96&d=mm&r=g\",\"caption\":\"Roberto\"},\"url\":\"https:\\\/\\\/regiaonews.net.br\\\/2022\\\/author\\\/roberto\\\/\"}]}<\/script>\n<!-- \/ Yoast SEO plugin. -->","yoast_head_json":{"title":"Prefeitura libera tr\u00e2nsito de ve\u00edculos pela Avenida 39 ap\u00f3s obras antienchentes - Regi\u00e3o News","robots":{"index":"index","follow":"follow","max-snippet":"max-snippet:-1","max-image-preview":"max-image-preview:large","max-video-preview":"max-video-preview:-1"},"canonical":"https:\/\/regiaonews.net.br\/2022\/2023\/10\/03\/prefeitura-libera-transito-de-veiculos-pela-avenida-39-apos-obras-antienchentes\/","og_locale":"pt_BR","og_type":"article","og_title":"Prefeitura libera tr\u00e2nsito de ve\u00edculos pela Avenida 39 ap\u00f3s obras antienchentes - Regi\u00e3o News","og_description":"Trecho, entre as ruas 20 e 22, recebeu servi\u00e7os de","og_url":"https:\/\/regiaonews.net.br\/2022\/2023\/10\/03\/prefeitura-libera-transito-de-veiculos-pela-avenida-39-apos-obras-antienchentes\/","og_site_name":"Regi\u00e3o News","article_published_time":"2023-10-03T20:02:55+00:00","og_image":[{"width":1600,"height":900,"url":"https:\/\/regiaonews.net.br\/2022\/wp-content\/uploads\/2023\/10\/Imagem-do-WhatsApp-de-2023-10-03-as-16.44.36.jpg","type":"image\/jpeg"}],"author":"Roberto","twitter_card":"summary_large_image","twitter_misc":{"Escrito por":"Roberto","Est. tempo de leitura":"2 minutos"},"schema":{"@context":"https:\/\/schema.org","@graph":[{"@type":"Article","@id":"https:\/\/regiaonews.net.br\/2022\/2023\/10\/03\/prefeitura-libera-transito-de-veiculos-pela-avenida-39-apos-obras-antienchentes\/#article","isPartOf":{"@id":"https:\/\/regiaonews.net.br\/2022\/2023\/10\/03\/prefeitura-libera-transito-de-veiculos-pela-avenida-39-apos-obras-antienchentes\/"},"author":{"name":"Roberto","@id":"https:\/\/regiaonews.net.br\/2022\/#\/schema\/person\/2d205a608a5aa97ac279d7a5e6d89ad8"},"headline":"Prefeitura libera tr\u00e2nsito de ve\u00edculos pela Avenida 39 ap\u00f3s obras antienchentes","datePublished":"2023-10-03T20:02:55+00:00","mainEntityOfPage":{"@id":"https:\/\/regiaonews.net.br\/2022\/2023\/10\/03\/prefeitura-libera-transito-de-veiculos-pela-avenida-39-apos-obras-antienchentes\/"},"wordCount":361,"commentCount":0,"publisher":{"@id":"https:\/\/regiaonews.net.br\/2022\/#organization"},"image":{"@id":"https:\/\/regiaonews.net.br\/2022\/2023\/10\/03\/prefeitura-libera-transito-de-veiculos-pela-avenida-39-apos-obras-antienchentes\/#primaryimage"},"thumbnailUrl":"https:\/\/regiaonews.net.br\/2022\/wp-content\/uploads\/2023\/10\/Imagem-do-WhatsApp-de-2023-10-03-as-16.44.36.jpg","articleSection":["Barretos","Geral"],"inLanguage":"pt-BR","potentialAction":[{"@type":"CommentAction","name":"Comment","target":["https:\/\/regiaonews.net.br\/2022\/2023\/10\/03\/prefeitura-libera-transito-de-veiculos-pela-avenida-39-apos-obras-antienchentes\/#respond"]}]},{"@type":"WebPage","@id":"https:\/\/regiaonews.net.br\/2022\/2023\/10\/03\/prefeitura-libera-transito-de-veiculos-pela-avenida-39-apos-obras-antienchentes\/","url":"https:\/\/regiaonews.net.br\/2022\/2023\/10\/03\/prefeitura-libera-transito-de-veiculos-pela-avenida-39-apos-obras-antienchentes\/","name":"Prefeitura libera tr\u00e2nsito de ve\u00edculos pela Avenida 39 ap\u00f3s obras antienchentes - Regi\u00e3o News","isPartOf":{"@id":"https:\/\/regiaonews.net.br\/2022\/#website"},"primaryImageOfPage":{"@id":"https:\/\/regiaonews.net.br\/2022\/2023\/10\/03\/prefeitura-libera-transito-de-veiculos-pela-avenida-39-apos-obras-antienchentes\/#primaryimage"},"image":{"@id":"https:\/\/regiaonews.net.br\/2022\/2023\/10\/03\/prefeitura-libera-transito-de-veiculos-pela-avenida-39-apos-obras-antienchentes\/#primaryimage"},"thumbnailUrl":"https:\/\/regiaonews.net.br\/2022\/wp-content\/uploads\/2023\/10\/Imagem-do-WhatsApp-de-2023-10-03-as-16.44.36.jpg","datePublished":"2023-10-03T20:02:55+00:00","breadcrumb":{"@id":"https:\/\/regiaonews.net.br\/2022\/2023\/10\/03\/prefeitura-libera-transito-de-veiculos-pela-avenida-39-apos-obras-antienchentes\/#breadcrumb"},"inLanguage":"pt-BR","potentialAction":[{"@type":"ReadAction","target":["https:\/\/regiaonews.net.br\/2022\/2023\/10\/03\/prefeitura-libera-transito-de-veiculos-pela-avenida-39-apos-obras-antienchentes\/"]}]},{"@type":"ImageObject","inLanguage":"pt-BR","@id":"https:\/\/regiaonews.net.br\/2022\/2023\/10\/03\/prefeitura-libera-transito-de-veiculos-pela-avenida-39-apos-obras-antienchentes\/#primaryimage","url":"https:\/\/regiaonews.net.br\/2022\/wp-content\/uploads\/2023\/10\/Imagem-do-WhatsApp-de-2023-10-03-as-16.44.36.jpg","contentUrl":"https:\/\/regiaonews.net.br\/2022\/wp-content\/uploads\/2023\/10\/Imagem-do-WhatsApp-de-2023-10-03-as-16.44.36.jpg","width":1600,"height":900},{"@type":"BreadcrumbList","@id":"https:\/\/regiaonews.net.br\/2022\/2023\/10\/03\/prefeitura-libera-transito-de-veiculos-pela-avenida-39-apos-obras-antienchentes\/#breadcrumb","itemListElement":[{"@type":"ListItem","position":1,"name":"In\u00edcio","item":"https:\/\/regiaonews.net.br\/2022\/"},{"@type":"ListItem","position":2,"name":"Prefeitura libera tr\u00e2nsito de ve\u00edculos pela Avenida 39 ap\u00f3s obras antienchentes"}]},{"@type":"WebSite","@id":"https:\/\/regiaonews.net.br\/2022\/#website","url":"https:\/\/regiaonews.net.br\/2022\/","name":"Regi\u00e3o News","description":"Site de Not\u00edcias de Barretos e regi\u00e3o","publisher":{"@id":"https:\/\/regiaonews.net.br\/2022\/#organization"},"potentialAction":[{"@type":"SearchAction","target":{"@type":"EntryPoint","urlTemplate":"https:\/\/regiaonews.net.br\/2022\/?s={search_term_string}"},"query-input":{"@type":"PropertyValueSpecification","valueRequired":true,"valueName":"search_term_string"}}],"inLanguage":"pt-BR"},{"@type":"Organization","@id":"https:\/\/regiaonews.net.br\/2022\/#organization","name":"Regi\u00e3o News","url":"https:\/\/regiaonews.net.br\/2022\/","logo":{"@type":"ImageObject","inLanguage":"pt-BR","@id":"https:\/\/regiaonews.net.br\/2022\/#\/schema\/logo\/image\/","url":"https:\/\/regiaonews.net.br\/2022\/wp-content\/uploads\/2026\/03\/regiao-13-anos-scaled.jpg","contentUrl":"https:\/\/regiaonews.net.br\/2022\/wp-content\/uploads\/2026\/03\/regiao-13-anos-scaled.jpg","width":2560,"height":635,"caption":"Regi\u00e3o News"},"image":{"@id":"https:\/\/regiaonews.net.br\/2022\/#\/schema\/logo\/image\/"}},{"@type":"Person","@id":"https:\/\/regiaonews.net.br\/2022\/#\/schema\/person\/2d205a608a5aa97ac279d7a5e6d89ad8","name":"Roberto","image":{"@type":"ImageObject","inLanguage":"pt-BR","@id":"https:\/\/secure.gravatar.com\/avatar\/42749d8b712ff9d59ca93dc150494e5b55a44134482993f5baeb97e61b7ecc89?s=96&d=mm&r=g","url":"https:\/\/secure.gravatar.com\/avatar\/42749d8b712ff9d59ca93dc150494e5b55a44134482993f5baeb97e61b7ecc89?s=96&d=mm&r=g","contentUrl":"https:\/\/secure.gravatar.com\/avatar\/42749d8b712ff9d59ca93dc150494e5b55a44134482993f5baeb97e61b7ecc89?s=96&d=mm&r=g","caption":"Roberto"},"url":"https:\/\/regiaonews.net.br\/2022\/author\/roberto\/"}]}},"publishpress_future_action":{"enabled":false,"date":"2026-05-03 09:51:03","action":"change-status","newStatus":"draft","terms":[],"taxonomy":"category","extraData":[]},"publishpress_future_workflow_manual_trigger":{"enabledWorkflows":[]},"_links":{"self":[{"href":"https:\/\/regiaonews.net.br\/2022\/wp-json\/wp\/v2\/posts\/96062","targetHints":{"allow":["GET"]}}],"collection":[{"href":"https:\/\/regiaonews.net.br\/2022\/wp-json\/wp\/v2\/posts"}],"about":[{"href":"https:\/\/regiaonews.net.br\/2022\/wp-json\/wp\/v2\/types\/post"}],"author":[{"embeddable":true,"href":"https:\/\/regiaonews.net.br\/2022\/wp-json\/wp\/v2\/users\/2"}],"replies":[{"embeddable":true,"href":"https:\/\/regiaonews.net.br\/2022\/wp-json\/wp\/v2\/comments?post=96062"}],"version-history":[{"count":1,"href":"https:\/\/regiaonews.net.br\/2022\/wp-json\/wp\/v2\/posts\/96062\/revisions"}],"predecessor-version":[{"id":96064,"href":"https:\/\/regiaonews.net.br\/2022\/wp-json\/wp\/v2\/posts\/96062\/revisions\/96064"}],"wp:featuredmedia":[{"embeddable":true,"href":"https:\/\/regiaonews.net.br\/2022\/wp-json\/wp\/v2\/media\/96063"}],"wp:attachment":[{"href":"https:\/\/regiaonews.net.br\/2022\/wp-json\/wp\/v2\/media?parent=96062"}],"wp:term":[{"taxonomy":"category","embeddable":true,"href":"https:\/\/regiaonews.net.br\/2022\/wp-json\/wp\/v2\/categories?post=96062"},{"taxonomy":"post_tag","embeddable":true,"href":"https:\/\/regiaonews.net.br\/2022\/wp-json\/wp\/v2\/tags?post=96062"}],"curies":[{"name":"wp","href":"https:\/\/api.w.org\/{rel}","templated":true}]}}