{"id":96058,"date":"2023-10-03T13:53:31","date_gmt":"2023-10-03T16:53:31","guid":{"rendered":"https:\/\/regiaonews.net.br\/2022\/?p=96058"},"modified":"2023-10-03T13:54:10","modified_gmt":"2023-10-03T16:54:10","slug":"governador-de-sp-considera-greve-ilegal","status":"publish","type":"post","link":"https:\/\/regiaonews.net.br\/2022\/2023\/10\/03\/governador-de-sp-considera-greve-ilegal\/","title":{"rendered":"Governador de SP considera greve ilegal"},"content":{"rendered":"<header class=\"header-static navbar-sticky navbar-light navbar-sticky-on\">\n<nav class=\"navbar\">\n<div class=\"container nav-item dropdown megamenu\">\n<div class=\"offset-1 navbar-brand flex-grow-1\"><\/div>\n<\/div>\n<\/nav>\n<\/header>\n<div class=\"region region-content\">\n<article class=\"container\">\n<div class=\"row\">\n<div class=\"col-xl-7 offset-xl-1 col-lg-8 offset-lg-0 col-md-10 offset-md-1 mb-3\">\n<div class=\"post-item alt-font\">\n<div class=\"post-item-wrap\">\n<p>O governador de S\u00e3o Paulo, Tarc\u00edsio de Freitas, considerou abusiva a greve que paralisou metr\u00f4, trens e parte dos trabalhadores da estatal de saneamento nesta ter\u00e7a-feira (3).<img decoding=\"async\" src=\"https:\/\/agenciabrasil.ebc.com.br\/ebc.png?id=1558748&amp;o=node\" \/><img decoding=\"async\" src=\"https:\/\/agenciabrasil.ebc.com.br\/ebc.gif?id=1558748&amp;o=node\" \/><\/p>\n<p>\u201cInfelizmente, aquilo que a gente esperava est\u00e1 se concretizando. Temos uma greve de metr\u00f4, CPTM [Companhia Paulista de Trens Metropolitanos] e Sabesp [Companhia de Saneamento B\u00e1sico do Estado de S\u00e3o Paulo]. Uma greve ilegal, abusiva, claramente pol\u00edtica. Uma greve que tem por objetivo a defesa de um interesse muito corporativo\u201d, disse,\u00a0sobre o movimento contra a privatiza\u00e7\u00e3o de servi\u00e7os.<\/p>\n<p>Segundo o balan\u00e7o apresentado pelo governo, as linhas 1,2,3 e 15, operadas pelo metr\u00f4 amanheceram completamente paralisadas. Funcionam apenas as linhas 4 e 5, concedidas \u00e0 inciativa privada. No caso da CPTM, estavam totalmente paradas tr\u00eas das cinco linhas. Operam parcialmente as linhas de trens 7 e 11, mas nenhuma faz o trajeto completo e t\u00eam intervalos maiores de espera. As linhas 8 e 9, tamb\u00e9m privatizadas, mantiveram opera\u00e7\u00e3o.<\/p>\n<p>Segundo Tarc\u00edsio, a paralisa\u00e7\u00e3o desrespeita a decis\u00e3o do Tribunal Regional do Trabalho (TRT), de\u00a0sexta-feira (29), que proibiu a greve total dos trabalhadores do metr\u00f4. Conforme determina\u00e7\u00e3o do desembargador Celso Ricardo Peel Furtado de Oliveira, deveria ser assegurada a circula\u00e7\u00e3o da frota de 100% dos trens nos hor\u00e1rios de pico (das 6h \u00e0s 9h e das 16h \u00e0s 19h) e 80% nos demais per\u00edodos, sob pena de multa de R$ 500 mil. \u201cEssa turma n\u00e3o est\u00e1 respeitando sequer o Judici\u00e1rio. N\u00e3o est\u00e3o respeitando o poder Judici\u00e1rio, n\u00e3o est\u00e3o respeitando o cidad\u00e3o\u201d, criticou o governador.<\/p>\n<p>Estudos<\/p>\n<p>Sobre os processos em andamento, Tarc\u00edsio afirmou que as decis\u00f5es n\u00e3o foram tomadas ainda e que a popula\u00e7\u00e3o ser\u00e1 consultada. \u201cGente, n\u00f3s estamos estudando. Iniciamos estudos para verificar a viabilidade financeira, para verificar se a gente pode prestar o melhor servi\u00e7o. Em todo o processo de desestatiza\u00e7\u00e3o e todo o processo de concess\u00e3o existe um momento da consulta \u00e0 popula\u00e7\u00e3o, faz parte do rito faz parte do rito audi\u00eancia p\u00fablica\u201d, afirmou.<\/p>\n<p>Em rela\u00e7\u00e3o aos problemas apresentados pelas linhas 8 e 9 de trens, que s\u00e3o alvo de procedimentos pelo Minist\u00e9rio P\u00fablico de S\u00e3o Paulo devido ao grande aumento de falhas desde o in\u00edcio do contrato, em janeiro de 2022. \u201cAs linhas apresentam falhas porque chegaram nas m\u00e3os da iniciativa privada extremamente deterioradas. Por que aconteceram os descarrilamentos? Porque n\u00f3s t\u00ednhamos problemas de via permanente\u201d, defendeu o governador.<\/p>\n<p>Tarc\u00edsio disse ainda que os investimentos da Via Mobilidade, concession\u00e1ria que administra as linhas, est\u00e3o surtindo efeito. \u201cToda rede a\u00e9rea foi substitu\u00edda. Est\u00e1 havendo reforma em todas as subtra\u00e7\u00f5es. Ou seja, tem um investimento que est\u00e1 acontecendo e, obviamente, o n\u00famero de falhas est\u00e1 diminuindo\u201d, acrescentou.<\/p>\n<p>Sindicato contesta<\/p>\n<p>A presidente do Sindicato dos Metrovi\u00e1rios de S\u00e3o Paulo, Camila Lisboa, rebateu, em\u00a0transmiss\u00e3o pelas redes sociais, as declara\u00e7\u00f5es do governador. Segundo a l\u00edder sindical, a privatiza\u00e7\u00e3o dos servi\u00e7os do metr\u00f4, trens e da Sabesp j\u00e1 est\u00e1\u00a0em andamento e n\u00e3o apenas em fase de estudos, como afirmou Tarc\u00edsio. \u201cEle j\u00e1 fez um edital de terceiriza\u00e7\u00e3o dos servi\u00e7os de atendimento do metr\u00f4, que est\u00e1 previsto para ocorrer na semana que vem, no dia 10 de outubro\u201d, enfatizou.<\/p>\n<p>\u201cTem leil\u00e3o marcado de privatiza\u00e7\u00e3o da linha 7 Rubi para o dia 29 de fevereiro. Ele est\u00e1 encaminhando o projeto de lei de privatiza\u00e7\u00e3o da Sabesp na Assembleia Legislativa. Ele est\u00e1 conversando com os prefeitos de todas as cidades que t\u00eam os servi\u00e7os de Sabesp, convencendo as prefeituras a abrir m\u00e3o da autonomia dos munic\u00edpios para avan\u00e7ar com o projeto de privatiza\u00e7\u00e3o da Sabesp\u201d, destacou a sindicalista sobre as a\u00e7\u00f5es concretas que est\u00e3o sendo tomadas para que os servi\u00e7os p\u00fablicos sejam repassados \u00e0 iniciativa privada.<\/p>\n<p>Para Camila, Tarc\u00edsio tem agido pouco para reduzir os problemas enfrentados nas linhas de trem j\u00e1 privatizadas. \u201cGostaria de ver a braveza do governador Tarc\u00edsio quando tem descarrilamento da linha 8 e da linha 9. Eu gostaria de ver a braveza do governador Tarc\u00edsio quando o trem fica andando em velocidade reduzida ou quando as pessoas t\u00eam que andar pelos trilhos.\u201d<\/p>\n<p>A sindicalista pontuou ainda que em Belo Horizonte e no Rio de Janeiro a privatiza\u00e7\u00e3o dos servi\u00e7os de transportes resultou em expressivo\u00a0aumento\u00a0nos valores das tarifas cobradas dos passageiros.<\/p>\n<p>Segundo Camila, a paralisa\u00e7\u00e3o desta ter\u00e7a-feira defende\u00a0os direitos dos trabalhadores e da popula\u00e7\u00e3o. \u201cN\u00f3s estamos defendendo emprego. Estamos defendendo direitos e, ao mesmo tempo, estamos defendendo o interesse da popula\u00e7\u00e3o, que quer um transporte p\u00fablico de qualidade, que a \u00e1gua esteja com qualidade, que a conta de \u00e1gua n\u00e3o aumente\u201d.<\/p>\n<\/div>\n<\/div>\n<\/div>\n<\/div>\n<\/article>\n<\/div>\n","protected":false},"excerpt":{"rendered":"<p>O governador de S\u00e3o Paulo, Tarc\u00edsio de Freitas, considerou abusiva<\/p>\n","protected":false},"author":2,"featured_media":96059,"comment_status":"open","ping_status":"open","sticky":false,"template":"","format":"standard","meta":{"footnotes":""},"categories":[25,29],"tags":[],"class_list":["post-96058","post","type-post","status-publish","format-standard","has-post-thumbnail","hentry","category-cidades","category-sao-paulo"],"yoast_head":"<!-- This site is optimized with the Yoast SEO plugin v27.4 - https:\/\/yoast.com\/product\/yoast-seo-wordpress\/ -->\n<title>Governador de SP considera greve ilegal - Regi\u00e3o News<\/title>\n<meta name=\"robots\" content=\"index, follow, max-snippet:-1, max-image-preview:large, max-video-preview:-1\" \/>\n<link rel=\"canonical\" href=\"https:\/\/regiaonews.net.br\/2022\/2023\/10\/03\/governador-de-sp-considera-greve-ilegal\/\" \/>\n<meta property=\"og:locale\" content=\"pt_BR\" \/>\n<meta property=\"og:type\" content=\"article\" \/>\n<meta property=\"og:title\" content=\"Governador de SP considera greve ilegal - Regi\u00e3o News\" \/>\n<meta property=\"og:description\" content=\"O governador de S\u00e3o Paulo, Tarc\u00edsio de Freitas, considerou abusiva\" \/>\n<meta property=\"og:url\" content=\"https:\/\/regiaonews.net.br\/2022\/2023\/10\/03\/governador-de-sp-considera-greve-ilegal\/\" \/>\n<meta property=\"og:site_name\" content=\"Regi\u00e3o News\" \/>\n<meta property=\"article:published_time\" content=\"2023-10-03T16:53:31+00:00\" \/>\n<meta property=\"article:modified_time\" content=\"2023-10-03T16:54:10+00:00\" \/>\n<meta property=\"og:image\" content=\"https:\/\/regiaonews.net.br\/2022\/wp-content\/uploads\/2023\/10\/metro_de_sao_paulo_greve_rvrsa_abr_1905218798.jpg\" \/>\n\t<meta property=\"og:image:width\" content=\"1170\" \/>\n\t<meta property=\"og:image:height\" content=\"700\" \/>\n\t<meta property=\"og:image:type\" content=\"image\/jpeg\" \/>\n<meta name=\"author\" content=\"Roberto\" \/>\n<meta name=\"twitter:card\" content=\"summary_large_image\" \/>\n<meta name=\"twitter:label1\" content=\"Escrito por\" \/>\n\t<meta name=\"twitter:data1\" content=\"Roberto\" \/>\n\t<meta name=\"twitter:label2\" content=\"Est. tempo de leitura\" \/>\n\t<meta name=\"twitter:data2\" content=\"5 minutos\" \/>\n<script type=\"application\/ld+json\" class=\"yoast-schema-graph\">{\"@context\":\"https:\\\/\\\/schema.org\",\"@graph\":[{\"@type\":\"Article\",\"@id\":\"https:\\\/\\\/regiaonews.net.br\\\/2022\\\/2023\\\/10\\\/03\\\/governador-de-sp-considera-greve-ilegal\\\/#article\",\"isPartOf\":{\"@id\":\"https:\\\/\\\/regiaonews.net.br\\\/2022\\\/2023\\\/10\\\/03\\\/governador-de-sp-considera-greve-ilegal\\\/\"},\"author\":{\"name\":\"Roberto\",\"@id\":\"https:\\\/\\\/regiaonews.net.br\\\/2022\\\/#\\\/schema\\\/person\\\/2d205a608a5aa97ac279d7a5e6d89ad8\"},\"headline\":\"Governador de SP considera greve ilegal\",\"datePublished\":\"2023-10-03T16:53:31+00:00\",\"dateModified\":\"2023-10-03T16:54:10+00:00\",\"mainEntityOfPage\":{\"@id\":\"https:\\\/\\\/regiaonews.net.br\\\/2022\\\/2023\\\/10\\\/03\\\/governador-de-sp-considera-greve-ilegal\\\/\"},\"wordCount\":813,\"commentCount\":0,\"publisher\":{\"@id\":\"https:\\\/\\\/regiaonews.net.br\\\/2022\\\/#organization\"},\"image\":{\"@id\":\"https:\\\/\\\/regiaonews.net.br\\\/2022\\\/2023\\\/10\\\/03\\\/governador-de-sp-considera-greve-ilegal\\\/#primaryimage\"},\"thumbnailUrl\":\"https:\\\/\\\/regiaonews.net.br\\\/2022\\\/wp-content\\\/uploads\\\/2023\\\/10\\\/metro_de_sao_paulo_greve_rvrsa_abr_1905218798.jpg\",\"articleSection\":[\"Cidades\",\"S\u00e3o Paulo\"],\"inLanguage\":\"pt-BR\",\"potentialAction\":[{\"@type\":\"CommentAction\",\"name\":\"Comment\",\"target\":[\"https:\\\/\\\/regiaonews.net.br\\\/2022\\\/2023\\\/10\\\/03\\\/governador-de-sp-considera-greve-ilegal\\\/#respond\"]}]},{\"@type\":\"WebPage\",\"@id\":\"https:\\\/\\\/regiaonews.net.br\\\/2022\\\/2023\\\/10\\\/03\\\/governador-de-sp-considera-greve-ilegal\\\/\",\"url\":\"https:\\\/\\\/regiaonews.net.br\\\/2022\\\/2023\\\/10\\\/03\\\/governador-de-sp-considera-greve-ilegal\\\/\",\"name\":\"Governador de SP considera greve ilegal - Regi\u00e3o News\",\"isPartOf\":{\"@id\":\"https:\\\/\\\/regiaonews.net.br\\\/2022\\\/#website\"},\"primaryImageOfPage\":{\"@id\":\"https:\\\/\\\/regiaonews.net.br\\\/2022\\\/2023\\\/10\\\/03\\\/governador-de-sp-considera-greve-ilegal\\\/#primaryimage\"},\"image\":{\"@id\":\"https:\\\/\\\/regiaonews.net.br\\\/2022\\\/2023\\\/10\\\/03\\\/governador-de-sp-considera-greve-ilegal\\\/#primaryimage\"},\"thumbnailUrl\":\"https:\\\/\\\/regiaonews.net.br\\\/2022\\\/wp-content\\\/uploads\\\/2023\\\/10\\\/metro_de_sao_paulo_greve_rvrsa_abr_1905218798.jpg\",\"datePublished\":\"2023-10-03T16:53:31+00:00\",\"dateModified\":\"2023-10-03T16:54:10+00:00\",\"breadcrumb\":{\"@id\":\"https:\\\/\\\/regiaonews.net.br\\\/2022\\\/2023\\\/10\\\/03\\\/governador-de-sp-considera-greve-ilegal\\\/#breadcrumb\"},\"inLanguage\":\"pt-BR\",\"potentialAction\":[{\"@type\":\"ReadAction\",\"target\":[\"https:\\\/\\\/regiaonews.net.br\\\/2022\\\/2023\\\/10\\\/03\\\/governador-de-sp-considera-greve-ilegal\\\/\"]}]},{\"@type\":\"ImageObject\",\"inLanguage\":\"pt-BR\",\"@id\":\"https:\\\/\\\/regiaonews.net.br\\\/2022\\\/2023\\\/10\\\/03\\\/governador-de-sp-considera-greve-ilegal\\\/#primaryimage\",\"url\":\"https:\\\/\\\/regiaonews.net.br\\\/2022\\\/wp-content\\\/uploads\\\/2023\\\/10\\\/metro_de_sao_paulo_greve_rvrsa_abr_1905218798.jpg\",\"contentUrl\":\"https:\\\/\\\/regiaonews.net.br\\\/2022\\\/wp-content\\\/uploads\\\/2023\\\/10\\\/metro_de_sao_paulo_greve_rvrsa_abr_1905218798.jpg\",\"width\":1170,\"height\":700,\"caption\":\"Greve dos metrovi\u00e1rios causa paraliza\u00e7\u00e3o entre as esta\u00e7\u00f5es Santa Cec\u00edlia e Bresser Mooca da linha vermelha do mentr\u00f4.\"},{\"@type\":\"BreadcrumbList\",\"@id\":\"https:\\\/\\\/regiaonews.net.br\\\/2022\\\/2023\\\/10\\\/03\\\/governador-de-sp-considera-greve-ilegal\\\/#breadcrumb\",\"itemListElement\":[{\"@type\":\"ListItem\",\"position\":1,\"name\":\"In\u00edcio\",\"item\":\"https:\\\/\\\/regiaonews.net.br\\\/2022\\\/\"},{\"@type\":\"ListItem\",\"position\":2,\"name\":\"Governador de SP considera greve ilegal\"}]},{\"@type\":\"WebSite\",\"@id\":\"https:\\\/\\\/regiaonews.net.br\\\/2022\\\/#website\",\"url\":\"https:\\\/\\\/regiaonews.net.br\\\/2022\\\/\",\"name\":\"Regi\u00e3o News\",\"description\":\"Site de Not\u00edcias de Barretos e regi\u00e3o\",\"publisher\":{\"@id\":\"https:\\\/\\\/regiaonews.net.br\\\/2022\\\/#organization\"},\"potentialAction\":[{\"@type\":\"SearchAction\",\"target\":{\"@type\":\"EntryPoint\",\"urlTemplate\":\"https:\\\/\\\/regiaonews.net.br\\\/2022\\\/?s={search_term_string}\"},\"query-input\":{\"@type\":\"PropertyValueSpecification\",\"valueRequired\":true,\"valueName\":\"search_term_string\"}}],\"inLanguage\":\"pt-BR\"},{\"@type\":\"Organization\",\"@id\":\"https:\\\/\\\/regiaonews.net.br\\\/2022\\\/#organization\",\"name\":\"Regi\u00e3o News\",\"url\":\"https:\\\/\\\/regiaonews.net.br\\\/2022\\\/\",\"logo\":{\"@type\":\"ImageObject\",\"inLanguage\":\"pt-BR\",\"@id\":\"https:\\\/\\\/regiaonews.net.br\\\/2022\\\/#\\\/schema\\\/logo\\\/image\\\/\",\"url\":\"https:\\\/\\\/regiaonews.net.br\\\/2022\\\/wp-content\\\/uploads\\\/2026\\\/03\\\/regiao-13-anos-scaled.jpg\",\"contentUrl\":\"https:\\\/\\\/regiaonews.net.br\\\/2022\\\/wp-content\\\/uploads\\\/2026\\\/03\\\/regiao-13-anos-scaled.jpg\",\"width\":2560,\"height\":635,\"caption\":\"Regi\u00e3o News\"},\"image\":{\"@id\":\"https:\\\/\\\/regiaonews.net.br\\\/2022\\\/#\\\/schema\\\/logo\\\/image\\\/\"}},{\"@type\":\"Person\",\"@id\":\"https:\\\/\\\/regiaonews.net.br\\\/2022\\\/#\\\/schema\\\/person\\\/2d205a608a5aa97ac279d7a5e6d89ad8\",\"name\":\"Roberto\",\"image\":{\"@type\":\"ImageObject\",\"inLanguage\":\"pt-BR\",\"@id\":\"https:\\\/\\\/secure.gravatar.com\\\/avatar\\\/42749d8b712ff9d59ca93dc150494e5b55a44134482993f5baeb97e61b7ecc89?s=96&d=mm&r=g\",\"url\":\"https:\\\/\\\/secure.gravatar.com\\\/avatar\\\/42749d8b712ff9d59ca93dc150494e5b55a44134482993f5baeb97e61b7ecc89?s=96&d=mm&r=g\",\"contentUrl\":\"https:\\\/\\\/secure.gravatar.com\\\/avatar\\\/42749d8b712ff9d59ca93dc150494e5b55a44134482993f5baeb97e61b7ecc89?s=96&d=mm&r=g\",\"caption\":\"Roberto\"},\"url\":\"https:\\\/\\\/regiaonews.net.br\\\/2022\\\/author\\\/roberto\\\/\"}]}<\/script>\n<!-- \/ Yoast SEO plugin. -->","yoast_head_json":{"title":"Governador de SP considera greve ilegal - Regi\u00e3o News","robots":{"index":"index","follow":"follow","max-snippet":"max-snippet:-1","max-image-preview":"max-image-preview:large","max-video-preview":"max-video-preview:-1"},"canonical":"https:\/\/regiaonews.net.br\/2022\/2023\/10\/03\/governador-de-sp-considera-greve-ilegal\/","og_locale":"pt_BR","og_type":"article","og_title":"Governador de SP considera greve ilegal - Regi\u00e3o News","og_description":"O governador de S\u00e3o Paulo, Tarc\u00edsio de Freitas, considerou abusiva","og_url":"https:\/\/regiaonews.net.br\/2022\/2023\/10\/03\/governador-de-sp-considera-greve-ilegal\/","og_site_name":"Regi\u00e3o News","article_published_time":"2023-10-03T16:53:31+00:00","article_modified_time":"2023-10-03T16:54:10+00:00","og_image":[{"width":1170,"height":700,"url":"https:\/\/regiaonews.net.br\/2022\/wp-content\/uploads\/2023\/10\/metro_de_sao_paulo_greve_rvrsa_abr_1905218798.jpg","type":"image\/jpeg"}],"author":"Roberto","twitter_card":"summary_large_image","twitter_misc":{"Escrito por":"Roberto","Est. tempo de leitura":"5 minutos"},"schema":{"@context":"https:\/\/schema.org","@graph":[{"@type":"Article","@id":"https:\/\/regiaonews.net.br\/2022\/2023\/10\/03\/governador-de-sp-considera-greve-ilegal\/#article","isPartOf":{"@id":"https:\/\/regiaonews.net.br\/2022\/2023\/10\/03\/governador-de-sp-considera-greve-ilegal\/"},"author":{"name":"Roberto","@id":"https:\/\/regiaonews.net.br\/2022\/#\/schema\/person\/2d205a608a5aa97ac279d7a5e6d89ad8"},"headline":"Governador de SP considera greve ilegal","datePublished":"2023-10-03T16:53:31+00:00","dateModified":"2023-10-03T16:54:10+00:00","mainEntityOfPage":{"@id":"https:\/\/regiaonews.net.br\/2022\/2023\/10\/03\/governador-de-sp-considera-greve-ilegal\/"},"wordCount":813,"commentCount":0,"publisher":{"@id":"https:\/\/regiaonews.net.br\/2022\/#organization"},"image":{"@id":"https:\/\/regiaonews.net.br\/2022\/2023\/10\/03\/governador-de-sp-considera-greve-ilegal\/#primaryimage"},"thumbnailUrl":"https:\/\/regiaonews.net.br\/2022\/wp-content\/uploads\/2023\/10\/metro_de_sao_paulo_greve_rvrsa_abr_1905218798.jpg","articleSection":["Cidades","S\u00e3o Paulo"],"inLanguage":"pt-BR","potentialAction":[{"@type":"CommentAction","name":"Comment","target":["https:\/\/regiaonews.net.br\/2022\/2023\/10\/03\/governador-de-sp-considera-greve-ilegal\/#respond"]}]},{"@type":"WebPage","@id":"https:\/\/regiaonews.net.br\/2022\/2023\/10\/03\/governador-de-sp-considera-greve-ilegal\/","url":"https:\/\/regiaonews.net.br\/2022\/2023\/10\/03\/governador-de-sp-considera-greve-ilegal\/","name":"Governador de SP considera greve ilegal - Regi\u00e3o News","isPartOf":{"@id":"https:\/\/regiaonews.net.br\/2022\/#website"},"primaryImageOfPage":{"@id":"https:\/\/regiaonews.net.br\/2022\/2023\/10\/03\/governador-de-sp-considera-greve-ilegal\/#primaryimage"},"image":{"@id":"https:\/\/regiaonews.net.br\/2022\/2023\/10\/03\/governador-de-sp-considera-greve-ilegal\/#primaryimage"},"thumbnailUrl":"https:\/\/regiaonews.net.br\/2022\/wp-content\/uploads\/2023\/10\/metro_de_sao_paulo_greve_rvrsa_abr_1905218798.jpg","datePublished":"2023-10-03T16:53:31+00:00","dateModified":"2023-10-03T16:54:10+00:00","breadcrumb":{"@id":"https:\/\/regiaonews.net.br\/2022\/2023\/10\/03\/governador-de-sp-considera-greve-ilegal\/#breadcrumb"},"inLanguage":"pt-BR","potentialAction":[{"@type":"ReadAction","target":["https:\/\/regiaonews.net.br\/2022\/2023\/10\/03\/governador-de-sp-considera-greve-ilegal\/"]}]},{"@type":"ImageObject","inLanguage":"pt-BR","@id":"https:\/\/regiaonews.net.br\/2022\/2023\/10\/03\/governador-de-sp-considera-greve-ilegal\/#primaryimage","url":"https:\/\/regiaonews.net.br\/2022\/wp-content\/uploads\/2023\/10\/metro_de_sao_paulo_greve_rvrsa_abr_1905218798.jpg","contentUrl":"https:\/\/regiaonews.net.br\/2022\/wp-content\/uploads\/2023\/10\/metro_de_sao_paulo_greve_rvrsa_abr_1905218798.jpg","width":1170,"height":700,"caption":"Greve dos metrovi\u00e1rios causa paraliza\u00e7\u00e3o entre as esta\u00e7\u00f5es Santa Cec\u00edlia e Bresser Mooca da linha vermelha do mentr\u00f4."},{"@type":"BreadcrumbList","@id":"https:\/\/regiaonews.net.br\/2022\/2023\/10\/03\/governador-de-sp-considera-greve-ilegal\/#breadcrumb","itemListElement":[{"@type":"ListItem","position":1,"name":"In\u00edcio","item":"https:\/\/regiaonews.net.br\/2022\/"},{"@type":"ListItem","position":2,"name":"Governador de SP considera greve ilegal"}]},{"@type":"WebSite","@id":"https:\/\/regiaonews.net.br\/2022\/#website","url":"https:\/\/regiaonews.net.br\/2022\/","name":"Regi\u00e3o News","description":"Site de Not\u00edcias de Barretos e regi\u00e3o","publisher":{"@id":"https:\/\/regiaonews.net.br\/2022\/#organization"},"potentialAction":[{"@type":"SearchAction","target":{"@type":"EntryPoint","urlTemplate":"https:\/\/regiaonews.net.br\/2022\/?s={search_term_string}"},"query-input":{"@type":"PropertyValueSpecification","valueRequired":true,"valueName":"search_term_string"}}],"inLanguage":"pt-BR"},{"@type":"Organization","@id":"https:\/\/regiaonews.net.br\/2022\/#organization","name":"Regi\u00e3o News","url":"https:\/\/regiaonews.net.br\/2022\/","logo":{"@type":"ImageObject","inLanguage":"pt-BR","@id":"https:\/\/regiaonews.net.br\/2022\/#\/schema\/logo\/image\/","url":"https:\/\/regiaonews.net.br\/2022\/wp-content\/uploads\/2026\/03\/regiao-13-anos-scaled.jpg","contentUrl":"https:\/\/regiaonews.net.br\/2022\/wp-content\/uploads\/2026\/03\/regiao-13-anos-scaled.jpg","width":2560,"height":635,"caption":"Regi\u00e3o News"},"image":{"@id":"https:\/\/regiaonews.net.br\/2022\/#\/schema\/logo\/image\/"}},{"@type":"Person","@id":"https:\/\/regiaonews.net.br\/2022\/#\/schema\/person\/2d205a608a5aa97ac279d7a5e6d89ad8","name":"Roberto","image":{"@type":"ImageObject","inLanguage":"pt-BR","@id":"https:\/\/secure.gravatar.com\/avatar\/42749d8b712ff9d59ca93dc150494e5b55a44134482993f5baeb97e61b7ecc89?s=96&d=mm&r=g","url":"https:\/\/secure.gravatar.com\/avatar\/42749d8b712ff9d59ca93dc150494e5b55a44134482993f5baeb97e61b7ecc89?s=96&d=mm&r=g","contentUrl":"https:\/\/secure.gravatar.com\/avatar\/42749d8b712ff9d59ca93dc150494e5b55a44134482993f5baeb97e61b7ecc89?s=96&d=mm&r=g","caption":"Roberto"},"url":"https:\/\/regiaonews.net.br\/2022\/author\/roberto\/"}]}},"publishpress_future_action":{"enabled":false,"date":"2026-05-03 10:00:55","action":"change-status","newStatus":"draft","terms":[],"taxonomy":"category","extraData":[]},"publishpress_future_workflow_manual_trigger":{"enabledWorkflows":[]},"_links":{"self":[{"href":"https:\/\/regiaonews.net.br\/2022\/wp-json\/wp\/v2\/posts\/96058","targetHints":{"allow":["GET"]}}],"collection":[{"href":"https:\/\/regiaonews.net.br\/2022\/wp-json\/wp\/v2\/posts"}],"about":[{"href":"https:\/\/regiaonews.net.br\/2022\/wp-json\/wp\/v2\/types\/post"}],"author":[{"embeddable":true,"href":"https:\/\/regiaonews.net.br\/2022\/wp-json\/wp\/v2\/users\/2"}],"replies":[{"embeddable":true,"href":"https:\/\/regiaonews.net.br\/2022\/wp-json\/wp\/v2\/comments?post=96058"}],"version-history":[{"count":2,"href":"https:\/\/regiaonews.net.br\/2022\/wp-json\/wp\/v2\/posts\/96058\/revisions"}],"predecessor-version":[{"id":96061,"href":"https:\/\/regiaonews.net.br\/2022\/wp-json\/wp\/v2\/posts\/96058\/revisions\/96061"}],"wp:featuredmedia":[{"embeddable":true,"href":"https:\/\/regiaonews.net.br\/2022\/wp-json\/wp\/v2\/media\/96059"}],"wp:attachment":[{"href":"https:\/\/regiaonews.net.br\/2022\/wp-json\/wp\/v2\/media?parent=96058"}],"wp:term":[{"taxonomy":"category","embeddable":true,"href":"https:\/\/regiaonews.net.br\/2022\/wp-json\/wp\/v2\/categories?post=96058"},{"taxonomy":"post_tag","embeddable":true,"href":"https:\/\/regiaonews.net.br\/2022\/wp-json\/wp\/v2\/tags?post=96058"}],"curies":[{"name":"wp","href":"https:\/\/api.w.org\/{rel}","templated":true}]}}