{"id":96045,"date":"2023-10-03T07:39:45","date_gmt":"2023-10-03T10:39:45","guid":{"rendered":"https:\/\/regiaonews.net.br\/2022\/?p=96045"},"modified":"2023-10-03T07:43:10","modified_gmt":"2023-10-03T10:43:10","slug":"policia-ambiental-flagra-pescadores-realizando-pesca-submersa-com-15-kg-de-peixe","status":"publish","type":"post","link":"https:\/\/regiaonews.net.br\/2022\/2023\/10\/03\/policia-ambiental-flagra-pescadores-realizando-pesca-submersa-com-15-kg-de-peixe\/","title":{"rendered":"Pol\u00edcia Ambiental flagra pescadores realizando pesca submersa com  15 kg de peixe"},"content":{"rendered":"<p>&nbsp;<\/p>\n<p style=\"text-align: left;\">Durante patrulhamento ambiental n\u00e1utico, a Pol\u00edcia\u00a0 Ambiental realizou fiscaliza\u00e7\u00e3o no Rio Grande, nesta segunda-feira (2). Durante o patrulhamento a equipe avistou um barco em atitude suspeita, ao aproximar da embarca\u00e7\u00e3o foi constatado que haviam dois pescadores com roupas de mergulho, sendo constatado que havia um pescador submerso, que tamb\u00e9m foi localizado pela equipe.<\/p>\n<p style=\"text-align: left;\">Durante a vistoria foi constatado que havia alguns esp\u00e9cimes de pescado amarrados a uma corda submersa, sendo 3 Pintados, 1 Tra\u00edra e 1 Piapara. Interpelados sobre o fato, fomos informados que haviam capturado durante a pesca subaqu\u00e1tica.<\/p>\n<p style=\"text-align: left;\">Diante dos fatos, foram elaborados tr\u00eas Autos de Infra\u00e7\u00e3o Ambiental &#8220;por pescar mediante a utiliza\u00e7\u00e3o de m\u00e9todo nao permitido&#8221;, incorrendo no Art. 35, par 1\u00b0, Inc II, da Res SIMA 05\/21. O barco e o motor de popa foram apreendidos e depositados com o autuado, as roupas de mergulho foram apreendidas e depositadas no Pelot\u00e3o, os peixes ficaram impr\u00f3prios para consumo devido estarem expostos ao sol e foram descartados ao Aterro Municipal de Barretos.<\/p>\n<p>Apreens\u00e3o<\/p>\n<p>01 barco de alum\u00ednio, 01 motor de popa 15 HP, 15 Kg de pescados diversos, 02 Roupas de mergulho, 02 nadadeiras, 02 m\u00e1scaras, 03 Arp\u00e3o.<\/p>\n<p><a href=\"https:\/\/regiaonews.net.br\/2022\/wp-content\/uploads\/2023\/10\/IMG-20231003-WA0028.jpg\"><img loading=\"lazy\" decoding=\"async\" class=\"alignnone size-medium wp-image-96046\" src=\"https:\/\/regiaonews.net.br\/2022\/wp-content\/uploads\/2023\/10\/IMG-20231003-WA0028-135x300.jpg\" alt=\"\" width=\"135\" height=\"300\" srcset=\"https:\/\/regiaonews.net.br\/2022\/wp-content\/uploads\/2023\/10\/IMG-20231003-WA0028-135x300.jpg 135w, https:\/\/regiaonews.net.br\/2022\/wp-content\/uploads\/2023\/10\/IMG-20231003-WA0028-461x1024.jpg 461w, https:\/\/regiaonews.net.br\/2022\/wp-content\/uploads\/2023\/10\/IMG-20231003-WA0028-691x1536.jpg 691w, https:\/\/regiaonews.net.br\/2022\/wp-content\/uploads\/2023\/10\/IMG-20231003-WA0028-250x556.jpg 250w, https:\/\/regiaonews.net.br\/2022\/wp-content\/uploads\/2023\/10\/IMG-20231003-WA0028.jpg 720w\" sizes=\"auto, (max-width: 135px) 100vw, 135px\" \/><\/a><\/p>\n","protected":false},"excerpt":{"rendered":"<p>&nbsp; Durante patrulhamento ambiental n\u00e1utico, a Pol\u00edcia\u00a0 Ambiental realizou fiscaliza\u00e7\u00e3o<\/p>\n","protected":false},"author":2,"featured_media":96047,"comment_status":"open","ping_status":"open","sticky":false,"template":"","format":"standard","meta":{"footnotes":""},"categories":[6,23],"tags":[],"class_list":["post-96045","post","type-post","status-publish","format-standard","has-post-thumbnail","hentry","category-colombia","category-policia"],"yoast_head":"<!-- This site is optimized with the Yoast SEO plugin v27.4 - https:\/\/yoast.com\/product\/yoast-seo-wordpress\/ -->\n<title>Pol\u00edcia Ambiental flagra pescadores realizando pesca submersa<\/title>\n<meta name=\"description\" content=\"Durante patrulhamento ambiental n\u00e1utico, a Pol\u00edcia\u00a0 Ambiental realizou fiscaliza\u00e7\u00e3o no Rio Grande, nesta segunda-feira\" \/>\n<meta name=\"robots\" content=\"index, follow, max-snippet:-1, max-image-preview:large, max-video-preview:-1\" \/>\n<link rel=\"canonical\" href=\"https:\/\/regiaonews.net.br\/2022\/2023\/10\/03\/policia-ambiental-flagra-pescadores-realizando-pesca-submersa-com-15-kg-de-peixe\/\" \/>\n<meta property=\"og:locale\" content=\"pt_BR\" \/>\n<meta property=\"og:type\" content=\"article\" \/>\n<meta property=\"og:title\" content=\"Pol\u00edcia Ambiental flagra pescadores realizando pesca submersa\" \/>\n<meta property=\"og:description\" content=\"Durante patrulhamento ambiental n\u00e1utico, a Pol\u00edcia\u00a0 Ambiental realizou fiscaliza\u00e7\u00e3o no Rio Grande, nesta segunda-feira\" \/>\n<meta property=\"og:url\" content=\"https:\/\/regiaonews.net.br\/2022\/2023\/10\/03\/policia-ambiental-flagra-pescadores-realizando-pesca-submersa-com-15-kg-de-peixe\/\" \/>\n<meta property=\"og:site_name\" content=\"Regi\u00e3o News\" \/>\n<meta property=\"article:published_time\" content=\"2023-10-03T10:39:45+00:00\" \/>\n<meta property=\"article:modified_time\" content=\"2023-10-03T10:43:10+00:00\" \/>\n<meta property=\"og:image\" content=\"https:\/\/regiaonews.net.br\/2022\/wp-content\/uploads\/2023\/10\/IMG-20231003-WA0026.jpg\" \/>\n\t<meta property=\"og:image:width\" content=\"1600\" \/>\n\t<meta property=\"og:image:height\" content=\"1200\" \/>\n\t<meta property=\"og:image:type\" content=\"image\/jpeg\" \/>\n<meta name=\"author\" content=\"Roberto\" \/>\n<meta name=\"twitter:card\" content=\"summary_large_image\" \/>\n<meta name=\"twitter:label1\" content=\"Escrito por\" \/>\n\t<meta name=\"twitter:data1\" content=\"Roberto\" \/>\n\t<meta name=\"twitter:label2\" content=\"Est. tempo de leitura\" \/>\n\t<meta name=\"twitter:data2\" content=\"2 minutos\" \/>\n<script type=\"application\/ld+json\" class=\"yoast-schema-graph\">{\"@context\":\"https:\\\/\\\/schema.org\",\"@graph\":[{\"@type\":\"Article\",\"@id\":\"https:\\\/\\\/regiaonews.net.br\\\/2022\\\/2023\\\/10\\\/03\\\/policia-ambiental-flagra-pescadores-realizando-pesca-submersa-com-15-kg-de-peixe\\\/#article\",\"isPartOf\":{\"@id\":\"https:\\\/\\\/regiaonews.net.br\\\/2022\\\/2023\\\/10\\\/03\\\/policia-ambiental-flagra-pescadores-realizando-pesca-submersa-com-15-kg-de-peixe\\\/\"},\"author\":{\"name\":\"Roberto\",\"@id\":\"https:\\\/\\\/regiaonews.net.br\\\/2022\\\/#\\\/schema\\\/person\\\/2d205a608a5aa97ac279d7a5e6d89ad8\"},\"headline\":\"Pol\u00edcia Ambiental flagra pescadores realizando pesca submersa com 15 kg de peixe\",\"datePublished\":\"2023-10-03T10:39:45+00:00\",\"dateModified\":\"2023-10-03T10:43:10+00:00\",\"mainEntityOfPage\":{\"@id\":\"https:\\\/\\\/regiaonews.net.br\\\/2022\\\/2023\\\/10\\\/03\\\/policia-ambiental-flagra-pescadores-realizando-pesca-submersa-com-15-kg-de-peixe\\\/\"},\"wordCount\":206,\"commentCount\":0,\"publisher\":{\"@id\":\"https:\\\/\\\/regiaonews.net.br\\\/2022\\\/#organization\"},\"image\":{\"@id\":\"https:\\\/\\\/regiaonews.net.br\\\/2022\\\/2023\\\/10\\\/03\\\/policia-ambiental-flagra-pescadores-realizando-pesca-submersa-com-15-kg-de-peixe\\\/#primaryimage\"},\"thumbnailUrl\":\"https:\\\/\\\/regiaonews.net.br\\\/2022\\\/wp-content\\\/uploads\\\/2023\\\/10\\\/IMG-20231003-WA0026.jpg\",\"articleSection\":[\"Col\u00f4mbia\",\"Policia\"],\"inLanguage\":\"pt-BR\",\"potentialAction\":[{\"@type\":\"CommentAction\",\"name\":\"Comment\",\"target\":[\"https:\\\/\\\/regiaonews.net.br\\\/2022\\\/2023\\\/10\\\/03\\\/policia-ambiental-flagra-pescadores-realizando-pesca-submersa-com-15-kg-de-peixe\\\/#respond\"]}]},{\"@type\":\"WebPage\",\"@id\":\"https:\\\/\\\/regiaonews.net.br\\\/2022\\\/2023\\\/10\\\/03\\\/policia-ambiental-flagra-pescadores-realizando-pesca-submersa-com-15-kg-de-peixe\\\/\",\"url\":\"https:\\\/\\\/regiaonews.net.br\\\/2022\\\/2023\\\/10\\\/03\\\/policia-ambiental-flagra-pescadores-realizando-pesca-submersa-com-15-kg-de-peixe\\\/\",\"name\":\"Pol\u00edcia Ambiental flagra pescadores realizando pesca submersa\",\"isPartOf\":{\"@id\":\"https:\\\/\\\/regiaonews.net.br\\\/2022\\\/#website\"},\"primaryImageOfPage\":{\"@id\":\"https:\\\/\\\/regiaonews.net.br\\\/2022\\\/2023\\\/10\\\/03\\\/policia-ambiental-flagra-pescadores-realizando-pesca-submersa-com-15-kg-de-peixe\\\/#primaryimage\"},\"image\":{\"@id\":\"https:\\\/\\\/regiaonews.net.br\\\/2022\\\/2023\\\/10\\\/03\\\/policia-ambiental-flagra-pescadores-realizando-pesca-submersa-com-15-kg-de-peixe\\\/#primaryimage\"},\"thumbnailUrl\":\"https:\\\/\\\/regiaonews.net.br\\\/2022\\\/wp-content\\\/uploads\\\/2023\\\/10\\\/IMG-20231003-WA0026.jpg\",\"datePublished\":\"2023-10-03T10:39:45+00:00\",\"dateModified\":\"2023-10-03T10:43:10+00:00\",\"description\":\"Durante patrulhamento ambiental n\u00e1utico, a Pol\u00edcia\u00a0 Ambiental realizou fiscaliza\u00e7\u00e3o no Rio Grande, nesta segunda-feira\",\"breadcrumb\":{\"@id\":\"https:\\\/\\\/regiaonews.net.br\\\/2022\\\/2023\\\/10\\\/03\\\/policia-ambiental-flagra-pescadores-realizando-pesca-submersa-com-15-kg-de-peixe\\\/#breadcrumb\"},\"inLanguage\":\"pt-BR\",\"potentialAction\":[{\"@type\":\"ReadAction\",\"target\":[\"https:\\\/\\\/regiaonews.net.br\\\/2022\\\/2023\\\/10\\\/03\\\/policia-ambiental-flagra-pescadores-realizando-pesca-submersa-com-15-kg-de-peixe\\\/\"]}]},{\"@type\":\"ImageObject\",\"inLanguage\":\"pt-BR\",\"@id\":\"https:\\\/\\\/regiaonews.net.br\\\/2022\\\/2023\\\/10\\\/03\\\/policia-ambiental-flagra-pescadores-realizando-pesca-submersa-com-15-kg-de-peixe\\\/#primaryimage\",\"url\":\"https:\\\/\\\/regiaonews.net.br\\\/2022\\\/wp-content\\\/uploads\\\/2023\\\/10\\\/IMG-20231003-WA0026.jpg\",\"contentUrl\":\"https:\\\/\\\/regiaonews.net.br\\\/2022\\\/wp-content\\\/uploads\\\/2023\\\/10\\\/IMG-20231003-WA0026.jpg\",\"width\":1600,\"height\":1200},{\"@type\":\"BreadcrumbList\",\"@id\":\"https:\\\/\\\/regiaonews.net.br\\\/2022\\\/2023\\\/10\\\/03\\\/policia-ambiental-flagra-pescadores-realizando-pesca-submersa-com-15-kg-de-peixe\\\/#breadcrumb\",\"itemListElement\":[{\"@type\":\"ListItem\",\"position\":1,\"name\":\"In\u00edcio\",\"item\":\"https:\\\/\\\/regiaonews.net.br\\\/2022\\\/\"},{\"@type\":\"ListItem\",\"position\":2,\"name\":\"Pol\u00edcia Ambiental flagra pescadores realizando pesca submersa com 15 kg de peixe\"}]},{\"@type\":\"WebSite\",\"@id\":\"https:\\\/\\\/regiaonews.net.br\\\/2022\\\/#website\",\"url\":\"https:\\\/\\\/regiaonews.net.br\\\/2022\\\/\",\"name\":\"Regi\u00e3o News\",\"description\":\"Site de Not\u00edcias de Barretos e regi\u00e3o\",\"publisher\":{\"@id\":\"https:\\\/\\\/regiaonews.net.br\\\/2022\\\/#organization\"},\"potentialAction\":[{\"@type\":\"SearchAction\",\"target\":{\"@type\":\"EntryPoint\",\"urlTemplate\":\"https:\\\/\\\/regiaonews.net.br\\\/2022\\\/?s={search_term_string}\"},\"query-input\":{\"@type\":\"PropertyValueSpecification\",\"valueRequired\":true,\"valueName\":\"search_term_string\"}}],\"inLanguage\":\"pt-BR\"},{\"@type\":\"Organization\",\"@id\":\"https:\\\/\\\/regiaonews.net.br\\\/2022\\\/#organization\",\"name\":\"Regi\u00e3o News\",\"url\":\"https:\\\/\\\/regiaonews.net.br\\\/2022\\\/\",\"logo\":{\"@type\":\"ImageObject\",\"inLanguage\":\"pt-BR\",\"@id\":\"https:\\\/\\\/regiaonews.net.br\\\/2022\\\/#\\\/schema\\\/logo\\\/image\\\/\",\"url\":\"https:\\\/\\\/regiaonews.net.br\\\/2022\\\/wp-content\\\/uploads\\\/2026\\\/03\\\/regiao-13-anos-scaled.jpg\",\"contentUrl\":\"https:\\\/\\\/regiaonews.net.br\\\/2022\\\/wp-content\\\/uploads\\\/2026\\\/03\\\/regiao-13-anos-scaled.jpg\",\"width\":2560,\"height\":635,\"caption\":\"Regi\u00e3o News\"},\"image\":{\"@id\":\"https:\\\/\\\/regiaonews.net.br\\\/2022\\\/#\\\/schema\\\/logo\\\/image\\\/\"}},{\"@type\":\"Person\",\"@id\":\"https:\\\/\\\/regiaonews.net.br\\\/2022\\\/#\\\/schema\\\/person\\\/2d205a608a5aa97ac279d7a5e6d89ad8\",\"name\":\"Roberto\",\"image\":{\"@type\":\"ImageObject\",\"inLanguage\":\"pt-BR\",\"@id\":\"https:\\\/\\\/secure.gravatar.com\\\/avatar\\\/42749d8b712ff9d59ca93dc150494e5b55a44134482993f5baeb97e61b7ecc89?s=96&d=mm&r=g\",\"url\":\"https:\\\/\\\/secure.gravatar.com\\\/avatar\\\/42749d8b712ff9d59ca93dc150494e5b55a44134482993f5baeb97e61b7ecc89?s=96&d=mm&r=g\",\"contentUrl\":\"https:\\\/\\\/secure.gravatar.com\\\/avatar\\\/42749d8b712ff9d59ca93dc150494e5b55a44134482993f5baeb97e61b7ecc89?s=96&d=mm&r=g\",\"caption\":\"Roberto\"},\"url\":\"https:\\\/\\\/regiaonews.net.br\\\/2022\\\/author\\\/roberto\\\/\"}]}<\/script>\n<!-- \/ Yoast SEO plugin. -->","yoast_head_json":{"title":"Pol\u00edcia Ambiental flagra pescadores realizando pesca submersa","description":"Durante patrulhamento ambiental n\u00e1utico, a Pol\u00edcia\u00a0 Ambiental realizou fiscaliza\u00e7\u00e3o no Rio Grande, nesta segunda-feira","robots":{"index":"index","follow":"follow","max-snippet":"max-snippet:-1","max-image-preview":"max-image-preview:large","max-video-preview":"max-video-preview:-1"},"canonical":"https:\/\/regiaonews.net.br\/2022\/2023\/10\/03\/policia-ambiental-flagra-pescadores-realizando-pesca-submersa-com-15-kg-de-peixe\/","og_locale":"pt_BR","og_type":"article","og_title":"Pol\u00edcia Ambiental flagra pescadores realizando pesca submersa","og_description":"Durante patrulhamento ambiental n\u00e1utico, a Pol\u00edcia\u00a0 Ambiental realizou fiscaliza\u00e7\u00e3o no Rio Grande, nesta segunda-feira","og_url":"https:\/\/regiaonews.net.br\/2022\/2023\/10\/03\/policia-ambiental-flagra-pescadores-realizando-pesca-submersa-com-15-kg-de-peixe\/","og_site_name":"Regi\u00e3o News","article_published_time":"2023-10-03T10:39:45+00:00","article_modified_time":"2023-10-03T10:43:10+00:00","og_image":[{"width":1600,"height":1200,"url":"https:\/\/regiaonews.net.br\/2022\/wp-content\/uploads\/2023\/10\/IMG-20231003-WA0026.jpg","type":"image\/jpeg"}],"author":"Roberto","twitter_card":"summary_large_image","twitter_misc":{"Escrito por":"Roberto","Est. tempo de leitura":"2 minutos"},"schema":{"@context":"https:\/\/schema.org","@graph":[{"@type":"Article","@id":"https:\/\/regiaonews.net.br\/2022\/2023\/10\/03\/policia-ambiental-flagra-pescadores-realizando-pesca-submersa-com-15-kg-de-peixe\/#article","isPartOf":{"@id":"https:\/\/regiaonews.net.br\/2022\/2023\/10\/03\/policia-ambiental-flagra-pescadores-realizando-pesca-submersa-com-15-kg-de-peixe\/"},"author":{"name":"Roberto","@id":"https:\/\/regiaonews.net.br\/2022\/#\/schema\/person\/2d205a608a5aa97ac279d7a5e6d89ad8"},"headline":"Pol\u00edcia Ambiental flagra pescadores realizando pesca submersa com 15 kg de peixe","datePublished":"2023-10-03T10:39:45+00:00","dateModified":"2023-10-03T10:43:10+00:00","mainEntityOfPage":{"@id":"https:\/\/regiaonews.net.br\/2022\/2023\/10\/03\/policia-ambiental-flagra-pescadores-realizando-pesca-submersa-com-15-kg-de-peixe\/"},"wordCount":206,"commentCount":0,"publisher":{"@id":"https:\/\/regiaonews.net.br\/2022\/#organization"},"image":{"@id":"https:\/\/regiaonews.net.br\/2022\/2023\/10\/03\/policia-ambiental-flagra-pescadores-realizando-pesca-submersa-com-15-kg-de-peixe\/#primaryimage"},"thumbnailUrl":"https:\/\/regiaonews.net.br\/2022\/wp-content\/uploads\/2023\/10\/IMG-20231003-WA0026.jpg","articleSection":["Col\u00f4mbia","Policia"],"inLanguage":"pt-BR","potentialAction":[{"@type":"CommentAction","name":"Comment","target":["https:\/\/regiaonews.net.br\/2022\/2023\/10\/03\/policia-ambiental-flagra-pescadores-realizando-pesca-submersa-com-15-kg-de-peixe\/#respond"]}]},{"@type":"WebPage","@id":"https:\/\/regiaonews.net.br\/2022\/2023\/10\/03\/policia-ambiental-flagra-pescadores-realizando-pesca-submersa-com-15-kg-de-peixe\/","url":"https:\/\/regiaonews.net.br\/2022\/2023\/10\/03\/policia-ambiental-flagra-pescadores-realizando-pesca-submersa-com-15-kg-de-peixe\/","name":"Pol\u00edcia Ambiental flagra pescadores realizando pesca submersa","isPartOf":{"@id":"https:\/\/regiaonews.net.br\/2022\/#website"},"primaryImageOfPage":{"@id":"https:\/\/regiaonews.net.br\/2022\/2023\/10\/03\/policia-ambiental-flagra-pescadores-realizando-pesca-submersa-com-15-kg-de-peixe\/#primaryimage"},"image":{"@id":"https:\/\/regiaonews.net.br\/2022\/2023\/10\/03\/policia-ambiental-flagra-pescadores-realizando-pesca-submersa-com-15-kg-de-peixe\/#primaryimage"},"thumbnailUrl":"https:\/\/regiaonews.net.br\/2022\/wp-content\/uploads\/2023\/10\/IMG-20231003-WA0026.jpg","datePublished":"2023-10-03T10:39:45+00:00","dateModified":"2023-10-03T10:43:10+00:00","description":"Durante patrulhamento ambiental n\u00e1utico, a Pol\u00edcia\u00a0 Ambiental realizou fiscaliza\u00e7\u00e3o no Rio Grande, nesta segunda-feira","breadcrumb":{"@id":"https:\/\/regiaonews.net.br\/2022\/2023\/10\/03\/policia-ambiental-flagra-pescadores-realizando-pesca-submersa-com-15-kg-de-peixe\/#breadcrumb"},"inLanguage":"pt-BR","potentialAction":[{"@type":"ReadAction","target":["https:\/\/regiaonews.net.br\/2022\/2023\/10\/03\/policia-ambiental-flagra-pescadores-realizando-pesca-submersa-com-15-kg-de-peixe\/"]}]},{"@type":"ImageObject","inLanguage":"pt-BR","@id":"https:\/\/regiaonews.net.br\/2022\/2023\/10\/03\/policia-ambiental-flagra-pescadores-realizando-pesca-submersa-com-15-kg-de-peixe\/#primaryimage","url":"https:\/\/regiaonews.net.br\/2022\/wp-content\/uploads\/2023\/10\/IMG-20231003-WA0026.jpg","contentUrl":"https:\/\/regiaonews.net.br\/2022\/wp-content\/uploads\/2023\/10\/IMG-20231003-WA0026.jpg","width":1600,"height":1200},{"@type":"BreadcrumbList","@id":"https:\/\/regiaonews.net.br\/2022\/2023\/10\/03\/policia-ambiental-flagra-pescadores-realizando-pesca-submersa-com-15-kg-de-peixe\/#breadcrumb","itemListElement":[{"@type":"ListItem","position":1,"name":"In\u00edcio","item":"https:\/\/regiaonews.net.br\/2022\/"},{"@type":"ListItem","position":2,"name":"Pol\u00edcia Ambiental flagra pescadores realizando pesca submersa com 15 kg de peixe"}]},{"@type":"WebSite","@id":"https:\/\/regiaonews.net.br\/2022\/#website","url":"https:\/\/regiaonews.net.br\/2022\/","name":"Regi\u00e3o News","description":"Site de Not\u00edcias de Barretos e regi\u00e3o","publisher":{"@id":"https:\/\/regiaonews.net.br\/2022\/#organization"},"potentialAction":[{"@type":"SearchAction","target":{"@type":"EntryPoint","urlTemplate":"https:\/\/regiaonews.net.br\/2022\/?s={search_term_string}"},"query-input":{"@type":"PropertyValueSpecification","valueRequired":true,"valueName":"search_term_string"}}],"inLanguage":"pt-BR"},{"@type":"Organization","@id":"https:\/\/regiaonews.net.br\/2022\/#organization","name":"Regi\u00e3o News","url":"https:\/\/regiaonews.net.br\/2022\/","logo":{"@type":"ImageObject","inLanguage":"pt-BR","@id":"https:\/\/regiaonews.net.br\/2022\/#\/schema\/logo\/image\/","url":"https:\/\/regiaonews.net.br\/2022\/wp-content\/uploads\/2026\/03\/regiao-13-anos-scaled.jpg","contentUrl":"https:\/\/regiaonews.net.br\/2022\/wp-content\/uploads\/2026\/03\/regiao-13-anos-scaled.jpg","width":2560,"height":635,"caption":"Regi\u00e3o News"},"image":{"@id":"https:\/\/regiaonews.net.br\/2022\/#\/schema\/logo\/image\/"}},{"@type":"Person","@id":"https:\/\/regiaonews.net.br\/2022\/#\/schema\/person\/2d205a608a5aa97ac279d7a5e6d89ad8","name":"Roberto","image":{"@type":"ImageObject","inLanguage":"pt-BR","@id":"https:\/\/secure.gravatar.com\/avatar\/42749d8b712ff9d59ca93dc150494e5b55a44134482993f5baeb97e61b7ecc89?s=96&d=mm&r=g","url":"https:\/\/secure.gravatar.com\/avatar\/42749d8b712ff9d59ca93dc150494e5b55a44134482993f5baeb97e61b7ecc89?s=96&d=mm&r=g","contentUrl":"https:\/\/secure.gravatar.com\/avatar\/42749d8b712ff9d59ca93dc150494e5b55a44134482993f5baeb97e61b7ecc89?s=96&d=mm&r=g","caption":"Roberto"},"url":"https:\/\/regiaonews.net.br\/2022\/author\/roberto\/"}]}},"publishpress_future_action":{"enabled":false,"date":"2026-05-03 14:54:23","action":"change-status","newStatus":"draft","terms":[],"taxonomy":"category","extraData":[]},"publishpress_future_workflow_manual_trigger":{"enabledWorkflows":[]},"_links":{"self":[{"href":"https:\/\/regiaonews.net.br\/2022\/wp-json\/wp\/v2\/posts\/96045","targetHints":{"allow":["GET"]}}],"collection":[{"href":"https:\/\/regiaonews.net.br\/2022\/wp-json\/wp\/v2\/posts"}],"about":[{"href":"https:\/\/regiaonews.net.br\/2022\/wp-json\/wp\/v2\/types\/post"}],"author":[{"embeddable":true,"href":"https:\/\/regiaonews.net.br\/2022\/wp-json\/wp\/v2\/users\/2"}],"replies":[{"embeddable":true,"href":"https:\/\/regiaonews.net.br\/2022\/wp-json\/wp\/v2\/comments?post=96045"}],"version-history":[{"count":2,"href":"https:\/\/regiaonews.net.br\/2022\/wp-json\/wp\/v2\/posts\/96045\/revisions"}],"predecessor-version":[{"id":96049,"href":"https:\/\/regiaonews.net.br\/2022\/wp-json\/wp\/v2\/posts\/96045\/revisions\/96049"}],"wp:featuredmedia":[{"embeddable":true,"href":"https:\/\/regiaonews.net.br\/2022\/wp-json\/wp\/v2\/media\/96047"}],"wp:attachment":[{"href":"https:\/\/regiaonews.net.br\/2022\/wp-json\/wp\/v2\/media?parent=96045"}],"wp:term":[{"taxonomy":"category","embeddable":true,"href":"https:\/\/regiaonews.net.br\/2022\/wp-json\/wp\/v2\/categories?post=96045"},{"taxonomy":"post_tag","embeddable":true,"href":"https:\/\/regiaonews.net.br\/2022\/wp-json\/wp\/v2\/tags?post=96045"}],"curies":[{"name":"wp","href":"https:\/\/api.w.org\/{rel}","templated":true}]}}