{"id":96006,"date":"2023-10-02T16:36:30","date_gmt":"2023-10-02T19:36:30","guid":{"rendered":"https:\/\/regiaonews.net.br\/2022\/?p=96006"},"modified":"2023-10-02T16:36:30","modified_gmt":"2023-10-02T19:36:30","slug":"hilando-fino-um-novo-ou-natural-feminismo","status":"publish","type":"post","link":"https:\/\/regiaonews.net.br\/2022\/2023\/10\/02\/hilando-fino-um-novo-ou-natural-feminismo\/","title":{"rendered":"Hilando Fino: Um novo ou Natural Feminismo?"},"content":{"rendered":"<p>No pr\u00f3ximo dia 06 de outubro sexta-feira \u00e0s 20:00 horas na sede do Sinsprev &#8211; rua: 4 n\u00ba 69 (Avs. 29&#215;31), ser\u00e1 lan\u00e7ado em Barretos a vers\u00e3o em portugues do livro Hilando Fino da escritora a ativista Boliviana Julieta Paredes,com a contribui\u00e7\u00e3o das mulheres do Feministas-comunitarias do Brasil. Julieta Paredes \u00e9 Boliviana do povo Aymara e uma das fundadoras do Feminismo-Comunit\u00e1rio, Feminismo-Comunit\u00e1rio nasceu na Bol\u00edvia mas hoje est\u00e1 presente em Abya Yala (Am\u00e9rica Latina) em v\u00e1rios Pa\u00edses.<br \/>\nNo lan\u00e7amento do livro estar\u00e3o presentes algumas representantes do Tecido (como elas chamam os n\u00facleos) de Pindorama Brasil, como os povos origin\u00e1rios definem o Brasil.<br \/>\nNo livro Hilano Fino, Julieta e suas camaradas de luta declara traz reflex\u00f5es sobre as lutas das mulheres e apresenta sua organiza\u00e7\u00e3o Feminismo-Comunitario como uma Organiza\u00e7\u00e3o do Povo, debatemos que n\u00e3o est\u00e1 em quest\u00e3o simplesmente uma postura anti homem, mas uma claridade profunda, sobre as quest\u00f5es que definem o patriarcalismo colonialista e sua organiza\u00e7\u00e3o social capitalista como o inimigo a ser enfrentado para a constitui\u00e7\u00e3o de uma sociedade justa constru\u00edda por mulheres e homens, sem subalternidade a nenhum de seus membros.<br \/>\nLogo no primeiro cap\u00edtulo a autora define com clareza qual o conceito do Feminismo-Comunit\u00e1rio, \u201cas mulheres s\u00e3o a metade da humanidade e esta \u00e9 uma realidade desde sempre\u201d, mas muitas vezes a vis\u00e3o-de-mundo \u00e9 constru\u00edda pelo imagin\u00e1rio patriarcal que busca aprision\u00e1-las e reduzir a exist\u00eancia das mulheres e lugares subalternos (inferiores), e sem transcend\u00eancia, mas questiona: \u201csomos a metade de tudo, do mundo do trabalho, dos povos origin\u00e1rios, dos\/as afrodescendentes, dos\/as jovens, ou seja, de tudo. Ent\u00e3o, a quest\u00e3o chave \u00e9 discutir as rela\u00e7\u00f5es socioecon\u00f4micas, \u00e9tnicas e culturais em todos os multi universos em que a mulher est\u00e1 inserida, em todas as dimens\u00f5es: sociais, pol\u00edticas, econ\u00f4micas e culturais.<br \/>\nO sistema do capitalismo dominante ao perceber que o liberalismo original ao libertar os pensamentos criava empecilho para o avan\u00e7o da explora\u00e7\u00e3o infinita, pelo capital, da economia socialmente produzida, recria na chamada escola de Chicago (os chigado boys), a tese do \u201cnovo liberalismo\u201d ou neoliberalismo, onde separa apenas a economia para ser liberada apenas aos grandes capitalistas dos centros imperialistas e (uma gorjeta para o seus operadores perif\u00e9ricos), e que o velho conservadorismo do preconceito, do patriarcalismo, do machismo, do racismo, do fundamentalismo e a desigualdade social (que o liberalismo tradicional-em tese- combatia), eram e s\u00e3o um instrumento para o aprofundamento predat\u00f3rio do capitalismo colonialista de sempre.<br \/>\nEm Hilano Fino, Julieta , definem que o neoliberalismo deve ser o centro do combate para a constru\u00e7\u00e3o de um mundo melhor e a luta e sabedoria das mulheres s\u00e3o essenciais na compreens\u00e3o desse processo de an\u00e1lise em que coloca o colonialismo hist\u00f3rico e suas vers\u00f5es internas serviram de base para as pol\u00edticas de \u201cajuste\u201d (ou arrocho) neoliberal na Bol\u00edvia e em toda a Am\u00e9rica Latina, ignorando suas multi etnicidades culturais, gerando um imagin\u00e1rio est\u00e9tico racista, preconceituoso e discriminador dos corpos dos povos subalternizados para serem superexplorados marcando com mais severidade os copos das mulheres com o colonialismo (social, econ\u00f4mico e cultural-grifo.).<br \/>\nNessa vis\u00e3o ultra-liberal, o estado social \u00e9 destru\u00eddo e transformado em uma institui\u00e7\u00e3o de aprofundamento do controle social, (pois sabem que haver\u00e1 rea\u00e7\u00f5es), numa esp\u00e9cie de \u00e1rbitro parcial dos interesses transnacional, passando todo o processo de economia da produ\u00e7\u00e3o para o tal deus-mercado, citando o caso de seu pa\u00eds a Bol\u00edvia onde se pensava o desenvolvimento apenas para as elites locais (gerentes das verdadeiras elites imperialistas) do norte ocidental.<br \/>\nNo final a autora apresenta as feministas aut\u00f4nomas ou mulheres criando comunidades, a partir do chamado caminho de Beijing (Pequim) &#8211; Confer\u00eancia Mundial sobre as Mulheres, da ONU em 1995 com o documento \u201cDignidade e Autonomia\u201d, em que as mulheres cobrava o direito de falar por si mesmas, sem interfer\u00eancia de representantes de partidos neoliberais e das ONGs, passando se a considerar as vis\u00f5es das mulheres dos setores populares se contrapondo ao patriarcalismo colonial e acidental, criando uma ruptura epistemol\u00f3gica com o feminismo do ocidente contrapondo o feminismo da igualdade com o da diferen\u00e7a. O texto \u00e9 mais profundo, simples e did\u00e1tico, vale a pena ler.<\/p>\n<p>p\/Jos\u00e9 Geraldo\u00a0Resende.<\/p>\n","protected":false},"excerpt":{"rendered":"<p>No pr\u00f3ximo dia 06 de outubro sexta-feira \u00e0s 20:00 horas<\/p>\n","protected":false},"author":2,"featured_media":96007,"comment_status":"open","ping_status":"open","sticky":false,"template":"","format":"standard","meta":{"footnotes":""},"categories":[14,3],"tags":[],"class_list":["post-96006","post","type-post","status-publish","format-standard","has-post-thumbnail","hentry","category-barretos","category-geral"],"yoast_head":"<!-- This site is optimized with the Yoast SEO plugin v27.4 - https:\/\/yoast.com\/product\/yoast-seo-wordpress\/ -->\n<title>Hilando Fino: Um novo ou Natural Feminismo? - Regi\u00e3o News<\/title>\n<meta name=\"robots\" content=\"index, follow, max-snippet:-1, max-image-preview:large, max-video-preview:-1\" \/>\n<link rel=\"canonical\" href=\"https:\/\/regiaonews.net.br\/2022\/2023\/10\/02\/hilando-fino-um-novo-ou-natural-feminismo\/\" \/>\n<meta property=\"og:locale\" content=\"pt_BR\" \/>\n<meta property=\"og:type\" content=\"article\" \/>\n<meta property=\"og:title\" content=\"Hilando Fino: Um novo ou Natural Feminismo? - Regi\u00e3o News\" \/>\n<meta property=\"og:description\" content=\"No pr\u00f3ximo dia 06 de outubro sexta-feira \u00e0s 20:00 horas\" \/>\n<meta property=\"og:url\" content=\"https:\/\/regiaonews.net.br\/2022\/2023\/10\/02\/hilando-fino-um-novo-ou-natural-feminismo\/\" \/>\n<meta property=\"og:site_name\" content=\"Regi\u00e3o News\" \/>\n<meta property=\"article:published_time\" content=\"2023-10-02T19:36:30+00:00\" \/>\n<meta property=\"og:image\" content=\"https:\/\/regiaonews.net.br\/2022\/wp-content\/uploads\/2023\/10\/Imagem-do-WhatsApp-de-2023-10-02-as-14.19.26.jpg\" \/>\n\t<meta property=\"og:image:width\" content=\"1200\" \/>\n\t<meta property=\"og:image:height\" content=\"1600\" \/>\n\t<meta property=\"og:image:type\" content=\"image\/jpeg\" \/>\n<meta name=\"author\" content=\"Roberto\" \/>\n<meta name=\"twitter:card\" content=\"summary_large_image\" \/>\n<meta name=\"twitter:label1\" content=\"Escrito por\" \/>\n\t<meta name=\"twitter:data1\" content=\"Roberto\" \/>\n\t<meta name=\"twitter:label2\" content=\"Est. tempo de leitura\" \/>\n\t<meta name=\"twitter:data2\" content=\"4 minutos\" \/>\n<script type=\"application\/ld+json\" class=\"yoast-schema-graph\">{\"@context\":\"https:\\\/\\\/schema.org\",\"@graph\":[{\"@type\":\"Article\",\"@id\":\"https:\\\/\\\/regiaonews.net.br\\\/2022\\\/2023\\\/10\\\/02\\\/hilando-fino-um-novo-ou-natural-feminismo\\\/#article\",\"isPartOf\":{\"@id\":\"https:\\\/\\\/regiaonews.net.br\\\/2022\\\/2023\\\/10\\\/02\\\/hilando-fino-um-novo-ou-natural-feminismo\\\/\"},\"author\":{\"name\":\"Roberto\",\"@id\":\"https:\\\/\\\/regiaonews.net.br\\\/2022\\\/#\\\/schema\\\/person\\\/2d205a608a5aa97ac279d7a5e6d89ad8\"},\"headline\":\"Hilando Fino: Um novo ou Natural Feminismo?\",\"datePublished\":\"2023-10-02T19:36:30+00:00\",\"mainEntityOfPage\":{\"@id\":\"https:\\\/\\\/regiaonews.net.br\\\/2022\\\/2023\\\/10\\\/02\\\/hilando-fino-um-novo-ou-natural-feminismo\\\/\"},\"wordCount\":749,\"commentCount\":0,\"publisher\":{\"@id\":\"https:\\\/\\\/regiaonews.net.br\\\/2022\\\/#organization\"},\"image\":{\"@id\":\"https:\\\/\\\/regiaonews.net.br\\\/2022\\\/2023\\\/10\\\/02\\\/hilando-fino-um-novo-ou-natural-feminismo\\\/#primaryimage\"},\"thumbnailUrl\":\"https:\\\/\\\/regiaonews.net.br\\\/2022\\\/wp-content\\\/uploads\\\/2023\\\/10\\\/Imagem-do-WhatsApp-de-2023-10-02-as-14.19.26.jpg\",\"articleSection\":[\"Barretos\",\"Geral\"],\"inLanguage\":\"pt-BR\",\"potentialAction\":[{\"@type\":\"CommentAction\",\"name\":\"Comment\",\"target\":[\"https:\\\/\\\/regiaonews.net.br\\\/2022\\\/2023\\\/10\\\/02\\\/hilando-fino-um-novo-ou-natural-feminismo\\\/#respond\"]}]},{\"@type\":\"WebPage\",\"@id\":\"https:\\\/\\\/regiaonews.net.br\\\/2022\\\/2023\\\/10\\\/02\\\/hilando-fino-um-novo-ou-natural-feminismo\\\/\",\"url\":\"https:\\\/\\\/regiaonews.net.br\\\/2022\\\/2023\\\/10\\\/02\\\/hilando-fino-um-novo-ou-natural-feminismo\\\/\",\"name\":\"Hilando Fino: Um novo ou Natural Feminismo? - Regi\u00e3o News\",\"isPartOf\":{\"@id\":\"https:\\\/\\\/regiaonews.net.br\\\/2022\\\/#website\"},\"primaryImageOfPage\":{\"@id\":\"https:\\\/\\\/regiaonews.net.br\\\/2022\\\/2023\\\/10\\\/02\\\/hilando-fino-um-novo-ou-natural-feminismo\\\/#primaryimage\"},\"image\":{\"@id\":\"https:\\\/\\\/regiaonews.net.br\\\/2022\\\/2023\\\/10\\\/02\\\/hilando-fino-um-novo-ou-natural-feminismo\\\/#primaryimage\"},\"thumbnailUrl\":\"https:\\\/\\\/regiaonews.net.br\\\/2022\\\/wp-content\\\/uploads\\\/2023\\\/10\\\/Imagem-do-WhatsApp-de-2023-10-02-as-14.19.26.jpg\",\"datePublished\":\"2023-10-02T19:36:30+00:00\",\"breadcrumb\":{\"@id\":\"https:\\\/\\\/regiaonews.net.br\\\/2022\\\/2023\\\/10\\\/02\\\/hilando-fino-um-novo-ou-natural-feminismo\\\/#breadcrumb\"},\"inLanguage\":\"pt-BR\",\"potentialAction\":[{\"@type\":\"ReadAction\",\"target\":[\"https:\\\/\\\/regiaonews.net.br\\\/2022\\\/2023\\\/10\\\/02\\\/hilando-fino-um-novo-ou-natural-feminismo\\\/\"]}]},{\"@type\":\"ImageObject\",\"inLanguage\":\"pt-BR\",\"@id\":\"https:\\\/\\\/regiaonews.net.br\\\/2022\\\/2023\\\/10\\\/02\\\/hilando-fino-um-novo-ou-natural-feminismo\\\/#primaryimage\",\"url\":\"https:\\\/\\\/regiaonews.net.br\\\/2022\\\/wp-content\\\/uploads\\\/2023\\\/10\\\/Imagem-do-WhatsApp-de-2023-10-02-as-14.19.26.jpg\",\"contentUrl\":\"https:\\\/\\\/regiaonews.net.br\\\/2022\\\/wp-content\\\/uploads\\\/2023\\\/10\\\/Imagem-do-WhatsApp-de-2023-10-02-as-14.19.26.jpg\",\"width\":1200,\"height\":1600},{\"@type\":\"BreadcrumbList\",\"@id\":\"https:\\\/\\\/regiaonews.net.br\\\/2022\\\/2023\\\/10\\\/02\\\/hilando-fino-um-novo-ou-natural-feminismo\\\/#breadcrumb\",\"itemListElement\":[{\"@type\":\"ListItem\",\"position\":1,\"name\":\"In\u00edcio\",\"item\":\"https:\\\/\\\/regiaonews.net.br\\\/2022\\\/\"},{\"@type\":\"ListItem\",\"position\":2,\"name\":\"Hilando Fino: Um novo ou Natural Feminismo?\"}]},{\"@type\":\"WebSite\",\"@id\":\"https:\\\/\\\/regiaonews.net.br\\\/2022\\\/#website\",\"url\":\"https:\\\/\\\/regiaonews.net.br\\\/2022\\\/\",\"name\":\"Regi\u00e3o News\",\"description\":\"Site de Not\u00edcias de Barretos e regi\u00e3o\",\"publisher\":{\"@id\":\"https:\\\/\\\/regiaonews.net.br\\\/2022\\\/#organization\"},\"potentialAction\":[{\"@type\":\"SearchAction\",\"target\":{\"@type\":\"EntryPoint\",\"urlTemplate\":\"https:\\\/\\\/regiaonews.net.br\\\/2022\\\/?s={search_term_string}\"},\"query-input\":{\"@type\":\"PropertyValueSpecification\",\"valueRequired\":true,\"valueName\":\"search_term_string\"}}],\"inLanguage\":\"pt-BR\"},{\"@type\":\"Organization\",\"@id\":\"https:\\\/\\\/regiaonews.net.br\\\/2022\\\/#organization\",\"name\":\"Regi\u00e3o News\",\"url\":\"https:\\\/\\\/regiaonews.net.br\\\/2022\\\/\",\"logo\":{\"@type\":\"ImageObject\",\"inLanguage\":\"pt-BR\",\"@id\":\"https:\\\/\\\/regiaonews.net.br\\\/2022\\\/#\\\/schema\\\/logo\\\/image\\\/\",\"url\":\"https:\\\/\\\/regiaonews.net.br\\\/2022\\\/wp-content\\\/uploads\\\/2026\\\/03\\\/regiao-13-anos-scaled.jpg\",\"contentUrl\":\"https:\\\/\\\/regiaonews.net.br\\\/2022\\\/wp-content\\\/uploads\\\/2026\\\/03\\\/regiao-13-anos-scaled.jpg\",\"width\":2560,\"height\":635,\"caption\":\"Regi\u00e3o News\"},\"image\":{\"@id\":\"https:\\\/\\\/regiaonews.net.br\\\/2022\\\/#\\\/schema\\\/logo\\\/image\\\/\"}},{\"@type\":\"Person\",\"@id\":\"https:\\\/\\\/regiaonews.net.br\\\/2022\\\/#\\\/schema\\\/person\\\/2d205a608a5aa97ac279d7a5e6d89ad8\",\"name\":\"Roberto\",\"image\":{\"@type\":\"ImageObject\",\"inLanguage\":\"pt-BR\",\"@id\":\"https:\\\/\\\/secure.gravatar.com\\\/avatar\\\/42749d8b712ff9d59ca93dc150494e5b55a44134482993f5baeb97e61b7ecc89?s=96&d=mm&r=g\",\"url\":\"https:\\\/\\\/secure.gravatar.com\\\/avatar\\\/42749d8b712ff9d59ca93dc150494e5b55a44134482993f5baeb97e61b7ecc89?s=96&d=mm&r=g\",\"contentUrl\":\"https:\\\/\\\/secure.gravatar.com\\\/avatar\\\/42749d8b712ff9d59ca93dc150494e5b55a44134482993f5baeb97e61b7ecc89?s=96&d=mm&r=g\",\"caption\":\"Roberto\"},\"url\":\"https:\\\/\\\/regiaonews.net.br\\\/2022\\\/author\\\/roberto\\\/\"}]}<\/script>\n<!-- \/ Yoast SEO plugin. -->","yoast_head_json":{"title":"Hilando Fino: Um novo ou Natural Feminismo? - Regi\u00e3o News","robots":{"index":"index","follow":"follow","max-snippet":"max-snippet:-1","max-image-preview":"max-image-preview:large","max-video-preview":"max-video-preview:-1"},"canonical":"https:\/\/regiaonews.net.br\/2022\/2023\/10\/02\/hilando-fino-um-novo-ou-natural-feminismo\/","og_locale":"pt_BR","og_type":"article","og_title":"Hilando Fino: Um novo ou Natural Feminismo? - Regi\u00e3o News","og_description":"No pr\u00f3ximo dia 06 de outubro sexta-feira \u00e0s 20:00 horas","og_url":"https:\/\/regiaonews.net.br\/2022\/2023\/10\/02\/hilando-fino-um-novo-ou-natural-feminismo\/","og_site_name":"Regi\u00e3o News","article_published_time":"2023-10-02T19:36:30+00:00","og_image":[{"width":1200,"height":1600,"url":"https:\/\/regiaonews.net.br\/2022\/wp-content\/uploads\/2023\/10\/Imagem-do-WhatsApp-de-2023-10-02-as-14.19.26.jpg","type":"image\/jpeg"}],"author":"Roberto","twitter_card":"summary_large_image","twitter_misc":{"Escrito por":"Roberto","Est. tempo de leitura":"4 minutos"},"schema":{"@context":"https:\/\/schema.org","@graph":[{"@type":"Article","@id":"https:\/\/regiaonews.net.br\/2022\/2023\/10\/02\/hilando-fino-um-novo-ou-natural-feminismo\/#article","isPartOf":{"@id":"https:\/\/regiaonews.net.br\/2022\/2023\/10\/02\/hilando-fino-um-novo-ou-natural-feminismo\/"},"author":{"name":"Roberto","@id":"https:\/\/regiaonews.net.br\/2022\/#\/schema\/person\/2d205a608a5aa97ac279d7a5e6d89ad8"},"headline":"Hilando Fino: Um novo ou Natural Feminismo?","datePublished":"2023-10-02T19:36:30+00:00","mainEntityOfPage":{"@id":"https:\/\/regiaonews.net.br\/2022\/2023\/10\/02\/hilando-fino-um-novo-ou-natural-feminismo\/"},"wordCount":749,"commentCount":0,"publisher":{"@id":"https:\/\/regiaonews.net.br\/2022\/#organization"},"image":{"@id":"https:\/\/regiaonews.net.br\/2022\/2023\/10\/02\/hilando-fino-um-novo-ou-natural-feminismo\/#primaryimage"},"thumbnailUrl":"https:\/\/regiaonews.net.br\/2022\/wp-content\/uploads\/2023\/10\/Imagem-do-WhatsApp-de-2023-10-02-as-14.19.26.jpg","articleSection":["Barretos","Geral"],"inLanguage":"pt-BR","potentialAction":[{"@type":"CommentAction","name":"Comment","target":["https:\/\/regiaonews.net.br\/2022\/2023\/10\/02\/hilando-fino-um-novo-ou-natural-feminismo\/#respond"]}]},{"@type":"WebPage","@id":"https:\/\/regiaonews.net.br\/2022\/2023\/10\/02\/hilando-fino-um-novo-ou-natural-feminismo\/","url":"https:\/\/regiaonews.net.br\/2022\/2023\/10\/02\/hilando-fino-um-novo-ou-natural-feminismo\/","name":"Hilando Fino: Um novo ou Natural Feminismo? - Regi\u00e3o News","isPartOf":{"@id":"https:\/\/regiaonews.net.br\/2022\/#website"},"primaryImageOfPage":{"@id":"https:\/\/regiaonews.net.br\/2022\/2023\/10\/02\/hilando-fino-um-novo-ou-natural-feminismo\/#primaryimage"},"image":{"@id":"https:\/\/regiaonews.net.br\/2022\/2023\/10\/02\/hilando-fino-um-novo-ou-natural-feminismo\/#primaryimage"},"thumbnailUrl":"https:\/\/regiaonews.net.br\/2022\/wp-content\/uploads\/2023\/10\/Imagem-do-WhatsApp-de-2023-10-02-as-14.19.26.jpg","datePublished":"2023-10-02T19:36:30+00:00","breadcrumb":{"@id":"https:\/\/regiaonews.net.br\/2022\/2023\/10\/02\/hilando-fino-um-novo-ou-natural-feminismo\/#breadcrumb"},"inLanguage":"pt-BR","potentialAction":[{"@type":"ReadAction","target":["https:\/\/regiaonews.net.br\/2022\/2023\/10\/02\/hilando-fino-um-novo-ou-natural-feminismo\/"]}]},{"@type":"ImageObject","inLanguage":"pt-BR","@id":"https:\/\/regiaonews.net.br\/2022\/2023\/10\/02\/hilando-fino-um-novo-ou-natural-feminismo\/#primaryimage","url":"https:\/\/regiaonews.net.br\/2022\/wp-content\/uploads\/2023\/10\/Imagem-do-WhatsApp-de-2023-10-02-as-14.19.26.jpg","contentUrl":"https:\/\/regiaonews.net.br\/2022\/wp-content\/uploads\/2023\/10\/Imagem-do-WhatsApp-de-2023-10-02-as-14.19.26.jpg","width":1200,"height":1600},{"@type":"BreadcrumbList","@id":"https:\/\/regiaonews.net.br\/2022\/2023\/10\/02\/hilando-fino-um-novo-ou-natural-feminismo\/#breadcrumb","itemListElement":[{"@type":"ListItem","position":1,"name":"In\u00edcio","item":"https:\/\/regiaonews.net.br\/2022\/"},{"@type":"ListItem","position":2,"name":"Hilando Fino: Um novo ou Natural Feminismo?"}]},{"@type":"WebSite","@id":"https:\/\/regiaonews.net.br\/2022\/#website","url":"https:\/\/regiaonews.net.br\/2022\/","name":"Regi\u00e3o News","description":"Site de Not\u00edcias de Barretos e regi\u00e3o","publisher":{"@id":"https:\/\/regiaonews.net.br\/2022\/#organization"},"potentialAction":[{"@type":"SearchAction","target":{"@type":"EntryPoint","urlTemplate":"https:\/\/regiaonews.net.br\/2022\/?s={search_term_string}"},"query-input":{"@type":"PropertyValueSpecification","valueRequired":true,"valueName":"search_term_string"}}],"inLanguage":"pt-BR"},{"@type":"Organization","@id":"https:\/\/regiaonews.net.br\/2022\/#organization","name":"Regi\u00e3o News","url":"https:\/\/regiaonews.net.br\/2022\/","logo":{"@type":"ImageObject","inLanguage":"pt-BR","@id":"https:\/\/regiaonews.net.br\/2022\/#\/schema\/logo\/image\/","url":"https:\/\/regiaonews.net.br\/2022\/wp-content\/uploads\/2026\/03\/regiao-13-anos-scaled.jpg","contentUrl":"https:\/\/regiaonews.net.br\/2022\/wp-content\/uploads\/2026\/03\/regiao-13-anos-scaled.jpg","width":2560,"height":635,"caption":"Regi\u00e3o News"},"image":{"@id":"https:\/\/regiaonews.net.br\/2022\/#\/schema\/logo\/image\/"}},{"@type":"Person","@id":"https:\/\/regiaonews.net.br\/2022\/#\/schema\/person\/2d205a608a5aa97ac279d7a5e6d89ad8","name":"Roberto","image":{"@type":"ImageObject","inLanguage":"pt-BR","@id":"https:\/\/secure.gravatar.com\/avatar\/42749d8b712ff9d59ca93dc150494e5b55a44134482993f5baeb97e61b7ecc89?s=96&d=mm&r=g","url":"https:\/\/secure.gravatar.com\/avatar\/42749d8b712ff9d59ca93dc150494e5b55a44134482993f5baeb97e61b7ecc89?s=96&d=mm&r=g","contentUrl":"https:\/\/secure.gravatar.com\/avatar\/42749d8b712ff9d59ca93dc150494e5b55a44134482993f5baeb97e61b7ecc89?s=96&d=mm&r=g","caption":"Roberto"},"url":"https:\/\/regiaonews.net.br\/2022\/author\/roberto\/"}]}},"publishpress_future_action":{"enabled":false,"date":"2026-05-04 03:16:29","action":"change-status","newStatus":"draft","terms":[],"taxonomy":"category","extraData":[]},"publishpress_future_workflow_manual_trigger":{"enabledWorkflows":[]},"_links":{"self":[{"href":"https:\/\/regiaonews.net.br\/2022\/wp-json\/wp\/v2\/posts\/96006","targetHints":{"allow":["GET"]}}],"collection":[{"href":"https:\/\/regiaonews.net.br\/2022\/wp-json\/wp\/v2\/posts"}],"about":[{"href":"https:\/\/regiaonews.net.br\/2022\/wp-json\/wp\/v2\/types\/post"}],"author":[{"embeddable":true,"href":"https:\/\/regiaonews.net.br\/2022\/wp-json\/wp\/v2\/users\/2"}],"replies":[{"embeddable":true,"href":"https:\/\/regiaonews.net.br\/2022\/wp-json\/wp\/v2\/comments?post=96006"}],"version-history":[{"count":1,"href":"https:\/\/regiaonews.net.br\/2022\/wp-json\/wp\/v2\/posts\/96006\/revisions"}],"predecessor-version":[{"id":96008,"href":"https:\/\/regiaonews.net.br\/2022\/wp-json\/wp\/v2\/posts\/96006\/revisions\/96008"}],"wp:featuredmedia":[{"embeddable":true,"href":"https:\/\/regiaonews.net.br\/2022\/wp-json\/wp\/v2\/media\/96007"}],"wp:attachment":[{"href":"https:\/\/regiaonews.net.br\/2022\/wp-json\/wp\/v2\/media?parent=96006"}],"wp:term":[{"taxonomy":"category","embeddable":true,"href":"https:\/\/regiaonews.net.br\/2022\/wp-json\/wp\/v2\/categories?post=96006"},{"taxonomy":"post_tag","embeddable":true,"href":"https:\/\/regiaonews.net.br\/2022\/wp-json\/wp\/v2\/tags?post=96006"}],"curies":[{"name":"wp","href":"https:\/\/api.w.org\/{rel}","templated":true}]}}