{"id":95997,"date":"2023-10-02T12:55:41","date_gmt":"2023-10-02T15:55:41","guid":{"rendered":"https:\/\/regiaonews.net.br\/2022\/?p=95997"},"modified":"2023-10-02T12:55:41","modified_gmt":"2023-10-02T15:55:41","slug":"mutirao-do-governo-de-sp-fornecera-laudo-formal-para-pessoas-com-deficiencia-em-barretos","status":"publish","type":"post","link":"https:\/\/regiaonews.net.br\/2022\/2023\/10\/02\/mutirao-do-governo-de-sp-fornecera-laudo-formal-para-pessoas-com-deficiencia-em-barretos\/","title":{"rendered":"Mutir\u00e3o do Governo de SP fornecer\u00e1 laudo formal para pessoas com defici\u00eancia em Barretos"},"content":{"rendered":"<h3 style=\"text-align: center;\">Documento m\u00e9dico, conhecido como Laudo Caracterizador de Defici\u00eancia, \u00e9 feito a partir de avalia\u00e7\u00e3o cl\u00ednica e funcional e facilita a inser\u00e7\u00e3o profissional; inscri\u00e7\u00f5es est\u00e3o abertas at\u00e9 7 de outubro e mutir\u00e3o acontece no dia 10.<\/h3>\n<p>O Governo do Estado de S\u00e3o Paulo, atrav\u00e9s de seu Polo de Empregabilidade Inclusiva (PEI) de Barretos, promover\u00e1, em 10 de outubro, um mutir\u00e3o para a emiss\u00e3o de laudos formais com o objetivo de refor\u00e7ar o acesso e a perman\u00eancia das pessoas com defici\u00eancia da regi\u00e3o no mercado de trabalho no munic\u00edpio de Barretos. A a\u00e7\u00e3o integra o programa Meu Emprego Inclusivo, fruto de parceria entre as secretarias estaduais dos Direitos da Pessoa com Defici\u00eancia e de Desenvolvimento Econ\u00f4mico, e conta com o apoio do Instituto de Medicina Social e de Criminologia de S\u00e3o Paulo (Imesc). O pr\u00e9-agendamento para participa\u00e7\u00e3o pode ser feito at\u00e9 7 de outubro.<\/p>\n<p>O laudo formal, tecnicamente conhecido como Laudo Caracterizador de Defici\u00eancia, \u00e9 um documento m\u00e9dico que comprova formalmente a defici\u00eancia de uma pessoa, indicando altera\u00e7\u00f5es e impedimentos nas fun\u00e7\u00f5es e estruturas do corpo (f\u00edsica, auditiva, visual, intelectual e psicossocial), limita\u00e7\u00f5es, desempenho e necessidades de apoio. O Laudo est\u00e1 apoiado no \u00cdndice Brasileiro de Funcionalidade, que visa ampliar o olhar das empresas a respeito das capacidades laborais do indiv\u00edduo, em conjunto com a Classifica\u00e7\u00e3o Estat\u00edstica Internacional de Doen\u00e7as e Problemas Relacionados com a Sa\u00fade (CID).<\/p>\n<p>&#8220;O laudo \u00e9 bem detalhado, feito por um m\u00e9dico especializado, e fornece informa\u00e7\u00f5es espec\u00edficas para que a pessoa com defici\u00eancia seja contratada por empresas que ofere\u00e7am fun\u00e7\u00f5es adequadas a ela&#8221;, esclarece o secret\u00e1rio dos Direitos da Pessoa com Defici\u00eancia, Marcos da Costa.<\/p>\n<p>O programa Meu Emprego Inclusivo promove o desenvolvimento profissional, a inclus\u00e3o e a perman\u00eancia de pessoas com defici\u00eancia no mercado de trabalho, al\u00e9m de oferecer cursos de qualifica\u00e7\u00e3o t\u00e9cnica e empreendedora. Atrav\u00e9s da iniciativa, o Estado de S\u00e3o Paulo conta com 20 Polos de Empregabilidade Inclusiva.<\/p>\n<p>O PEI de Barretos est\u00e1 sob gest\u00e3o do Instituto de Tecnologia Social (ITS Brasil).<\/p>\n<p>Mais informa\u00e7\u00f5es no site: empregoinclusivo.sp.gov.br.<\/p>\n<p>Servi\u00e7o<br \/>\nMutir\u00e3o de Laudo Caracterizador \u2013 PEI Barretos<br \/>\nData e hor\u00e1rio: 10 de outubro, das 9h \u00e0s 16h<br \/>\nPr\u00e9-agendamento at\u00e9 7 de outubro: https:\/\/forms.gle\/4AST43sT7Bk9eDYR8<br \/>\nD\u00favidas: pei.barretos@itsbrasil.org.br \/ (17) 99748-0670\u00a0(WhatsApp)<\/p>\n","protected":false},"excerpt":{"rendered":"<p>Documento m\u00e9dico, conhecido como Laudo Caracterizador de Defici\u00eancia, \u00e9 feito<\/p>\n","protected":false},"author":2,"featured_media":83825,"comment_status":"open","ping_status":"open","sticky":false,"template":"","format":"standard","meta":{"footnotes":""},"categories":[14,3],"tags":[],"class_list":["post-95997","post","type-post","status-publish","format-standard","has-post-thumbnail","hentry","category-barretos","category-geral"],"yoast_head":"<!-- This site is optimized with the Yoast SEO plugin v27.4 - https:\/\/yoast.com\/product\/yoast-seo-wordpress\/ -->\n<title>Mutir\u00e3o do Governo de SP fornecer\u00e1 laudo formal para pessoas com defici\u00eancia em Barretos - Regi\u00e3o News<\/title>\n<meta name=\"robots\" content=\"index, follow, max-snippet:-1, max-image-preview:large, max-video-preview:-1\" \/>\n<link rel=\"canonical\" href=\"https:\/\/regiaonews.net.br\/2022\/2023\/10\/02\/mutirao-do-governo-de-sp-fornecera-laudo-formal-para-pessoas-com-deficiencia-em-barretos\/\" \/>\n<meta property=\"og:locale\" content=\"pt_BR\" \/>\n<meta property=\"og:type\" content=\"article\" \/>\n<meta property=\"og:title\" content=\"Mutir\u00e3o do Governo de SP fornecer\u00e1 laudo formal para pessoas com defici\u00eancia em Barretos - Regi\u00e3o News\" \/>\n<meta property=\"og:description\" content=\"Documento m\u00e9dico, conhecido como Laudo Caracterizador de Defici\u00eancia, \u00e9 feito\" \/>\n<meta property=\"og:url\" content=\"https:\/\/regiaonews.net.br\/2022\/2023\/10\/02\/mutirao-do-governo-de-sp-fornecera-laudo-formal-para-pessoas-com-deficiencia-em-barretos\/\" \/>\n<meta property=\"og:site_name\" content=\"Regi\u00e3o News\" \/>\n<meta property=\"article:published_time\" content=\"2023-10-02T15:55:41+00:00\" \/>\n<meta property=\"og:image\" content=\"https:\/\/regiaonews.net.br\/2022\/wp-content\/uploads\/2023\/02\/tarcisio-de-freitas.jpg\" \/>\n\t<meta property=\"og:image:width\" content=\"2047\" \/>\n\t<meta property=\"og:image:height\" content=\"1365\" \/>\n\t<meta property=\"og:image:type\" content=\"image\/jpeg\" \/>\n<meta name=\"author\" content=\"Roberto\" \/>\n<meta name=\"twitter:card\" content=\"summary_large_image\" \/>\n<meta name=\"twitter:label1\" content=\"Escrito por\" \/>\n\t<meta name=\"twitter:data1\" content=\"Roberto\" \/>\n\t<meta name=\"twitter:label2\" content=\"Est. tempo de leitura\" \/>\n\t<meta name=\"twitter:data2\" content=\"2 minutos\" \/>\n<script type=\"application\/ld+json\" class=\"yoast-schema-graph\">{\"@context\":\"https:\\\/\\\/schema.org\",\"@graph\":[{\"@type\":\"Article\",\"@id\":\"https:\\\/\\\/regiaonews.net.br\\\/2022\\\/2023\\\/10\\\/02\\\/mutirao-do-governo-de-sp-fornecera-laudo-formal-para-pessoas-com-deficiencia-em-barretos\\\/#article\",\"isPartOf\":{\"@id\":\"https:\\\/\\\/regiaonews.net.br\\\/2022\\\/2023\\\/10\\\/02\\\/mutirao-do-governo-de-sp-fornecera-laudo-formal-para-pessoas-com-deficiencia-em-barretos\\\/\"},\"author\":{\"name\":\"Roberto\",\"@id\":\"https:\\\/\\\/regiaonews.net.br\\\/2022\\\/#\\\/schema\\\/person\\\/2d205a608a5aa97ac279d7a5e6d89ad8\"},\"headline\":\"Mutir\u00e3o do Governo de SP fornecer\u00e1 laudo formal para pessoas com defici\u00eancia em Barretos\",\"datePublished\":\"2023-10-02T15:55:41+00:00\",\"mainEntityOfPage\":{\"@id\":\"https:\\\/\\\/regiaonews.net.br\\\/2022\\\/2023\\\/10\\\/02\\\/mutirao-do-governo-de-sp-fornecera-laudo-formal-para-pessoas-com-deficiencia-em-barretos\\\/\"},\"wordCount\":436,\"commentCount\":0,\"publisher\":{\"@id\":\"https:\\\/\\\/regiaonews.net.br\\\/2022\\\/#organization\"},\"image\":{\"@id\":\"https:\\\/\\\/regiaonews.net.br\\\/2022\\\/2023\\\/10\\\/02\\\/mutirao-do-governo-de-sp-fornecera-laudo-formal-para-pessoas-com-deficiencia-em-barretos\\\/#primaryimage\"},\"thumbnailUrl\":\"https:\\\/\\\/regiaonews.net.br\\\/2022\\\/wp-content\\\/uploads\\\/2023\\\/02\\\/tarcisio-de-freitas.jpg\",\"articleSection\":[\"Barretos\",\"Geral\"],\"inLanguage\":\"pt-BR\",\"potentialAction\":[{\"@type\":\"CommentAction\",\"name\":\"Comment\",\"target\":[\"https:\\\/\\\/regiaonews.net.br\\\/2022\\\/2023\\\/10\\\/02\\\/mutirao-do-governo-de-sp-fornecera-laudo-formal-para-pessoas-com-deficiencia-em-barretos\\\/#respond\"]}]},{\"@type\":\"WebPage\",\"@id\":\"https:\\\/\\\/regiaonews.net.br\\\/2022\\\/2023\\\/10\\\/02\\\/mutirao-do-governo-de-sp-fornecera-laudo-formal-para-pessoas-com-deficiencia-em-barretos\\\/\",\"url\":\"https:\\\/\\\/regiaonews.net.br\\\/2022\\\/2023\\\/10\\\/02\\\/mutirao-do-governo-de-sp-fornecera-laudo-formal-para-pessoas-com-deficiencia-em-barretos\\\/\",\"name\":\"Mutir\u00e3o do Governo de SP fornecer\u00e1 laudo formal para pessoas com defici\u00eancia em Barretos - Regi\u00e3o News\",\"isPartOf\":{\"@id\":\"https:\\\/\\\/regiaonews.net.br\\\/2022\\\/#website\"},\"primaryImageOfPage\":{\"@id\":\"https:\\\/\\\/regiaonews.net.br\\\/2022\\\/2023\\\/10\\\/02\\\/mutirao-do-governo-de-sp-fornecera-laudo-formal-para-pessoas-com-deficiencia-em-barretos\\\/#primaryimage\"},\"image\":{\"@id\":\"https:\\\/\\\/regiaonews.net.br\\\/2022\\\/2023\\\/10\\\/02\\\/mutirao-do-governo-de-sp-fornecera-laudo-formal-para-pessoas-com-deficiencia-em-barretos\\\/#primaryimage\"},\"thumbnailUrl\":\"https:\\\/\\\/regiaonews.net.br\\\/2022\\\/wp-content\\\/uploads\\\/2023\\\/02\\\/tarcisio-de-freitas.jpg\",\"datePublished\":\"2023-10-02T15:55:41+00:00\",\"breadcrumb\":{\"@id\":\"https:\\\/\\\/regiaonews.net.br\\\/2022\\\/2023\\\/10\\\/02\\\/mutirao-do-governo-de-sp-fornecera-laudo-formal-para-pessoas-com-deficiencia-em-barretos\\\/#breadcrumb\"},\"inLanguage\":\"pt-BR\",\"potentialAction\":[{\"@type\":\"ReadAction\",\"target\":[\"https:\\\/\\\/regiaonews.net.br\\\/2022\\\/2023\\\/10\\\/02\\\/mutirao-do-governo-de-sp-fornecera-laudo-formal-para-pessoas-com-deficiencia-em-barretos\\\/\"]}]},{\"@type\":\"ImageObject\",\"inLanguage\":\"pt-BR\",\"@id\":\"https:\\\/\\\/regiaonews.net.br\\\/2022\\\/2023\\\/10\\\/02\\\/mutirao-do-governo-de-sp-fornecera-laudo-formal-para-pessoas-com-deficiencia-em-barretos\\\/#primaryimage\",\"url\":\"https:\\\/\\\/regiaonews.net.br\\\/2022\\\/wp-content\\\/uploads\\\/2023\\\/02\\\/tarcisio-de-freitas.jpg\",\"contentUrl\":\"https:\\\/\\\/regiaonews.net.br\\\/2022\\\/wp-content\\\/uploads\\\/2023\\\/02\\\/tarcisio-de-freitas.jpg\",\"width\":2047,\"height\":1365},{\"@type\":\"BreadcrumbList\",\"@id\":\"https:\\\/\\\/regiaonews.net.br\\\/2022\\\/2023\\\/10\\\/02\\\/mutirao-do-governo-de-sp-fornecera-laudo-formal-para-pessoas-com-deficiencia-em-barretos\\\/#breadcrumb\",\"itemListElement\":[{\"@type\":\"ListItem\",\"position\":1,\"name\":\"In\u00edcio\",\"item\":\"https:\\\/\\\/regiaonews.net.br\\\/2022\\\/\"},{\"@type\":\"ListItem\",\"position\":2,\"name\":\"Mutir\u00e3o do Governo de SP fornecer\u00e1 laudo formal para pessoas com defici\u00eancia em Barretos\"}]},{\"@type\":\"WebSite\",\"@id\":\"https:\\\/\\\/regiaonews.net.br\\\/2022\\\/#website\",\"url\":\"https:\\\/\\\/regiaonews.net.br\\\/2022\\\/\",\"name\":\"Regi\u00e3o News\",\"description\":\"Site de Not\u00edcias de Barretos e regi\u00e3o\",\"publisher\":{\"@id\":\"https:\\\/\\\/regiaonews.net.br\\\/2022\\\/#organization\"},\"potentialAction\":[{\"@type\":\"SearchAction\",\"target\":{\"@type\":\"EntryPoint\",\"urlTemplate\":\"https:\\\/\\\/regiaonews.net.br\\\/2022\\\/?s={search_term_string}\"},\"query-input\":{\"@type\":\"PropertyValueSpecification\",\"valueRequired\":true,\"valueName\":\"search_term_string\"}}],\"inLanguage\":\"pt-BR\"},{\"@type\":\"Organization\",\"@id\":\"https:\\\/\\\/regiaonews.net.br\\\/2022\\\/#organization\",\"name\":\"Regi\u00e3o News\",\"url\":\"https:\\\/\\\/regiaonews.net.br\\\/2022\\\/\",\"logo\":{\"@type\":\"ImageObject\",\"inLanguage\":\"pt-BR\",\"@id\":\"https:\\\/\\\/regiaonews.net.br\\\/2022\\\/#\\\/schema\\\/logo\\\/image\\\/\",\"url\":\"https:\\\/\\\/regiaonews.net.br\\\/2022\\\/wp-content\\\/uploads\\\/2026\\\/03\\\/regiao-13-anos-scaled.jpg\",\"contentUrl\":\"https:\\\/\\\/regiaonews.net.br\\\/2022\\\/wp-content\\\/uploads\\\/2026\\\/03\\\/regiao-13-anos-scaled.jpg\",\"width\":2560,\"height\":635,\"caption\":\"Regi\u00e3o News\"},\"image\":{\"@id\":\"https:\\\/\\\/regiaonews.net.br\\\/2022\\\/#\\\/schema\\\/logo\\\/image\\\/\"}},{\"@type\":\"Person\",\"@id\":\"https:\\\/\\\/regiaonews.net.br\\\/2022\\\/#\\\/schema\\\/person\\\/2d205a608a5aa97ac279d7a5e6d89ad8\",\"name\":\"Roberto\",\"image\":{\"@type\":\"ImageObject\",\"inLanguage\":\"pt-BR\",\"@id\":\"https:\\\/\\\/secure.gravatar.com\\\/avatar\\\/42749d8b712ff9d59ca93dc150494e5b55a44134482993f5baeb97e61b7ecc89?s=96&d=mm&r=g\",\"url\":\"https:\\\/\\\/secure.gravatar.com\\\/avatar\\\/42749d8b712ff9d59ca93dc150494e5b55a44134482993f5baeb97e61b7ecc89?s=96&d=mm&r=g\",\"contentUrl\":\"https:\\\/\\\/secure.gravatar.com\\\/avatar\\\/42749d8b712ff9d59ca93dc150494e5b55a44134482993f5baeb97e61b7ecc89?s=96&d=mm&r=g\",\"caption\":\"Roberto\"},\"url\":\"https:\\\/\\\/regiaonews.net.br\\\/2022\\\/author\\\/roberto\\\/\"}]}<\/script>\n<!-- \/ Yoast SEO plugin. -->","yoast_head_json":{"title":"Mutir\u00e3o do Governo de SP fornecer\u00e1 laudo formal para pessoas com defici\u00eancia em Barretos - Regi\u00e3o News","robots":{"index":"index","follow":"follow","max-snippet":"max-snippet:-1","max-image-preview":"max-image-preview:large","max-video-preview":"max-video-preview:-1"},"canonical":"https:\/\/regiaonews.net.br\/2022\/2023\/10\/02\/mutirao-do-governo-de-sp-fornecera-laudo-formal-para-pessoas-com-deficiencia-em-barretos\/","og_locale":"pt_BR","og_type":"article","og_title":"Mutir\u00e3o do Governo de SP fornecer\u00e1 laudo formal para pessoas com defici\u00eancia em Barretos - Regi\u00e3o News","og_description":"Documento m\u00e9dico, conhecido como Laudo Caracterizador de Defici\u00eancia, \u00e9 feito","og_url":"https:\/\/regiaonews.net.br\/2022\/2023\/10\/02\/mutirao-do-governo-de-sp-fornecera-laudo-formal-para-pessoas-com-deficiencia-em-barretos\/","og_site_name":"Regi\u00e3o News","article_published_time":"2023-10-02T15:55:41+00:00","og_image":[{"width":2047,"height":1365,"url":"https:\/\/regiaonews.net.br\/2022\/wp-content\/uploads\/2023\/02\/tarcisio-de-freitas.jpg","type":"image\/jpeg"}],"author":"Roberto","twitter_card":"summary_large_image","twitter_misc":{"Escrito por":"Roberto","Est. tempo de leitura":"2 minutos"},"schema":{"@context":"https:\/\/schema.org","@graph":[{"@type":"Article","@id":"https:\/\/regiaonews.net.br\/2022\/2023\/10\/02\/mutirao-do-governo-de-sp-fornecera-laudo-formal-para-pessoas-com-deficiencia-em-barretos\/#article","isPartOf":{"@id":"https:\/\/regiaonews.net.br\/2022\/2023\/10\/02\/mutirao-do-governo-de-sp-fornecera-laudo-formal-para-pessoas-com-deficiencia-em-barretos\/"},"author":{"name":"Roberto","@id":"https:\/\/regiaonews.net.br\/2022\/#\/schema\/person\/2d205a608a5aa97ac279d7a5e6d89ad8"},"headline":"Mutir\u00e3o do Governo de SP fornecer\u00e1 laudo formal para pessoas com defici\u00eancia em Barretos","datePublished":"2023-10-02T15:55:41+00:00","mainEntityOfPage":{"@id":"https:\/\/regiaonews.net.br\/2022\/2023\/10\/02\/mutirao-do-governo-de-sp-fornecera-laudo-formal-para-pessoas-com-deficiencia-em-barretos\/"},"wordCount":436,"commentCount":0,"publisher":{"@id":"https:\/\/regiaonews.net.br\/2022\/#organization"},"image":{"@id":"https:\/\/regiaonews.net.br\/2022\/2023\/10\/02\/mutirao-do-governo-de-sp-fornecera-laudo-formal-para-pessoas-com-deficiencia-em-barretos\/#primaryimage"},"thumbnailUrl":"https:\/\/regiaonews.net.br\/2022\/wp-content\/uploads\/2023\/02\/tarcisio-de-freitas.jpg","articleSection":["Barretos","Geral"],"inLanguage":"pt-BR","potentialAction":[{"@type":"CommentAction","name":"Comment","target":["https:\/\/regiaonews.net.br\/2022\/2023\/10\/02\/mutirao-do-governo-de-sp-fornecera-laudo-formal-para-pessoas-com-deficiencia-em-barretos\/#respond"]}]},{"@type":"WebPage","@id":"https:\/\/regiaonews.net.br\/2022\/2023\/10\/02\/mutirao-do-governo-de-sp-fornecera-laudo-formal-para-pessoas-com-deficiencia-em-barretos\/","url":"https:\/\/regiaonews.net.br\/2022\/2023\/10\/02\/mutirao-do-governo-de-sp-fornecera-laudo-formal-para-pessoas-com-deficiencia-em-barretos\/","name":"Mutir\u00e3o do Governo de SP fornecer\u00e1 laudo formal para pessoas com defici\u00eancia em Barretos - Regi\u00e3o News","isPartOf":{"@id":"https:\/\/regiaonews.net.br\/2022\/#website"},"primaryImageOfPage":{"@id":"https:\/\/regiaonews.net.br\/2022\/2023\/10\/02\/mutirao-do-governo-de-sp-fornecera-laudo-formal-para-pessoas-com-deficiencia-em-barretos\/#primaryimage"},"image":{"@id":"https:\/\/regiaonews.net.br\/2022\/2023\/10\/02\/mutirao-do-governo-de-sp-fornecera-laudo-formal-para-pessoas-com-deficiencia-em-barretos\/#primaryimage"},"thumbnailUrl":"https:\/\/regiaonews.net.br\/2022\/wp-content\/uploads\/2023\/02\/tarcisio-de-freitas.jpg","datePublished":"2023-10-02T15:55:41+00:00","breadcrumb":{"@id":"https:\/\/regiaonews.net.br\/2022\/2023\/10\/02\/mutirao-do-governo-de-sp-fornecera-laudo-formal-para-pessoas-com-deficiencia-em-barretos\/#breadcrumb"},"inLanguage":"pt-BR","potentialAction":[{"@type":"ReadAction","target":["https:\/\/regiaonews.net.br\/2022\/2023\/10\/02\/mutirao-do-governo-de-sp-fornecera-laudo-formal-para-pessoas-com-deficiencia-em-barretos\/"]}]},{"@type":"ImageObject","inLanguage":"pt-BR","@id":"https:\/\/regiaonews.net.br\/2022\/2023\/10\/02\/mutirao-do-governo-de-sp-fornecera-laudo-formal-para-pessoas-com-deficiencia-em-barretos\/#primaryimage","url":"https:\/\/regiaonews.net.br\/2022\/wp-content\/uploads\/2023\/02\/tarcisio-de-freitas.jpg","contentUrl":"https:\/\/regiaonews.net.br\/2022\/wp-content\/uploads\/2023\/02\/tarcisio-de-freitas.jpg","width":2047,"height":1365},{"@type":"BreadcrumbList","@id":"https:\/\/regiaonews.net.br\/2022\/2023\/10\/02\/mutirao-do-governo-de-sp-fornecera-laudo-formal-para-pessoas-com-deficiencia-em-barretos\/#breadcrumb","itemListElement":[{"@type":"ListItem","position":1,"name":"In\u00edcio","item":"https:\/\/regiaonews.net.br\/2022\/"},{"@type":"ListItem","position":2,"name":"Mutir\u00e3o do Governo de SP fornecer\u00e1 laudo formal para pessoas com defici\u00eancia em Barretos"}]},{"@type":"WebSite","@id":"https:\/\/regiaonews.net.br\/2022\/#website","url":"https:\/\/regiaonews.net.br\/2022\/","name":"Regi\u00e3o News","description":"Site de Not\u00edcias de Barretos e regi\u00e3o","publisher":{"@id":"https:\/\/regiaonews.net.br\/2022\/#organization"},"potentialAction":[{"@type":"SearchAction","target":{"@type":"EntryPoint","urlTemplate":"https:\/\/regiaonews.net.br\/2022\/?s={search_term_string}"},"query-input":{"@type":"PropertyValueSpecification","valueRequired":true,"valueName":"search_term_string"}}],"inLanguage":"pt-BR"},{"@type":"Organization","@id":"https:\/\/regiaonews.net.br\/2022\/#organization","name":"Regi\u00e3o News","url":"https:\/\/regiaonews.net.br\/2022\/","logo":{"@type":"ImageObject","inLanguage":"pt-BR","@id":"https:\/\/regiaonews.net.br\/2022\/#\/schema\/logo\/image\/","url":"https:\/\/regiaonews.net.br\/2022\/wp-content\/uploads\/2026\/03\/regiao-13-anos-scaled.jpg","contentUrl":"https:\/\/regiaonews.net.br\/2022\/wp-content\/uploads\/2026\/03\/regiao-13-anos-scaled.jpg","width":2560,"height":635,"caption":"Regi\u00e3o News"},"image":{"@id":"https:\/\/regiaonews.net.br\/2022\/#\/schema\/logo\/image\/"}},{"@type":"Person","@id":"https:\/\/regiaonews.net.br\/2022\/#\/schema\/person\/2d205a608a5aa97ac279d7a5e6d89ad8","name":"Roberto","image":{"@type":"ImageObject","inLanguage":"pt-BR","@id":"https:\/\/secure.gravatar.com\/avatar\/42749d8b712ff9d59ca93dc150494e5b55a44134482993f5baeb97e61b7ecc89?s=96&d=mm&r=g","url":"https:\/\/secure.gravatar.com\/avatar\/42749d8b712ff9d59ca93dc150494e5b55a44134482993f5baeb97e61b7ecc89?s=96&d=mm&r=g","contentUrl":"https:\/\/secure.gravatar.com\/avatar\/42749d8b712ff9d59ca93dc150494e5b55a44134482993f5baeb97e61b7ecc89?s=96&d=mm&r=g","caption":"Roberto"},"url":"https:\/\/regiaonews.net.br\/2022\/author\/roberto\/"}]}},"publishpress_future_action":{"enabled":false,"date":"2026-05-04 01:26:31","action":"change-status","newStatus":"draft","terms":[],"taxonomy":"category","extraData":[]},"publishpress_future_workflow_manual_trigger":{"enabledWorkflows":[]},"_links":{"self":[{"href":"https:\/\/regiaonews.net.br\/2022\/wp-json\/wp\/v2\/posts\/95997","targetHints":{"allow":["GET"]}}],"collection":[{"href":"https:\/\/regiaonews.net.br\/2022\/wp-json\/wp\/v2\/posts"}],"about":[{"href":"https:\/\/regiaonews.net.br\/2022\/wp-json\/wp\/v2\/types\/post"}],"author":[{"embeddable":true,"href":"https:\/\/regiaonews.net.br\/2022\/wp-json\/wp\/v2\/users\/2"}],"replies":[{"embeddable":true,"href":"https:\/\/regiaonews.net.br\/2022\/wp-json\/wp\/v2\/comments?post=95997"}],"version-history":[{"count":1,"href":"https:\/\/regiaonews.net.br\/2022\/wp-json\/wp\/v2\/posts\/95997\/revisions"}],"predecessor-version":[{"id":95998,"href":"https:\/\/regiaonews.net.br\/2022\/wp-json\/wp\/v2\/posts\/95997\/revisions\/95998"}],"wp:featuredmedia":[{"embeddable":true,"href":"https:\/\/regiaonews.net.br\/2022\/wp-json\/wp\/v2\/media\/83825"}],"wp:attachment":[{"href":"https:\/\/regiaonews.net.br\/2022\/wp-json\/wp\/v2\/media?parent=95997"}],"wp:term":[{"taxonomy":"category","embeddable":true,"href":"https:\/\/regiaonews.net.br\/2022\/wp-json\/wp\/v2\/categories?post=95997"},{"taxonomy":"post_tag","embeddable":true,"href":"https:\/\/regiaonews.net.br\/2022\/wp-json\/wp\/v2\/tags?post=95997"}],"curies":[{"name":"wp","href":"https:\/\/api.w.org\/{rel}","templated":true}]}}