{"id":95958,"date":"2023-10-01T08:15:01","date_gmt":"2023-10-01T11:15:01","guid":{"rendered":"https:\/\/regiaonews.net.br\/2022\/?p=95958"},"modified":"2023-10-01T08:15:01","modified_gmt":"2023-10-01T11:15:01","slug":"eleicoes-dos-novos-conselheiros-tem-regras-para-o-dia-da-eleicao","status":"publish","type":"post","link":"https:\/\/regiaonews.net.br\/2022\/2023\/10\/01\/eleicoes-dos-novos-conselheiros-tem-regras-para-o-dia-da-eleicao\/","title":{"rendered":"Elei\u00e7\u00f5es dos novos conselheiros tem regras  para o dia da elei\u00e7\u00e3o"},"content":{"rendered":"<p>&nbsp;<\/p>\n<p>As elei\u00e7\u00f5es do Conselho Tutelar agendadas para hoje (1\u00ba) tem algumas regras que devem ser seguidas pelos 16 candidatos que disputam uma das cinco vagas de titulares e as cinco vagas de suplentes. Segundo o integrante da comiss\u00e3o eleitoral, Eduardo Croys Felthes, os candidatos n\u00e3o podem infringir neste dia de elei\u00e7\u00f5es as regras estabelecidas, sendo permitido apenas a manifesta\u00e7\u00e3o individual e silenciosa da prefer\u00eancia do eleitor por candidato, revelada exclusivamente pelo uso de bandeiras, broches, d\u00edsticos e adesivos. Tamb\u00e9m s\u00e3o vedadas algumas situa\u00e7\u00f5es, conforme o artigo 8\u00ba da resolu\u00e7\u00e3o 231\/2022 do CONANDA.<br \/>\nConfira o que \u00e9 vedado aos candidatos:<br \/>\n&#8211; Utiliza\u00e7\u00e3o de espa\u00e7o na m\u00eddia;<br \/>\n&#8211; Transporte aos eleitores;<br \/>\n&#8211; Uso de alto-falantes e amplificadores de som, ou promo\u00e7\u00e3o de com\u00edcio ou carreata;<br \/>\n&#8211; Distribui\u00e7\u00e3o de material de propaganda pol\u00edtica ou a pr\u00e1tica de aliciamento, coa\u00e7\u00e3o ou manifesta\u00e7\u00e3o tendentes a influir na vontade do eleitor;<br \/>\n&#8211; Qualquer tipo de propaganda eleitoral, inclusive boca de urna;<\/p>\n<p><a href=\"https:\/\/regiaonews.net.br\/2022\/wp-content\/uploads\/2023\/10\/IMG-20230927-WA0371.jpg\"><img loading=\"lazy\" decoding=\"async\" class=\"alignnone size-medium wp-image-95959\" src=\"https:\/\/regiaonews.net.br\/2022\/wp-content\/uploads\/2023\/10\/IMG-20230927-WA0371-300x196.jpg\" alt=\"\" width=\"300\" height=\"196\" srcset=\"https:\/\/regiaonews.net.br\/2022\/wp-content\/uploads\/2023\/10\/IMG-20230927-WA0371-300x196.jpg 300w, https:\/\/regiaonews.net.br\/2022\/wp-content\/uploads\/2023\/10\/IMG-20230927-WA0371-1024x669.jpg 1024w, https:\/\/regiaonews.net.br\/2022\/wp-content\/uploads\/2023\/10\/IMG-20230927-WA0371-768x502.jpg 768w, https:\/\/regiaonews.net.br\/2022\/wp-content\/uploads\/2023\/10\/IMG-20230927-WA0371-250x163.jpg 250w, https:\/\/regiaonews.net.br\/2022\/wp-content\/uploads\/2023\/10\/IMG-20230927-WA0371-370x241.jpg 370w, https:\/\/regiaonews.net.br\/2022\/wp-content\/uploads\/2023\/10\/IMG-20230927-WA0371.jpg 1099w\" sizes=\"auto, (max-width: 300px) 100vw, 300px\" \/><\/a><\/p>\n","protected":false},"excerpt":{"rendered":"<p>&nbsp; As elei\u00e7\u00f5es do Conselho Tutelar agendadas para hoje (1\u00ba)<\/p>\n","protected":false},"author":2,"featured_media":90162,"comment_status":"open","ping_status":"open","sticky":false,"template":"","format":"standard","meta":{"footnotes":""},"categories":[14,25],"tags":[],"class_list":["post-95958","post","type-post","status-publish","format-standard","has-post-thumbnail","hentry","category-barretos","category-cidades"],"yoast_head":"<!-- This site is optimized with the Yoast SEO plugin v27.4 - https:\/\/yoast.com\/product\/yoast-seo-wordpress\/ -->\n<title>Elei\u00e7\u00f5es dos novos conselheiros tem regras para o dia da elei\u00e7\u00e3o - Regi\u00e3o News<\/title>\n<meta name=\"robots\" content=\"index, follow, max-snippet:-1, max-image-preview:large, max-video-preview:-1\" \/>\n<link rel=\"canonical\" href=\"https:\/\/regiaonews.net.br\/2022\/2023\/10\/01\/eleicoes-dos-novos-conselheiros-tem-regras-para-o-dia-da-eleicao\/\" \/>\n<meta property=\"og:locale\" content=\"pt_BR\" \/>\n<meta property=\"og:type\" content=\"article\" \/>\n<meta property=\"og:title\" content=\"Elei\u00e7\u00f5es dos novos conselheiros tem regras para o dia da elei\u00e7\u00e3o - Regi\u00e3o News\" \/>\n<meta property=\"og:description\" content=\"&nbsp; As elei\u00e7\u00f5es do Conselho Tutelar agendadas para hoje (1\u00ba)\" \/>\n<meta property=\"og:url\" content=\"https:\/\/regiaonews.net.br\/2022\/2023\/10\/01\/eleicoes-dos-novos-conselheiros-tem-regras-para-o-dia-da-eleicao\/\" \/>\n<meta property=\"og:site_name\" content=\"Regi\u00e3o News\" \/>\n<meta property=\"article:published_time\" content=\"2023-10-01T11:15:01+00:00\" \/>\n<meta property=\"og:image\" content=\"https:\/\/regiaonews.net.br\/2022\/wp-content\/uploads\/2023\/06\/Conselho_Tutelar.jpg\" \/>\n\t<meta property=\"og:image:width\" content=\"1684\" \/>\n\t<meta property=\"og:image:height\" content=\"1496\" \/>\n\t<meta property=\"og:image:type\" content=\"image\/jpeg\" \/>\n<meta name=\"author\" content=\"Roberto\" \/>\n<meta name=\"twitter:card\" content=\"summary_large_image\" \/>\n<meta name=\"twitter:label1\" content=\"Escrito por\" \/>\n\t<meta name=\"twitter:data1\" content=\"Roberto\" \/>\n\t<meta name=\"twitter:label2\" content=\"Est. tempo de leitura\" \/>\n\t<meta name=\"twitter:data2\" content=\"2 minutos\" \/>\n<script type=\"application\/ld+json\" class=\"yoast-schema-graph\">{\"@context\":\"https:\\\/\\\/schema.org\",\"@graph\":[{\"@type\":\"Article\",\"@id\":\"https:\\\/\\\/regiaonews.net.br\\\/2022\\\/2023\\\/10\\\/01\\\/eleicoes-dos-novos-conselheiros-tem-regras-para-o-dia-da-eleicao\\\/#article\",\"isPartOf\":{\"@id\":\"https:\\\/\\\/regiaonews.net.br\\\/2022\\\/2023\\\/10\\\/01\\\/eleicoes-dos-novos-conselheiros-tem-regras-para-o-dia-da-eleicao\\\/\"},\"author\":{\"name\":\"Roberto\",\"@id\":\"https:\\\/\\\/regiaonews.net.br\\\/2022\\\/#\\\/schema\\\/person\\\/2d205a608a5aa97ac279d7a5e6d89ad8\"},\"headline\":\"Elei\u00e7\u00f5es dos novos conselheiros tem regras para o dia da elei\u00e7\u00e3o\",\"datePublished\":\"2023-10-01T11:15:01+00:00\",\"mainEntityOfPage\":{\"@id\":\"https:\\\/\\\/regiaonews.net.br\\\/2022\\\/2023\\\/10\\\/01\\\/eleicoes-dos-novos-conselheiros-tem-regras-para-o-dia-da-eleicao\\\/\"},\"wordCount\":185,\"commentCount\":0,\"publisher\":{\"@id\":\"https:\\\/\\\/regiaonews.net.br\\\/2022\\\/#organization\"},\"image\":{\"@id\":\"https:\\\/\\\/regiaonews.net.br\\\/2022\\\/2023\\\/10\\\/01\\\/eleicoes-dos-novos-conselheiros-tem-regras-para-o-dia-da-eleicao\\\/#primaryimage\"},\"thumbnailUrl\":\"https:\\\/\\\/regiaonews.net.br\\\/2022\\\/wp-content\\\/uploads\\\/2023\\\/06\\\/Conselho_Tutelar.jpg\",\"articleSection\":[\"Barretos\",\"Cidades\"],\"inLanguage\":\"pt-BR\",\"potentialAction\":[{\"@type\":\"CommentAction\",\"name\":\"Comment\",\"target\":[\"https:\\\/\\\/regiaonews.net.br\\\/2022\\\/2023\\\/10\\\/01\\\/eleicoes-dos-novos-conselheiros-tem-regras-para-o-dia-da-eleicao\\\/#respond\"]}]},{\"@type\":\"WebPage\",\"@id\":\"https:\\\/\\\/regiaonews.net.br\\\/2022\\\/2023\\\/10\\\/01\\\/eleicoes-dos-novos-conselheiros-tem-regras-para-o-dia-da-eleicao\\\/\",\"url\":\"https:\\\/\\\/regiaonews.net.br\\\/2022\\\/2023\\\/10\\\/01\\\/eleicoes-dos-novos-conselheiros-tem-regras-para-o-dia-da-eleicao\\\/\",\"name\":\"Elei\u00e7\u00f5es dos novos conselheiros tem regras para o dia da elei\u00e7\u00e3o - Regi\u00e3o News\",\"isPartOf\":{\"@id\":\"https:\\\/\\\/regiaonews.net.br\\\/2022\\\/#website\"},\"primaryImageOfPage\":{\"@id\":\"https:\\\/\\\/regiaonews.net.br\\\/2022\\\/2023\\\/10\\\/01\\\/eleicoes-dos-novos-conselheiros-tem-regras-para-o-dia-da-eleicao\\\/#primaryimage\"},\"image\":{\"@id\":\"https:\\\/\\\/regiaonews.net.br\\\/2022\\\/2023\\\/10\\\/01\\\/eleicoes-dos-novos-conselheiros-tem-regras-para-o-dia-da-eleicao\\\/#primaryimage\"},\"thumbnailUrl\":\"https:\\\/\\\/regiaonews.net.br\\\/2022\\\/wp-content\\\/uploads\\\/2023\\\/06\\\/Conselho_Tutelar.jpg\",\"datePublished\":\"2023-10-01T11:15:01+00:00\",\"breadcrumb\":{\"@id\":\"https:\\\/\\\/regiaonews.net.br\\\/2022\\\/2023\\\/10\\\/01\\\/eleicoes-dos-novos-conselheiros-tem-regras-para-o-dia-da-eleicao\\\/#breadcrumb\"},\"inLanguage\":\"pt-BR\",\"potentialAction\":[{\"@type\":\"ReadAction\",\"target\":[\"https:\\\/\\\/regiaonews.net.br\\\/2022\\\/2023\\\/10\\\/01\\\/eleicoes-dos-novos-conselheiros-tem-regras-para-o-dia-da-eleicao\\\/\"]}]},{\"@type\":\"ImageObject\",\"inLanguage\":\"pt-BR\",\"@id\":\"https:\\\/\\\/regiaonews.net.br\\\/2022\\\/2023\\\/10\\\/01\\\/eleicoes-dos-novos-conselheiros-tem-regras-para-o-dia-da-eleicao\\\/#primaryimage\",\"url\":\"https:\\\/\\\/regiaonews.net.br\\\/2022\\\/wp-content\\\/uploads\\\/2023\\\/06\\\/Conselho_Tutelar.jpg\",\"contentUrl\":\"https:\\\/\\\/regiaonews.net.br\\\/2022\\\/wp-content\\\/uploads\\\/2023\\\/06\\\/Conselho_Tutelar.jpg\",\"width\":1684,\"height\":1496},{\"@type\":\"BreadcrumbList\",\"@id\":\"https:\\\/\\\/regiaonews.net.br\\\/2022\\\/2023\\\/10\\\/01\\\/eleicoes-dos-novos-conselheiros-tem-regras-para-o-dia-da-eleicao\\\/#breadcrumb\",\"itemListElement\":[{\"@type\":\"ListItem\",\"position\":1,\"name\":\"In\u00edcio\",\"item\":\"https:\\\/\\\/regiaonews.net.br\\\/2022\\\/\"},{\"@type\":\"ListItem\",\"position\":2,\"name\":\"Elei\u00e7\u00f5es dos novos conselheiros tem regras para o dia da elei\u00e7\u00e3o\"}]},{\"@type\":\"WebSite\",\"@id\":\"https:\\\/\\\/regiaonews.net.br\\\/2022\\\/#website\",\"url\":\"https:\\\/\\\/regiaonews.net.br\\\/2022\\\/\",\"name\":\"Regi\u00e3o News\",\"description\":\"Site de Not\u00edcias de Barretos e regi\u00e3o\",\"publisher\":{\"@id\":\"https:\\\/\\\/regiaonews.net.br\\\/2022\\\/#organization\"},\"potentialAction\":[{\"@type\":\"SearchAction\",\"target\":{\"@type\":\"EntryPoint\",\"urlTemplate\":\"https:\\\/\\\/regiaonews.net.br\\\/2022\\\/?s={search_term_string}\"},\"query-input\":{\"@type\":\"PropertyValueSpecification\",\"valueRequired\":true,\"valueName\":\"search_term_string\"}}],\"inLanguage\":\"pt-BR\"},{\"@type\":\"Organization\",\"@id\":\"https:\\\/\\\/regiaonews.net.br\\\/2022\\\/#organization\",\"name\":\"Regi\u00e3o News\",\"url\":\"https:\\\/\\\/regiaonews.net.br\\\/2022\\\/\",\"logo\":{\"@type\":\"ImageObject\",\"inLanguage\":\"pt-BR\",\"@id\":\"https:\\\/\\\/regiaonews.net.br\\\/2022\\\/#\\\/schema\\\/logo\\\/image\\\/\",\"url\":\"https:\\\/\\\/regiaonews.net.br\\\/2022\\\/wp-content\\\/uploads\\\/2026\\\/03\\\/regiao-13-anos-scaled.jpg\",\"contentUrl\":\"https:\\\/\\\/regiaonews.net.br\\\/2022\\\/wp-content\\\/uploads\\\/2026\\\/03\\\/regiao-13-anos-scaled.jpg\",\"width\":2560,\"height\":635,\"caption\":\"Regi\u00e3o News\"},\"image\":{\"@id\":\"https:\\\/\\\/regiaonews.net.br\\\/2022\\\/#\\\/schema\\\/logo\\\/image\\\/\"}},{\"@type\":\"Person\",\"@id\":\"https:\\\/\\\/regiaonews.net.br\\\/2022\\\/#\\\/schema\\\/person\\\/2d205a608a5aa97ac279d7a5e6d89ad8\",\"name\":\"Roberto\",\"image\":{\"@type\":\"ImageObject\",\"inLanguage\":\"pt-BR\",\"@id\":\"https:\\\/\\\/secure.gravatar.com\\\/avatar\\\/42749d8b712ff9d59ca93dc150494e5b55a44134482993f5baeb97e61b7ecc89?s=96&d=mm&r=g\",\"url\":\"https:\\\/\\\/secure.gravatar.com\\\/avatar\\\/42749d8b712ff9d59ca93dc150494e5b55a44134482993f5baeb97e61b7ecc89?s=96&d=mm&r=g\",\"contentUrl\":\"https:\\\/\\\/secure.gravatar.com\\\/avatar\\\/42749d8b712ff9d59ca93dc150494e5b55a44134482993f5baeb97e61b7ecc89?s=96&d=mm&r=g\",\"caption\":\"Roberto\"},\"url\":\"https:\\\/\\\/regiaonews.net.br\\\/2022\\\/author\\\/roberto\\\/\"}]}<\/script>\n<!-- \/ Yoast SEO plugin. -->","yoast_head_json":{"title":"Elei\u00e7\u00f5es dos novos conselheiros tem regras para o dia da elei\u00e7\u00e3o - Regi\u00e3o News","robots":{"index":"index","follow":"follow","max-snippet":"max-snippet:-1","max-image-preview":"max-image-preview:large","max-video-preview":"max-video-preview:-1"},"canonical":"https:\/\/regiaonews.net.br\/2022\/2023\/10\/01\/eleicoes-dos-novos-conselheiros-tem-regras-para-o-dia-da-eleicao\/","og_locale":"pt_BR","og_type":"article","og_title":"Elei\u00e7\u00f5es dos novos conselheiros tem regras para o dia da elei\u00e7\u00e3o - Regi\u00e3o News","og_description":"&nbsp; As elei\u00e7\u00f5es do Conselho Tutelar agendadas para hoje (1\u00ba)","og_url":"https:\/\/regiaonews.net.br\/2022\/2023\/10\/01\/eleicoes-dos-novos-conselheiros-tem-regras-para-o-dia-da-eleicao\/","og_site_name":"Regi\u00e3o News","article_published_time":"2023-10-01T11:15:01+00:00","og_image":[{"width":1684,"height":1496,"url":"https:\/\/regiaonews.net.br\/2022\/wp-content\/uploads\/2023\/06\/Conselho_Tutelar.jpg","type":"image\/jpeg"}],"author":"Roberto","twitter_card":"summary_large_image","twitter_misc":{"Escrito por":"Roberto","Est. tempo de leitura":"2 minutos"},"schema":{"@context":"https:\/\/schema.org","@graph":[{"@type":"Article","@id":"https:\/\/regiaonews.net.br\/2022\/2023\/10\/01\/eleicoes-dos-novos-conselheiros-tem-regras-para-o-dia-da-eleicao\/#article","isPartOf":{"@id":"https:\/\/regiaonews.net.br\/2022\/2023\/10\/01\/eleicoes-dos-novos-conselheiros-tem-regras-para-o-dia-da-eleicao\/"},"author":{"name":"Roberto","@id":"https:\/\/regiaonews.net.br\/2022\/#\/schema\/person\/2d205a608a5aa97ac279d7a5e6d89ad8"},"headline":"Elei\u00e7\u00f5es dos novos conselheiros tem regras para o dia da elei\u00e7\u00e3o","datePublished":"2023-10-01T11:15:01+00:00","mainEntityOfPage":{"@id":"https:\/\/regiaonews.net.br\/2022\/2023\/10\/01\/eleicoes-dos-novos-conselheiros-tem-regras-para-o-dia-da-eleicao\/"},"wordCount":185,"commentCount":0,"publisher":{"@id":"https:\/\/regiaonews.net.br\/2022\/#organization"},"image":{"@id":"https:\/\/regiaonews.net.br\/2022\/2023\/10\/01\/eleicoes-dos-novos-conselheiros-tem-regras-para-o-dia-da-eleicao\/#primaryimage"},"thumbnailUrl":"https:\/\/regiaonews.net.br\/2022\/wp-content\/uploads\/2023\/06\/Conselho_Tutelar.jpg","articleSection":["Barretos","Cidades"],"inLanguage":"pt-BR","potentialAction":[{"@type":"CommentAction","name":"Comment","target":["https:\/\/regiaonews.net.br\/2022\/2023\/10\/01\/eleicoes-dos-novos-conselheiros-tem-regras-para-o-dia-da-eleicao\/#respond"]}]},{"@type":"WebPage","@id":"https:\/\/regiaonews.net.br\/2022\/2023\/10\/01\/eleicoes-dos-novos-conselheiros-tem-regras-para-o-dia-da-eleicao\/","url":"https:\/\/regiaonews.net.br\/2022\/2023\/10\/01\/eleicoes-dos-novos-conselheiros-tem-regras-para-o-dia-da-eleicao\/","name":"Elei\u00e7\u00f5es dos novos conselheiros tem regras para o dia da elei\u00e7\u00e3o - Regi\u00e3o News","isPartOf":{"@id":"https:\/\/regiaonews.net.br\/2022\/#website"},"primaryImageOfPage":{"@id":"https:\/\/regiaonews.net.br\/2022\/2023\/10\/01\/eleicoes-dos-novos-conselheiros-tem-regras-para-o-dia-da-eleicao\/#primaryimage"},"image":{"@id":"https:\/\/regiaonews.net.br\/2022\/2023\/10\/01\/eleicoes-dos-novos-conselheiros-tem-regras-para-o-dia-da-eleicao\/#primaryimage"},"thumbnailUrl":"https:\/\/regiaonews.net.br\/2022\/wp-content\/uploads\/2023\/06\/Conselho_Tutelar.jpg","datePublished":"2023-10-01T11:15:01+00:00","breadcrumb":{"@id":"https:\/\/regiaonews.net.br\/2022\/2023\/10\/01\/eleicoes-dos-novos-conselheiros-tem-regras-para-o-dia-da-eleicao\/#breadcrumb"},"inLanguage":"pt-BR","potentialAction":[{"@type":"ReadAction","target":["https:\/\/regiaonews.net.br\/2022\/2023\/10\/01\/eleicoes-dos-novos-conselheiros-tem-regras-para-o-dia-da-eleicao\/"]}]},{"@type":"ImageObject","inLanguage":"pt-BR","@id":"https:\/\/regiaonews.net.br\/2022\/2023\/10\/01\/eleicoes-dos-novos-conselheiros-tem-regras-para-o-dia-da-eleicao\/#primaryimage","url":"https:\/\/regiaonews.net.br\/2022\/wp-content\/uploads\/2023\/06\/Conselho_Tutelar.jpg","contentUrl":"https:\/\/regiaonews.net.br\/2022\/wp-content\/uploads\/2023\/06\/Conselho_Tutelar.jpg","width":1684,"height":1496},{"@type":"BreadcrumbList","@id":"https:\/\/regiaonews.net.br\/2022\/2023\/10\/01\/eleicoes-dos-novos-conselheiros-tem-regras-para-o-dia-da-eleicao\/#breadcrumb","itemListElement":[{"@type":"ListItem","position":1,"name":"In\u00edcio","item":"https:\/\/regiaonews.net.br\/2022\/"},{"@type":"ListItem","position":2,"name":"Elei\u00e7\u00f5es dos novos conselheiros tem regras para o dia da elei\u00e7\u00e3o"}]},{"@type":"WebSite","@id":"https:\/\/regiaonews.net.br\/2022\/#website","url":"https:\/\/regiaonews.net.br\/2022\/","name":"Regi\u00e3o News","description":"Site de Not\u00edcias de Barretos e regi\u00e3o","publisher":{"@id":"https:\/\/regiaonews.net.br\/2022\/#organization"},"potentialAction":[{"@type":"SearchAction","target":{"@type":"EntryPoint","urlTemplate":"https:\/\/regiaonews.net.br\/2022\/?s={search_term_string}"},"query-input":{"@type":"PropertyValueSpecification","valueRequired":true,"valueName":"search_term_string"}}],"inLanguage":"pt-BR"},{"@type":"Organization","@id":"https:\/\/regiaonews.net.br\/2022\/#organization","name":"Regi\u00e3o News","url":"https:\/\/regiaonews.net.br\/2022\/","logo":{"@type":"ImageObject","inLanguage":"pt-BR","@id":"https:\/\/regiaonews.net.br\/2022\/#\/schema\/logo\/image\/","url":"https:\/\/regiaonews.net.br\/2022\/wp-content\/uploads\/2026\/03\/regiao-13-anos-scaled.jpg","contentUrl":"https:\/\/regiaonews.net.br\/2022\/wp-content\/uploads\/2026\/03\/regiao-13-anos-scaled.jpg","width":2560,"height":635,"caption":"Regi\u00e3o News"},"image":{"@id":"https:\/\/regiaonews.net.br\/2022\/#\/schema\/logo\/image\/"}},{"@type":"Person","@id":"https:\/\/regiaonews.net.br\/2022\/#\/schema\/person\/2d205a608a5aa97ac279d7a5e6d89ad8","name":"Roberto","image":{"@type":"ImageObject","inLanguage":"pt-BR","@id":"https:\/\/secure.gravatar.com\/avatar\/42749d8b712ff9d59ca93dc150494e5b55a44134482993f5baeb97e61b7ecc89?s=96&d=mm&r=g","url":"https:\/\/secure.gravatar.com\/avatar\/42749d8b712ff9d59ca93dc150494e5b55a44134482993f5baeb97e61b7ecc89?s=96&d=mm&r=g","contentUrl":"https:\/\/secure.gravatar.com\/avatar\/42749d8b712ff9d59ca93dc150494e5b55a44134482993f5baeb97e61b7ecc89?s=96&d=mm&r=g","caption":"Roberto"},"url":"https:\/\/regiaonews.net.br\/2022\/author\/roberto\/"}]}},"publishpress_future_action":{"enabled":false,"date":"2026-05-03 12:34:46","action":"change-status","newStatus":"draft","terms":[],"taxonomy":"category","extraData":[]},"publishpress_future_workflow_manual_trigger":{"enabledWorkflows":[]},"_links":{"self":[{"href":"https:\/\/regiaonews.net.br\/2022\/wp-json\/wp\/v2\/posts\/95958","targetHints":{"allow":["GET"]}}],"collection":[{"href":"https:\/\/regiaonews.net.br\/2022\/wp-json\/wp\/v2\/posts"}],"about":[{"href":"https:\/\/regiaonews.net.br\/2022\/wp-json\/wp\/v2\/types\/post"}],"author":[{"embeddable":true,"href":"https:\/\/regiaonews.net.br\/2022\/wp-json\/wp\/v2\/users\/2"}],"replies":[{"embeddable":true,"href":"https:\/\/regiaonews.net.br\/2022\/wp-json\/wp\/v2\/comments?post=95958"}],"version-history":[{"count":1,"href":"https:\/\/regiaonews.net.br\/2022\/wp-json\/wp\/v2\/posts\/95958\/revisions"}],"predecessor-version":[{"id":95960,"href":"https:\/\/regiaonews.net.br\/2022\/wp-json\/wp\/v2\/posts\/95958\/revisions\/95960"}],"wp:featuredmedia":[{"embeddable":true,"href":"https:\/\/regiaonews.net.br\/2022\/wp-json\/wp\/v2\/media\/90162"}],"wp:attachment":[{"href":"https:\/\/regiaonews.net.br\/2022\/wp-json\/wp\/v2\/media?parent=95958"}],"wp:term":[{"taxonomy":"category","embeddable":true,"href":"https:\/\/regiaonews.net.br\/2022\/wp-json\/wp\/v2\/categories?post=95958"},{"taxonomy":"post_tag","embeddable":true,"href":"https:\/\/regiaonews.net.br\/2022\/wp-json\/wp\/v2\/tags?post=95958"}],"curies":[{"name":"wp","href":"https:\/\/api.w.org\/{rel}","templated":true}]}}