{"id":95855,"date":"2023-09-29T08:38:04","date_gmt":"2023-09-29T11:38:04","guid":{"rendered":"https:\/\/regiaonews.net.br\/2022\/?p=95855"},"modified":"2023-09-29T15:17:32","modified_gmt":"2023-09-29T18:17:32","slug":"prefeitura-e-saaeb-buscam-junto-ao-estado-solucoes-para-captacao-de-agua-em-barretos","status":"publish","type":"post","link":"https:\/\/regiaonews.net.br\/2022\/2023\/09\/29\/prefeitura-e-saaeb-buscam-junto-ao-estado-solucoes-para-captacao-de-agua-em-barretos\/","title":{"rendered":"Prefeitura e SAAEB buscam junto ao Estado solu\u00e7\u00f5es para capta\u00e7\u00e3o de \u00e1gua em Barretos"},"content":{"rendered":"<div><i>Em reuni\u00e3o realizada na tarde desta quinta-feira, 28, foram discutidas medidas a curto e m\u00e9dio prazo para desassoreamento e aten\u00e7\u00e3o aos po\u00e7os municipais<\/i><\/div>\n<div><\/div>\n<div>A pedido da prefeita Paula Lemos, a secret\u00e1ria municipal de Agricultura e Meio Ambiente, Gra\u00e7a Lemos, e o superintendente do Servi\u00e7o Aut\u00f4nomo de \u00c1gua e Esgoto de Barretos (SAAEB), Marcelo Borges, se reuniram no in\u00edcio da tarde desta quinta-feira, 28, com autoridades estaduais para discutir solu\u00e7\u00f5es h\u00eddricas para a Est\u00e2ncia Tur\u00edstica de Barretos.<\/div>\n<div><\/div>\n<div><\/div>\n<div>Representando o Estado, participaram da reuni\u00e3o a Superintendente do Departamento de \u00c1guas e Energia El\u00e9trica, Mara Ramos; Cl\u00e1udio Daher Garcia, engenheiro respons\u00e1vel pelo expediente do DAEE &#8211; Pardo\/Grande Escrit\u00f3rio Barretos (PGEB); Jos\u00e9 Carlos Momenti, diretor da Bacia Baixo Pardo\/Grande (BPG); o engenheiro H\u00e9lio Suleiman, pela Funda\u00e7\u00e3o Ag\u00eancia de Bacia do Alto Tiet\u00ea; e Vera Gazal, representando a Secretaria de Meio Ambiente e Log\u00edstica.<\/div>\n<div><\/div>\n<div>Marcelo e Gra\u00e7a agradeceram \u00e0 equipe do DAEE pela aten\u00e7\u00e3o dada ao munic\u00edpio desde que o aumento de temperatura levou ao aumento do consumo e, consequentemente, ao desabastecimento em parte da cidade, principalmente entre sexta-feira, 22, e domingo, 24.<\/div>\n<div><\/div>\n<div>&#8220;No \u00faltimo s\u00e1bado e domingo, encontramos dificuldades em atender parte da rede, devido a um aumento significativo no consumo devido \u00e0s altas temperaturas. Como a\u00e7\u00e3o emergencial, em algumas localidades de Barretos, a Opera\u00e7\u00e3o Caminh\u00e3o-pipa realizou o abastecimento porta-a-porta, com mais de 600 atendimentos, fornecendo 300 mil litros de \u00e1gua \u00e0 popula\u00e7\u00e3o afetada. Nesta quinta-feira, prestamos sete atendimentos. Aos poucos, vamos restabelecer o sistema&#8221;, ressaltou Marcelo Borges, do SAAEB. Ele destacou, contudo, que o sistema opera pr\u00f3ximo de sua capacidade m\u00e1xima e precisa de refor\u00e7os para enfrentar situa\u00e7\u00f5es futuras.<\/div>\n<div><\/div>\n<div><\/div>\n<div>\u201cFelizmente, nas \u00faltimas horas do dia, j\u00e1 n\u00e3o houve mais a necessidade de atender demandas porta-a-porta. Os caminh\u00f5es-pipas ainda foram usados ao longo da tarde para transportar \u00e1gua de um reservat\u00f3rio a outro, a fim de agilizar a retomada do funcionamento de todo o sistema. \u00c9 fundamental que toda a popula\u00e7\u00e3o barretense siga colaborando e utilizando \u00e1gua de forma consciente\u201d, refor\u00e7ou Marcelo. Segue vigente o decreto que estipula medidas de combate ao desperd\u00edcio.<\/div>\n<div><\/div>\n<div>A secret\u00e1ria Gra\u00e7a Lemos refor\u00e7ou aos representantes estaduais as experi\u00eancias e percep\u00e7\u00f5es que teve durante o per\u00edodo em que esteve \u00e0 frente do SAAE nesta gest\u00e3o, destacando que a administra\u00e7\u00e3o municipal atual recebeu a autarquia com equipamentos sucateados e que uma vasta extens\u00e3o da tubula\u00e7\u00e3o que leva \u00e1gua at\u00e9 a casa das pessoas possui furos, a m\u00e9dio prazo, precisando ser substitu\u00eddas. Tamb\u00e9m foi apresentado aos representantes do Estado que um po\u00e7o precisa de resfriamento para que a \u00e1gua possa ser utilizada e a import\u00e2ncia da constru\u00e7\u00e3o de outro po\u00e7o.<\/div>\n<div><\/div>\n<div>Os especialistas que acompanham a situa\u00e7\u00e3o regional elencaram itens que podem ser realizados a curto prazo para aumentar a oferta de \u00e1gua para o munic\u00edpio. A primeira a\u00e7\u00e3o que deve ser posta em pr\u00e1tica \u00e9 o desassoreamento do c\u00f3rrego Pitangueiras; isto deve proporcionar al\u00edvio j\u00e1 para o pr\u00f3ximo ver\u00e3o, que se inicia no fim deste ano. Al\u00e9m do desassoreamento, que viabilizar\u00e1 que mais \u00e1gua possa correr livremente, H\u00e9lio apontou para a superintendente do DAEE que pode ser constru\u00eddo um barramento a fim de reter essa \u00e1gua, permitindo um melhor controle e aproveitamento do fluxo para que possa ser captada.<\/div>\n<div><\/div>\n<div>Durante a reuni\u00e3o desta tarde, a Superintendente do Departamento de \u00c1guas e Energia El\u00e9trica do Estado, Mara Ramos, se disponibilizou a acompanhar as quest\u00f5es junto com o munic\u00edpio para planejar as possibilidades a m\u00e9dio e longo prazo, e foi marcada uma nova reuni\u00e3o para a pr\u00f3xima quinta-feira, 5 de outubro, a fim de trazer atualiza\u00e7\u00f5es.<\/div>\n<div><\/div>\n","protected":false},"excerpt":{"rendered":"<p>Em reuni\u00e3o realizada na tarde desta quinta-feira, 28, foram discutidas<\/p>\n","protected":false},"author":2,"featured_media":95856,"comment_status":"open","ping_status":"open","sticky":false,"template":"","format":"standard","meta":{"footnotes":""},"categories":[14,111],"tags":[],"class_list":["post-95855","post","type-post","status-publish","format-standard","has-post-thumbnail","hentry","category-barretos","category-cotidiano"],"yoast_head":"<!-- This site is optimized with the Yoast SEO plugin v27.4 - https:\/\/yoast.com\/product\/yoast-seo-wordpress\/ -->\n<title>Prefeitura e SAAEB buscam junto ao Estado solu\u00e7\u00f5es para capta\u00e7\u00e3o de \u00e1gua em Barretos - Regi\u00e3o News<\/title>\n<meta name=\"robots\" content=\"index, follow, max-snippet:-1, max-image-preview:large, max-video-preview:-1\" \/>\n<link rel=\"canonical\" href=\"https:\/\/regiaonews.net.br\/2022\/2023\/09\/29\/prefeitura-e-saaeb-buscam-junto-ao-estado-solucoes-para-captacao-de-agua-em-barretos\/\" \/>\n<meta property=\"og:locale\" content=\"pt_BR\" \/>\n<meta property=\"og:type\" content=\"article\" \/>\n<meta property=\"og:title\" content=\"Prefeitura e SAAEB buscam junto ao Estado solu\u00e7\u00f5es para capta\u00e7\u00e3o de \u00e1gua em Barretos - Regi\u00e3o News\" \/>\n<meta property=\"og:description\" content=\"Em reuni\u00e3o realizada na tarde desta quinta-feira, 28, foram discutidas\" \/>\n<meta property=\"og:url\" content=\"https:\/\/regiaonews.net.br\/2022\/2023\/09\/29\/prefeitura-e-saaeb-buscam-junto-ao-estado-solucoes-para-captacao-de-agua-em-barretos\/\" \/>\n<meta property=\"og:site_name\" content=\"Regi\u00e3o News\" \/>\n<meta property=\"article:published_time\" content=\"2023-09-29T11:38:04+00:00\" \/>\n<meta property=\"article:modified_time\" content=\"2023-09-29T18:17:32+00:00\" \/>\n<meta property=\"og:image\" content=\"https:\/\/regiaonews.net.br\/2022\/wp-content\/uploads\/2023\/09\/42a0e188f5033bc65bf8d78622277c4e.jpg\" \/>\n\t<meta property=\"og:image:width\" content=\"1592\" \/>\n\t<meta property=\"og:image:height\" content=\"1060\" \/>\n\t<meta property=\"og:image:type\" content=\"image\/jpeg\" \/>\n<meta name=\"author\" content=\"Roberto\" \/>\n<meta name=\"twitter:card\" content=\"summary_large_image\" \/>\n<meta name=\"twitter:label1\" content=\"Escrito por\" \/>\n\t<meta name=\"twitter:data1\" content=\"Roberto\" \/>\n\t<meta name=\"twitter:label2\" content=\"Est. tempo de leitura\" \/>\n\t<meta name=\"twitter:data2\" content=\"4 minutos\" \/>\n<script type=\"application\/ld+json\" class=\"yoast-schema-graph\">{\"@context\":\"https:\\\/\\\/schema.org\",\"@graph\":[{\"@type\":\"Article\",\"@id\":\"https:\\\/\\\/regiaonews.net.br\\\/2022\\\/2023\\\/09\\\/29\\\/prefeitura-e-saaeb-buscam-junto-ao-estado-solucoes-para-captacao-de-agua-em-barretos\\\/#article\",\"isPartOf\":{\"@id\":\"https:\\\/\\\/regiaonews.net.br\\\/2022\\\/2023\\\/09\\\/29\\\/prefeitura-e-saaeb-buscam-junto-ao-estado-solucoes-para-captacao-de-agua-em-barretos\\\/\"},\"author\":{\"name\":\"Roberto\",\"@id\":\"https:\\\/\\\/regiaonews.net.br\\\/2022\\\/#\\\/schema\\\/person\\\/2d205a608a5aa97ac279d7a5e6d89ad8\"},\"headline\":\"Prefeitura e SAAEB buscam junto ao Estado solu\u00e7\u00f5es para capta\u00e7\u00e3o de \u00e1gua em Barretos\",\"datePublished\":\"2023-09-29T11:38:04+00:00\",\"dateModified\":\"2023-09-29T18:17:32+00:00\",\"mainEntityOfPage\":{\"@id\":\"https:\\\/\\\/regiaonews.net.br\\\/2022\\\/2023\\\/09\\\/29\\\/prefeitura-e-saaeb-buscam-junto-ao-estado-solucoes-para-captacao-de-agua-em-barretos\\\/\"},\"wordCount\":664,\"commentCount\":0,\"publisher\":{\"@id\":\"https:\\\/\\\/regiaonews.net.br\\\/2022\\\/#organization\"},\"image\":{\"@id\":\"https:\\\/\\\/regiaonews.net.br\\\/2022\\\/2023\\\/09\\\/29\\\/prefeitura-e-saaeb-buscam-junto-ao-estado-solucoes-para-captacao-de-agua-em-barretos\\\/#primaryimage\"},\"thumbnailUrl\":\"https:\\\/\\\/regiaonews.net.br\\\/2022\\\/wp-content\\\/uploads\\\/2023\\\/09\\\/42a0e188f5033bc65bf8d78622277c4e.jpg\",\"articleSection\":[\"Barretos\",\"Cotidiano\"],\"inLanguage\":\"pt-BR\",\"potentialAction\":[{\"@type\":\"CommentAction\",\"name\":\"Comment\",\"target\":[\"https:\\\/\\\/regiaonews.net.br\\\/2022\\\/2023\\\/09\\\/29\\\/prefeitura-e-saaeb-buscam-junto-ao-estado-solucoes-para-captacao-de-agua-em-barretos\\\/#respond\"]}]},{\"@type\":\"WebPage\",\"@id\":\"https:\\\/\\\/regiaonews.net.br\\\/2022\\\/2023\\\/09\\\/29\\\/prefeitura-e-saaeb-buscam-junto-ao-estado-solucoes-para-captacao-de-agua-em-barretos\\\/\",\"url\":\"https:\\\/\\\/regiaonews.net.br\\\/2022\\\/2023\\\/09\\\/29\\\/prefeitura-e-saaeb-buscam-junto-ao-estado-solucoes-para-captacao-de-agua-em-barretos\\\/\",\"name\":\"Prefeitura e SAAEB buscam junto ao Estado solu\u00e7\u00f5es para capta\u00e7\u00e3o de \u00e1gua em Barretos - Regi\u00e3o News\",\"isPartOf\":{\"@id\":\"https:\\\/\\\/regiaonews.net.br\\\/2022\\\/#website\"},\"primaryImageOfPage\":{\"@id\":\"https:\\\/\\\/regiaonews.net.br\\\/2022\\\/2023\\\/09\\\/29\\\/prefeitura-e-saaeb-buscam-junto-ao-estado-solucoes-para-captacao-de-agua-em-barretos\\\/#primaryimage\"},\"image\":{\"@id\":\"https:\\\/\\\/regiaonews.net.br\\\/2022\\\/2023\\\/09\\\/29\\\/prefeitura-e-saaeb-buscam-junto-ao-estado-solucoes-para-captacao-de-agua-em-barretos\\\/#primaryimage\"},\"thumbnailUrl\":\"https:\\\/\\\/regiaonews.net.br\\\/2022\\\/wp-content\\\/uploads\\\/2023\\\/09\\\/42a0e188f5033bc65bf8d78622277c4e.jpg\",\"datePublished\":\"2023-09-29T11:38:04+00:00\",\"dateModified\":\"2023-09-29T18:17:32+00:00\",\"breadcrumb\":{\"@id\":\"https:\\\/\\\/regiaonews.net.br\\\/2022\\\/2023\\\/09\\\/29\\\/prefeitura-e-saaeb-buscam-junto-ao-estado-solucoes-para-captacao-de-agua-em-barretos\\\/#breadcrumb\"},\"inLanguage\":\"pt-BR\",\"potentialAction\":[{\"@type\":\"ReadAction\",\"target\":[\"https:\\\/\\\/regiaonews.net.br\\\/2022\\\/2023\\\/09\\\/29\\\/prefeitura-e-saaeb-buscam-junto-ao-estado-solucoes-para-captacao-de-agua-em-barretos\\\/\"]}]},{\"@type\":\"ImageObject\",\"inLanguage\":\"pt-BR\",\"@id\":\"https:\\\/\\\/regiaonews.net.br\\\/2022\\\/2023\\\/09\\\/29\\\/prefeitura-e-saaeb-buscam-junto-ao-estado-solucoes-para-captacao-de-agua-em-barretos\\\/#primaryimage\",\"url\":\"https:\\\/\\\/regiaonews.net.br\\\/2022\\\/wp-content\\\/uploads\\\/2023\\\/09\\\/42a0e188f5033bc65bf8d78622277c4e.jpg\",\"contentUrl\":\"https:\\\/\\\/regiaonews.net.br\\\/2022\\\/wp-content\\\/uploads\\\/2023\\\/09\\\/42a0e188f5033bc65bf8d78622277c4e.jpg\",\"width\":1592,\"height\":1060,\"caption\":\"????????????????????????????????????\"},{\"@type\":\"BreadcrumbList\",\"@id\":\"https:\\\/\\\/regiaonews.net.br\\\/2022\\\/2023\\\/09\\\/29\\\/prefeitura-e-saaeb-buscam-junto-ao-estado-solucoes-para-captacao-de-agua-em-barretos\\\/#breadcrumb\",\"itemListElement\":[{\"@type\":\"ListItem\",\"position\":1,\"name\":\"In\u00edcio\",\"item\":\"https:\\\/\\\/regiaonews.net.br\\\/2022\\\/\"},{\"@type\":\"ListItem\",\"position\":2,\"name\":\"Prefeitura e SAAEB buscam junto ao Estado solu\u00e7\u00f5es para capta\u00e7\u00e3o de \u00e1gua em Barretos\"}]},{\"@type\":\"WebSite\",\"@id\":\"https:\\\/\\\/regiaonews.net.br\\\/2022\\\/#website\",\"url\":\"https:\\\/\\\/regiaonews.net.br\\\/2022\\\/\",\"name\":\"Regi\u00e3o News\",\"description\":\"Site de Not\u00edcias de Barretos e regi\u00e3o\",\"publisher\":{\"@id\":\"https:\\\/\\\/regiaonews.net.br\\\/2022\\\/#organization\"},\"potentialAction\":[{\"@type\":\"SearchAction\",\"target\":{\"@type\":\"EntryPoint\",\"urlTemplate\":\"https:\\\/\\\/regiaonews.net.br\\\/2022\\\/?s={search_term_string}\"},\"query-input\":{\"@type\":\"PropertyValueSpecification\",\"valueRequired\":true,\"valueName\":\"search_term_string\"}}],\"inLanguage\":\"pt-BR\"},{\"@type\":\"Organization\",\"@id\":\"https:\\\/\\\/regiaonews.net.br\\\/2022\\\/#organization\",\"name\":\"Regi\u00e3o News\",\"url\":\"https:\\\/\\\/regiaonews.net.br\\\/2022\\\/\",\"logo\":{\"@type\":\"ImageObject\",\"inLanguage\":\"pt-BR\",\"@id\":\"https:\\\/\\\/regiaonews.net.br\\\/2022\\\/#\\\/schema\\\/logo\\\/image\\\/\",\"url\":\"https:\\\/\\\/regiaonews.net.br\\\/2022\\\/wp-content\\\/uploads\\\/2026\\\/03\\\/regiao-13-anos-scaled.jpg\",\"contentUrl\":\"https:\\\/\\\/regiaonews.net.br\\\/2022\\\/wp-content\\\/uploads\\\/2026\\\/03\\\/regiao-13-anos-scaled.jpg\",\"width\":2560,\"height\":635,\"caption\":\"Regi\u00e3o News\"},\"image\":{\"@id\":\"https:\\\/\\\/regiaonews.net.br\\\/2022\\\/#\\\/schema\\\/logo\\\/image\\\/\"}},{\"@type\":\"Person\",\"@id\":\"https:\\\/\\\/regiaonews.net.br\\\/2022\\\/#\\\/schema\\\/person\\\/2d205a608a5aa97ac279d7a5e6d89ad8\",\"name\":\"Roberto\",\"image\":{\"@type\":\"ImageObject\",\"inLanguage\":\"pt-BR\",\"@id\":\"https:\\\/\\\/secure.gravatar.com\\\/avatar\\\/42749d8b712ff9d59ca93dc150494e5b55a44134482993f5baeb97e61b7ecc89?s=96&d=mm&r=g\",\"url\":\"https:\\\/\\\/secure.gravatar.com\\\/avatar\\\/42749d8b712ff9d59ca93dc150494e5b55a44134482993f5baeb97e61b7ecc89?s=96&d=mm&r=g\",\"contentUrl\":\"https:\\\/\\\/secure.gravatar.com\\\/avatar\\\/42749d8b712ff9d59ca93dc150494e5b55a44134482993f5baeb97e61b7ecc89?s=96&d=mm&r=g\",\"caption\":\"Roberto\"},\"url\":\"https:\\\/\\\/regiaonews.net.br\\\/2022\\\/author\\\/roberto\\\/\"}]}<\/script>\n<!-- \/ Yoast SEO plugin. -->","yoast_head_json":{"title":"Prefeitura e SAAEB buscam junto ao Estado solu\u00e7\u00f5es para capta\u00e7\u00e3o de \u00e1gua em Barretos - Regi\u00e3o News","robots":{"index":"index","follow":"follow","max-snippet":"max-snippet:-1","max-image-preview":"max-image-preview:large","max-video-preview":"max-video-preview:-1"},"canonical":"https:\/\/regiaonews.net.br\/2022\/2023\/09\/29\/prefeitura-e-saaeb-buscam-junto-ao-estado-solucoes-para-captacao-de-agua-em-barretos\/","og_locale":"pt_BR","og_type":"article","og_title":"Prefeitura e SAAEB buscam junto ao Estado solu\u00e7\u00f5es para capta\u00e7\u00e3o de \u00e1gua em Barretos - Regi\u00e3o News","og_description":"Em reuni\u00e3o realizada na tarde desta quinta-feira, 28, foram discutidas","og_url":"https:\/\/regiaonews.net.br\/2022\/2023\/09\/29\/prefeitura-e-saaeb-buscam-junto-ao-estado-solucoes-para-captacao-de-agua-em-barretos\/","og_site_name":"Regi\u00e3o News","article_published_time":"2023-09-29T11:38:04+00:00","article_modified_time":"2023-09-29T18:17:32+00:00","og_image":[{"width":1592,"height":1060,"url":"https:\/\/regiaonews.net.br\/2022\/wp-content\/uploads\/2023\/09\/42a0e188f5033bc65bf8d78622277c4e.jpg","type":"image\/jpeg"}],"author":"Roberto","twitter_card":"summary_large_image","twitter_misc":{"Escrito por":"Roberto","Est. tempo de leitura":"4 minutos"},"schema":{"@context":"https:\/\/schema.org","@graph":[{"@type":"Article","@id":"https:\/\/regiaonews.net.br\/2022\/2023\/09\/29\/prefeitura-e-saaeb-buscam-junto-ao-estado-solucoes-para-captacao-de-agua-em-barretos\/#article","isPartOf":{"@id":"https:\/\/regiaonews.net.br\/2022\/2023\/09\/29\/prefeitura-e-saaeb-buscam-junto-ao-estado-solucoes-para-captacao-de-agua-em-barretos\/"},"author":{"name":"Roberto","@id":"https:\/\/regiaonews.net.br\/2022\/#\/schema\/person\/2d205a608a5aa97ac279d7a5e6d89ad8"},"headline":"Prefeitura e SAAEB buscam junto ao Estado solu\u00e7\u00f5es para capta\u00e7\u00e3o de \u00e1gua em Barretos","datePublished":"2023-09-29T11:38:04+00:00","dateModified":"2023-09-29T18:17:32+00:00","mainEntityOfPage":{"@id":"https:\/\/regiaonews.net.br\/2022\/2023\/09\/29\/prefeitura-e-saaeb-buscam-junto-ao-estado-solucoes-para-captacao-de-agua-em-barretos\/"},"wordCount":664,"commentCount":0,"publisher":{"@id":"https:\/\/regiaonews.net.br\/2022\/#organization"},"image":{"@id":"https:\/\/regiaonews.net.br\/2022\/2023\/09\/29\/prefeitura-e-saaeb-buscam-junto-ao-estado-solucoes-para-captacao-de-agua-em-barretos\/#primaryimage"},"thumbnailUrl":"https:\/\/regiaonews.net.br\/2022\/wp-content\/uploads\/2023\/09\/42a0e188f5033bc65bf8d78622277c4e.jpg","articleSection":["Barretos","Cotidiano"],"inLanguage":"pt-BR","potentialAction":[{"@type":"CommentAction","name":"Comment","target":["https:\/\/regiaonews.net.br\/2022\/2023\/09\/29\/prefeitura-e-saaeb-buscam-junto-ao-estado-solucoes-para-captacao-de-agua-em-barretos\/#respond"]}]},{"@type":"WebPage","@id":"https:\/\/regiaonews.net.br\/2022\/2023\/09\/29\/prefeitura-e-saaeb-buscam-junto-ao-estado-solucoes-para-captacao-de-agua-em-barretos\/","url":"https:\/\/regiaonews.net.br\/2022\/2023\/09\/29\/prefeitura-e-saaeb-buscam-junto-ao-estado-solucoes-para-captacao-de-agua-em-barretos\/","name":"Prefeitura e SAAEB buscam junto ao Estado solu\u00e7\u00f5es para capta\u00e7\u00e3o de \u00e1gua em Barretos - Regi\u00e3o News","isPartOf":{"@id":"https:\/\/regiaonews.net.br\/2022\/#website"},"primaryImageOfPage":{"@id":"https:\/\/regiaonews.net.br\/2022\/2023\/09\/29\/prefeitura-e-saaeb-buscam-junto-ao-estado-solucoes-para-captacao-de-agua-em-barretos\/#primaryimage"},"image":{"@id":"https:\/\/regiaonews.net.br\/2022\/2023\/09\/29\/prefeitura-e-saaeb-buscam-junto-ao-estado-solucoes-para-captacao-de-agua-em-barretos\/#primaryimage"},"thumbnailUrl":"https:\/\/regiaonews.net.br\/2022\/wp-content\/uploads\/2023\/09\/42a0e188f5033bc65bf8d78622277c4e.jpg","datePublished":"2023-09-29T11:38:04+00:00","dateModified":"2023-09-29T18:17:32+00:00","breadcrumb":{"@id":"https:\/\/regiaonews.net.br\/2022\/2023\/09\/29\/prefeitura-e-saaeb-buscam-junto-ao-estado-solucoes-para-captacao-de-agua-em-barretos\/#breadcrumb"},"inLanguage":"pt-BR","potentialAction":[{"@type":"ReadAction","target":["https:\/\/regiaonews.net.br\/2022\/2023\/09\/29\/prefeitura-e-saaeb-buscam-junto-ao-estado-solucoes-para-captacao-de-agua-em-barretos\/"]}]},{"@type":"ImageObject","inLanguage":"pt-BR","@id":"https:\/\/regiaonews.net.br\/2022\/2023\/09\/29\/prefeitura-e-saaeb-buscam-junto-ao-estado-solucoes-para-captacao-de-agua-em-barretos\/#primaryimage","url":"https:\/\/regiaonews.net.br\/2022\/wp-content\/uploads\/2023\/09\/42a0e188f5033bc65bf8d78622277c4e.jpg","contentUrl":"https:\/\/regiaonews.net.br\/2022\/wp-content\/uploads\/2023\/09\/42a0e188f5033bc65bf8d78622277c4e.jpg","width":1592,"height":1060,"caption":"????????????????????????????????????"},{"@type":"BreadcrumbList","@id":"https:\/\/regiaonews.net.br\/2022\/2023\/09\/29\/prefeitura-e-saaeb-buscam-junto-ao-estado-solucoes-para-captacao-de-agua-em-barretos\/#breadcrumb","itemListElement":[{"@type":"ListItem","position":1,"name":"In\u00edcio","item":"https:\/\/regiaonews.net.br\/2022\/"},{"@type":"ListItem","position":2,"name":"Prefeitura e SAAEB buscam junto ao Estado solu\u00e7\u00f5es para capta\u00e7\u00e3o de \u00e1gua em Barretos"}]},{"@type":"WebSite","@id":"https:\/\/regiaonews.net.br\/2022\/#website","url":"https:\/\/regiaonews.net.br\/2022\/","name":"Regi\u00e3o News","description":"Site de Not\u00edcias de Barretos e regi\u00e3o","publisher":{"@id":"https:\/\/regiaonews.net.br\/2022\/#organization"},"potentialAction":[{"@type":"SearchAction","target":{"@type":"EntryPoint","urlTemplate":"https:\/\/regiaonews.net.br\/2022\/?s={search_term_string}"},"query-input":{"@type":"PropertyValueSpecification","valueRequired":true,"valueName":"search_term_string"}}],"inLanguage":"pt-BR"},{"@type":"Organization","@id":"https:\/\/regiaonews.net.br\/2022\/#organization","name":"Regi\u00e3o News","url":"https:\/\/regiaonews.net.br\/2022\/","logo":{"@type":"ImageObject","inLanguage":"pt-BR","@id":"https:\/\/regiaonews.net.br\/2022\/#\/schema\/logo\/image\/","url":"https:\/\/regiaonews.net.br\/2022\/wp-content\/uploads\/2026\/03\/regiao-13-anos-scaled.jpg","contentUrl":"https:\/\/regiaonews.net.br\/2022\/wp-content\/uploads\/2026\/03\/regiao-13-anos-scaled.jpg","width":2560,"height":635,"caption":"Regi\u00e3o News"},"image":{"@id":"https:\/\/regiaonews.net.br\/2022\/#\/schema\/logo\/image\/"}},{"@type":"Person","@id":"https:\/\/regiaonews.net.br\/2022\/#\/schema\/person\/2d205a608a5aa97ac279d7a5e6d89ad8","name":"Roberto","image":{"@type":"ImageObject","inLanguage":"pt-BR","@id":"https:\/\/secure.gravatar.com\/avatar\/42749d8b712ff9d59ca93dc150494e5b55a44134482993f5baeb97e61b7ecc89?s=96&d=mm&r=g","url":"https:\/\/secure.gravatar.com\/avatar\/42749d8b712ff9d59ca93dc150494e5b55a44134482993f5baeb97e61b7ecc89?s=96&d=mm&r=g","contentUrl":"https:\/\/secure.gravatar.com\/avatar\/42749d8b712ff9d59ca93dc150494e5b55a44134482993f5baeb97e61b7ecc89?s=96&d=mm&r=g","caption":"Roberto"},"url":"https:\/\/regiaonews.net.br\/2022\/author\/roberto\/"}]}},"publishpress_future_action":{"enabled":false,"date":"2026-05-04 17:27:29","action":"change-status","newStatus":"draft","terms":[],"taxonomy":"category","extraData":[]},"publishpress_future_workflow_manual_trigger":{"enabledWorkflows":[]},"_links":{"self":[{"href":"https:\/\/regiaonews.net.br\/2022\/wp-json\/wp\/v2\/posts\/95855","targetHints":{"allow":["GET"]}}],"collection":[{"href":"https:\/\/regiaonews.net.br\/2022\/wp-json\/wp\/v2\/posts"}],"about":[{"href":"https:\/\/regiaonews.net.br\/2022\/wp-json\/wp\/v2\/types\/post"}],"author":[{"embeddable":true,"href":"https:\/\/regiaonews.net.br\/2022\/wp-json\/wp\/v2\/users\/2"}],"replies":[{"embeddable":true,"href":"https:\/\/regiaonews.net.br\/2022\/wp-json\/wp\/v2\/comments?post=95855"}],"version-history":[{"count":3,"href":"https:\/\/regiaonews.net.br\/2022\/wp-json\/wp\/v2\/posts\/95855\/revisions"}],"predecessor-version":[{"id":95877,"href":"https:\/\/regiaonews.net.br\/2022\/wp-json\/wp\/v2\/posts\/95855\/revisions\/95877"}],"wp:featuredmedia":[{"embeddable":true,"href":"https:\/\/regiaonews.net.br\/2022\/wp-json\/wp\/v2\/media\/95856"}],"wp:attachment":[{"href":"https:\/\/regiaonews.net.br\/2022\/wp-json\/wp\/v2\/media?parent=95855"}],"wp:term":[{"taxonomy":"category","embeddable":true,"href":"https:\/\/regiaonews.net.br\/2022\/wp-json\/wp\/v2\/categories?post=95855"},{"taxonomy":"post_tag","embeddable":true,"href":"https:\/\/regiaonews.net.br\/2022\/wp-json\/wp\/v2\/tags?post=95855"}],"curies":[{"name":"wp","href":"https:\/\/api.w.org\/{rel}","templated":true}]}}