{"id":95838,"date":"2023-09-28T21:11:36","date_gmt":"2023-09-29T00:11:36","guid":{"rendered":"https:\/\/regiaonews.net.br\/2022\/?p=95838"},"modified":"2023-09-28T21:11:36","modified_gmt":"2023-09-29T00:11:36","slug":"na-semana-do-cinema-cinepolis-do-iguatemi-sao-jose-do-rio-preto-traz-ingressos-a-r%ef%bc%84-12","status":"publish","type":"post","link":"https:\/\/regiaonews.net.br\/2022\/2023\/09\/28\/na-semana-do-cinema-cinepolis-do-iguatemi-sao-jose-do-rio-preto-traz-ingressos-a-r%ef%bc%84-12\/","title":{"rendered":"Na Semana do Cinema, Cin\u00e9polis do Iguatemi S\u00e3o Jos\u00e9 do Rio Preto traz ingressos a R\uff04 12"},"content":{"rendered":"<blockquote>\n<div class=\"R1UVb\">\n<table width=\"801\" align=\"center\">\n<tbody>\n<tr class=\"x_tr70\">\n<td><strong>Na Semana do Cinema, Cin\u00e9polis do Iguatemi S\u00e3o Jos\u00e9 do Rio Preto traz ingressos a R\uff04 12<\/strong><\/p>\n<p><em>Promo\u00e7\u00e3o acontece entre os dias 28 de setembro e 04 de outubro em salas de todo o pa\u00eds; Combos com pipoca e refrigerante tamb\u00e9m ter\u00e3o pre\u00e7os especiais<\/em><br aria-hidden=\"true\" \/><\/p>\n<p>A Cin\u00e9polis do shopping Iguatemi S\u00e3o Jos\u00e9 do Rio Preto ser\u00e1 uma das participantes de mais uma edi\u00e7\u00e3o da Semana do Cinema, iniciativa criada para celebrar a magia da experi\u00eancia cinematogr\u00e1fica nas telonas, que envolve centenas de salas em todo o pa\u00eds. Entre os dias 28 de setembro e 04 de outubro, os ingressos ser\u00e3o disponibilizados com pre\u00e7o \u00fanico de R\uff04 12 e os combos com pipoca e refrigerante ter\u00e3o valores especiais. A campanha, idealizada pela FENEEC (Federa\u00e7\u00e3o Nacional das Empresas Exibidoras Cinematogr\u00e1ficas), conta com o apoio da ABRAPLEX (Associa\u00e7\u00e3o Brasileira das Empresas Exibidoras Cinematogr\u00e1ficas Operadoras de Multiplex).<br aria-hidden=\"true\" \/><\/p>\n<p>A promo\u00e7\u00e3o \u00e9 v\u00e1lida para todos os filmes e hor\u00e1rios nas salas tradicionais, al\u00e9m das Macro XE 2D e 3D &#8211; exclusivas do Iguatemi Rio Preto na cidade e regi\u00e3o. A programa\u00e7\u00e3o ser\u00e1 variada, com filmes de terror, musicais, com\u00e9dias, romances, dramas, entre outros g\u00eaneros.\u00a0<em>\u201cOs cin\u00e9filos de plant\u00e3o ter\u00e3o uma semana de cinema com pre\u00e7os especiais para aproveitar os melhores filmes, entre eles os lan\u00e7amentos \u2018Nosso sonho\u2019, \u2018Elis &amp; Tom, S\u00f3 Tinha de Ser com Voc\u00ea\u2019 e \u2018Som da Liberdade\u2019. O objetivo \u00e9 promover cultura e entretenimento para o nosso p\u00fablico\u201d,\u00a0<\/em>afirma Paula Barreto, Gerente Geral do Shopping Iguatemi S\u00e3o Jos\u00e9 do Rio Preto.<br aria-hidden=\"true\" \/><\/p>\n<p>Esta \u00e9 a terceira edi\u00e7\u00e3o da Semana do Cinema. Em fevereiro, a a\u00e7\u00e3o registrou um crescimento de 180% no p\u00fablico em rela\u00e7\u00e3o \u00e0 semana anterior, aponta levantamento da Comscore. Ao todo, mais de 3,7 milh\u00f5es de espectadores foram aos cinemas no per\u00edodo. A iniciativa segue uma tend\u00eancia mundial de promover, em clima de festa, a\u00a0magia dos cinemas, como j\u00e1 \u00e9 tradicional nos Estados Unidos, com o National Cinema Day, e na Espanha, com a La Fiesta del Cine.<br aria-hidden=\"true\" \/><\/p>\n<p>No Iguatemi S\u00e3o Jos\u00e9 do Rio Preto, os cin\u00e9filos j\u00e1 podem garantir seus ingressos por meio do site da\u00a0<a title=\"Protegido pelo Outlook: https:\/\/www.cinepolis.com.br\/promocao\/84\/semana-do-cinema.html. Clique ou toque para seguir o link.\" href=\"https:\/\/na01.safelinks.protection.outlook.com\/?url=https%3A%2F%2Fwww.cinepolis.com.br%2Fpromocao%2F84%2Fsemana-do-cinema.html&amp;data=05%7C01%7C%7C7980ce2d127541f7e5c208dbc05f2448%7C84df9e7fe9f640afb435aaaaaaaaaaaa%7C1%7C0%7C638315287372023133%7CUnknown%7CTWFpbGZsb3d8eyJWIjoiMC4wLjAwMDAiLCJQIjoiV2luMzIiLCJBTiI6Ik1haWwiLCJXVCI6Mn0%3D%7C3000%7C%7C%7C&amp;sdata=j5%2BtUY12j8YYOWfjjk26ubb%2BWbL%2FyYEQ8KSp4KL6hec%3D&amp;reserved=0\" target=\"_blank\" rel=\"noopener noreferrer\" data-auth=\"Verified\" data-linkindex=\"0\"><u>Cin\u00e9polis<\/u><\/a>\u00a0ou diretamente na bilheteria.<\/p>\n<p><strong>\u201cSemana do Cinema\u201d<\/strong><\/p>\n<p><strong>Cin\u00e9polis do Shopping Iguatemi S\u00e3o Jos\u00e9 do Rio Preto<\/strong><\/p>\n<p><strong>Data:<\/strong>\u00a0de 28 de setembro a 4 de outubro.<\/p>\n<p>Todas as sess\u00f5es salas tradicionais Macro XE 2D e 3D &#8211; exclusivas do Iguatemi Rio Preto<\/p>\n<p><strong>Pre\u00e7o dos ingressos:\u00a0<\/strong>R\uff04 12,00.<\/p>\n<p><strong>Site:\u00a0<\/strong><a title=\"Protegido pelo Outlook: https:\/\/www.cinepolis.com.br\/promocao\/84\/semana-do-cinema.html. Clique ou toque para seguir o link.\" href=\"https:\/\/na01.safelinks.protection.outlook.com\/?url=https%3A%2F%2Fwww.cinepolis.com.br%2Fpromocao%2F84%2Fsemana-do-cinema.html&amp;data=05%7C01%7C%7C7980ce2d127541f7e5c208dbc05f2448%7C84df9e7fe9f640afb435aaaaaaaaaaaa%7C1%7C0%7C638315287372023133%7CUnknown%7CTWFpbGZsb3d8eyJWIjoiMC4wLjAwMDAiLCJQIjoiV2luMzIiLCJBTiI6Ik1haWwiLCJXVCI6Mn0%3D%7C3000%7C%7C%7C&amp;sdata=j5%2BtUY12j8YYOWfjjk26ubb%2BWbL%2FyYEQ8KSp4KL6hec%3D&amp;reserved=0\" target=\"_blank\" rel=\"noopener noreferrer\" data-auth=\"Verified\" data-linkindex=\"1\">Link<\/a><\/p>\n<p><strong><u>Sobre o Iguatemi S\u00e3o Jos\u00e9 do Rio Preto<\/u><\/strong><\/p>\n<p>Considerado o primeiro e maior complexo multiuso do Noroeste Paulista, o Iguatemi S\u00e3o Jos\u00e9 do Rio Preto pertence \u00e0 Iguatemi S.A, carrega a excel\u00eancia e pioneirismo da marca em seu DNA. O empreendimento re\u00fane moda, arte, cultura, gastronomia, entretenimento, lazer, servi\u00e7os exclusivos, e conta com o hotel Hyatt Place, uma torre comercial (Iguatemi Business) e o residencial Integrado. Com um ambiente agrad\u00e1vel e aconchegante, pensado para proporcionar experi\u00eancias \u00fanicas e exclusivas, o Iguatemi S\u00e3o Jos\u00e9 do Rio Preto oferece um mix diversificado com marcas conceituadas do varejo nacional e internacional, entretenimento exclusivo e restaurantes renomados que o consolidaram como o principal polo gastron\u00f4mico da regi\u00e3o. Mais informa\u00e7\u00f5es:\u00a0<a title=\"Protegido pelo Outlook: https:\/\/iguatemi.com.br\/saojosedoriopreto\/. Clique ou toque para seguir o link.\" href=\"https:\/\/na01.safelinks.protection.outlook.com\/?url=https%3A%2F%2Figuatemi.com.br%2Fsaojosedoriopreto%2F&amp;data=05%7C01%7C%7C7980ce2d127541f7e5c208dbc05f2448%7C84df9e7fe9f640afb435aaaaaaaaaaaa%7C1%7C0%7C638315287372023133%7CUnknown%7CTWFpbGZsb3d8eyJWIjoiMC4wLjAwMDAiLCJQIjoiV2luMzIiLCJBTiI6Ik1haWwiLCJXVCI6Mn0%3D%7C3000%7C%7C%7C&amp;sdata=mS0Qj2Q1P9qT0%2FrxjDCyWDb2z03RCbRo1pQaPeoy9pw%3D&amp;reserved=0\" target=\"_blank\" rel=\"noopener noreferrer\" data-auth=\"Verified\" data-linkindex=\"2\">Link<\/a><\/p>\n<p aria-hidden=\"true\">\n<\/td>\n<\/tr>\n<\/tbody>\n<\/table>\n<\/div>\n<\/blockquote>\n","protected":false},"excerpt":{"rendered":"<p>Na Semana do Cinema, Cin\u00e9polis do Iguatemi S\u00e3o Jos\u00e9 do<\/p>\n","protected":false},"author":2,"featured_media":95839,"comment_status":"open","ping_status":"open","sticky":false,"template":"","format":"standard","meta":{"footnotes":""},"categories":[25,38],"tags":[],"class_list":["post-95838","post","type-post","status-publish","format-standard","has-post-thumbnail","hentry","category-cidades","category-sao-jose-do-rio-preto"],"yoast_head":"<!-- This site is optimized with the Yoast SEO plugin v27.4 - https:\/\/yoast.com\/product\/yoast-seo-wordpress\/ -->\n<title>Na Semana do Cinema, Cin\u00e9polis do Iguatemi S\u00e3o Jos\u00e9 do Rio Preto traz ingressos a R\uff04 12 - Regi\u00e3o News<\/title>\n<meta name=\"robots\" content=\"index, follow, max-snippet:-1, max-image-preview:large, max-video-preview:-1\" \/>\n<link rel=\"canonical\" href=\"https:\/\/regiaonews.net.br\/2022\/2023\/09\/28\/na-semana-do-cinema-cinepolis-do-iguatemi-sao-jose-do-rio-preto-traz-ingressos-a-r\uff04-12\/\" \/>\n<meta property=\"og:locale\" content=\"pt_BR\" \/>\n<meta property=\"og:type\" content=\"article\" \/>\n<meta property=\"og:title\" content=\"Na Semana do Cinema, Cin\u00e9polis do Iguatemi S\u00e3o Jos\u00e9 do Rio Preto traz ingressos a R\uff04 12 - Regi\u00e3o News\" \/>\n<meta property=\"og:description\" content=\"Na Semana do Cinema, Cin\u00e9polis do Iguatemi S\u00e3o Jos\u00e9 do\" \/>\n<meta property=\"og:url\" content=\"https:\/\/regiaonews.net.br\/2022\/2023\/09\/28\/na-semana-do-cinema-cinepolis-do-iguatemi-sao-jose-do-rio-preto-traz-ingressos-a-r\uff04-12\/\" \/>\n<meta property=\"og:site_name\" content=\"Regi\u00e3o News\" \/>\n<meta property=\"article:published_time\" content=\"2023-09-29T00:11:36+00:00\" \/>\n<meta property=\"og:image\" content=\"https:\/\/regiaonews.net.br\/2022\/wp-content\/uploads\/2023\/09\/347f1bec1029b0ff69441a41aea79c37low.jpeg\" \/>\n\t<meta property=\"og:image:width\" content=\"800\" \/>\n\t<meta property=\"og:image:height\" content=\"510\" \/>\n\t<meta property=\"og:image:type\" content=\"image\/jpeg\" \/>\n<meta name=\"author\" content=\"Roberto\" \/>\n<meta name=\"twitter:card\" content=\"summary_large_image\" \/>\n<meta name=\"twitter:label1\" content=\"Escrito por\" \/>\n\t<meta name=\"twitter:data1\" content=\"Roberto\" \/>\n<script type=\"application\/ld+json\" class=\"yoast-schema-graph\">{\"@context\":\"https:\\\/\\\/schema.org\",\"@graph\":[{\"@type\":\"Article\",\"@id\":\"https:\\\/\\\/regiaonews.net.br\\\/2022\\\/2023\\\/09\\\/28\\\/na-semana-do-cinema-cinepolis-do-iguatemi-sao-jose-do-rio-preto-traz-ingressos-a-r%ef%bc%84-12\\\/#article\",\"isPartOf\":{\"@id\":\"https:\\\/\\\/regiaonews.net.br\\\/2022\\\/2023\\\/09\\\/28\\\/na-semana-do-cinema-cinepolis-do-iguatemi-sao-jose-do-rio-preto-traz-ingressos-a-r%ef%bc%84-12\\\/\"},\"author\":{\"name\":\"Roberto\",\"@id\":\"https:\\\/\\\/regiaonews.net.br\\\/2022\\\/#\\\/schema\\\/person\\\/2d205a608a5aa97ac279d7a5e6d89ad8\"},\"headline\":\"Na Semana do Cinema, Cin\u00e9polis do Iguatemi S\u00e3o Jos\u00e9 do Rio Preto traz ingressos a R\uff04 12\",\"datePublished\":\"2023-09-29T00:11:36+00:00\",\"mainEntityOfPage\":{\"@id\":\"https:\\\/\\\/regiaonews.net.br\\\/2022\\\/2023\\\/09\\\/28\\\/na-semana-do-cinema-cinepolis-do-iguatemi-sao-jose-do-rio-preto-traz-ingressos-a-r%ef%bc%84-12\\\/\"},\"wordCount\":572,\"commentCount\":0,\"publisher\":{\"@id\":\"https:\\\/\\\/regiaonews.net.br\\\/2022\\\/#organization\"},\"image\":{\"@id\":\"https:\\\/\\\/regiaonews.net.br\\\/2022\\\/2023\\\/09\\\/28\\\/na-semana-do-cinema-cinepolis-do-iguatemi-sao-jose-do-rio-preto-traz-ingressos-a-r%ef%bc%84-12\\\/#primaryimage\"},\"thumbnailUrl\":\"https:\\\/\\\/regiaonews.net.br\\\/2022\\\/wp-content\\\/uploads\\\/2023\\\/09\\\/347f1bec1029b0ff69441a41aea79c37low.jpeg\",\"articleSection\":[\"Cidades\",\"S\u00e3o Jos\u00e9 do RIo Preto\"],\"inLanguage\":\"pt-BR\",\"potentialAction\":[{\"@type\":\"CommentAction\",\"name\":\"Comment\",\"target\":[\"https:\\\/\\\/regiaonews.net.br\\\/2022\\\/2023\\\/09\\\/28\\\/na-semana-do-cinema-cinepolis-do-iguatemi-sao-jose-do-rio-preto-traz-ingressos-a-r%ef%bc%84-12\\\/#respond\"]}]},{\"@type\":\"WebPage\",\"@id\":\"https:\\\/\\\/regiaonews.net.br\\\/2022\\\/2023\\\/09\\\/28\\\/na-semana-do-cinema-cinepolis-do-iguatemi-sao-jose-do-rio-preto-traz-ingressos-a-r%ef%bc%84-12\\\/\",\"url\":\"https:\\\/\\\/regiaonews.net.br\\\/2022\\\/2023\\\/09\\\/28\\\/na-semana-do-cinema-cinepolis-do-iguatemi-sao-jose-do-rio-preto-traz-ingressos-a-r%ef%bc%84-12\\\/\",\"name\":\"Na Semana do Cinema, Cin\u00e9polis do Iguatemi S\u00e3o Jos\u00e9 do Rio Preto traz ingressos a R\uff04 12 - Regi\u00e3o News\",\"isPartOf\":{\"@id\":\"https:\\\/\\\/regiaonews.net.br\\\/2022\\\/#website\"},\"primaryImageOfPage\":{\"@id\":\"https:\\\/\\\/regiaonews.net.br\\\/2022\\\/2023\\\/09\\\/28\\\/na-semana-do-cinema-cinepolis-do-iguatemi-sao-jose-do-rio-preto-traz-ingressos-a-r%ef%bc%84-12\\\/#primaryimage\"},\"image\":{\"@id\":\"https:\\\/\\\/regiaonews.net.br\\\/2022\\\/2023\\\/09\\\/28\\\/na-semana-do-cinema-cinepolis-do-iguatemi-sao-jose-do-rio-preto-traz-ingressos-a-r%ef%bc%84-12\\\/#primaryimage\"},\"thumbnailUrl\":\"https:\\\/\\\/regiaonews.net.br\\\/2022\\\/wp-content\\\/uploads\\\/2023\\\/09\\\/347f1bec1029b0ff69441a41aea79c37low.jpeg\",\"datePublished\":\"2023-09-29T00:11:36+00:00\",\"breadcrumb\":{\"@id\":\"https:\\\/\\\/regiaonews.net.br\\\/2022\\\/2023\\\/09\\\/28\\\/na-semana-do-cinema-cinepolis-do-iguatemi-sao-jose-do-rio-preto-traz-ingressos-a-r%ef%bc%84-12\\\/#breadcrumb\"},\"inLanguage\":\"pt-BR\",\"potentialAction\":[{\"@type\":\"ReadAction\",\"target\":[\"https:\\\/\\\/regiaonews.net.br\\\/2022\\\/2023\\\/09\\\/28\\\/na-semana-do-cinema-cinepolis-do-iguatemi-sao-jose-do-rio-preto-traz-ingressos-a-r%ef%bc%84-12\\\/\"]}]},{\"@type\":\"ImageObject\",\"inLanguage\":\"pt-BR\",\"@id\":\"https:\\\/\\\/regiaonews.net.br\\\/2022\\\/2023\\\/09\\\/28\\\/na-semana-do-cinema-cinepolis-do-iguatemi-sao-jose-do-rio-preto-traz-ingressos-a-r%ef%bc%84-12\\\/#primaryimage\",\"url\":\"https:\\\/\\\/regiaonews.net.br\\\/2022\\\/wp-content\\\/uploads\\\/2023\\\/09\\\/347f1bec1029b0ff69441a41aea79c37low.jpeg\",\"contentUrl\":\"https:\\\/\\\/regiaonews.net.br\\\/2022\\\/wp-content\\\/uploads\\\/2023\\\/09\\\/347f1bec1029b0ff69441a41aea79c37low.jpeg\",\"width\":800,\"height\":510},{\"@type\":\"BreadcrumbList\",\"@id\":\"https:\\\/\\\/regiaonews.net.br\\\/2022\\\/2023\\\/09\\\/28\\\/na-semana-do-cinema-cinepolis-do-iguatemi-sao-jose-do-rio-preto-traz-ingressos-a-r%ef%bc%84-12\\\/#breadcrumb\",\"itemListElement\":[{\"@type\":\"ListItem\",\"position\":1,\"name\":\"In\u00edcio\",\"item\":\"https:\\\/\\\/regiaonews.net.br\\\/2022\\\/\"},{\"@type\":\"ListItem\",\"position\":2,\"name\":\"Na Semana do Cinema, Cin\u00e9polis do Iguatemi S\u00e3o Jos\u00e9 do Rio Preto traz ingressos a R\uff04 12\"}]},{\"@type\":\"WebSite\",\"@id\":\"https:\\\/\\\/regiaonews.net.br\\\/2022\\\/#website\",\"url\":\"https:\\\/\\\/regiaonews.net.br\\\/2022\\\/\",\"name\":\"Regi\u00e3o News\",\"description\":\"Site de Not\u00edcias de Barretos e regi\u00e3o\",\"publisher\":{\"@id\":\"https:\\\/\\\/regiaonews.net.br\\\/2022\\\/#organization\"},\"potentialAction\":[{\"@type\":\"SearchAction\",\"target\":{\"@type\":\"EntryPoint\",\"urlTemplate\":\"https:\\\/\\\/regiaonews.net.br\\\/2022\\\/?s={search_term_string}\"},\"query-input\":{\"@type\":\"PropertyValueSpecification\",\"valueRequired\":true,\"valueName\":\"search_term_string\"}}],\"inLanguage\":\"pt-BR\"},{\"@type\":\"Organization\",\"@id\":\"https:\\\/\\\/regiaonews.net.br\\\/2022\\\/#organization\",\"name\":\"Regi\u00e3o News\",\"url\":\"https:\\\/\\\/regiaonews.net.br\\\/2022\\\/\",\"logo\":{\"@type\":\"ImageObject\",\"inLanguage\":\"pt-BR\",\"@id\":\"https:\\\/\\\/regiaonews.net.br\\\/2022\\\/#\\\/schema\\\/logo\\\/image\\\/\",\"url\":\"https:\\\/\\\/regiaonews.net.br\\\/2022\\\/wp-content\\\/uploads\\\/2026\\\/03\\\/regiao-13-anos-scaled.jpg\",\"contentUrl\":\"https:\\\/\\\/regiaonews.net.br\\\/2022\\\/wp-content\\\/uploads\\\/2026\\\/03\\\/regiao-13-anos-scaled.jpg\",\"width\":2560,\"height\":635,\"caption\":\"Regi\u00e3o News\"},\"image\":{\"@id\":\"https:\\\/\\\/regiaonews.net.br\\\/2022\\\/#\\\/schema\\\/logo\\\/image\\\/\"}},{\"@type\":\"Person\",\"@id\":\"https:\\\/\\\/regiaonews.net.br\\\/2022\\\/#\\\/schema\\\/person\\\/2d205a608a5aa97ac279d7a5e6d89ad8\",\"name\":\"Roberto\",\"image\":{\"@type\":\"ImageObject\",\"inLanguage\":\"pt-BR\",\"@id\":\"https:\\\/\\\/secure.gravatar.com\\\/avatar\\\/42749d8b712ff9d59ca93dc150494e5b55a44134482993f5baeb97e61b7ecc89?s=96&d=mm&r=g\",\"url\":\"https:\\\/\\\/secure.gravatar.com\\\/avatar\\\/42749d8b712ff9d59ca93dc150494e5b55a44134482993f5baeb97e61b7ecc89?s=96&d=mm&r=g\",\"contentUrl\":\"https:\\\/\\\/secure.gravatar.com\\\/avatar\\\/42749d8b712ff9d59ca93dc150494e5b55a44134482993f5baeb97e61b7ecc89?s=96&d=mm&r=g\",\"caption\":\"Roberto\"},\"url\":\"https:\\\/\\\/regiaonews.net.br\\\/2022\\\/author\\\/roberto\\\/\"}]}<\/script>\n<!-- \/ Yoast SEO plugin. -->","yoast_head_json":{"title":"Na Semana do Cinema, Cin\u00e9polis do Iguatemi S\u00e3o Jos\u00e9 do Rio Preto traz ingressos a R\uff04 12 - Regi\u00e3o News","robots":{"index":"index","follow":"follow","max-snippet":"max-snippet:-1","max-image-preview":"max-image-preview:large","max-video-preview":"max-video-preview:-1"},"canonical":"https:\/\/regiaonews.net.br\/2022\/2023\/09\/28\/na-semana-do-cinema-cinepolis-do-iguatemi-sao-jose-do-rio-preto-traz-ingressos-a-r\uff04-12\/","og_locale":"pt_BR","og_type":"article","og_title":"Na Semana do Cinema, Cin\u00e9polis do Iguatemi S\u00e3o Jos\u00e9 do Rio Preto traz ingressos a R\uff04 12 - Regi\u00e3o News","og_description":"Na Semana do Cinema, Cin\u00e9polis do Iguatemi S\u00e3o Jos\u00e9 do","og_url":"https:\/\/regiaonews.net.br\/2022\/2023\/09\/28\/na-semana-do-cinema-cinepolis-do-iguatemi-sao-jose-do-rio-preto-traz-ingressos-a-r\uff04-12\/","og_site_name":"Regi\u00e3o News","article_published_time":"2023-09-29T00:11:36+00:00","og_image":[{"width":800,"height":510,"url":"https:\/\/regiaonews.net.br\/2022\/wp-content\/uploads\/2023\/09\/347f1bec1029b0ff69441a41aea79c37low.jpeg","type":"image\/jpeg"}],"author":"Roberto","twitter_card":"summary_large_image","twitter_misc":{"Escrito por":"Roberto"},"schema":{"@context":"https:\/\/schema.org","@graph":[{"@type":"Article","@id":"https:\/\/regiaonews.net.br\/2022\/2023\/09\/28\/na-semana-do-cinema-cinepolis-do-iguatemi-sao-jose-do-rio-preto-traz-ingressos-a-r%ef%bc%84-12\/#article","isPartOf":{"@id":"https:\/\/regiaonews.net.br\/2022\/2023\/09\/28\/na-semana-do-cinema-cinepolis-do-iguatemi-sao-jose-do-rio-preto-traz-ingressos-a-r%ef%bc%84-12\/"},"author":{"name":"Roberto","@id":"https:\/\/regiaonews.net.br\/2022\/#\/schema\/person\/2d205a608a5aa97ac279d7a5e6d89ad8"},"headline":"Na Semana do Cinema, Cin\u00e9polis do Iguatemi S\u00e3o Jos\u00e9 do Rio Preto traz ingressos a R\uff04 12","datePublished":"2023-09-29T00:11:36+00:00","mainEntityOfPage":{"@id":"https:\/\/regiaonews.net.br\/2022\/2023\/09\/28\/na-semana-do-cinema-cinepolis-do-iguatemi-sao-jose-do-rio-preto-traz-ingressos-a-r%ef%bc%84-12\/"},"wordCount":572,"commentCount":0,"publisher":{"@id":"https:\/\/regiaonews.net.br\/2022\/#organization"},"image":{"@id":"https:\/\/regiaonews.net.br\/2022\/2023\/09\/28\/na-semana-do-cinema-cinepolis-do-iguatemi-sao-jose-do-rio-preto-traz-ingressos-a-r%ef%bc%84-12\/#primaryimage"},"thumbnailUrl":"https:\/\/regiaonews.net.br\/2022\/wp-content\/uploads\/2023\/09\/347f1bec1029b0ff69441a41aea79c37low.jpeg","articleSection":["Cidades","S\u00e3o Jos\u00e9 do RIo Preto"],"inLanguage":"pt-BR","potentialAction":[{"@type":"CommentAction","name":"Comment","target":["https:\/\/regiaonews.net.br\/2022\/2023\/09\/28\/na-semana-do-cinema-cinepolis-do-iguatemi-sao-jose-do-rio-preto-traz-ingressos-a-r%ef%bc%84-12\/#respond"]}]},{"@type":"WebPage","@id":"https:\/\/regiaonews.net.br\/2022\/2023\/09\/28\/na-semana-do-cinema-cinepolis-do-iguatemi-sao-jose-do-rio-preto-traz-ingressos-a-r%ef%bc%84-12\/","url":"https:\/\/regiaonews.net.br\/2022\/2023\/09\/28\/na-semana-do-cinema-cinepolis-do-iguatemi-sao-jose-do-rio-preto-traz-ingressos-a-r%ef%bc%84-12\/","name":"Na Semana do Cinema, Cin\u00e9polis do Iguatemi S\u00e3o Jos\u00e9 do Rio Preto traz ingressos a R\uff04 12 - Regi\u00e3o News","isPartOf":{"@id":"https:\/\/regiaonews.net.br\/2022\/#website"},"primaryImageOfPage":{"@id":"https:\/\/regiaonews.net.br\/2022\/2023\/09\/28\/na-semana-do-cinema-cinepolis-do-iguatemi-sao-jose-do-rio-preto-traz-ingressos-a-r%ef%bc%84-12\/#primaryimage"},"image":{"@id":"https:\/\/regiaonews.net.br\/2022\/2023\/09\/28\/na-semana-do-cinema-cinepolis-do-iguatemi-sao-jose-do-rio-preto-traz-ingressos-a-r%ef%bc%84-12\/#primaryimage"},"thumbnailUrl":"https:\/\/regiaonews.net.br\/2022\/wp-content\/uploads\/2023\/09\/347f1bec1029b0ff69441a41aea79c37low.jpeg","datePublished":"2023-09-29T00:11:36+00:00","breadcrumb":{"@id":"https:\/\/regiaonews.net.br\/2022\/2023\/09\/28\/na-semana-do-cinema-cinepolis-do-iguatemi-sao-jose-do-rio-preto-traz-ingressos-a-r%ef%bc%84-12\/#breadcrumb"},"inLanguage":"pt-BR","potentialAction":[{"@type":"ReadAction","target":["https:\/\/regiaonews.net.br\/2022\/2023\/09\/28\/na-semana-do-cinema-cinepolis-do-iguatemi-sao-jose-do-rio-preto-traz-ingressos-a-r%ef%bc%84-12\/"]}]},{"@type":"ImageObject","inLanguage":"pt-BR","@id":"https:\/\/regiaonews.net.br\/2022\/2023\/09\/28\/na-semana-do-cinema-cinepolis-do-iguatemi-sao-jose-do-rio-preto-traz-ingressos-a-r%ef%bc%84-12\/#primaryimage","url":"https:\/\/regiaonews.net.br\/2022\/wp-content\/uploads\/2023\/09\/347f1bec1029b0ff69441a41aea79c37low.jpeg","contentUrl":"https:\/\/regiaonews.net.br\/2022\/wp-content\/uploads\/2023\/09\/347f1bec1029b0ff69441a41aea79c37low.jpeg","width":800,"height":510},{"@type":"BreadcrumbList","@id":"https:\/\/regiaonews.net.br\/2022\/2023\/09\/28\/na-semana-do-cinema-cinepolis-do-iguatemi-sao-jose-do-rio-preto-traz-ingressos-a-r%ef%bc%84-12\/#breadcrumb","itemListElement":[{"@type":"ListItem","position":1,"name":"In\u00edcio","item":"https:\/\/regiaonews.net.br\/2022\/"},{"@type":"ListItem","position":2,"name":"Na Semana do Cinema, Cin\u00e9polis do Iguatemi S\u00e3o Jos\u00e9 do Rio Preto traz ingressos a R\uff04 12"}]},{"@type":"WebSite","@id":"https:\/\/regiaonews.net.br\/2022\/#website","url":"https:\/\/regiaonews.net.br\/2022\/","name":"Regi\u00e3o News","description":"Site de Not\u00edcias de Barretos e regi\u00e3o","publisher":{"@id":"https:\/\/regiaonews.net.br\/2022\/#organization"},"potentialAction":[{"@type":"SearchAction","target":{"@type":"EntryPoint","urlTemplate":"https:\/\/regiaonews.net.br\/2022\/?s={search_term_string}"},"query-input":{"@type":"PropertyValueSpecification","valueRequired":true,"valueName":"search_term_string"}}],"inLanguage":"pt-BR"},{"@type":"Organization","@id":"https:\/\/regiaonews.net.br\/2022\/#organization","name":"Regi\u00e3o News","url":"https:\/\/regiaonews.net.br\/2022\/","logo":{"@type":"ImageObject","inLanguage":"pt-BR","@id":"https:\/\/regiaonews.net.br\/2022\/#\/schema\/logo\/image\/","url":"https:\/\/regiaonews.net.br\/2022\/wp-content\/uploads\/2026\/03\/regiao-13-anos-scaled.jpg","contentUrl":"https:\/\/regiaonews.net.br\/2022\/wp-content\/uploads\/2026\/03\/regiao-13-anos-scaled.jpg","width":2560,"height":635,"caption":"Regi\u00e3o News"},"image":{"@id":"https:\/\/regiaonews.net.br\/2022\/#\/schema\/logo\/image\/"}},{"@type":"Person","@id":"https:\/\/regiaonews.net.br\/2022\/#\/schema\/person\/2d205a608a5aa97ac279d7a5e6d89ad8","name":"Roberto","image":{"@type":"ImageObject","inLanguage":"pt-BR","@id":"https:\/\/secure.gravatar.com\/avatar\/42749d8b712ff9d59ca93dc150494e5b55a44134482993f5baeb97e61b7ecc89?s=96&d=mm&r=g","url":"https:\/\/secure.gravatar.com\/avatar\/42749d8b712ff9d59ca93dc150494e5b55a44134482993f5baeb97e61b7ecc89?s=96&d=mm&r=g","contentUrl":"https:\/\/secure.gravatar.com\/avatar\/42749d8b712ff9d59ca93dc150494e5b55a44134482993f5baeb97e61b7ecc89?s=96&d=mm&r=g","caption":"Roberto"},"url":"https:\/\/regiaonews.net.br\/2022\/author\/roberto\/"}]}},"publishpress_future_action":{"enabled":false,"date":"2026-05-04 17:27:51","action":"change-status","newStatus":"draft","terms":[],"taxonomy":"category","extraData":[]},"publishpress_future_workflow_manual_trigger":{"enabledWorkflows":[]},"_links":{"self":[{"href":"https:\/\/regiaonews.net.br\/2022\/wp-json\/wp\/v2\/posts\/95838","targetHints":{"allow":["GET"]}}],"collection":[{"href":"https:\/\/regiaonews.net.br\/2022\/wp-json\/wp\/v2\/posts"}],"about":[{"href":"https:\/\/regiaonews.net.br\/2022\/wp-json\/wp\/v2\/types\/post"}],"author":[{"embeddable":true,"href":"https:\/\/regiaonews.net.br\/2022\/wp-json\/wp\/v2\/users\/2"}],"replies":[{"embeddable":true,"href":"https:\/\/regiaonews.net.br\/2022\/wp-json\/wp\/v2\/comments?post=95838"}],"version-history":[{"count":1,"href":"https:\/\/regiaonews.net.br\/2022\/wp-json\/wp\/v2\/posts\/95838\/revisions"}],"predecessor-version":[{"id":95840,"href":"https:\/\/regiaonews.net.br\/2022\/wp-json\/wp\/v2\/posts\/95838\/revisions\/95840"}],"wp:featuredmedia":[{"embeddable":true,"href":"https:\/\/regiaonews.net.br\/2022\/wp-json\/wp\/v2\/media\/95839"}],"wp:attachment":[{"href":"https:\/\/regiaonews.net.br\/2022\/wp-json\/wp\/v2\/media?parent=95838"}],"wp:term":[{"taxonomy":"category","embeddable":true,"href":"https:\/\/regiaonews.net.br\/2022\/wp-json\/wp\/v2\/categories?post=95838"},{"taxonomy":"post_tag","embeddable":true,"href":"https:\/\/regiaonews.net.br\/2022\/wp-json\/wp\/v2\/tags?post=95838"}],"curies":[{"name":"wp","href":"https:\/\/api.w.org\/{rel}","templated":true}]}}