{"id":95831,"date":"2023-09-28T20:33:41","date_gmt":"2023-09-28T23:33:41","guid":{"rendered":"https:\/\/regiaonews.net.br\/2022\/?p=95831"},"modified":"2023-09-28T22:59:35","modified_gmt":"2023-09-29T01:59:35","slug":"lar-temporario-anjos-de-quatro-patas-fecha-programacao-de-bazares-mensais-do-ano-de-2023-no-north-shopping-barretos","status":"publish","type":"post","link":"https:\/\/regiaonews.net.br\/2022\/2023\/09\/28\/lar-temporario-anjos-de-quatro-patas-fecha-programacao-de-bazares-mensais-do-ano-de-2023-no-north-shopping-barretos\/","title":{"rendered":"Lar tempor\u00e1rio &#8211; Anjos de Quatro Patas&#8221; fecha programa\u00e7\u00e3o de bazares mensais do ano de 2023 no North Shopping Barretos"},"content":{"rendered":"<p>&nbsp;<\/p>\n<p>Nos meses de novembro e dezembro o centro de compras recebe bazares natalinos de institui\u00e7\u00f5es e igrejas da cidade<\/p>\n<p>O grupo de artes\u00e3s \u2018M\u00e3os que Encantam&#8217; estar\u00e3o expondo seus trabalhos no \u00faltimo Bazar Beneficente de 2023 que acontece de 09 a 25 de outubro no North Shopping Barretos e ter\u00e1 parte da renda revertida ao \u201cLar Tempor\u00e1rio, Ber\u00e7\u00e1rio &#8211; Anjos de Quatro Patas\u201d. Os visitantes podem adquirir itens religiosos, bonecas e bichinhos infantis feitos de tecido 100% algod\u00e3o, len\u00e7os, echarpes, vestidos e blusas, todos eles em seda pura pintados \u00e0 m\u00e3o, babadores e sapatinhos de beb\u00ea, presilhas e lacinhos infantis, bolsas e tapetes de croch\u00eas, produtos de patchwork, n\u00e9cessaire, entre outros.<br \/>\n&#8220;O grupo &#8216;M\u00e3os que Encantam&#8217; escolheu a institui\u00e7\u00e3o Anjos de Quatro Patas devido a import\u00e2ncia do trabalho deles na cidade, pois eles retiram animais que s\u00e3o abandonados pelas ruas, cuidam com todo carinho, d\u00e3o um abrigo e colocam para uma ado\u00e7\u00e3o respons\u00e1vel. A luta deles \u00e9 independente, sem recursos p\u00fablicos, sempre est\u00e3o precisando de ajuda, por isso decidimos ajud\u00e1-los\u201d, afirmou a artes\u00e3 Carmem Aparecida Coltrin.<br \/>\nAs pe\u00e7as expostas e vendidas s\u00e3o desenvolvidas pelas artes\u00e3s: Marcia Felizardo, Priscila Fernandes, Maria Rita Dionizio Alves, Ros\u00e2ngela Rodrigues de Souza, Cl\u00e1udia Rodrigues de Souza, Michele Salviano da Cunha, Carmem Aparecida Coltrin e Camila Medeiros Oliveira C\u00e2ndido.<br \/>\nCom esse Bazar o North Shopping Barretos fecha a temporada 2023 de cess\u00e3o de espa\u00e7os, sendo que ao longo os meses passaram mais de dez institui\u00e7\u00f5es. Nos meses de novembro e dezembro os Bazares no centro de compras barretense s\u00e3o especiais, com foco no Natal, e ser\u00e1 por quinzena, contemplando no m\u00eas de novembro, de 01 a 15 a Casa Assistencial Nosso Lar e de 16 a 30 a Funda\u00e7\u00e3o Padre Gabriel. J\u00e1 em dezembro, de 01 a 15 quem exp\u00f5e seus trabalhos \u00e9 o Clube das M\u00e3ezinhas e de 16 a 31 quem fecha a programa\u00e7\u00e3o \u00e9 a Par\u00f3quia S\u00e3o Joao Batista do Barretos II.<\/p>\n<p>&nbsp;<\/p>\n<p>&nbsp;<\/p>\n","protected":false},"excerpt":{"rendered":"<p>&nbsp; Nos meses de novembro e dezembro o centro de<\/p>\n","protected":false},"author":2,"featured_media":95832,"comment_status":"open","ping_status":"open","sticky":false,"template":"","format":"standard","meta":{"footnotes":""},"categories":[14,25],"tags":[],"class_list":["post-95831","post","type-post","status-publish","format-standard","has-post-thumbnail","hentry","category-barretos","category-cidades"],"yoast_head":"<!-- This site is optimized with the Yoast SEO plugin v27.4 - https:\/\/yoast.com\/product\/yoast-seo-wordpress\/ -->\n<title>Lar tempor\u00e1rio - Anjos de Quatro Patas&quot; fecha programa\u00e7\u00e3o<\/title>\n<meta name=\"description\" content=\"O grupo de artes\u00e3s \u2018M\u00e3os que Encantam&#039; estar\u00e3o expond\" \/>\n<meta name=\"robots\" content=\"index, follow, max-snippet:-1, max-image-preview:large, max-video-preview:-1\" \/>\n<link rel=\"canonical\" href=\"https:\/\/regiaonews.net.br\/2022\/2023\/09\/28\/lar-temporario-anjos-de-quatro-patas-fecha-programacao-de-bazares-mensais-do-ano-de-2023-no-north-shopping-barretos\/\" \/>\n<meta property=\"og:locale\" content=\"pt_BR\" \/>\n<meta property=\"og:type\" content=\"article\" \/>\n<meta property=\"og:title\" content=\"Lar tempor\u00e1rio - Anjos de Quatro Patas&quot; fecha programa\u00e7\u00e3o\" \/>\n<meta property=\"og:description\" content=\"O grupo de artes\u00e3s \u2018M\u00e3os que Encantam&#039; estar\u00e3o expond\" \/>\n<meta property=\"og:url\" content=\"https:\/\/regiaonews.net.br\/2022\/2023\/09\/28\/lar-temporario-anjos-de-quatro-patas-fecha-programacao-de-bazares-mensais-do-ano-de-2023-no-north-shopping-barretos\/\" \/>\n<meta property=\"og:site_name\" content=\"Regi\u00e3o News\" \/>\n<meta property=\"article:published_time\" content=\"2023-09-28T23:33:41+00:00\" \/>\n<meta property=\"article:modified_time\" content=\"2023-09-29T01:59:35+00:00\" \/>\n<meta property=\"og:image\" content=\"https:\/\/regiaonews.net.br\/2022\/wp-content\/uploads\/2023\/09\/WhatsApp-Image-2023-09-28-at-16.16.36-1.jpeg\" \/>\n\t<meta property=\"og:image:width\" content=\"720\" \/>\n\t<meta property=\"og:image:height\" content=\"694\" \/>\n\t<meta property=\"og:image:type\" content=\"image\/jpeg\" \/>\n<meta name=\"author\" content=\"Roberto\" \/>\n<meta name=\"twitter:card\" content=\"summary_large_image\" \/>\n<meta name=\"twitter:label1\" content=\"Escrito por\" \/>\n\t<meta name=\"twitter:data1\" content=\"Roberto\" \/>\n\t<meta name=\"twitter:label2\" content=\"Est. tempo de leitura\" \/>\n\t<meta name=\"twitter:data2\" content=\"2 minutos\" \/>\n<script type=\"application\/ld+json\" class=\"yoast-schema-graph\">{\"@context\":\"https:\\\/\\\/schema.org\",\"@graph\":[{\"@type\":\"Article\",\"@id\":\"https:\\\/\\\/regiaonews.net.br\\\/2022\\\/2023\\\/09\\\/28\\\/lar-temporario-anjos-de-quatro-patas-fecha-programacao-de-bazares-mensais-do-ano-de-2023-no-north-shopping-barretos\\\/#article\",\"isPartOf\":{\"@id\":\"https:\\\/\\\/regiaonews.net.br\\\/2022\\\/2023\\\/09\\\/28\\\/lar-temporario-anjos-de-quatro-patas-fecha-programacao-de-bazares-mensais-do-ano-de-2023-no-north-shopping-barretos\\\/\"},\"author\":{\"name\":\"Roberto\",\"@id\":\"https:\\\/\\\/regiaonews.net.br\\\/2022\\\/#\\\/schema\\\/person\\\/2d205a608a5aa97ac279d7a5e6d89ad8\"},\"headline\":\"Lar tempor\u00e1rio &#8211; Anjos de Quatro Patas&#8221; fecha programa\u00e7\u00e3o de bazares mensais do ano de 2023 no North Shopping Barretos\",\"datePublished\":\"2023-09-28T23:33:41+00:00\",\"dateModified\":\"2023-09-29T01:59:35+00:00\",\"mainEntityOfPage\":{\"@id\":\"https:\\\/\\\/regiaonews.net.br\\\/2022\\\/2023\\\/09\\\/28\\\/lar-temporario-anjos-de-quatro-patas-fecha-programacao-de-bazares-mensais-do-ano-de-2023-no-north-shopping-barretos\\\/\"},\"wordCount\":364,\"commentCount\":0,\"publisher\":{\"@id\":\"https:\\\/\\\/regiaonews.net.br\\\/2022\\\/#organization\"},\"image\":{\"@id\":\"https:\\\/\\\/regiaonews.net.br\\\/2022\\\/2023\\\/09\\\/28\\\/lar-temporario-anjos-de-quatro-patas-fecha-programacao-de-bazares-mensais-do-ano-de-2023-no-north-shopping-barretos\\\/#primaryimage\"},\"thumbnailUrl\":\"https:\\\/\\\/regiaonews.net.br\\\/2022\\\/wp-content\\\/uploads\\\/2023\\\/09\\\/WhatsApp-Image-2023-09-28-at-16.16.36-1.jpeg\",\"articleSection\":[\"Barretos\",\"Cidades\"],\"inLanguage\":\"pt-BR\",\"potentialAction\":[{\"@type\":\"CommentAction\",\"name\":\"Comment\",\"target\":[\"https:\\\/\\\/regiaonews.net.br\\\/2022\\\/2023\\\/09\\\/28\\\/lar-temporario-anjos-de-quatro-patas-fecha-programacao-de-bazares-mensais-do-ano-de-2023-no-north-shopping-barretos\\\/#respond\"]}]},{\"@type\":\"WebPage\",\"@id\":\"https:\\\/\\\/regiaonews.net.br\\\/2022\\\/2023\\\/09\\\/28\\\/lar-temporario-anjos-de-quatro-patas-fecha-programacao-de-bazares-mensais-do-ano-de-2023-no-north-shopping-barretos\\\/\",\"url\":\"https:\\\/\\\/regiaonews.net.br\\\/2022\\\/2023\\\/09\\\/28\\\/lar-temporario-anjos-de-quatro-patas-fecha-programacao-de-bazares-mensais-do-ano-de-2023-no-north-shopping-barretos\\\/\",\"name\":\"Lar tempor\u00e1rio - Anjos de Quatro Patas\\\" fecha programa\u00e7\u00e3o\",\"isPartOf\":{\"@id\":\"https:\\\/\\\/regiaonews.net.br\\\/2022\\\/#website\"},\"primaryImageOfPage\":{\"@id\":\"https:\\\/\\\/regiaonews.net.br\\\/2022\\\/2023\\\/09\\\/28\\\/lar-temporario-anjos-de-quatro-patas-fecha-programacao-de-bazares-mensais-do-ano-de-2023-no-north-shopping-barretos\\\/#primaryimage\"},\"image\":{\"@id\":\"https:\\\/\\\/regiaonews.net.br\\\/2022\\\/2023\\\/09\\\/28\\\/lar-temporario-anjos-de-quatro-patas-fecha-programacao-de-bazares-mensais-do-ano-de-2023-no-north-shopping-barretos\\\/#primaryimage\"},\"thumbnailUrl\":\"https:\\\/\\\/regiaonews.net.br\\\/2022\\\/wp-content\\\/uploads\\\/2023\\\/09\\\/WhatsApp-Image-2023-09-28-at-16.16.36-1.jpeg\",\"datePublished\":\"2023-09-28T23:33:41+00:00\",\"dateModified\":\"2023-09-29T01:59:35+00:00\",\"description\":\"O grupo de artes\u00e3s \u2018M\u00e3os que Encantam' estar\u00e3o expond\",\"breadcrumb\":{\"@id\":\"https:\\\/\\\/regiaonews.net.br\\\/2022\\\/2023\\\/09\\\/28\\\/lar-temporario-anjos-de-quatro-patas-fecha-programacao-de-bazares-mensais-do-ano-de-2023-no-north-shopping-barretos\\\/#breadcrumb\"},\"inLanguage\":\"pt-BR\",\"potentialAction\":[{\"@type\":\"ReadAction\",\"target\":[\"https:\\\/\\\/regiaonews.net.br\\\/2022\\\/2023\\\/09\\\/28\\\/lar-temporario-anjos-de-quatro-patas-fecha-programacao-de-bazares-mensais-do-ano-de-2023-no-north-shopping-barretos\\\/\"]}]},{\"@type\":\"ImageObject\",\"inLanguage\":\"pt-BR\",\"@id\":\"https:\\\/\\\/regiaonews.net.br\\\/2022\\\/2023\\\/09\\\/28\\\/lar-temporario-anjos-de-quatro-patas-fecha-programacao-de-bazares-mensais-do-ano-de-2023-no-north-shopping-barretos\\\/#primaryimage\",\"url\":\"https:\\\/\\\/regiaonews.net.br\\\/2022\\\/wp-content\\\/uploads\\\/2023\\\/09\\\/WhatsApp-Image-2023-09-28-at-16.16.36-1.jpeg\",\"contentUrl\":\"https:\\\/\\\/regiaonews.net.br\\\/2022\\\/wp-content\\\/uploads\\\/2023\\\/09\\\/WhatsApp-Image-2023-09-28-at-16.16.36-1.jpeg\",\"width\":720,\"height\":694},{\"@type\":\"BreadcrumbList\",\"@id\":\"https:\\\/\\\/regiaonews.net.br\\\/2022\\\/2023\\\/09\\\/28\\\/lar-temporario-anjos-de-quatro-patas-fecha-programacao-de-bazares-mensais-do-ano-de-2023-no-north-shopping-barretos\\\/#breadcrumb\",\"itemListElement\":[{\"@type\":\"ListItem\",\"position\":1,\"name\":\"In\u00edcio\",\"item\":\"https:\\\/\\\/regiaonews.net.br\\\/2022\\\/\"},{\"@type\":\"ListItem\",\"position\":2,\"name\":\"Lar tempor\u00e1rio &#8211; Anjos de Quatro Patas&#8221; fecha programa\u00e7\u00e3o de bazares mensais do ano de 2023 no North Shopping Barretos\"}]},{\"@type\":\"WebSite\",\"@id\":\"https:\\\/\\\/regiaonews.net.br\\\/2022\\\/#website\",\"url\":\"https:\\\/\\\/regiaonews.net.br\\\/2022\\\/\",\"name\":\"Regi\u00e3o News\",\"description\":\"Site de Not\u00edcias de Barretos e regi\u00e3o\",\"publisher\":{\"@id\":\"https:\\\/\\\/regiaonews.net.br\\\/2022\\\/#organization\"},\"potentialAction\":[{\"@type\":\"SearchAction\",\"target\":{\"@type\":\"EntryPoint\",\"urlTemplate\":\"https:\\\/\\\/regiaonews.net.br\\\/2022\\\/?s={search_term_string}\"},\"query-input\":{\"@type\":\"PropertyValueSpecification\",\"valueRequired\":true,\"valueName\":\"search_term_string\"}}],\"inLanguage\":\"pt-BR\"},{\"@type\":\"Organization\",\"@id\":\"https:\\\/\\\/regiaonews.net.br\\\/2022\\\/#organization\",\"name\":\"Regi\u00e3o News\",\"url\":\"https:\\\/\\\/regiaonews.net.br\\\/2022\\\/\",\"logo\":{\"@type\":\"ImageObject\",\"inLanguage\":\"pt-BR\",\"@id\":\"https:\\\/\\\/regiaonews.net.br\\\/2022\\\/#\\\/schema\\\/logo\\\/image\\\/\",\"url\":\"https:\\\/\\\/regiaonews.net.br\\\/2022\\\/wp-content\\\/uploads\\\/2026\\\/03\\\/regiao-13-anos-scaled.jpg\",\"contentUrl\":\"https:\\\/\\\/regiaonews.net.br\\\/2022\\\/wp-content\\\/uploads\\\/2026\\\/03\\\/regiao-13-anos-scaled.jpg\",\"width\":2560,\"height\":635,\"caption\":\"Regi\u00e3o News\"},\"image\":{\"@id\":\"https:\\\/\\\/regiaonews.net.br\\\/2022\\\/#\\\/schema\\\/logo\\\/image\\\/\"}},{\"@type\":\"Person\",\"@id\":\"https:\\\/\\\/regiaonews.net.br\\\/2022\\\/#\\\/schema\\\/person\\\/2d205a608a5aa97ac279d7a5e6d89ad8\",\"name\":\"Roberto\",\"image\":{\"@type\":\"ImageObject\",\"inLanguage\":\"pt-BR\",\"@id\":\"https:\\\/\\\/secure.gravatar.com\\\/avatar\\\/42749d8b712ff9d59ca93dc150494e5b55a44134482993f5baeb97e61b7ecc89?s=96&d=mm&r=g\",\"url\":\"https:\\\/\\\/secure.gravatar.com\\\/avatar\\\/42749d8b712ff9d59ca93dc150494e5b55a44134482993f5baeb97e61b7ecc89?s=96&d=mm&r=g\",\"contentUrl\":\"https:\\\/\\\/secure.gravatar.com\\\/avatar\\\/42749d8b712ff9d59ca93dc150494e5b55a44134482993f5baeb97e61b7ecc89?s=96&d=mm&r=g\",\"caption\":\"Roberto\"},\"url\":\"https:\\\/\\\/regiaonews.net.br\\\/2022\\\/author\\\/roberto\\\/\"}]}<\/script>\n<!-- \/ Yoast SEO plugin. -->","yoast_head_json":{"title":"Lar tempor\u00e1rio - Anjos de Quatro Patas\" fecha programa\u00e7\u00e3o","description":"O grupo de artes\u00e3s \u2018M\u00e3os que Encantam' estar\u00e3o expond","robots":{"index":"index","follow":"follow","max-snippet":"max-snippet:-1","max-image-preview":"max-image-preview:large","max-video-preview":"max-video-preview:-1"},"canonical":"https:\/\/regiaonews.net.br\/2022\/2023\/09\/28\/lar-temporario-anjos-de-quatro-patas-fecha-programacao-de-bazares-mensais-do-ano-de-2023-no-north-shopping-barretos\/","og_locale":"pt_BR","og_type":"article","og_title":"Lar tempor\u00e1rio - Anjos de Quatro Patas\" fecha programa\u00e7\u00e3o","og_description":"O grupo de artes\u00e3s \u2018M\u00e3os que Encantam' estar\u00e3o expond","og_url":"https:\/\/regiaonews.net.br\/2022\/2023\/09\/28\/lar-temporario-anjos-de-quatro-patas-fecha-programacao-de-bazares-mensais-do-ano-de-2023-no-north-shopping-barretos\/","og_site_name":"Regi\u00e3o News","article_published_time":"2023-09-28T23:33:41+00:00","article_modified_time":"2023-09-29T01:59:35+00:00","og_image":[{"width":720,"height":694,"url":"https:\/\/regiaonews.net.br\/2022\/wp-content\/uploads\/2023\/09\/WhatsApp-Image-2023-09-28-at-16.16.36-1.jpeg","type":"image\/jpeg"}],"author":"Roberto","twitter_card":"summary_large_image","twitter_misc":{"Escrito por":"Roberto","Est. tempo de leitura":"2 minutos"},"schema":{"@context":"https:\/\/schema.org","@graph":[{"@type":"Article","@id":"https:\/\/regiaonews.net.br\/2022\/2023\/09\/28\/lar-temporario-anjos-de-quatro-patas-fecha-programacao-de-bazares-mensais-do-ano-de-2023-no-north-shopping-barretos\/#article","isPartOf":{"@id":"https:\/\/regiaonews.net.br\/2022\/2023\/09\/28\/lar-temporario-anjos-de-quatro-patas-fecha-programacao-de-bazares-mensais-do-ano-de-2023-no-north-shopping-barretos\/"},"author":{"name":"Roberto","@id":"https:\/\/regiaonews.net.br\/2022\/#\/schema\/person\/2d205a608a5aa97ac279d7a5e6d89ad8"},"headline":"Lar tempor\u00e1rio &#8211; Anjos de Quatro Patas&#8221; fecha programa\u00e7\u00e3o de bazares mensais do ano de 2023 no North Shopping Barretos","datePublished":"2023-09-28T23:33:41+00:00","dateModified":"2023-09-29T01:59:35+00:00","mainEntityOfPage":{"@id":"https:\/\/regiaonews.net.br\/2022\/2023\/09\/28\/lar-temporario-anjos-de-quatro-patas-fecha-programacao-de-bazares-mensais-do-ano-de-2023-no-north-shopping-barretos\/"},"wordCount":364,"commentCount":0,"publisher":{"@id":"https:\/\/regiaonews.net.br\/2022\/#organization"},"image":{"@id":"https:\/\/regiaonews.net.br\/2022\/2023\/09\/28\/lar-temporario-anjos-de-quatro-patas-fecha-programacao-de-bazares-mensais-do-ano-de-2023-no-north-shopping-barretos\/#primaryimage"},"thumbnailUrl":"https:\/\/regiaonews.net.br\/2022\/wp-content\/uploads\/2023\/09\/WhatsApp-Image-2023-09-28-at-16.16.36-1.jpeg","articleSection":["Barretos","Cidades"],"inLanguage":"pt-BR","potentialAction":[{"@type":"CommentAction","name":"Comment","target":["https:\/\/regiaonews.net.br\/2022\/2023\/09\/28\/lar-temporario-anjos-de-quatro-patas-fecha-programacao-de-bazares-mensais-do-ano-de-2023-no-north-shopping-barretos\/#respond"]}]},{"@type":"WebPage","@id":"https:\/\/regiaonews.net.br\/2022\/2023\/09\/28\/lar-temporario-anjos-de-quatro-patas-fecha-programacao-de-bazares-mensais-do-ano-de-2023-no-north-shopping-barretos\/","url":"https:\/\/regiaonews.net.br\/2022\/2023\/09\/28\/lar-temporario-anjos-de-quatro-patas-fecha-programacao-de-bazares-mensais-do-ano-de-2023-no-north-shopping-barretos\/","name":"Lar tempor\u00e1rio - Anjos de Quatro Patas\" fecha programa\u00e7\u00e3o","isPartOf":{"@id":"https:\/\/regiaonews.net.br\/2022\/#website"},"primaryImageOfPage":{"@id":"https:\/\/regiaonews.net.br\/2022\/2023\/09\/28\/lar-temporario-anjos-de-quatro-patas-fecha-programacao-de-bazares-mensais-do-ano-de-2023-no-north-shopping-barretos\/#primaryimage"},"image":{"@id":"https:\/\/regiaonews.net.br\/2022\/2023\/09\/28\/lar-temporario-anjos-de-quatro-patas-fecha-programacao-de-bazares-mensais-do-ano-de-2023-no-north-shopping-barretos\/#primaryimage"},"thumbnailUrl":"https:\/\/regiaonews.net.br\/2022\/wp-content\/uploads\/2023\/09\/WhatsApp-Image-2023-09-28-at-16.16.36-1.jpeg","datePublished":"2023-09-28T23:33:41+00:00","dateModified":"2023-09-29T01:59:35+00:00","description":"O grupo de artes\u00e3s \u2018M\u00e3os que Encantam' estar\u00e3o expond","breadcrumb":{"@id":"https:\/\/regiaonews.net.br\/2022\/2023\/09\/28\/lar-temporario-anjos-de-quatro-patas-fecha-programacao-de-bazares-mensais-do-ano-de-2023-no-north-shopping-barretos\/#breadcrumb"},"inLanguage":"pt-BR","potentialAction":[{"@type":"ReadAction","target":["https:\/\/regiaonews.net.br\/2022\/2023\/09\/28\/lar-temporario-anjos-de-quatro-patas-fecha-programacao-de-bazares-mensais-do-ano-de-2023-no-north-shopping-barretos\/"]}]},{"@type":"ImageObject","inLanguage":"pt-BR","@id":"https:\/\/regiaonews.net.br\/2022\/2023\/09\/28\/lar-temporario-anjos-de-quatro-patas-fecha-programacao-de-bazares-mensais-do-ano-de-2023-no-north-shopping-barretos\/#primaryimage","url":"https:\/\/regiaonews.net.br\/2022\/wp-content\/uploads\/2023\/09\/WhatsApp-Image-2023-09-28-at-16.16.36-1.jpeg","contentUrl":"https:\/\/regiaonews.net.br\/2022\/wp-content\/uploads\/2023\/09\/WhatsApp-Image-2023-09-28-at-16.16.36-1.jpeg","width":720,"height":694},{"@type":"BreadcrumbList","@id":"https:\/\/regiaonews.net.br\/2022\/2023\/09\/28\/lar-temporario-anjos-de-quatro-patas-fecha-programacao-de-bazares-mensais-do-ano-de-2023-no-north-shopping-barretos\/#breadcrumb","itemListElement":[{"@type":"ListItem","position":1,"name":"In\u00edcio","item":"https:\/\/regiaonews.net.br\/2022\/"},{"@type":"ListItem","position":2,"name":"Lar tempor\u00e1rio &#8211; Anjos de Quatro Patas&#8221; fecha programa\u00e7\u00e3o de bazares mensais do ano de 2023 no North Shopping Barretos"}]},{"@type":"WebSite","@id":"https:\/\/regiaonews.net.br\/2022\/#website","url":"https:\/\/regiaonews.net.br\/2022\/","name":"Regi\u00e3o News","description":"Site de Not\u00edcias de Barretos e regi\u00e3o","publisher":{"@id":"https:\/\/regiaonews.net.br\/2022\/#organization"},"potentialAction":[{"@type":"SearchAction","target":{"@type":"EntryPoint","urlTemplate":"https:\/\/regiaonews.net.br\/2022\/?s={search_term_string}"},"query-input":{"@type":"PropertyValueSpecification","valueRequired":true,"valueName":"search_term_string"}}],"inLanguage":"pt-BR"},{"@type":"Organization","@id":"https:\/\/regiaonews.net.br\/2022\/#organization","name":"Regi\u00e3o News","url":"https:\/\/regiaonews.net.br\/2022\/","logo":{"@type":"ImageObject","inLanguage":"pt-BR","@id":"https:\/\/regiaonews.net.br\/2022\/#\/schema\/logo\/image\/","url":"https:\/\/regiaonews.net.br\/2022\/wp-content\/uploads\/2026\/03\/regiao-13-anos-scaled.jpg","contentUrl":"https:\/\/regiaonews.net.br\/2022\/wp-content\/uploads\/2026\/03\/regiao-13-anos-scaled.jpg","width":2560,"height":635,"caption":"Regi\u00e3o News"},"image":{"@id":"https:\/\/regiaonews.net.br\/2022\/#\/schema\/logo\/image\/"}},{"@type":"Person","@id":"https:\/\/regiaonews.net.br\/2022\/#\/schema\/person\/2d205a608a5aa97ac279d7a5e6d89ad8","name":"Roberto","image":{"@type":"ImageObject","inLanguage":"pt-BR","@id":"https:\/\/secure.gravatar.com\/avatar\/42749d8b712ff9d59ca93dc150494e5b55a44134482993f5baeb97e61b7ecc89?s=96&d=mm&r=g","url":"https:\/\/secure.gravatar.com\/avatar\/42749d8b712ff9d59ca93dc150494e5b55a44134482993f5baeb97e61b7ecc89?s=96&d=mm&r=g","contentUrl":"https:\/\/secure.gravatar.com\/avatar\/42749d8b712ff9d59ca93dc150494e5b55a44134482993f5baeb97e61b7ecc89?s=96&d=mm&r=g","caption":"Roberto"},"url":"https:\/\/regiaonews.net.br\/2022\/author\/roberto\/"}]}},"publishpress_future_action":{"enabled":false,"date":"2026-05-04 17:27:50","action":"change-status","newStatus":"draft","terms":[],"taxonomy":"category","extraData":[]},"publishpress_future_workflow_manual_trigger":{"enabledWorkflows":[]},"_links":{"self":[{"href":"https:\/\/regiaonews.net.br\/2022\/wp-json\/wp\/v2\/posts\/95831","targetHints":{"allow":["GET"]}}],"collection":[{"href":"https:\/\/regiaonews.net.br\/2022\/wp-json\/wp\/v2\/posts"}],"about":[{"href":"https:\/\/regiaonews.net.br\/2022\/wp-json\/wp\/v2\/types\/post"}],"author":[{"embeddable":true,"href":"https:\/\/regiaonews.net.br\/2022\/wp-json\/wp\/v2\/users\/2"}],"replies":[{"embeddable":true,"href":"https:\/\/regiaonews.net.br\/2022\/wp-json\/wp\/v2\/comments?post=95831"}],"version-history":[{"count":3,"href":"https:\/\/regiaonews.net.br\/2022\/wp-json\/wp\/v2\/posts\/95831\/revisions"}],"predecessor-version":[{"id":95849,"href":"https:\/\/regiaonews.net.br\/2022\/wp-json\/wp\/v2\/posts\/95831\/revisions\/95849"}],"wp:featuredmedia":[{"embeddable":true,"href":"https:\/\/regiaonews.net.br\/2022\/wp-json\/wp\/v2\/media\/95832"}],"wp:attachment":[{"href":"https:\/\/regiaonews.net.br\/2022\/wp-json\/wp\/v2\/media?parent=95831"}],"wp:term":[{"taxonomy":"category","embeddable":true,"href":"https:\/\/regiaonews.net.br\/2022\/wp-json\/wp\/v2\/categories?post=95831"},{"taxonomy":"post_tag","embeddable":true,"href":"https:\/\/regiaonews.net.br\/2022\/wp-json\/wp\/v2\/tags?post=95831"}],"curies":[{"name":"wp","href":"https:\/\/api.w.org\/{rel}","templated":true}]}}