{"id":95828,"date":"2023-09-28T20:31:17","date_gmt":"2023-09-28T23:31:17","guid":{"rendered":"https:\/\/regiaonews.net.br\/2022\/?p=95828"},"modified":"2023-09-28T23:03:39","modified_gmt":"2023-09-29T02:03:39","slug":"prazo-de-declaracao-do-imposto-territorial-rural-itr-termina-nesta-sexta-29","status":"publish","type":"post","link":"https:\/\/regiaonews.net.br\/2022\/2023\/09\/28\/prazo-de-declaracao-do-imposto-territorial-rural-itr-termina-nesta-sexta-29\/","title":{"rendered":"Prazo de Declara\u00e7\u00e3o do Imposto Territorial Rural (ITR) termina nesta sexta (29)"},"content":{"rendered":"<p>Entrega fora do per\u00edodo acarreta multa por atraso<\/p>\n<p>Termina nesta sexta-feira, dia 29 de setembro, o prazo para a Declara\u00e7\u00e3o do Imposto Territorial Rural (ITR), tributo que incide sobre as propriedades rurais e possui um papel crucial na gest\u00e3o sustent\u00e1vel dos recursos naturais e no fortalecimento da economia do campo.<br \/>\nO secret\u00e1rio municipal de Finan\u00e7as da Prefeitura da Est\u00e2ncia Tur\u00edstica de Barretos, Fernando Oliveira Soares, destaca que a entrega da declara\u00e7\u00e3o fora do prazo acarreta multa. \u201cO ITR \u00e9 uma importante fonte de receita para o munic\u00edpio, al\u00e9m de ser fundamental para a manuten\u00e7\u00e3o do desenvolvimento rural e da preserva\u00e7\u00e3o ambiental. Tamb\u00e9m \u00e9 importante cumprir o prazo estipulado para evitar complica\u00e7\u00f5es e penalidades\u201d, comentou.<br \/>\nSegundo a Receita Federal, o valor da multa por atraso na entrega da declara\u00e7\u00e3o \u00e9 de R$ 50 (m\u00ednimo) ou um por cento ao m\u00eas-calend\u00e1rio calculado sobre o total do imposto devido.<br \/>\nValor da Terra Nua<br \/>\nO Laudo T\u00e9cnico com Valores da Terra Nua (VTN), por hectare, referentes ao ano de 2023, foram enviados pela Prefeitura \u00e0 Receita Federal do Brasil em 30 de mar\u00e7o. Ele pode ser acessado no site da Prefeitura de Barretos pelo link: https:\/\/files.barretos.sp.gov.br\/pdf\/receita\/6463927d56246.pdf<br \/>\nOs valores servem como base para os propriet\u00e1rios de terras realizarem a declara\u00e7\u00e3o dos im\u00f3veis rurais.<br \/>\nComo Declarar<br \/>\nPara declarar \u00e9 preciso acessar o site da Receita Federal ou utilizar o programa ITR; informar os dados da propriedade, como localiza\u00e7\u00e3o, \u00e1rea e uso do solo;<br \/>\ndetalhar as atividades desenvolvidas no im\u00f3vel rural; apresentar informa\u00e7\u00f5es sobre eventuais altera\u00e7\u00f5es, como constru\u00e7\u00f5es e benfeitorias; informar dados sobre a titularidade do im\u00f3vel e poss\u00edveis co-titulares; finalizar o preenchimento e realiza a transmiss\u00e3o da declara\u00e7\u00e3o. Esclarecimentos de d\u00favidas e mais informa\u00e7\u00f5es podem ser obtidas no site da Receita Federal (https:\/\/www.gov.br\/receitafederal\/pt-br).<\/p>\n","protected":false},"excerpt":{"rendered":"<p>Entrega fora do per\u00edodo acarreta multa por atraso Termina nesta<\/p>\n","protected":false},"author":2,"featured_media":95829,"comment_status":"open","ping_status":"open","sticky":false,"template":"","format":"standard","meta":{"footnotes":""},"categories":[14,111],"tags":[],"class_list":["post-95828","post","type-post","status-publish","format-standard","has-post-thumbnail","hentry","category-barretos","category-cotidiano"],"yoast_head":"<!-- This site is optimized with the Yoast SEO plugin v27.4 - https:\/\/yoast.com\/product\/yoast-seo-wordpress\/ -->\n<title>Prazo de Declara\u00e7\u00e3o do Imposto Territorial Rural (ITR) termina nesta sexta (29) - Regi\u00e3o News<\/title>\n<meta name=\"robots\" content=\"index, follow, max-snippet:-1, max-image-preview:large, max-video-preview:-1\" \/>\n<link rel=\"canonical\" href=\"https:\/\/regiaonews.net.br\/2022\/2023\/09\/28\/prazo-de-declaracao-do-imposto-territorial-rural-itr-termina-nesta-sexta-29\/\" \/>\n<meta property=\"og:locale\" content=\"pt_BR\" \/>\n<meta property=\"og:type\" content=\"article\" \/>\n<meta property=\"og:title\" content=\"Prazo de Declara\u00e7\u00e3o do Imposto Territorial Rural (ITR) termina nesta sexta (29) - Regi\u00e3o News\" \/>\n<meta property=\"og:description\" content=\"Entrega fora do per\u00edodo acarreta multa por atraso Termina nesta\" \/>\n<meta property=\"og:url\" content=\"https:\/\/regiaonews.net.br\/2022\/2023\/09\/28\/prazo-de-declaracao-do-imposto-territorial-rural-itr-termina-nesta-sexta-29\/\" \/>\n<meta property=\"og:site_name\" content=\"Regi\u00e3o News\" \/>\n<meta property=\"article:published_time\" content=\"2023-09-28T23:31:17+00:00\" \/>\n<meta property=\"article:modified_time\" content=\"2023-09-29T02:03:39+00:00\" \/>\n<meta property=\"og:image\" content=\"https:\/\/regiaonews.net.br\/2022\/wp-content\/uploads\/2023\/09\/WhatsApp-Image-2023-09-28-at-16.16.36.jpeg\" \/>\n\t<meta property=\"og:image:width\" content=\"1280\" \/>\n\t<meta property=\"og:image:height\" content=\"720\" \/>\n\t<meta property=\"og:image:type\" content=\"image\/jpeg\" \/>\n<meta name=\"author\" content=\"Roberto\" \/>\n<meta name=\"twitter:card\" content=\"summary_large_image\" \/>\n<meta name=\"twitter:label1\" content=\"Escrito por\" \/>\n\t<meta name=\"twitter:data1\" content=\"Roberto\" \/>\n\t<meta name=\"twitter:label2\" content=\"Est. tempo de leitura\" \/>\n\t<meta name=\"twitter:data2\" content=\"2 minutos\" \/>\n<script type=\"application\/ld+json\" class=\"yoast-schema-graph\">{\"@context\":\"https:\\\/\\\/schema.org\",\"@graph\":[{\"@type\":\"Article\",\"@id\":\"https:\\\/\\\/regiaonews.net.br\\\/2022\\\/2023\\\/09\\\/28\\\/prazo-de-declaracao-do-imposto-territorial-rural-itr-termina-nesta-sexta-29\\\/#article\",\"isPartOf\":{\"@id\":\"https:\\\/\\\/regiaonews.net.br\\\/2022\\\/2023\\\/09\\\/28\\\/prazo-de-declaracao-do-imposto-territorial-rural-itr-termina-nesta-sexta-29\\\/\"},\"author\":{\"name\":\"Roberto\",\"@id\":\"https:\\\/\\\/regiaonews.net.br\\\/2022\\\/#\\\/schema\\\/person\\\/2d205a608a5aa97ac279d7a5e6d89ad8\"},\"headline\":\"Prazo de Declara\u00e7\u00e3o do Imposto Territorial Rural (ITR) termina nesta sexta (29)\",\"datePublished\":\"2023-09-28T23:31:17+00:00\",\"dateModified\":\"2023-09-29T02:03:39+00:00\",\"mainEntityOfPage\":{\"@id\":\"https:\\\/\\\/regiaonews.net.br\\\/2022\\\/2023\\\/09\\\/28\\\/prazo-de-declaracao-do-imposto-territorial-rural-itr-termina-nesta-sexta-29\\\/\"},\"wordCount\":339,\"commentCount\":0,\"publisher\":{\"@id\":\"https:\\\/\\\/regiaonews.net.br\\\/2022\\\/#organization\"},\"image\":{\"@id\":\"https:\\\/\\\/regiaonews.net.br\\\/2022\\\/2023\\\/09\\\/28\\\/prazo-de-declaracao-do-imposto-territorial-rural-itr-termina-nesta-sexta-29\\\/#primaryimage\"},\"thumbnailUrl\":\"https:\\\/\\\/regiaonews.net.br\\\/2022\\\/wp-content\\\/uploads\\\/2023\\\/09\\\/WhatsApp-Image-2023-09-28-at-16.16.36.jpeg\",\"articleSection\":[\"Barretos\",\"Cotidiano\"],\"inLanguage\":\"pt-BR\",\"potentialAction\":[{\"@type\":\"CommentAction\",\"name\":\"Comment\",\"target\":[\"https:\\\/\\\/regiaonews.net.br\\\/2022\\\/2023\\\/09\\\/28\\\/prazo-de-declaracao-do-imposto-territorial-rural-itr-termina-nesta-sexta-29\\\/#respond\"]}]},{\"@type\":\"WebPage\",\"@id\":\"https:\\\/\\\/regiaonews.net.br\\\/2022\\\/2023\\\/09\\\/28\\\/prazo-de-declaracao-do-imposto-territorial-rural-itr-termina-nesta-sexta-29\\\/\",\"url\":\"https:\\\/\\\/regiaonews.net.br\\\/2022\\\/2023\\\/09\\\/28\\\/prazo-de-declaracao-do-imposto-territorial-rural-itr-termina-nesta-sexta-29\\\/\",\"name\":\"Prazo de Declara\u00e7\u00e3o do Imposto Territorial Rural (ITR) termina nesta sexta (29) - Regi\u00e3o News\",\"isPartOf\":{\"@id\":\"https:\\\/\\\/regiaonews.net.br\\\/2022\\\/#website\"},\"primaryImageOfPage\":{\"@id\":\"https:\\\/\\\/regiaonews.net.br\\\/2022\\\/2023\\\/09\\\/28\\\/prazo-de-declaracao-do-imposto-territorial-rural-itr-termina-nesta-sexta-29\\\/#primaryimage\"},\"image\":{\"@id\":\"https:\\\/\\\/regiaonews.net.br\\\/2022\\\/2023\\\/09\\\/28\\\/prazo-de-declaracao-do-imposto-territorial-rural-itr-termina-nesta-sexta-29\\\/#primaryimage\"},\"thumbnailUrl\":\"https:\\\/\\\/regiaonews.net.br\\\/2022\\\/wp-content\\\/uploads\\\/2023\\\/09\\\/WhatsApp-Image-2023-09-28-at-16.16.36.jpeg\",\"datePublished\":\"2023-09-28T23:31:17+00:00\",\"dateModified\":\"2023-09-29T02:03:39+00:00\",\"breadcrumb\":{\"@id\":\"https:\\\/\\\/regiaonews.net.br\\\/2022\\\/2023\\\/09\\\/28\\\/prazo-de-declaracao-do-imposto-territorial-rural-itr-termina-nesta-sexta-29\\\/#breadcrumb\"},\"inLanguage\":\"pt-BR\",\"potentialAction\":[{\"@type\":\"ReadAction\",\"target\":[\"https:\\\/\\\/regiaonews.net.br\\\/2022\\\/2023\\\/09\\\/28\\\/prazo-de-declaracao-do-imposto-territorial-rural-itr-termina-nesta-sexta-29\\\/\"]}]},{\"@type\":\"ImageObject\",\"inLanguage\":\"pt-BR\",\"@id\":\"https:\\\/\\\/regiaonews.net.br\\\/2022\\\/2023\\\/09\\\/28\\\/prazo-de-declaracao-do-imposto-territorial-rural-itr-termina-nesta-sexta-29\\\/#primaryimage\",\"url\":\"https:\\\/\\\/regiaonews.net.br\\\/2022\\\/wp-content\\\/uploads\\\/2023\\\/09\\\/WhatsApp-Image-2023-09-28-at-16.16.36.jpeg\",\"contentUrl\":\"https:\\\/\\\/regiaonews.net.br\\\/2022\\\/wp-content\\\/uploads\\\/2023\\\/09\\\/WhatsApp-Image-2023-09-28-at-16.16.36.jpeg\",\"width\":1280,\"height\":720},{\"@type\":\"BreadcrumbList\",\"@id\":\"https:\\\/\\\/regiaonews.net.br\\\/2022\\\/2023\\\/09\\\/28\\\/prazo-de-declaracao-do-imposto-territorial-rural-itr-termina-nesta-sexta-29\\\/#breadcrumb\",\"itemListElement\":[{\"@type\":\"ListItem\",\"position\":1,\"name\":\"In\u00edcio\",\"item\":\"https:\\\/\\\/regiaonews.net.br\\\/2022\\\/\"},{\"@type\":\"ListItem\",\"position\":2,\"name\":\"Prazo de Declara\u00e7\u00e3o do Imposto Territorial Rural (ITR) termina nesta sexta (29)\"}]},{\"@type\":\"WebSite\",\"@id\":\"https:\\\/\\\/regiaonews.net.br\\\/2022\\\/#website\",\"url\":\"https:\\\/\\\/regiaonews.net.br\\\/2022\\\/\",\"name\":\"Regi\u00e3o News\",\"description\":\"Site de Not\u00edcias de Barretos e regi\u00e3o\",\"publisher\":{\"@id\":\"https:\\\/\\\/regiaonews.net.br\\\/2022\\\/#organization\"},\"potentialAction\":[{\"@type\":\"SearchAction\",\"target\":{\"@type\":\"EntryPoint\",\"urlTemplate\":\"https:\\\/\\\/regiaonews.net.br\\\/2022\\\/?s={search_term_string}\"},\"query-input\":{\"@type\":\"PropertyValueSpecification\",\"valueRequired\":true,\"valueName\":\"search_term_string\"}}],\"inLanguage\":\"pt-BR\"},{\"@type\":\"Organization\",\"@id\":\"https:\\\/\\\/regiaonews.net.br\\\/2022\\\/#organization\",\"name\":\"Regi\u00e3o News\",\"url\":\"https:\\\/\\\/regiaonews.net.br\\\/2022\\\/\",\"logo\":{\"@type\":\"ImageObject\",\"inLanguage\":\"pt-BR\",\"@id\":\"https:\\\/\\\/regiaonews.net.br\\\/2022\\\/#\\\/schema\\\/logo\\\/image\\\/\",\"url\":\"https:\\\/\\\/regiaonews.net.br\\\/2022\\\/wp-content\\\/uploads\\\/2026\\\/03\\\/regiao-13-anos-scaled.jpg\",\"contentUrl\":\"https:\\\/\\\/regiaonews.net.br\\\/2022\\\/wp-content\\\/uploads\\\/2026\\\/03\\\/regiao-13-anos-scaled.jpg\",\"width\":2560,\"height\":635,\"caption\":\"Regi\u00e3o News\"},\"image\":{\"@id\":\"https:\\\/\\\/regiaonews.net.br\\\/2022\\\/#\\\/schema\\\/logo\\\/image\\\/\"}},{\"@type\":\"Person\",\"@id\":\"https:\\\/\\\/regiaonews.net.br\\\/2022\\\/#\\\/schema\\\/person\\\/2d205a608a5aa97ac279d7a5e6d89ad8\",\"name\":\"Roberto\",\"image\":{\"@type\":\"ImageObject\",\"inLanguage\":\"pt-BR\",\"@id\":\"https:\\\/\\\/secure.gravatar.com\\\/avatar\\\/42749d8b712ff9d59ca93dc150494e5b55a44134482993f5baeb97e61b7ecc89?s=96&d=mm&r=g\",\"url\":\"https:\\\/\\\/secure.gravatar.com\\\/avatar\\\/42749d8b712ff9d59ca93dc150494e5b55a44134482993f5baeb97e61b7ecc89?s=96&d=mm&r=g\",\"contentUrl\":\"https:\\\/\\\/secure.gravatar.com\\\/avatar\\\/42749d8b712ff9d59ca93dc150494e5b55a44134482993f5baeb97e61b7ecc89?s=96&d=mm&r=g\",\"caption\":\"Roberto\"},\"url\":\"https:\\\/\\\/regiaonews.net.br\\\/2022\\\/author\\\/roberto\\\/\"}]}<\/script>\n<!-- \/ Yoast SEO plugin. -->","yoast_head_json":{"title":"Prazo de Declara\u00e7\u00e3o do Imposto Territorial Rural (ITR) termina nesta sexta (29) - Regi\u00e3o News","robots":{"index":"index","follow":"follow","max-snippet":"max-snippet:-1","max-image-preview":"max-image-preview:large","max-video-preview":"max-video-preview:-1"},"canonical":"https:\/\/regiaonews.net.br\/2022\/2023\/09\/28\/prazo-de-declaracao-do-imposto-territorial-rural-itr-termina-nesta-sexta-29\/","og_locale":"pt_BR","og_type":"article","og_title":"Prazo de Declara\u00e7\u00e3o do Imposto Territorial Rural (ITR) termina nesta sexta (29) - Regi\u00e3o News","og_description":"Entrega fora do per\u00edodo acarreta multa por atraso Termina nesta","og_url":"https:\/\/regiaonews.net.br\/2022\/2023\/09\/28\/prazo-de-declaracao-do-imposto-territorial-rural-itr-termina-nesta-sexta-29\/","og_site_name":"Regi\u00e3o News","article_published_time":"2023-09-28T23:31:17+00:00","article_modified_time":"2023-09-29T02:03:39+00:00","og_image":[{"width":1280,"height":720,"url":"https:\/\/regiaonews.net.br\/2022\/wp-content\/uploads\/2023\/09\/WhatsApp-Image-2023-09-28-at-16.16.36.jpeg","type":"image\/jpeg"}],"author":"Roberto","twitter_card":"summary_large_image","twitter_misc":{"Escrito por":"Roberto","Est. tempo de leitura":"2 minutos"},"schema":{"@context":"https:\/\/schema.org","@graph":[{"@type":"Article","@id":"https:\/\/regiaonews.net.br\/2022\/2023\/09\/28\/prazo-de-declaracao-do-imposto-territorial-rural-itr-termina-nesta-sexta-29\/#article","isPartOf":{"@id":"https:\/\/regiaonews.net.br\/2022\/2023\/09\/28\/prazo-de-declaracao-do-imposto-territorial-rural-itr-termina-nesta-sexta-29\/"},"author":{"name":"Roberto","@id":"https:\/\/regiaonews.net.br\/2022\/#\/schema\/person\/2d205a608a5aa97ac279d7a5e6d89ad8"},"headline":"Prazo de Declara\u00e7\u00e3o do Imposto Territorial Rural (ITR) termina nesta sexta (29)","datePublished":"2023-09-28T23:31:17+00:00","dateModified":"2023-09-29T02:03:39+00:00","mainEntityOfPage":{"@id":"https:\/\/regiaonews.net.br\/2022\/2023\/09\/28\/prazo-de-declaracao-do-imposto-territorial-rural-itr-termina-nesta-sexta-29\/"},"wordCount":339,"commentCount":0,"publisher":{"@id":"https:\/\/regiaonews.net.br\/2022\/#organization"},"image":{"@id":"https:\/\/regiaonews.net.br\/2022\/2023\/09\/28\/prazo-de-declaracao-do-imposto-territorial-rural-itr-termina-nesta-sexta-29\/#primaryimage"},"thumbnailUrl":"https:\/\/regiaonews.net.br\/2022\/wp-content\/uploads\/2023\/09\/WhatsApp-Image-2023-09-28-at-16.16.36.jpeg","articleSection":["Barretos","Cotidiano"],"inLanguage":"pt-BR","potentialAction":[{"@type":"CommentAction","name":"Comment","target":["https:\/\/regiaonews.net.br\/2022\/2023\/09\/28\/prazo-de-declaracao-do-imposto-territorial-rural-itr-termina-nesta-sexta-29\/#respond"]}]},{"@type":"WebPage","@id":"https:\/\/regiaonews.net.br\/2022\/2023\/09\/28\/prazo-de-declaracao-do-imposto-territorial-rural-itr-termina-nesta-sexta-29\/","url":"https:\/\/regiaonews.net.br\/2022\/2023\/09\/28\/prazo-de-declaracao-do-imposto-territorial-rural-itr-termina-nesta-sexta-29\/","name":"Prazo de Declara\u00e7\u00e3o do Imposto Territorial Rural (ITR) termina nesta sexta (29) - Regi\u00e3o News","isPartOf":{"@id":"https:\/\/regiaonews.net.br\/2022\/#website"},"primaryImageOfPage":{"@id":"https:\/\/regiaonews.net.br\/2022\/2023\/09\/28\/prazo-de-declaracao-do-imposto-territorial-rural-itr-termina-nesta-sexta-29\/#primaryimage"},"image":{"@id":"https:\/\/regiaonews.net.br\/2022\/2023\/09\/28\/prazo-de-declaracao-do-imposto-territorial-rural-itr-termina-nesta-sexta-29\/#primaryimage"},"thumbnailUrl":"https:\/\/regiaonews.net.br\/2022\/wp-content\/uploads\/2023\/09\/WhatsApp-Image-2023-09-28-at-16.16.36.jpeg","datePublished":"2023-09-28T23:31:17+00:00","dateModified":"2023-09-29T02:03:39+00:00","breadcrumb":{"@id":"https:\/\/regiaonews.net.br\/2022\/2023\/09\/28\/prazo-de-declaracao-do-imposto-territorial-rural-itr-termina-nesta-sexta-29\/#breadcrumb"},"inLanguage":"pt-BR","potentialAction":[{"@type":"ReadAction","target":["https:\/\/regiaonews.net.br\/2022\/2023\/09\/28\/prazo-de-declaracao-do-imposto-territorial-rural-itr-termina-nesta-sexta-29\/"]}]},{"@type":"ImageObject","inLanguage":"pt-BR","@id":"https:\/\/regiaonews.net.br\/2022\/2023\/09\/28\/prazo-de-declaracao-do-imposto-territorial-rural-itr-termina-nesta-sexta-29\/#primaryimage","url":"https:\/\/regiaonews.net.br\/2022\/wp-content\/uploads\/2023\/09\/WhatsApp-Image-2023-09-28-at-16.16.36.jpeg","contentUrl":"https:\/\/regiaonews.net.br\/2022\/wp-content\/uploads\/2023\/09\/WhatsApp-Image-2023-09-28-at-16.16.36.jpeg","width":1280,"height":720},{"@type":"BreadcrumbList","@id":"https:\/\/regiaonews.net.br\/2022\/2023\/09\/28\/prazo-de-declaracao-do-imposto-territorial-rural-itr-termina-nesta-sexta-29\/#breadcrumb","itemListElement":[{"@type":"ListItem","position":1,"name":"In\u00edcio","item":"https:\/\/regiaonews.net.br\/2022\/"},{"@type":"ListItem","position":2,"name":"Prazo de Declara\u00e7\u00e3o do Imposto Territorial Rural (ITR) termina nesta sexta (29)"}]},{"@type":"WebSite","@id":"https:\/\/regiaonews.net.br\/2022\/#website","url":"https:\/\/regiaonews.net.br\/2022\/","name":"Regi\u00e3o News","description":"Site de Not\u00edcias de Barretos e regi\u00e3o","publisher":{"@id":"https:\/\/regiaonews.net.br\/2022\/#organization"},"potentialAction":[{"@type":"SearchAction","target":{"@type":"EntryPoint","urlTemplate":"https:\/\/regiaonews.net.br\/2022\/?s={search_term_string}"},"query-input":{"@type":"PropertyValueSpecification","valueRequired":true,"valueName":"search_term_string"}}],"inLanguage":"pt-BR"},{"@type":"Organization","@id":"https:\/\/regiaonews.net.br\/2022\/#organization","name":"Regi\u00e3o News","url":"https:\/\/regiaonews.net.br\/2022\/","logo":{"@type":"ImageObject","inLanguage":"pt-BR","@id":"https:\/\/regiaonews.net.br\/2022\/#\/schema\/logo\/image\/","url":"https:\/\/regiaonews.net.br\/2022\/wp-content\/uploads\/2026\/03\/regiao-13-anos-scaled.jpg","contentUrl":"https:\/\/regiaonews.net.br\/2022\/wp-content\/uploads\/2026\/03\/regiao-13-anos-scaled.jpg","width":2560,"height":635,"caption":"Regi\u00e3o News"},"image":{"@id":"https:\/\/regiaonews.net.br\/2022\/#\/schema\/logo\/image\/"}},{"@type":"Person","@id":"https:\/\/regiaonews.net.br\/2022\/#\/schema\/person\/2d205a608a5aa97ac279d7a5e6d89ad8","name":"Roberto","image":{"@type":"ImageObject","inLanguage":"pt-BR","@id":"https:\/\/secure.gravatar.com\/avatar\/42749d8b712ff9d59ca93dc150494e5b55a44134482993f5baeb97e61b7ecc89?s=96&d=mm&r=g","url":"https:\/\/secure.gravatar.com\/avatar\/42749d8b712ff9d59ca93dc150494e5b55a44134482993f5baeb97e61b7ecc89?s=96&d=mm&r=g","contentUrl":"https:\/\/secure.gravatar.com\/avatar\/42749d8b712ff9d59ca93dc150494e5b55a44134482993f5baeb97e61b7ecc89?s=96&d=mm&r=g","caption":"Roberto"},"url":"https:\/\/regiaonews.net.br\/2022\/author\/roberto\/"}]}},"publishpress_future_action":{"enabled":false,"date":"2026-05-04 20:49:23","action":"change-status","newStatus":"draft","terms":[],"taxonomy":"category","extraData":[]},"publishpress_future_workflow_manual_trigger":{"enabledWorkflows":[]},"_links":{"self":[{"href":"https:\/\/regiaonews.net.br\/2022\/wp-json\/wp\/v2\/posts\/95828","targetHints":{"allow":["GET"]}}],"collection":[{"href":"https:\/\/regiaonews.net.br\/2022\/wp-json\/wp\/v2\/posts"}],"about":[{"href":"https:\/\/regiaonews.net.br\/2022\/wp-json\/wp\/v2\/types\/post"}],"author":[{"embeddable":true,"href":"https:\/\/regiaonews.net.br\/2022\/wp-json\/wp\/v2\/users\/2"}],"replies":[{"embeddable":true,"href":"https:\/\/regiaonews.net.br\/2022\/wp-json\/wp\/v2\/comments?post=95828"}],"version-history":[{"count":1,"href":"https:\/\/regiaonews.net.br\/2022\/wp-json\/wp\/v2\/posts\/95828\/revisions"}],"predecessor-version":[{"id":95830,"href":"https:\/\/regiaonews.net.br\/2022\/wp-json\/wp\/v2\/posts\/95828\/revisions\/95830"}],"wp:featuredmedia":[{"embeddable":true,"href":"https:\/\/regiaonews.net.br\/2022\/wp-json\/wp\/v2\/media\/95829"}],"wp:attachment":[{"href":"https:\/\/regiaonews.net.br\/2022\/wp-json\/wp\/v2\/media?parent=95828"}],"wp:term":[{"taxonomy":"category","embeddable":true,"href":"https:\/\/regiaonews.net.br\/2022\/wp-json\/wp\/v2\/categories?post=95828"},{"taxonomy":"post_tag","embeddable":true,"href":"https:\/\/regiaonews.net.br\/2022\/wp-json\/wp\/v2\/tags?post=95828"}],"curies":[{"name":"wp","href":"https:\/\/api.w.org\/{rel}","templated":true}]}}