{"id":95801,"date":"2023-09-28T13:21:06","date_gmt":"2023-09-28T16:21:06","guid":{"rendered":"https:\/\/regiaonews.net.br\/2022\/?p=95801"},"modified":"2023-09-28T22:10:47","modified_gmt":"2023-09-29T01:10:47","slug":"doacoes-de-sangue-sao-solicitadas-pelo-hemonucleo-de-barretos","status":"publish","type":"post","link":"https:\/\/regiaonews.net.br\/2022\/2023\/09\/28\/doacoes-de-sangue-sao-solicitadas-pelo-hemonucleo-de-barretos\/","title":{"rendered":"Doa\u00e7\u00f5es de sangue s\u00e3o solicitadas pelo Hemon\u00facleo de Barretos"},"content":{"rendered":"<p>A coordenadora de campanhas do Hemon\u00facleo Barretos, Ana Paula Borges, afirmou em entrevista \u00e0 R\u00e1dio O Di\u00e1rio Independente que a unidade est\u00e1 com os estoques de sangue baixos e necessitando de doa\u00e7\u00f5es de todos os tipos sangu\u00edneos para repor os estoques. Segundo ela, em virtude da grande necessidade e do baixo volume de doa\u00e7\u00f5es, em alguns momentos est\u00e1 sendo necess\u00e1rio realizar o racionamento das bolsas de sangue para que a unidade n\u00e3o fique totalmente descoberta para atender os hospitais de Barretos e regi\u00e3o. \u201cO estoque do sangue est\u00e1 zerado, principalmente o tipo O Negativo que s\u00f3 serve para o O negativo e nos casos de urg\u00eancia quando n\u00e3o d\u00e1 para fazer a tipagem \u00e9 usado este sangue at\u00e9 que se tenha caracter\u00edstica do paciente em casos de urg\u00eancia\u201d, explicou Ana Paula.<br \/>\nSegundo ela, a necessidade \u00e9 todos os tipos de sangue, seja positivo ou negativo. \u201cO nosso consumo est\u00e1 muito grande de plasma, plaquetas e hem\u00e1cias. Com uma \u00fanica doa\u00e7\u00e3o, um doador pode salvar at\u00e9 quatro vidas\u201d, afirmou.<br \/>\nO Hemon\u00facleo est\u00e1 funcionando de segunda a sexta das 7 \u00e0s 14 horas e s\u00e1bados e domingos das 7 \u00e0s 11 horas, tendo a possibilidade de agendar o hor\u00e1rio. Para ser doador \u00e9 necess\u00e1rio estar bem de sa\u00fade, pesar acima de 50 kg, dormir bem a noite, se alimentar evitando alimentos gordurosos\u00a0e\u00a0frituras.<\/p>\n","protected":false},"excerpt":{"rendered":"<p>A coordenadora de campanhas do Hemon\u00facleo Barretos, Ana Paula Borges,<\/p>\n","protected":false},"author":2,"featured_media":63592,"comment_status":"open","ping_status":"open","sticky":false,"template":"","format":"standard","meta":{"footnotes":""},"categories":[14,3],"tags":[],"class_list":["post-95801","post","type-post","status-publish","format-standard","has-post-thumbnail","hentry","category-barretos","category-geral"],"yoast_head":"<!-- This site is optimized with the Yoast SEO plugin v27.4 - https:\/\/yoast.com\/product\/yoast-seo-wordpress\/ -->\n<title>Doa\u00e7\u00f5es de sangue s\u00e3o solicitadas pelo Hemon\u00facleo de Barretos - Regi\u00e3o News<\/title>\n<meta name=\"robots\" content=\"index, follow, max-snippet:-1, max-image-preview:large, max-video-preview:-1\" \/>\n<link rel=\"canonical\" href=\"https:\/\/regiaonews.net.br\/2022\/2023\/09\/28\/doacoes-de-sangue-sao-solicitadas-pelo-hemonucleo-de-barretos\/\" \/>\n<meta property=\"og:locale\" content=\"pt_BR\" \/>\n<meta property=\"og:type\" content=\"article\" \/>\n<meta property=\"og:title\" content=\"Doa\u00e7\u00f5es de sangue s\u00e3o solicitadas pelo Hemon\u00facleo de Barretos - Regi\u00e3o News\" \/>\n<meta property=\"og:description\" content=\"A coordenadora de campanhas do Hemon\u00facleo Barretos, Ana Paula Borges,\" \/>\n<meta property=\"og:url\" content=\"https:\/\/regiaonews.net.br\/2022\/2023\/09\/28\/doacoes-de-sangue-sao-solicitadas-pelo-hemonucleo-de-barretos\/\" \/>\n<meta property=\"og:site_name\" content=\"Regi\u00e3o News\" \/>\n<meta property=\"article:published_time\" content=\"2023-09-28T16:21:06+00:00\" \/>\n<meta property=\"article:modified_time\" content=\"2023-09-29T01:10:47+00:00\" \/>\n<meta property=\"og:image\" content=\"https:\/\/regiaonews.net.br\/2022\/wp-content\/uploads\/2021\/12\/Hemocentro-de-Bebedouro-doacao-de-sangue-noturna-scaled.jpg\" \/>\n\t<meta property=\"og:image:width\" content=\"2560\" \/>\n\t<meta property=\"og:image:height\" content=\"1707\" \/>\n\t<meta property=\"og:image:type\" content=\"image\/jpeg\" \/>\n<meta name=\"author\" content=\"Roberto\" \/>\n<meta name=\"twitter:card\" content=\"summary_large_image\" \/>\n<meta name=\"twitter:label1\" content=\"Escrito por\" \/>\n\t<meta name=\"twitter:data1\" content=\"Roberto\" \/>\n\t<meta name=\"twitter:label2\" content=\"Est. tempo de leitura\" \/>\n\t<meta name=\"twitter:data2\" content=\"2 minutos\" \/>\n<script type=\"application\/ld+json\" class=\"yoast-schema-graph\">{\"@context\":\"https:\\\/\\\/schema.org\",\"@graph\":[{\"@type\":\"Article\",\"@id\":\"https:\\\/\\\/regiaonews.net.br\\\/2022\\\/2023\\\/09\\\/28\\\/doacoes-de-sangue-sao-solicitadas-pelo-hemonucleo-de-barretos\\\/#article\",\"isPartOf\":{\"@id\":\"https:\\\/\\\/regiaonews.net.br\\\/2022\\\/2023\\\/09\\\/28\\\/doacoes-de-sangue-sao-solicitadas-pelo-hemonucleo-de-barretos\\\/\"},\"author\":{\"name\":\"Roberto\",\"@id\":\"https:\\\/\\\/regiaonews.net.br\\\/2022\\\/#\\\/schema\\\/person\\\/2d205a608a5aa97ac279d7a5e6d89ad8\"},\"headline\":\"Doa\u00e7\u00f5es de sangue s\u00e3o solicitadas pelo Hemon\u00facleo de Barretos\",\"datePublished\":\"2023-09-28T16:21:06+00:00\",\"dateModified\":\"2023-09-29T01:10:47+00:00\",\"mainEntityOfPage\":{\"@id\":\"https:\\\/\\\/regiaonews.net.br\\\/2022\\\/2023\\\/09\\\/28\\\/doacoes-de-sangue-sao-solicitadas-pelo-hemonucleo-de-barretos\\\/\"},\"wordCount\":245,\"commentCount\":0,\"publisher\":{\"@id\":\"https:\\\/\\\/regiaonews.net.br\\\/2022\\\/#organization\"},\"image\":{\"@id\":\"https:\\\/\\\/regiaonews.net.br\\\/2022\\\/2023\\\/09\\\/28\\\/doacoes-de-sangue-sao-solicitadas-pelo-hemonucleo-de-barretos\\\/#primaryimage\"},\"thumbnailUrl\":\"https:\\\/\\\/regiaonews.net.br\\\/2022\\\/wp-content\\\/uploads\\\/2021\\\/12\\\/Hemocentro-de-Bebedouro-doacao-de-sangue-noturna-scaled.jpg\",\"articleSection\":[\"Barretos\",\"Geral\"],\"inLanguage\":\"pt-BR\",\"potentialAction\":[{\"@type\":\"CommentAction\",\"name\":\"Comment\",\"target\":[\"https:\\\/\\\/regiaonews.net.br\\\/2022\\\/2023\\\/09\\\/28\\\/doacoes-de-sangue-sao-solicitadas-pelo-hemonucleo-de-barretos\\\/#respond\"]}]},{\"@type\":\"WebPage\",\"@id\":\"https:\\\/\\\/regiaonews.net.br\\\/2022\\\/2023\\\/09\\\/28\\\/doacoes-de-sangue-sao-solicitadas-pelo-hemonucleo-de-barretos\\\/\",\"url\":\"https:\\\/\\\/regiaonews.net.br\\\/2022\\\/2023\\\/09\\\/28\\\/doacoes-de-sangue-sao-solicitadas-pelo-hemonucleo-de-barretos\\\/\",\"name\":\"Doa\u00e7\u00f5es de sangue s\u00e3o solicitadas pelo Hemon\u00facleo de Barretos - Regi\u00e3o News\",\"isPartOf\":{\"@id\":\"https:\\\/\\\/regiaonews.net.br\\\/2022\\\/#website\"},\"primaryImageOfPage\":{\"@id\":\"https:\\\/\\\/regiaonews.net.br\\\/2022\\\/2023\\\/09\\\/28\\\/doacoes-de-sangue-sao-solicitadas-pelo-hemonucleo-de-barretos\\\/#primaryimage\"},\"image\":{\"@id\":\"https:\\\/\\\/regiaonews.net.br\\\/2022\\\/2023\\\/09\\\/28\\\/doacoes-de-sangue-sao-solicitadas-pelo-hemonucleo-de-barretos\\\/#primaryimage\"},\"thumbnailUrl\":\"https:\\\/\\\/regiaonews.net.br\\\/2022\\\/wp-content\\\/uploads\\\/2021\\\/12\\\/Hemocentro-de-Bebedouro-doacao-de-sangue-noturna-scaled.jpg\",\"datePublished\":\"2023-09-28T16:21:06+00:00\",\"dateModified\":\"2023-09-29T01:10:47+00:00\",\"breadcrumb\":{\"@id\":\"https:\\\/\\\/regiaonews.net.br\\\/2022\\\/2023\\\/09\\\/28\\\/doacoes-de-sangue-sao-solicitadas-pelo-hemonucleo-de-barretos\\\/#breadcrumb\"},\"inLanguage\":\"pt-BR\",\"potentialAction\":[{\"@type\":\"ReadAction\",\"target\":[\"https:\\\/\\\/regiaonews.net.br\\\/2022\\\/2023\\\/09\\\/28\\\/doacoes-de-sangue-sao-solicitadas-pelo-hemonucleo-de-barretos\\\/\"]}]},{\"@type\":\"ImageObject\",\"inLanguage\":\"pt-BR\",\"@id\":\"https:\\\/\\\/regiaonews.net.br\\\/2022\\\/2023\\\/09\\\/28\\\/doacoes-de-sangue-sao-solicitadas-pelo-hemonucleo-de-barretos\\\/#primaryimage\",\"url\":\"https:\\\/\\\/regiaonews.net.br\\\/2022\\\/wp-content\\\/uploads\\\/2021\\\/12\\\/Hemocentro-de-Bebedouro-doacao-de-sangue-noturna-scaled.jpg\",\"contentUrl\":\"https:\\\/\\\/regiaonews.net.br\\\/2022\\\/wp-content\\\/uploads\\\/2021\\\/12\\\/Hemocentro-de-Bebedouro-doacao-de-sangue-noturna-scaled.jpg\",\"width\":2560,\"height\":1707},{\"@type\":\"BreadcrumbList\",\"@id\":\"https:\\\/\\\/regiaonews.net.br\\\/2022\\\/2023\\\/09\\\/28\\\/doacoes-de-sangue-sao-solicitadas-pelo-hemonucleo-de-barretos\\\/#breadcrumb\",\"itemListElement\":[{\"@type\":\"ListItem\",\"position\":1,\"name\":\"In\u00edcio\",\"item\":\"https:\\\/\\\/regiaonews.net.br\\\/2022\\\/\"},{\"@type\":\"ListItem\",\"position\":2,\"name\":\"Doa\u00e7\u00f5es de sangue s\u00e3o solicitadas pelo Hemon\u00facleo de Barretos\"}]},{\"@type\":\"WebSite\",\"@id\":\"https:\\\/\\\/regiaonews.net.br\\\/2022\\\/#website\",\"url\":\"https:\\\/\\\/regiaonews.net.br\\\/2022\\\/\",\"name\":\"Regi\u00e3o News\",\"description\":\"Site de Not\u00edcias de Barretos e regi\u00e3o\",\"publisher\":{\"@id\":\"https:\\\/\\\/regiaonews.net.br\\\/2022\\\/#organization\"},\"potentialAction\":[{\"@type\":\"SearchAction\",\"target\":{\"@type\":\"EntryPoint\",\"urlTemplate\":\"https:\\\/\\\/regiaonews.net.br\\\/2022\\\/?s={search_term_string}\"},\"query-input\":{\"@type\":\"PropertyValueSpecification\",\"valueRequired\":true,\"valueName\":\"search_term_string\"}}],\"inLanguage\":\"pt-BR\"},{\"@type\":\"Organization\",\"@id\":\"https:\\\/\\\/regiaonews.net.br\\\/2022\\\/#organization\",\"name\":\"Regi\u00e3o News\",\"url\":\"https:\\\/\\\/regiaonews.net.br\\\/2022\\\/\",\"logo\":{\"@type\":\"ImageObject\",\"inLanguage\":\"pt-BR\",\"@id\":\"https:\\\/\\\/regiaonews.net.br\\\/2022\\\/#\\\/schema\\\/logo\\\/image\\\/\",\"url\":\"https:\\\/\\\/regiaonews.net.br\\\/2022\\\/wp-content\\\/uploads\\\/2026\\\/03\\\/regiao-13-anos-scaled.jpg\",\"contentUrl\":\"https:\\\/\\\/regiaonews.net.br\\\/2022\\\/wp-content\\\/uploads\\\/2026\\\/03\\\/regiao-13-anos-scaled.jpg\",\"width\":2560,\"height\":635,\"caption\":\"Regi\u00e3o News\"},\"image\":{\"@id\":\"https:\\\/\\\/regiaonews.net.br\\\/2022\\\/#\\\/schema\\\/logo\\\/image\\\/\"}},{\"@type\":\"Person\",\"@id\":\"https:\\\/\\\/regiaonews.net.br\\\/2022\\\/#\\\/schema\\\/person\\\/2d205a608a5aa97ac279d7a5e6d89ad8\",\"name\":\"Roberto\",\"image\":{\"@type\":\"ImageObject\",\"inLanguage\":\"pt-BR\",\"@id\":\"https:\\\/\\\/secure.gravatar.com\\\/avatar\\\/42749d8b712ff9d59ca93dc150494e5b55a44134482993f5baeb97e61b7ecc89?s=96&d=mm&r=g\",\"url\":\"https:\\\/\\\/secure.gravatar.com\\\/avatar\\\/42749d8b712ff9d59ca93dc150494e5b55a44134482993f5baeb97e61b7ecc89?s=96&d=mm&r=g\",\"contentUrl\":\"https:\\\/\\\/secure.gravatar.com\\\/avatar\\\/42749d8b712ff9d59ca93dc150494e5b55a44134482993f5baeb97e61b7ecc89?s=96&d=mm&r=g\",\"caption\":\"Roberto\"},\"url\":\"https:\\\/\\\/regiaonews.net.br\\\/2022\\\/author\\\/roberto\\\/\"}]}<\/script>\n<!-- \/ Yoast SEO plugin. -->","yoast_head_json":{"title":"Doa\u00e7\u00f5es de sangue s\u00e3o solicitadas pelo Hemon\u00facleo de Barretos - Regi\u00e3o News","robots":{"index":"index","follow":"follow","max-snippet":"max-snippet:-1","max-image-preview":"max-image-preview:large","max-video-preview":"max-video-preview:-1"},"canonical":"https:\/\/regiaonews.net.br\/2022\/2023\/09\/28\/doacoes-de-sangue-sao-solicitadas-pelo-hemonucleo-de-barretos\/","og_locale":"pt_BR","og_type":"article","og_title":"Doa\u00e7\u00f5es de sangue s\u00e3o solicitadas pelo Hemon\u00facleo de Barretos - Regi\u00e3o News","og_description":"A coordenadora de campanhas do Hemon\u00facleo Barretos, Ana Paula Borges,","og_url":"https:\/\/regiaonews.net.br\/2022\/2023\/09\/28\/doacoes-de-sangue-sao-solicitadas-pelo-hemonucleo-de-barretos\/","og_site_name":"Regi\u00e3o News","article_published_time":"2023-09-28T16:21:06+00:00","article_modified_time":"2023-09-29T01:10:47+00:00","og_image":[{"width":2560,"height":1707,"url":"https:\/\/regiaonews.net.br\/2022\/wp-content\/uploads\/2021\/12\/Hemocentro-de-Bebedouro-doacao-de-sangue-noturna-scaled.jpg","type":"image\/jpeg"}],"author":"Roberto","twitter_card":"summary_large_image","twitter_misc":{"Escrito por":"Roberto","Est. tempo de leitura":"2 minutos"},"schema":{"@context":"https:\/\/schema.org","@graph":[{"@type":"Article","@id":"https:\/\/regiaonews.net.br\/2022\/2023\/09\/28\/doacoes-de-sangue-sao-solicitadas-pelo-hemonucleo-de-barretos\/#article","isPartOf":{"@id":"https:\/\/regiaonews.net.br\/2022\/2023\/09\/28\/doacoes-de-sangue-sao-solicitadas-pelo-hemonucleo-de-barretos\/"},"author":{"name":"Roberto","@id":"https:\/\/regiaonews.net.br\/2022\/#\/schema\/person\/2d205a608a5aa97ac279d7a5e6d89ad8"},"headline":"Doa\u00e7\u00f5es de sangue s\u00e3o solicitadas pelo Hemon\u00facleo de Barretos","datePublished":"2023-09-28T16:21:06+00:00","dateModified":"2023-09-29T01:10:47+00:00","mainEntityOfPage":{"@id":"https:\/\/regiaonews.net.br\/2022\/2023\/09\/28\/doacoes-de-sangue-sao-solicitadas-pelo-hemonucleo-de-barretos\/"},"wordCount":245,"commentCount":0,"publisher":{"@id":"https:\/\/regiaonews.net.br\/2022\/#organization"},"image":{"@id":"https:\/\/regiaonews.net.br\/2022\/2023\/09\/28\/doacoes-de-sangue-sao-solicitadas-pelo-hemonucleo-de-barretos\/#primaryimage"},"thumbnailUrl":"https:\/\/regiaonews.net.br\/2022\/wp-content\/uploads\/2021\/12\/Hemocentro-de-Bebedouro-doacao-de-sangue-noturna-scaled.jpg","articleSection":["Barretos","Geral"],"inLanguage":"pt-BR","potentialAction":[{"@type":"CommentAction","name":"Comment","target":["https:\/\/regiaonews.net.br\/2022\/2023\/09\/28\/doacoes-de-sangue-sao-solicitadas-pelo-hemonucleo-de-barretos\/#respond"]}]},{"@type":"WebPage","@id":"https:\/\/regiaonews.net.br\/2022\/2023\/09\/28\/doacoes-de-sangue-sao-solicitadas-pelo-hemonucleo-de-barretos\/","url":"https:\/\/regiaonews.net.br\/2022\/2023\/09\/28\/doacoes-de-sangue-sao-solicitadas-pelo-hemonucleo-de-barretos\/","name":"Doa\u00e7\u00f5es de sangue s\u00e3o solicitadas pelo Hemon\u00facleo de Barretos - Regi\u00e3o News","isPartOf":{"@id":"https:\/\/regiaonews.net.br\/2022\/#website"},"primaryImageOfPage":{"@id":"https:\/\/regiaonews.net.br\/2022\/2023\/09\/28\/doacoes-de-sangue-sao-solicitadas-pelo-hemonucleo-de-barretos\/#primaryimage"},"image":{"@id":"https:\/\/regiaonews.net.br\/2022\/2023\/09\/28\/doacoes-de-sangue-sao-solicitadas-pelo-hemonucleo-de-barretos\/#primaryimage"},"thumbnailUrl":"https:\/\/regiaonews.net.br\/2022\/wp-content\/uploads\/2021\/12\/Hemocentro-de-Bebedouro-doacao-de-sangue-noturna-scaled.jpg","datePublished":"2023-09-28T16:21:06+00:00","dateModified":"2023-09-29T01:10:47+00:00","breadcrumb":{"@id":"https:\/\/regiaonews.net.br\/2022\/2023\/09\/28\/doacoes-de-sangue-sao-solicitadas-pelo-hemonucleo-de-barretos\/#breadcrumb"},"inLanguage":"pt-BR","potentialAction":[{"@type":"ReadAction","target":["https:\/\/regiaonews.net.br\/2022\/2023\/09\/28\/doacoes-de-sangue-sao-solicitadas-pelo-hemonucleo-de-barretos\/"]}]},{"@type":"ImageObject","inLanguage":"pt-BR","@id":"https:\/\/regiaonews.net.br\/2022\/2023\/09\/28\/doacoes-de-sangue-sao-solicitadas-pelo-hemonucleo-de-barretos\/#primaryimage","url":"https:\/\/regiaonews.net.br\/2022\/wp-content\/uploads\/2021\/12\/Hemocentro-de-Bebedouro-doacao-de-sangue-noturna-scaled.jpg","contentUrl":"https:\/\/regiaonews.net.br\/2022\/wp-content\/uploads\/2021\/12\/Hemocentro-de-Bebedouro-doacao-de-sangue-noturna-scaled.jpg","width":2560,"height":1707},{"@type":"BreadcrumbList","@id":"https:\/\/regiaonews.net.br\/2022\/2023\/09\/28\/doacoes-de-sangue-sao-solicitadas-pelo-hemonucleo-de-barretos\/#breadcrumb","itemListElement":[{"@type":"ListItem","position":1,"name":"In\u00edcio","item":"https:\/\/regiaonews.net.br\/2022\/"},{"@type":"ListItem","position":2,"name":"Doa\u00e7\u00f5es de sangue s\u00e3o solicitadas pelo Hemon\u00facleo de Barretos"}]},{"@type":"WebSite","@id":"https:\/\/regiaonews.net.br\/2022\/#website","url":"https:\/\/regiaonews.net.br\/2022\/","name":"Regi\u00e3o News","description":"Site de Not\u00edcias de Barretos e regi\u00e3o","publisher":{"@id":"https:\/\/regiaonews.net.br\/2022\/#organization"},"potentialAction":[{"@type":"SearchAction","target":{"@type":"EntryPoint","urlTemplate":"https:\/\/regiaonews.net.br\/2022\/?s={search_term_string}"},"query-input":{"@type":"PropertyValueSpecification","valueRequired":true,"valueName":"search_term_string"}}],"inLanguage":"pt-BR"},{"@type":"Organization","@id":"https:\/\/regiaonews.net.br\/2022\/#organization","name":"Regi\u00e3o News","url":"https:\/\/regiaonews.net.br\/2022\/","logo":{"@type":"ImageObject","inLanguage":"pt-BR","@id":"https:\/\/regiaonews.net.br\/2022\/#\/schema\/logo\/image\/","url":"https:\/\/regiaonews.net.br\/2022\/wp-content\/uploads\/2026\/03\/regiao-13-anos-scaled.jpg","contentUrl":"https:\/\/regiaonews.net.br\/2022\/wp-content\/uploads\/2026\/03\/regiao-13-anos-scaled.jpg","width":2560,"height":635,"caption":"Regi\u00e3o News"},"image":{"@id":"https:\/\/regiaonews.net.br\/2022\/#\/schema\/logo\/image\/"}},{"@type":"Person","@id":"https:\/\/regiaonews.net.br\/2022\/#\/schema\/person\/2d205a608a5aa97ac279d7a5e6d89ad8","name":"Roberto","image":{"@type":"ImageObject","inLanguage":"pt-BR","@id":"https:\/\/secure.gravatar.com\/avatar\/42749d8b712ff9d59ca93dc150494e5b55a44134482993f5baeb97e61b7ecc89?s=96&d=mm&r=g","url":"https:\/\/secure.gravatar.com\/avatar\/42749d8b712ff9d59ca93dc150494e5b55a44134482993f5baeb97e61b7ecc89?s=96&d=mm&r=g","contentUrl":"https:\/\/secure.gravatar.com\/avatar\/42749d8b712ff9d59ca93dc150494e5b55a44134482993f5baeb97e61b7ecc89?s=96&d=mm&r=g","caption":"Roberto"},"url":"https:\/\/regiaonews.net.br\/2022\/author\/roberto\/"}]}},"publishpress_future_action":{"enabled":false,"date":"2026-05-05 04:45:58","action":"change-status","newStatus":"draft","terms":[],"taxonomy":"category","extraData":[]},"publishpress_future_workflow_manual_trigger":{"enabledWorkflows":[]},"_links":{"self":[{"href":"https:\/\/regiaonews.net.br\/2022\/wp-json\/wp\/v2\/posts\/95801","targetHints":{"allow":["GET"]}}],"collection":[{"href":"https:\/\/regiaonews.net.br\/2022\/wp-json\/wp\/v2\/posts"}],"about":[{"href":"https:\/\/regiaonews.net.br\/2022\/wp-json\/wp\/v2\/types\/post"}],"author":[{"embeddable":true,"href":"https:\/\/regiaonews.net.br\/2022\/wp-json\/wp\/v2\/users\/2"}],"replies":[{"embeddable":true,"href":"https:\/\/regiaonews.net.br\/2022\/wp-json\/wp\/v2\/comments?post=95801"}],"version-history":[{"count":1,"href":"https:\/\/regiaonews.net.br\/2022\/wp-json\/wp\/v2\/posts\/95801\/revisions"}],"predecessor-version":[{"id":95803,"href":"https:\/\/regiaonews.net.br\/2022\/wp-json\/wp\/v2\/posts\/95801\/revisions\/95803"}],"wp:featuredmedia":[{"embeddable":true,"href":"https:\/\/regiaonews.net.br\/2022\/wp-json\/wp\/v2\/media\/63592"}],"wp:attachment":[{"href":"https:\/\/regiaonews.net.br\/2022\/wp-json\/wp\/v2\/media?parent=95801"}],"wp:term":[{"taxonomy":"category","embeddable":true,"href":"https:\/\/regiaonews.net.br\/2022\/wp-json\/wp\/v2\/categories?post=95801"},{"taxonomy":"post_tag","embeddable":true,"href":"https:\/\/regiaonews.net.br\/2022\/wp-json\/wp\/v2\/tags?post=95801"}],"curies":[{"name":"wp","href":"https:\/\/api.w.org\/{rel}","templated":true}]}}