{"id":95792,"date":"2023-09-28T08:34:53","date_gmt":"2023-09-28T11:34:53","guid":{"rendered":"https:\/\/regiaonews.net.br\/2022\/?p=95792"},"modified":"2023-09-28T23:05:48","modified_gmt":"2023-09-29T02:05:48","slug":"saude-de-colina-realiza-agendamento-para-vacinacao-antirrabica-neste-sabado-dia-30","status":"publish","type":"post","link":"https:\/\/regiaonews.net.br\/2022\/2023\/09\/28\/saude-de-colina-realiza-agendamento-para-vacinacao-antirrabica-neste-sabado-dia-30\/","title":{"rendered":"Sa\u00fade de Colina realiza agendamento para vacina\u00e7\u00e3o antirr\u00e1bica neste s\u00e1bado, dia 30"},"content":{"rendered":"<header class=\"post-header\">\n<div data-grid=\"\">\n<p class=\"post-share noPrint\">\n<\/div>\n<\/header>\n<div class=\"post-image\"><\/div>\n<div class=\"post-content\">\n<article class=\"post-text\">A Prefeitura Municipal de Colina, por meio da unidade de Atendimento Municipal para C\u00e3es e Gatos \u2013 SUS C\u00e3o, \u00f3rg\u00e3o vinculado \u00e0 Secretaria Municipal de Sa\u00fade, est\u00e1 realizando o agendamento para a vacina\u00e7\u00e3o de rotina Antirr\u00e1bica 2023, para c\u00e3es e gatos, a partir de tr\u00eas meses de idade.A vacina\u00e7\u00e3o acontecer\u00e1 no s\u00e1bado, dia 30 de setembro, das 8h \u00e0s 13h, no SUS C\u00e3o, localizado na Rua 13 de Maio, n\u00ba. 891, no bairro Pedreira. Vale destacar que a vacina\u00e7\u00e3o \u00e9 gratuita e ser\u00e1 realizada apenas com agendamento pr\u00e9vio.Para receber a dose, os propriet\u00e1rios devem fazer o agendamento dos animais de segunda \u00e0 sexta-feira, das 7h30 \u00e0s 16h30, pelo telefone: (17) 3341-8604 ou pessoalmente na unidade de Atendimento Municipal para C\u00e3es e Gatos.<\/p>\n<p>Os respons\u00e1veis pelos animais devem comparecer na data e hor\u00e1rio estabelecidos no agendamento.<\/p>\n<p>Importante ressaltar que n\u00e3o ser\u00e1 permitido levar a vacina para casa. As doses s\u00e3o limitadas. N\u00e3o haver\u00e1 realiza\u00e7\u00e3o de campanhas.<\/p>\n<p>A vacina\u00e7\u00e3o contra a raiva \u00e9 aplicada em c\u00e3es e gatos a partir de tr\u00eas meses de idade, desde que estejam saud\u00e1veis. Aquele animal que estiver doente deve aguardar a recupera\u00e7\u00e3o. F\u00eameas que estiverem prenhes podem receber a vacina. A vacina\u00e7\u00e3o anual de c\u00e3es e gatos \u00e9 eficaz na preven\u00e7\u00e3o da raiva.<\/p>\n<p>&nbsp;<\/p>\n<\/article>\n<\/div>\n","protected":false},"excerpt":{"rendered":"<p>A Prefeitura Municipal de Colina, por meio da unidade de<\/p>\n","protected":false},"author":2,"featured_media":95793,"comment_status":"open","ping_status":"open","sticky":false,"template":"","format":"standard","meta":{"footnotes":""},"categories":[25,111],"tags":[],"class_list":["post-95792","post","type-post","status-publish","format-standard","has-post-thumbnail","hentry","category-cidades","category-cotidiano"],"yoast_head":"<!-- This site is optimized with the Yoast SEO plugin v27.4 - https:\/\/yoast.com\/product\/yoast-seo-wordpress\/ -->\n<title>Sa\u00fade de Colina realiza agendamento para vacina\u00e7\u00e3o antirr\u00e1bica neste s\u00e1bado, dia 30 - Regi\u00e3o News<\/title>\n<meta name=\"robots\" content=\"index, follow, max-snippet:-1, max-image-preview:large, max-video-preview:-1\" \/>\n<link rel=\"canonical\" href=\"https:\/\/regiaonews.net.br\/2022\/2023\/09\/28\/saude-de-colina-realiza-agendamento-para-vacinacao-antirrabica-neste-sabado-dia-30\/\" \/>\n<meta property=\"og:locale\" content=\"pt_BR\" \/>\n<meta property=\"og:type\" content=\"article\" \/>\n<meta property=\"og:title\" content=\"Sa\u00fade de Colina realiza agendamento para vacina\u00e7\u00e3o antirr\u00e1bica neste s\u00e1bado, dia 30 - Regi\u00e3o News\" \/>\n<meta property=\"og:description\" content=\"A Prefeitura Municipal de Colina, por meio da unidade de\" \/>\n<meta property=\"og:url\" content=\"https:\/\/regiaonews.net.br\/2022\/2023\/09\/28\/saude-de-colina-realiza-agendamento-para-vacinacao-antirrabica-neste-sabado-dia-30\/\" \/>\n<meta property=\"og:site_name\" content=\"Regi\u00e3o News\" \/>\n<meta property=\"article:published_time\" content=\"2023-09-28T11:34:53+00:00\" \/>\n<meta property=\"article:modified_time\" content=\"2023-09-29T02:05:48+00:00\" \/>\n<meta property=\"og:image\" content=\"https:\/\/regiaonews.net.br\/2022\/wp-content\/uploads\/2023\/09\/colina-caes.jpeg\" \/>\n\t<meta property=\"og:image:width\" content=\"1280\" \/>\n\t<meta property=\"og:image:height\" content=\"720\" \/>\n\t<meta property=\"og:image:type\" content=\"image\/jpeg\" \/>\n<meta name=\"author\" content=\"Roberto\" \/>\n<meta name=\"twitter:card\" content=\"summary_large_image\" \/>\n<meta name=\"twitter:label1\" content=\"Escrito por\" \/>\n\t<meta name=\"twitter:data1\" content=\"Roberto\" \/>\n\t<meta name=\"twitter:label2\" content=\"Est. tempo de leitura\" \/>\n\t<meta name=\"twitter:data2\" content=\"2 minutos\" \/>\n<script type=\"application\/ld+json\" class=\"yoast-schema-graph\">{\"@context\":\"https:\\\/\\\/schema.org\",\"@graph\":[{\"@type\":\"Article\",\"@id\":\"https:\\\/\\\/regiaonews.net.br\\\/2022\\\/2023\\\/09\\\/28\\\/saude-de-colina-realiza-agendamento-para-vacinacao-antirrabica-neste-sabado-dia-30\\\/#article\",\"isPartOf\":{\"@id\":\"https:\\\/\\\/regiaonews.net.br\\\/2022\\\/2023\\\/09\\\/28\\\/saude-de-colina-realiza-agendamento-para-vacinacao-antirrabica-neste-sabado-dia-30\\\/\"},\"author\":{\"name\":\"Roberto\",\"@id\":\"https:\\\/\\\/regiaonews.net.br\\\/2022\\\/#\\\/schema\\\/person\\\/2d205a608a5aa97ac279d7a5e6d89ad8\"},\"headline\":\"Sa\u00fade de Colina realiza agendamento para vacina\u00e7\u00e3o antirr\u00e1bica neste s\u00e1bado, dia 30\",\"datePublished\":\"2023-09-28T11:34:53+00:00\",\"dateModified\":\"2023-09-29T02:05:48+00:00\",\"mainEntityOfPage\":{\"@id\":\"https:\\\/\\\/regiaonews.net.br\\\/2022\\\/2023\\\/09\\\/28\\\/saude-de-colina-realiza-agendamento-para-vacinacao-antirrabica-neste-sabado-dia-30\\\/\"},\"wordCount\":244,\"commentCount\":0,\"publisher\":{\"@id\":\"https:\\\/\\\/regiaonews.net.br\\\/2022\\\/#organization\"},\"image\":{\"@id\":\"https:\\\/\\\/regiaonews.net.br\\\/2022\\\/2023\\\/09\\\/28\\\/saude-de-colina-realiza-agendamento-para-vacinacao-antirrabica-neste-sabado-dia-30\\\/#primaryimage\"},\"thumbnailUrl\":\"https:\\\/\\\/regiaonews.net.br\\\/2022\\\/wp-content\\\/uploads\\\/2023\\\/09\\\/colina-caes.jpeg\",\"articleSection\":[\"Cidades\",\"Cotidiano\"],\"inLanguage\":\"pt-BR\",\"potentialAction\":[{\"@type\":\"CommentAction\",\"name\":\"Comment\",\"target\":[\"https:\\\/\\\/regiaonews.net.br\\\/2022\\\/2023\\\/09\\\/28\\\/saude-de-colina-realiza-agendamento-para-vacinacao-antirrabica-neste-sabado-dia-30\\\/#respond\"]}]},{\"@type\":\"WebPage\",\"@id\":\"https:\\\/\\\/regiaonews.net.br\\\/2022\\\/2023\\\/09\\\/28\\\/saude-de-colina-realiza-agendamento-para-vacinacao-antirrabica-neste-sabado-dia-30\\\/\",\"url\":\"https:\\\/\\\/regiaonews.net.br\\\/2022\\\/2023\\\/09\\\/28\\\/saude-de-colina-realiza-agendamento-para-vacinacao-antirrabica-neste-sabado-dia-30\\\/\",\"name\":\"Sa\u00fade de Colina realiza agendamento para vacina\u00e7\u00e3o antirr\u00e1bica neste s\u00e1bado, dia 30 - Regi\u00e3o News\",\"isPartOf\":{\"@id\":\"https:\\\/\\\/regiaonews.net.br\\\/2022\\\/#website\"},\"primaryImageOfPage\":{\"@id\":\"https:\\\/\\\/regiaonews.net.br\\\/2022\\\/2023\\\/09\\\/28\\\/saude-de-colina-realiza-agendamento-para-vacinacao-antirrabica-neste-sabado-dia-30\\\/#primaryimage\"},\"image\":{\"@id\":\"https:\\\/\\\/regiaonews.net.br\\\/2022\\\/2023\\\/09\\\/28\\\/saude-de-colina-realiza-agendamento-para-vacinacao-antirrabica-neste-sabado-dia-30\\\/#primaryimage\"},\"thumbnailUrl\":\"https:\\\/\\\/regiaonews.net.br\\\/2022\\\/wp-content\\\/uploads\\\/2023\\\/09\\\/colina-caes.jpeg\",\"datePublished\":\"2023-09-28T11:34:53+00:00\",\"dateModified\":\"2023-09-29T02:05:48+00:00\",\"breadcrumb\":{\"@id\":\"https:\\\/\\\/regiaonews.net.br\\\/2022\\\/2023\\\/09\\\/28\\\/saude-de-colina-realiza-agendamento-para-vacinacao-antirrabica-neste-sabado-dia-30\\\/#breadcrumb\"},\"inLanguage\":\"pt-BR\",\"potentialAction\":[{\"@type\":\"ReadAction\",\"target\":[\"https:\\\/\\\/regiaonews.net.br\\\/2022\\\/2023\\\/09\\\/28\\\/saude-de-colina-realiza-agendamento-para-vacinacao-antirrabica-neste-sabado-dia-30\\\/\"]}]},{\"@type\":\"ImageObject\",\"inLanguage\":\"pt-BR\",\"@id\":\"https:\\\/\\\/regiaonews.net.br\\\/2022\\\/2023\\\/09\\\/28\\\/saude-de-colina-realiza-agendamento-para-vacinacao-antirrabica-neste-sabado-dia-30\\\/#primaryimage\",\"url\":\"https:\\\/\\\/regiaonews.net.br\\\/2022\\\/wp-content\\\/uploads\\\/2023\\\/09\\\/colina-caes.jpeg\",\"contentUrl\":\"https:\\\/\\\/regiaonews.net.br\\\/2022\\\/wp-content\\\/uploads\\\/2023\\\/09\\\/colina-caes.jpeg\",\"width\":1280,\"height\":720},{\"@type\":\"BreadcrumbList\",\"@id\":\"https:\\\/\\\/regiaonews.net.br\\\/2022\\\/2023\\\/09\\\/28\\\/saude-de-colina-realiza-agendamento-para-vacinacao-antirrabica-neste-sabado-dia-30\\\/#breadcrumb\",\"itemListElement\":[{\"@type\":\"ListItem\",\"position\":1,\"name\":\"In\u00edcio\",\"item\":\"https:\\\/\\\/regiaonews.net.br\\\/2022\\\/\"},{\"@type\":\"ListItem\",\"position\":2,\"name\":\"Sa\u00fade de Colina realiza agendamento para vacina\u00e7\u00e3o antirr\u00e1bica neste s\u00e1bado, dia 30\"}]},{\"@type\":\"WebSite\",\"@id\":\"https:\\\/\\\/regiaonews.net.br\\\/2022\\\/#website\",\"url\":\"https:\\\/\\\/regiaonews.net.br\\\/2022\\\/\",\"name\":\"Regi\u00e3o News\",\"description\":\"Site de Not\u00edcias de Barretos e regi\u00e3o\",\"publisher\":{\"@id\":\"https:\\\/\\\/regiaonews.net.br\\\/2022\\\/#organization\"},\"potentialAction\":[{\"@type\":\"SearchAction\",\"target\":{\"@type\":\"EntryPoint\",\"urlTemplate\":\"https:\\\/\\\/regiaonews.net.br\\\/2022\\\/?s={search_term_string}\"},\"query-input\":{\"@type\":\"PropertyValueSpecification\",\"valueRequired\":true,\"valueName\":\"search_term_string\"}}],\"inLanguage\":\"pt-BR\"},{\"@type\":\"Organization\",\"@id\":\"https:\\\/\\\/regiaonews.net.br\\\/2022\\\/#organization\",\"name\":\"Regi\u00e3o News\",\"url\":\"https:\\\/\\\/regiaonews.net.br\\\/2022\\\/\",\"logo\":{\"@type\":\"ImageObject\",\"inLanguage\":\"pt-BR\",\"@id\":\"https:\\\/\\\/regiaonews.net.br\\\/2022\\\/#\\\/schema\\\/logo\\\/image\\\/\",\"url\":\"https:\\\/\\\/regiaonews.net.br\\\/2022\\\/wp-content\\\/uploads\\\/2026\\\/03\\\/regiao-13-anos-scaled.jpg\",\"contentUrl\":\"https:\\\/\\\/regiaonews.net.br\\\/2022\\\/wp-content\\\/uploads\\\/2026\\\/03\\\/regiao-13-anos-scaled.jpg\",\"width\":2560,\"height\":635,\"caption\":\"Regi\u00e3o News\"},\"image\":{\"@id\":\"https:\\\/\\\/regiaonews.net.br\\\/2022\\\/#\\\/schema\\\/logo\\\/image\\\/\"}},{\"@type\":\"Person\",\"@id\":\"https:\\\/\\\/regiaonews.net.br\\\/2022\\\/#\\\/schema\\\/person\\\/2d205a608a5aa97ac279d7a5e6d89ad8\",\"name\":\"Roberto\",\"image\":{\"@type\":\"ImageObject\",\"inLanguage\":\"pt-BR\",\"@id\":\"https:\\\/\\\/secure.gravatar.com\\\/avatar\\\/42749d8b712ff9d59ca93dc150494e5b55a44134482993f5baeb97e61b7ecc89?s=96&d=mm&r=g\",\"url\":\"https:\\\/\\\/secure.gravatar.com\\\/avatar\\\/42749d8b712ff9d59ca93dc150494e5b55a44134482993f5baeb97e61b7ecc89?s=96&d=mm&r=g\",\"contentUrl\":\"https:\\\/\\\/secure.gravatar.com\\\/avatar\\\/42749d8b712ff9d59ca93dc150494e5b55a44134482993f5baeb97e61b7ecc89?s=96&d=mm&r=g\",\"caption\":\"Roberto\"},\"url\":\"https:\\\/\\\/regiaonews.net.br\\\/2022\\\/author\\\/roberto\\\/\"}]}<\/script>\n<!-- \/ Yoast SEO plugin. -->","yoast_head_json":{"title":"Sa\u00fade de Colina realiza agendamento para vacina\u00e7\u00e3o antirr\u00e1bica neste s\u00e1bado, dia 30 - Regi\u00e3o News","robots":{"index":"index","follow":"follow","max-snippet":"max-snippet:-1","max-image-preview":"max-image-preview:large","max-video-preview":"max-video-preview:-1"},"canonical":"https:\/\/regiaonews.net.br\/2022\/2023\/09\/28\/saude-de-colina-realiza-agendamento-para-vacinacao-antirrabica-neste-sabado-dia-30\/","og_locale":"pt_BR","og_type":"article","og_title":"Sa\u00fade de Colina realiza agendamento para vacina\u00e7\u00e3o antirr\u00e1bica neste s\u00e1bado, dia 30 - Regi\u00e3o News","og_description":"A Prefeitura Municipal de Colina, por meio da unidade de","og_url":"https:\/\/regiaonews.net.br\/2022\/2023\/09\/28\/saude-de-colina-realiza-agendamento-para-vacinacao-antirrabica-neste-sabado-dia-30\/","og_site_name":"Regi\u00e3o News","article_published_time":"2023-09-28T11:34:53+00:00","article_modified_time":"2023-09-29T02:05:48+00:00","og_image":[{"width":1280,"height":720,"url":"https:\/\/regiaonews.net.br\/2022\/wp-content\/uploads\/2023\/09\/colina-caes.jpeg","type":"image\/jpeg"}],"author":"Roberto","twitter_card":"summary_large_image","twitter_misc":{"Escrito por":"Roberto","Est. tempo de leitura":"2 minutos"},"schema":{"@context":"https:\/\/schema.org","@graph":[{"@type":"Article","@id":"https:\/\/regiaonews.net.br\/2022\/2023\/09\/28\/saude-de-colina-realiza-agendamento-para-vacinacao-antirrabica-neste-sabado-dia-30\/#article","isPartOf":{"@id":"https:\/\/regiaonews.net.br\/2022\/2023\/09\/28\/saude-de-colina-realiza-agendamento-para-vacinacao-antirrabica-neste-sabado-dia-30\/"},"author":{"name":"Roberto","@id":"https:\/\/regiaonews.net.br\/2022\/#\/schema\/person\/2d205a608a5aa97ac279d7a5e6d89ad8"},"headline":"Sa\u00fade de Colina realiza agendamento para vacina\u00e7\u00e3o antirr\u00e1bica neste s\u00e1bado, dia 30","datePublished":"2023-09-28T11:34:53+00:00","dateModified":"2023-09-29T02:05:48+00:00","mainEntityOfPage":{"@id":"https:\/\/regiaonews.net.br\/2022\/2023\/09\/28\/saude-de-colina-realiza-agendamento-para-vacinacao-antirrabica-neste-sabado-dia-30\/"},"wordCount":244,"commentCount":0,"publisher":{"@id":"https:\/\/regiaonews.net.br\/2022\/#organization"},"image":{"@id":"https:\/\/regiaonews.net.br\/2022\/2023\/09\/28\/saude-de-colina-realiza-agendamento-para-vacinacao-antirrabica-neste-sabado-dia-30\/#primaryimage"},"thumbnailUrl":"https:\/\/regiaonews.net.br\/2022\/wp-content\/uploads\/2023\/09\/colina-caes.jpeg","articleSection":["Cidades","Cotidiano"],"inLanguage":"pt-BR","potentialAction":[{"@type":"CommentAction","name":"Comment","target":["https:\/\/regiaonews.net.br\/2022\/2023\/09\/28\/saude-de-colina-realiza-agendamento-para-vacinacao-antirrabica-neste-sabado-dia-30\/#respond"]}]},{"@type":"WebPage","@id":"https:\/\/regiaonews.net.br\/2022\/2023\/09\/28\/saude-de-colina-realiza-agendamento-para-vacinacao-antirrabica-neste-sabado-dia-30\/","url":"https:\/\/regiaonews.net.br\/2022\/2023\/09\/28\/saude-de-colina-realiza-agendamento-para-vacinacao-antirrabica-neste-sabado-dia-30\/","name":"Sa\u00fade de Colina realiza agendamento para vacina\u00e7\u00e3o antirr\u00e1bica neste s\u00e1bado, dia 30 - Regi\u00e3o News","isPartOf":{"@id":"https:\/\/regiaonews.net.br\/2022\/#website"},"primaryImageOfPage":{"@id":"https:\/\/regiaonews.net.br\/2022\/2023\/09\/28\/saude-de-colina-realiza-agendamento-para-vacinacao-antirrabica-neste-sabado-dia-30\/#primaryimage"},"image":{"@id":"https:\/\/regiaonews.net.br\/2022\/2023\/09\/28\/saude-de-colina-realiza-agendamento-para-vacinacao-antirrabica-neste-sabado-dia-30\/#primaryimage"},"thumbnailUrl":"https:\/\/regiaonews.net.br\/2022\/wp-content\/uploads\/2023\/09\/colina-caes.jpeg","datePublished":"2023-09-28T11:34:53+00:00","dateModified":"2023-09-29T02:05:48+00:00","breadcrumb":{"@id":"https:\/\/regiaonews.net.br\/2022\/2023\/09\/28\/saude-de-colina-realiza-agendamento-para-vacinacao-antirrabica-neste-sabado-dia-30\/#breadcrumb"},"inLanguage":"pt-BR","potentialAction":[{"@type":"ReadAction","target":["https:\/\/regiaonews.net.br\/2022\/2023\/09\/28\/saude-de-colina-realiza-agendamento-para-vacinacao-antirrabica-neste-sabado-dia-30\/"]}]},{"@type":"ImageObject","inLanguage":"pt-BR","@id":"https:\/\/regiaonews.net.br\/2022\/2023\/09\/28\/saude-de-colina-realiza-agendamento-para-vacinacao-antirrabica-neste-sabado-dia-30\/#primaryimage","url":"https:\/\/regiaonews.net.br\/2022\/wp-content\/uploads\/2023\/09\/colina-caes.jpeg","contentUrl":"https:\/\/regiaonews.net.br\/2022\/wp-content\/uploads\/2023\/09\/colina-caes.jpeg","width":1280,"height":720},{"@type":"BreadcrumbList","@id":"https:\/\/regiaonews.net.br\/2022\/2023\/09\/28\/saude-de-colina-realiza-agendamento-para-vacinacao-antirrabica-neste-sabado-dia-30\/#breadcrumb","itemListElement":[{"@type":"ListItem","position":1,"name":"In\u00edcio","item":"https:\/\/regiaonews.net.br\/2022\/"},{"@type":"ListItem","position":2,"name":"Sa\u00fade de Colina realiza agendamento para vacina\u00e7\u00e3o antirr\u00e1bica neste s\u00e1bado, dia 30"}]},{"@type":"WebSite","@id":"https:\/\/regiaonews.net.br\/2022\/#website","url":"https:\/\/regiaonews.net.br\/2022\/","name":"Regi\u00e3o News","description":"Site de Not\u00edcias de Barretos e regi\u00e3o","publisher":{"@id":"https:\/\/regiaonews.net.br\/2022\/#organization"},"potentialAction":[{"@type":"SearchAction","target":{"@type":"EntryPoint","urlTemplate":"https:\/\/regiaonews.net.br\/2022\/?s={search_term_string}"},"query-input":{"@type":"PropertyValueSpecification","valueRequired":true,"valueName":"search_term_string"}}],"inLanguage":"pt-BR"},{"@type":"Organization","@id":"https:\/\/regiaonews.net.br\/2022\/#organization","name":"Regi\u00e3o News","url":"https:\/\/regiaonews.net.br\/2022\/","logo":{"@type":"ImageObject","inLanguage":"pt-BR","@id":"https:\/\/regiaonews.net.br\/2022\/#\/schema\/logo\/image\/","url":"https:\/\/regiaonews.net.br\/2022\/wp-content\/uploads\/2026\/03\/regiao-13-anos-scaled.jpg","contentUrl":"https:\/\/regiaonews.net.br\/2022\/wp-content\/uploads\/2026\/03\/regiao-13-anos-scaled.jpg","width":2560,"height":635,"caption":"Regi\u00e3o News"},"image":{"@id":"https:\/\/regiaonews.net.br\/2022\/#\/schema\/logo\/image\/"}},{"@type":"Person","@id":"https:\/\/regiaonews.net.br\/2022\/#\/schema\/person\/2d205a608a5aa97ac279d7a5e6d89ad8","name":"Roberto","image":{"@type":"ImageObject","inLanguage":"pt-BR","@id":"https:\/\/secure.gravatar.com\/avatar\/42749d8b712ff9d59ca93dc150494e5b55a44134482993f5baeb97e61b7ecc89?s=96&d=mm&r=g","url":"https:\/\/secure.gravatar.com\/avatar\/42749d8b712ff9d59ca93dc150494e5b55a44134482993f5baeb97e61b7ecc89?s=96&d=mm&r=g","contentUrl":"https:\/\/secure.gravatar.com\/avatar\/42749d8b712ff9d59ca93dc150494e5b55a44134482993f5baeb97e61b7ecc89?s=96&d=mm&r=g","caption":"Roberto"},"url":"https:\/\/regiaonews.net.br\/2022\/author\/roberto\/"}]}},"publishpress_future_action":{"enabled":false,"date":"2026-05-05 09:14:37","action":"change-status","newStatus":"draft","terms":[],"taxonomy":"category","extraData":[]},"publishpress_future_workflow_manual_trigger":{"enabledWorkflows":[]},"_links":{"self":[{"href":"https:\/\/regiaonews.net.br\/2022\/wp-json\/wp\/v2\/posts\/95792","targetHints":{"allow":["GET"]}}],"collection":[{"href":"https:\/\/regiaonews.net.br\/2022\/wp-json\/wp\/v2\/posts"}],"about":[{"href":"https:\/\/regiaonews.net.br\/2022\/wp-json\/wp\/v2\/types\/post"}],"author":[{"embeddable":true,"href":"https:\/\/regiaonews.net.br\/2022\/wp-json\/wp\/v2\/users\/2"}],"replies":[{"embeddable":true,"href":"https:\/\/regiaonews.net.br\/2022\/wp-json\/wp\/v2\/comments?post=95792"}],"version-history":[{"count":3,"href":"https:\/\/regiaonews.net.br\/2022\/wp-json\/wp\/v2\/posts\/95792\/revisions"}],"predecessor-version":[{"id":95851,"href":"https:\/\/regiaonews.net.br\/2022\/wp-json\/wp\/v2\/posts\/95792\/revisions\/95851"}],"wp:featuredmedia":[{"embeddable":true,"href":"https:\/\/regiaonews.net.br\/2022\/wp-json\/wp\/v2\/media\/95793"}],"wp:attachment":[{"href":"https:\/\/regiaonews.net.br\/2022\/wp-json\/wp\/v2\/media?parent=95792"}],"wp:term":[{"taxonomy":"category","embeddable":true,"href":"https:\/\/regiaonews.net.br\/2022\/wp-json\/wp\/v2\/categories?post=95792"},{"taxonomy":"post_tag","embeddable":true,"href":"https:\/\/regiaonews.net.br\/2022\/wp-json\/wp\/v2\/tags?post=95792"}],"curies":[{"name":"wp","href":"https:\/\/api.w.org\/{rel}","templated":true}]}}