{"id":95789,"date":"2023-09-27T20:49:24","date_gmt":"2023-09-27T23:49:24","guid":{"rendered":"https:\/\/regiaonews.net.br\/2022\/?p=95789"},"modified":"2023-09-27T20:49:24","modified_gmt":"2023-09-27T23:49:24","slug":"iguatemi-sao-jose-do-rio-preto-realiza-acoes-em-apoio-ao-outubro-rosa","status":"publish","type":"post","link":"https:\/\/regiaonews.net.br\/2022\/2023\/09\/27\/iguatemi-sao-jose-do-rio-preto-realiza-acoes-em-apoio-ao-outubro-rosa\/","title":{"rendered":"Iguatemi S\u00e3o Jos\u00e9 do Rio Preto realiza a\u00e7\u00f5es em apoio ao Outubro Rosa"},"content":{"rendered":"<blockquote>\n<div class=\"R1UVb\">\n<table width=\"801\" align=\"center\">\n<tbody>\n<tr class=\"x_tr70\">\n<td><strong>Iguatemi S\u00e3o Jos\u00e9 do Rio Preto realiza a\u00e7\u00f5es em apoio ao Outubro Rosa<\/strong><\/p>\n<p><em>No m\u00eas de combate ao c\u00e2ncer de mama, empreendimento incentiva a campanha de conscientiza\u00e7\u00e3o sobre a import\u00e2ncia da preven\u00e7\u00e3o e do diagn\u00f3stico precoce<\/em><br aria-hidden=\"true\" \/><\/p>\n<p><strong>S\u00e3o Jos\u00e9 do Rio Preto, outubro de 2023 \u2013<\/strong>\u00a0Sempre buscando dar visibilidade a causas relevantes, a Iguatemi S.A refor\u00e7a mais uma vez seu compromisso com o Outubro Rosa e ir\u00e1 promover diferentes a\u00e7\u00f5es para engajar a sociedade na campanha de conscientiza\u00e7\u00e3o da preven\u00e7\u00e3o e do diagn\u00f3stico precoce do c\u00e2ncer de mama.<\/p>\n<p>Este ano, os 14 shoppings e os dois outlets da rede realizam diferentes iniciativas como, por exemplo, ilumina\u00e7\u00e3o das fachadas e a\u00e7\u00f5es sociais. \u201cEstamos comprometidos em disseminar a mensagem de conscientiza\u00e7\u00e3o para engajar nossos clientes, colaboradores, lojistas e parceiros. Por meio de conte\u00fados e a\u00e7\u00f5es em nossos empreendimentos, vamos espalhar essa corrente do bem, alertando a todos sobre a import\u00e2ncia da preven\u00e7\u00e3o precoce da doen\u00e7a\u201d, comenta Alexandre Biancamano, Diretor de Marketing da Iguatemi S.A.<br aria-hidden=\"true\" \/><\/p>\n<p>Assim como nas edi\u00e7\u00f5es anteriores, o Iguatemi S\u00e3o Jos\u00e9 do Rio Preto ter\u00e1 sua fachada iluminada na cor rosa, al\u00e9m da figueira com luzes na mesma tonalidade em seu paisagismo, como forma de simbolizar e alertar as pessoas sobre os riscos da identifica\u00e7\u00e3o tardia da doen\u00e7a que, de acordo o Instituto Nacional do C\u00e2ncer (INCA), \u00e9 o segundo tipo de c\u00e2ncer que mais acomete as mulheres brasileiras, com 74 mil casos novos previstos por ano at\u00e9 2025.<br aria-hidden=\"true\" \/><\/p>\n<p>As redes sociais dos empreendimentos da Iguatemi S.A tamb\u00e9m participar\u00e3o da campanha, com a veicula\u00e7\u00e3o de conte\u00fados informativos sobre preven\u00e7\u00f5es e diagn\u00f3sticos.<\/p>\n<p><br aria-hidden=\"true\" \/><strong>Sobre o Iguatemi S\u00e3o Jos\u00e9 do Rio Preto<\/strong><br aria-hidden=\"true\" \/>Considerado o primeiro e maior complexo multiuso do Noroeste Paulista, o Iguatemi S\u00e3o Jos\u00e9 do Rio Preto pertence \u00e0 Iguatemi S.A, carrega a excel\u00eancia e pioneirismo da marca em seu DNA. O empreendimento re\u00fane moda, arte, cultura, gastronomia, entretenimento, lazer, servi\u00e7os exclusivos, e conta com o hotel Hyatt Place, uma torre comercial (Iguatemi Business) e o residencial Integrado. Com um ambiente agrad\u00e1vel e aconchegante, pensado para proporcionar experi\u00eancias \u00fanicas e exclusivas, o Iguatemi S\u00e3o Jos\u00e9 do Rio Preto oferece um mix diversificado com marcas conceituadas do varejo nacional e internacional, entretenimento exclusivo e restaurantes renomados que o consolidaram como o principal polo gastron\u00f4mico da regi\u00e3o. Mais informa\u00e7\u00f5es: site<\/p>\n<p><br aria-hidden=\"true\" \/><strong>Sobre a Iguatemi<\/strong><br aria-hidden=\"true\" \/>A Iguatemi S.A. \u00e9 uma das maiores empresas full service no setor de shopping centers do Brasil. Suas atividades englobam a concep\u00e7\u00e3o, o planejamento, o desenvolvimento e a administra\u00e7\u00e3o de shopping centers regionais, outlets e complexos imobili\u00e1rios de uso misto com torres comerciais. A Iguatemi det\u00e9m participa\u00e7\u00e3o em 14 shopping centers, 2 Premium Outlets e 3 torres comerciais que juntos totalizam 724 mil m\u00b2 de ABL total, sendo a sua ABL pr\u00f3pria correspondente a 477 mil m\u00b2, al\u00e9m do seu marketplace, o Iguatemi 365. A opera\u00e7\u00e3o nasceu conectada ao espa\u00e7o f\u00edsico para a entrega de uma experi\u00eancia multicanal e conta com mais de 450 marcas nacionais e internacionais de moda, casa, beleza, emp\u00f3rio e lifestyle. A Companhia participa da administra\u00e7\u00e3o de todos os seus shoppings centers, de seus premium outlets e das suas torres comerciais. As a\u00e7\u00f5es da Iguatemi est\u00e3o listadas na B3 [IGTI11] e fazem parte do \u00edndice Ibovespa.<\/td>\n<\/tr>\n<\/tbody>\n<\/table>\n<\/div>\n<\/blockquote>\n","protected":false},"excerpt":{"rendered":"<p>Iguatemi S\u00e3o Jos\u00e9 do Rio Preto realiza a\u00e7\u00f5es em apoio<\/p>\n","protected":false},"author":2,"featured_media":95790,"comment_status":"open","ping_status":"open","sticky":false,"template":"","format":"standard","meta":{"footnotes":""},"categories":[25,38],"tags":[],"class_list":["post-95789","post","type-post","status-publish","format-standard","has-post-thumbnail","hentry","category-cidades","category-sao-jose-do-rio-preto"],"yoast_head":"<!-- This site is optimized with the Yoast SEO plugin v27.4 - https:\/\/yoast.com\/product\/yoast-seo-wordpress\/ -->\n<title>Iguatemi S\u00e3o Jos\u00e9 do Rio Preto realiza a\u00e7\u00f5es em apoio ao Outubro Rosa - Regi\u00e3o News<\/title>\n<meta name=\"robots\" content=\"index, follow, max-snippet:-1, max-image-preview:large, max-video-preview:-1\" \/>\n<link rel=\"canonical\" href=\"https:\/\/regiaonews.net.br\/2022\/2023\/09\/27\/iguatemi-sao-jose-do-rio-preto-realiza-acoes-em-apoio-ao-outubro-rosa\/\" \/>\n<meta property=\"og:locale\" content=\"pt_BR\" \/>\n<meta property=\"og:type\" content=\"article\" \/>\n<meta property=\"og:title\" content=\"Iguatemi S\u00e3o Jos\u00e9 do Rio Preto realiza a\u00e7\u00f5es em apoio ao Outubro Rosa - Regi\u00e3o News\" \/>\n<meta property=\"og:description\" content=\"Iguatemi S\u00e3o Jos\u00e9 do Rio Preto realiza a\u00e7\u00f5es em apoio\" \/>\n<meta property=\"og:url\" content=\"https:\/\/regiaonews.net.br\/2022\/2023\/09\/27\/iguatemi-sao-jose-do-rio-preto-realiza-acoes-em-apoio-ao-outubro-rosa\/\" \/>\n<meta property=\"og:site_name\" content=\"Regi\u00e3o News\" \/>\n<meta property=\"article:published_time\" content=\"2023-09-27T23:49:24+00:00\" \/>\n<meta property=\"og:image\" content=\"https:\/\/regiaonews.net.br\/2022\/wp-content\/uploads\/2023\/09\/e1264cc62257c2318726083cf62fd6b5low.jpeg\" \/>\n\t<meta property=\"og:image:width\" content=\"800\" \/>\n\t<meta property=\"og:image:height\" content=\"481\" \/>\n\t<meta property=\"og:image:type\" content=\"image\/jpeg\" \/>\n<meta name=\"author\" content=\"Roberto\" \/>\n<meta name=\"twitter:card\" content=\"summary_large_image\" \/>\n<meta name=\"twitter:label1\" content=\"Escrito por\" \/>\n\t<meta name=\"twitter:data1\" content=\"Roberto\" \/>\n<script type=\"application\/ld+json\" class=\"yoast-schema-graph\">{\"@context\":\"https:\\\/\\\/schema.org\",\"@graph\":[{\"@type\":\"Article\",\"@id\":\"https:\\\/\\\/regiaonews.net.br\\\/2022\\\/2023\\\/09\\\/27\\\/iguatemi-sao-jose-do-rio-preto-realiza-acoes-em-apoio-ao-outubro-rosa\\\/#article\",\"isPartOf\":{\"@id\":\"https:\\\/\\\/regiaonews.net.br\\\/2022\\\/2023\\\/09\\\/27\\\/iguatemi-sao-jose-do-rio-preto-realiza-acoes-em-apoio-ao-outubro-rosa\\\/\"},\"author\":{\"name\":\"Roberto\",\"@id\":\"https:\\\/\\\/regiaonews.net.br\\\/2022\\\/#\\\/schema\\\/person\\\/2d205a608a5aa97ac279d7a5e6d89ad8\"},\"headline\":\"Iguatemi S\u00e3o Jos\u00e9 do Rio Preto realiza a\u00e7\u00f5es em apoio ao Outubro Rosa\",\"datePublished\":\"2023-09-27T23:49:24+00:00\",\"mainEntityOfPage\":{\"@id\":\"https:\\\/\\\/regiaonews.net.br\\\/2022\\\/2023\\\/09\\\/27\\\/iguatemi-sao-jose-do-rio-preto-realiza-acoes-em-apoio-ao-outubro-rosa\\\/\"},\"wordCount\":597,\"commentCount\":0,\"publisher\":{\"@id\":\"https:\\\/\\\/regiaonews.net.br\\\/2022\\\/#organization\"},\"image\":{\"@id\":\"https:\\\/\\\/regiaonews.net.br\\\/2022\\\/2023\\\/09\\\/27\\\/iguatemi-sao-jose-do-rio-preto-realiza-acoes-em-apoio-ao-outubro-rosa\\\/#primaryimage\"},\"thumbnailUrl\":\"https:\\\/\\\/regiaonews.net.br\\\/2022\\\/wp-content\\\/uploads\\\/2023\\\/09\\\/e1264cc62257c2318726083cf62fd6b5low.jpeg\",\"articleSection\":[\"Cidades\",\"S\u00e3o Jos\u00e9 do RIo Preto\"],\"inLanguage\":\"pt-BR\",\"potentialAction\":[{\"@type\":\"CommentAction\",\"name\":\"Comment\",\"target\":[\"https:\\\/\\\/regiaonews.net.br\\\/2022\\\/2023\\\/09\\\/27\\\/iguatemi-sao-jose-do-rio-preto-realiza-acoes-em-apoio-ao-outubro-rosa\\\/#respond\"]}]},{\"@type\":\"WebPage\",\"@id\":\"https:\\\/\\\/regiaonews.net.br\\\/2022\\\/2023\\\/09\\\/27\\\/iguatemi-sao-jose-do-rio-preto-realiza-acoes-em-apoio-ao-outubro-rosa\\\/\",\"url\":\"https:\\\/\\\/regiaonews.net.br\\\/2022\\\/2023\\\/09\\\/27\\\/iguatemi-sao-jose-do-rio-preto-realiza-acoes-em-apoio-ao-outubro-rosa\\\/\",\"name\":\"Iguatemi S\u00e3o Jos\u00e9 do Rio Preto realiza a\u00e7\u00f5es em apoio ao Outubro Rosa - Regi\u00e3o News\",\"isPartOf\":{\"@id\":\"https:\\\/\\\/regiaonews.net.br\\\/2022\\\/#website\"},\"primaryImageOfPage\":{\"@id\":\"https:\\\/\\\/regiaonews.net.br\\\/2022\\\/2023\\\/09\\\/27\\\/iguatemi-sao-jose-do-rio-preto-realiza-acoes-em-apoio-ao-outubro-rosa\\\/#primaryimage\"},\"image\":{\"@id\":\"https:\\\/\\\/regiaonews.net.br\\\/2022\\\/2023\\\/09\\\/27\\\/iguatemi-sao-jose-do-rio-preto-realiza-acoes-em-apoio-ao-outubro-rosa\\\/#primaryimage\"},\"thumbnailUrl\":\"https:\\\/\\\/regiaonews.net.br\\\/2022\\\/wp-content\\\/uploads\\\/2023\\\/09\\\/e1264cc62257c2318726083cf62fd6b5low.jpeg\",\"datePublished\":\"2023-09-27T23:49:24+00:00\",\"breadcrumb\":{\"@id\":\"https:\\\/\\\/regiaonews.net.br\\\/2022\\\/2023\\\/09\\\/27\\\/iguatemi-sao-jose-do-rio-preto-realiza-acoes-em-apoio-ao-outubro-rosa\\\/#breadcrumb\"},\"inLanguage\":\"pt-BR\",\"potentialAction\":[{\"@type\":\"ReadAction\",\"target\":[\"https:\\\/\\\/regiaonews.net.br\\\/2022\\\/2023\\\/09\\\/27\\\/iguatemi-sao-jose-do-rio-preto-realiza-acoes-em-apoio-ao-outubro-rosa\\\/\"]}]},{\"@type\":\"ImageObject\",\"inLanguage\":\"pt-BR\",\"@id\":\"https:\\\/\\\/regiaonews.net.br\\\/2022\\\/2023\\\/09\\\/27\\\/iguatemi-sao-jose-do-rio-preto-realiza-acoes-em-apoio-ao-outubro-rosa\\\/#primaryimage\",\"url\":\"https:\\\/\\\/regiaonews.net.br\\\/2022\\\/wp-content\\\/uploads\\\/2023\\\/09\\\/e1264cc62257c2318726083cf62fd6b5low.jpeg\",\"contentUrl\":\"https:\\\/\\\/regiaonews.net.br\\\/2022\\\/wp-content\\\/uploads\\\/2023\\\/09\\\/e1264cc62257c2318726083cf62fd6b5low.jpeg\",\"width\":800,\"height\":481},{\"@type\":\"BreadcrumbList\",\"@id\":\"https:\\\/\\\/regiaonews.net.br\\\/2022\\\/2023\\\/09\\\/27\\\/iguatemi-sao-jose-do-rio-preto-realiza-acoes-em-apoio-ao-outubro-rosa\\\/#breadcrumb\",\"itemListElement\":[{\"@type\":\"ListItem\",\"position\":1,\"name\":\"In\u00edcio\",\"item\":\"https:\\\/\\\/regiaonews.net.br\\\/2022\\\/\"},{\"@type\":\"ListItem\",\"position\":2,\"name\":\"Iguatemi S\u00e3o Jos\u00e9 do Rio Preto realiza a\u00e7\u00f5es em apoio ao Outubro Rosa\"}]},{\"@type\":\"WebSite\",\"@id\":\"https:\\\/\\\/regiaonews.net.br\\\/2022\\\/#website\",\"url\":\"https:\\\/\\\/regiaonews.net.br\\\/2022\\\/\",\"name\":\"Regi\u00e3o News\",\"description\":\"Site de Not\u00edcias de Barretos e regi\u00e3o\",\"publisher\":{\"@id\":\"https:\\\/\\\/regiaonews.net.br\\\/2022\\\/#organization\"},\"potentialAction\":[{\"@type\":\"SearchAction\",\"target\":{\"@type\":\"EntryPoint\",\"urlTemplate\":\"https:\\\/\\\/regiaonews.net.br\\\/2022\\\/?s={search_term_string}\"},\"query-input\":{\"@type\":\"PropertyValueSpecification\",\"valueRequired\":true,\"valueName\":\"search_term_string\"}}],\"inLanguage\":\"pt-BR\"},{\"@type\":\"Organization\",\"@id\":\"https:\\\/\\\/regiaonews.net.br\\\/2022\\\/#organization\",\"name\":\"Regi\u00e3o News\",\"url\":\"https:\\\/\\\/regiaonews.net.br\\\/2022\\\/\",\"logo\":{\"@type\":\"ImageObject\",\"inLanguage\":\"pt-BR\",\"@id\":\"https:\\\/\\\/regiaonews.net.br\\\/2022\\\/#\\\/schema\\\/logo\\\/image\\\/\",\"url\":\"https:\\\/\\\/regiaonews.net.br\\\/2022\\\/wp-content\\\/uploads\\\/2026\\\/03\\\/regiao-13-anos-scaled.jpg\",\"contentUrl\":\"https:\\\/\\\/regiaonews.net.br\\\/2022\\\/wp-content\\\/uploads\\\/2026\\\/03\\\/regiao-13-anos-scaled.jpg\",\"width\":2560,\"height\":635,\"caption\":\"Regi\u00e3o News\"},\"image\":{\"@id\":\"https:\\\/\\\/regiaonews.net.br\\\/2022\\\/#\\\/schema\\\/logo\\\/image\\\/\"}},{\"@type\":\"Person\",\"@id\":\"https:\\\/\\\/regiaonews.net.br\\\/2022\\\/#\\\/schema\\\/person\\\/2d205a608a5aa97ac279d7a5e6d89ad8\",\"name\":\"Roberto\",\"image\":{\"@type\":\"ImageObject\",\"inLanguage\":\"pt-BR\",\"@id\":\"https:\\\/\\\/secure.gravatar.com\\\/avatar\\\/42749d8b712ff9d59ca93dc150494e5b55a44134482993f5baeb97e61b7ecc89?s=96&d=mm&r=g\",\"url\":\"https:\\\/\\\/secure.gravatar.com\\\/avatar\\\/42749d8b712ff9d59ca93dc150494e5b55a44134482993f5baeb97e61b7ecc89?s=96&d=mm&r=g\",\"contentUrl\":\"https:\\\/\\\/secure.gravatar.com\\\/avatar\\\/42749d8b712ff9d59ca93dc150494e5b55a44134482993f5baeb97e61b7ecc89?s=96&d=mm&r=g\",\"caption\":\"Roberto\"},\"url\":\"https:\\\/\\\/regiaonews.net.br\\\/2022\\\/author\\\/roberto\\\/\"}]}<\/script>\n<!-- \/ Yoast SEO plugin. -->","yoast_head_json":{"title":"Iguatemi S\u00e3o Jos\u00e9 do Rio Preto realiza a\u00e7\u00f5es em apoio ao Outubro Rosa - Regi\u00e3o News","robots":{"index":"index","follow":"follow","max-snippet":"max-snippet:-1","max-image-preview":"max-image-preview:large","max-video-preview":"max-video-preview:-1"},"canonical":"https:\/\/regiaonews.net.br\/2022\/2023\/09\/27\/iguatemi-sao-jose-do-rio-preto-realiza-acoes-em-apoio-ao-outubro-rosa\/","og_locale":"pt_BR","og_type":"article","og_title":"Iguatemi S\u00e3o Jos\u00e9 do Rio Preto realiza a\u00e7\u00f5es em apoio ao Outubro Rosa - Regi\u00e3o News","og_description":"Iguatemi S\u00e3o Jos\u00e9 do Rio Preto realiza a\u00e7\u00f5es em apoio","og_url":"https:\/\/regiaonews.net.br\/2022\/2023\/09\/27\/iguatemi-sao-jose-do-rio-preto-realiza-acoes-em-apoio-ao-outubro-rosa\/","og_site_name":"Regi\u00e3o News","article_published_time":"2023-09-27T23:49:24+00:00","og_image":[{"width":800,"height":481,"url":"https:\/\/regiaonews.net.br\/2022\/wp-content\/uploads\/2023\/09\/e1264cc62257c2318726083cf62fd6b5low.jpeg","type":"image\/jpeg"}],"author":"Roberto","twitter_card":"summary_large_image","twitter_misc":{"Escrito por":"Roberto"},"schema":{"@context":"https:\/\/schema.org","@graph":[{"@type":"Article","@id":"https:\/\/regiaonews.net.br\/2022\/2023\/09\/27\/iguatemi-sao-jose-do-rio-preto-realiza-acoes-em-apoio-ao-outubro-rosa\/#article","isPartOf":{"@id":"https:\/\/regiaonews.net.br\/2022\/2023\/09\/27\/iguatemi-sao-jose-do-rio-preto-realiza-acoes-em-apoio-ao-outubro-rosa\/"},"author":{"name":"Roberto","@id":"https:\/\/regiaonews.net.br\/2022\/#\/schema\/person\/2d205a608a5aa97ac279d7a5e6d89ad8"},"headline":"Iguatemi S\u00e3o Jos\u00e9 do Rio Preto realiza a\u00e7\u00f5es em apoio ao Outubro Rosa","datePublished":"2023-09-27T23:49:24+00:00","mainEntityOfPage":{"@id":"https:\/\/regiaonews.net.br\/2022\/2023\/09\/27\/iguatemi-sao-jose-do-rio-preto-realiza-acoes-em-apoio-ao-outubro-rosa\/"},"wordCount":597,"commentCount":0,"publisher":{"@id":"https:\/\/regiaonews.net.br\/2022\/#organization"},"image":{"@id":"https:\/\/regiaonews.net.br\/2022\/2023\/09\/27\/iguatemi-sao-jose-do-rio-preto-realiza-acoes-em-apoio-ao-outubro-rosa\/#primaryimage"},"thumbnailUrl":"https:\/\/regiaonews.net.br\/2022\/wp-content\/uploads\/2023\/09\/e1264cc62257c2318726083cf62fd6b5low.jpeg","articleSection":["Cidades","S\u00e3o Jos\u00e9 do RIo Preto"],"inLanguage":"pt-BR","potentialAction":[{"@type":"CommentAction","name":"Comment","target":["https:\/\/regiaonews.net.br\/2022\/2023\/09\/27\/iguatemi-sao-jose-do-rio-preto-realiza-acoes-em-apoio-ao-outubro-rosa\/#respond"]}]},{"@type":"WebPage","@id":"https:\/\/regiaonews.net.br\/2022\/2023\/09\/27\/iguatemi-sao-jose-do-rio-preto-realiza-acoes-em-apoio-ao-outubro-rosa\/","url":"https:\/\/regiaonews.net.br\/2022\/2023\/09\/27\/iguatemi-sao-jose-do-rio-preto-realiza-acoes-em-apoio-ao-outubro-rosa\/","name":"Iguatemi S\u00e3o Jos\u00e9 do Rio Preto realiza a\u00e7\u00f5es em apoio ao Outubro Rosa - Regi\u00e3o News","isPartOf":{"@id":"https:\/\/regiaonews.net.br\/2022\/#website"},"primaryImageOfPage":{"@id":"https:\/\/regiaonews.net.br\/2022\/2023\/09\/27\/iguatemi-sao-jose-do-rio-preto-realiza-acoes-em-apoio-ao-outubro-rosa\/#primaryimage"},"image":{"@id":"https:\/\/regiaonews.net.br\/2022\/2023\/09\/27\/iguatemi-sao-jose-do-rio-preto-realiza-acoes-em-apoio-ao-outubro-rosa\/#primaryimage"},"thumbnailUrl":"https:\/\/regiaonews.net.br\/2022\/wp-content\/uploads\/2023\/09\/e1264cc62257c2318726083cf62fd6b5low.jpeg","datePublished":"2023-09-27T23:49:24+00:00","breadcrumb":{"@id":"https:\/\/regiaonews.net.br\/2022\/2023\/09\/27\/iguatemi-sao-jose-do-rio-preto-realiza-acoes-em-apoio-ao-outubro-rosa\/#breadcrumb"},"inLanguage":"pt-BR","potentialAction":[{"@type":"ReadAction","target":["https:\/\/regiaonews.net.br\/2022\/2023\/09\/27\/iguatemi-sao-jose-do-rio-preto-realiza-acoes-em-apoio-ao-outubro-rosa\/"]}]},{"@type":"ImageObject","inLanguage":"pt-BR","@id":"https:\/\/regiaonews.net.br\/2022\/2023\/09\/27\/iguatemi-sao-jose-do-rio-preto-realiza-acoes-em-apoio-ao-outubro-rosa\/#primaryimage","url":"https:\/\/regiaonews.net.br\/2022\/wp-content\/uploads\/2023\/09\/e1264cc62257c2318726083cf62fd6b5low.jpeg","contentUrl":"https:\/\/regiaonews.net.br\/2022\/wp-content\/uploads\/2023\/09\/e1264cc62257c2318726083cf62fd6b5low.jpeg","width":800,"height":481},{"@type":"BreadcrumbList","@id":"https:\/\/regiaonews.net.br\/2022\/2023\/09\/27\/iguatemi-sao-jose-do-rio-preto-realiza-acoes-em-apoio-ao-outubro-rosa\/#breadcrumb","itemListElement":[{"@type":"ListItem","position":1,"name":"In\u00edcio","item":"https:\/\/regiaonews.net.br\/2022\/"},{"@type":"ListItem","position":2,"name":"Iguatemi S\u00e3o Jos\u00e9 do Rio Preto realiza a\u00e7\u00f5es em apoio ao Outubro Rosa"}]},{"@type":"WebSite","@id":"https:\/\/regiaonews.net.br\/2022\/#website","url":"https:\/\/regiaonews.net.br\/2022\/","name":"Regi\u00e3o News","description":"Site de Not\u00edcias de Barretos e regi\u00e3o","publisher":{"@id":"https:\/\/regiaonews.net.br\/2022\/#organization"},"potentialAction":[{"@type":"SearchAction","target":{"@type":"EntryPoint","urlTemplate":"https:\/\/regiaonews.net.br\/2022\/?s={search_term_string}"},"query-input":{"@type":"PropertyValueSpecification","valueRequired":true,"valueName":"search_term_string"}}],"inLanguage":"pt-BR"},{"@type":"Organization","@id":"https:\/\/regiaonews.net.br\/2022\/#organization","name":"Regi\u00e3o News","url":"https:\/\/regiaonews.net.br\/2022\/","logo":{"@type":"ImageObject","inLanguage":"pt-BR","@id":"https:\/\/regiaonews.net.br\/2022\/#\/schema\/logo\/image\/","url":"https:\/\/regiaonews.net.br\/2022\/wp-content\/uploads\/2026\/03\/regiao-13-anos-scaled.jpg","contentUrl":"https:\/\/regiaonews.net.br\/2022\/wp-content\/uploads\/2026\/03\/regiao-13-anos-scaled.jpg","width":2560,"height":635,"caption":"Regi\u00e3o News"},"image":{"@id":"https:\/\/regiaonews.net.br\/2022\/#\/schema\/logo\/image\/"}},{"@type":"Person","@id":"https:\/\/regiaonews.net.br\/2022\/#\/schema\/person\/2d205a608a5aa97ac279d7a5e6d89ad8","name":"Roberto","image":{"@type":"ImageObject","inLanguage":"pt-BR","@id":"https:\/\/secure.gravatar.com\/avatar\/42749d8b712ff9d59ca93dc150494e5b55a44134482993f5baeb97e61b7ecc89?s=96&d=mm&r=g","url":"https:\/\/secure.gravatar.com\/avatar\/42749d8b712ff9d59ca93dc150494e5b55a44134482993f5baeb97e61b7ecc89?s=96&d=mm&r=g","contentUrl":"https:\/\/secure.gravatar.com\/avatar\/42749d8b712ff9d59ca93dc150494e5b55a44134482993f5baeb97e61b7ecc89?s=96&d=mm&r=g","caption":"Roberto"},"url":"https:\/\/regiaonews.net.br\/2022\/author\/roberto\/"}]}},"publishpress_future_action":{"enabled":false,"date":"2026-05-05 10:52:57","action":"change-status","newStatus":"draft","terms":[],"taxonomy":"category","extraData":[]},"publishpress_future_workflow_manual_trigger":{"enabledWorkflows":[]},"_links":{"self":[{"href":"https:\/\/regiaonews.net.br\/2022\/wp-json\/wp\/v2\/posts\/95789","targetHints":{"allow":["GET"]}}],"collection":[{"href":"https:\/\/regiaonews.net.br\/2022\/wp-json\/wp\/v2\/posts"}],"about":[{"href":"https:\/\/regiaonews.net.br\/2022\/wp-json\/wp\/v2\/types\/post"}],"author":[{"embeddable":true,"href":"https:\/\/regiaonews.net.br\/2022\/wp-json\/wp\/v2\/users\/2"}],"replies":[{"embeddable":true,"href":"https:\/\/regiaonews.net.br\/2022\/wp-json\/wp\/v2\/comments?post=95789"}],"version-history":[{"count":1,"href":"https:\/\/regiaonews.net.br\/2022\/wp-json\/wp\/v2\/posts\/95789\/revisions"}],"predecessor-version":[{"id":95791,"href":"https:\/\/regiaonews.net.br\/2022\/wp-json\/wp\/v2\/posts\/95789\/revisions\/95791"}],"wp:featuredmedia":[{"embeddable":true,"href":"https:\/\/regiaonews.net.br\/2022\/wp-json\/wp\/v2\/media\/95790"}],"wp:attachment":[{"href":"https:\/\/regiaonews.net.br\/2022\/wp-json\/wp\/v2\/media?parent=95789"}],"wp:term":[{"taxonomy":"category","embeddable":true,"href":"https:\/\/regiaonews.net.br\/2022\/wp-json\/wp\/v2\/categories?post=95789"},{"taxonomy":"post_tag","embeddable":true,"href":"https:\/\/regiaonews.net.br\/2022\/wp-json\/wp\/v2\/tags?post=95789"}],"curies":[{"name":"wp","href":"https:\/\/api.w.org\/{rel}","templated":true}]}}