{"id":95770,"date":"2023-09-27T18:21:21","date_gmt":"2023-09-27T21:21:21","guid":{"rendered":"https:\/\/regiaonews.net.br\/2022\/?p=95770"},"modified":"2023-09-27T18:21:21","modified_gmt":"2023-09-27T21:21:21","slug":"viva-festival-anuncia-shows-de-peso-em-olimpia","status":"publish","type":"post","link":"https:\/\/regiaonews.net.br\/2022\/2023\/09\/27\/viva-festival-anuncia-shows-de-peso-em-olimpia\/","title":{"rendered":"VIVA+ Festival anuncia shows de peso em Ol\u00edmpia"},"content":{"rendered":"<p><em>Evento de 10 a 15 se novembro realizado pela VIVA+ Entretenimento traz na grade Ana Castela, Gustavo Mioto, Jota Quest, Pericles e Luan Santana<\/em><\/p>\n<p>&nbsp;<\/p>\n<div>A VIVA+ Entretenimento em parceria com a prefeitura de Ol\u00edmpia e a TV TEM levam at\u00e9 a cidade, dos dias 10 a 15 de novembro, um megafestival que ser\u00e1 palco de grandes nomes da m\u00fasica nacional e diversos estilos, com shows de Gustavo Mioto, Ana Castela, Jota Quest, P\u00e9ricles e Luan Santana. As apresenta\u00e7\u00f5es ser\u00e3o no Recinto do Folclore, que fica na Avenida Menina Mo\u00e7a, n\u00famero 800. Os ingressos come\u00e7am a ser vendidos j\u00e1 nesta quarta-feira, 27 de setembro, pelo site\u00a0<a href=\"http:\/\/www.guicheweb.com.br\/Olimpia\" target=\"_blank\" rel=\"noopener noreferrer\" data-auth=\"NotApplicable\" data-linkindex=\"0\">www.GuicheWeb.com.br\/Olimpia<\/a>, os pre\u00e7os variam a cada dia, com op\u00e7\u00f5es de Pista, \u00c1rea Vip e Camarote.<\/div>\n<div><\/div>\n<div>Para os dias 11, 12 e 13, o evento contar\u00e1 com entrada solid\u00e1ria para o setor pista, sendo necess\u00e1ria a troca de um alimento n\u00e3o perec\u00edvel ou o valor simb\u00f3lico de R$10 (que tamb\u00e9m ser\u00e1 revertido em alimento). A troca antecipada pode ser feita na Secretaria de Cultura de Ol\u00edmpia. Vale lembrar que os ingressos s\u00e3o limitados.<\/div>\n<div><\/div>\n<div>Um dos diferenciais do VIVA+ Festival \u00e9 que o evento contar\u00e1 com estrutura completa, \u00e1rea gastron\u00f4mica, parque de divers\u00f5es, mini fazendinha e o Tem + Pet, uma programa\u00e7\u00e3o especial para tutores, nos dias 11, 12 e 15 de novembro, levarem os bichinhos de estima\u00e7\u00e3o e passearem no local, garantindo a divers\u00e3o da fam\u00edlia toda. Conhecida por ser a capital do folclore, a festa em Ol\u00edmpia n\u00e3o podia deixar de prestigiar a cultura local, nos dias 11, 12 e 15 o p\u00fablico poder\u00e1 acompanhar algumas apresenta\u00e7\u00f5es folcl\u00f3ricas, no palco do evento. Por falar no palco, o do festival ser\u00e1 interativo e com tecnologia 3D, um atrativo a mais para o p\u00fablico.<\/div>\n<div><\/div>\n<div>\u201cChegamos em Ol\u00edmpia n\u00e3o s\u00f3 para fazer mais um evento, mas para entregar o melhor j\u00e1 visto na cidade. O Viva Mais Festival ser\u00e1 extremamente tecnol\u00f3gico, com muitas novidades, op\u00e7\u00f5es gastron\u00f4micas e divers\u00e3o. Al\u00e9m da grade de shows incr\u00edvel, montada para agradar a todos os gostos musicais, teremos op\u00e7\u00f5es de entretenimento para crian\u00e7as, adolescentes, jovens e adultos\u201d, disse\u00a0o CEO da VIVA + Entretenimento, Guilherme Moron.<\/div>\n<div><\/div>\n<div>\u201cO Viva+ Festival \u00e9 uma parceria da Prefeitura com a TV TEM e o Grupo VIVA+ Entretenimento, em que a gente soma esfor\u00e7os para apresentar para Ol\u00edmpia e para nossos visitantes mais um atrativo, com shows de diversos estilos de grandes artistas de nosso pa\u00eds. Ser\u00e3o cinco dias de festa e, em tr\u00eas deles, n\u00f3s firmamos o compromisso de oferecer entrada solid\u00e1ria para o p\u00fablico, com troca de alimento. Agrade\u00e7o \u00e0 diretoria da TV Tem e ao Grupo VIVA+ por ter reconhecido em Ol\u00edmpia a sua pujan\u00e7a e sua for\u00e7a, principalmente, pelo turismo, e trazendo este festival como um presente e com a parceria da Prefeitura, n\u00f3s estaremos juntos oferecendo o melhor para nossa cidade e visitantes\u201d, declarou o prefeito Fernando Cunha.<\/div>\n<div><\/div>\n<div><strong>Programa\u00e7\u00e3o completa<\/strong><\/div>\n<div><strong>10 de novembro, abertura do recinto \u00e0s 19h.<\/strong><\/div>\n<div>Show com Ana Castela, \u00e0s 22:00<\/div>\n<div>Ingressos \u00e0 venda:<\/div>\n<div>PISTA, \u00c1REA VIP E CAMAROTE<\/div>\n<div><\/div>\n<div><strong>11 de novembro, abertura do recinto \u00e0s 13h.<\/strong><\/div>\n<div>Apresenta\u00e7\u00f5es folcl\u00f3ricas, 17h<\/div>\n<div>TEM+ PET<\/div>\n<div>Show com Gustavo Mioto, \u00e0s 22h<\/div>\n<div>Ingressos \u00e0 venda:<\/div>\n<div>\u00c1REA VIP E CAMAROTE<\/div>\n<div>PISTA SOLID\u00c1RIA (alimento n\u00e3o perec\u00edvel ou 10 reais)<\/div>\n<div><\/div>\n<div><strong>12 de novembro, abertura do recinto \u00e0s 13h<\/strong><\/div>\n<div>Apresenta\u00e7\u00f5es folcl\u00f3ricas, 17h<\/div>\n<div>TEM+ PET<\/div>\n<div>Show com Jota Quest, \u00e0s 22h<\/div>\n<div>Ingressos \u00e0 venda:<\/div>\n<div>\u00c1REA VIP E CAMAROTE<\/div>\n<div>PISTA SOLID\u00c1RIA (alimento n\u00e3o perec\u00edvel ou 10 reais)<\/div>\n<div><\/div>\n<div><strong>13 de novembro, abertura do recinto, \u00e0s 13h<\/strong><\/div>\n<div>Show com P\u00e9ricles, \u00e0s 22h<\/div>\n<div>Ingressos \u00e0 venda:<\/div>\n<div>\u00c1REA VIP E CAMAROTE<\/div>\n<div>PISTA SOLID\u00c1RIA (alimento n\u00e3o perec\u00edvel ou 10 reais)<\/div>\n<div><\/div>\n<div><strong>14 de novembro, abertura do recinto \u00e0s 19h<\/strong><\/div>\n<div>Show com Luan Santana, \u00e0s 22h<\/div>\n<div>Ingressos \u00e0 venda:<\/div>\n<div>PISTA, \u00c1REA VIP E CAMAROTE<\/div>\n<div><\/div>\n<div><strong>15 de novembro, abertura do recinto \u00e0s 13h<\/strong><\/div>\n<div>TEM+ PET<\/div>\n<div>Apresenta\u00e7\u00f5es folcl\u00f3ricas, 17h<\/div>\n<div><\/div>\n","protected":false},"excerpt":{"rendered":"<p>Evento de 10 a 15 se novembro realizado pela VIVA+<\/p>\n","protected":false},"author":2,"featured_media":95771,"comment_status":"open","ping_status":"open","sticky":false,"template":"","format":"standard","meta":{"footnotes":""},"categories":[25,178],"tags":[],"class_list":["post-95770","post","type-post","status-publish","format-standard","has-post-thumbnail","hentry","category-cidades","category-olimpia-2"],"yoast_head":"<!-- This site is optimized with the Yoast SEO plugin v27.5 - https:\/\/yoast.com\/product\/yoast-seo-wordpress\/ -->\n<title>VIVA+ Festival anuncia shows de peso em Ol\u00edmpia<\/title>\n<meta name=\"description\" content=\"A VIVA+ Entretenimento em parceria com a prefeitura de Ol\u00edmpia e a TV TEM levam at\u00e9 a cidade, dos dias 10 a 15 de novembro\" \/>\n<meta name=\"robots\" content=\"index, follow, max-snippet:-1, max-image-preview:large, max-video-preview:-1\" \/>\n<link rel=\"canonical\" href=\"https:\/\/regiaonews.net.br\/2022\/2023\/09\/27\/viva-festival-anuncia-shows-de-peso-em-olimpia\/\" \/>\n<meta property=\"og:locale\" content=\"pt_BR\" \/>\n<meta property=\"og:type\" content=\"article\" \/>\n<meta property=\"og:title\" content=\"VIVA+ Festival anuncia shows de peso em Ol\u00edmpia\" \/>\n<meta property=\"og:description\" content=\"A VIVA+ Entretenimento em parceria com a prefeitura de Ol\u00edmpia e a TV TEM levam at\u00e9 a cidade, dos dias 10 a 15 de novembro\" \/>\n<meta property=\"og:url\" content=\"https:\/\/regiaonews.net.br\/2022\/2023\/09\/27\/viva-festival-anuncia-shows-de-peso-em-olimpia\/\" \/>\n<meta property=\"og:site_name\" content=\"Regi\u00e3o News\" \/>\n<meta property=\"article:published_time\" content=\"2023-09-27T21:21:21+00:00\" \/>\n<meta property=\"og:image\" content=\"https:\/\/regiaonews.net.br\/2022\/wp-content\/uploads\/2023\/09\/ANA-CASTELA.jpg\" \/>\n\t<meta property=\"og:image:width\" content=\"1440\" \/>\n\t<meta property=\"og:image:height\" content=\"959\" \/>\n\t<meta property=\"og:image:type\" content=\"image\/jpeg\" \/>\n<meta name=\"author\" content=\"Roberto\" \/>\n<meta name=\"twitter:card\" content=\"summary_large_image\" \/>\n<meta name=\"twitter:label1\" content=\"Escrito por\" \/>\n\t<meta name=\"twitter:data1\" content=\"Roberto\" \/>\n\t<meta name=\"twitter:label2\" content=\"Est. tempo de leitura\" \/>\n\t<meta name=\"twitter:data2\" content=\"4 minutos\" \/>\n<script type=\"application\/ld+json\" class=\"yoast-schema-graph\">{\"@context\":\"https:\\\/\\\/schema.org\",\"@graph\":[{\"@type\":\"Article\",\"@id\":\"https:\\\/\\\/regiaonews.net.br\\\/2022\\\/2023\\\/09\\\/27\\\/viva-festival-anuncia-shows-de-peso-em-olimpia\\\/#article\",\"isPartOf\":{\"@id\":\"https:\\\/\\\/regiaonews.net.br\\\/2022\\\/2023\\\/09\\\/27\\\/viva-festival-anuncia-shows-de-peso-em-olimpia\\\/\"},\"author\":{\"name\":\"Roberto\",\"@id\":\"https:\\\/\\\/regiaonews.net.br\\\/2022\\\/#\\\/schema\\\/person\\\/2d205a608a5aa97ac279d7a5e6d89ad8\"},\"headline\":\"VIVA+ Festival anuncia shows de peso em Ol\u00edmpia\",\"datePublished\":\"2023-09-27T21:21:21+00:00\",\"mainEntityOfPage\":{\"@id\":\"https:\\\/\\\/regiaonews.net.br\\\/2022\\\/2023\\\/09\\\/27\\\/viva-festival-anuncia-shows-de-peso-em-olimpia\\\/\"},\"wordCount\":679,\"commentCount\":0,\"publisher\":{\"@id\":\"https:\\\/\\\/regiaonews.net.br\\\/2022\\\/#organization\"},\"image\":{\"@id\":\"https:\\\/\\\/regiaonews.net.br\\\/2022\\\/2023\\\/09\\\/27\\\/viva-festival-anuncia-shows-de-peso-em-olimpia\\\/#primaryimage\"},\"thumbnailUrl\":\"https:\\\/\\\/regiaonews.net.br\\\/2022\\\/wp-content\\\/uploads\\\/2023\\\/09\\\/ANA-CASTELA.jpg\",\"articleSection\":[\"Cidades\",\"Ol\u00edmpia\"],\"inLanguage\":\"pt-BR\",\"potentialAction\":[{\"@type\":\"CommentAction\",\"name\":\"Comment\",\"target\":[\"https:\\\/\\\/regiaonews.net.br\\\/2022\\\/2023\\\/09\\\/27\\\/viva-festival-anuncia-shows-de-peso-em-olimpia\\\/#respond\"]}]},{\"@type\":\"WebPage\",\"@id\":\"https:\\\/\\\/regiaonews.net.br\\\/2022\\\/2023\\\/09\\\/27\\\/viva-festival-anuncia-shows-de-peso-em-olimpia\\\/\",\"url\":\"https:\\\/\\\/regiaonews.net.br\\\/2022\\\/2023\\\/09\\\/27\\\/viva-festival-anuncia-shows-de-peso-em-olimpia\\\/\",\"name\":\"VIVA+ Festival anuncia shows de peso em Ol\u00edmpia\",\"isPartOf\":{\"@id\":\"https:\\\/\\\/regiaonews.net.br\\\/2022\\\/#website\"},\"primaryImageOfPage\":{\"@id\":\"https:\\\/\\\/regiaonews.net.br\\\/2022\\\/2023\\\/09\\\/27\\\/viva-festival-anuncia-shows-de-peso-em-olimpia\\\/#primaryimage\"},\"image\":{\"@id\":\"https:\\\/\\\/regiaonews.net.br\\\/2022\\\/2023\\\/09\\\/27\\\/viva-festival-anuncia-shows-de-peso-em-olimpia\\\/#primaryimage\"},\"thumbnailUrl\":\"https:\\\/\\\/regiaonews.net.br\\\/2022\\\/wp-content\\\/uploads\\\/2023\\\/09\\\/ANA-CASTELA.jpg\",\"datePublished\":\"2023-09-27T21:21:21+00:00\",\"description\":\"A VIVA+ Entretenimento em parceria com a prefeitura de Ol\u00edmpia e a TV TEM levam at\u00e9 a cidade, dos dias 10 a 15 de novembro\",\"breadcrumb\":{\"@id\":\"https:\\\/\\\/regiaonews.net.br\\\/2022\\\/2023\\\/09\\\/27\\\/viva-festival-anuncia-shows-de-peso-em-olimpia\\\/#breadcrumb\"},\"inLanguage\":\"pt-BR\",\"potentialAction\":[{\"@type\":\"ReadAction\",\"target\":[\"https:\\\/\\\/regiaonews.net.br\\\/2022\\\/2023\\\/09\\\/27\\\/viva-festival-anuncia-shows-de-peso-em-olimpia\\\/\"]}]},{\"@type\":\"ImageObject\",\"inLanguage\":\"pt-BR\",\"@id\":\"https:\\\/\\\/regiaonews.net.br\\\/2022\\\/2023\\\/09\\\/27\\\/viva-festival-anuncia-shows-de-peso-em-olimpia\\\/#primaryimage\",\"url\":\"https:\\\/\\\/regiaonews.net.br\\\/2022\\\/wp-content\\\/uploads\\\/2023\\\/09\\\/ANA-CASTELA.jpg\",\"contentUrl\":\"https:\\\/\\\/regiaonews.net.br\\\/2022\\\/wp-content\\\/uploads\\\/2023\\\/09\\\/ANA-CASTELA.jpg\",\"width\":1440,\"height\":959},{\"@type\":\"BreadcrumbList\",\"@id\":\"https:\\\/\\\/regiaonews.net.br\\\/2022\\\/2023\\\/09\\\/27\\\/viva-festival-anuncia-shows-de-peso-em-olimpia\\\/#breadcrumb\",\"itemListElement\":[{\"@type\":\"ListItem\",\"position\":1,\"name\":\"In\u00edcio\",\"item\":\"https:\\\/\\\/regiaonews.net.br\\\/2022\\\/\"},{\"@type\":\"ListItem\",\"position\":2,\"name\":\"VIVA+ Festival anuncia shows de peso em Ol\u00edmpia\"}]},{\"@type\":\"WebSite\",\"@id\":\"https:\\\/\\\/regiaonews.net.br\\\/2022\\\/#website\",\"url\":\"https:\\\/\\\/regiaonews.net.br\\\/2022\\\/\",\"name\":\"Regi\u00e3o News\",\"description\":\"Site de Not\u00edcias de Barretos e regi\u00e3o\",\"publisher\":{\"@id\":\"https:\\\/\\\/regiaonews.net.br\\\/2022\\\/#organization\"},\"potentialAction\":[{\"@type\":\"SearchAction\",\"target\":{\"@type\":\"EntryPoint\",\"urlTemplate\":\"https:\\\/\\\/regiaonews.net.br\\\/2022\\\/?s={search_term_string}\"},\"query-input\":{\"@type\":\"PropertyValueSpecification\",\"valueRequired\":true,\"valueName\":\"search_term_string\"}}],\"inLanguage\":\"pt-BR\"},{\"@type\":\"Organization\",\"@id\":\"https:\\\/\\\/regiaonews.net.br\\\/2022\\\/#organization\",\"name\":\"Regi\u00e3o News\",\"url\":\"https:\\\/\\\/regiaonews.net.br\\\/2022\\\/\",\"logo\":{\"@type\":\"ImageObject\",\"inLanguage\":\"pt-BR\",\"@id\":\"https:\\\/\\\/regiaonews.net.br\\\/2022\\\/#\\\/schema\\\/logo\\\/image\\\/\",\"url\":\"https:\\\/\\\/regiaonews.net.br\\\/2022\\\/wp-content\\\/uploads\\\/2026\\\/03\\\/regiao-13-anos-scaled.jpg\",\"contentUrl\":\"https:\\\/\\\/regiaonews.net.br\\\/2022\\\/wp-content\\\/uploads\\\/2026\\\/03\\\/regiao-13-anos-scaled.jpg\",\"width\":2560,\"height\":635,\"caption\":\"Regi\u00e3o News\"},\"image\":{\"@id\":\"https:\\\/\\\/regiaonews.net.br\\\/2022\\\/#\\\/schema\\\/logo\\\/image\\\/\"}},{\"@type\":\"Person\",\"@id\":\"https:\\\/\\\/regiaonews.net.br\\\/2022\\\/#\\\/schema\\\/person\\\/2d205a608a5aa97ac279d7a5e6d89ad8\",\"name\":\"Roberto\",\"image\":{\"@type\":\"ImageObject\",\"inLanguage\":\"pt-BR\",\"@id\":\"https:\\\/\\\/secure.gravatar.com\\\/avatar\\\/42749d8b712ff9d59ca93dc150494e5b55a44134482993f5baeb97e61b7ecc89?s=96&d=mm&r=g\",\"url\":\"https:\\\/\\\/secure.gravatar.com\\\/avatar\\\/42749d8b712ff9d59ca93dc150494e5b55a44134482993f5baeb97e61b7ecc89?s=96&d=mm&r=g\",\"contentUrl\":\"https:\\\/\\\/secure.gravatar.com\\\/avatar\\\/42749d8b712ff9d59ca93dc150494e5b55a44134482993f5baeb97e61b7ecc89?s=96&d=mm&r=g\",\"caption\":\"Roberto\"},\"url\":\"https:\\\/\\\/regiaonews.net.br\\\/2022\\\/author\\\/roberto\\\/\"}]}<\/script>\n<!-- \/ Yoast SEO plugin. -->","yoast_head_json":{"title":"VIVA+ Festival anuncia shows de peso em Ol\u00edmpia","description":"A VIVA+ Entretenimento em parceria com a prefeitura de Ol\u00edmpia e a TV TEM levam at\u00e9 a cidade, dos dias 10 a 15 de novembro","robots":{"index":"index","follow":"follow","max-snippet":"max-snippet:-1","max-image-preview":"max-image-preview:large","max-video-preview":"max-video-preview:-1"},"canonical":"https:\/\/regiaonews.net.br\/2022\/2023\/09\/27\/viva-festival-anuncia-shows-de-peso-em-olimpia\/","og_locale":"pt_BR","og_type":"article","og_title":"VIVA+ Festival anuncia shows de peso em Ol\u00edmpia","og_description":"A VIVA+ Entretenimento em parceria com a prefeitura de Ol\u00edmpia e a TV TEM levam at\u00e9 a cidade, dos dias 10 a 15 de novembro","og_url":"https:\/\/regiaonews.net.br\/2022\/2023\/09\/27\/viva-festival-anuncia-shows-de-peso-em-olimpia\/","og_site_name":"Regi\u00e3o News","article_published_time":"2023-09-27T21:21:21+00:00","og_image":[{"width":1440,"height":959,"url":"https:\/\/regiaonews.net.br\/2022\/wp-content\/uploads\/2023\/09\/ANA-CASTELA.jpg","type":"image\/jpeg"}],"author":"Roberto","twitter_card":"summary_large_image","twitter_misc":{"Escrito por":"Roberto","Est. tempo de leitura":"4 minutos"},"schema":{"@context":"https:\/\/schema.org","@graph":[{"@type":"Article","@id":"https:\/\/regiaonews.net.br\/2022\/2023\/09\/27\/viva-festival-anuncia-shows-de-peso-em-olimpia\/#article","isPartOf":{"@id":"https:\/\/regiaonews.net.br\/2022\/2023\/09\/27\/viva-festival-anuncia-shows-de-peso-em-olimpia\/"},"author":{"name":"Roberto","@id":"https:\/\/regiaonews.net.br\/2022\/#\/schema\/person\/2d205a608a5aa97ac279d7a5e6d89ad8"},"headline":"VIVA+ Festival anuncia shows de peso em Ol\u00edmpia","datePublished":"2023-09-27T21:21:21+00:00","mainEntityOfPage":{"@id":"https:\/\/regiaonews.net.br\/2022\/2023\/09\/27\/viva-festival-anuncia-shows-de-peso-em-olimpia\/"},"wordCount":679,"commentCount":0,"publisher":{"@id":"https:\/\/regiaonews.net.br\/2022\/#organization"},"image":{"@id":"https:\/\/regiaonews.net.br\/2022\/2023\/09\/27\/viva-festival-anuncia-shows-de-peso-em-olimpia\/#primaryimage"},"thumbnailUrl":"https:\/\/regiaonews.net.br\/2022\/wp-content\/uploads\/2023\/09\/ANA-CASTELA.jpg","articleSection":["Cidades","Ol\u00edmpia"],"inLanguage":"pt-BR","potentialAction":[{"@type":"CommentAction","name":"Comment","target":["https:\/\/regiaonews.net.br\/2022\/2023\/09\/27\/viva-festival-anuncia-shows-de-peso-em-olimpia\/#respond"]}]},{"@type":"WebPage","@id":"https:\/\/regiaonews.net.br\/2022\/2023\/09\/27\/viva-festival-anuncia-shows-de-peso-em-olimpia\/","url":"https:\/\/regiaonews.net.br\/2022\/2023\/09\/27\/viva-festival-anuncia-shows-de-peso-em-olimpia\/","name":"VIVA+ Festival anuncia shows de peso em Ol\u00edmpia","isPartOf":{"@id":"https:\/\/regiaonews.net.br\/2022\/#website"},"primaryImageOfPage":{"@id":"https:\/\/regiaonews.net.br\/2022\/2023\/09\/27\/viva-festival-anuncia-shows-de-peso-em-olimpia\/#primaryimage"},"image":{"@id":"https:\/\/regiaonews.net.br\/2022\/2023\/09\/27\/viva-festival-anuncia-shows-de-peso-em-olimpia\/#primaryimage"},"thumbnailUrl":"https:\/\/regiaonews.net.br\/2022\/wp-content\/uploads\/2023\/09\/ANA-CASTELA.jpg","datePublished":"2023-09-27T21:21:21+00:00","description":"A VIVA+ Entretenimento em parceria com a prefeitura de Ol\u00edmpia e a TV TEM levam at\u00e9 a cidade, dos dias 10 a 15 de novembro","breadcrumb":{"@id":"https:\/\/regiaonews.net.br\/2022\/2023\/09\/27\/viva-festival-anuncia-shows-de-peso-em-olimpia\/#breadcrumb"},"inLanguage":"pt-BR","potentialAction":[{"@type":"ReadAction","target":["https:\/\/regiaonews.net.br\/2022\/2023\/09\/27\/viva-festival-anuncia-shows-de-peso-em-olimpia\/"]}]},{"@type":"ImageObject","inLanguage":"pt-BR","@id":"https:\/\/regiaonews.net.br\/2022\/2023\/09\/27\/viva-festival-anuncia-shows-de-peso-em-olimpia\/#primaryimage","url":"https:\/\/regiaonews.net.br\/2022\/wp-content\/uploads\/2023\/09\/ANA-CASTELA.jpg","contentUrl":"https:\/\/regiaonews.net.br\/2022\/wp-content\/uploads\/2023\/09\/ANA-CASTELA.jpg","width":1440,"height":959},{"@type":"BreadcrumbList","@id":"https:\/\/regiaonews.net.br\/2022\/2023\/09\/27\/viva-festival-anuncia-shows-de-peso-em-olimpia\/#breadcrumb","itemListElement":[{"@type":"ListItem","position":1,"name":"In\u00edcio","item":"https:\/\/regiaonews.net.br\/2022\/"},{"@type":"ListItem","position":2,"name":"VIVA+ Festival anuncia shows de peso em Ol\u00edmpia"}]},{"@type":"WebSite","@id":"https:\/\/regiaonews.net.br\/2022\/#website","url":"https:\/\/regiaonews.net.br\/2022\/","name":"Regi\u00e3o News","description":"Site de Not\u00edcias de Barretos e regi\u00e3o","publisher":{"@id":"https:\/\/regiaonews.net.br\/2022\/#organization"},"potentialAction":[{"@type":"SearchAction","target":{"@type":"EntryPoint","urlTemplate":"https:\/\/regiaonews.net.br\/2022\/?s={search_term_string}"},"query-input":{"@type":"PropertyValueSpecification","valueRequired":true,"valueName":"search_term_string"}}],"inLanguage":"pt-BR"},{"@type":"Organization","@id":"https:\/\/regiaonews.net.br\/2022\/#organization","name":"Regi\u00e3o News","url":"https:\/\/regiaonews.net.br\/2022\/","logo":{"@type":"ImageObject","inLanguage":"pt-BR","@id":"https:\/\/regiaonews.net.br\/2022\/#\/schema\/logo\/image\/","url":"https:\/\/regiaonews.net.br\/2022\/wp-content\/uploads\/2026\/03\/regiao-13-anos-scaled.jpg","contentUrl":"https:\/\/regiaonews.net.br\/2022\/wp-content\/uploads\/2026\/03\/regiao-13-anos-scaled.jpg","width":2560,"height":635,"caption":"Regi\u00e3o News"},"image":{"@id":"https:\/\/regiaonews.net.br\/2022\/#\/schema\/logo\/image\/"}},{"@type":"Person","@id":"https:\/\/regiaonews.net.br\/2022\/#\/schema\/person\/2d205a608a5aa97ac279d7a5e6d89ad8","name":"Roberto","image":{"@type":"ImageObject","inLanguage":"pt-BR","@id":"https:\/\/secure.gravatar.com\/avatar\/42749d8b712ff9d59ca93dc150494e5b55a44134482993f5baeb97e61b7ecc89?s=96&d=mm&r=g","url":"https:\/\/secure.gravatar.com\/avatar\/42749d8b712ff9d59ca93dc150494e5b55a44134482993f5baeb97e61b7ecc89?s=96&d=mm&r=g","contentUrl":"https:\/\/secure.gravatar.com\/avatar\/42749d8b712ff9d59ca93dc150494e5b55a44134482993f5baeb97e61b7ecc89?s=96&d=mm&r=g","caption":"Roberto"},"url":"https:\/\/regiaonews.net.br\/2022\/author\/roberto\/"}]}},"publishpress_future_action":{"enabled":false,"date":"2026-05-05 18:11:21","action":"change-status","newStatus":"draft","terms":[],"taxonomy":"category","extraData":[]},"publishpress_future_workflow_manual_trigger":{"enabledWorkflows":[]},"_links":{"self":[{"href":"https:\/\/regiaonews.net.br\/2022\/wp-json\/wp\/v2\/posts\/95770","targetHints":{"allow":["GET"]}}],"collection":[{"href":"https:\/\/regiaonews.net.br\/2022\/wp-json\/wp\/v2\/posts"}],"about":[{"href":"https:\/\/regiaonews.net.br\/2022\/wp-json\/wp\/v2\/types\/post"}],"author":[{"embeddable":true,"href":"https:\/\/regiaonews.net.br\/2022\/wp-json\/wp\/v2\/users\/2"}],"replies":[{"embeddable":true,"href":"https:\/\/regiaonews.net.br\/2022\/wp-json\/wp\/v2\/comments?post=95770"}],"version-history":[{"count":1,"href":"https:\/\/regiaonews.net.br\/2022\/wp-json\/wp\/v2\/posts\/95770\/revisions"}],"predecessor-version":[{"id":95772,"href":"https:\/\/regiaonews.net.br\/2022\/wp-json\/wp\/v2\/posts\/95770\/revisions\/95772"}],"wp:featuredmedia":[{"embeddable":true,"href":"https:\/\/regiaonews.net.br\/2022\/wp-json\/wp\/v2\/media\/95771"}],"wp:attachment":[{"href":"https:\/\/regiaonews.net.br\/2022\/wp-json\/wp\/v2\/media?parent=95770"}],"wp:term":[{"taxonomy":"category","embeddable":true,"href":"https:\/\/regiaonews.net.br\/2022\/wp-json\/wp\/v2\/categories?post=95770"},{"taxonomy":"post_tag","embeddable":true,"href":"https:\/\/regiaonews.net.br\/2022\/wp-json\/wp\/v2\/tags?post=95770"}],"curies":[{"name":"wp","href":"https:\/\/api.w.org\/{rel}","templated":true}]}}