{"id":95767,"date":"2023-09-27T17:35:13","date_gmt":"2023-09-27T20:35:13","guid":{"rendered":"https:\/\/regiaonews.net.br\/2022\/?p=95767"},"modified":"2023-09-27T20:24:38","modified_gmt":"2023-09-27T23:24:38","slug":"vanderlei-luxemburgo-nao-e-mais-treinador-do-corinthians","status":"publish","type":"post","link":"https:\/\/regiaonews.net.br\/2022\/2023\/09\/27\/vanderlei-luxemburgo-nao-e-mais-treinador-do-corinthians\/","title":{"rendered":"Vanderlei Luxemburgo n\u00e3o \u00e9 mais treinador do Corinthians"},"content":{"rendered":"<div class=\"texto_noticia \">\n<p><strong>Vanderlei Luxemburgo n\u00e3o \u00e9 mais treinador do\u00a0<a class=\"hotword\" href=\"https:\/\/www.meutimao.com.br\/\" target=\"_blank\" rel=\"noopener\">Corinthians.<\/a><\/strong>\u00a0Nesta quarta-feira, ap\u00f3s o empate com o Fortaleza em 1 a 1, na\u00a0<a class=\"hotword\" href=\"https:\/\/www.meutimao.com.br\/estadio-do-corinthians\/\" target=\"_blank\" rel=\"noopener\">Neo Qu\u00edmica Arena,<\/a>\u00a0o comandante n\u00e3o aguentou a press\u00e3o, interna e externa, sofrida no clube alvinegro.\u00a0<a href=\"https:\/\/www.meutimao.com.br\/noticias-do-corinthians\/461472\/corinthians-trabalha-nos-bastidores-para-ter-tite-em-2024-flamengo-tenta-agilizar-negocio\"><strong>O clube conversa para tentar acertar com o t\u00e9cnico Tite.<\/strong><\/a><\/p>\n<p>O experiente profissional deixa o Tim\u00e3o ap\u00f3s semanas de muita turbul\u00eancia. Al\u00e9m dos resultados ruins, o elenco corinthiano n\u00e3o apresentava bom futebol. As coletivas de imprensa depois das partidas tamb\u00e9m n\u00e3o agradavam a Fiel, j\u00e1 que as falas de Luxemburgo pareciam desconexas com a apresenta\u00e7\u00e3o em campo.<\/p>\n<p>Esses diversos fatores que causaram revolta dos torcedores, tamb\u00e9m acabaram chegando dentro do clube. Antes do an\u00fancio oficial da sa\u00edda de Luxemburgo, o t\u00e9cnico recebia in\u00fameras contesta\u00e7\u00f5es no\u00a0<a class=\"hotword\" href=\"https:\/\/www.meutimao.com.br\/ct-joaquim-grava\" target=\"_blank\" rel=\"noopener\">CT Joaquim Grava.<\/a><\/p>\n<p>Outro ponto que mudou a rota do treinador dentro do Corinthians, foi a discuss\u00e3o com Bruno Mazziotti, fisioterapeuta da equipe.\u00a0<strong>A rela\u00e7\u00e3o conturbada entre os dois, inclusive, refletiu entre os jogadores.<\/strong><\/p>\n<p>Sendo assim, todos estes fatores somados colocaram um ponto final na trajet\u00f3ria de Luxemburgo no clube do\u00a0<a class=\"hotword\" href=\"https:\/\/www.meutimao.com.br\/parque-sao-jorge\" target=\"_blank\" rel=\"noopener\">Parque S\u00e3o Jorge.<\/a>\u00a0Com isso, o t\u00e9cnico encerra sua terceira passagem pelo Tim\u00e3o com 38 jogos, sendo o retrospecto de 14 vit\u00f3rias, 12 empates e 12 derrotas.<\/p>\n<p>Agora, a diretoria alvinegra ter\u00e1 que buscar um novo treinador para a sequ\u00eancia da temporada. O calend\u00e1rio do Corinthians conta com a semifinal da Sul-Americana e o\u00a0<a class=\"hotword\" href=\"https:\/\/www.meutimao.com.br\/tabela-de-classificacao\/campeonato_brasileiro\/\" target=\"_blank\" rel=\"noopener\">Campeonato Brasileiro,<\/a>\u00a0onde, recentemente, se afastou do Z4.<\/p>\n<\/div>\n","protected":false},"excerpt":{"rendered":"<p>Vanderlei Luxemburgo n\u00e3o \u00e9 mais treinador do\u00a0Corinthians.\u00a0Nesta quarta-feira, ap\u00f3s o<\/p>\n","protected":false},"author":2,"featured_media":95768,"comment_status":"open","ping_status":"open","sticky":false,"template":"","format":"standard","meta":{"footnotes":""},"categories":[24,21],"tags":[],"class_list":["post-95767","post","type-post","status-publish","format-standard","has-post-thumbnail","hentry","category-brasil","category-esporte"],"yoast_head":"<!-- This site is optimized with the Yoast SEO plugin v27.5 - https:\/\/yoast.com\/product\/yoast-seo-wordpress\/ -->\n<title>Vanderlei Luxemburgo n\u00e3o \u00e9 mais treinador do Corinthians - Regi\u00e3o News<\/title>\n<meta name=\"robots\" content=\"index, follow, max-snippet:-1, max-image-preview:large, max-video-preview:-1\" \/>\n<link rel=\"canonical\" href=\"https:\/\/regiaonews.net.br\/2022\/2023\/09\/27\/vanderlei-luxemburgo-nao-e-mais-treinador-do-corinthians\/\" \/>\n<meta property=\"og:locale\" content=\"pt_BR\" \/>\n<meta property=\"og:type\" content=\"article\" \/>\n<meta property=\"og:title\" content=\"Vanderlei Luxemburgo n\u00e3o \u00e9 mais treinador do Corinthians - Regi\u00e3o News\" \/>\n<meta property=\"og:description\" content=\"Vanderlei Luxemburgo n\u00e3o \u00e9 mais treinador do\u00a0Corinthians.\u00a0Nesta quarta-feira, ap\u00f3s o\" \/>\n<meta property=\"og:url\" content=\"https:\/\/regiaonews.net.br\/2022\/2023\/09\/27\/vanderlei-luxemburgo-nao-e-mais-treinador-do-corinthians\/\" \/>\n<meta property=\"og:site_name\" content=\"Regi\u00e3o News\" \/>\n<meta property=\"article:published_time\" content=\"2023-09-27T20:35:13+00:00\" \/>\n<meta property=\"article:modified_time\" content=\"2023-09-27T23:24:38+00:00\" \/>\n<meta property=\"og:image\" content=\"https:\/\/regiaonews.net.br\/2022\/wp-content\/uploads\/2023\/09\/vanderlei-luxemburgo-nao-e-mais-treinador-do-yd941w.jpg\" \/>\n\t<meta property=\"og:image:width\" content=\"941\" \/>\n\t<meta property=\"og:image:height\" content=\"627\" \/>\n\t<meta property=\"og:image:type\" content=\"image\/jpeg\" \/>\n<meta name=\"author\" content=\"Roberto\" \/>\n<meta name=\"twitter:card\" content=\"summary_large_image\" \/>\n<meta name=\"twitter:label1\" content=\"Escrito por\" \/>\n\t<meta name=\"twitter:data1\" content=\"Roberto\" \/>\n\t<meta name=\"twitter:label2\" content=\"Est. tempo de leitura\" \/>\n\t<meta name=\"twitter:data2\" content=\"2 minutos\" \/>\n<script type=\"application\/ld+json\" class=\"yoast-schema-graph\">{\"@context\":\"https:\\\/\\\/schema.org\",\"@graph\":[{\"@type\":\"Article\",\"@id\":\"https:\\\/\\\/regiaonews.net.br\\\/2022\\\/2023\\\/09\\\/27\\\/vanderlei-luxemburgo-nao-e-mais-treinador-do-corinthians\\\/#article\",\"isPartOf\":{\"@id\":\"https:\\\/\\\/regiaonews.net.br\\\/2022\\\/2023\\\/09\\\/27\\\/vanderlei-luxemburgo-nao-e-mais-treinador-do-corinthians\\\/\"},\"author\":{\"name\":\"Roberto\",\"@id\":\"https:\\\/\\\/regiaonews.net.br\\\/2022\\\/#\\\/schema\\\/person\\\/2d205a608a5aa97ac279d7a5e6d89ad8\"},\"headline\":\"Vanderlei Luxemburgo n\u00e3o \u00e9 mais treinador do Corinthians\",\"datePublished\":\"2023-09-27T20:35:13+00:00\",\"dateModified\":\"2023-09-27T23:24:38+00:00\",\"mainEntityOfPage\":{\"@id\":\"https:\\\/\\\/regiaonews.net.br\\\/2022\\\/2023\\\/09\\\/27\\\/vanderlei-luxemburgo-nao-e-mais-treinador-do-corinthians\\\/\"},\"wordCount\":265,\"commentCount\":0,\"publisher\":{\"@id\":\"https:\\\/\\\/regiaonews.net.br\\\/2022\\\/#organization\"},\"image\":{\"@id\":\"https:\\\/\\\/regiaonews.net.br\\\/2022\\\/2023\\\/09\\\/27\\\/vanderlei-luxemburgo-nao-e-mais-treinador-do-corinthians\\\/#primaryimage\"},\"thumbnailUrl\":\"https:\\\/\\\/regiaonews.net.br\\\/2022\\\/wp-content\\\/uploads\\\/2023\\\/09\\\/vanderlei-luxemburgo-nao-e-mais-treinador-do-yd941w.jpg\",\"articleSection\":[\"Brasil\",\"Esporte\"],\"inLanguage\":\"pt-BR\",\"potentialAction\":[{\"@type\":\"CommentAction\",\"name\":\"Comment\",\"target\":[\"https:\\\/\\\/regiaonews.net.br\\\/2022\\\/2023\\\/09\\\/27\\\/vanderlei-luxemburgo-nao-e-mais-treinador-do-corinthians\\\/#respond\"]}]},{\"@type\":\"WebPage\",\"@id\":\"https:\\\/\\\/regiaonews.net.br\\\/2022\\\/2023\\\/09\\\/27\\\/vanderlei-luxemburgo-nao-e-mais-treinador-do-corinthians\\\/\",\"url\":\"https:\\\/\\\/regiaonews.net.br\\\/2022\\\/2023\\\/09\\\/27\\\/vanderlei-luxemburgo-nao-e-mais-treinador-do-corinthians\\\/\",\"name\":\"Vanderlei Luxemburgo n\u00e3o \u00e9 mais treinador do Corinthians - Regi\u00e3o News\",\"isPartOf\":{\"@id\":\"https:\\\/\\\/regiaonews.net.br\\\/2022\\\/#website\"},\"primaryImageOfPage\":{\"@id\":\"https:\\\/\\\/regiaonews.net.br\\\/2022\\\/2023\\\/09\\\/27\\\/vanderlei-luxemburgo-nao-e-mais-treinador-do-corinthians\\\/#primaryimage\"},\"image\":{\"@id\":\"https:\\\/\\\/regiaonews.net.br\\\/2022\\\/2023\\\/09\\\/27\\\/vanderlei-luxemburgo-nao-e-mais-treinador-do-corinthians\\\/#primaryimage\"},\"thumbnailUrl\":\"https:\\\/\\\/regiaonews.net.br\\\/2022\\\/wp-content\\\/uploads\\\/2023\\\/09\\\/vanderlei-luxemburgo-nao-e-mais-treinador-do-yd941w.jpg\",\"datePublished\":\"2023-09-27T20:35:13+00:00\",\"dateModified\":\"2023-09-27T23:24:38+00:00\",\"breadcrumb\":{\"@id\":\"https:\\\/\\\/regiaonews.net.br\\\/2022\\\/2023\\\/09\\\/27\\\/vanderlei-luxemburgo-nao-e-mais-treinador-do-corinthians\\\/#breadcrumb\"},\"inLanguage\":\"pt-BR\",\"potentialAction\":[{\"@type\":\"ReadAction\",\"target\":[\"https:\\\/\\\/regiaonews.net.br\\\/2022\\\/2023\\\/09\\\/27\\\/vanderlei-luxemburgo-nao-e-mais-treinador-do-corinthians\\\/\"]}]},{\"@type\":\"ImageObject\",\"inLanguage\":\"pt-BR\",\"@id\":\"https:\\\/\\\/regiaonews.net.br\\\/2022\\\/2023\\\/09\\\/27\\\/vanderlei-luxemburgo-nao-e-mais-treinador-do-corinthians\\\/#primaryimage\",\"url\":\"https:\\\/\\\/regiaonews.net.br\\\/2022\\\/wp-content\\\/uploads\\\/2023\\\/09\\\/vanderlei-luxemburgo-nao-e-mais-treinador-do-yd941w.jpg\",\"contentUrl\":\"https:\\\/\\\/regiaonews.net.br\\\/2022\\\/wp-content\\\/uploads\\\/2023\\\/09\\\/vanderlei-luxemburgo-nao-e-mais-treinador-do-yd941w.jpg\",\"width\":941,\"height\":627},{\"@type\":\"BreadcrumbList\",\"@id\":\"https:\\\/\\\/regiaonews.net.br\\\/2022\\\/2023\\\/09\\\/27\\\/vanderlei-luxemburgo-nao-e-mais-treinador-do-corinthians\\\/#breadcrumb\",\"itemListElement\":[{\"@type\":\"ListItem\",\"position\":1,\"name\":\"In\u00edcio\",\"item\":\"https:\\\/\\\/regiaonews.net.br\\\/2022\\\/\"},{\"@type\":\"ListItem\",\"position\":2,\"name\":\"Vanderlei Luxemburgo n\u00e3o \u00e9 mais treinador do Corinthians\"}]},{\"@type\":\"WebSite\",\"@id\":\"https:\\\/\\\/regiaonews.net.br\\\/2022\\\/#website\",\"url\":\"https:\\\/\\\/regiaonews.net.br\\\/2022\\\/\",\"name\":\"Regi\u00e3o News\",\"description\":\"Site de Not\u00edcias de Barretos e regi\u00e3o\",\"publisher\":{\"@id\":\"https:\\\/\\\/regiaonews.net.br\\\/2022\\\/#organization\"},\"potentialAction\":[{\"@type\":\"SearchAction\",\"target\":{\"@type\":\"EntryPoint\",\"urlTemplate\":\"https:\\\/\\\/regiaonews.net.br\\\/2022\\\/?s={search_term_string}\"},\"query-input\":{\"@type\":\"PropertyValueSpecification\",\"valueRequired\":true,\"valueName\":\"search_term_string\"}}],\"inLanguage\":\"pt-BR\"},{\"@type\":\"Organization\",\"@id\":\"https:\\\/\\\/regiaonews.net.br\\\/2022\\\/#organization\",\"name\":\"Regi\u00e3o News\",\"url\":\"https:\\\/\\\/regiaonews.net.br\\\/2022\\\/\",\"logo\":{\"@type\":\"ImageObject\",\"inLanguage\":\"pt-BR\",\"@id\":\"https:\\\/\\\/regiaonews.net.br\\\/2022\\\/#\\\/schema\\\/logo\\\/image\\\/\",\"url\":\"https:\\\/\\\/regiaonews.net.br\\\/2022\\\/wp-content\\\/uploads\\\/2026\\\/03\\\/regiao-13-anos-scaled.jpg\",\"contentUrl\":\"https:\\\/\\\/regiaonews.net.br\\\/2022\\\/wp-content\\\/uploads\\\/2026\\\/03\\\/regiao-13-anos-scaled.jpg\",\"width\":2560,\"height\":635,\"caption\":\"Regi\u00e3o News\"},\"image\":{\"@id\":\"https:\\\/\\\/regiaonews.net.br\\\/2022\\\/#\\\/schema\\\/logo\\\/image\\\/\"}},{\"@type\":\"Person\",\"@id\":\"https:\\\/\\\/regiaonews.net.br\\\/2022\\\/#\\\/schema\\\/person\\\/2d205a608a5aa97ac279d7a5e6d89ad8\",\"name\":\"Roberto\",\"image\":{\"@type\":\"ImageObject\",\"inLanguage\":\"pt-BR\",\"@id\":\"https:\\\/\\\/secure.gravatar.com\\\/avatar\\\/42749d8b712ff9d59ca93dc150494e5b55a44134482993f5baeb97e61b7ecc89?s=96&d=mm&r=g\",\"url\":\"https:\\\/\\\/secure.gravatar.com\\\/avatar\\\/42749d8b712ff9d59ca93dc150494e5b55a44134482993f5baeb97e61b7ecc89?s=96&d=mm&r=g\",\"contentUrl\":\"https:\\\/\\\/secure.gravatar.com\\\/avatar\\\/42749d8b712ff9d59ca93dc150494e5b55a44134482993f5baeb97e61b7ecc89?s=96&d=mm&r=g\",\"caption\":\"Roberto\"},\"url\":\"https:\\\/\\\/regiaonews.net.br\\\/2022\\\/author\\\/roberto\\\/\"}]}<\/script>\n<!-- \/ Yoast SEO plugin. -->","yoast_head_json":{"title":"Vanderlei Luxemburgo n\u00e3o \u00e9 mais treinador do Corinthians - Regi\u00e3o News","robots":{"index":"index","follow":"follow","max-snippet":"max-snippet:-1","max-image-preview":"max-image-preview:large","max-video-preview":"max-video-preview:-1"},"canonical":"https:\/\/regiaonews.net.br\/2022\/2023\/09\/27\/vanderlei-luxemburgo-nao-e-mais-treinador-do-corinthians\/","og_locale":"pt_BR","og_type":"article","og_title":"Vanderlei Luxemburgo n\u00e3o \u00e9 mais treinador do Corinthians - Regi\u00e3o News","og_description":"Vanderlei Luxemburgo n\u00e3o \u00e9 mais treinador do\u00a0Corinthians.\u00a0Nesta quarta-feira, ap\u00f3s o","og_url":"https:\/\/regiaonews.net.br\/2022\/2023\/09\/27\/vanderlei-luxemburgo-nao-e-mais-treinador-do-corinthians\/","og_site_name":"Regi\u00e3o News","article_published_time":"2023-09-27T20:35:13+00:00","article_modified_time":"2023-09-27T23:24:38+00:00","og_image":[{"width":941,"height":627,"url":"https:\/\/regiaonews.net.br\/2022\/wp-content\/uploads\/2023\/09\/vanderlei-luxemburgo-nao-e-mais-treinador-do-yd941w.jpg","type":"image\/jpeg"}],"author":"Roberto","twitter_card":"summary_large_image","twitter_misc":{"Escrito por":"Roberto","Est. tempo de leitura":"2 minutos"},"schema":{"@context":"https:\/\/schema.org","@graph":[{"@type":"Article","@id":"https:\/\/regiaonews.net.br\/2022\/2023\/09\/27\/vanderlei-luxemburgo-nao-e-mais-treinador-do-corinthians\/#article","isPartOf":{"@id":"https:\/\/regiaonews.net.br\/2022\/2023\/09\/27\/vanderlei-luxemburgo-nao-e-mais-treinador-do-corinthians\/"},"author":{"name":"Roberto","@id":"https:\/\/regiaonews.net.br\/2022\/#\/schema\/person\/2d205a608a5aa97ac279d7a5e6d89ad8"},"headline":"Vanderlei Luxemburgo n\u00e3o \u00e9 mais treinador do Corinthians","datePublished":"2023-09-27T20:35:13+00:00","dateModified":"2023-09-27T23:24:38+00:00","mainEntityOfPage":{"@id":"https:\/\/regiaonews.net.br\/2022\/2023\/09\/27\/vanderlei-luxemburgo-nao-e-mais-treinador-do-corinthians\/"},"wordCount":265,"commentCount":0,"publisher":{"@id":"https:\/\/regiaonews.net.br\/2022\/#organization"},"image":{"@id":"https:\/\/regiaonews.net.br\/2022\/2023\/09\/27\/vanderlei-luxemburgo-nao-e-mais-treinador-do-corinthians\/#primaryimage"},"thumbnailUrl":"https:\/\/regiaonews.net.br\/2022\/wp-content\/uploads\/2023\/09\/vanderlei-luxemburgo-nao-e-mais-treinador-do-yd941w.jpg","articleSection":["Brasil","Esporte"],"inLanguage":"pt-BR","potentialAction":[{"@type":"CommentAction","name":"Comment","target":["https:\/\/regiaonews.net.br\/2022\/2023\/09\/27\/vanderlei-luxemburgo-nao-e-mais-treinador-do-corinthians\/#respond"]}]},{"@type":"WebPage","@id":"https:\/\/regiaonews.net.br\/2022\/2023\/09\/27\/vanderlei-luxemburgo-nao-e-mais-treinador-do-corinthians\/","url":"https:\/\/regiaonews.net.br\/2022\/2023\/09\/27\/vanderlei-luxemburgo-nao-e-mais-treinador-do-corinthians\/","name":"Vanderlei Luxemburgo n\u00e3o \u00e9 mais treinador do Corinthians - Regi\u00e3o News","isPartOf":{"@id":"https:\/\/regiaonews.net.br\/2022\/#website"},"primaryImageOfPage":{"@id":"https:\/\/regiaonews.net.br\/2022\/2023\/09\/27\/vanderlei-luxemburgo-nao-e-mais-treinador-do-corinthians\/#primaryimage"},"image":{"@id":"https:\/\/regiaonews.net.br\/2022\/2023\/09\/27\/vanderlei-luxemburgo-nao-e-mais-treinador-do-corinthians\/#primaryimage"},"thumbnailUrl":"https:\/\/regiaonews.net.br\/2022\/wp-content\/uploads\/2023\/09\/vanderlei-luxemburgo-nao-e-mais-treinador-do-yd941w.jpg","datePublished":"2023-09-27T20:35:13+00:00","dateModified":"2023-09-27T23:24:38+00:00","breadcrumb":{"@id":"https:\/\/regiaonews.net.br\/2022\/2023\/09\/27\/vanderlei-luxemburgo-nao-e-mais-treinador-do-corinthians\/#breadcrumb"},"inLanguage":"pt-BR","potentialAction":[{"@type":"ReadAction","target":["https:\/\/regiaonews.net.br\/2022\/2023\/09\/27\/vanderlei-luxemburgo-nao-e-mais-treinador-do-corinthians\/"]}]},{"@type":"ImageObject","inLanguage":"pt-BR","@id":"https:\/\/regiaonews.net.br\/2022\/2023\/09\/27\/vanderlei-luxemburgo-nao-e-mais-treinador-do-corinthians\/#primaryimage","url":"https:\/\/regiaonews.net.br\/2022\/wp-content\/uploads\/2023\/09\/vanderlei-luxemburgo-nao-e-mais-treinador-do-yd941w.jpg","contentUrl":"https:\/\/regiaonews.net.br\/2022\/wp-content\/uploads\/2023\/09\/vanderlei-luxemburgo-nao-e-mais-treinador-do-yd941w.jpg","width":941,"height":627},{"@type":"BreadcrumbList","@id":"https:\/\/regiaonews.net.br\/2022\/2023\/09\/27\/vanderlei-luxemburgo-nao-e-mais-treinador-do-corinthians\/#breadcrumb","itemListElement":[{"@type":"ListItem","position":1,"name":"In\u00edcio","item":"https:\/\/regiaonews.net.br\/2022\/"},{"@type":"ListItem","position":2,"name":"Vanderlei Luxemburgo n\u00e3o \u00e9 mais treinador do Corinthians"}]},{"@type":"WebSite","@id":"https:\/\/regiaonews.net.br\/2022\/#website","url":"https:\/\/regiaonews.net.br\/2022\/","name":"Regi\u00e3o News","description":"Site de Not\u00edcias de Barretos e regi\u00e3o","publisher":{"@id":"https:\/\/regiaonews.net.br\/2022\/#organization"},"potentialAction":[{"@type":"SearchAction","target":{"@type":"EntryPoint","urlTemplate":"https:\/\/regiaonews.net.br\/2022\/?s={search_term_string}"},"query-input":{"@type":"PropertyValueSpecification","valueRequired":true,"valueName":"search_term_string"}}],"inLanguage":"pt-BR"},{"@type":"Organization","@id":"https:\/\/regiaonews.net.br\/2022\/#organization","name":"Regi\u00e3o News","url":"https:\/\/regiaonews.net.br\/2022\/","logo":{"@type":"ImageObject","inLanguage":"pt-BR","@id":"https:\/\/regiaonews.net.br\/2022\/#\/schema\/logo\/image\/","url":"https:\/\/regiaonews.net.br\/2022\/wp-content\/uploads\/2026\/03\/regiao-13-anos-scaled.jpg","contentUrl":"https:\/\/regiaonews.net.br\/2022\/wp-content\/uploads\/2026\/03\/regiao-13-anos-scaled.jpg","width":2560,"height":635,"caption":"Regi\u00e3o News"},"image":{"@id":"https:\/\/regiaonews.net.br\/2022\/#\/schema\/logo\/image\/"}},{"@type":"Person","@id":"https:\/\/regiaonews.net.br\/2022\/#\/schema\/person\/2d205a608a5aa97ac279d7a5e6d89ad8","name":"Roberto","image":{"@type":"ImageObject","inLanguage":"pt-BR","@id":"https:\/\/secure.gravatar.com\/avatar\/42749d8b712ff9d59ca93dc150494e5b55a44134482993f5baeb97e61b7ecc89?s=96&d=mm&r=g","url":"https:\/\/secure.gravatar.com\/avatar\/42749d8b712ff9d59ca93dc150494e5b55a44134482993f5baeb97e61b7ecc89?s=96&d=mm&r=g","contentUrl":"https:\/\/secure.gravatar.com\/avatar\/42749d8b712ff9d59ca93dc150494e5b55a44134482993f5baeb97e61b7ecc89?s=96&d=mm&r=g","caption":"Roberto"},"url":"https:\/\/regiaonews.net.br\/2022\/author\/roberto\/"}]}},"publishpress_future_action":{"enabled":false,"date":"2026-05-05 17:58:03","action":"change-status","newStatus":"draft","terms":[],"taxonomy":"category","extraData":[]},"publishpress_future_workflow_manual_trigger":{"enabledWorkflows":[]},"_links":{"self":[{"href":"https:\/\/regiaonews.net.br\/2022\/wp-json\/wp\/v2\/posts\/95767","targetHints":{"allow":["GET"]}}],"collection":[{"href":"https:\/\/regiaonews.net.br\/2022\/wp-json\/wp\/v2\/posts"}],"about":[{"href":"https:\/\/regiaonews.net.br\/2022\/wp-json\/wp\/v2\/types\/post"}],"author":[{"embeddable":true,"href":"https:\/\/regiaonews.net.br\/2022\/wp-json\/wp\/v2\/users\/2"}],"replies":[{"embeddable":true,"href":"https:\/\/regiaonews.net.br\/2022\/wp-json\/wp\/v2\/comments?post=95767"}],"version-history":[{"count":3,"href":"https:\/\/regiaonews.net.br\/2022\/wp-json\/wp\/v2\/posts\/95767\/revisions"}],"predecessor-version":[{"id":95773,"href":"https:\/\/regiaonews.net.br\/2022\/wp-json\/wp\/v2\/posts\/95767\/revisions\/95773"}],"wp:featuredmedia":[{"embeddable":true,"href":"https:\/\/regiaonews.net.br\/2022\/wp-json\/wp\/v2\/media\/95768"}],"wp:attachment":[{"href":"https:\/\/regiaonews.net.br\/2022\/wp-json\/wp\/v2\/media?parent=95767"}],"wp:term":[{"taxonomy":"category","embeddable":true,"href":"https:\/\/regiaonews.net.br\/2022\/wp-json\/wp\/v2\/categories?post=95767"},{"taxonomy":"post_tag","embeddable":true,"href":"https:\/\/regiaonews.net.br\/2022\/wp-json\/wp\/v2\/tags?post=95767"}],"curies":[{"name":"wp","href":"https:\/\/api.w.org\/{rel}","templated":true}]}}