{"id":95756,"date":"2023-09-27T15:33:22","date_gmt":"2023-09-27T18:33:22","guid":{"rendered":"https:\/\/regiaonews.net.br\/2022\/?p=95756"},"modified":"2023-09-27T15:33:22","modified_gmt":"2023-09-27T18:33:22","slug":"saae-barretos-lanca-campanha-de-conscientizacao-barretos-consciente-agua-economizada-multa-evitada","status":"publish","type":"post","link":"https:\/\/regiaonews.net.br\/2022\/2023\/09\/27\/saae-barretos-lanca-campanha-de-conscientizacao-barretos-consciente-agua-economizada-multa-evitada\/","title":{"rendered":"SAAE Barretos Lan\u00e7a Campanha de Conscientiza\u00e7\u00e3o &#8220;Barretos Consciente: \u00c1gua Economizada, Multa Evitada!&#8221;"},"content":{"rendered":"<h3 style=\"text-align: center;\">Objetivo \u00e9 assegurar que todos tenham acesso \u00e0 \u00e1gua em suas torneiras.<\/h3>\n<p>O Servi\u00e7o Aut\u00f4nomo de \u00c1gua e Esgoto de Barretos (SAAE Barretos) est\u00e1 lan\u00e7ando nesta quarta-feira (27), uma campanha de conscientiza\u00e7\u00e3o intitulada &#8220;Barretos Consciente: \u00c1gua Economizada, Multa Evitada!&#8221; com o objetivo de sensibilizar a popula\u00e7\u00e3o barretense sobre a atual situa\u00e7\u00e3o de estiagem e seca causada pelo fen\u00f4meno El Ni\u00f1o.<\/p>\n<p>Para despertar a conscientiza\u00e7\u00e3o da popula\u00e7\u00e3o, ser\u00e3o produzidos cards com dicas de economia de \u00e1gua e reaproveitamento, que ser\u00e3o compartilhados nas redes sociais do SAAE Barretos e viralizados pelo WhatsApp. Al\u00e9m disso, ser\u00e3o criados v\u00eddeos informativos.<\/p>\n<p>O programa &#8220;Super Conscientes,&#8221; transmitido todas \u00e0s segundas-feiras pela TV C\u00e2mara Barretos, canal 31.3, \u00e0s 18h30, passar\u00e1 a focar no assunto de economia e uso racional da \u00e1gua.<\/p>\n<p>O fen\u00f4meno El Ni\u00f1o tem desafiado a disponibilidade de \u00e1gua em nossa regi\u00e3o e em diversas outras do Brasil, tornando crucial que cada cidad\u00e3o fa\u00e7a a sua parte para preservar esse recurso essencial.<\/p>\n<p>Veja algumas dicas pr\u00e1ticas sobre como economizar e reaproveitar \u00e1gua: A \u00e1gua utilizada na lavagem de roupas pode ser coletada e reutilizada para a limpeza de \u00e1reas externas, como cal\u00e7adas e carros; reduzir o tempo de banho e fechar o chuveiro enquanto ensaboa ou lava o cabelo; reparar imediatamente qualquer vazamento de torneiras, tubula\u00e7\u00f5es e sanit\u00e1rios em casa; reutilizar a \u00e1gua usada para cozinhar alimentos, como massas e vegetais, para regar plantas.<\/p>\n<p>\u201cO SAAEB e a Prefeitura n\u00e3o desejam impor multas por multar, mas sim assegurar que todos tenham acesso \u00e0 \u00e1gua em suas torneiras. A inten\u00e7\u00e3o \u00e9 promover a compreens\u00e3o e a solidariedade entre os barretenses, demandando uma atitude emp\u00e1tica para com o pr\u00f3ximo. Enquanto algu\u00e9m lava o seu carro, outra pessoa do outro lado da cidade sofre com a baixa press\u00e3o ou a falta de \u00e1gua, muitas vezes causada pela atividade que n\u00e3o \u00e9 essencial\u201d, destaca o superintendente Marcelo Borges.<\/p>\n<p>www.saaeb.com.br<\/p>\n","protected":false},"excerpt":{"rendered":"<p>Objetivo \u00e9 assegurar que todos tenham acesso \u00e0 \u00e1gua em<\/p>\n","protected":false},"author":2,"featured_media":95757,"comment_status":"open","ping_status":"open","sticky":false,"template":"","format":"standard","meta":{"footnotes":""},"categories":[14,3],"tags":[],"class_list":["post-95756","post","type-post","status-publish","format-standard","has-post-thumbnail","hentry","category-barretos","category-geral"],"yoast_head":"<!-- This site is optimized with the Yoast SEO plugin v27.4 - https:\/\/yoast.com\/product\/yoast-seo-wordpress\/ -->\n<title>SAAE Barretos Lan\u00e7a Campanha de Conscientiza\u00e7\u00e3o &quot;Barretos Consciente: \u00c1gua Economizada, Multa Evitada!&quot; - Regi\u00e3o News<\/title>\n<meta name=\"robots\" content=\"index, follow, max-snippet:-1, max-image-preview:large, max-video-preview:-1\" \/>\n<link rel=\"canonical\" href=\"https:\/\/regiaonews.net.br\/2022\/2023\/09\/27\/saae-barretos-lanca-campanha-de-conscientizacao-barretos-consciente-agua-economizada-multa-evitada\/\" \/>\n<meta property=\"og:locale\" content=\"pt_BR\" \/>\n<meta property=\"og:type\" content=\"article\" \/>\n<meta property=\"og:title\" content=\"SAAE Barretos Lan\u00e7a Campanha de Conscientiza\u00e7\u00e3o &quot;Barretos Consciente: \u00c1gua Economizada, Multa Evitada!&quot; - Regi\u00e3o News\" \/>\n<meta property=\"og:description\" content=\"Objetivo \u00e9 assegurar que todos tenham acesso \u00e0 \u00e1gua em\" \/>\n<meta property=\"og:url\" content=\"https:\/\/regiaonews.net.br\/2022\/2023\/09\/27\/saae-barretos-lanca-campanha-de-conscientizacao-barretos-consciente-agua-economizada-multa-evitada\/\" \/>\n<meta property=\"og:site_name\" content=\"Regi\u00e3o News\" \/>\n<meta property=\"article:published_time\" content=\"2023-09-27T18:33:22+00:00\" \/>\n<meta property=\"og:image\" content=\"https:\/\/regiaonews.net.br\/2022\/wp-content\/uploads\/2023\/09\/Imagem-do-WhatsApp-de-2023-09-27-as-15.13.34.jpg\" \/>\n\t<meta property=\"og:image:width\" content=\"1600\" \/>\n\t<meta property=\"og:image:height\" content=\"1066\" \/>\n\t<meta property=\"og:image:type\" content=\"image\/jpeg\" \/>\n<meta name=\"author\" content=\"Roberto\" \/>\n<meta name=\"twitter:card\" content=\"summary_large_image\" \/>\n<meta name=\"twitter:label1\" content=\"Escrito por\" \/>\n\t<meta name=\"twitter:data1\" content=\"Roberto\" \/>\n\t<meta name=\"twitter:label2\" content=\"Est. tempo de leitura\" \/>\n\t<meta name=\"twitter:data2\" content=\"2 minutos\" \/>\n<script type=\"application\/ld+json\" class=\"yoast-schema-graph\">{\"@context\":\"https:\\\/\\\/schema.org\",\"@graph\":[{\"@type\":\"Article\",\"@id\":\"https:\\\/\\\/regiaonews.net.br\\\/2022\\\/2023\\\/09\\\/27\\\/saae-barretos-lanca-campanha-de-conscientizacao-barretos-consciente-agua-economizada-multa-evitada\\\/#article\",\"isPartOf\":{\"@id\":\"https:\\\/\\\/regiaonews.net.br\\\/2022\\\/2023\\\/09\\\/27\\\/saae-barretos-lanca-campanha-de-conscientizacao-barretos-consciente-agua-economizada-multa-evitada\\\/\"},\"author\":{\"name\":\"Roberto\",\"@id\":\"https:\\\/\\\/regiaonews.net.br\\\/2022\\\/#\\\/schema\\\/person\\\/2d205a608a5aa97ac279d7a5e6d89ad8\"},\"headline\":\"SAAE Barretos Lan\u00e7a Campanha de Conscientiza\u00e7\u00e3o &#8220;Barretos Consciente: \u00c1gua Economizada, Multa Evitada!&#8221;\",\"datePublished\":\"2023-09-27T18:33:22+00:00\",\"mainEntityOfPage\":{\"@id\":\"https:\\\/\\\/regiaonews.net.br\\\/2022\\\/2023\\\/09\\\/27\\\/saae-barretos-lanca-campanha-de-conscientizacao-barretos-consciente-agua-economizada-multa-evitada\\\/\"},\"wordCount\":353,\"commentCount\":0,\"publisher\":{\"@id\":\"https:\\\/\\\/regiaonews.net.br\\\/2022\\\/#organization\"},\"image\":{\"@id\":\"https:\\\/\\\/regiaonews.net.br\\\/2022\\\/2023\\\/09\\\/27\\\/saae-barretos-lanca-campanha-de-conscientizacao-barretos-consciente-agua-economizada-multa-evitada\\\/#primaryimage\"},\"thumbnailUrl\":\"https:\\\/\\\/regiaonews.net.br\\\/2022\\\/wp-content\\\/uploads\\\/2023\\\/09\\\/Imagem-do-WhatsApp-de-2023-09-27-as-15.13.34.jpg\",\"articleSection\":[\"Barretos\",\"Geral\"],\"inLanguage\":\"pt-BR\",\"potentialAction\":[{\"@type\":\"CommentAction\",\"name\":\"Comment\",\"target\":[\"https:\\\/\\\/regiaonews.net.br\\\/2022\\\/2023\\\/09\\\/27\\\/saae-barretos-lanca-campanha-de-conscientizacao-barretos-consciente-agua-economizada-multa-evitada\\\/#respond\"]}]},{\"@type\":\"WebPage\",\"@id\":\"https:\\\/\\\/regiaonews.net.br\\\/2022\\\/2023\\\/09\\\/27\\\/saae-barretos-lanca-campanha-de-conscientizacao-barretos-consciente-agua-economizada-multa-evitada\\\/\",\"url\":\"https:\\\/\\\/regiaonews.net.br\\\/2022\\\/2023\\\/09\\\/27\\\/saae-barretos-lanca-campanha-de-conscientizacao-barretos-consciente-agua-economizada-multa-evitada\\\/\",\"name\":\"SAAE Barretos Lan\u00e7a Campanha de Conscientiza\u00e7\u00e3o \\\"Barretos Consciente: \u00c1gua Economizada, Multa Evitada!\\\" - Regi\u00e3o News\",\"isPartOf\":{\"@id\":\"https:\\\/\\\/regiaonews.net.br\\\/2022\\\/#website\"},\"primaryImageOfPage\":{\"@id\":\"https:\\\/\\\/regiaonews.net.br\\\/2022\\\/2023\\\/09\\\/27\\\/saae-barretos-lanca-campanha-de-conscientizacao-barretos-consciente-agua-economizada-multa-evitada\\\/#primaryimage\"},\"image\":{\"@id\":\"https:\\\/\\\/regiaonews.net.br\\\/2022\\\/2023\\\/09\\\/27\\\/saae-barretos-lanca-campanha-de-conscientizacao-barretos-consciente-agua-economizada-multa-evitada\\\/#primaryimage\"},\"thumbnailUrl\":\"https:\\\/\\\/regiaonews.net.br\\\/2022\\\/wp-content\\\/uploads\\\/2023\\\/09\\\/Imagem-do-WhatsApp-de-2023-09-27-as-15.13.34.jpg\",\"datePublished\":\"2023-09-27T18:33:22+00:00\",\"breadcrumb\":{\"@id\":\"https:\\\/\\\/regiaonews.net.br\\\/2022\\\/2023\\\/09\\\/27\\\/saae-barretos-lanca-campanha-de-conscientizacao-barretos-consciente-agua-economizada-multa-evitada\\\/#breadcrumb\"},\"inLanguage\":\"pt-BR\",\"potentialAction\":[{\"@type\":\"ReadAction\",\"target\":[\"https:\\\/\\\/regiaonews.net.br\\\/2022\\\/2023\\\/09\\\/27\\\/saae-barretos-lanca-campanha-de-conscientizacao-barretos-consciente-agua-economizada-multa-evitada\\\/\"]}]},{\"@type\":\"ImageObject\",\"inLanguage\":\"pt-BR\",\"@id\":\"https:\\\/\\\/regiaonews.net.br\\\/2022\\\/2023\\\/09\\\/27\\\/saae-barretos-lanca-campanha-de-conscientizacao-barretos-consciente-agua-economizada-multa-evitada\\\/#primaryimage\",\"url\":\"https:\\\/\\\/regiaonews.net.br\\\/2022\\\/wp-content\\\/uploads\\\/2023\\\/09\\\/Imagem-do-WhatsApp-de-2023-09-27-as-15.13.34.jpg\",\"contentUrl\":\"https:\\\/\\\/regiaonews.net.br\\\/2022\\\/wp-content\\\/uploads\\\/2023\\\/09\\\/Imagem-do-WhatsApp-de-2023-09-27-as-15.13.34.jpg\",\"width\":1600,\"height\":1066},{\"@type\":\"BreadcrumbList\",\"@id\":\"https:\\\/\\\/regiaonews.net.br\\\/2022\\\/2023\\\/09\\\/27\\\/saae-barretos-lanca-campanha-de-conscientizacao-barretos-consciente-agua-economizada-multa-evitada\\\/#breadcrumb\",\"itemListElement\":[{\"@type\":\"ListItem\",\"position\":1,\"name\":\"In\u00edcio\",\"item\":\"https:\\\/\\\/regiaonews.net.br\\\/2022\\\/\"},{\"@type\":\"ListItem\",\"position\":2,\"name\":\"SAAE Barretos Lan\u00e7a Campanha de Conscientiza\u00e7\u00e3o &#8220;Barretos Consciente: \u00c1gua Economizada, Multa Evitada!&#8221;\"}]},{\"@type\":\"WebSite\",\"@id\":\"https:\\\/\\\/regiaonews.net.br\\\/2022\\\/#website\",\"url\":\"https:\\\/\\\/regiaonews.net.br\\\/2022\\\/\",\"name\":\"Regi\u00e3o News\",\"description\":\"Site de Not\u00edcias de Barretos e regi\u00e3o\",\"publisher\":{\"@id\":\"https:\\\/\\\/regiaonews.net.br\\\/2022\\\/#organization\"},\"potentialAction\":[{\"@type\":\"SearchAction\",\"target\":{\"@type\":\"EntryPoint\",\"urlTemplate\":\"https:\\\/\\\/regiaonews.net.br\\\/2022\\\/?s={search_term_string}\"},\"query-input\":{\"@type\":\"PropertyValueSpecification\",\"valueRequired\":true,\"valueName\":\"search_term_string\"}}],\"inLanguage\":\"pt-BR\"},{\"@type\":\"Organization\",\"@id\":\"https:\\\/\\\/regiaonews.net.br\\\/2022\\\/#organization\",\"name\":\"Regi\u00e3o News\",\"url\":\"https:\\\/\\\/regiaonews.net.br\\\/2022\\\/\",\"logo\":{\"@type\":\"ImageObject\",\"inLanguage\":\"pt-BR\",\"@id\":\"https:\\\/\\\/regiaonews.net.br\\\/2022\\\/#\\\/schema\\\/logo\\\/image\\\/\",\"url\":\"https:\\\/\\\/regiaonews.net.br\\\/2022\\\/wp-content\\\/uploads\\\/2026\\\/03\\\/regiao-13-anos-scaled.jpg\",\"contentUrl\":\"https:\\\/\\\/regiaonews.net.br\\\/2022\\\/wp-content\\\/uploads\\\/2026\\\/03\\\/regiao-13-anos-scaled.jpg\",\"width\":2560,\"height\":635,\"caption\":\"Regi\u00e3o News\"},\"image\":{\"@id\":\"https:\\\/\\\/regiaonews.net.br\\\/2022\\\/#\\\/schema\\\/logo\\\/image\\\/\"}},{\"@type\":\"Person\",\"@id\":\"https:\\\/\\\/regiaonews.net.br\\\/2022\\\/#\\\/schema\\\/person\\\/2d205a608a5aa97ac279d7a5e6d89ad8\",\"name\":\"Roberto\",\"image\":{\"@type\":\"ImageObject\",\"inLanguage\":\"pt-BR\",\"@id\":\"https:\\\/\\\/secure.gravatar.com\\\/avatar\\\/42749d8b712ff9d59ca93dc150494e5b55a44134482993f5baeb97e61b7ecc89?s=96&d=mm&r=g\",\"url\":\"https:\\\/\\\/secure.gravatar.com\\\/avatar\\\/42749d8b712ff9d59ca93dc150494e5b55a44134482993f5baeb97e61b7ecc89?s=96&d=mm&r=g\",\"contentUrl\":\"https:\\\/\\\/secure.gravatar.com\\\/avatar\\\/42749d8b712ff9d59ca93dc150494e5b55a44134482993f5baeb97e61b7ecc89?s=96&d=mm&r=g\",\"caption\":\"Roberto\"},\"url\":\"https:\\\/\\\/regiaonews.net.br\\\/2022\\\/author\\\/roberto\\\/\"}]}<\/script>\n<!-- \/ Yoast SEO plugin. -->","yoast_head_json":{"title":"SAAE Barretos Lan\u00e7a Campanha de Conscientiza\u00e7\u00e3o \"Barretos Consciente: \u00c1gua Economizada, Multa Evitada!\" - Regi\u00e3o News","robots":{"index":"index","follow":"follow","max-snippet":"max-snippet:-1","max-image-preview":"max-image-preview:large","max-video-preview":"max-video-preview:-1"},"canonical":"https:\/\/regiaonews.net.br\/2022\/2023\/09\/27\/saae-barretos-lanca-campanha-de-conscientizacao-barretos-consciente-agua-economizada-multa-evitada\/","og_locale":"pt_BR","og_type":"article","og_title":"SAAE Barretos Lan\u00e7a Campanha de Conscientiza\u00e7\u00e3o \"Barretos Consciente: \u00c1gua Economizada, Multa Evitada!\" - Regi\u00e3o News","og_description":"Objetivo \u00e9 assegurar que todos tenham acesso \u00e0 \u00e1gua em","og_url":"https:\/\/regiaonews.net.br\/2022\/2023\/09\/27\/saae-barretos-lanca-campanha-de-conscientizacao-barretos-consciente-agua-economizada-multa-evitada\/","og_site_name":"Regi\u00e3o News","article_published_time":"2023-09-27T18:33:22+00:00","og_image":[{"width":1600,"height":1066,"url":"https:\/\/regiaonews.net.br\/2022\/wp-content\/uploads\/2023\/09\/Imagem-do-WhatsApp-de-2023-09-27-as-15.13.34.jpg","type":"image\/jpeg"}],"author":"Roberto","twitter_card":"summary_large_image","twitter_misc":{"Escrito por":"Roberto","Est. tempo de leitura":"2 minutos"},"schema":{"@context":"https:\/\/schema.org","@graph":[{"@type":"Article","@id":"https:\/\/regiaonews.net.br\/2022\/2023\/09\/27\/saae-barretos-lanca-campanha-de-conscientizacao-barretos-consciente-agua-economizada-multa-evitada\/#article","isPartOf":{"@id":"https:\/\/regiaonews.net.br\/2022\/2023\/09\/27\/saae-barretos-lanca-campanha-de-conscientizacao-barretos-consciente-agua-economizada-multa-evitada\/"},"author":{"name":"Roberto","@id":"https:\/\/regiaonews.net.br\/2022\/#\/schema\/person\/2d205a608a5aa97ac279d7a5e6d89ad8"},"headline":"SAAE Barretos Lan\u00e7a Campanha de Conscientiza\u00e7\u00e3o &#8220;Barretos Consciente: \u00c1gua Economizada, Multa Evitada!&#8221;","datePublished":"2023-09-27T18:33:22+00:00","mainEntityOfPage":{"@id":"https:\/\/regiaonews.net.br\/2022\/2023\/09\/27\/saae-barretos-lanca-campanha-de-conscientizacao-barretos-consciente-agua-economizada-multa-evitada\/"},"wordCount":353,"commentCount":0,"publisher":{"@id":"https:\/\/regiaonews.net.br\/2022\/#organization"},"image":{"@id":"https:\/\/regiaonews.net.br\/2022\/2023\/09\/27\/saae-barretos-lanca-campanha-de-conscientizacao-barretos-consciente-agua-economizada-multa-evitada\/#primaryimage"},"thumbnailUrl":"https:\/\/regiaonews.net.br\/2022\/wp-content\/uploads\/2023\/09\/Imagem-do-WhatsApp-de-2023-09-27-as-15.13.34.jpg","articleSection":["Barretos","Geral"],"inLanguage":"pt-BR","potentialAction":[{"@type":"CommentAction","name":"Comment","target":["https:\/\/regiaonews.net.br\/2022\/2023\/09\/27\/saae-barretos-lanca-campanha-de-conscientizacao-barretos-consciente-agua-economizada-multa-evitada\/#respond"]}]},{"@type":"WebPage","@id":"https:\/\/regiaonews.net.br\/2022\/2023\/09\/27\/saae-barretos-lanca-campanha-de-conscientizacao-barretos-consciente-agua-economizada-multa-evitada\/","url":"https:\/\/regiaonews.net.br\/2022\/2023\/09\/27\/saae-barretos-lanca-campanha-de-conscientizacao-barretos-consciente-agua-economizada-multa-evitada\/","name":"SAAE Barretos Lan\u00e7a Campanha de Conscientiza\u00e7\u00e3o \"Barretos Consciente: \u00c1gua Economizada, Multa Evitada!\" - Regi\u00e3o News","isPartOf":{"@id":"https:\/\/regiaonews.net.br\/2022\/#website"},"primaryImageOfPage":{"@id":"https:\/\/regiaonews.net.br\/2022\/2023\/09\/27\/saae-barretos-lanca-campanha-de-conscientizacao-barretos-consciente-agua-economizada-multa-evitada\/#primaryimage"},"image":{"@id":"https:\/\/regiaonews.net.br\/2022\/2023\/09\/27\/saae-barretos-lanca-campanha-de-conscientizacao-barretos-consciente-agua-economizada-multa-evitada\/#primaryimage"},"thumbnailUrl":"https:\/\/regiaonews.net.br\/2022\/wp-content\/uploads\/2023\/09\/Imagem-do-WhatsApp-de-2023-09-27-as-15.13.34.jpg","datePublished":"2023-09-27T18:33:22+00:00","breadcrumb":{"@id":"https:\/\/regiaonews.net.br\/2022\/2023\/09\/27\/saae-barretos-lanca-campanha-de-conscientizacao-barretos-consciente-agua-economizada-multa-evitada\/#breadcrumb"},"inLanguage":"pt-BR","potentialAction":[{"@type":"ReadAction","target":["https:\/\/regiaonews.net.br\/2022\/2023\/09\/27\/saae-barretos-lanca-campanha-de-conscientizacao-barretos-consciente-agua-economizada-multa-evitada\/"]}]},{"@type":"ImageObject","inLanguage":"pt-BR","@id":"https:\/\/regiaonews.net.br\/2022\/2023\/09\/27\/saae-barretos-lanca-campanha-de-conscientizacao-barretos-consciente-agua-economizada-multa-evitada\/#primaryimage","url":"https:\/\/regiaonews.net.br\/2022\/wp-content\/uploads\/2023\/09\/Imagem-do-WhatsApp-de-2023-09-27-as-15.13.34.jpg","contentUrl":"https:\/\/regiaonews.net.br\/2022\/wp-content\/uploads\/2023\/09\/Imagem-do-WhatsApp-de-2023-09-27-as-15.13.34.jpg","width":1600,"height":1066},{"@type":"BreadcrumbList","@id":"https:\/\/regiaonews.net.br\/2022\/2023\/09\/27\/saae-barretos-lanca-campanha-de-conscientizacao-barretos-consciente-agua-economizada-multa-evitada\/#breadcrumb","itemListElement":[{"@type":"ListItem","position":1,"name":"In\u00edcio","item":"https:\/\/regiaonews.net.br\/2022\/"},{"@type":"ListItem","position":2,"name":"SAAE Barretos Lan\u00e7a Campanha de Conscientiza\u00e7\u00e3o &#8220;Barretos Consciente: \u00c1gua Economizada, Multa Evitada!&#8221;"}]},{"@type":"WebSite","@id":"https:\/\/regiaonews.net.br\/2022\/#website","url":"https:\/\/regiaonews.net.br\/2022\/","name":"Regi\u00e3o News","description":"Site de Not\u00edcias de Barretos e regi\u00e3o","publisher":{"@id":"https:\/\/regiaonews.net.br\/2022\/#organization"},"potentialAction":[{"@type":"SearchAction","target":{"@type":"EntryPoint","urlTemplate":"https:\/\/regiaonews.net.br\/2022\/?s={search_term_string}"},"query-input":{"@type":"PropertyValueSpecification","valueRequired":true,"valueName":"search_term_string"}}],"inLanguage":"pt-BR"},{"@type":"Organization","@id":"https:\/\/regiaonews.net.br\/2022\/#organization","name":"Regi\u00e3o News","url":"https:\/\/regiaonews.net.br\/2022\/","logo":{"@type":"ImageObject","inLanguage":"pt-BR","@id":"https:\/\/regiaonews.net.br\/2022\/#\/schema\/logo\/image\/","url":"https:\/\/regiaonews.net.br\/2022\/wp-content\/uploads\/2026\/03\/regiao-13-anos-scaled.jpg","contentUrl":"https:\/\/regiaonews.net.br\/2022\/wp-content\/uploads\/2026\/03\/regiao-13-anos-scaled.jpg","width":2560,"height":635,"caption":"Regi\u00e3o News"},"image":{"@id":"https:\/\/regiaonews.net.br\/2022\/#\/schema\/logo\/image\/"}},{"@type":"Person","@id":"https:\/\/regiaonews.net.br\/2022\/#\/schema\/person\/2d205a608a5aa97ac279d7a5e6d89ad8","name":"Roberto","image":{"@type":"ImageObject","inLanguage":"pt-BR","@id":"https:\/\/secure.gravatar.com\/avatar\/42749d8b712ff9d59ca93dc150494e5b55a44134482993f5baeb97e61b7ecc89?s=96&d=mm&r=g","url":"https:\/\/secure.gravatar.com\/avatar\/42749d8b712ff9d59ca93dc150494e5b55a44134482993f5baeb97e61b7ecc89?s=96&d=mm&r=g","contentUrl":"https:\/\/secure.gravatar.com\/avatar\/42749d8b712ff9d59ca93dc150494e5b55a44134482993f5baeb97e61b7ecc89?s=96&d=mm&r=g","caption":"Roberto"},"url":"https:\/\/regiaonews.net.br\/2022\/author\/roberto\/"}]}},"publishpress_future_action":{"enabled":false,"date":"2026-05-05 11:44:25","action":"change-status","newStatus":"draft","terms":[],"taxonomy":"category","extraData":[]},"publishpress_future_workflow_manual_trigger":{"enabledWorkflows":[]},"_links":{"self":[{"href":"https:\/\/regiaonews.net.br\/2022\/wp-json\/wp\/v2\/posts\/95756","targetHints":{"allow":["GET"]}}],"collection":[{"href":"https:\/\/regiaonews.net.br\/2022\/wp-json\/wp\/v2\/posts"}],"about":[{"href":"https:\/\/regiaonews.net.br\/2022\/wp-json\/wp\/v2\/types\/post"}],"author":[{"embeddable":true,"href":"https:\/\/regiaonews.net.br\/2022\/wp-json\/wp\/v2\/users\/2"}],"replies":[{"embeddable":true,"href":"https:\/\/regiaonews.net.br\/2022\/wp-json\/wp\/v2\/comments?post=95756"}],"version-history":[{"count":1,"href":"https:\/\/regiaonews.net.br\/2022\/wp-json\/wp\/v2\/posts\/95756\/revisions"}],"predecessor-version":[{"id":95758,"href":"https:\/\/regiaonews.net.br\/2022\/wp-json\/wp\/v2\/posts\/95756\/revisions\/95758"}],"wp:featuredmedia":[{"embeddable":true,"href":"https:\/\/regiaonews.net.br\/2022\/wp-json\/wp\/v2\/media\/95757"}],"wp:attachment":[{"href":"https:\/\/regiaonews.net.br\/2022\/wp-json\/wp\/v2\/media?parent=95756"}],"wp:term":[{"taxonomy":"category","embeddable":true,"href":"https:\/\/regiaonews.net.br\/2022\/wp-json\/wp\/v2\/categories?post=95756"},{"taxonomy":"post_tag","embeddable":true,"href":"https:\/\/regiaonews.net.br\/2022\/wp-json\/wp\/v2\/tags?post=95756"}],"curies":[{"name":"wp","href":"https:\/\/api.w.org\/{rel}","templated":true}]}}