{"id":95738,"date":"2023-09-27T11:26:16","date_gmt":"2023-09-27T14:26:16","guid":{"rendered":"https:\/\/regiaonews.net.br\/2022\/?p=95738"},"modified":"2023-09-27T11:26:16","modified_gmt":"2023-09-27T14:26:16","slug":"prefeitura-realiza-acao-integra-60-em-comemoracao-ao-dia-internacional-da-pessoa-idosa","status":"publish","type":"post","link":"https:\/\/regiaonews.net.br\/2022\/2023\/09\/27\/prefeitura-realiza-acao-integra-60-em-comemoracao-ao-dia-internacional-da-pessoa-idosa\/","title":{"rendered":"Prefeitura realiza A\u00e7\u00e3o \u201cIntegra 60+\u201d em comemora\u00e7\u00e3o ao Dia Internacional da Pessoa Idosa"},"content":{"rendered":"<h3 style=\"text-align: center;\">Evento aberto a toda popula\u00e7\u00e3o a partir de 60 anos ser\u00e1 realizado na pr\u00f3xima ter\u00e7a-feira, dia 3 de outubro, na Esta\u00e7\u00e3o Cultura, das 8 \u00e0s 12h, reunindo m\u00fasica, bem-estar e conscientiza\u00e7\u00e3o sobre direitos.<\/h3>\n<p>A Prefeitura da Est\u00e2ncia Tur\u00edstica de Barretos, por meio da Secretaria Municipal de Assist\u00eancia Social e Desenvolvimento Humano (SMASDH) e com apoio das Secretarias de Sa\u00fade, de Cultura e de Esporte e Lazer e de organiza\u00e7\u00f5es parceiras como o Senac, realiza a primeira edi\u00e7\u00e3o do \u201cIntegra 60+: S\u00f3 envelhece quem vive\u201d. O evento ocorre na ter\u00e7a-feira, 3 de outubro, das 8 \u00e0s 12h, na Esta\u00e7\u00e3o Cultura Placidino Alves Gon\u00e7alves, na Travessa da Avenida 3 \u2013 Bairro Ortega. As atividades s\u00e3o gratuitas e voltadas para toda a popula\u00e7\u00e3o barretense a partir de 60 anos de idade.<\/p>\n<p>Est\u00e3o previstas apresenta\u00e7\u00f5es musicais, atividades de zumba, palestra com profissional de fisioterapia sobre preven\u00e7\u00e3o de quedas e show de talentos, com apresenta\u00e7\u00f5es das pessoas idosas que participam dos Centros de Conviv\u00eancia e Centro Dia vinculados \u00e0 SMASDH, al\u00e9m de a\u00e7\u00f5es de cuidados e testagens sobre infec\u00e7\u00f5es sexualmente transmiss\u00edveis (ISTs). O evento marca tamb\u00e9m o Dia Internacional da Pessoa Idosa e Dia Nacional do Idoso, celebrado em 1\u00ba de outubro.<\/p>\n<p>A prefeita Paula Lemos convida a popula\u00e7\u00e3o para a a\u00e7\u00e3o. \u201cMobilizamos diferentes secretarias e contamos tamb\u00e9m com as organiza\u00e7\u00f5es que apoiam as a\u00e7\u00f5es em prol de nossa popula\u00e7\u00e3o para, juntos, realizarmos uma celebra\u00e7\u00e3o especial para as pessoas idosas de Barretos. Para que seja uma manh\u00e3 de muita m\u00fasica, din\u00e2micas, promo\u00e7\u00e3o de sa\u00fade e a\u00e7\u00f5es de conscientiza\u00e7\u00e3o. Tudo com acesso gratuito\u201d, destaca a chefe do Executivo.<\/p>\n<p>A secret\u00e1ria municipal de Assist\u00eancia Social e Desenvolvimento Humano, Vit\u00f3ria Saretta, ressalta que o papel do evento vai al\u00e9m de celebrar a data. \u201cVamos comemorar com cada pessoa idosa e buscamos tamb\u00e9m com essa a\u00e7\u00e3o sensibilizar a sociedade sobre os caminhos para o envelhecimento saud\u00e1vel e lembrar que todas pessoas idosas s\u00e3o sujeitas de direitos e merecem o devido respeito\u201d, afirma. Vit\u00f3ria ressalta que para se atingir o envelhecimento saud\u00e1vel \u00e9 necess\u00e1rio que cada um de n\u00f3s adote cuidados preventivos e novos h\u00e1bitos a fim de manter boa condi\u00e7\u00e3o de sa\u00fade, alimenta\u00e7\u00e3o e bem-estar.<\/p>\n<p>Servi\u00e7o:<br \/>\nAssunto: \u201cIntegra 60+\u201d<br \/>\nData: Ter\u00e7a-feira, 3 de outubro<br \/>\nHor\u00e1rio: das 8 \u00e0s 12h<br \/>\nP\u00fablico: toda a popula\u00e7\u00e3o a partir de 60 anos<br \/>\nLocal: Esta\u00e7\u00e3o Cultura Placidino Alves Gon\u00e7alves<br \/>\nEndere\u00e7o: Travessa da Avenida 3 &#8211; Bairro Ortega<br \/>\nAcesso gratuito.<\/p>\n<p>Reda\u00e7\u00e3o: Everton Sylvestre<\/p>\n","protected":false},"excerpt":{"rendered":"<p>Evento aberto a toda popula\u00e7\u00e3o a partir de 60 anos<\/p>\n","protected":false},"author":2,"featured_media":95740,"comment_status":"open","ping_status":"open","sticky":false,"template":"","format":"standard","meta":{"footnotes":""},"categories":[14,3],"tags":[],"class_list":["post-95738","post","type-post","status-publish","format-standard","has-post-thumbnail","hentry","category-barretos","category-geral"],"yoast_head":"<!-- This site is optimized with the Yoast SEO plugin v27.4 - https:\/\/yoast.com\/product\/yoast-seo-wordpress\/ -->\n<title>Prefeitura realiza A\u00e7\u00e3o \u201cIntegra 60+\u201d em comemora\u00e7\u00e3o ao Dia Internacional da Pessoa Idosa - Regi\u00e3o News<\/title>\n<meta name=\"robots\" content=\"index, follow, max-snippet:-1, max-image-preview:large, max-video-preview:-1\" \/>\n<link rel=\"canonical\" href=\"https:\/\/regiaonews.net.br\/2022\/2023\/09\/27\/prefeitura-realiza-acao-integra-60-em-comemoracao-ao-dia-internacional-da-pessoa-idosa\/\" \/>\n<meta property=\"og:locale\" content=\"pt_BR\" \/>\n<meta property=\"og:type\" content=\"article\" \/>\n<meta property=\"og:title\" content=\"Prefeitura realiza A\u00e7\u00e3o \u201cIntegra 60+\u201d em comemora\u00e7\u00e3o ao Dia Internacional da Pessoa Idosa - Regi\u00e3o News\" \/>\n<meta property=\"og:description\" content=\"Evento aberto a toda popula\u00e7\u00e3o a partir de 60 anos\" \/>\n<meta property=\"og:url\" content=\"https:\/\/regiaonews.net.br\/2022\/2023\/09\/27\/prefeitura-realiza-acao-integra-60-em-comemoracao-ao-dia-internacional-da-pessoa-idosa\/\" \/>\n<meta property=\"og:site_name\" content=\"Regi\u00e3o News\" \/>\n<meta property=\"article:published_time\" content=\"2023-09-27T14:26:16+00:00\" \/>\n<meta property=\"og:image\" content=\"https:\/\/regiaonews.net.br\/2022\/wp-content\/uploads\/2023\/09\/Imagem-do-WhatsApp-de-2023-09-27-as-10.12.52.jpg\" \/>\n\t<meta property=\"og:image:width\" content=\"1080\" \/>\n\t<meta property=\"og:image:height\" content=\"1080\" \/>\n\t<meta property=\"og:image:type\" content=\"image\/jpeg\" \/>\n<meta name=\"author\" content=\"Roberto\" \/>\n<meta name=\"twitter:card\" content=\"summary_large_image\" \/>\n<meta name=\"twitter:label1\" content=\"Escrito por\" \/>\n\t<meta name=\"twitter:data1\" content=\"Roberto\" \/>\n\t<meta name=\"twitter:label2\" content=\"Est. tempo de leitura\" \/>\n\t<meta name=\"twitter:data2\" content=\"3 minutos\" \/>\n<script type=\"application\/ld+json\" class=\"yoast-schema-graph\">{\"@context\":\"https:\\\/\\\/schema.org\",\"@graph\":[{\"@type\":\"Article\",\"@id\":\"https:\\\/\\\/regiaonews.net.br\\\/2022\\\/2023\\\/09\\\/27\\\/prefeitura-realiza-acao-integra-60-em-comemoracao-ao-dia-internacional-da-pessoa-idosa\\\/#article\",\"isPartOf\":{\"@id\":\"https:\\\/\\\/regiaonews.net.br\\\/2022\\\/2023\\\/09\\\/27\\\/prefeitura-realiza-acao-integra-60-em-comemoracao-ao-dia-internacional-da-pessoa-idosa\\\/\"},\"author\":{\"name\":\"Roberto\",\"@id\":\"https:\\\/\\\/regiaonews.net.br\\\/2022\\\/#\\\/schema\\\/person\\\/2d205a608a5aa97ac279d7a5e6d89ad8\"},\"headline\":\"Prefeitura realiza A\u00e7\u00e3o \u201cIntegra 60+\u201d em comemora\u00e7\u00e3o ao Dia Internacional da Pessoa Idosa\",\"datePublished\":\"2023-09-27T14:26:16+00:00\",\"mainEntityOfPage\":{\"@id\":\"https:\\\/\\\/regiaonews.net.br\\\/2022\\\/2023\\\/09\\\/27\\\/prefeitura-realiza-acao-integra-60-em-comemoracao-ao-dia-internacional-da-pessoa-idosa\\\/\"},\"wordCount\":460,\"commentCount\":0,\"publisher\":{\"@id\":\"https:\\\/\\\/regiaonews.net.br\\\/2022\\\/#organization\"},\"image\":{\"@id\":\"https:\\\/\\\/regiaonews.net.br\\\/2022\\\/2023\\\/09\\\/27\\\/prefeitura-realiza-acao-integra-60-em-comemoracao-ao-dia-internacional-da-pessoa-idosa\\\/#primaryimage\"},\"thumbnailUrl\":\"https:\\\/\\\/regiaonews.net.br\\\/2022\\\/wp-content\\\/uploads\\\/2023\\\/09\\\/Imagem-do-WhatsApp-de-2023-09-27-as-10.12.52.jpg\",\"articleSection\":[\"Barretos\",\"Geral\"],\"inLanguage\":\"pt-BR\",\"potentialAction\":[{\"@type\":\"CommentAction\",\"name\":\"Comment\",\"target\":[\"https:\\\/\\\/regiaonews.net.br\\\/2022\\\/2023\\\/09\\\/27\\\/prefeitura-realiza-acao-integra-60-em-comemoracao-ao-dia-internacional-da-pessoa-idosa\\\/#respond\"]}]},{\"@type\":\"WebPage\",\"@id\":\"https:\\\/\\\/regiaonews.net.br\\\/2022\\\/2023\\\/09\\\/27\\\/prefeitura-realiza-acao-integra-60-em-comemoracao-ao-dia-internacional-da-pessoa-idosa\\\/\",\"url\":\"https:\\\/\\\/regiaonews.net.br\\\/2022\\\/2023\\\/09\\\/27\\\/prefeitura-realiza-acao-integra-60-em-comemoracao-ao-dia-internacional-da-pessoa-idosa\\\/\",\"name\":\"Prefeitura realiza A\u00e7\u00e3o \u201cIntegra 60+\u201d em comemora\u00e7\u00e3o ao Dia Internacional da Pessoa Idosa - Regi\u00e3o News\",\"isPartOf\":{\"@id\":\"https:\\\/\\\/regiaonews.net.br\\\/2022\\\/#website\"},\"primaryImageOfPage\":{\"@id\":\"https:\\\/\\\/regiaonews.net.br\\\/2022\\\/2023\\\/09\\\/27\\\/prefeitura-realiza-acao-integra-60-em-comemoracao-ao-dia-internacional-da-pessoa-idosa\\\/#primaryimage\"},\"image\":{\"@id\":\"https:\\\/\\\/regiaonews.net.br\\\/2022\\\/2023\\\/09\\\/27\\\/prefeitura-realiza-acao-integra-60-em-comemoracao-ao-dia-internacional-da-pessoa-idosa\\\/#primaryimage\"},\"thumbnailUrl\":\"https:\\\/\\\/regiaonews.net.br\\\/2022\\\/wp-content\\\/uploads\\\/2023\\\/09\\\/Imagem-do-WhatsApp-de-2023-09-27-as-10.12.52.jpg\",\"datePublished\":\"2023-09-27T14:26:16+00:00\",\"breadcrumb\":{\"@id\":\"https:\\\/\\\/regiaonews.net.br\\\/2022\\\/2023\\\/09\\\/27\\\/prefeitura-realiza-acao-integra-60-em-comemoracao-ao-dia-internacional-da-pessoa-idosa\\\/#breadcrumb\"},\"inLanguage\":\"pt-BR\",\"potentialAction\":[{\"@type\":\"ReadAction\",\"target\":[\"https:\\\/\\\/regiaonews.net.br\\\/2022\\\/2023\\\/09\\\/27\\\/prefeitura-realiza-acao-integra-60-em-comemoracao-ao-dia-internacional-da-pessoa-idosa\\\/\"]}]},{\"@type\":\"ImageObject\",\"inLanguage\":\"pt-BR\",\"@id\":\"https:\\\/\\\/regiaonews.net.br\\\/2022\\\/2023\\\/09\\\/27\\\/prefeitura-realiza-acao-integra-60-em-comemoracao-ao-dia-internacional-da-pessoa-idosa\\\/#primaryimage\",\"url\":\"https:\\\/\\\/regiaonews.net.br\\\/2022\\\/wp-content\\\/uploads\\\/2023\\\/09\\\/Imagem-do-WhatsApp-de-2023-09-27-as-10.12.52.jpg\",\"contentUrl\":\"https:\\\/\\\/regiaonews.net.br\\\/2022\\\/wp-content\\\/uploads\\\/2023\\\/09\\\/Imagem-do-WhatsApp-de-2023-09-27-as-10.12.52.jpg\",\"width\":1080,\"height\":1080},{\"@type\":\"BreadcrumbList\",\"@id\":\"https:\\\/\\\/regiaonews.net.br\\\/2022\\\/2023\\\/09\\\/27\\\/prefeitura-realiza-acao-integra-60-em-comemoracao-ao-dia-internacional-da-pessoa-idosa\\\/#breadcrumb\",\"itemListElement\":[{\"@type\":\"ListItem\",\"position\":1,\"name\":\"In\u00edcio\",\"item\":\"https:\\\/\\\/regiaonews.net.br\\\/2022\\\/\"},{\"@type\":\"ListItem\",\"position\":2,\"name\":\"Prefeitura realiza A\u00e7\u00e3o \u201cIntegra 60+\u201d em comemora\u00e7\u00e3o ao Dia Internacional da Pessoa Idosa\"}]},{\"@type\":\"WebSite\",\"@id\":\"https:\\\/\\\/regiaonews.net.br\\\/2022\\\/#website\",\"url\":\"https:\\\/\\\/regiaonews.net.br\\\/2022\\\/\",\"name\":\"Regi\u00e3o News\",\"description\":\"Site de Not\u00edcias de Barretos e regi\u00e3o\",\"publisher\":{\"@id\":\"https:\\\/\\\/regiaonews.net.br\\\/2022\\\/#organization\"},\"potentialAction\":[{\"@type\":\"SearchAction\",\"target\":{\"@type\":\"EntryPoint\",\"urlTemplate\":\"https:\\\/\\\/regiaonews.net.br\\\/2022\\\/?s={search_term_string}\"},\"query-input\":{\"@type\":\"PropertyValueSpecification\",\"valueRequired\":true,\"valueName\":\"search_term_string\"}}],\"inLanguage\":\"pt-BR\"},{\"@type\":\"Organization\",\"@id\":\"https:\\\/\\\/regiaonews.net.br\\\/2022\\\/#organization\",\"name\":\"Regi\u00e3o News\",\"url\":\"https:\\\/\\\/regiaonews.net.br\\\/2022\\\/\",\"logo\":{\"@type\":\"ImageObject\",\"inLanguage\":\"pt-BR\",\"@id\":\"https:\\\/\\\/regiaonews.net.br\\\/2022\\\/#\\\/schema\\\/logo\\\/image\\\/\",\"url\":\"https:\\\/\\\/regiaonews.net.br\\\/2022\\\/wp-content\\\/uploads\\\/2026\\\/03\\\/regiao-13-anos-scaled.jpg\",\"contentUrl\":\"https:\\\/\\\/regiaonews.net.br\\\/2022\\\/wp-content\\\/uploads\\\/2026\\\/03\\\/regiao-13-anos-scaled.jpg\",\"width\":2560,\"height\":635,\"caption\":\"Regi\u00e3o News\"},\"image\":{\"@id\":\"https:\\\/\\\/regiaonews.net.br\\\/2022\\\/#\\\/schema\\\/logo\\\/image\\\/\"}},{\"@type\":\"Person\",\"@id\":\"https:\\\/\\\/regiaonews.net.br\\\/2022\\\/#\\\/schema\\\/person\\\/2d205a608a5aa97ac279d7a5e6d89ad8\",\"name\":\"Roberto\",\"image\":{\"@type\":\"ImageObject\",\"inLanguage\":\"pt-BR\",\"@id\":\"https:\\\/\\\/secure.gravatar.com\\\/avatar\\\/42749d8b712ff9d59ca93dc150494e5b55a44134482993f5baeb97e61b7ecc89?s=96&d=mm&r=g\",\"url\":\"https:\\\/\\\/secure.gravatar.com\\\/avatar\\\/42749d8b712ff9d59ca93dc150494e5b55a44134482993f5baeb97e61b7ecc89?s=96&d=mm&r=g\",\"contentUrl\":\"https:\\\/\\\/secure.gravatar.com\\\/avatar\\\/42749d8b712ff9d59ca93dc150494e5b55a44134482993f5baeb97e61b7ecc89?s=96&d=mm&r=g\",\"caption\":\"Roberto\"},\"url\":\"https:\\\/\\\/regiaonews.net.br\\\/2022\\\/author\\\/roberto\\\/\"}]}<\/script>\n<!-- \/ Yoast SEO plugin. -->","yoast_head_json":{"title":"Prefeitura realiza A\u00e7\u00e3o \u201cIntegra 60+\u201d em comemora\u00e7\u00e3o ao Dia Internacional da Pessoa Idosa - Regi\u00e3o News","robots":{"index":"index","follow":"follow","max-snippet":"max-snippet:-1","max-image-preview":"max-image-preview:large","max-video-preview":"max-video-preview:-1"},"canonical":"https:\/\/regiaonews.net.br\/2022\/2023\/09\/27\/prefeitura-realiza-acao-integra-60-em-comemoracao-ao-dia-internacional-da-pessoa-idosa\/","og_locale":"pt_BR","og_type":"article","og_title":"Prefeitura realiza A\u00e7\u00e3o \u201cIntegra 60+\u201d em comemora\u00e7\u00e3o ao Dia Internacional da Pessoa Idosa - Regi\u00e3o News","og_description":"Evento aberto a toda popula\u00e7\u00e3o a partir de 60 anos","og_url":"https:\/\/regiaonews.net.br\/2022\/2023\/09\/27\/prefeitura-realiza-acao-integra-60-em-comemoracao-ao-dia-internacional-da-pessoa-idosa\/","og_site_name":"Regi\u00e3o News","article_published_time":"2023-09-27T14:26:16+00:00","og_image":[{"width":1080,"height":1080,"url":"https:\/\/regiaonews.net.br\/2022\/wp-content\/uploads\/2023\/09\/Imagem-do-WhatsApp-de-2023-09-27-as-10.12.52.jpg","type":"image\/jpeg"}],"author":"Roberto","twitter_card":"summary_large_image","twitter_misc":{"Escrito por":"Roberto","Est. tempo de leitura":"3 minutos"},"schema":{"@context":"https:\/\/schema.org","@graph":[{"@type":"Article","@id":"https:\/\/regiaonews.net.br\/2022\/2023\/09\/27\/prefeitura-realiza-acao-integra-60-em-comemoracao-ao-dia-internacional-da-pessoa-idosa\/#article","isPartOf":{"@id":"https:\/\/regiaonews.net.br\/2022\/2023\/09\/27\/prefeitura-realiza-acao-integra-60-em-comemoracao-ao-dia-internacional-da-pessoa-idosa\/"},"author":{"name":"Roberto","@id":"https:\/\/regiaonews.net.br\/2022\/#\/schema\/person\/2d205a608a5aa97ac279d7a5e6d89ad8"},"headline":"Prefeitura realiza A\u00e7\u00e3o \u201cIntegra 60+\u201d em comemora\u00e7\u00e3o ao Dia Internacional da Pessoa Idosa","datePublished":"2023-09-27T14:26:16+00:00","mainEntityOfPage":{"@id":"https:\/\/regiaonews.net.br\/2022\/2023\/09\/27\/prefeitura-realiza-acao-integra-60-em-comemoracao-ao-dia-internacional-da-pessoa-idosa\/"},"wordCount":460,"commentCount":0,"publisher":{"@id":"https:\/\/regiaonews.net.br\/2022\/#organization"},"image":{"@id":"https:\/\/regiaonews.net.br\/2022\/2023\/09\/27\/prefeitura-realiza-acao-integra-60-em-comemoracao-ao-dia-internacional-da-pessoa-idosa\/#primaryimage"},"thumbnailUrl":"https:\/\/regiaonews.net.br\/2022\/wp-content\/uploads\/2023\/09\/Imagem-do-WhatsApp-de-2023-09-27-as-10.12.52.jpg","articleSection":["Barretos","Geral"],"inLanguage":"pt-BR","potentialAction":[{"@type":"CommentAction","name":"Comment","target":["https:\/\/regiaonews.net.br\/2022\/2023\/09\/27\/prefeitura-realiza-acao-integra-60-em-comemoracao-ao-dia-internacional-da-pessoa-idosa\/#respond"]}]},{"@type":"WebPage","@id":"https:\/\/regiaonews.net.br\/2022\/2023\/09\/27\/prefeitura-realiza-acao-integra-60-em-comemoracao-ao-dia-internacional-da-pessoa-idosa\/","url":"https:\/\/regiaonews.net.br\/2022\/2023\/09\/27\/prefeitura-realiza-acao-integra-60-em-comemoracao-ao-dia-internacional-da-pessoa-idosa\/","name":"Prefeitura realiza A\u00e7\u00e3o \u201cIntegra 60+\u201d em comemora\u00e7\u00e3o ao Dia Internacional da Pessoa Idosa - Regi\u00e3o News","isPartOf":{"@id":"https:\/\/regiaonews.net.br\/2022\/#website"},"primaryImageOfPage":{"@id":"https:\/\/regiaonews.net.br\/2022\/2023\/09\/27\/prefeitura-realiza-acao-integra-60-em-comemoracao-ao-dia-internacional-da-pessoa-idosa\/#primaryimage"},"image":{"@id":"https:\/\/regiaonews.net.br\/2022\/2023\/09\/27\/prefeitura-realiza-acao-integra-60-em-comemoracao-ao-dia-internacional-da-pessoa-idosa\/#primaryimage"},"thumbnailUrl":"https:\/\/regiaonews.net.br\/2022\/wp-content\/uploads\/2023\/09\/Imagem-do-WhatsApp-de-2023-09-27-as-10.12.52.jpg","datePublished":"2023-09-27T14:26:16+00:00","breadcrumb":{"@id":"https:\/\/regiaonews.net.br\/2022\/2023\/09\/27\/prefeitura-realiza-acao-integra-60-em-comemoracao-ao-dia-internacional-da-pessoa-idosa\/#breadcrumb"},"inLanguage":"pt-BR","potentialAction":[{"@type":"ReadAction","target":["https:\/\/regiaonews.net.br\/2022\/2023\/09\/27\/prefeitura-realiza-acao-integra-60-em-comemoracao-ao-dia-internacional-da-pessoa-idosa\/"]}]},{"@type":"ImageObject","inLanguage":"pt-BR","@id":"https:\/\/regiaonews.net.br\/2022\/2023\/09\/27\/prefeitura-realiza-acao-integra-60-em-comemoracao-ao-dia-internacional-da-pessoa-idosa\/#primaryimage","url":"https:\/\/regiaonews.net.br\/2022\/wp-content\/uploads\/2023\/09\/Imagem-do-WhatsApp-de-2023-09-27-as-10.12.52.jpg","contentUrl":"https:\/\/regiaonews.net.br\/2022\/wp-content\/uploads\/2023\/09\/Imagem-do-WhatsApp-de-2023-09-27-as-10.12.52.jpg","width":1080,"height":1080},{"@type":"BreadcrumbList","@id":"https:\/\/regiaonews.net.br\/2022\/2023\/09\/27\/prefeitura-realiza-acao-integra-60-em-comemoracao-ao-dia-internacional-da-pessoa-idosa\/#breadcrumb","itemListElement":[{"@type":"ListItem","position":1,"name":"In\u00edcio","item":"https:\/\/regiaonews.net.br\/2022\/"},{"@type":"ListItem","position":2,"name":"Prefeitura realiza A\u00e7\u00e3o \u201cIntegra 60+\u201d em comemora\u00e7\u00e3o ao Dia Internacional da Pessoa Idosa"}]},{"@type":"WebSite","@id":"https:\/\/regiaonews.net.br\/2022\/#website","url":"https:\/\/regiaonews.net.br\/2022\/","name":"Regi\u00e3o News","description":"Site de Not\u00edcias de Barretos e regi\u00e3o","publisher":{"@id":"https:\/\/regiaonews.net.br\/2022\/#organization"},"potentialAction":[{"@type":"SearchAction","target":{"@type":"EntryPoint","urlTemplate":"https:\/\/regiaonews.net.br\/2022\/?s={search_term_string}"},"query-input":{"@type":"PropertyValueSpecification","valueRequired":true,"valueName":"search_term_string"}}],"inLanguage":"pt-BR"},{"@type":"Organization","@id":"https:\/\/regiaonews.net.br\/2022\/#organization","name":"Regi\u00e3o News","url":"https:\/\/regiaonews.net.br\/2022\/","logo":{"@type":"ImageObject","inLanguage":"pt-BR","@id":"https:\/\/regiaonews.net.br\/2022\/#\/schema\/logo\/image\/","url":"https:\/\/regiaonews.net.br\/2022\/wp-content\/uploads\/2026\/03\/regiao-13-anos-scaled.jpg","contentUrl":"https:\/\/regiaonews.net.br\/2022\/wp-content\/uploads\/2026\/03\/regiao-13-anos-scaled.jpg","width":2560,"height":635,"caption":"Regi\u00e3o News"},"image":{"@id":"https:\/\/regiaonews.net.br\/2022\/#\/schema\/logo\/image\/"}},{"@type":"Person","@id":"https:\/\/regiaonews.net.br\/2022\/#\/schema\/person\/2d205a608a5aa97ac279d7a5e6d89ad8","name":"Roberto","image":{"@type":"ImageObject","inLanguage":"pt-BR","@id":"https:\/\/secure.gravatar.com\/avatar\/42749d8b712ff9d59ca93dc150494e5b55a44134482993f5baeb97e61b7ecc89?s=96&d=mm&r=g","url":"https:\/\/secure.gravatar.com\/avatar\/42749d8b712ff9d59ca93dc150494e5b55a44134482993f5baeb97e61b7ecc89?s=96&d=mm&r=g","contentUrl":"https:\/\/secure.gravatar.com\/avatar\/42749d8b712ff9d59ca93dc150494e5b55a44134482993f5baeb97e61b7ecc89?s=96&d=mm&r=g","caption":"Roberto"},"url":"https:\/\/regiaonews.net.br\/2022\/author\/roberto\/"}]}},"publishpress_future_action":{"enabled":false,"date":"2026-05-05 02:04:24","action":"change-status","newStatus":"draft","terms":[],"taxonomy":"category","extraData":[]},"publishpress_future_workflow_manual_trigger":{"enabledWorkflows":[]},"_links":{"self":[{"href":"https:\/\/regiaonews.net.br\/2022\/wp-json\/wp\/v2\/posts\/95738","targetHints":{"allow":["GET"]}}],"collection":[{"href":"https:\/\/regiaonews.net.br\/2022\/wp-json\/wp\/v2\/posts"}],"about":[{"href":"https:\/\/regiaonews.net.br\/2022\/wp-json\/wp\/v2\/types\/post"}],"author":[{"embeddable":true,"href":"https:\/\/regiaonews.net.br\/2022\/wp-json\/wp\/v2\/users\/2"}],"replies":[{"embeddable":true,"href":"https:\/\/regiaonews.net.br\/2022\/wp-json\/wp\/v2\/comments?post=95738"}],"version-history":[{"count":1,"href":"https:\/\/regiaonews.net.br\/2022\/wp-json\/wp\/v2\/posts\/95738\/revisions"}],"predecessor-version":[{"id":95741,"href":"https:\/\/regiaonews.net.br\/2022\/wp-json\/wp\/v2\/posts\/95738\/revisions\/95741"}],"wp:featuredmedia":[{"embeddable":true,"href":"https:\/\/regiaonews.net.br\/2022\/wp-json\/wp\/v2\/media\/95740"}],"wp:attachment":[{"href":"https:\/\/regiaonews.net.br\/2022\/wp-json\/wp\/v2\/media?parent=95738"}],"wp:term":[{"taxonomy":"category","embeddable":true,"href":"https:\/\/regiaonews.net.br\/2022\/wp-json\/wp\/v2\/categories?post=95738"},{"taxonomy":"post_tag","embeddable":true,"href":"https:\/\/regiaonews.net.br\/2022\/wp-json\/wp\/v2\/tags?post=95738"}],"curies":[{"name":"wp","href":"https:\/\/api.w.org\/{rel}","templated":true}]}}