{"id":95732,"date":"2023-09-27T11:24:21","date_gmt":"2023-09-27T14:24:21","guid":{"rendered":"https:\/\/regiaonews.net.br\/2022\/?p=95732"},"modified":"2023-09-27T11:24:21","modified_gmt":"2023-09-27T14:24:21","slug":"dia-nacional-do-surdo-e-celebrado-com-atividades-pedagogicas-na-rede-municipal-de-ensino-de-barretos","status":"publish","type":"post","link":"https:\/\/regiaonews.net.br\/2022\/2023\/09\/27\/dia-nacional-do-surdo-e-celebrado-com-atividades-pedagogicas-na-rede-municipal-de-ensino-de-barretos\/","title":{"rendered":"Dia Nacional do Surdo \u00e9 celebrado com atividades pedag\u00f3gicas na Rede Municipal de Ensino de Barretos"},"content":{"rendered":"<h3 style=\"text-align: center;\">Servidores participantes do curso de Libras oferecido pela prefeitura receberam o Prof. Marcos Tadeu de Freitas, que contou suas experi\u00eancias enquanto pessoa surda.<\/h3>\n<p>O Dia Nacional do Surdo, celebrado nesta ter\u00e7a-feira, dia 26 de setembro, foi marcado por uma s\u00e9rie de atividades pedag\u00f3gicas nas escolas da Rede Municipal de Ensino e no Curso B\u00e1sico de L\u00edngua Brasileira de Sinais (Libras), oferecido pela prefeitura da Est\u00e2ncia Tur\u00edstica de Barretos, por meio do N\u00facleo de Inclus\u00e3o e Diversidade da Secretaria Municipal de Educa\u00e7\u00e3o (SME).<br \/>\nA professora int\u00e9rprete de Libras da SME, Cristiani Santana Teixeira Vidica, que tamb\u00e9m ministra o curso para servidores da prefeitura, autarquias e comunidade em geral que atuam no atendimento ao p\u00fablico, explicou que a data marca o dia de funda\u00e7\u00e3o do Instituto Imperial de Surdos-Mudos, que passou a se chamar Instituto Nacional de Educa\u00e7\u00e3o de Surdos (INES), em 1857, no Rio de Janeiro, e falou da import\u00e2ncia de se discutir o tema. \u201cEste dia deve ser celebrado, pois mesmo depois de mais de 160 anos da funda\u00e7\u00e3o do INES, a comunidade surda ainda tem muito a conquistar em termos de acessibilidade e garantia de direitos. Por isso, para recordar a data e deixar o tema em evid\u00eancia, a Rede Municipal de Ensino promove nas escolas uma s\u00e9rie de atividades em prol de uma educa\u00e7\u00e3o cada vez mais inclusiva em Barretos, al\u00e9m do curso de Libras para os servidores, afim de que a pessoa surda possa ser mais bem atendida e compreendida nos espa\u00e7os p\u00fablicos\u201d, comentou.<br \/>\nAtualmente a Rede Municipal de Ensino tem 10 alunos surdos matriculados desde a Educa\u00e7\u00e3o Infantil at\u00e9 o Ensino Fundamental II, frequentando as salas de aulas regulares, e conta com nove professores int\u00e9rpretes, sendo um deles surdo.<br \/>\nEscolas e Cemeis<br \/>\nNas Escolas Municipais e Centros Municipais de Educa\u00e7\u00e3o Infantil (Cemeis) o Dia do Surdo foi trabalhado com atividades pedag\u00f3gicas com palestras, produ\u00e7\u00f5es de cartazes e execu\u00e7\u00e3o do Hino Nacional em Libras. \u201cO trabalho do tema na sala de aula visa ampliar a aprendizagem, n\u00e3o s\u00f3 para o aluno surdo, mas para toda a turma, que aprende sobre inclus\u00e3o e igualdade\u201d, comentou Cristiane.<br \/>\nO Dia Nacional do Surdo foi criado pela Lei n\u00ba 11.796\/2008. J\u00e1 o Dia Nacional da Libras \u00e9 comemorado em 24 de abril, pois neste dia no ano de 2002 a Lei 10.436 reconheceu a l\u00edngua brasileira de sinais como meio legal de comunica\u00e7\u00e3o e express\u00e3o.<br \/>\nViv\u00eancia no dia a dia<br \/>\nEm sua segunda aula, os alunos ouvintes do Curso B\u00e1sico de Libras foram surpreendidos com a presen\u00e7a de Marcos Tadeu de Freitas, professor de libras e tradutor int\u00e9rprete da Rede Estadual de Ensino, que \u00e9 surdo oralizado, ou seja, tamb\u00e9m aprendeu a falar a l\u00edngua oficial do pa\u00eds, e puderam colocar em pr\u00e1tica o que j\u00e1 haviam aprendido executando em libras a can\u00e7\u00e3o \u201cA turminha tem um novo amigo\u201d para o professor.<br \/>\nCom tradu\u00e7\u00e3o da Profa. Cristiane, ele contou suas viv\u00eancias enquanto pessoa surda e agradeceu aos servidores pelo interesse em aprender a l\u00edngua de sinais. \u201cH\u00e1 algum tempo atr\u00e1s a gente se sentia at\u00e9 exclu\u00eddo, dependia muito de um int\u00e9rprete, agora voc\u00eas est\u00e3o aqui aprendendo na pr\u00e1tica. Voc\u00eas n\u00e3o precisam ser fluentes, eu sei disso, mas o importante \u00e9 conseguirem se comunicar\u201d, disse. Marcos ainda destacou a participa\u00e7\u00e3o dos Bombeiros Civis, equipe da Sa\u00fade e PROCON, exemplificando situa\u00e7\u00f5es cotidianas pelas quais passou que foram prejudicados pela falta de conhecimento da Libras por parte dos profissionais.<br \/>\nO curso \u00e9 realizado atrav\u00e9s do Centro de Forma\u00e7\u00e3o de Profissionais de Educa\u00e7\u00e3o (Ceforpe) e dividido em 10 encontros, com aulas semanais, sempre \u00e0s ter\u00e7as-feiras, das 8h \u00e0s 10h30, na Sede da SME.<\/p>\n<p>Reda\u00e7\u00e3o: Assessoria\u00a0de\u00a0Imprensa<\/p>\n","protected":false},"excerpt":{"rendered":"<p>Servidores participantes do curso de Libras oferecido pela prefeitura receberam<\/p>\n","protected":false},"author":2,"featured_media":95733,"comment_status":"open","ping_status":"open","sticky":false,"template":"","format":"standard","meta":{"footnotes":""},"categories":[14,3],"tags":[],"class_list":["post-95732","post","type-post","status-publish","format-standard","has-post-thumbnail","hentry","category-barretos","category-geral"],"yoast_head":"<!-- This site is optimized with the Yoast SEO plugin v27.4 - https:\/\/yoast.com\/product\/yoast-seo-wordpress\/ -->\n<title>Dia Nacional do Surdo \u00e9 celebrado com atividades pedag\u00f3gicas na Rede Municipal de Ensino de Barretos - Regi\u00e3o News<\/title>\n<meta name=\"robots\" content=\"index, follow, max-snippet:-1, max-image-preview:large, max-video-preview:-1\" \/>\n<link rel=\"canonical\" href=\"https:\/\/regiaonews.net.br\/2022\/2023\/09\/27\/dia-nacional-do-surdo-e-celebrado-com-atividades-pedagogicas-na-rede-municipal-de-ensino-de-barretos\/\" \/>\n<meta property=\"og:locale\" content=\"pt_BR\" \/>\n<meta property=\"og:type\" content=\"article\" \/>\n<meta property=\"og:title\" content=\"Dia Nacional do Surdo \u00e9 celebrado com atividades pedag\u00f3gicas na Rede Municipal de Ensino de Barretos - Regi\u00e3o News\" \/>\n<meta property=\"og:description\" content=\"Servidores participantes do curso de Libras oferecido pela prefeitura receberam\" \/>\n<meta property=\"og:url\" content=\"https:\/\/regiaonews.net.br\/2022\/2023\/09\/27\/dia-nacional-do-surdo-e-celebrado-com-atividades-pedagogicas-na-rede-municipal-de-ensino-de-barretos\/\" \/>\n<meta property=\"og:site_name\" content=\"Regi\u00e3o News\" \/>\n<meta property=\"article:published_time\" content=\"2023-09-27T14:24:21+00:00\" \/>\n<meta property=\"og:image\" content=\"https:\/\/regiaonews.net.br\/2022\/wp-content\/uploads\/2023\/09\/Imagem-do-WhatsApp-de-2023-09-27-as-10.12.49.jpg\" \/>\n\t<meta property=\"og:image:width\" content=\"1600\" \/>\n\t<meta property=\"og:image:height\" content=\"1224\" \/>\n\t<meta property=\"og:image:type\" content=\"image\/jpeg\" \/>\n<meta name=\"author\" content=\"Roberto\" \/>\n<meta name=\"twitter:card\" content=\"summary_large_image\" \/>\n<meta name=\"twitter:label1\" content=\"Escrito por\" \/>\n\t<meta name=\"twitter:data1\" content=\"Roberto\" \/>\n\t<meta name=\"twitter:label2\" content=\"Est. tempo de leitura\" \/>\n\t<meta name=\"twitter:data2\" content=\"4 minutos\" \/>\n<script type=\"application\/ld+json\" class=\"yoast-schema-graph\">{\"@context\":\"https:\\\/\\\/schema.org\",\"@graph\":[{\"@type\":\"Article\",\"@id\":\"https:\\\/\\\/regiaonews.net.br\\\/2022\\\/2023\\\/09\\\/27\\\/dia-nacional-do-surdo-e-celebrado-com-atividades-pedagogicas-na-rede-municipal-de-ensino-de-barretos\\\/#article\",\"isPartOf\":{\"@id\":\"https:\\\/\\\/regiaonews.net.br\\\/2022\\\/2023\\\/09\\\/27\\\/dia-nacional-do-surdo-e-celebrado-com-atividades-pedagogicas-na-rede-municipal-de-ensino-de-barretos\\\/\"},\"author\":{\"name\":\"Roberto\",\"@id\":\"https:\\\/\\\/regiaonews.net.br\\\/2022\\\/#\\\/schema\\\/person\\\/2d205a608a5aa97ac279d7a5e6d89ad8\"},\"headline\":\"Dia Nacional do Surdo \u00e9 celebrado com atividades pedag\u00f3gicas na Rede Municipal de Ensino de Barretos\",\"datePublished\":\"2023-09-27T14:24:21+00:00\",\"mainEntityOfPage\":{\"@id\":\"https:\\\/\\\/regiaonews.net.br\\\/2022\\\/2023\\\/09\\\/27\\\/dia-nacional-do-surdo-e-celebrado-com-atividades-pedagogicas-na-rede-municipal-de-ensino-de-barretos\\\/\"},\"wordCount\":668,\"commentCount\":0,\"publisher\":{\"@id\":\"https:\\\/\\\/regiaonews.net.br\\\/2022\\\/#organization\"},\"image\":{\"@id\":\"https:\\\/\\\/regiaonews.net.br\\\/2022\\\/2023\\\/09\\\/27\\\/dia-nacional-do-surdo-e-celebrado-com-atividades-pedagogicas-na-rede-municipal-de-ensino-de-barretos\\\/#primaryimage\"},\"thumbnailUrl\":\"https:\\\/\\\/regiaonews.net.br\\\/2022\\\/wp-content\\\/uploads\\\/2023\\\/09\\\/Imagem-do-WhatsApp-de-2023-09-27-as-10.12.49.jpg\",\"articleSection\":[\"Barretos\",\"Geral\"],\"inLanguage\":\"pt-BR\",\"potentialAction\":[{\"@type\":\"CommentAction\",\"name\":\"Comment\",\"target\":[\"https:\\\/\\\/regiaonews.net.br\\\/2022\\\/2023\\\/09\\\/27\\\/dia-nacional-do-surdo-e-celebrado-com-atividades-pedagogicas-na-rede-municipal-de-ensino-de-barretos\\\/#respond\"]}]},{\"@type\":\"WebPage\",\"@id\":\"https:\\\/\\\/regiaonews.net.br\\\/2022\\\/2023\\\/09\\\/27\\\/dia-nacional-do-surdo-e-celebrado-com-atividades-pedagogicas-na-rede-municipal-de-ensino-de-barretos\\\/\",\"url\":\"https:\\\/\\\/regiaonews.net.br\\\/2022\\\/2023\\\/09\\\/27\\\/dia-nacional-do-surdo-e-celebrado-com-atividades-pedagogicas-na-rede-municipal-de-ensino-de-barretos\\\/\",\"name\":\"Dia Nacional do Surdo \u00e9 celebrado com atividades pedag\u00f3gicas na Rede Municipal de Ensino de Barretos - Regi\u00e3o News\",\"isPartOf\":{\"@id\":\"https:\\\/\\\/regiaonews.net.br\\\/2022\\\/#website\"},\"primaryImageOfPage\":{\"@id\":\"https:\\\/\\\/regiaonews.net.br\\\/2022\\\/2023\\\/09\\\/27\\\/dia-nacional-do-surdo-e-celebrado-com-atividades-pedagogicas-na-rede-municipal-de-ensino-de-barretos\\\/#primaryimage\"},\"image\":{\"@id\":\"https:\\\/\\\/regiaonews.net.br\\\/2022\\\/2023\\\/09\\\/27\\\/dia-nacional-do-surdo-e-celebrado-com-atividades-pedagogicas-na-rede-municipal-de-ensino-de-barretos\\\/#primaryimage\"},\"thumbnailUrl\":\"https:\\\/\\\/regiaonews.net.br\\\/2022\\\/wp-content\\\/uploads\\\/2023\\\/09\\\/Imagem-do-WhatsApp-de-2023-09-27-as-10.12.49.jpg\",\"datePublished\":\"2023-09-27T14:24:21+00:00\",\"breadcrumb\":{\"@id\":\"https:\\\/\\\/regiaonews.net.br\\\/2022\\\/2023\\\/09\\\/27\\\/dia-nacional-do-surdo-e-celebrado-com-atividades-pedagogicas-na-rede-municipal-de-ensino-de-barretos\\\/#breadcrumb\"},\"inLanguage\":\"pt-BR\",\"potentialAction\":[{\"@type\":\"ReadAction\",\"target\":[\"https:\\\/\\\/regiaonews.net.br\\\/2022\\\/2023\\\/09\\\/27\\\/dia-nacional-do-surdo-e-celebrado-com-atividades-pedagogicas-na-rede-municipal-de-ensino-de-barretos\\\/\"]}]},{\"@type\":\"ImageObject\",\"inLanguage\":\"pt-BR\",\"@id\":\"https:\\\/\\\/regiaonews.net.br\\\/2022\\\/2023\\\/09\\\/27\\\/dia-nacional-do-surdo-e-celebrado-com-atividades-pedagogicas-na-rede-municipal-de-ensino-de-barretos\\\/#primaryimage\",\"url\":\"https:\\\/\\\/regiaonews.net.br\\\/2022\\\/wp-content\\\/uploads\\\/2023\\\/09\\\/Imagem-do-WhatsApp-de-2023-09-27-as-10.12.49.jpg\",\"contentUrl\":\"https:\\\/\\\/regiaonews.net.br\\\/2022\\\/wp-content\\\/uploads\\\/2023\\\/09\\\/Imagem-do-WhatsApp-de-2023-09-27-as-10.12.49.jpg\",\"width\":1600,\"height\":1224},{\"@type\":\"BreadcrumbList\",\"@id\":\"https:\\\/\\\/regiaonews.net.br\\\/2022\\\/2023\\\/09\\\/27\\\/dia-nacional-do-surdo-e-celebrado-com-atividades-pedagogicas-na-rede-municipal-de-ensino-de-barretos\\\/#breadcrumb\",\"itemListElement\":[{\"@type\":\"ListItem\",\"position\":1,\"name\":\"In\u00edcio\",\"item\":\"https:\\\/\\\/regiaonews.net.br\\\/2022\\\/\"},{\"@type\":\"ListItem\",\"position\":2,\"name\":\"Dia Nacional do Surdo \u00e9 celebrado com atividades pedag\u00f3gicas na Rede Municipal de Ensino de Barretos\"}]},{\"@type\":\"WebSite\",\"@id\":\"https:\\\/\\\/regiaonews.net.br\\\/2022\\\/#website\",\"url\":\"https:\\\/\\\/regiaonews.net.br\\\/2022\\\/\",\"name\":\"Regi\u00e3o News\",\"description\":\"Site de Not\u00edcias de Barretos e regi\u00e3o\",\"publisher\":{\"@id\":\"https:\\\/\\\/regiaonews.net.br\\\/2022\\\/#organization\"},\"potentialAction\":[{\"@type\":\"SearchAction\",\"target\":{\"@type\":\"EntryPoint\",\"urlTemplate\":\"https:\\\/\\\/regiaonews.net.br\\\/2022\\\/?s={search_term_string}\"},\"query-input\":{\"@type\":\"PropertyValueSpecification\",\"valueRequired\":true,\"valueName\":\"search_term_string\"}}],\"inLanguage\":\"pt-BR\"},{\"@type\":\"Organization\",\"@id\":\"https:\\\/\\\/regiaonews.net.br\\\/2022\\\/#organization\",\"name\":\"Regi\u00e3o News\",\"url\":\"https:\\\/\\\/regiaonews.net.br\\\/2022\\\/\",\"logo\":{\"@type\":\"ImageObject\",\"inLanguage\":\"pt-BR\",\"@id\":\"https:\\\/\\\/regiaonews.net.br\\\/2022\\\/#\\\/schema\\\/logo\\\/image\\\/\",\"url\":\"https:\\\/\\\/regiaonews.net.br\\\/2022\\\/wp-content\\\/uploads\\\/2026\\\/03\\\/regiao-13-anos-scaled.jpg\",\"contentUrl\":\"https:\\\/\\\/regiaonews.net.br\\\/2022\\\/wp-content\\\/uploads\\\/2026\\\/03\\\/regiao-13-anos-scaled.jpg\",\"width\":2560,\"height\":635,\"caption\":\"Regi\u00e3o News\"},\"image\":{\"@id\":\"https:\\\/\\\/regiaonews.net.br\\\/2022\\\/#\\\/schema\\\/logo\\\/image\\\/\"}},{\"@type\":\"Person\",\"@id\":\"https:\\\/\\\/regiaonews.net.br\\\/2022\\\/#\\\/schema\\\/person\\\/2d205a608a5aa97ac279d7a5e6d89ad8\",\"name\":\"Roberto\",\"image\":{\"@type\":\"ImageObject\",\"inLanguage\":\"pt-BR\",\"@id\":\"https:\\\/\\\/secure.gravatar.com\\\/avatar\\\/42749d8b712ff9d59ca93dc150494e5b55a44134482993f5baeb97e61b7ecc89?s=96&d=mm&r=g\",\"url\":\"https:\\\/\\\/secure.gravatar.com\\\/avatar\\\/42749d8b712ff9d59ca93dc150494e5b55a44134482993f5baeb97e61b7ecc89?s=96&d=mm&r=g\",\"contentUrl\":\"https:\\\/\\\/secure.gravatar.com\\\/avatar\\\/42749d8b712ff9d59ca93dc150494e5b55a44134482993f5baeb97e61b7ecc89?s=96&d=mm&r=g\",\"caption\":\"Roberto\"},\"url\":\"https:\\\/\\\/regiaonews.net.br\\\/2022\\\/author\\\/roberto\\\/\"}]}<\/script>\n<!-- \/ Yoast SEO plugin. -->","yoast_head_json":{"title":"Dia Nacional do Surdo \u00e9 celebrado com atividades pedag\u00f3gicas na Rede Municipal de Ensino de Barretos - Regi\u00e3o News","robots":{"index":"index","follow":"follow","max-snippet":"max-snippet:-1","max-image-preview":"max-image-preview:large","max-video-preview":"max-video-preview:-1"},"canonical":"https:\/\/regiaonews.net.br\/2022\/2023\/09\/27\/dia-nacional-do-surdo-e-celebrado-com-atividades-pedagogicas-na-rede-municipal-de-ensino-de-barretos\/","og_locale":"pt_BR","og_type":"article","og_title":"Dia Nacional do Surdo \u00e9 celebrado com atividades pedag\u00f3gicas na Rede Municipal de Ensino de Barretos - Regi\u00e3o News","og_description":"Servidores participantes do curso de Libras oferecido pela prefeitura receberam","og_url":"https:\/\/regiaonews.net.br\/2022\/2023\/09\/27\/dia-nacional-do-surdo-e-celebrado-com-atividades-pedagogicas-na-rede-municipal-de-ensino-de-barretos\/","og_site_name":"Regi\u00e3o News","article_published_time":"2023-09-27T14:24:21+00:00","og_image":[{"width":1600,"height":1224,"url":"https:\/\/regiaonews.net.br\/2022\/wp-content\/uploads\/2023\/09\/Imagem-do-WhatsApp-de-2023-09-27-as-10.12.49.jpg","type":"image\/jpeg"}],"author":"Roberto","twitter_card":"summary_large_image","twitter_misc":{"Escrito por":"Roberto","Est. tempo de leitura":"4 minutos"},"schema":{"@context":"https:\/\/schema.org","@graph":[{"@type":"Article","@id":"https:\/\/regiaonews.net.br\/2022\/2023\/09\/27\/dia-nacional-do-surdo-e-celebrado-com-atividades-pedagogicas-na-rede-municipal-de-ensino-de-barretos\/#article","isPartOf":{"@id":"https:\/\/regiaonews.net.br\/2022\/2023\/09\/27\/dia-nacional-do-surdo-e-celebrado-com-atividades-pedagogicas-na-rede-municipal-de-ensino-de-barretos\/"},"author":{"name":"Roberto","@id":"https:\/\/regiaonews.net.br\/2022\/#\/schema\/person\/2d205a608a5aa97ac279d7a5e6d89ad8"},"headline":"Dia Nacional do Surdo \u00e9 celebrado com atividades pedag\u00f3gicas na Rede Municipal de Ensino de Barretos","datePublished":"2023-09-27T14:24:21+00:00","mainEntityOfPage":{"@id":"https:\/\/regiaonews.net.br\/2022\/2023\/09\/27\/dia-nacional-do-surdo-e-celebrado-com-atividades-pedagogicas-na-rede-municipal-de-ensino-de-barretos\/"},"wordCount":668,"commentCount":0,"publisher":{"@id":"https:\/\/regiaonews.net.br\/2022\/#organization"},"image":{"@id":"https:\/\/regiaonews.net.br\/2022\/2023\/09\/27\/dia-nacional-do-surdo-e-celebrado-com-atividades-pedagogicas-na-rede-municipal-de-ensino-de-barretos\/#primaryimage"},"thumbnailUrl":"https:\/\/regiaonews.net.br\/2022\/wp-content\/uploads\/2023\/09\/Imagem-do-WhatsApp-de-2023-09-27-as-10.12.49.jpg","articleSection":["Barretos","Geral"],"inLanguage":"pt-BR","potentialAction":[{"@type":"CommentAction","name":"Comment","target":["https:\/\/regiaonews.net.br\/2022\/2023\/09\/27\/dia-nacional-do-surdo-e-celebrado-com-atividades-pedagogicas-na-rede-municipal-de-ensino-de-barretos\/#respond"]}]},{"@type":"WebPage","@id":"https:\/\/regiaonews.net.br\/2022\/2023\/09\/27\/dia-nacional-do-surdo-e-celebrado-com-atividades-pedagogicas-na-rede-municipal-de-ensino-de-barretos\/","url":"https:\/\/regiaonews.net.br\/2022\/2023\/09\/27\/dia-nacional-do-surdo-e-celebrado-com-atividades-pedagogicas-na-rede-municipal-de-ensino-de-barretos\/","name":"Dia Nacional do Surdo \u00e9 celebrado com atividades pedag\u00f3gicas na Rede Municipal de Ensino de Barretos - Regi\u00e3o News","isPartOf":{"@id":"https:\/\/regiaonews.net.br\/2022\/#website"},"primaryImageOfPage":{"@id":"https:\/\/regiaonews.net.br\/2022\/2023\/09\/27\/dia-nacional-do-surdo-e-celebrado-com-atividades-pedagogicas-na-rede-municipal-de-ensino-de-barretos\/#primaryimage"},"image":{"@id":"https:\/\/regiaonews.net.br\/2022\/2023\/09\/27\/dia-nacional-do-surdo-e-celebrado-com-atividades-pedagogicas-na-rede-municipal-de-ensino-de-barretos\/#primaryimage"},"thumbnailUrl":"https:\/\/regiaonews.net.br\/2022\/wp-content\/uploads\/2023\/09\/Imagem-do-WhatsApp-de-2023-09-27-as-10.12.49.jpg","datePublished":"2023-09-27T14:24:21+00:00","breadcrumb":{"@id":"https:\/\/regiaonews.net.br\/2022\/2023\/09\/27\/dia-nacional-do-surdo-e-celebrado-com-atividades-pedagogicas-na-rede-municipal-de-ensino-de-barretos\/#breadcrumb"},"inLanguage":"pt-BR","potentialAction":[{"@type":"ReadAction","target":["https:\/\/regiaonews.net.br\/2022\/2023\/09\/27\/dia-nacional-do-surdo-e-celebrado-com-atividades-pedagogicas-na-rede-municipal-de-ensino-de-barretos\/"]}]},{"@type":"ImageObject","inLanguage":"pt-BR","@id":"https:\/\/regiaonews.net.br\/2022\/2023\/09\/27\/dia-nacional-do-surdo-e-celebrado-com-atividades-pedagogicas-na-rede-municipal-de-ensino-de-barretos\/#primaryimage","url":"https:\/\/regiaonews.net.br\/2022\/wp-content\/uploads\/2023\/09\/Imagem-do-WhatsApp-de-2023-09-27-as-10.12.49.jpg","contentUrl":"https:\/\/regiaonews.net.br\/2022\/wp-content\/uploads\/2023\/09\/Imagem-do-WhatsApp-de-2023-09-27-as-10.12.49.jpg","width":1600,"height":1224},{"@type":"BreadcrumbList","@id":"https:\/\/regiaonews.net.br\/2022\/2023\/09\/27\/dia-nacional-do-surdo-e-celebrado-com-atividades-pedagogicas-na-rede-municipal-de-ensino-de-barretos\/#breadcrumb","itemListElement":[{"@type":"ListItem","position":1,"name":"In\u00edcio","item":"https:\/\/regiaonews.net.br\/2022\/"},{"@type":"ListItem","position":2,"name":"Dia Nacional do Surdo \u00e9 celebrado com atividades pedag\u00f3gicas na Rede Municipal de Ensino de Barretos"}]},{"@type":"WebSite","@id":"https:\/\/regiaonews.net.br\/2022\/#website","url":"https:\/\/regiaonews.net.br\/2022\/","name":"Regi\u00e3o News","description":"Site de Not\u00edcias de Barretos e regi\u00e3o","publisher":{"@id":"https:\/\/regiaonews.net.br\/2022\/#organization"},"potentialAction":[{"@type":"SearchAction","target":{"@type":"EntryPoint","urlTemplate":"https:\/\/regiaonews.net.br\/2022\/?s={search_term_string}"},"query-input":{"@type":"PropertyValueSpecification","valueRequired":true,"valueName":"search_term_string"}}],"inLanguage":"pt-BR"},{"@type":"Organization","@id":"https:\/\/regiaonews.net.br\/2022\/#organization","name":"Regi\u00e3o News","url":"https:\/\/regiaonews.net.br\/2022\/","logo":{"@type":"ImageObject","inLanguage":"pt-BR","@id":"https:\/\/regiaonews.net.br\/2022\/#\/schema\/logo\/image\/","url":"https:\/\/regiaonews.net.br\/2022\/wp-content\/uploads\/2026\/03\/regiao-13-anos-scaled.jpg","contentUrl":"https:\/\/regiaonews.net.br\/2022\/wp-content\/uploads\/2026\/03\/regiao-13-anos-scaled.jpg","width":2560,"height":635,"caption":"Regi\u00e3o News"},"image":{"@id":"https:\/\/regiaonews.net.br\/2022\/#\/schema\/logo\/image\/"}},{"@type":"Person","@id":"https:\/\/regiaonews.net.br\/2022\/#\/schema\/person\/2d205a608a5aa97ac279d7a5e6d89ad8","name":"Roberto","image":{"@type":"ImageObject","inLanguage":"pt-BR","@id":"https:\/\/secure.gravatar.com\/avatar\/42749d8b712ff9d59ca93dc150494e5b55a44134482993f5baeb97e61b7ecc89?s=96&d=mm&r=g","url":"https:\/\/secure.gravatar.com\/avatar\/42749d8b712ff9d59ca93dc150494e5b55a44134482993f5baeb97e61b7ecc89?s=96&d=mm&r=g","contentUrl":"https:\/\/secure.gravatar.com\/avatar\/42749d8b712ff9d59ca93dc150494e5b55a44134482993f5baeb97e61b7ecc89?s=96&d=mm&r=g","caption":"Roberto"},"url":"https:\/\/regiaonews.net.br\/2022\/author\/roberto\/"}]}},"publishpress_future_action":{"enabled":false,"date":"2026-05-04 22:46:39","action":"change-status","newStatus":"draft","terms":[],"taxonomy":"category","extraData":[]},"publishpress_future_workflow_manual_trigger":{"enabledWorkflows":[]},"_links":{"self":[{"href":"https:\/\/regiaonews.net.br\/2022\/wp-json\/wp\/v2\/posts\/95732","targetHints":{"allow":["GET"]}}],"collection":[{"href":"https:\/\/regiaonews.net.br\/2022\/wp-json\/wp\/v2\/posts"}],"about":[{"href":"https:\/\/regiaonews.net.br\/2022\/wp-json\/wp\/v2\/types\/post"}],"author":[{"embeddable":true,"href":"https:\/\/regiaonews.net.br\/2022\/wp-json\/wp\/v2\/users\/2"}],"replies":[{"embeddable":true,"href":"https:\/\/regiaonews.net.br\/2022\/wp-json\/wp\/v2\/comments?post=95732"}],"version-history":[{"count":1,"href":"https:\/\/regiaonews.net.br\/2022\/wp-json\/wp\/v2\/posts\/95732\/revisions"}],"predecessor-version":[{"id":95734,"href":"https:\/\/regiaonews.net.br\/2022\/wp-json\/wp\/v2\/posts\/95732\/revisions\/95734"}],"wp:featuredmedia":[{"embeddable":true,"href":"https:\/\/regiaonews.net.br\/2022\/wp-json\/wp\/v2\/media\/95733"}],"wp:attachment":[{"href":"https:\/\/regiaonews.net.br\/2022\/wp-json\/wp\/v2\/media?parent=95732"}],"wp:term":[{"taxonomy":"category","embeddable":true,"href":"https:\/\/regiaonews.net.br\/2022\/wp-json\/wp\/v2\/categories?post=95732"},{"taxonomy":"post_tag","embeddable":true,"href":"https:\/\/regiaonews.net.br\/2022\/wp-json\/wp\/v2\/tags?post=95732"}],"curies":[{"name":"wp","href":"https:\/\/api.w.org\/{rel}","templated":true}]}}