{"id":95724,"date":"2023-09-26T23:42:04","date_gmt":"2023-09-27T02:42:04","guid":{"rendered":"https:\/\/regiaonews.net.br\/2022\/?p=95724"},"modified":"2023-09-27T10:08:39","modified_gmt":"2023-09-27T13:08:39","slug":"tudo-igual-corinthians-e-fortaleza-empatam-no-primeiro-jogo-da-semifinal","status":"publish","type":"post","link":"https:\/\/regiaonews.net.br\/2022\/2023\/09\/26\/tudo-igual-corinthians-e-fortaleza-empatam-no-primeiro-jogo-da-semifinal\/","title":{"rendered":"Tudo igual: Corinthians e Fortaleza empatam no primeiro jogo da semifinal"},"content":{"rendered":"<div id=\"wrap\">\n<div id=\"container_wrap\">\n<div id=\"conteudo\" class=\"container\">\n<div id=\"main\">\n<figure id=\"imagem_principal\" class=\"imagem_intext creditada\"><figcaption><\/figcaption><\/figure>\n<article id=\"noticia\" class=\"default\">\n<div class=\"info_artigo \">\n<p>&nbsp;<\/p>\n<\/div>\n<div class=\"texto\">\n<div class=\"pbmt publicidade_300x250 pbmt_container \">\n<div class=\"pbmt\">\n<div class=\"pbmt publicidade_arroba publicidade_300x250\">\n<div id=\"teadsPlace\">\n<div class=\"teads-inread xs-screen\">\n<div>\n<div class=\"teads-ui-components-adchoices\">\n<p>Corinthians e Fortaleza empataram em 1 a 1 a partida de ida da semifinal da Sul-Americana, que ocorreu na noite desta ter\u00e7a-feira. Diante da torcida na\u00a0Neo Qu\u00edmica Arena, o Tim\u00e3o viu o Fortaleza abrir o placar no primeiro tempo com Z\u00e9 Welison, mas igualou o marcador ainda antes do intervalo com Yuri Alberto.<\/p>\n<p>O primeiro tempo foi equilibrado, mas o\u00a0Corinthians\u00a0viu o Fortaleza abrir o placar com Z\u00e9 Welison em escanteio cobrado por Marinho. O volante disputou com\u00a0F\u00e1bio Santos\u00a0na grande \u00e1rea e desviou de cabe\u00e7a para balan\u00e7ar as redes. O juiz havia marcado falta no lance, mas confirmou o gol ap\u00f3s revis\u00e3o no VAR. O Tim\u00e3o, no entanto, conseguiu o empate com Yuri Alberto, que recebeu passe de\u00a0Renato Augusto\u00a0nas costas da defesa e balan\u00e7ou as redes de Jo\u00e3o Ricardo na reta final.<\/p>\n<p>A segunda etapa foi de menos emo\u00e7\u00f5es. O Corinthians at\u00e9 teve mais a posse de bola, mas n\u00e3o conseguia transformar em chances claras. E, quando conseguia, a equipe alvinegra errava no \u00faltimo passe. O Fortaleza, por sua vez, chegava com chutes de longa dist\u00e2ncia, facilmente defendidos por\u00a0C\u00e1ssio. Sem gols nos 45 minutos finais, a partida terminou empatada em 1 a 1 na Neo Qu\u00edmica Arena.<\/p>\n<p>A partida de volta entre Corinthians e Fortaleza pela Sul-Americana est\u00e1 marcada para a pr\u00f3xima ter\u00e7a-feira, dia 3 de outubro, \u00e0s 21h30, na Arena Castel\u00e3o. Antes, no entanto, o Tim\u00e3o tem um compromisso pelo\u00a0Brasileir\u00e3o\u00a0no s\u00e1bado, quando encara o S\u00e3o Paulo, \u00e0s 18h30, no Morumbi, em duelo v\u00e1lido pela 25\u00aa rodada.<\/p>\n<\/div>\n<\/div>\n<\/div>\n<\/div>\n<\/div>\n<\/div>\n<\/div>\n<\/div>\n<\/article>\n<\/div>\n<\/div>\n<\/div>\n<\/div>\n<p>&nbsp;<\/p>\n","protected":false},"excerpt":{"rendered":"<p>&nbsp; Corinthians e Fortaleza empataram em 1 a 1 a<\/p>\n","protected":false},"author":2,"featured_media":95725,"comment_status":"open","ping_status":"open","sticky":false,"template":"","format":"standard","meta":{"footnotes":""},"categories":[172,21],"tags":[],"class_list":["post-95724","post","type-post","status-publish","format-standard","has-post-thumbnail","hentry","category-copa-sul-americana","category-esporte"],"yoast_head":"<!-- This site is optimized with the Yoast SEO plugin v27.4 - https:\/\/yoast.com\/product\/yoast-seo-wordpress\/ -->\n<title>Tudo igual: Corinthians e Fortaleza empatam no primeiro jog<\/title>\n<meta name=\"robots\" content=\"index, follow, max-snippet:-1, max-image-preview:large, max-video-preview:-1\" \/>\n<link rel=\"canonical\" href=\"https:\/\/regiaonews.net.br\/2022\/2023\/09\/26\/tudo-igual-corinthians-e-fortaleza-empatam-no-primeiro-jogo-da-semifinal\/\" \/>\n<meta property=\"og:locale\" content=\"pt_BR\" \/>\n<meta property=\"og:type\" content=\"article\" \/>\n<meta property=\"og:title\" content=\"Tudo igual: Corinthians e Fortaleza empatam no primeiro jog\" \/>\n<meta property=\"og:description\" content=\"&nbsp; Corinthians e Fortaleza empataram em 1 a 1 a\" \/>\n<meta property=\"og:url\" content=\"https:\/\/regiaonews.net.br\/2022\/2023\/09\/26\/tudo-igual-corinthians-e-fortaleza-empatam-no-primeiro-jogo-da-semifinal\/\" \/>\n<meta property=\"og:site_name\" content=\"Regi\u00e3o News\" \/>\n<meta property=\"article:published_time\" content=\"2023-09-27T02:42:04+00:00\" \/>\n<meta property=\"article:modified_time\" content=\"2023-09-27T13:08:39+00:00\" \/>\n<meta property=\"og:image\" content=\"https:\/\/regiaonews.net.br\/2022\/wp-content\/uploads\/2023\/09\/yuri_alberto_tentando_dominar_a_bola_e_maycon_jrys.jpg\" \/>\n\t<meta property=\"og:image:width\" content=\"614\" \/>\n\t<meta property=\"og:image:height\" content=\"409\" \/>\n\t<meta property=\"og:image:type\" content=\"image\/jpeg\" \/>\n<meta name=\"author\" content=\"Roberto\" \/>\n<meta name=\"twitter:card\" content=\"summary_large_image\" \/>\n<meta name=\"twitter:label1\" content=\"Escrito por\" \/>\n\t<meta name=\"twitter:data1\" content=\"Roberto\" \/>\n\t<meta name=\"twitter:label2\" content=\"Est. tempo de leitura\" \/>\n\t<meta name=\"twitter:data2\" content=\"2 minutos\" \/>\n<script type=\"application\/ld+json\" class=\"yoast-schema-graph\">{\"@context\":\"https:\\\/\\\/schema.org\",\"@graph\":[{\"@type\":\"Article\",\"@id\":\"https:\\\/\\\/regiaonews.net.br\\\/2022\\\/2023\\\/09\\\/26\\\/tudo-igual-corinthians-e-fortaleza-empatam-no-primeiro-jogo-da-semifinal\\\/#article\",\"isPartOf\":{\"@id\":\"https:\\\/\\\/regiaonews.net.br\\\/2022\\\/2023\\\/09\\\/26\\\/tudo-igual-corinthians-e-fortaleza-empatam-no-primeiro-jogo-da-semifinal\\\/\"},\"author\":{\"name\":\"Roberto\",\"@id\":\"https:\\\/\\\/regiaonews.net.br\\\/2022\\\/#\\\/schema\\\/person\\\/2d205a608a5aa97ac279d7a5e6d89ad8\"},\"headline\":\"Tudo igual: Corinthians e Fortaleza empatam no primeiro jogo da semifinal\",\"datePublished\":\"2023-09-27T02:42:04+00:00\",\"dateModified\":\"2023-09-27T13:08:39+00:00\",\"mainEntityOfPage\":{\"@id\":\"https:\\\/\\\/regiaonews.net.br\\\/2022\\\/2023\\\/09\\\/26\\\/tudo-igual-corinthians-e-fortaleza-empatam-no-primeiro-jogo-da-semifinal\\\/\"},\"wordCount\":286,\"commentCount\":0,\"publisher\":{\"@id\":\"https:\\\/\\\/regiaonews.net.br\\\/2022\\\/#organization\"},\"image\":{\"@id\":\"https:\\\/\\\/regiaonews.net.br\\\/2022\\\/2023\\\/09\\\/26\\\/tudo-igual-corinthians-e-fortaleza-empatam-no-primeiro-jogo-da-semifinal\\\/#primaryimage\"},\"thumbnailUrl\":\"https:\\\/\\\/regiaonews.net.br\\\/2022\\\/wp-content\\\/uploads\\\/2023\\\/09\\\/yuri_alberto_tentando_dominar_a_bola_e_maycon_jrys.jpg\",\"articleSection\":[\"Copa Sul-Americana\",\"Esporte\"],\"inLanguage\":\"pt-BR\",\"potentialAction\":[{\"@type\":\"CommentAction\",\"name\":\"Comment\",\"target\":[\"https:\\\/\\\/regiaonews.net.br\\\/2022\\\/2023\\\/09\\\/26\\\/tudo-igual-corinthians-e-fortaleza-empatam-no-primeiro-jogo-da-semifinal\\\/#respond\"]}]},{\"@type\":\"WebPage\",\"@id\":\"https:\\\/\\\/regiaonews.net.br\\\/2022\\\/2023\\\/09\\\/26\\\/tudo-igual-corinthians-e-fortaleza-empatam-no-primeiro-jogo-da-semifinal\\\/\",\"url\":\"https:\\\/\\\/regiaonews.net.br\\\/2022\\\/2023\\\/09\\\/26\\\/tudo-igual-corinthians-e-fortaleza-empatam-no-primeiro-jogo-da-semifinal\\\/\",\"name\":\"Tudo igual: Corinthians e Fortaleza empatam no primeiro jog\",\"isPartOf\":{\"@id\":\"https:\\\/\\\/regiaonews.net.br\\\/2022\\\/#website\"},\"primaryImageOfPage\":{\"@id\":\"https:\\\/\\\/regiaonews.net.br\\\/2022\\\/2023\\\/09\\\/26\\\/tudo-igual-corinthians-e-fortaleza-empatam-no-primeiro-jogo-da-semifinal\\\/#primaryimage\"},\"image\":{\"@id\":\"https:\\\/\\\/regiaonews.net.br\\\/2022\\\/2023\\\/09\\\/26\\\/tudo-igual-corinthians-e-fortaleza-empatam-no-primeiro-jogo-da-semifinal\\\/#primaryimage\"},\"thumbnailUrl\":\"https:\\\/\\\/regiaonews.net.br\\\/2022\\\/wp-content\\\/uploads\\\/2023\\\/09\\\/yuri_alberto_tentando_dominar_a_bola_e_maycon_jrys.jpg\",\"datePublished\":\"2023-09-27T02:42:04+00:00\",\"dateModified\":\"2023-09-27T13:08:39+00:00\",\"breadcrumb\":{\"@id\":\"https:\\\/\\\/regiaonews.net.br\\\/2022\\\/2023\\\/09\\\/26\\\/tudo-igual-corinthians-e-fortaleza-empatam-no-primeiro-jogo-da-semifinal\\\/#breadcrumb\"},\"inLanguage\":\"pt-BR\",\"potentialAction\":[{\"@type\":\"ReadAction\",\"target\":[\"https:\\\/\\\/regiaonews.net.br\\\/2022\\\/2023\\\/09\\\/26\\\/tudo-igual-corinthians-e-fortaleza-empatam-no-primeiro-jogo-da-semifinal\\\/\"]}]},{\"@type\":\"ImageObject\",\"inLanguage\":\"pt-BR\",\"@id\":\"https:\\\/\\\/regiaonews.net.br\\\/2022\\\/2023\\\/09\\\/26\\\/tudo-igual-corinthians-e-fortaleza-empatam-no-primeiro-jogo-da-semifinal\\\/#primaryimage\",\"url\":\"https:\\\/\\\/regiaonews.net.br\\\/2022\\\/wp-content\\\/uploads\\\/2023\\\/09\\\/yuri_alberto_tentando_dominar_a_bola_e_maycon_jrys.jpg\",\"contentUrl\":\"https:\\\/\\\/regiaonews.net.br\\\/2022\\\/wp-content\\\/uploads\\\/2023\\\/09\\\/yuri_alberto_tentando_dominar_a_bola_e_maycon_jrys.jpg\",\"width\":614,\"height\":409},{\"@type\":\"BreadcrumbList\",\"@id\":\"https:\\\/\\\/regiaonews.net.br\\\/2022\\\/2023\\\/09\\\/26\\\/tudo-igual-corinthians-e-fortaleza-empatam-no-primeiro-jogo-da-semifinal\\\/#breadcrumb\",\"itemListElement\":[{\"@type\":\"ListItem\",\"position\":1,\"name\":\"In\u00edcio\",\"item\":\"https:\\\/\\\/regiaonews.net.br\\\/2022\\\/\"},{\"@type\":\"ListItem\",\"position\":2,\"name\":\"Tudo igual: Corinthians e Fortaleza empatam no primeiro jogo da semifinal\"}]},{\"@type\":\"WebSite\",\"@id\":\"https:\\\/\\\/regiaonews.net.br\\\/2022\\\/#website\",\"url\":\"https:\\\/\\\/regiaonews.net.br\\\/2022\\\/\",\"name\":\"Regi\u00e3o News\",\"description\":\"Site de Not\u00edcias de Barretos e regi\u00e3o\",\"publisher\":{\"@id\":\"https:\\\/\\\/regiaonews.net.br\\\/2022\\\/#organization\"},\"potentialAction\":[{\"@type\":\"SearchAction\",\"target\":{\"@type\":\"EntryPoint\",\"urlTemplate\":\"https:\\\/\\\/regiaonews.net.br\\\/2022\\\/?s={search_term_string}\"},\"query-input\":{\"@type\":\"PropertyValueSpecification\",\"valueRequired\":true,\"valueName\":\"search_term_string\"}}],\"inLanguage\":\"pt-BR\"},{\"@type\":\"Organization\",\"@id\":\"https:\\\/\\\/regiaonews.net.br\\\/2022\\\/#organization\",\"name\":\"Regi\u00e3o News\",\"url\":\"https:\\\/\\\/regiaonews.net.br\\\/2022\\\/\",\"logo\":{\"@type\":\"ImageObject\",\"inLanguage\":\"pt-BR\",\"@id\":\"https:\\\/\\\/regiaonews.net.br\\\/2022\\\/#\\\/schema\\\/logo\\\/image\\\/\",\"url\":\"https:\\\/\\\/regiaonews.net.br\\\/2022\\\/wp-content\\\/uploads\\\/2026\\\/03\\\/regiao-13-anos-scaled.jpg\",\"contentUrl\":\"https:\\\/\\\/regiaonews.net.br\\\/2022\\\/wp-content\\\/uploads\\\/2026\\\/03\\\/regiao-13-anos-scaled.jpg\",\"width\":2560,\"height\":635,\"caption\":\"Regi\u00e3o News\"},\"image\":{\"@id\":\"https:\\\/\\\/regiaonews.net.br\\\/2022\\\/#\\\/schema\\\/logo\\\/image\\\/\"}},{\"@type\":\"Person\",\"@id\":\"https:\\\/\\\/regiaonews.net.br\\\/2022\\\/#\\\/schema\\\/person\\\/2d205a608a5aa97ac279d7a5e6d89ad8\",\"name\":\"Roberto\",\"image\":{\"@type\":\"ImageObject\",\"inLanguage\":\"pt-BR\",\"@id\":\"https:\\\/\\\/secure.gravatar.com\\\/avatar\\\/42749d8b712ff9d59ca93dc150494e5b55a44134482993f5baeb97e61b7ecc89?s=96&d=mm&r=g\",\"url\":\"https:\\\/\\\/secure.gravatar.com\\\/avatar\\\/42749d8b712ff9d59ca93dc150494e5b55a44134482993f5baeb97e61b7ecc89?s=96&d=mm&r=g\",\"contentUrl\":\"https:\\\/\\\/secure.gravatar.com\\\/avatar\\\/42749d8b712ff9d59ca93dc150494e5b55a44134482993f5baeb97e61b7ecc89?s=96&d=mm&r=g\",\"caption\":\"Roberto\"},\"url\":\"https:\\\/\\\/regiaonews.net.br\\\/2022\\\/author\\\/roberto\\\/\"}]}<\/script>\n<!-- \/ Yoast SEO plugin. -->","yoast_head_json":{"title":"Tudo igual: Corinthians e Fortaleza empatam no primeiro jog","robots":{"index":"index","follow":"follow","max-snippet":"max-snippet:-1","max-image-preview":"max-image-preview:large","max-video-preview":"max-video-preview:-1"},"canonical":"https:\/\/regiaonews.net.br\/2022\/2023\/09\/26\/tudo-igual-corinthians-e-fortaleza-empatam-no-primeiro-jogo-da-semifinal\/","og_locale":"pt_BR","og_type":"article","og_title":"Tudo igual: Corinthians e Fortaleza empatam no primeiro jog","og_description":"&nbsp; Corinthians e Fortaleza empataram em 1 a 1 a","og_url":"https:\/\/regiaonews.net.br\/2022\/2023\/09\/26\/tudo-igual-corinthians-e-fortaleza-empatam-no-primeiro-jogo-da-semifinal\/","og_site_name":"Regi\u00e3o News","article_published_time":"2023-09-27T02:42:04+00:00","article_modified_time":"2023-09-27T13:08:39+00:00","og_image":[{"width":614,"height":409,"url":"https:\/\/regiaonews.net.br\/2022\/wp-content\/uploads\/2023\/09\/yuri_alberto_tentando_dominar_a_bola_e_maycon_jrys.jpg","type":"image\/jpeg"}],"author":"Roberto","twitter_card":"summary_large_image","twitter_misc":{"Escrito por":"Roberto","Est. tempo de leitura":"2 minutos"},"schema":{"@context":"https:\/\/schema.org","@graph":[{"@type":"Article","@id":"https:\/\/regiaonews.net.br\/2022\/2023\/09\/26\/tudo-igual-corinthians-e-fortaleza-empatam-no-primeiro-jogo-da-semifinal\/#article","isPartOf":{"@id":"https:\/\/regiaonews.net.br\/2022\/2023\/09\/26\/tudo-igual-corinthians-e-fortaleza-empatam-no-primeiro-jogo-da-semifinal\/"},"author":{"name":"Roberto","@id":"https:\/\/regiaonews.net.br\/2022\/#\/schema\/person\/2d205a608a5aa97ac279d7a5e6d89ad8"},"headline":"Tudo igual: Corinthians e Fortaleza empatam no primeiro jogo da semifinal","datePublished":"2023-09-27T02:42:04+00:00","dateModified":"2023-09-27T13:08:39+00:00","mainEntityOfPage":{"@id":"https:\/\/regiaonews.net.br\/2022\/2023\/09\/26\/tudo-igual-corinthians-e-fortaleza-empatam-no-primeiro-jogo-da-semifinal\/"},"wordCount":286,"commentCount":0,"publisher":{"@id":"https:\/\/regiaonews.net.br\/2022\/#organization"},"image":{"@id":"https:\/\/regiaonews.net.br\/2022\/2023\/09\/26\/tudo-igual-corinthians-e-fortaleza-empatam-no-primeiro-jogo-da-semifinal\/#primaryimage"},"thumbnailUrl":"https:\/\/regiaonews.net.br\/2022\/wp-content\/uploads\/2023\/09\/yuri_alberto_tentando_dominar_a_bola_e_maycon_jrys.jpg","articleSection":["Copa Sul-Americana","Esporte"],"inLanguage":"pt-BR","potentialAction":[{"@type":"CommentAction","name":"Comment","target":["https:\/\/regiaonews.net.br\/2022\/2023\/09\/26\/tudo-igual-corinthians-e-fortaleza-empatam-no-primeiro-jogo-da-semifinal\/#respond"]}]},{"@type":"WebPage","@id":"https:\/\/regiaonews.net.br\/2022\/2023\/09\/26\/tudo-igual-corinthians-e-fortaleza-empatam-no-primeiro-jogo-da-semifinal\/","url":"https:\/\/regiaonews.net.br\/2022\/2023\/09\/26\/tudo-igual-corinthians-e-fortaleza-empatam-no-primeiro-jogo-da-semifinal\/","name":"Tudo igual: Corinthians e Fortaleza empatam no primeiro jog","isPartOf":{"@id":"https:\/\/regiaonews.net.br\/2022\/#website"},"primaryImageOfPage":{"@id":"https:\/\/regiaonews.net.br\/2022\/2023\/09\/26\/tudo-igual-corinthians-e-fortaleza-empatam-no-primeiro-jogo-da-semifinal\/#primaryimage"},"image":{"@id":"https:\/\/regiaonews.net.br\/2022\/2023\/09\/26\/tudo-igual-corinthians-e-fortaleza-empatam-no-primeiro-jogo-da-semifinal\/#primaryimage"},"thumbnailUrl":"https:\/\/regiaonews.net.br\/2022\/wp-content\/uploads\/2023\/09\/yuri_alberto_tentando_dominar_a_bola_e_maycon_jrys.jpg","datePublished":"2023-09-27T02:42:04+00:00","dateModified":"2023-09-27T13:08:39+00:00","breadcrumb":{"@id":"https:\/\/regiaonews.net.br\/2022\/2023\/09\/26\/tudo-igual-corinthians-e-fortaleza-empatam-no-primeiro-jogo-da-semifinal\/#breadcrumb"},"inLanguage":"pt-BR","potentialAction":[{"@type":"ReadAction","target":["https:\/\/regiaonews.net.br\/2022\/2023\/09\/26\/tudo-igual-corinthians-e-fortaleza-empatam-no-primeiro-jogo-da-semifinal\/"]}]},{"@type":"ImageObject","inLanguage":"pt-BR","@id":"https:\/\/regiaonews.net.br\/2022\/2023\/09\/26\/tudo-igual-corinthians-e-fortaleza-empatam-no-primeiro-jogo-da-semifinal\/#primaryimage","url":"https:\/\/regiaonews.net.br\/2022\/wp-content\/uploads\/2023\/09\/yuri_alberto_tentando_dominar_a_bola_e_maycon_jrys.jpg","contentUrl":"https:\/\/regiaonews.net.br\/2022\/wp-content\/uploads\/2023\/09\/yuri_alberto_tentando_dominar_a_bola_e_maycon_jrys.jpg","width":614,"height":409},{"@type":"BreadcrumbList","@id":"https:\/\/regiaonews.net.br\/2022\/2023\/09\/26\/tudo-igual-corinthians-e-fortaleza-empatam-no-primeiro-jogo-da-semifinal\/#breadcrumb","itemListElement":[{"@type":"ListItem","position":1,"name":"In\u00edcio","item":"https:\/\/regiaonews.net.br\/2022\/"},{"@type":"ListItem","position":2,"name":"Tudo igual: Corinthians e Fortaleza empatam no primeiro jogo da semifinal"}]},{"@type":"WebSite","@id":"https:\/\/regiaonews.net.br\/2022\/#website","url":"https:\/\/regiaonews.net.br\/2022\/","name":"Regi\u00e3o News","description":"Site de Not\u00edcias de Barretos e regi\u00e3o","publisher":{"@id":"https:\/\/regiaonews.net.br\/2022\/#organization"},"potentialAction":[{"@type":"SearchAction","target":{"@type":"EntryPoint","urlTemplate":"https:\/\/regiaonews.net.br\/2022\/?s={search_term_string}"},"query-input":{"@type":"PropertyValueSpecification","valueRequired":true,"valueName":"search_term_string"}}],"inLanguage":"pt-BR"},{"@type":"Organization","@id":"https:\/\/regiaonews.net.br\/2022\/#organization","name":"Regi\u00e3o News","url":"https:\/\/regiaonews.net.br\/2022\/","logo":{"@type":"ImageObject","inLanguage":"pt-BR","@id":"https:\/\/regiaonews.net.br\/2022\/#\/schema\/logo\/image\/","url":"https:\/\/regiaonews.net.br\/2022\/wp-content\/uploads\/2026\/03\/regiao-13-anos-scaled.jpg","contentUrl":"https:\/\/regiaonews.net.br\/2022\/wp-content\/uploads\/2026\/03\/regiao-13-anos-scaled.jpg","width":2560,"height":635,"caption":"Regi\u00e3o News"},"image":{"@id":"https:\/\/regiaonews.net.br\/2022\/#\/schema\/logo\/image\/"}},{"@type":"Person","@id":"https:\/\/regiaonews.net.br\/2022\/#\/schema\/person\/2d205a608a5aa97ac279d7a5e6d89ad8","name":"Roberto","image":{"@type":"ImageObject","inLanguage":"pt-BR","@id":"https:\/\/secure.gravatar.com\/avatar\/42749d8b712ff9d59ca93dc150494e5b55a44134482993f5baeb97e61b7ecc89?s=96&d=mm&r=g","url":"https:\/\/secure.gravatar.com\/avatar\/42749d8b712ff9d59ca93dc150494e5b55a44134482993f5baeb97e61b7ecc89?s=96&d=mm&r=g","contentUrl":"https:\/\/secure.gravatar.com\/avatar\/42749d8b712ff9d59ca93dc150494e5b55a44134482993f5baeb97e61b7ecc89?s=96&d=mm&r=g","caption":"Roberto"},"url":"https:\/\/regiaonews.net.br\/2022\/author\/roberto\/"}]}},"publishpress_future_action":{"enabled":false,"date":"2026-05-04 22:40:37","action":"change-status","newStatus":"draft","terms":[],"taxonomy":"category","extraData":[]},"publishpress_future_workflow_manual_trigger":{"enabledWorkflows":[]},"_links":{"self":[{"href":"https:\/\/regiaonews.net.br\/2022\/wp-json\/wp\/v2\/posts\/95724","targetHints":{"allow":["GET"]}}],"collection":[{"href":"https:\/\/regiaonews.net.br\/2022\/wp-json\/wp\/v2\/posts"}],"about":[{"href":"https:\/\/regiaonews.net.br\/2022\/wp-json\/wp\/v2\/types\/post"}],"author":[{"embeddable":true,"href":"https:\/\/regiaonews.net.br\/2022\/wp-json\/wp\/v2\/users\/2"}],"replies":[{"embeddable":true,"href":"https:\/\/regiaonews.net.br\/2022\/wp-json\/wp\/v2\/comments?post=95724"}],"version-history":[{"count":5,"href":"https:\/\/regiaonews.net.br\/2022\/wp-json\/wp\/v2\/posts\/95724\/revisions"}],"predecessor-version":[{"id":95731,"href":"https:\/\/regiaonews.net.br\/2022\/wp-json\/wp\/v2\/posts\/95724\/revisions\/95731"}],"wp:featuredmedia":[{"embeddable":true,"href":"https:\/\/regiaonews.net.br\/2022\/wp-json\/wp\/v2\/media\/95725"}],"wp:attachment":[{"href":"https:\/\/regiaonews.net.br\/2022\/wp-json\/wp\/v2\/media?parent=95724"}],"wp:term":[{"taxonomy":"category","embeddable":true,"href":"https:\/\/regiaonews.net.br\/2022\/wp-json\/wp\/v2\/categories?post=95724"},{"taxonomy":"post_tag","embeddable":true,"href":"https:\/\/regiaonews.net.br\/2022\/wp-json\/wp\/v2\/tags?post=95724"}],"curies":[{"name":"wp","href":"https:\/\/api.w.org\/{rel}","templated":true}]}}