{"id":95682,"date":"2023-09-26T17:39:49","date_gmt":"2023-09-26T20:39:49","guid":{"rendered":"https:\/\/regiaonews.net.br\/2022\/?p=95682"},"modified":"2023-09-26T17:39:49","modified_gmt":"2023-09-26T20:39:49","slug":"barretos-adota-medidas-urgentes-para-a-conservacao-de-agua-durante-a-onda-de-calor","status":"publish","type":"post","link":"https:\/\/regiaonews.net.br\/2022\/2023\/09\/26\/barretos-adota-medidas-urgentes-para-a-conservacao-de-agua-durante-a-onda-de-calor\/","title":{"rendered":"Barretos adota medidas urgentes para a conserva\u00e7\u00e3o de \u00e1gua durante a onda de calor"},"content":{"rendered":"<p>Barretenses ser\u00e3o multados se violarem o decreto municipal<\/p>\n<p>Em resposta \u00e0 onda de calor cont\u00ednua atribu\u00edda ao fen\u00f4meno El Ni\u00f1o, a Prefeita da Est\u00e2ncia Tur\u00edstica de Barretos, Paula Oliveira Lemos, emitiu na segunda-feira (25), um decreto de extrema import\u00e2ncia com o objetivo de preservar os recursos h\u00eddricos do munic\u00edpio pelos pr\u00f3ximos 30 dias. O decreto \u00e9 uma medida proativa para garantir a disponibilidade de \u00e1gua tanto para uso p\u00fablico quanto privado.<\/p>\n<p>A principal medida \u00e9 a proibi\u00e7\u00e3o do desperd\u00edcio de \u00e1gua como lavagem de ruas, cal\u00e7adas, ve\u00edculos motorizados de qualquer tipo em vias p\u00fablicas ou garagens de edif\u00edcios e resid\u00eancias, utilizando \u00e1gua fornecida pelo SAAEB (Servi\u00e7o Aut\u00f4nomo de \u00c1gua e Esgoto de Barretos).<\/p>\n<p>A penalidades por viola\u00e7\u00e3o do decreto de conserva\u00e7\u00e3o de \u00e1gua, conforme detalhado no Artigo 1 do Decreto, resultar\u00e1 em multa. Inicialmente, o SAAEB ir\u00e1 notificar os moradores flagrados em viola\u00e7\u00e3o ao decreto, seja por meio da identifica\u00e7\u00e3o de fiscais ou de den\u00fancias p\u00fablicas. Essas notifica\u00e7\u00f5es ser\u00e3o arquivadas no Setor de Fiscaliza\u00e7\u00e3o da Autarquia e violadores subsequentes receber\u00e3o multas no valor de 45 UFESPs (Unidades Fiscais do Estado de S\u00e3o Paulo), equivalente a R$ 1.541,70.<\/p>\n<p>As Den\u00fancias de Desperd\u00edcio de \u00c1gua podem ser feitas por telefone ou WhatsApp do SAAEB: (17) 3321-5300. No WhatsApp \u00e9 poss\u00edvel enviar fotos e v\u00eddeos da den\u00fancia.<\/p>\n<p>O superintendente Marcelo Borges enfatiza a import\u00e2ncia da coopera\u00e7\u00e3o comunit\u00e1ria nestes tempos desafiadores. &#8220;N\u00e3o temos a inten\u00e7\u00e3o de multar nossos moradores de forma indiscriminada. Em vez disso, esperamos fomentar a compreens\u00e3o de que este per\u00edodo cr\u00edtico requer a\u00e7\u00e3o coletiva. Enquanto uma \u00e1rea pode ter \u00e1gua e press\u00e3o suficientes, atividades n\u00e3o essenciais, como limpar o quintal ou a cal\u00e7ada com uma mangueira, podem impactar negativamente outras \u00e1reas, deixando-as com press\u00e3o de \u00e1gua reduzida. Vamos pensar no bem maior e conservar \u00e1gua juntos&#8221;, afirma.<\/p>\n","protected":false},"excerpt":{"rendered":"<p>Barretenses ser\u00e3o multados se violarem o decreto municipal Em resposta<\/p>\n","protected":false},"author":2,"featured_media":95683,"comment_status":"open","ping_status":"open","sticky":false,"template":"","format":"standard","meta":{"footnotes":""},"categories":[14,25],"tags":[],"class_list":["post-95682","post","type-post","status-publish","format-standard","has-post-thumbnail","hentry","category-barretos","category-cidades"],"yoast_head":"<!-- This site is optimized with the Yoast SEO plugin v27.4 - https:\/\/yoast.com\/product\/yoast-seo-wordpress\/ -->\n<title>Barretos adota medidas urgentes para a conserva\u00e7\u00e3o de \u00e1gua durante a onda de calor - Regi\u00e3o News<\/title>\n<meta name=\"robots\" content=\"index, follow, max-snippet:-1, max-image-preview:large, max-video-preview:-1\" \/>\n<link rel=\"canonical\" href=\"https:\/\/regiaonews.net.br\/2022\/2023\/09\/26\/barretos-adota-medidas-urgentes-para-a-conservacao-de-agua-durante-a-onda-de-calor\/\" \/>\n<meta property=\"og:locale\" content=\"pt_BR\" \/>\n<meta property=\"og:type\" content=\"article\" \/>\n<meta property=\"og:title\" content=\"Barretos adota medidas urgentes para a conserva\u00e7\u00e3o de \u00e1gua durante a onda de calor - Regi\u00e3o News\" \/>\n<meta property=\"og:description\" content=\"Barretenses ser\u00e3o multados se violarem o decreto municipal Em resposta\" \/>\n<meta property=\"og:url\" content=\"https:\/\/regiaonews.net.br\/2022\/2023\/09\/26\/barretos-adota-medidas-urgentes-para-a-conservacao-de-agua-durante-a-onda-de-calor\/\" \/>\n<meta property=\"og:site_name\" content=\"Regi\u00e3o News\" \/>\n<meta property=\"article:published_time\" content=\"2023-09-26T20:39:49+00:00\" \/>\n<meta property=\"og:image\" content=\"https:\/\/regiaonews.net.br\/2022\/wp-content\/uploads\/2023\/09\/WhatsApp-Image-2023-09-26-at-16.16.29.jpeg\" \/>\n\t<meta property=\"og:image:width\" content=\"1600\" \/>\n\t<meta property=\"og:image:height\" content=\"1066\" \/>\n\t<meta property=\"og:image:type\" content=\"image\/jpeg\" \/>\n<meta name=\"author\" content=\"Roberto\" \/>\n<meta name=\"twitter:card\" content=\"summary_large_image\" \/>\n<meta name=\"twitter:label1\" content=\"Escrito por\" \/>\n\t<meta name=\"twitter:data1\" content=\"Roberto\" \/>\n\t<meta name=\"twitter:label2\" content=\"Est. tempo de leitura\" \/>\n\t<meta name=\"twitter:data2\" content=\"2 minutos\" \/>\n<script type=\"application\/ld+json\" class=\"yoast-schema-graph\">{\"@context\":\"https:\\\/\\\/schema.org\",\"@graph\":[{\"@type\":\"Article\",\"@id\":\"https:\\\/\\\/regiaonews.net.br\\\/2022\\\/2023\\\/09\\\/26\\\/barretos-adota-medidas-urgentes-para-a-conservacao-de-agua-durante-a-onda-de-calor\\\/#article\",\"isPartOf\":{\"@id\":\"https:\\\/\\\/regiaonews.net.br\\\/2022\\\/2023\\\/09\\\/26\\\/barretos-adota-medidas-urgentes-para-a-conservacao-de-agua-durante-a-onda-de-calor\\\/\"},\"author\":{\"name\":\"Roberto\",\"@id\":\"https:\\\/\\\/regiaonews.net.br\\\/2022\\\/#\\\/schema\\\/person\\\/2d205a608a5aa97ac279d7a5e6d89ad8\"},\"headline\":\"Barretos adota medidas urgentes para a conserva\u00e7\u00e3o de \u00e1gua durante a onda de calor\",\"datePublished\":\"2023-09-26T20:39:49+00:00\",\"mainEntityOfPage\":{\"@id\":\"https:\\\/\\\/regiaonews.net.br\\\/2022\\\/2023\\\/09\\\/26\\\/barretos-adota-medidas-urgentes-para-a-conservacao-de-agua-durante-a-onda-de-calor\\\/\"},\"wordCount\":351,\"commentCount\":0,\"publisher\":{\"@id\":\"https:\\\/\\\/regiaonews.net.br\\\/2022\\\/#organization\"},\"image\":{\"@id\":\"https:\\\/\\\/regiaonews.net.br\\\/2022\\\/2023\\\/09\\\/26\\\/barretos-adota-medidas-urgentes-para-a-conservacao-de-agua-durante-a-onda-de-calor\\\/#primaryimage\"},\"thumbnailUrl\":\"https:\\\/\\\/regiaonews.net.br\\\/2022\\\/wp-content\\\/uploads\\\/2023\\\/09\\\/WhatsApp-Image-2023-09-26-at-16.16.29.jpeg\",\"articleSection\":[\"Barretos\",\"Cidades\"],\"inLanguage\":\"pt-BR\",\"potentialAction\":[{\"@type\":\"CommentAction\",\"name\":\"Comment\",\"target\":[\"https:\\\/\\\/regiaonews.net.br\\\/2022\\\/2023\\\/09\\\/26\\\/barretos-adota-medidas-urgentes-para-a-conservacao-de-agua-durante-a-onda-de-calor\\\/#respond\"]}]},{\"@type\":\"WebPage\",\"@id\":\"https:\\\/\\\/regiaonews.net.br\\\/2022\\\/2023\\\/09\\\/26\\\/barretos-adota-medidas-urgentes-para-a-conservacao-de-agua-durante-a-onda-de-calor\\\/\",\"url\":\"https:\\\/\\\/regiaonews.net.br\\\/2022\\\/2023\\\/09\\\/26\\\/barretos-adota-medidas-urgentes-para-a-conservacao-de-agua-durante-a-onda-de-calor\\\/\",\"name\":\"Barretos adota medidas urgentes para a conserva\u00e7\u00e3o de \u00e1gua durante a onda de calor - Regi\u00e3o News\",\"isPartOf\":{\"@id\":\"https:\\\/\\\/regiaonews.net.br\\\/2022\\\/#website\"},\"primaryImageOfPage\":{\"@id\":\"https:\\\/\\\/regiaonews.net.br\\\/2022\\\/2023\\\/09\\\/26\\\/barretos-adota-medidas-urgentes-para-a-conservacao-de-agua-durante-a-onda-de-calor\\\/#primaryimage\"},\"image\":{\"@id\":\"https:\\\/\\\/regiaonews.net.br\\\/2022\\\/2023\\\/09\\\/26\\\/barretos-adota-medidas-urgentes-para-a-conservacao-de-agua-durante-a-onda-de-calor\\\/#primaryimage\"},\"thumbnailUrl\":\"https:\\\/\\\/regiaonews.net.br\\\/2022\\\/wp-content\\\/uploads\\\/2023\\\/09\\\/WhatsApp-Image-2023-09-26-at-16.16.29.jpeg\",\"datePublished\":\"2023-09-26T20:39:49+00:00\",\"breadcrumb\":{\"@id\":\"https:\\\/\\\/regiaonews.net.br\\\/2022\\\/2023\\\/09\\\/26\\\/barretos-adota-medidas-urgentes-para-a-conservacao-de-agua-durante-a-onda-de-calor\\\/#breadcrumb\"},\"inLanguage\":\"pt-BR\",\"potentialAction\":[{\"@type\":\"ReadAction\",\"target\":[\"https:\\\/\\\/regiaonews.net.br\\\/2022\\\/2023\\\/09\\\/26\\\/barretos-adota-medidas-urgentes-para-a-conservacao-de-agua-durante-a-onda-de-calor\\\/\"]}]},{\"@type\":\"ImageObject\",\"inLanguage\":\"pt-BR\",\"@id\":\"https:\\\/\\\/regiaonews.net.br\\\/2022\\\/2023\\\/09\\\/26\\\/barretos-adota-medidas-urgentes-para-a-conservacao-de-agua-durante-a-onda-de-calor\\\/#primaryimage\",\"url\":\"https:\\\/\\\/regiaonews.net.br\\\/2022\\\/wp-content\\\/uploads\\\/2023\\\/09\\\/WhatsApp-Image-2023-09-26-at-16.16.29.jpeg\",\"contentUrl\":\"https:\\\/\\\/regiaonews.net.br\\\/2022\\\/wp-content\\\/uploads\\\/2023\\\/09\\\/WhatsApp-Image-2023-09-26-at-16.16.29.jpeg\",\"width\":1600,\"height\":1066},{\"@type\":\"BreadcrumbList\",\"@id\":\"https:\\\/\\\/regiaonews.net.br\\\/2022\\\/2023\\\/09\\\/26\\\/barretos-adota-medidas-urgentes-para-a-conservacao-de-agua-durante-a-onda-de-calor\\\/#breadcrumb\",\"itemListElement\":[{\"@type\":\"ListItem\",\"position\":1,\"name\":\"In\u00edcio\",\"item\":\"https:\\\/\\\/regiaonews.net.br\\\/2022\\\/\"},{\"@type\":\"ListItem\",\"position\":2,\"name\":\"Barretos adota medidas urgentes para a conserva\u00e7\u00e3o de \u00e1gua durante a onda de calor\"}]},{\"@type\":\"WebSite\",\"@id\":\"https:\\\/\\\/regiaonews.net.br\\\/2022\\\/#website\",\"url\":\"https:\\\/\\\/regiaonews.net.br\\\/2022\\\/\",\"name\":\"Regi\u00e3o News\",\"description\":\"Site de Not\u00edcias de Barretos e regi\u00e3o\",\"publisher\":{\"@id\":\"https:\\\/\\\/regiaonews.net.br\\\/2022\\\/#organization\"},\"potentialAction\":[{\"@type\":\"SearchAction\",\"target\":{\"@type\":\"EntryPoint\",\"urlTemplate\":\"https:\\\/\\\/regiaonews.net.br\\\/2022\\\/?s={search_term_string}\"},\"query-input\":{\"@type\":\"PropertyValueSpecification\",\"valueRequired\":true,\"valueName\":\"search_term_string\"}}],\"inLanguage\":\"pt-BR\"},{\"@type\":\"Organization\",\"@id\":\"https:\\\/\\\/regiaonews.net.br\\\/2022\\\/#organization\",\"name\":\"Regi\u00e3o News\",\"url\":\"https:\\\/\\\/regiaonews.net.br\\\/2022\\\/\",\"logo\":{\"@type\":\"ImageObject\",\"inLanguage\":\"pt-BR\",\"@id\":\"https:\\\/\\\/regiaonews.net.br\\\/2022\\\/#\\\/schema\\\/logo\\\/image\\\/\",\"url\":\"https:\\\/\\\/regiaonews.net.br\\\/2022\\\/wp-content\\\/uploads\\\/2026\\\/03\\\/regiao-13-anos-scaled.jpg\",\"contentUrl\":\"https:\\\/\\\/regiaonews.net.br\\\/2022\\\/wp-content\\\/uploads\\\/2026\\\/03\\\/regiao-13-anos-scaled.jpg\",\"width\":2560,\"height\":635,\"caption\":\"Regi\u00e3o News\"},\"image\":{\"@id\":\"https:\\\/\\\/regiaonews.net.br\\\/2022\\\/#\\\/schema\\\/logo\\\/image\\\/\"}},{\"@type\":\"Person\",\"@id\":\"https:\\\/\\\/regiaonews.net.br\\\/2022\\\/#\\\/schema\\\/person\\\/2d205a608a5aa97ac279d7a5e6d89ad8\",\"name\":\"Roberto\",\"image\":{\"@type\":\"ImageObject\",\"inLanguage\":\"pt-BR\",\"@id\":\"https:\\\/\\\/secure.gravatar.com\\\/avatar\\\/42749d8b712ff9d59ca93dc150494e5b55a44134482993f5baeb97e61b7ecc89?s=96&d=mm&r=g\",\"url\":\"https:\\\/\\\/secure.gravatar.com\\\/avatar\\\/42749d8b712ff9d59ca93dc150494e5b55a44134482993f5baeb97e61b7ecc89?s=96&d=mm&r=g\",\"contentUrl\":\"https:\\\/\\\/secure.gravatar.com\\\/avatar\\\/42749d8b712ff9d59ca93dc150494e5b55a44134482993f5baeb97e61b7ecc89?s=96&d=mm&r=g\",\"caption\":\"Roberto\"},\"url\":\"https:\\\/\\\/regiaonews.net.br\\\/2022\\\/author\\\/roberto\\\/\"}]}<\/script>\n<!-- \/ Yoast SEO plugin. -->","yoast_head_json":{"title":"Barretos adota medidas urgentes para a conserva\u00e7\u00e3o de \u00e1gua durante a onda de calor - Regi\u00e3o News","robots":{"index":"index","follow":"follow","max-snippet":"max-snippet:-1","max-image-preview":"max-image-preview:large","max-video-preview":"max-video-preview:-1"},"canonical":"https:\/\/regiaonews.net.br\/2022\/2023\/09\/26\/barretos-adota-medidas-urgentes-para-a-conservacao-de-agua-durante-a-onda-de-calor\/","og_locale":"pt_BR","og_type":"article","og_title":"Barretos adota medidas urgentes para a conserva\u00e7\u00e3o de \u00e1gua durante a onda de calor - Regi\u00e3o News","og_description":"Barretenses ser\u00e3o multados se violarem o decreto municipal Em resposta","og_url":"https:\/\/regiaonews.net.br\/2022\/2023\/09\/26\/barretos-adota-medidas-urgentes-para-a-conservacao-de-agua-durante-a-onda-de-calor\/","og_site_name":"Regi\u00e3o News","article_published_time":"2023-09-26T20:39:49+00:00","og_image":[{"width":1600,"height":1066,"url":"https:\/\/regiaonews.net.br\/2022\/wp-content\/uploads\/2023\/09\/WhatsApp-Image-2023-09-26-at-16.16.29.jpeg","type":"image\/jpeg"}],"author":"Roberto","twitter_card":"summary_large_image","twitter_misc":{"Escrito por":"Roberto","Est. tempo de leitura":"2 minutos"},"schema":{"@context":"https:\/\/schema.org","@graph":[{"@type":"Article","@id":"https:\/\/regiaonews.net.br\/2022\/2023\/09\/26\/barretos-adota-medidas-urgentes-para-a-conservacao-de-agua-durante-a-onda-de-calor\/#article","isPartOf":{"@id":"https:\/\/regiaonews.net.br\/2022\/2023\/09\/26\/barretos-adota-medidas-urgentes-para-a-conservacao-de-agua-durante-a-onda-de-calor\/"},"author":{"name":"Roberto","@id":"https:\/\/regiaonews.net.br\/2022\/#\/schema\/person\/2d205a608a5aa97ac279d7a5e6d89ad8"},"headline":"Barretos adota medidas urgentes para a conserva\u00e7\u00e3o de \u00e1gua durante a onda de calor","datePublished":"2023-09-26T20:39:49+00:00","mainEntityOfPage":{"@id":"https:\/\/regiaonews.net.br\/2022\/2023\/09\/26\/barretos-adota-medidas-urgentes-para-a-conservacao-de-agua-durante-a-onda-de-calor\/"},"wordCount":351,"commentCount":0,"publisher":{"@id":"https:\/\/regiaonews.net.br\/2022\/#organization"},"image":{"@id":"https:\/\/regiaonews.net.br\/2022\/2023\/09\/26\/barretos-adota-medidas-urgentes-para-a-conservacao-de-agua-durante-a-onda-de-calor\/#primaryimage"},"thumbnailUrl":"https:\/\/regiaonews.net.br\/2022\/wp-content\/uploads\/2023\/09\/WhatsApp-Image-2023-09-26-at-16.16.29.jpeg","articleSection":["Barretos","Cidades"],"inLanguage":"pt-BR","potentialAction":[{"@type":"CommentAction","name":"Comment","target":["https:\/\/regiaonews.net.br\/2022\/2023\/09\/26\/barretos-adota-medidas-urgentes-para-a-conservacao-de-agua-durante-a-onda-de-calor\/#respond"]}]},{"@type":"WebPage","@id":"https:\/\/regiaonews.net.br\/2022\/2023\/09\/26\/barretos-adota-medidas-urgentes-para-a-conservacao-de-agua-durante-a-onda-de-calor\/","url":"https:\/\/regiaonews.net.br\/2022\/2023\/09\/26\/barretos-adota-medidas-urgentes-para-a-conservacao-de-agua-durante-a-onda-de-calor\/","name":"Barretos adota medidas urgentes para a conserva\u00e7\u00e3o de \u00e1gua durante a onda de calor - Regi\u00e3o News","isPartOf":{"@id":"https:\/\/regiaonews.net.br\/2022\/#website"},"primaryImageOfPage":{"@id":"https:\/\/regiaonews.net.br\/2022\/2023\/09\/26\/barretos-adota-medidas-urgentes-para-a-conservacao-de-agua-durante-a-onda-de-calor\/#primaryimage"},"image":{"@id":"https:\/\/regiaonews.net.br\/2022\/2023\/09\/26\/barretos-adota-medidas-urgentes-para-a-conservacao-de-agua-durante-a-onda-de-calor\/#primaryimage"},"thumbnailUrl":"https:\/\/regiaonews.net.br\/2022\/wp-content\/uploads\/2023\/09\/WhatsApp-Image-2023-09-26-at-16.16.29.jpeg","datePublished":"2023-09-26T20:39:49+00:00","breadcrumb":{"@id":"https:\/\/regiaonews.net.br\/2022\/2023\/09\/26\/barretos-adota-medidas-urgentes-para-a-conservacao-de-agua-durante-a-onda-de-calor\/#breadcrumb"},"inLanguage":"pt-BR","potentialAction":[{"@type":"ReadAction","target":["https:\/\/regiaonews.net.br\/2022\/2023\/09\/26\/barretos-adota-medidas-urgentes-para-a-conservacao-de-agua-durante-a-onda-de-calor\/"]}]},{"@type":"ImageObject","inLanguage":"pt-BR","@id":"https:\/\/regiaonews.net.br\/2022\/2023\/09\/26\/barretos-adota-medidas-urgentes-para-a-conservacao-de-agua-durante-a-onda-de-calor\/#primaryimage","url":"https:\/\/regiaonews.net.br\/2022\/wp-content\/uploads\/2023\/09\/WhatsApp-Image-2023-09-26-at-16.16.29.jpeg","contentUrl":"https:\/\/regiaonews.net.br\/2022\/wp-content\/uploads\/2023\/09\/WhatsApp-Image-2023-09-26-at-16.16.29.jpeg","width":1600,"height":1066},{"@type":"BreadcrumbList","@id":"https:\/\/regiaonews.net.br\/2022\/2023\/09\/26\/barretos-adota-medidas-urgentes-para-a-conservacao-de-agua-durante-a-onda-de-calor\/#breadcrumb","itemListElement":[{"@type":"ListItem","position":1,"name":"In\u00edcio","item":"https:\/\/regiaonews.net.br\/2022\/"},{"@type":"ListItem","position":2,"name":"Barretos adota medidas urgentes para a conserva\u00e7\u00e3o de \u00e1gua durante a onda de calor"}]},{"@type":"WebSite","@id":"https:\/\/regiaonews.net.br\/2022\/#website","url":"https:\/\/regiaonews.net.br\/2022\/","name":"Regi\u00e3o News","description":"Site de Not\u00edcias de Barretos e regi\u00e3o","publisher":{"@id":"https:\/\/regiaonews.net.br\/2022\/#organization"},"potentialAction":[{"@type":"SearchAction","target":{"@type":"EntryPoint","urlTemplate":"https:\/\/regiaonews.net.br\/2022\/?s={search_term_string}"},"query-input":{"@type":"PropertyValueSpecification","valueRequired":true,"valueName":"search_term_string"}}],"inLanguage":"pt-BR"},{"@type":"Organization","@id":"https:\/\/regiaonews.net.br\/2022\/#organization","name":"Regi\u00e3o News","url":"https:\/\/regiaonews.net.br\/2022\/","logo":{"@type":"ImageObject","inLanguage":"pt-BR","@id":"https:\/\/regiaonews.net.br\/2022\/#\/schema\/logo\/image\/","url":"https:\/\/regiaonews.net.br\/2022\/wp-content\/uploads\/2026\/03\/regiao-13-anos-scaled.jpg","contentUrl":"https:\/\/regiaonews.net.br\/2022\/wp-content\/uploads\/2026\/03\/regiao-13-anos-scaled.jpg","width":2560,"height":635,"caption":"Regi\u00e3o News"},"image":{"@id":"https:\/\/regiaonews.net.br\/2022\/#\/schema\/logo\/image\/"}},{"@type":"Person","@id":"https:\/\/regiaonews.net.br\/2022\/#\/schema\/person\/2d205a608a5aa97ac279d7a5e6d89ad8","name":"Roberto","image":{"@type":"ImageObject","inLanguage":"pt-BR","@id":"https:\/\/secure.gravatar.com\/avatar\/42749d8b712ff9d59ca93dc150494e5b55a44134482993f5baeb97e61b7ecc89?s=96&d=mm&r=g","url":"https:\/\/secure.gravatar.com\/avatar\/42749d8b712ff9d59ca93dc150494e5b55a44134482993f5baeb97e61b7ecc89?s=96&d=mm&r=g","contentUrl":"https:\/\/secure.gravatar.com\/avatar\/42749d8b712ff9d59ca93dc150494e5b55a44134482993f5baeb97e61b7ecc89?s=96&d=mm&r=g","caption":"Roberto"},"url":"https:\/\/regiaonews.net.br\/2022\/author\/roberto\/"}]}},"publishpress_future_action":{"enabled":false,"date":"2026-05-04 22:38:17","action":"change-status","newStatus":"draft","terms":[],"taxonomy":"category","extraData":[]},"publishpress_future_workflow_manual_trigger":{"enabledWorkflows":[]},"_links":{"self":[{"href":"https:\/\/regiaonews.net.br\/2022\/wp-json\/wp\/v2\/posts\/95682","targetHints":{"allow":["GET"]}}],"collection":[{"href":"https:\/\/regiaonews.net.br\/2022\/wp-json\/wp\/v2\/posts"}],"about":[{"href":"https:\/\/regiaonews.net.br\/2022\/wp-json\/wp\/v2\/types\/post"}],"author":[{"embeddable":true,"href":"https:\/\/regiaonews.net.br\/2022\/wp-json\/wp\/v2\/users\/2"}],"replies":[{"embeddable":true,"href":"https:\/\/regiaonews.net.br\/2022\/wp-json\/wp\/v2\/comments?post=95682"}],"version-history":[{"count":1,"href":"https:\/\/regiaonews.net.br\/2022\/wp-json\/wp\/v2\/posts\/95682\/revisions"}],"predecessor-version":[{"id":95684,"href":"https:\/\/regiaonews.net.br\/2022\/wp-json\/wp\/v2\/posts\/95682\/revisions\/95684"}],"wp:featuredmedia":[{"embeddable":true,"href":"https:\/\/regiaonews.net.br\/2022\/wp-json\/wp\/v2\/media\/95683"}],"wp:attachment":[{"href":"https:\/\/regiaonews.net.br\/2022\/wp-json\/wp\/v2\/media?parent=95682"}],"wp:term":[{"taxonomy":"category","embeddable":true,"href":"https:\/\/regiaonews.net.br\/2022\/wp-json\/wp\/v2\/categories?post=95682"},{"taxonomy":"post_tag","embeddable":true,"href":"https:\/\/regiaonews.net.br\/2022\/wp-json\/wp\/v2\/tags?post=95682"}],"curies":[{"name":"wp","href":"https:\/\/api.w.org\/{rel}","templated":true}]}}