{"id":95678,"date":"2023-09-26T14:21:38","date_gmt":"2023-09-26T17:21:38","guid":{"rendered":"https:\/\/regiaonews.net.br\/2022\/?p=95678"},"modified":"2023-09-26T14:21:38","modified_gmt":"2023-09-26T17:21:38","slug":"cpfl-paulista-faz-alerta-contra-queimadas-nas-regioes-de-ribeirao-preto-e-franca","status":"publish","type":"post","link":"https:\/\/regiaonews.net.br\/2022\/2023\/09\/26\/cpfl-paulista-faz-alerta-contra-queimadas-nas-regioes-de-ribeirao-preto-e-franca\/","title":{"rendered":"CPFL Paulista faz alerta contra\u00a0queimadas\u00a0nas\u00a0regi\u00f5es\u00a0de Ribeir\u00e3o\u00a0Preto\u00a0e Franca\u00a0"},"content":{"rendered":"<h3 align=\"center\">Nos seis primeiros meses de 2023 os inc\u00eandios j\u00e1 provocaram 127 ocorr\u00eancias de interrup\u00e7\u00e3o no fornecimento de energia para clientes na regi\u00e3o.<\/h3>\n<p>As\u00a0queimadas\u00a0recebem especial aten\u00e7\u00e3o das concession\u00e1rias de energia el\u00e9trica nessa \u00e9poca do ano. Tudo porque a\u00a0baixa umidade oferece condi\u00e7\u00e3o prop\u00edcia aos inc\u00eandios\u00a0e a a\u00e7\u00e3o dos ventos pode contribuir para\u00a0propagar as chamas, agravando\u00a0seus\u00a0efeitos\u00a0nas linhas de transmiss\u00e3o e distribui\u00e7\u00e3o.<\/p>\n<p>Na\u00a0regi\u00e3o de Ribeir\u00e3o\u00a0Preto\u00a0e Franca, as\u00a0queimadas\u00a0causaram 127 ocorr\u00eancias de interrup\u00e7\u00e3o no fornecimento de energia no primeiro semestre de 2023. Em todo o ano de 2022 foram 353 casos. O levantamento, feito pelo Centro de Opera\u00e7\u00f5es da CPFL Paulista, considerou interfer\u00eancias provocadas na rede de distribui\u00e7\u00e3o por inc\u00eandios de todas as propor\u00e7\u00f5es, em \u00e1rea urbana ou rural.<\/p>\n<p>Ainda que o n\u00famero permane\u00e7a alto, o balan\u00e7o regional indica\u00a0a diminui\u00e7\u00e3o proporcional das interfer\u00eancias provocadas na rede da concession\u00e1ria\u00a0por\u00a0queimadas, pelo comparativo semestral. De janeiro a junho de 2022 foram registradas\u00a0154 interrup\u00e7\u00f5es de energia; considerando as 127 do primeiro semestre desse ano, a queda foi de 17%.<\/p>\n<p>Nesse aspecto, Marcos Victor Lopes, gerente de Sa\u00fade e Seguran\u00e7a do Trabalho da CPFL Energia, destaca a atua\u00e7\u00e3o permanente da empresa em a\u00e7\u00f5es de conscientiza\u00e7\u00e3o sobre o tema, por meio da campanha Guardi\u00e3o da Vida. \u201cInvestimos os nossos esfor\u00e7os constantemente em alertas para a popula\u00e7\u00e3o sobre os s\u00e9rios impactos gerados pelas queimadas. Respons\u00e1vel por acarretar destrui\u00e7\u00e3o ambiental e danos \u00e0 sa\u00fade das pessoas, com a emiss\u00e3o de gases poluentes, elas tamb\u00e9m podem afetar o fornecimento de energia. Dependendo do trecho afetado, estabelecimentos essenciais como com\u00e9rcios e hospitais podem ser prejudicados de maneira substancial\u201d, afirma.<\/p>\n<p>O gerente observa ainda que os inc\u00eandios sob a rede de distribui\u00e7\u00e3o de energia\u00a0t\u00eam, muitas vezes, origem criminosa ou s\u00e3o causados pelo uso do fogo como m\u00e9todo de limpeza em alguns cultivos. Assim, um\u00a0inc\u00eandio criminoso ou uma queimada mal controlada para atividades agr\u00edcolas tamb\u00e9m podem\u00a0colocar em risco o fornecimento de energia, provocando preju\u00edzos.\u202fE para que haja interfer\u00eancias ou danos na rede el\u00e9trica n\u00e3o \u00e9 necess\u00e1rio\u00a0que as chamas alcancem os cabos de energia. O\u00a0calor do fogo\u00a0gera um campo ionizado, que pode provocar curtos-circuitos, acionar os sistemas de prote\u00e7\u00e3o do sistema e desligar as linhas ou at\u00e9 romper a fia\u00e7\u00e3o, interrompendo o fornecimento.<\/p>\n<p><b>Interrup\u00e7\u00f5es de energia <\/b><\/p>\n<p>Na regi\u00e3o, a cidade de Ribeir\u00e3o\u00a0Preto\u00a0lidera o ranking de interrup\u00e7\u00f5es de energia causadas por\u00a0queimadas\u00a0no primeiro semestre de 2023, com 26\u00a0ocorr\u00eancias. Franca\u00a0ocupa a segunda posi\u00e7\u00e3o com 22 casos e Bebedouro\u00a0fica em terceiro, com 9.<\/p>\n<p>&nbsp;<\/p>\n<p><b>As 10 cidades com mais ocorr\u00eancias por\u00a0queimadas\u00a0na regi\u00e3o:<\/b><\/p>\n<table width=\"0\">\n<tbody>\n<tr>\n<td valign=\"bottom\">\n<p align=\"center\"><b>Cidades<\/b><\/p>\n<\/td>\n<td valign=\"bottom\">\n<p align=\"center\"><b>TOTAL\/2022<\/b><\/p>\n<\/td>\n<td valign=\"bottom\">\n<p align=\"center\"><b>1\u00ba semestre\/2022<\/b><\/p>\n<\/td>\n<td valign=\"bottom\">\n<p align=\"center\"><b>1\u00ba semestre\/2023<\/b><\/p>\n<\/td>\n<\/tr>\n<tr>\n<td valign=\"bottom\"><b>Ribeir\u00e3o\u00a0Preto<\/b><\/td>\n<td valign=\"bottom\">\n<p align=\"center\">87<\/p>\n<\/td>\n<td>\n<p align=\"center\">50<\/p>\n<\/td>\n<td>\n<p align=\"center\">26<\/p>\n<\/td>\n<\/tr>\n<tr>\n<td valign=\"bottom\"><b>Franca<\/b><\/td>\n<td valign=\"bottom\">\n<p align=\"center\">34<\/p>\n<\/td>\n<td valign=\"bottom\">\n<p align=\"center\">25<\/p>\n<\/td>\n<td valign=\"bottom\">\n<p align=\"center\">22<\/p>\n<\/td>\n<\/tr>\n<tr>\n<td valign=\"bottom\"><b>Bebedouro<\/b><\/td>\n<td valign=\"bottom\">\n<p align=\"center\">8<\/p>\n<\/td>\n<td valign=\"bottom\">\n<p align=\"center\">5<\/p>\n<\/td>\n<td valign=\"bottom\">\n<p align=\"center\">9<\/p>\n<\/td>\n<\/tr>\n<tr>\n<td valign=\"bottom\"><b>Colina<\/b><\/td>\n<td valign=\"bottom\">\n<p align=\"center\">14<\/p>\n<\/td>\n<td valign=\"bottom\">\n<p align=\"center\">7<\/p>\n<\/td>\n<td valign=\"bottom\">\n<p align=\"center\">8<\/p>\n<\/td>\n<\/tr>\n<tr>\n<td valign=\"bottom\"><b>Jardin\u00f3polis<\/b><\/td>\n<td valign=\"bottom\">\n<p align=\"center\">25<\/p>\n<\/td>\n<td>\n<p align=\"center\">6<\/p>\n<\/td>\n<td>\n<p align=\"center\">7<\/p>\n<\/td>\n<\/tr>\n<tr>\n<td valign=\"bottom\"><b>Jaborandi<\/b><\/td>\n<td valign=\"bottom\">\n<p align=\"center\">3<\/p>\n<\/td>\n<td valign=\"bottom\">\n<p align=\"center\">2<\/p>\n<\/td>\n<td valign=\"bottom\">\n<p align=\"center\">5<\/p>\n<\/td>\n<\/tr>\n<tr>\n<td valign=\"bottom\"><b>Gua\u00edra<\/b><\/td>\n<td valign=\"bottom\">\n<p align=\"center\">7<\/p>\n<\/td>\n<td valign=\"bottom\">\n<p align=\"center\">4<\/p>\n<\/td>\n<td valign=\"bottom\">\n<p align=\"center\">5<\/p>\n<\/td>\n<\/tr>\n<tr>\n<td valign=\"bottom\"><b>Barretos<\/b><\/td>\n<td valign=\"bottom\">\n<p align=\"center\">32<\/p>\n<\/td>\n<td valign=\"bottom\">\n<p align=\"center\">19<\/p>\n<\/td>\n<td valign=\"bottom\">\n<p align=\"center\">4<\/p>\n<\/td>\n<\/tr>\n<tr>\n<td valign=\"bottom\"><b>Batatais<\/b><\/td>\n<td valign=\"bottom\">\n<p align=\"center\">12<\/p>\n<\/td>\n<td valign=\"bottom\">\n<p align=\"center\">3<\/p>\n<\/td>\n<td valign=\"bottom\">\n<p align=\"center\">4<\/p>\n<\/td>\n<\/tr>\n<tr>\n<td valign=\"bottom\"><b>S\u00e3o Joaquim da Barra<\/b><\/td>\n<td valign=\"bottom\">\n<p align=\"center\">6<\/p>\n<\/td>\n<td>\n<p align=\"center\">2<\/p>\n<\/td>\n<td>\n<p align=\"center\">4<\/p>\n<\/td>\n<\/tr>\n<\/tbody>\n<\/table>\n<p>&nbsp;<\/p>\n<p><b>Guardi\u00e3o da Vida<\/b><\/p>\n<p>Considerando o impacto das\u00a0queimadas\u00a0sobre o meio ambiente e\u00a0a popula\u00e7\u00e3o,\u00a0tanto pelo aspecto da seguran\u00e7a quando da\u00a0qualidade do fornecimento de energia, o grupo CPFL Energia\u00a0incentiva de forma permanente a discuss\u00e3o sobre o tema\u00a0por meio da campanha Guardi\u00e3o da Vida. O objetivo das a\u00e7\u00f5es, que envolvem atividades junto \u00e0s comunidades e a divulga\u00e7\u00e3o de orienta\u00e7\u00f5es para a preven\u00e7\u00e3o de acidentes, \u00e9 propor\u00a0reflex\u00e3o sobre as atitudes que poderiam ser evitadas, reduzindo transtornos e at\u00e9 salvando vidas.<\/p>\n<p>Ao identificar um foco de inc\u00eandio, acione\u00a0o Corpo de Bombeiros\u00a0e as autoridades competentes; se for \u00e0s margens de uma rodovia, ou pr\u00f3ximo de uma rede el\u00e9trica,\u00a0avise tamb\u00e9m a concession\u00e1ria ou \u00f3rg\u00e3o estadual respons\u00e1vel.<\/p>\n<p>Em caso de falta de energia\u00a0ou de inc\u00eandio sob a rede el\u00e9trica, a popula\u00e7\u00e3o deve entrar em contato com os canais de atendimento da CPFL Paulista:<\/p>\n<ul type=\"disc\">\n<li>Site:\u00a0<a id=\"m_-8659188176188371284OWA86293f4a-2ca2-aab2-9be9-d7f31beafd3c\" href=\"http:\/\/www.cpfl.com.br\/\" target=\"_blank\" rel=\"noopener\" data-saferedirecturl=\"https:\/\/www.google.com\/url?q=http:\/\/www.cpfl.com.br\/&amp;source=gmail&amp;ust=1695834893909000&amp;usg=AOvVaw3pdaL_ipwbUqDFOXHs9mFz\">www.cpfl.com.br<\/a><\/li>\n<li>App \u201cCPFL Energia\u201d, dispon\u00edvel para smartphones Android ou iOS<\/li>\n<li>SMS: enviar para 27351\u00a0(em casos de falta de energia, o cliente envia seu c\u00f3digo de consumidor para este n\u00famero e recebe tamb\u00e9m via SMS a previs\u00e3o de restabelecimento)<\/li>\n<li>Call\u00a0Center: 0800 010 10 10\u00a0(liga\u00e7\u00e3o gratuita)<\/li>\n<li>WhatsApp: (19) 99908-8888<\/li>\n<\/ul>\n<p>&nbsp;<\/p>\n<p><b>O que diz a legisla\u00e7\u00e3o<\/b><\/p>\n<p>As\u00a0queimadas\u00a0podem ser autorizadas pela legisla\u00e7\u00e3o\u00a0brasileira\u00a0<wbr \/>mediante\u00a0crit\u00e9rios t\u00e9cnicos que impe\u00e7am a propaga\u00e7\u00e3o do fogo al\u00e9m dos limites estabelecidos.<\/p>\n<p>O\u202fC\u00f3digo Florestal\u202f(Lei 12.651\/12) pro\u00edbe o uso de fogo na vegeta\u00e7\u00e3o, mas abre pelo menos tr\u00eas exce\u00e7\u00f5es: em locais ou regi\u00f5es cujas peculiaridades justifiquem o emprego\u202fdo fogo em pr\u00e1ticas agropastoris ou florestais, desde que com autoriza\u00e7\u00e3o do \u00f3rg\u00e3o ambiental; emprego da queima controlada em unidades de conserva\u00e7\u00e3o para conservar a vegeta\u00e7\u00e3o nativa, quando suas\u00a0caracter\u00edsticas se associarem evolutivamente \u00e0 ocorr\u00eancia de fogo e atividade de pesquisa cient\u00edfica.<\/p>\n<p>Como forma de prevenir inc\u00eandios pr\u00f3ximos \u00e0s redes el\u00e9tricas, conforme os Decretos Federais 24.643\/34, 35.851\/54, 41.019\/57 e 84.398\/80, uma das medidas que devem ser respeitadas pelos produtores no cultivo \u00e9 o respeito \u00e0s faixas de servid\u00e3o, que s\u00e3o os corredores de 30 ou 40 metros de largura.<\/p>\n<p>Fora das \u00e1reas permitidas, os inc\u00eandios provocados inclusive em \u00e1rea urbana, como a queima de lixo,\u00a0podem ser enquadrados pelas autoridades\u00a0como crime ambiental, conforme o mesmo C\u00f3digo Florestal, que estabelece, em seu artigo 54, ser pass\u00edvel de puni\u00e7\u00e3o \u201ccausar polui\u00e7\u00e3o de qualquer natureza em n\u00edveis tais que resultem ou possam resultar em danos \u00e0 sa\u00fade humana, ou que provoquem a mortandade de animais ou a destrui\u00e7\u00e3o significativa da flora\u201d.\u00a0 Os inc\u00eandios criminosos tamb\u00e9m t\u00eam puni\u00e7\u00e3o prevista no Artigo 250 do C\u00f3digo Penal. Para esses casos, as penas podem ser multa, deten\u00e7\u00e3o ou reclus\u00e3o para os autores, de acordo com a extens\u00e3o dos danos causados.<\/p>\n<p>&nbsp;<\/p>\n<p><b>Sobre a CPFL Energia\u202f\u202f<\/b><\/p>\n<p>A CPFL Energia est\u00e1 h\u00e1 110 anos no setor el\u00e9trico e atua nos segmentos de distribui\u00e7\u00e3o, gera\u00e7\u00e3o, transmiss\u00e3o, comercializa\u00e7\u00e3o e servi\u00e7os. Desde 2017, o Grupo faz parte da\u202fState\u202fGrid, estatal chinesa que \u00e9 a segunda maior organiza\u00e7\u00e3o empresarial do mundo e a maior empresa de energia el\u00e9trica, atendendo 88% do territ\u00f3rio chin\u00eas.<\/p>\n<p>Focada em uma forma mais sustent\u00e1vel de produzir energia, tem na CPFL Renov\u00e1veis uma das maiores empresas de gera\u00e7\u00e3o da Am\u00e9rica Latina a partir de fontes alternativas, com um portf\u00f3lio baseado em fontes limpas como grandes hidrel\u00e9tricas, usinas e\u00f3licas, t\u00e9rmicas a\u202fbiomassa, Pequenas Centrais Hidrel\u00e9tricas (PCH) e usina solar. Em gera\u00e7\u00e3o \u00e9 a terceira maior agente privada do Pa\u00eds, com capacidade instalada de 4.303 MW.<\/p>\n<p>Com 14% de participa\u00e7\u00e3o, a CPFL Energia \u00e9 uma das maiores empresas no mercado de distribui\u00e7\u00e3o, totalizando mais de 10 milh\u00f5es de clientes em 687 cidades, entre os estados de S\u00e3o Paulo, Rio Grande do Sul, Minas Gerais e Paran\u00e1. Na comercializa\u00e7\u00e3o, \u00e9 uma das l\u00edderes no mercado livre, com participa\u00e7\u00e3o de mercado de 4%. \u00c9 l\u00edder na comercializa\u00e7\u00e3o de energia incentivada para clientes livres entre as comercializadoras.<\/p>\n<p>A CPFL Energia possui a\u00e7\u00f5es listadas no Novo Mercado da B3. O Grupo tamb\u00e9m ocupa posi\u00e7\u00e3o de destaque em arte e cultura, entre os maiores investidores brasileiros, por meio do Instituto CPFL.<\/p>\n","protected":false},"excerpt":{"rendered":"<p>Nos seis primeiros meses de 2023 os inc\u00eandios j\u00e1 provocaram<\/p>\n","protected":false},"author":2,"featured_media":95680,"comment_status":"open","ping_status":"open","sticky":false,"template":"","format":"standard","meta":{"footnotes":""},"categories":[14,3],"tags":[],"class_list":["post-95678","post","type-post","status-publish","format-standard","has-post-thumbnail","hentry","category-barretos","category-geral"],"yoast_head":"<!-- This site is optimized with the Yoast SEO plugin v27.4 - https:\/\/yoast.com\/product\/yoast-seo-wordpress\/ -->\n<title>CPFL Paulista faz alerta contra\u00a0queimadas\u00a0nas\u00a0regi\u00f5es\u00a0de Ribeir\u00e3o\u00a0Preto\u00a0e Franca\u00a0 - Regi\u00e3o News<\/title>\n<meta name=\"robots\" content=\"index, follow, max-snippet:-1, max-image-preview:large, max-video-preview:-1\" \/>\n<link rel=\"canonical\" href=\"https:\/\/regiaonews.net.br\/2022\/2023\/09\/26\/cpfl-paulista-faz-alerta-contra-queimadas-nas-regioes-de-ribeirao-preto-e-franca\/\" \/>\n<meta property=\"og:locale\" content=\"pt_BR\" \/>\n<meta property=\"og:type\" content=\"article\" \/>\n<meta property=\"og:title\" content=\"CPFL Paulista faz alerta contra\u00a0queimadas\u00a0nas\u00a0regi\u00f5es\u00a0de Ribeir\u00e3o\u00a0Preto\u00a0e Franca\u00a0 - Regi\u00e3o News\" \/>\n<meta property=\"og:description\" content=\"Nos seis primeiros meses de 2023 os inc\u00eandios j\u00e1 provocaram\" \/>\n<meta property=\"og:url\" content=\"https:\/\/regiaonews.net.br\/2022\/2023\/09\/26\/cpfl-paulista-faz-alerta-contra-queimadas-nas-regioes-de-ribeirao-preto-e-franca\/\" \/>\n<meta property=\"og:site_name\" content=\"Regi\u00e3o News\" \/>\n<meta property=\"article:published_time\" content=\"2023-09-26T17:21:38+00:00\" \/>\n<meta property=\"og:image\" content=\"https:\/\/regiaonews.net.br\/2022\/wp-content\/uploads\/2023\/09\/image.png\" \/>\n\t<meta property=\"og:image:width\" content=\"430\" \/>\n\t<meta property=\"og:image:height\" content=\"294\" \/>\n\t<meta property=\"og:image:type\" content=\"image\/png\" \/>\n<meta name=\"author\" content=\"Roberto\" \/>\n<meta name=\"twitter:card\" content=\"summary_large_image\" \/>\n<meta name=\"twitter:label1\" content=\"Escrito por\" \/>\n\t<meta name=\"twitter:data1\" content=\"Roberto\" \/>\n\t<meta name=\"twitter:label2\" content=\"Est. tempo de leitura\" \/>\n\t<meta name=\"twitter:data2\" content=\"7 minutos\" \/>\n<script type=\"application\/ld+json\" class=\"yoast-schema-graph\">{\"@context\":\"https:\\\/\\\/schema.org\",\"@graph\":[{\"@type\":\"Article\",\"@id\":\"https:\\\/\\\/regiaonews.net.br\\\/2022\\\/2023\\\/09\\\/26\\\/cpfl-paulista-faz-alerta-contra-queimadas-nas-regioes-de-ribeirao-preto-e-franca\\\/#article\",\"isPartOf\":{\"@id\":\"https:\\\/\\\/regiaonews.net.br\\\/2022\\\/2023\\\/09\\\/26\\\/cpfl-paulista-faz-alerta-contra-queimadas-nas-regioes-de-ribeirao-preto-e-franca\\\/\"},\"author\":{\"name\":\"Roberto\",\"@id\":\"https:\\\/\\\/regiaonews.net.br\\\/2022\\\/#\\\/schema\\\/person\\\/2d205a608a5aa97ac279d7a5e6d89ad8\"},\"headline\":\"CPFL Paulista faz alerta contra\u00a0queimadas\u00a0nas\u00a0regi\u00f5es\u00a0de Ribeir\u00e3o\u00a0Preto\u00a0e Franca\u00a0\",\"datePublished\":\"2023-09-26T17:21:38+00:00\",\"mainEntityOfPage\":{\"@id\":\"https:\\\/\\\/regiaonews.net.br\\\/2022\\\/2023\\\/09\\\/26\\\/cpfl-paulista-faz-alerta-contra-queimadas-nas-regioes-de-ribeirao-preto-e-franca\\\/\"},\"wordCount\":1260,\"commentCount\":0,\"publisher\":{\"@id\":\"https:\\\/\\\/regiaonews.net.br\\\/2022\\\/#organization\"},\"image\":{\"@id\":\"https:\\\/\\\/regiaonews.net.br\\\/2022\\\/2023\\\/09\\\/26\\\/cpfl-paulista-faz-alerta-contra-queimadas-nas-regioes-de-ribeirao-preto-e-franca\\\/#primaryimage\"},\"thumbnailUrl\":\"https:\\\/\\\/regiaonews.net.br\\\/2022\\\/wp-content\\\/uploads\\\/2023\\\/09\\\/image.png\",\"articleSection\":[\"Barretos\",\"Geral\"],\"inLanguage\":\"pt-BR\",\"potentialAction\":[{\"@type\":\"CommentAction\",\"name\":\"Comment\",\"target\":[\"https:\\\/\\\/regiaonews.net.br\\\/2022\\\/2023\\\/09\\\/26\\\/cpfl-paulista-faz-alerta-contra-queimadas-nas-regioes-de-ribeirao-preto-e-franca\\\/#respond\"]}]},{\"@type\":\"WebPage\",\"@id\":\"https:\\\/\\\/regiaonews.net.br\\\/2022\\\/2023\\\/09\\\/26\\\/cpfl-paulista-faz-alerta-contra-queimadas-nas-regioes-de-ribeirao-preto-e-franca\\\/\",\"url\":\"https:\\\/\\\/regiaonews.net.br\\\/2022\\\/2023\\\/09\\\/26\\\/cpfl-paulista-faz-alerta-contra-queimadas-nas-regioes-de-ribeirao-preto-e-franca\\\/\",\"name\":\"CPFL Paulista faz alerta contra\u00a0queimadas\u00a0nas\u00a0regi\u00f5es\u00a0de Ribeir\u00e3o\u00a0Preto\u00a0e Franca\u00a0 - Regi\u00e3o News\",\"isPartOf\":{\"@id\":\"https:\\\/\\\/regiaonews.net.br\\\/2022\\\/#website\"},\"primaryImageOfPage\":{\"@id\":\"https:\\\/\\\/regiaonews.net.br\\\/2022\\\/2023\\\/09\\\/26\\\/cpfl-paulista-faz-alerta-contra-queimadas-nas-regioes-de-ribeirao-preto-e-franca\\\/#primaryimage\"},\"image\":{\"@id\":\"https:\\\/\\\/regiaonews.net.br\\\/2022\\\/2023\\\/09\\\/26\\\/cpfl-paulista-faz-alerta-contra-queimadas-nas-regioes-de-ribeirao-preto-e-franca\\\/#primaryimage\"},\"thumbnailUrl\":\"https:\\\/\\\/regiaonews.net.br\\\/2022\\\/wp-content\\\/uploads\\\/2023\\\/09\\\/image.png\",\"datePublished\":\"2023-09-26T17:21:38+00:00\",\"breadcrumb\":{\"@id\":\"https:\\\/\\\/regiaonews.net.br\\\/2022\\\/2023\\\/09\\\/26\\\/cpfl-paulista-faz-alerta-contra-queimadas-nas-regioes-de-ribeirao-preto-e-franca\\\/#breadcrumb\"},\"inLanguage\":\"pt-BR\",\"potentialAction\":[{\"@type\":\"ReadAction\",\"target\":[\"https:\\\/\\\/regiaonews.net.br\\\/2022\\\/2023\\\/09\\\/26\\\/cpfl-paulista-faz-alerta-contra-queimadas-nas-regioes-de-ribeirao-preto-e-franca\\\/\"]}]},{\"@type\":\"ImageObject\",\"inLanguage\":\"pt-BR\",\"@id\":\"https:\\\/\\\/regiaonews.net.br\\\/2022\\\/2023\\\/09\\\/26\\\/cpfl-paulista-faz-alerta-contra-queimadas-nas-regioes-de-ribeirao-preto-e-franca\\\/#primaryimage\",\"url\":\"https:\\\/\\\/regiaonews.net.br\\\/2022\\\/wp-content\\\/uploads\\\/2023\\\/09\\\/image.png\",\"contentUrl\":\"https:\\\/\\\/regiaonews.net.br\\\/2022\\\/wp-content\\\/uploads\\\/2023\\\/09\\\/image.png\",\"width\":430,\"height\":294},{\"@type\":\"BreadcrumbList\",\"@id\":\"https:\\\/\\\/regiaonews.net.br\\\/2022\\\/2023\\\/09\\\/26\\\/cpfl-paulista-faz-alerta-contra-queimadas-nas-regioes-de-ribeirao-preto-e-franca\\\/#breadcrumb\",\"itemListElement\":[{\"@type\":\"ListItem\",\"position\":1,\"name\":\"In\u00edcio\",\"item\":\"https:\\\/\\\/regiaonews.net.br\\\/2022\\\/\"},{\"@type\":\"ListItem\",\"position\":2,\"name\":\"CPFL Paulista faz alerta contra\u00a0queimadas\u00a0nas\u00a0regi\u00f5es\u00a0de Ribeir\u00e3o\u00a0Preto\u00a0e Franca\u00a0\"}]},{\"@type\":\"WebSite\",\"@id\":\"https:\\\/\\\/regiaonews.net.br\\\/2022\\\/#website\",\"url\":\"https:\\\/\\\/regiaonews.net.br\\\/2022\\\/\",\"name\":\"Regi\u00e3o News\",\"description\":\"Site de Not\u00edcias de Barretos e regi\u00e3o\",\"publisher\":{\"@id\":\"https:\\\/\\\/regiaonews.net.br\\\/2022\\\/#organization\"},\"potentialAction\":[{\"@type\":\"SearchAction\",\"target\":{\"@type\":\"EntryPoint\",\"urlTemplate\":\"https:\\\/\\\/regiaonews.net.br\\\/2022\\\/?s={search_term_string}\"},\"query-input\":{\"@type\":\"PropertyValueSpecification\",\"valueRequired\":true,\"valueName\":\"search_term_string\"}}],\"inLanguage\":\"pt-BR\"},{\"@type\":\"Organization\",\"@id\":\"https:\\\/\\\/regiaonews.net.br\\\/2022\\\/#organization\",\"name\":\"Regi\u00e3o News\",\"url\":\"https:\\\/\\\/regiaonews.net.br\\\/2022\\\/\",\"logo\":{\"@type\":\"ImageObject\",\"inLanguage\":\"pt-BR\",\"@id\":\"https:\\\/\\\/regiaonews.net.br\\\/2022\\\/#\\\/schema\\\/logo\\\/image\\\/\",\"url\":\"https:\\\/\\\/regiaonews.net.br\\\/2022\\\/wp-content\\\/uploads\\\/2026\\\/03\\\/regiao-13-anos-scaled.jpg\",\"contentUrl\":\"https:\\\/\\\/regiaonews.net.br\\\/2022\\\/wp-content\\\/uploads\\\/2026\\\/03\\\/regiao-13-anos-scaled.jpg\",\"width\":2560,\"height\":635,\"caption\":\"Regi\u00e3o News\"},\"image\":{\"@id\":\"https:\\\/\\\/regiaonews.net.br\\\/2022\\\/#\\\/schema\\\/logo\\\/image\\\/\"}},{\"@type\":\"Person\",\"@id\":\"https:\\\/\\\/regiaonews.net.br\\\/2022\\\/#\\\/schema\\\/person\\\/2d205a608a5aa97ac279d7a5e6d89ad8\",\"name\":\"Roberto\",\"image\":{\"@type\":\"ImageObject\",\"inLanguage\":\"pt-BR\",\"@id\":\"https:\\\/\\\/secure.gravatar.com\\\/avatar\\\/42749d8b712ff9d59ca93dc150494e5b55a44134482993f5baeb97e61b7ecc89?s=96&d=mm&r=g\",\"url\":\"https:\\\/\\\/secure.gravatar.com\\\/avatar\\\/42749d8b712ff9d59ca93dc150494e5b55a44134482993f5baeb97e61b7ecc89?s=96&d=mm&r=g\",\"contentUrl\":\"https:\\\/\\\/secure.gravatar.com\\\/avatar\\\/42749d8b712ff9d59ca93dc150494e5b55a44134482993f5baeb97e61b7ecc89?s=96&d=mm&r=g\",\"caption\":\"Roberto\"},\"url\":\"https:\\\/\\\/regiaonews.net.br\\\/2022\\\/author\\\/roberto\\\/\"}]}<\/script>\n<!-- \/ Yoast SEO plugin. -->","yoast_head_json":{"title":"CPFL Paulista faz alerta contra\u00a0queimadas\u00a0nas\u00a0regi\u00f5es\u00a0de Ribeir\u00e3o\u00a0Preto\u00a0e Franca\u00a0 - Regi\u00e3o News","robots":{"index":"index","follow":"follow","max-snippet":"max-snippet:-1","max-image-preview":"max-image-preview:large","max-video-preview":"max-video-preview:-1"},"canonical":"https:\/\/regiaonews.net.br\/2022\/2023\/09\/26\/cpfl-paulista-faz-alerta-contra-queimadas-nas-regioes-de-ribeirao-preto-e-franca\/","og_locale":"pt_BR","og_type":"article","og_title":"CPFL Paulista faz alerta contra\u00a0queimadas\u00a0nas\u00a0regi\u00f5es\u00a0de Ribeir\u00e3o\u00a0Preto\u00a0e Franca\u00a0 - Regi\u00e3o News","og_description":"Nos seis primeiros meses de 2023 os inc\u00eandios j\u00e1 provocaram","og_url":"https:\/\/regiaonews.net.br\/2022\/2023\/09\/26\/cpfl-paulista-faz-alerta-contra-queimadas-nas-regioes-de-ribeirao-preto-e-franca\/","og_site_name":"Regi\u00e3o News","article_published_time":"2023-09-26T17:21:38+00:00","og_image":[{"width":430,"height":294,"url":"https:\/\/regiaonews.net.br\/2022\/wp-content\/uploads\/2023\/09\/image.png","type":"image\/png"}],"author":"Roberto","twitter_card":"summary_large_image","twitter_misc":{"Escrito por":"Roberto","Est. tempo de leitura":"7 minutos"},"schema":{"@context":"https:\/\/schema.org","@graph":[{"@type":"Article","@id":"https:\/\/regiaonews.net.br\/2022\/2023\/09\/26\/cpfl-paulista-faz-alerta-contra-queimadas-nas-regioes-de-ribeirao-preto-e-franca\/#article","isPartOf":{"@id":"https:\/\/regiaonews.net.br\/2022\/2023\/09\/26\/cpfl-paulista-faz-alerta-contra-queimadas-nas-regioes-de-ribeirao-preto-e-franca\/"},"author":{"name":"Roberto","@id":"https:\/\/regiaonews.net.br\/2022\/#\/schema\/person\/2d205a608a5aa97ac279d7a5e6d89ad8"},"headline":"CPFL Paulista faz alerta contra\u00a0queimadas\u00a0nas\u00a0regi\u00f5es\u00a0de Ribeir\u00e3o\u00a0Preto\u00a0e Franca\u00a0","datePublished":"2023-09-26T17:21:38+00:00","mainEntityOfPage":{"@id":"https:\/\/regiaonews.net.br\/2022\/2023\/09\/26\/cpfl-paulista-faz-alerta-contra-queimadas-nas-regioes-de-ribeirao-preto-e-franca\/"},"wordCount":1260,"commentCount":0,"publisher":{"@id":"https:\/\/regiaonews.net.br\/2022\/#organization"},"image":{"@id":"https:\/\/regiaonews.net.br\/2022\/2023\/09\/26\/cpfl-paulista-faz-alerta-contra-queimadas-nas-regioes-de-ribeirao-preto-e-franca\/#primaryimage"},"thumbnailUrl":"https:\/\/regiaonews.net.br\/2022\/wp-content\/uploads\/2023\/09\/image.png","articleSection":["Barretos","Geral"],"inLanguage":"pt-BR","potentialAction":[{"@type":"CommentAction","name":"Comment","target":["https:\/\/regiaonews.net.br\/2022\/2023\/09\/26\/cpfl-paulista-faz-alerta-contra-queimadas-nas-regioes-de-ribeirao-preto-e-franca\/#respond"]}]},{"@type":"WebPage","@id":"https:\/\/regiaonews.net.br\/2022\/2023\/09\/26\/cpfl-paulista-faz-alerta-contra-queimadas-nas-regioes-de-ribeirao-preto-e-franca\/","url":"https:\/\/regiaonews.net.br\/2022\/2023\/09\/26\/cpfl-paulista-faz-alerta-contra-queimadas-nas-regioes-de-ribeirao-preto-e-franca\/","name":"CPFL Paulista faz alerta contra\u00a0queimadas\u00a0nas\u00a0regi\u00f5es\u00a0de Ribeir\u00e3o\u00a0Preto\u00a0e Franca\u00a0 - Regi\u00e3o News","isPartOf":{"@id":"https:\/\/regiaonews.net.br\/2022\/#website"},"primaryImageOfPage":{"@id":"https:\/\/regiaonews.net.br\/2022\/2023\/09\/26\/cpfl-paulista-faz-alerta-contra-queimadas-nas-regioes-de-ribeirao-preto-e-franca\/#primaryimage"},"image":{"@id":"https:\/\/regiaonews.net.br\/2022\/2023\/09\/26\/cpfl-paulista-faz-alerta-contra-queimadas-nas-regioes-de-ribeirao-preto-e-franca\/#primaryimage"},"thumbnailUrl":"https:\/\/regiaonews.net.br\/2022\/wp-content\/uploads\/2023\/09\/image.png","datePublished":"2023-09-26T17:21:38+00:00","breadcrumb":{"@id":"https:\/\/regiaonews.net.br\/2022\/2023\/09\/26\/cpfl-paulista-faz-alerta-contra-queimadas-nas-regioes-de-ribeirao-preto-e-franca\/#breadcrumb"},"inLanguage":"pt-BR","potentialAction":[{"@type":"ReadAction","target":["https:\/\/regiaonews.net.br\/2022\/2023\/09\/26\/cpfl-paulista-faz-alerta-contra-queimadas-nas-regioes-de-ribeirao-preto-e-franca\/"]}]},{"@type":"ImageObject","inLanguage":"pt-BR","@id":"https:\/\/regiaonews.net.br\/2022\/2023\/09\/26\/cpfl-paulista-faz-alerta-contra-queimadas-nas-regioes-de-ribeirao-preto-e-franca\/#primaryimage","url":"https:\/\/regiaonews.net.br\/2022\/wp-content\/uploads\/2023\/09\/image.png","contentUrl":"https:\/\/regiaonews.net.br\/2022\/wp-content\/uploads\/2023\/09\/image.png","width":430,"height":294},{"@type":"BreadcrumbList","@id":"https:\/\/regiaonews.net.br\/2022\/2023\/09\/26\/cpfl-paulista-faz-alerta-contra-queimadas-nas-regioes-de-ribeirao-preto-e-franca\/#breadcrumb","itemListElement":[{"@type":"ListItem","position":1,"name":"In\u00edcio","item":"https:\/\/regiaonews.net.br\/2022\/"},{"@type":"ListItem","position":2,"name":"CPFL Paulista faz alerta contra\u00a0queimadas\u00a0nas\u00a0regi\u00f5es\u00a0de Ribeir\u00e3o\u00a0Preto\u00a0e Franca\u00a0"}]},{"@type":"WebSite","@id":"https:\/\/regiaonews.net.br\/2022\/#website","url":"https:\/\/regiaonews.net.br\/2022\/","name":"Regi\u00e3o News","description":"Site de Not\u00edcias de Barretos e regi\u00e3o","publisher":{"@id":"https:\/\/regiaonews.net.br\/2022\/#organization"},"potentialAction":[{"@type":"SearchAction","target":{"@type":"EntryPoint","urlTemplate":"https:\/\/regiaonews.net.br\/2022\/?s={search_term_string}"},"query-input":{"@type":"PropertyValueSpecification","valueRequired":true,"valueName":"search_term_string"}}],"inLanguage":"pt-BR"},{"@type":"Organization","@id":"https:\/\/regiaonews.net.br\/2022\/#organization","name":"Regi\u00e3o News","url":"https:\/\/regiaonews.net.br\/2022\/","logo":{"@type":"ImageObject","inLanguage":"pt-BR","@id":"https:\/\/regiaonews.net.br\/2022\/#\/schema\/logo\/image\/","url":"https:\/\/regiaonews.net.br\/2022\/wp-content\/uploads\/2026\/03\/regiao-13-anos-scaled.jpg","contentUrl":"https:\/\/regiaonews.net.br\/2022\/wp-content\/uploads\/2026\/03\/regiao-13-anos-scaled.jpg","width":2560,"height":635,"caption":"Regi\u00e3o News"},"image":{"@id":"https:\/\/regiaonews.net.br\/2022\/#\/schema\/logo\/image\/"}},{"@type":"Person","@id":"https:\/\/regiaonews.net.br\/2022\/#\/schema\/person\/2d205a608a5aa97ac279d7a5e6d89ad8","name":"Roberto","image":{"@type":"ImageObject","inLanguage":"pt-BR","@id":"https:\/\/secure.gravatar.com\/avatar\/42749d8b712ff9d59ca93dc150494e5b55a44134482993f5baeb97e61b7ecc89?s=96&d=mm&r=g","url":"https:\/\/secure.gravatar.com\/avatar\/42749d8b712ff9d59ca93dc150494e5b55a44134482993f5baeb97e61b7ecc89?s=96&d=mm&r=g","contentUrl":"https:\/\/secure.gravatar.com\/avatar\/42749d8b712ff9d59ca93dc150494e5b55a44134482993f5baeb97e61b7ecc89?s=96&d=mm&r=g","caption":"Roberto"},"url":"https:\/\/regiaonews.net.br\/2022\/author\/roberto\/"}]}},"publishpress_future_action":{"enabled":false,"date":"2026-05-04 19:34:10","action":"change-status","newStatus":"draft","terms":[],"taxonomy":"category","extraData":[]},"publishpress_future_workflow_manual_trigger":{"enabledWorkflows":[]},"_links":{"self":[{"href":"https:\/\/regiaonews.net.br\/2022\/wp-json\/wp\/v2\/posts\/95678","targetHints":{"allow":["GET"]}}],"collection":[{"href":"https:\/\/regiaonews.net.br\/2022\/wp-json\/wp\/v2\/posts"}],"about":[{"href":"https:\/\/regiaonews.net.br\/2022\/wp-json\/wp\/v2\/types\/post"}],"author":[{"embeddable":true,"href":"https:\/\/regiaonews.net.br\/2022\/wp-json\/wp\/v2\/users\/2"}],"replies":[{"embeddable":true,"href":"https:\/\/regiaonews.net.br\/2022\/wp-json\/wp\/v2\/comments?post=95678"}],"version-history":[{"count":1,"href":"https:\/\/regiaonews.net.br\/2022\/wp-json\/wp\/v2\/posts\/95678\/revisions"}],"predecessor-version":[{"id":95681,"href":"https:\/\/regiaonews.net.br\/2022\/wp-json\/wp\/v2\/posts\/95678\/revisions\/95681"}],"wp:featuredmedia":[{"embeddable":true,"href":"https:\/\/regiaonews.net.br\/2022\/wp-json\/wp\/v2\/media\/95680"}],"wp:attachment":[{"href":"https:\/\/regiaonews.net.br\/2022\/wp-json\/wp\/v2\/media?parent=95678"}],"wp:term":[{"taxonomy":"category","embeddable":true,"href":"https:\/\/regiaonews.net.br\/2022\/wp-json\/wp\/v2\/categories?post=95678"},{"taxonomy":"post_tag","embeddable":true,"href":"https:\/\/regiaonews.net.br\/2022\/wp-json\/wp\/v2\/tags?post=95678"}],"curies":[{"name":"wp","href":"https:\/\/api.w.org\/{rel}","templated":true}]}}